{"id":33957,"date":"2026-08-31T10:54:17","date_gmt":"2026-08-31T08:54:17","guid":{"rendered":"https:\/\/montecarloliving.com\/?p=33957"},"modified":"2026-08-26T11:58:43","modified_gmt":"2026-08-26T09:58:43","slug":"monaco-mairie-recrute-13-personnes-pour-les-fetes-de-fin-dannee-2026","status":"publish","type":"post","link":"https:\/\/montecarloliving.com\/fr\/actualite\/monaco-mairie-recrute-13-personnes-pour-les-fetes-de-fin-dannee-2026-33957\/","title":{"rendered":"Monaco: la Mairie recrute 13 personnes pour les f\u00eates de fin d\u2019ann\u00e9e 2026"},"content":{"rendered":"<p class=\"PDq2pG_selectionAnchorContainer\" data-start=\"246\" data-end=\"585\">\u00c0 l\u2019approche des f\u00eates de fin d\u2019ann\u00e9e, la <strong data-start=\"288\" data-end=\"308\">Mairie de Monaco<\/strong> pr\u00e9pare le programme d\u2019animations qui rythmera la Principaut\u00e9 de la fin novembre au d\u00e9but du mois de janvier. Pour renforcer les \u00e9quipes mobilis\u00e9es durant cette p\u00e9riode particuli\u00e8rement anim\u00e9e, le <strong data-start=\"506\" data-end=\"539\">Service Animation de la Ville<\/strong> lance une campagne de recrutement temporaire.<\/p>\n<p data-start=\"587\" data-end=\"946\">Au total, <strong data-start=\"597\" data-end=\"610\">13 postes<\/strong> sont \u00e0 pourvoir pour une p\u00e9riode allant du <strong data-start=\"654\" data-end=\"692\">22 novembre 2026 au 8 janvier 2027<\/strong>. Les personnes recrut\u00e9es participeront aux diff\u00e9rentes activit\u00e9s organis\u00e9es dans le cadre des festivit\u00e9s de fin d\u2019ann\u00e9e, notamment au traditionnel <strong data-start=\"840\" data-end=\"875\">Village de No\u00ebl du Port Hercule<\/strong>, l\u2019un des rendez-vous incontournables de la saison hivernale \u00e0 Monaco.<\/p>\n<h3 data-section-id=\"qvk52a\" data-start=\"948\" data-end=\"1002\">Treize postes \u00e0 pourvoir pour la p\u00e9riode des f\u00eates<\/h3>\n<p data-start=\"1004\" data-end=\"1232\">La campagne de recrutement concerne <strong data-start=\"1040\" data-end=\"1053\">13 postes<\/strong> correspondant \u00e0 diff\u00e9rents niveaux de responsabilit\u00e9. La Mairie recherche pr\u00e9cis\u00e9ment <strong data-start=\"1140\" data-end=\"1231\">2 Brigadiers des Surveillants, 2 Brigadiers Adjoints des Surveillants et 9 Surveillants<\/strong>.<\/p>\n<p data-start=\"1234\" data-end=\"1425\">Les candidats retenus int\u00e9greront les \u00e9quipes du Service Animation de la Ville et contribueront au bon d\u00e9roulement des activit\u00e9s et des manifestations organis\u00e9es pendant la p\u00e9riode des f\u00eates.<\/p>\n<p data-start=\"1427\" data-end=\"1684\">Leurs missions seront principalement li\u00e9es \u00e0 la surveillance et \u00e0 la gestion des espaces accueillant les manifestations publiques, avec une attention particuli\u00e8re port\u00e9e aux \u00e9v\u00e9nements susceptibles d&rsquo;attirer un nombre important de r\u00e9sidents et de visiteurs.<\/p>\n<h3 data-section-id=\"4osr5b\" data-start=\"1686\" data-end=\"1739\">Une mission du 22 novembre 2026 au 8 janvier 2027<\/h3>\n<p data-start=\"1741\" data-end=\"1966\">La p\u00e9riode d&#8217;emploi correspond \u00e0 l&rsquo;une des saisons les plus actives du calendrier \u00e9v\u00e9nementiel mon\u00e9gasque. Durant les f\u00eates, la Principaut\u00e9 propose de nombreuses animations destin\u00e9es aussi bien aux r\u00e9sidents qu&rsquo;aux visiteurs.<\/p>\n<p data-start=\"1968\" data-end=\"2061\">Les horaires de travail seront organis\u00e9s selon deux plages : <strong data-start=\"2029\" data-end=\"2060\">de 8h \u00e0 16h ou de 14h \u00e0 22h<\/strong>.<\/p>\n<p data-start=\"2063\" data-end=\"2297\">Une certaine disponibilit\u00e9 est donc n\u00e9cessaire, puisque les agents pourront \u00e9galement \u00eatre amen\u00e9s \u00e0 travailler <strong data-start=\"2174\" data-end=\"2224\">les samedis, les dimanches et les jours f\u00e9ri\u00e9s<\/strong>, en fonction des besoins du service et du calendrier des manifestations.<\/p>\n<h3 data-section-id=\"1mlq8kx\" data-start=\"2299\" data-end=\"2360\">Le Village de No\u00ebl du Port Hercule au c\u0153ur des festivit\u00e9s<\/h3>\n<p data-start=\"2362\" data-end=\"2527\">Parmi les principaux \u00e9v\u00e9nements concern\u00e9s figure le <strong data-start=\"2414\" data-end=\"2449\">Village de No\u00ebl du Port Hercule<\/strong>, qui constitue l&rsquo;un des temps forts des c\u00e9l\u00e9brations de fin d&rsquo;ann\u00e9e \u00e0 Monaco.<\/p>\n<p data-start=\"2529\" data-end=\"2845\">Pendant la p\u00e9riode des f\u00eates, le village transforme le port en un espace d\u00e9di\u00e9 aux familles, aux animations et aux activit\u00e9s de saison. La pr\u00e9sence des \u00e9quipes du Service Animation permet notamment d&rsquo;assurer la surveillance et le bon fonctionnement du site, particuli\u00e8rement lors des p\u00e9riodes de forte fr\u00e9quentation.<\/p>\n<p data-start=\"2847\" data-end=\"3039\">Pour les candidats, cette campagne repr\u00e9sente ainsi une opportunit\u00e9 de travailler \u00e0 Monaco durant l&rsquo;une des p\u00e9riodes les plus dynamiques de l&rsquo;ann\u00e9e, dans un environnement au contact du public.<\/p>\n<h3 data-section-id=\"25frzm\" data-start=\"3041\" data-end=\"3073\">Les conditions pour postuler<\/h3>\n<p data-start=\"3075\" data-end=\"3170\">Pour pouvoir pr\u00e9senter leur candidature, les candidats doivent \u00eatre <strong data-start=\"3143\" data-end=\"3169\">\u00e2g\u00e9s d&rsquo;au moins 21 ans<\/strong>.<\/p>\n<p data-start=\"3172\" data-end=\"3444\">Des conditions suppl\u00e9mentaires sont pr\u00e9vues pour les postes de <strong data-start=\"3235\" data-end=\"3248\">Brigadier<\/strong> et de <strong data-start=\"3255\" data-end=\"3276\">Brigadier Adjoint<\/strong>. Une <strong data-start=\"3282\" data-end=\"3331\">exp\u00e9rience dans le domaine de la surveillance<\/strong> est notamment demand\u00e9e, ainsi que des comp\u00e9tences permettant d&rsquo;encadrer une \u00e9quipe ou d&rsquo;assister un responsable.<\/p>\n<p data-start=\"3446\" data-end=\"3587\">Pour les postes de <strong data-start=\"3465\" data-end=\"3480\">Surveillant<\/strong>, les candidats doivent r\u00e9pondre aux conditions indiqu\u00e9es dans les avis de vacance de poste correspondants.<\/p>\n<p data-start=\"3589\" data-end=\"3743\">Il est donc recommand\u00e9 de consulter attentivement les annonces officielles afin de v\u00e9rifier l&rsquo;ensemble des crit\u00e8res requis avant d&rsquo;envoyer sa candidature.<\/p>\n<h3 data-section-id=\"vzd9lo\" data-start=\"3745\" data-end=\"3801\">Les candidatures sont ouvertes jusqu&rsquo;au 31 ao\u00fbt 2026<\/h3>\n<p data-start=\"3803\" data-end=\"3876\">La date limite pour d\u00e9poser sa candidature est fix\u00e9e au <strong data-start=\"3859\" data-end=\"3875\">31 ao\u00fbt 2026<\/strong>.<\/p>\n<p data-start=\"3878\" data-end=\"4042\">Les dossiers doivent \u00eatre envoy\u00e9s par courrier \u00e9lectronique \u00e0 l&rsquo;adresse <strong data-start=\"3950\" data-end=\"3982\"><a class=\"decorated-link cursor-pointer\" rel=\"noopener\" data-start=\"3952\" data-end=\"3980\">ressourceshumaines@mairie.mc<\/a><\/strong>, accompagn\u00e9s des documents demand\u00e9s pour le poste concern\u00e9.<\/p>\n<p data-start=\"4044\" data-end=\"4231\">Les avis officiels pr\u00e9cisant les <strong data-start=\"4077\" data-end=\"4166\">conditions de recrutement, les crit\u00e8res requis et les pi\u00e8ces justificatives \u00e0 fournir<\/strong> ont \u00e9t\u00e9 publi\u00e9s dans le <em data-start=\"4191\" data-end=\"4210\">Journal de Monaco<\/em> du <strong data-start=\"4214\" data-end=\"4230\">21 ao\u00fbt 2026<\/strong>.<\/p>\n<p data-start=\"4233\" data-end=\"4367\">L&rsquo;ensemble des informations officielles et les avis de vacance de poste sont disponibles sur le <span class=\"contents\" data-content-reference-start=\"4329\" data-content-reference-end=\"4385\"><span class=\"\" data-state=\"closed\"><a class=\"decorated-link\" href=\"https:\/\/journaldemonaco.gouv.mc\/?utm_source=chatgpt.com\" target=\"_blank\" rel=\"noopener\">Journal de Monaco<\/a>.<\/p>\n<h3 data-section-id=\"s03gzc\" data-start=\"4369\" data-end=\"4417\">Une opportunit\u00e9 d&#8217;emploi saisonnier \u00e0 Monaco<\/h3>\n<p data-start=\"4419\" data-end=\"4765\">Le recrutement de 13 agents souligne l&rsquo;importance de l&rsquo;organisation n\u00e9cessaire autour des <strong data-start=\"4509\" data-end=\"4557\">festivit\u00e9s de fin d&rsquo;ann\u00e9e 2026-2027 \u00e0 Monaco<\/strong>. La p\u00e9riode allant de la fin novembre au d\u00e9but janvier constitue traditionnellement un moment particuli\u00e8rement anim\u00e9 dans la Principaut\u00e9, avec de nombreux rendez-vous destin\u00e9s aux r\u00e9sidents et aux visiteurs.<\/p>\n<p data-start=\"4767\" data-end=\"5017\">Pour les personnes r\u00e9pondant aux crit\u00e8res et recherchant un <strong data-start=\"4827\" data-end=\"4857\">emploi temporaire \u00e0 Monaco<\/strong>, le recrutement du Service Animation de la Ville constitue une possibilit\u00e9 d&rsquo;int\u00e9grer les \u00e9quipes charg\u00e9es d&rsquo;accompagner le d\u00e9roulement des animations de No\u00ebl.<\/p>\n<p data-start=\"5019\" data-end=\"5103\" data-is-last-node=\"\" data-is-only-node=\"\"><strong data-start=\"5019\" data-end=\"5103\" data-is-last-node=\"\">Attention : les candidatures doivent \u00eatre envoy\u00e9es au plus tard le 31 ao\u00fbt 2026.<\/strong><\/p>\n","protected":false},"excerpt":{"rendered":"<p>\u00c0 l\u2019approche des f\u00eates de fin d\u2019ann\u00e9e, la Mairie de Monaco pr\u00e9pare le programme d\u2019animations qui rythmera la Principaut\u00e9 de la fin novembre au d\u00e9but du mois de janvier. Pour renforcer les \u00e9quipes mobilis\u00e9es durant cette p\u00e9riode particuli\u00e8rement anim\u00e9e, le Service Animation de la [&hellip;]<\/p>\n","protected":false},"author":1,"featured_media":33627,"comment_status":"closed","ping_status":"closed","sticky":false,"template":"","format":"standard","meta":{"footnotes":""},"categories":[827,875,872,867],"tags":[],"class_list":["post-33957","post","type-post","status-publish","format-standard","has-post-thumbnail","hentry","category-actualite","category-actualite-monaco","category-lifestyle-fr","category-monaco-fr"],"yoast_head":"<!-- This site is optimized with the Yoast SEO plugin v28.3 - https:\/\/yoast.com\/product\/yoast-seo-wordpress\/ -->\n<title>Monaco : la Mairie recrute 13 personnes pour les f\u00eates<\/title>\n<meta name=\"description\" content=\"Monaco : la Mairie recrute 13 personnes pour les f\u00eates de fin d\u2019ann\u00e9e 2026. Des emplois temporaires sont propos\u00e9s \u00e0 Monaco pour renforcer\" \/>\n<meta name=\"robots\" content=\"index, follow, max-snippet:-1, max-image-preview:large, max-video-preview:-1\" \/>\n<link rel=\"canonical\" href=\"https:\/\/montecarloliving.com\/fr\/actualite\/monaco-mairie-recrute-13-personnes-pour-les-fetes-de-fin-dannee-2026-33957\/\" \/>\n<meta property=\"og:locale\" content=\"fr_FR\" \/>\n<meta property=\"og:title\" content=\"Monaco : la Mairie recrute 13 personnes pour les f\u00eates\" \/>\n<meta property=\"og:description\" content=\"Monaco : la Mairie recrute 13 personnes pour les f\u00eates de fin d\u2019ann\u00e9e 2026. Des emplois temporaires sont propos\u00e9s \u00e0 Monaco pour renforcer\" \/>\n<meta property=\"og:url\" content=\"https:\/\/montecarloliving.com\/fr\/actualite\/monaco-mairie-recrute-13-personnes-pour-les-fetes-de-fin-dannee-2026-33957\/\" \/>\n<meta property=\"og:site_name\" content=\"Montecarlo Living\" \/>\n<meta property=\"article:publisher\" content=\"https:\/\/www.facebook.com\/montecarlolivingcom\/\" \/>\n<meta property=\"article:published_time\" content=\"2026-08-31T08:54:17+00:00\" \/>\n<meta property=\"og:image\" content=\"https:\/\/montecarloliving.com\/wp-content\/uploads\/2026\/08\/montecarlo-8-650x400.jpeg\" \/>\n\t<meta property=\"og:image:width\" content=\"650\" \/>\n\t<meta property=\"og:image:height\" content=\"400\" \/>\n\t<meta property=\"og:image:type\" content=\"image\/jpeg\" \/>\n<meta name=\"author\" content=\"Redazione\" \/>\n<meta name=\"twitter:card\" content=\"summary_large_image\" \/>\n<meta name=\"twitter:creator\" content=\"@MonteCarloLivi\" \/>\n<meta name=\"twitter:site\" content=\"@MonteCarloLivi\" \/>\n<meta name=\"twitter:label1\" content=\"\u00c9crit par\" \/>\n\t<meta name=\"twitter:data1\" content=\"Redazione\" \/>\n\t<meta name=\"twitter:label2\" content=\"Dur\u00e9e de lecture estim\u00e9e\" \/>\n\t<meta name=\"twitter:data2\" content=\"4 minutes\" \/>\n<script type=\"application\/ld+json\" class=\"yoast-schema-graph\">{\"@context\":\"https:\\\/\\\/schema.org\",\"@graph\":[{\"@type\":\"Article\",\"@id\":\"https:\\\/\\\/montecarloliving.com\\\/fr\\\/actualite\\\/monaco-mairie-recrute-13-personnes-pour-les-fetes-de-fin-dannee-2026-33957\\\/#article\",\"isPartOf\":{\"@id\":\"https:\\\/\\\/montecarloliving.com\\\/fr\\\/actualite\\\/monaco-mairie-recrute-13-personnes-pour-les-fetes-de-fin-dannee-2026-33957\\\/\"},\"author\":{\"name\":\"Redazione\",\"@id\":\"https:\\\/\\\/montecarloliving.com\\\/fr\\\/#\\\/schema\\\/person\\\/7e5945d4560862b7f2d2c6831bda2819\"},\"headline\":\"Monaco: la Mairie recrute 13 personnes pour les f\u00eates de fin d\u2019ann\u00e9e 2026\",\"datePublished\":\"2026-08-31T08:54:17+00:00\",\"mainEntityOfPage\":{\"@id\":\"https:\\\/\\\/montecarloliving.com\\\/fr\\\/actualite\\\/monaco-mairie-recrute-13-personnes-pour-les-fetes-de-fin-dannee-2026-33957\\\/\"},\"wordCount\":803,\"image\":{\"@id\":\"https:\\\/\\\/montecarloliving.com\\\/fr\\\/actualite\\\/monaco-mairie-recrute-13-personnes-pour-les-fetes-de-fin-dannee-2026-33957\\\/#primaryimage\"},\"thumbnailUrl\":\"https:\\\/\\\/montecarloliving.com\\\/wp-content\\\/uploads\\\/2026\\\/08\\\/montecarlo-8.jpeg\",\"articleSection\":[\"Actualit\u00e9\",\"Actualit\u00e9 \u00e0 Monaco\",\"Lifestyle\",\"Monaco\"],\"inLanguage\":\"fr-FR\"},{\"@type\":\"WebPage\",\"@id\":\"https:\\\/\\\/montecarloliving.com\\\/fr\\\/actualite\\\/monaco-mairie-recrute-13-personnes-pour-les-fetes-de-fin-dannee-2026-33957\\\/\",\"url\":\"https:\\\/\\\/montecarloliving.com\\\/fr\\\/actualite\\\/monaco-mairie-recrute-13-personnes-pour-les-fetes-de-fin-dannee-2026-33957\\\/\",\"name\":\"Monaco : la Mairie recrute 13 personnes pour les f\u00eates\",\"isPartOf\":{\"@id\":\"https:\\\/\\\/montecarloliving.com\\\/fr\\\/#website\"},\"primaryImageOfPage\":{\"@id\":\"https:\\\/\\\/montecarloliving.com\\\/fr\\\/actualite\\\/monaco-mairie-recrute-13-personnes-pour-les-fetes-de-fin-dannee-2026-33957\\\/#primaryimage\"},\"image\":{\"@id\":\"https:\\\/\\\/montecarloliving.com\\\/fr\\\/actualite\\\/monaco-mairie-recrute-13-personnes-pour-les-fetes-de-fin-dannee-2026-33957\\\/#primaryimage\"},\"thumbnailUrl\":\"https:\\\/\\\/montecarloliving.com\\\/wp-content\\\/uploads\\\/2026\\\/08\\\/montecarlo-8.jpeg\",\"datePublished\":\"2026-08-31T08:54:17+00:00\",\"author\":{\"@id\":\"https:\\\/\\\/montecarloliving.com\\\/fr\\\/#\\\/schema\\\/person\\\/7e5945d4560862b7f2d2c6831bda2819\"},\"description\":\"Monaco : la Mairie recrute 13 personnes pour les f\u00eates de fin d\u2019ann\u00e9e 2026. Des emplois temporaires sont propos\u00e9s \u00e0 Monaco pour renforcer\",\"breadcrumb\":{\"@id\":\"https:\\\/\\\/montecarloliving.com\\\/fr\\\/actualite\\\/monaco-mairie-recrute-13-personnes-pour-les-fetes-de-fin-dannee-2026-33957\\\/#breadcrumb\"},\"inLanguage\":\"fr-FR\",\"potentialAction\":[{\"@type\":\"ReadAction\",\"target\":[\"https:\\\/\\\/montecarloliving.com\\\/fr\\\/actualite\\\/monaco-mairie-recrute-13-personnes-pour-les-fetes-de-fin-dannee-2026-33957\\\/\"]}]},{\"@type\":\"ImageObject\",\"inLanguage\":\"fr-FR\",\"@id\":\"https:\\\/\\\/montecarloliving.com\\\/fr\\\/actualite\\\/monaco-mairie-recrute-13-personnes-pour-les-fetes-de-fin-dannee-2026-33957\\\/#primaryimage\",\"url\":\"https:\\\/\\\/montecarloliving.com\\\/wp-content\\\/uploads\\\/2026\\\/08\\\/montecarlo-8.jpeg\",\"contentUrl\":\"https:\\\/\\\/montecarloliving.com\\\/wp-content\\\/uploads\\\/2026\\\/08\\\/montecarlo-8.jpeg\",\"width\":1600,\"height\":1200},{\"@type\":\"BreadcrumbList\",\"@id\":\"https:\\\/\\\/montecarloliving.com\\\/fr\\\/actualite\\\/monaco-mairie-recrute-13-personnes-pour-les-fetes-de-fin-dannee-2026-33957\\\/#breadcrumb\",\"itemListElement\":[{\"@type\":\"ListItem\",\"position\":1,\"name\":\"Home\",\"item\":\"https:\\\/\\\/montecarloliving.com\\\/fr\\\/\"},{\"@type\":\"ListItem\",\"position\":2,\"name\":\"Monaco: la Mairie recrute 13 personnes pour les f\u00eates de fin d\u2019ann\u00e9e 2026\"}]},{\"@type\":\"WebSite\",\"@id\":\"https:\\\/\\\/montecarloliving.com\\\/fr\\\/#website\",\"url\":\"https:\\\/\\\/montecarloliving.com\\\/fr\\\/\",\"name\":\"Montecarlo Living\",\"description\":\"News da Montecarlo - Principato di Monaco e Costa Azzurra\",\"potentialAction\":[{\"@type\":\"SearchAction\",\"target\":{\"@type\":\"EntryPoint\",\"urlTemplate\":\"https:\\\/\\\/montecarloliving.com\\\/fr\\\/?s={search_term_string}\"},\"query-input\":{\"@type\":\"PropertyValueSpecification\",\"valueRequired\":true,\"valueName\":\"search_term_string\"}}],\"inLanguage\":\"fr-FR\"},{\"@type\":\"Person\",\"@id\":\"https:\\\/\\\/montecarloliving.com\\\/fr\\\/#\\\/schema\\\/person\\\/7e5945d4560862b7f2d2c6831bda2819\",\"name\":\"Redazione\",\"image\":{\"@type\":\"ImageObject\",\"inLanguage\":\"fr-FR\",\"@id\":\"https:\\\/\\\/secure.gravatar.com\\\/avatar\\\/8b5f26557e18fe74ad8e8a57ebb2925d88af8a90cee489ff2beefb391bc9b9c7?s=96&d=mm&r=g\",\"url\":\"https:\\\/\\\/secure.gravatar.com\\\/avatar\\\/8b5f26557e18fe74ad8e8a57ebb2925d88af8a90cee489ff2beefb391bc9b9c7?s=96&d=mm&r=g\",\"contentUrl\":\"https:\\\/\\\/secure.gravatar.com\\\/avatar\\\/8b5f26557e18fe74ad8e8a57ebb2925d88af8a90cee489ff2beefb391bc9b9c7?s=96&d=mm&r=g\",\"caption\":\"Redazione\"}}]}<\/script>\n<!-- \/ Yoast SEO plugin. -->","yoast_head_json":{"title":"Monaco : la Mairie recrute 13 personnes pour les f\u00eates","description":"Monaco : la Mairie recrute 13 personnes pour les f\u00eates de fin d\u2019ann\u00e9e 2026. Des emplois temporaires sont propos\u00e9s \u00e0 Monaco pour renforcer","robots":{"index":"index","follow":"follow","max-snippet":"max-snippet:-1","max-image-preview":"max-image-preview:large","max-video-preview":"max-video-preview:-1"},"canonical":"https:\/\/montecarloliving.com\/fr\/actualite\/monaco-mairie-recrute-13-personnes-pour-les-fetes-de-fin-dannee-2026-33957\/","og_locale":"fr_FR","og_title":"Monaco : la Mairie recrute 13 personnes pour les f\u00eates","og_description":"Monaco : la Mairie recrute 13 personnes pour les f\u00eates de fin d\u2019ann\u00e9e 2026. Des emplois temporaires sont propos\u00e9s \u00e0 Monaco pour renforcer","og_url":"https:\/\/montecarloliving.com\/fr\/actualite\/monaco-mairie-recrute-13-personnes-pour-les-fetes-de-fin-dannee-2026-33957\/","og_site_name":"Montecarlo Living","article_publisher":"https:\/\/www.facebook.com\/montecarlolivingcom\/","article_published_time":"2026-08-31T08:54:17+00:00","og_image":[{"width":650,"height":400,"url":"https:\/\/montecarloliving.com\/wp-content\/uploads\/2026\/08\/montecarlo-8-650x400.jpeg","type":"image\/jpeg"}],"author":"Redazione","twitter_card":"summary_large_image","twitter_creator":"@MonteCarloLivi","twitter_site":"@MonteCarloLivi","twitter_misc":{"\u00c9crit par":"Redazione","Dur\u00e9e de lecture estim\u00e9e":"4 minutes"},"schema":{"@context":"https:\/\/schema.org","@graph":[{"@type":"Article","@id":"https:\/\/montecarloliving.com\/fr\/actualite\/monaco-mairie-recrute-13-personnes-pour-les-fetes-de-fin-dannee-2026-33957\/#article","isPartOf":{"@id":"https:\/\/montecarloliving.com\/fr\/actualite\/monaco-mairie-recrute-13-personnes-pour-les-fetes-de-fin-dannee-2026-33957\/"},"author":{"name":"Redazione","@id":"https:\/\/montecarloliving.com\/fr\/#\/schema\/person\/7e5945d4560862b7f2d2c6831bda2819"},"headline":"Monaco: la Mairie recrute 13 personnes pour les f\u00eates de fin d\u2019ann\u00e9e 2026","datePublished":"2026-08-31T08:54:17+00:00","mainEntityOfPage":{"@id":"https:\/\/montecarloliving.com\/fr\/actualite\/monaco-mairie-recrute-13-personnes-pour-les-fetes-de-fin-dannee-2026-33957\/"},"wordCount":803,"image":{"@id":"https:\/\/montecarloliving.com\/fr\/actualite\/monaco-mairie-recrute-13-personnes-pour-les-fetes-de-fin-dannee-2026-33957\/#primaryimage"},"thumbnailUrl":"https:\/\/montecarloliving.com\/wp-content\/uploads\/2026\/08\/montecarlo-8.jpeg","articleSection":["Actualit\u00e9","Actualit\u00e9 \u00e0 Monaco","Lifestyle","Monaco"],"inLanguage":"fr-FR"},{"@type":"WebPage","@id":"https:\/\/montecarloliving.com\/fr\/actualite\/monaco-mairie-recrute-13-personnes-pour-les-fetes-de-fin-dannee-2026-33957\/","url":"https:\/\/montecarloliving.com\/fr\/actualite\/monaco-mairie-recrute-13-personnes-pour-les-fetes-de-fin-dannee-2026-33957\/","name":"Monaco : la Mairie recrute 13 personnes pour les f\u00eates","isPartOf":{"@id":"https:\/\/montecarloliving.com\/fr\/#website"},"primaryImageOfPage":{"@id":"https:\/\/montecarloliving.com\/fr\/actualite\/monaco-mairie-recrute-13-personnes-pour-les-fetes-de-fin-dannee-2026-33957\/#primaryimage"},"image":{"@id":"https:\/\/montecarloliving.com\/fr\/actualite\/monaco-mairie-recrute-13-personnes-pour-les-fetes-de-fin-dannee-2026-33957\/#primaryimage"},"thumbnailUrl":"https:\/\/montecarloliving.com\/wp-content\/uploads\/2026\/08\/montecarlo-8.jpeg","datePublished":"2026-08-31T08:54:17+00:00","author":{"@id":"https:\/\/montecarloliving.com\/fr\/#\/schema\/person\/7e5945d4560862b7f2d2c6831bda2819"},"description":"Monaco : la Mairie recrute 13 personnes pour les f\u00eates de fin d\u2019ann\u00e9e 2026. Des emplois temporaires sont propos\u00e9s \u00e0 Monaco pour renforcer","breadcrumb":{"@id":"https:\/\/montecarloliving.com\/fr\/actualite\/monaco-mairie-recrute-13-personnes-pour-les-fetes-de-fin-dannee-2026-33957\/#breadcrumb"},"inLanguage":"fr-FR","potentialAction":[{"@type":"ReadAction","target":["https:\/\/montecarloliving.com\/fr\/actualite\/monaco-mairie-recrute-13-personnes-pour-les-fetes-de-fin-dannee-2026-33957\/"]}]},{"@type":"ImageObject","inLanguage":"fr-FR","@id":"https:\/\/montecarloliving.com\/fr\/actualite\/monaco-mairie-recrute-13-personnes-pour-les-fetes-de-fin-dannee-2026-33957\/#primaryimage","url":"https:\/\/montecarloliving.com\/wp-content\/uploads\/2026\/08\/montecarlo-8.jpeg","contentUrl":"https:\/\/montecarloliving.com\/wp-content\/uploads\/2026\/08\/montecarlo-8.jpeg","width":1600,"height":1200},{"@type":"BreadcrumbList","@id":"https:\/\/montecarloliving.com\/fr\/actualite\/monaco-mairie-recrute-13-personnes-pour-les-fetes-de-fin-dannee-2026-33957\/#breadcrumb","itemListElement":[{"@type":"ListItem","position":1,"name":"Home","item":"https:\/\/montecarloliving.com\/fr\/"},{"@type":"ListItem","position":2,"name":"Monaco: la Mairie recrute 13 personnes pour les f\u00eates de fin d\u2019ann\u00e9e 2026"}]},{"@type":"WebSite","@id":"https:\/\/montecarloliving.com\/fr\/#website","url":"https:\/\/montecarloliving.com\/fr\/","name":"Montecarlo Living","description":"News da Montecarlo - Principato di Monaco e Costa Azzurra","potentialAction":[{"@type":"SearchAction","target":{"@type":"EntryPoint","urlTemplate":"https:\/\/montecarloliving.com\/fr\/?s={search_term_string}"},"query-input":{"@type":"PropertyValueSpecification","valueRequired":true,"valueName":"search_term_string"}}],"inLanguage":"fr-FR"},{"@type":"Person","@id":"https:\/\/montecarloliving.com\/fr\/#\/schema\/person\/7e5945d4560862b7f2d2c6831bda2819","name":"Redazione","image":{"@type":"ImageObject","inLanguage":"fr-FR","@id":"https:\/\/secure.gravatar.com\/avatar\/8b5f26557e18fe74ad8e8a57ebb2925d88af8a90cee489ff2beefb391bc9b9c7?s=96&d=mm&r=g","url":"https:\/\/secure.gravatar.com\/avatar\/8b5f26557e18fe74ad8e8a57ebb2925d88af8a90cee489ff2beefb391bc9b9c7?s=96&d=mm&r=g","contentUrl":"https:\/\/secure.gravatar.com\/avatar\/8b5f26557e18fe74ad8e8a57ebb2925d88af8a90cee489ff2beefb391bc9b9c7?s=96&d=mm&r=g","caption":"Redazione"}}]}},"_links":{"self":[{"href":"https:\/\/montecarloliving.com\/fr\/wp-json\/wp\/v2\/posts\/33957","targetHints":{"allow":["GET"]}}],"collection":[{"href":"https:\/\/montecarloliving.com\/fr\/wp-json\/wp\/v2\/posts"}],"about":[{"href":"https:\/\/montecarloliving.com\/fr\/wp-json\/wp\/v2\/types\/post"}],"author":[{"embeddable":true,"href":"https:\/\/montecarloliving.com\/fr\/wp-json\/wp\/v2\/users\/1"}],"replies":[{"embeddable":true,"href":"https:\/\/montecarloliving.com\/fr\/wp-json\/wp\/v2\/comments?post=33957"}],"version-history":[{"count":1,"href":"https:\/\/montecarloliving.com\/fr\/wp-json\/wp\/v2\/posts\/33957\/revisions"}],"predecessor-version":[{"id":33958,"href":"https:\/\/montecarloliving.com\/fr\/wp-json\/wp\/v2\/posts\/33957\/revisions\/33958"}],"wp:featuredmedia":[{"embeddable":true,"href":"https:\/\/montecarloliving.com\/fr\/wp-json\/wp\/v2\/media\/33627"}],"wp:attachment":[{"href":"https:\/\/montecarloliving.com\/fr\/wp-json\/wp\/v2\/media?parent=33957"}],"wp:term":[{"taxonomy":"category","embeddable":true,"href":"https:\/\/montecarloliving.com\/fr\/wp-json\/wp\/v2\/categories?post=33957"},{"taxonomy":"post_tag","embeddable":true,"href":"https:\/\/montecarloliving.com\/fr\/wp-json\/wp\/v2\/tags?post=33957"}],"curies":[{"name":"wp","href":"https:\/\/api.w.org\/{rel}","templated":true}]}}