{"id":33949,"date":"2026-08-31T09:31:19","date_gmt":"2026-08-31T07:31:19","guid":{"rendered":"https:\/\/montecarloliving.com\/?p=33949"},"modified":"2026-08-26T11:36:35","modified_gmt":"2026-08-26T09:36:35","slug":"edmond-de-rothschild-inaugure-son-nouveau-siege-monaco-maison-valentina-ouvre-ses-portes-condamine","status":"publish","type":"post","link":"https:\/\/montecarloliving.com\/fr\/actualite\/edmond-de-rothschild-inaugure-son-nouveau-siege-monaco-maison-valentina-ouvre-ses-portes-condamine-33949\/","title":{"rendered":"Edmond de Rothschild inaugure son nouveau si\u00e8ge \u00e0 Monaco: Maison Valentina ouvre ses portes \u00e0 La Condamine"},"content":{"rendered":"<div class=\"flex max-w-full flex-col gap-4 grow\">\n<div class=\"min-h-8 text-message relative flex w-full flex-col items-end gap-2 text-start break-words whitespace-normal outline-none keyboard-focused:focus-ring [.text-message+&amp;]:mt-1\" dir=\"auto\" tabindex=\"0\" data-message-author-role=\"assistant\" data-message-id=\"00cee761-f224-4bf9-8747-cc9008559cda\" data-message-model-slug=\"gpt-5-6\" data-turn-start-message=\"true\">\n<div class=\"flex w-full flex-col gap-1 empty:hidden\">\n<div class=\"markdown prose dark:prose-invert wrap-break-word w-full light markdown-new-styling\">\n<p class=\"PDq2pG_selectionAnchorContainer\" data-start=\"250\" data-end=\"659\"><strong data-start=\"250\" data-end=\"281\">Edmond de Rothschild Monaco<\/strong> a inaugur\u00e9 son nouveau si\u00e8ge dans la Principaut\u00e9, marquant une \u00e9tape importante dans l&rsquo;histoire de la banque priv\u00e9e \u00e0 Monaco. Le nouveau quartier g\u00e9n\u00e9ral est install\u00e9 \u00e0 <strong data-start=\"451\" data-end=\"471\">Maison Valentina<\/strong>, dans le quartier de <strong data-start=\"493\" data-end=\"509\">La Condamine<\/strong>, \u00e0 quelques pas de la Place d&rsquo;Armes. Cette inauguration intervient \u00e9galement \u00e0 l&rsquo;occasion des <strong data-start=\"604\" data-end=\"658\">40 ans de pr\u00e9sence d&rsquo;Edmond de Rothschild \u00e0 Monaco<\/strong>.<\/p>\n<p data-start=\"661\" data-end=\"997\">Op\u00e9rationnel depuis juillet 2026, le nouveau si\u00e8ge remplace les anciens bureaux situ\u00e9s \u00e0 Monte-Carlo. Ce d\u00e9m\u00e9nagement s&rsquo;inscrit \u00e9galement dans le cadre de la transformation plus large du secteur des <strong data-start=\"860\" data-end=\"878\">Thermes Marins<\/strong>, appel\u00e9 \u00e0 \u00e9voluer dans le cadre d&rsquo;un important projet de r\u00e9am\u00e9nagement port\u00e9 par Monte-Carlo Soci\u00e9t\u00e9 des Bains de Mer.<\/p>\n<h3 data-section-id=\"1vtlg0l\" data-start=\"999\" data-end=\"1070\">Maison Valentina, la nouvelle adresse d&rsquo;Edmond de Rothschild Monaco<\/h3>\n<p data-start=\"1072\" data-end=\"1245\">Con\u00e7u pour r\u00e9pondre aux besoins d&rsquo;une banque priv\u00e9e internationale, le nouveau b\u00e2timent s&rsquo;\u00e9tend sur <strong data-start=\"1172\" data-end=\"1186\">11 niveaux<\/strong> et offre une superficie d&rsquo;environ <strong data-start=\"1221\" data-end=\"1244\">5 300 m\u00e8tres carr\u00e9s<\/strong>.<\/p>\n<p data-start=\"1247\" data-end=\"1411\">Les locaux accueillent <strong data-start=\"1270\" data-end=\"1292\">270 collaborateurs<\/strong> et disposent de <strong data-start=\"1309\" data-end=\"1333\">16 salles de r\u00e9union<\/strong>, ainsi que d&rsquo;espaces d\u00e9di\u00e9s \u00e0 l&rsquo;accueil et aux rendez-vous avec la client\u00e8le.<\/p>\n<p data-start=\"1413\" data-end=\"1645\">L&rsquo;architecture de Maison Valentina revisite certains \u00e9l\u00e9ments du style <strong data-start=\"1484\" data-end=\"1500\">Belle \u00c9poque<\/strong> dans une interpr\u00e9tation contemporaine. Le b\u00e2timent associe ainsi le patrimoine architectural mon\u00e9gasque \u00e0 une approche moderne et fonctionnelle.<\/p>\n<p data-start=\"1647\" data-end=\"1888\">Le choix de La Condamine n&rsquo;est pas anodin. Quartier embl\u00e9matique et particuli\u00e8rement vivant de Monaco, il permet \u00e0 la banque de conserver une implantation centrale et facilement accessible, tout en renfor\u00e7ant son ancrage dans la Principaut\u00e9.<\/p>\n<h3 data-section-id=\"1evoi5i\" data-start=\"1890\" data-end=\"1927\">Quarante ans de pr\u00e9sence \u00e0 Monaco<\/h3>\n<p data-start=\"1929\" data-end=\"2111\">L&rsquo;inauguration du nouveau si\u00e8ge intervient \u00e0 une date particuli\u00e8rement symbolique pour Edmond de Rothschild : <strong data-start=\"2039\" data-end=\"2110\">2026 marque les 40 ans de pr\u00e9sence de la banque dans la Principaut\u00e9<\/strong>.<\/p>\n<p data-start=\"2113\" data-end=\"2294\">En quatre d\u00e9cennies, le groupe a d\u00e9velopp\u00e9 \u00e0 Monaco une pr\u00e9sence stable et profond\u00e9ment ancr\u00e9e dans le tissu \u00e9conomique local, tout en conservant une forte dimension internationale.<\/p>\n<p data-start=\"2296\" data-end=\"2501\">Cette implantation est notamment illustr\u00e9e par la composition de sa client\u00e8le : <strong data-start=\"2376\" data-end=\"2433\">plus de 60 % des clients r\u00e9sident dans la Principaut\u00e9<\/strong>, tandis que la banque poursuit son d\u00e9veloppement \u00e0 l&rsquo;international.<\/p>\n<p data-start=\"2503\" data-end=\"2795\">Pour <strong data-start=\"2508\" data-end=\"2527\">G\u00e9rard Ohresser<\/strong>, CEO d&rsquo;Edmond de Rothschild Monaco, la recherche du nouveau si\u00e8ge a repr\u00e9sent\u00e9 un v\u00e9ritable d\u00e9fi. Le r\u00e9sultat est aujourd&rsquo;hui \u00e0 la hauteur des ambitions du groupe, avec un b\u00e2timent con\u00e7u pour accompagner son d\u00e9veloppement et renforcer les relations avec sa client\u00e8le.<\/p>\n<p data-start=\"2797\" data-end=\"2996\">Le nouveau si\u00e8ge n&rsquo;est donc pas seulement un lieu de travail. Il a \u00e9galement \u00e9t\u00e9 pens\u00e9 comme un espace de rencontre destin\u00e9 aux clients, aux partenaires et aux diff\u00e9rents interlocuteurs de la banque.<\/p>\n<h3 data-section-id=\"17vxcgs\" data-start=\"2998\" data-end=\"3051\">Un groupe international tourn\u00e9 vers le long terme<\/h3>\n<p data-start=\"3053\" data-end=\"3239\">Edmond de Rothschild compte aujourd&rsquo;hui <strong data-start=\"3093\" data-end=\"3125\">plus de 2 600 collaborateurs<\/strong> \u00e0 travers le monde et d\u00e9veloppe plusieurs activit\u00e9s, notamment dans la gestion de patrimoine et l&rsquo;investissement.<\/p>\n<p data-start=\"3241\" data-end=\"3543\">La philosophie du groupe repose sur une vision de long terme et sur une approche qui d\u00e9passe le cadre traditionnel des services financiers. \u00c0 c\u00f4t\u00e9 de ses activit\u00e9s bancaires, Edmond de Rothschild est \u00e9galement pr\u00e9sent dans des domaines li\u00e9s \u00e0 la culture, au patrimoine et \u00e0 l&rsquo;<strong data-start=\"3517\" data-end=\"3542\">art de vivre europ\u00e9en<\/strong>.<\/p>\n<p data-start=\"3545\" data-end=\"3834\">Parmi ses activit\u00e9s moins connues figurent notamment ses participations dans le secteur viticole. La famille et le groupe Edmond de Rothschild sont associ\u00e9s \u00e0 plusieurs <strong data-start=\"3714\" data-end=\"3748\">domaines viticoles prestigieux<\/strong> situ\u00e9s en France, en Espagne, en Afrique du Sud, en Nouvelle-Z\u00e9lande et en Argentine.<\/p>\n<p data-start=\"3836\" data-end=\"3955\">Cette relation avec l&rsquo;univers du vin et de l&rsquo;hospitalit\u00e9 trouve \u00e9galement sa place au sein du nouveau si\u00e8ge mon\u00e9gasque.<\/p>\n<h3 data-section-id=\"1pgta3j\" data-start=\"3957\" data-end=\"3993\">Une cave d\u00e9di\u00e9e aux d\u00e9gustations<\/h3>\n<p data-start=\"3995\" data-end=\"4112\">L&rsquo;un des \u00e9l\u00e9ments remarquables de Maison Valentina est la pr\u00e9sence d&rsquo;une \u00e9l\u00e9gante <strong data-start=\"4077\" data-end=\"4111\">cave destin\u00e9e aux d\u00e9gustations<\/strong>.<\/p>\n<p data-start=\"4114\" data-end=\"4362\">Cet espace a \u00e9t\u00e9 imagin\u00e9 pour accueillir des rencontres avec les clients dans un cadre \u00e0 la fois raffin\u00e9 et convivial. Le vin devient ainsi un \u00e9l\u00e9ment de l&rsquo;exp\u00e9rience propos\u00e9e par la banque et un support privil\u00e9gi\u00e9 pour cr\u00e9er des moments d&rsquo;\u00e9change.<\/p>\n<p data-start=\"4364\" data-end=\"4679\">Cette initiative refl\u00e8te une conception de la banque priv\u00e9e dans laquelle la relation personnelle occupe une place essentielle. Il ne s&rsquo;agit pas uniquement de proposer des solutions de gestion patrimoniale, mais \u00e9galement de cr\u00e9er des occasions de rencontre autour de la culture, de la gastronomie et du patrimoine.<\/p>\n<p data-start=\"4681\" data-end=\"4936\">Cette philosophie se retrouve \u00e9galement dans le lien du groupe avec la tradition fromag\u00e8re fran\u00e7aise \u00e0 travers le <strong data-start=\"4795\" data-end=\"4839\">Brie de Meaux \u00ab Le Baron de Rothschild \u00bb<\/strong>, autre illustration de son int\u00e9r\u00eat pour les savoir-faire et les produits d&rsquo;excellence europ\u00e9ens.<\/p>\n<h3 data-section-id=\"8v1prb\" data-start=\"4938\" data-end=\"4974\">Finance, culture et art de vivre<\/h3>\n<p data-start=\"4976\" data-end=\"5113\">Le nouveau si\u00e8ge d&rsquo;Edmond de Rothschild \u00e0 Monaco traduit ainsi une philosophie qui cherche \u00e0 r\u00e9unir <strong data-start=\"5076\" data-end=\"5112\">finance, culture et art de vivre<\/strong>.<\/p>\n<p data-start=\"5115\" data-end=\"5305\">L&rsquo;objectif est de cr\u00e9er un environnement dans lequel la relation avec les clients d\u00e9passe le cadre traditionnel du conseil patrimonial pour s&rsquo;enrichir d&rsquo;exp\u00e9riences et de moments de partage.<\/p>\n<p data-start=\"5307\" data-end=\"5626\">Maison Valentina devient ainsi bien davantage qu&rsquo;un simple immeuble de bureaux. Le b\u00e2timent incarne la vision du groupe : un espace contemporain profond\u00e9ment attach\u00e9 \u00e0 la tradition, combinant l&rsquo;efficacit\u00e9 d&rsquo;un si\u00e8ge international avec une atmosph\u00e8re plus personnelle et repr\u00e9sentative de l&rsquo;univers Edmond de Rothschild.<\/p>\n<h3 data-section-id=\"1gewgaf\" data-start=\"5628\" data-end=\"5686\">Un nouveau chapitre pour Edmond de Rothschild \u00e0 Monaco<\/h3>\n<p data-start=\"5688\" data-end=\"5952\">L&rsquo;ouverture du nouveau si\u00e8ge de La Condamine intervient alors que la Principaut\u00e9 conna\u00eet une importante p\u00e9riode de transformation, notamment dans le secteur de Monte-Carlo, o\u00f9 plusieurs projets immobiliers et urbains participent \u00e0 redessiner le paysage mon\u00e9gasque.<\/p>\n<p data-start=\"5954\" data-end=\"6160\">Pour Edmond de Rothschild, le transfert vers Maison Valentina constitue avant tout un <strong data-start=\"6040\" data-end=\"6072\">investissement dans l&rsquo;avenir<\/strong> et confirme l&rsquo;importance strat\u00e9gique de <strong data-start=\"6113\" data-end=\"6123\">Monaco<\/strong> au sein de son r\u00e9seau international.<\/p>\n<p data-start=\"6162\" data-end=\"6392\"><strong data-start=\"6162\" data-end=\"6221\">Quarante ans apr\u00e8s son implantation dans la Principaut\u00e9<\/strong>, la banque ouvre ainsi une nouvelle page de son histoire avec un si\u00e8ge plus vaste, contemporain et con\u00e7u pour accompagner ses activit\u00e9s au cours des prochaines d\u00e9cennies.<\/p>\n<p data-start=\"6394\" data-end=\"6692\" data-is-last-node=\"\" data-is-only-node=\"\">\u00c0 La Condamine, Maison Valentina devient donc le nouveau point de r\u00e9f\u00e9rence d&rsquo;Edmond de Rothschild Monaco, dans un cadre o\u00f9 l&rsquo;h\u00e9ritage de la famille Rothschild rencontre l&rsquo;architecture contemporaine, la gestion de patrimoine et cette culture de l&rsquo;hospitalit\u00e9 qui continue de caract\u00e9riser le groupe.<\/p>\n<\/div>\n<\/div>\n<\/div>\n<\/div>\n<div class=\"z-0 flex min-h-[46px] justify-start\"><\/div>\n<div class=\"pointer-events-none -mb-px h-px w-full opacity-0\" aria-hidden=\"true\"><\/div>\n","protected":false},"excerpt":{"rendered":"<p>Edmond de Rothschild Monaco a inaugur\u00e9 son nouveau si\u00e8ge dans la Principaut\u00e9, marquant une \u00e9tape importante dans l&rsquo;histoire de la banque priv\u00e9e \u00e0 Monaco. Le nouveau quartier g\u00e9n\u00e9ral est install\u00e9 \u00e0 Maison Valentina, dans le quartier de La Condamine, \u00e0 quelques pas de la [&hellip;]<\/p>\n","protected":false},"author":1,"featured_media":33945,"comment_status":"closed","ping_status":"closed","sticky":false,"template":"","format":"standard","meta":{"footnotes":""},"categories":[827,875,872,867],"tags":[],"class_list":["post-33949","post","type-post","status-publish","format-standard","has-post-thumbnail","hentry","category-actualite","category-actualite-monaco","category-lifestyle-fr","category-monaco-fr"],"yoast_head":"<!-- This site is optimized with the Yoast SEO plugin v28.3 - https:\/\/yoast.com\/product\/yoast-seo-wordpress\/ -->\n<title>Edmond de Rothschild inaugure son nouveau si\u00e8ge \u00e0 Monaco<\/title>\n<meta name=\"description\" content=\"Edmond de Rothschild inaugure son nouveau si\u00e8ge \u00e0 Monaco : Maison Valentina ouvre ses portes \u00e0 La Condamine\" \/>\n<meta name=\"robots\" content=\"index, follow, max-snippet:-1, max-image-preview:large, max-video-preview:-1\" \/>\n<link rel=\"canonical\" href=\"https:\/\/montecarloliving.com\/fr\/actualite\/edmond-de-rothschild-inaugure-son-nouveau-siege-monaco-maison-valentina-ouvre-ses-portes-condamine-33949\/\" \/>\n<meta property=\"og:locale\" content=\"fr_FR\" \/>\n<meta property=\"og:title\" content=\"Edmond de Rothschild inaugure son nouveau si\u00e8ge \u00e0 Monaco\" \/>\n<meta property=\"og:description\" content=\"Edmond de Rothschild inaugure son nouveau si\u00e8ge \u00e0 Monaco : Maison Valentina ouvre ses portes \u00e0 La Condamine\" \/>\n<meta property=\"og:url\" content=\"https:\/\/montecarloliving.com\/fr\/actualite\/edmond-de-rothschild-inaugure-son-nouveau-siege-monaco-maison-valentina-ouvre-ses-portes-condamine-33949\/\" \/>\n<meta property=\"og:site_name\" content=\"Montecarlo Living\" \/>\n<meta property=\"article:publisher\" content=\"https:\/\/www.facebook.com\/montecarlolivingcom\/\" \/>\n<meta property=\"article:published_time\" content=\"2026-08-31T07:31:19+00:00\" \/>\n<meta property=\"og:image\" content=\"https:\/\/montecarloliving.com\/wp-content\/uploads\/2026\/08\/7db576d3528f0a3ddd6adbf2abbd5ad8-650x400.webp\" \/>\n\t<meta property=\"og:image:width\" content=\"650\" \/>\n\t<meta property=\"og:image:height\" content=\"400\" \/>\n\t<meta property=\"og:image:type\" content=\"image\/webp\" \/>\n<meta name=\"author\" content=\"Redazione\" \/>\n<meta name=\"twitter:card\" content=\"summary_large_image\" \/>\n<meta name=\"twitter:creator\" content=\"@MonteCarloLivi\" \/>\n<meta name=\"twitter:site\" content=\"@MonteCarloLivi\" \/>\n<meta name=\"twitter:label1\" content=\"\u00c9crit par\" \/>\n\t<meta name=\"twitter:data1\" content=\"Redazione\" \/>\n<script type=\"application\/ld+json\" class=\"yoast-schema-graph\">{\"@context\":\"https:\\\/\\\/schema.org\",\"@graph\":[{\"@type\":\"Article\",\"@id\":\"https:\\\/\\\/montecarloliving.com\\\/fr\\\/actualite\\\/edmond-de-rothschild-inaugure-son-nouveau-siege-monaco-maison-valentina-ouvre-ses-portes-condamine-33949\\\/#article\",\"isPartOf\":{\"@id\":\"https:\\\/\\\/montecarloliving.com\\\/fr\\\/actualite\\\/edmond-de-rothschild-inaugure-son-nouveau-siege-monaco-maison-valentina-ouvre-ses-portes-condamine-33949\\\/\"},\"author\":{\"name\":\"Redazione\",\"@id\":\"https:\\\/\\\/montecarloliving.com\\\/fr\\\/#\\\/schema\\\/person\\\/7e5945d4560862b7f2d2c6831bda2819\"},\"headline\":\"Edmond de Rothschild inaugure son nouveau si\u00e8ge \u00e0 Monaco: Maison Valentina ouvre ses portes \u00e0 La Condamine\",\"datePublished\":\"2026-08-31T07:31:19+00:00\",\"mainEntityOfPage\":{\"@id\":\"https:\\\/\\\/montecarloliving.com\\\/fr\\\/actualite\\\/edmond-de-rothschild-inaugure-son-nouveau-siege-monaco-maison-valentina-ouvre-ses-portes-condamine-33949\\\/\"},\"wordCount\":1081,\"image\":{\"@id\":\"https:\\\/\\\/montecarloliving.com\\\/fr\\\/actualite\\\/edmond-de-rothschild-inaugure-son-nouveau-siege-monaco-maison-valentina-ouvre-ses-portes-condamine-33949\\\/#primaryimage\"},\"thumbnailUrl\":\"https:\\\/\\\/montecarloliving.com\\\/wp-content\\\/uploads\\\/2026\\\/08\\\/7db576d3528f0a3ddd6adbf2abbd5ad8.webp\",\"articleSection\":[\"Actualit\u00e9\",\"Actualit\u00e9 \u00e0 Monaco\",\"Lifestyle\",\"Monaco\"],\"inLanguage\":\"fr-FR\"},{\"@type\":\"WebPage\",\"@id\":\"https:\\\/\\\/montecarloliving.com\\\/fr\\\/actualite\\\/edmond-de-rothschild-inaugure-son-nouveau-siege-monaco-maison-valentina-ouvre-ses-portes-condamine-33949\\\/\",\"url\":\"https:\\\/\\\/montecarloliving.com\\\/fr\\\/actualite\\\/edmond-de-rothschild-inaugure-son-nouveau-siege-monaco-maison-valentina-ouvre-ses-portes-condamine-33949\\\/\",\"name\":\"Edmond de Rothschild inaugure son nouveau si\u00e8ge \u00e0 Monaco\",\"isPartOf\":{\"@id\":\"https:\\\/\\\/montecarloliving.com\\\/fr\\\/#website\"},\"primaryImageOfPage\":{\"@id\":\"https:\\\/\\\/montecarloliving.com\\\/fr\\\/actualite\\\/edmond-de-rothschild-inaugure-son-nouveau-siege-monaco-maison-valentina-ouvre-ses-portes-condamine-33949\\\/#primaryimage\"},\"image\":{\"@id\":\"https:\\\/\\\/montecarloliving.com\\\/fr\\\/actualite\\\/edmond-de-rothschild-inaugure-son-nouveau-siege-monaco-maison-valentina-ouvre-ses-portes-condamine-33949\\\/#primaryimage\"},\"thumbnailUrl\":\"https:\\\/\\\/montecarloliving.com\\\/wp-content\\\/uploads\\\/2026\\\/08\\\/7db576d3528f0a3ddd6adbf2abbd5ad8.webp\",\"datePublished\":\"2026-08-31T07:31:19+00:00\",\"author\":{\"@id\":\"https:\\\/\\\/montecarloliving.com\\\/fr\\\/#\\\/schema\\\/person\\\/7e5945d4560862b7f2d2c6831bda2819\"},\"description\":\"Edmond de Rothschild inaugure son nouveau si\u00e8ge \u00e0 Monaco : Maison Valentina ouvre ses portes \u00e0 La Condamine\",\"breadcrumb\":{\"@id\":\"https:\\\/\\\/montecarloliving.com\\\/fr\\\/actualite\\\/edmond-de-rothschild-inaugure-son-nouveau-siege-monaco-maison-valentina-ouvre-ses-portes-condamine-33949\\\/#breadcrumb\"},\"inLanguage\":\"fr-FR\",\"potentialAction\":[{\"@type\":\"ReadAction\",\"target\":[\"https:\\\/\\\/montecarloliving.com\\\/fr\\\/actualite\\\/edmond-de-rothschild-inaugure-son-nouveau-siege-monaco-maison-valentina-ouvre-ses-portes-condamine-33949\\\/\"]}]},{\"@type\":\"ImageObject\",\"inLanguage\":\"fr-FR\",\"@id\":\"https:\\\/\\\/montecarloliving.com\\\/fr\\\/actualite\\\/edmond-de-rothschild-inaugure-son-nouveau-siege-monaco-maison-valentina-ouvre-ses-portes-condamine-33949\\\/#primaryimage\",\"url\":\"https:\\\/\\\/montecarloliving.com\\\/wp-content\\\/uploads\\\/2026\\\/08\\\/7db576d3528f0a3ddd6adbf2abbd5ad8.webp\",\"contentUrl\":\"https:\\\/\\\/montecarloliving.com\\\/wp-content\\\/uploads\\\/2026\\\/08\\\/7db576d3528f0a3ddd6adbf2abbd5ad8.webp\",\"width\":1500,\"height\":1000},{\"@type\":\"BreadcrumbList\",\"@id\":\"https:\\\/\\\/montecarloliving.com\\\/fr\\\/actualite\\\/edmond-de-rothschild-inaugure-son-nouveau-siege-monaco-maison-valentina-ouvre-ses-portes-condamine-33949\\\/#breadcrumb\",\"itemListElement\":[{\"@type\":\"ListItem\",\"position\":1,\"name\":\"Home\",\"item\":\"https:\\\/\\\/montecarloliving.com\\\/fr\\\/\"},{\"@type\":\"ListItem\",\"position\":2,\"name\":\"Edmond de Rothschild inaugure son nouveau si\u00e8ge \u00e0 Monaco: Maison Valentina ouvre ses portes \u00e0 La Condamine\"}]},{\"@type\":\"WebSite\",\"@id\":\"https:\\\/\\\/montecarloliving.com\\\/fr\\\/#website\",\"url\":\"https:\\\/\\\/montecarloliving.com\\\/fr\\\/\",\"name\":\"Montecarlo Living\",\"description\":\"News da Montecarlo - Principato di Monaco e Costa Azzurra\",\"potentialAction\":[{\"@type\":\"SearchAction\",\"target\":{\"@type\":\"EntryPoint\",\"urlTemplate\":\"https:\\\/\\\/montecarloliving.com\\\/fr\\\/?s={search_term_string}\"},\"query-input\":{\"@type\":\"PropertyValueSpecification\",\"valueRequired\":true,\"valueName\":\"search_term_string\"}}],\"inLanguage\":\"fr-FR\"},{\"@type\":\"Person\",\"@id\":\"https:\\\/\\\/montecarloliving.com\\\/fr\\\/#\\\/schema\\\/person\\\/7e5945d4560862b7f2d2c6831bda2819\",\"name\":\"Redazione\",\"image\":{\"@type\":\"ImageObject\",\"inLanguage\":\"fr-FR\",\"@id\":\"https:\\\/\\\/secure.gravatar.com\\\/avatar\\\/8b5f26557e18fe74ad8e8a57ebb2925d88af8a90cee489ff2beefb391bc9b9c7?s=96&d=mm&r=g\",\"url\":\"https:\\\/\\\/secure.gravatar.com\\\/avatar\\\/8b5f26557e18fe74ad8e8a57ebb2925d88af8a90cee489ff2beefb391bc9b9c7?s=96&d=mm&r=g\",\"contentUrl\":\"https:\\\/\\\/secure.gravatar.com\\\/avatar\\\/8b5f26557e18fe74ad8e8a57ebb2925d88af8a90cee489ff2beefb391bc9b9c7?s=96&d=mm&r=g\",\"caption\":\"Redazione\"}}]}<\/script>\n<!-- \/ Yoast SEO plugin. -->","yoast_head_json":{"title":"Edmond de Rothschild inaugure son nouveau si\u00e8ge \u00e0 Monaco","description":"Edmond de Rothschild inaugure son nouveau si\u00e8ge \u00e0 Monaco : Maison Valentina ouvre ses portes \u00e0 La Condamine","robots":{"index":"index","follow":"follow","max-snippet":"max-snippet:-1","max-image-preview":"max-image-preview:large","max-video-preview":"max-video-preview:-1"},"canonical":"https:\/\/montecarloliving.com\/fr\/actualite\/edmond-de-rothschild-inaugure-son-nouveau-siege-monaco-maison-valentina-ouvre-ses-portes-condamine-33949\/","og_locale":"fr_FR","og_title":"Edmond de Rothschild inaugure son nouveau si\u00e8ge \u00e0 Monaco","og_description":"Edmond de Rothschild inaugure son nouveau si\u00e8ge \u00e0 Monaco : Maison Valentina ouvre ses portes \u00e0 La Condamine","og_url":"https:\/\/montecarloliving.com\/fr\/actualite\/edmond-de-rothschild-inaugure-son-nouveau-siege-monaco-maison-valentina-ouvre-ses-portes-condamine-33949\/","og_site_name":"Montecarlo Living","article_publisher":"https:\/\/www.facebook.com\/montecarlolivingcom\/","article_published_time":"2026-08-31T07:31:19+00:00","og_image":[{"width":650,"height":400,"url":"https:\/\/montecarloliving.com\/wp-content\/uploads\/2026\/08\/7db576d3528f0a3ddd6adbf2abbd5ad8-650x400.webp","type":"image\/webp"}],"author":"Redazione","twitter_card":"summary_large_image","twitter_creator":"@MonteCarloLivi","twitter_site":"@MonteCarloLivi","twitter_misc":{"\u00c9crit par":"Redazione"},"schema":{"@context":"https:\/\/schema.org","@graph":[{"@type":"Article","@id":"https:\/\/montecarloliving.com\/fr\/actualite\/edmond-de-rothschild-inaugure-son-nouveau-siege-monaco-maison-valentina-ouvre-ses-portes-condamine-33949\/#article","isPartOf":{"@id":"https:\/\/montecarloliving.com\/fr\/actualite\/edmond-de-rothschild-inaugure-son-nouveau-siege-monaco-maison-valentina-ouvre-ses-portes-condamine-33949\/"},"author":{"name":"Redazione","@id":"https:\/\/montecarloliving.com\/fr\/#\/schema\/person\/7e5945d4560862b7f2d2c6831bda2819"},"headline":"Edmond de Rothschild inaugure son nouveau si\u00e8ge \u00e0 Monaco: Maison Valentina ouvre ses portes \u00e0 La Condamine","datePublished":"2026-08-31T07:31:19+00:00","mainEntityOfPage":{"@id":"https:\/\/montecarloliving.com\/fr\/actualite\/edmond-de-rothschild-inaugure-son-nouveau-siege-monaco-maison-valentina-ouvre-ses-portes-condamine-33949\/"},"wordCount":1081,"image":{"@id":"https:\/\/montecarloliving.com\/fr\/actualite\/edmond-de-rothschild-inaugure-son-nouveau-siege-monaco-maison-valentina-ouvre-ses-portes-condamine-33949\/#primaryimage"},"thumbnailUrl":"https:\/\/montecarloliving.com\/wp-content\/uploads\/2026\/08\/7db576d3528f0a3ddd6adbf2abbd5ad8.webp","articleSection":["Actualit\u00e9","Actualit\u00e9 \u00e0 Monaco","Lifestyle","Monaco"],"inLanguage":"fr-FR"},{"@type":"WebPage","@id":"https:\/\/montecarloliving.com\/fr\/actualite\/edmond-de-rothschild-inaugure-son-nouveau-siege-monaco-maison-valentina-ouvre-ses-portes-condamine-33949\/","url":"https:\/\/montecarloliving.com\/fr\/actualite\/edmond-de-rothschild-inaugure-son-nouveau-siege-monaco-maison-valentina-ouvre-ses-portes-condamine-33949\/","name":"Edmond de Rothschild inaugure son nouveau si\u00e8ge \u00e0 Monaco","isPartOf":{"@id":"https:\/\/montecarloliving.com\/fr\/#website"},"primaryImageOfPage":{"@id":"https:\/\/montecarloliving.com\/fr\/actualite\/edmond-de-rothschild-inaugure-son-nouveau-siege-monaco-maison-valentina-ouvre-ses-portes-condamine-33949\/#primaryimage"},"image":{"@id":"https:\/\/montecarloliving.com\/fr\/actualite\/edmond-de-rothschild-inaugure-son-nouveau-siege-monaco-maison-valentina-ouvre-ses-portes-condamine-33949\/#primaryimage"},"thumbnailUrl":"https:\/\/montecarloliving.com\/wp-content\/uploads\/2026\/08\/7db576d3528f0a3ddd6adbf2abbd5ad8.webp","datePublished":"2026-08-31T07:31:19+00:00","author":{"@id":"https:\/\/montecarloliving.com\/fr\/#\/schema\/person\/7e5945d4560862b7f2d2c6831bda2819"},"description":"Edmond de Rothschild inaugure son nouveau si\u00e8ge \u00e0 Monaco : Maison Valentina ouvre ses portes \u00e0 La Condamine","breadcrumb":{"@id":"https:\/\/montecarloliving.com\/fr\/actualite\/edmond-de-rothschild-inaugure-son-nouveau-siege-monaco-maison-valentina-ouvre-ses-portes-condamine-33949\/#breadcrumb"},"inLanguage":"fr-FR","potentialAction":[{"@type":"ReadAction","target":["https:\/\/montecarloliving.com\/fr\/actualite\/edmond-de-rothschild-inaugure-son-nouveau-siege-monaco-maison-valentina-ouvre-ses-portes-condamine-33949\/"]}]},{"@type":"ImageObject","inLanguage":"fr-FR","@id":"https:\/\/montecarloliving.com\/fr\/actualite\/edmond-de-rothschild-inaugure-son-nouveau-siege-monaco-maison-valentina-ouvre-ses-portes-condamine-33949\/#primaryimage","url":"https:\/\/montecarloliving.com\/wp-content\/uploads\/2026\/08\/7db576d3528f0a3ddd6adbf2abbd5ad8.webp","contentUrl":"https:\/\/montecarloliving.com\/wp-content\/uploads\/2026\/08\/7db576d3528f0a3ddd6adbf2abbd5ad8.webp","width":1500,"height":1000},{"@type":"BreadcrumbList","@id":"https:\/\/montecarloliving.com\/fr\/actualite\/edmond-de-rothschild-inaugure-son-nouveau-siege-monaco-maison-valentina-ouvre-ses-portes-condamine-33949\/#breadcrumb","itemListElement":[{"@type":"ListItem","position":1,"name":"Home","item":"https:\/\/montecarloliving.com\/fr\/"},{"@type":"ListItem","position":2,"name":"Edmond de Rothschild inaugure son nouveau si\u00e8ge \u00e0 Monaco: Maison Valentina ouvre ses portes \u00e0 La Condamine"}]},{"@type":"WebSite","@id":"https:\/\/montecarloliving.com\/fr\/#website","url":"https:\/\/montecarloliving.com\/fr\/","name":"Montecarlo Living","description":"News da Montecarlo - Principato di Monaco e Costa Azzurra","potentialAction":[{"@type":"SearchAction","target":{"@type":"EntryPoint","urlTemplate":"https:\/\/montecarloliving.com\/fr\/?s={search_term_string}"},"query-input":{"@type":"PropertyValueSpecification","valueRequired":true,"valueName":"search_term_string"}}],"inLanguage":"fr-FR"},{"@type":"Person","@id":"https:\/\/montecarloliving.com\/fr\/#\/schema\/person\/7e5945d4560862b7f2d2c6831bda2819","name":"Redazione","image":{"@type":"ImageObject","inLanguage":"fr-FR","@id":"https:\/\/secure.gravatar.com\/avatar\/8b5f26557e18fe74ad8e8a57ebb2925d88af8a90cee489ff2beefb391bc9b9c7?s=96&d=mm&r=g","url":"https:\/\/secure.gravatar.com\/avatar\/8b5f26557e18fe74ad8e8a57ebb2925d88af8a90cee489ff2beefb391bc9b9c7?s=96&d=mm&r=g","contentUrl":"https:\/\/secure.gravatar.com\/avatar\/8b5f26557e18fe74ad8e8a57ebb2925d88af8a90cee489ff2beefb391bc9b9c7?s=96&d=mm&r=g","caption":"Redazione"}}]}},"_links":{"self":[{"href":"https:\/\/montecarloliving.com\/fr\/wp-json\/wp\/v2\/posts\/33949","targetHints":{"allow":["GET"]}}],"collection":[{"href":"https:\/\/montecarloliving.com\/fr\/wp-json\/wp\/v2\/posts"}],"about":[{"href":"https:\/\/montecarloliving.com\/fr\/wp-json\/wp\/v2\/types\/post"}],"author":[{"embeddable":true,"href":"https:\/\/montecarloliving.com\/fr\/wp-json\/wp\/v2\/users\/1"}],"replies":[{"embeddable":true,"href":"https:\/\/montecarloliving.com\/fr\/wp-json\/wp\/v2\/comments?post=33949"}],"version-history":[{"count":1,"href":"https:\/\/montecarloliving.com\/fr\/wp-json\/wp\/v2\/posts\/33949\/revisions"}],"predecessor-version":[{"id":33950,"href":"https:\/\/montecarloliving.com\/fr\/wp-json\/wp\/v2\/posts\/33949\/revisions\/33950"}],"wp:featuredmedia":[{"embeddable":true,"href":"https:\/\/montecarloliving.com\/fr\/wp-json\/wp\/v2\/media\/33945"}],"wp:attachment":[{"href":"https:\/\/montecarloliving.com\/fr\/wp-json\/wp\/v2\/media?parent=33949"}],"wp:term":[{"taxonomy":"category","embeddable":true,"href":"https:\/\/montecarloliving.com\/fr\/wp-json\/wp\/v2\/categories?post=33949"},{"taxonomy":"post_tag","embeddable":true,"href":"https:\/\/montecarloliving.com\/fr\/wp-json\/wp\/v2\/tags?post=33949"}],"curies":[{"name":"wp","href":"https:\/\/api.w.org\/{rel}","templated":true}]}}