{"id":33939,"date":"2026-08-31T08:21:13","date_gmt":"2026-08-31T06:21:13","guid":{"rendered":"https:\/\/montecarloliving.com\/?p=33939"},"modified":"2026-08-26T11:24:58","modified_gmt":"2026-08-26T09:24:58","slug":"chamanisme-et-magie-en-europe-du-nord-une-conference-au-musee-danthropologie-de-monaco","status":"publish","type":"post","link":"https:\/\/montecarloliving.com\/fr\/actualite\/chamanisme-et-magie-en-europe-du-nord-une-conference-au-musee-danthropologie-de-monaco-33939\/","title":{"rendered":"Chamanisme et magie en Europe du Nord: une conf\u00e9rence au Mus\u00e9e d&rsquo;Anthropologie de Monaco"},"content":{"rendered":"<p class=\"isSelectedEnd\">Un voyage au c\u0153ur du <strong>chamanisme, de la magie, des mythologies et des traditions spirituelles de l&rsquo;Europe du Nord<\/strong> sera au programme d&rsquo;une prochaine conf\u00e9rence organis\u00e9e par le <strong>Mus\u00e9e d&rsquo;Anthropologie de Monaco<\/strong>. Le rendez-vous est fix\u00e9 au <strong>lundi 14 septembre 2026 \u00e0 18h<\/strong>, dans la <strong>salle Louis Barral<\/strong>, o\u00f9 la chercheuse Alessandra Orlandini Carcreff pr\u00e9sentera une conf\u00e9rence intitul\u00e9e <em>Chamanismes et magies<\/em>.<\/p>\n<p class=\"isSelectedEnd\">Ouverte au public et <strong>gratuite<\/strong>, cette rencontre sera l&rsquo;occasion de d\u00e9couvrir un patrimoine culturel riche et complexe, dans lequel pratiques rituelles, croyances, r\u00e9cits mythologiques et rapport au monde naturel se sont m\u00eal\u00e9s au fil des si\u00e8cles.<\/p>\n<h3>Une conf\u00e9rence consacr\u00e9e aux cultures de l&rsquo;Europe du Nord<\/h3>\n<p class=\"isSelectedEnd\">La conf\u00e9rence invitera le public \u00e0 d\u00e9couvrir certaines des traditions spirituelles qui ont fa\u00e7onn\u00e9 les populations d&rsquo;Europe septentrionale, avec une attention particuli\u00e8re port\u00e9e au monde <strong>finno-ougrien<\/strong> et aux cultures nordiques.<\/p>\n<p class=\"isSelectedEnd\">Le chamanisme ne sera pas abord\u00e9 uniquement comme un ensemble de pratiques rituelles, mais comme un ph\u00e9nom\u00e8ne culturel permettant de comprendre la vision du monde des communaut\u00e9s qui l&rsquo;ont conserv\u00e9 et transmis. La rencontre permettra \u00e9galement d&rsquo;explorer la place de la magie, des croyances et des symboles dans les traditions populaires de l&rsquo;Europe du Nord.<\/p>\n<p class=\"isSelectedEnd\">Une mani\u00e8re de d\u00e9passer l&rsquo;image souvent romantique ou exotique du chaman et de mieux comprendre la port\u00e9e historique et culturelle de ces figures ainsi que des pratiques qui leur sont associ\u00e9es.<\/p>\n<h3>Qui est Alessandra Orlandini Carcreff ?<\/h3>\n<p class=\"isSelectedEnd\">La conf\u00e9rence sera anim\u00e9e par <strong>Alessandra Orlandini Carcreff<\/strong>, docteure en litt\u00e9rature et civilisation italiennes et membre associ\u00e9e du laboratoire <em>Mondes germaniques et nord-europ\u00e9ens<\/em> de l&rsquo;Universit\u00e9 de Strasbourg.<\/p>\n<p class=\"isSelectedEnd\">Ses recherches portent principalement sur les <strong>cultures traditionnelles finno-ougriennes<\/strong>, les mythologies et les traditions chamaniques des peuples d&rsquo;Europe du Nord. Elle s&rsquo;est \u00e9galement int\u00e9ress\u00e9e \u00e0 la litt\u00e9rature de voyage consacr\u00e9e \u00e0 la <strong>Laponie et \u00e0 la Finlande entre les XVe et XIXe si\u00e8cles<\/strong>, ainsi qu&rsquo;\u00e0 la musique, aux \u00e9pop\u00e9es et aux imaginaires nordiques.<\/p>\n<p class=\"isSelectedEnd\">Son parcours scientifique permet ainsi d&rsquo;aborder le th\u00e8me de la conf\u00e9rence selon une approche pluridisciplinaire, \u00e0 la crois\u00e9e de l&rsquo;anthropologie, de la litt\u00e9rature, de l&rsquo;histoire des traditions et de la culture populaire.<\/p>\n<p class=\"isSelectedEnd\">Autrice d&rsquo;une quarantaine d&rsquo;ouvrages, d&rsquo;essais et d&rsquo;articles scientifiques, Alessandra Orlandini Carcreff participe r\u00e9guli\u00e8rement \u00e0 des colloques et conf\u00e9rences internationales consacr\u00e9s aux cultures de l&rsquo;Europe du Nord. Son expertise constituera le fil conducteur d&rsquo;une rencontre destin\u00e9e aussi bien aux sp\u00e9cialistes qu&rsquo;aux personnes curieuses de d\u00e9couvrir cet univers culturel fascinant.<\/p>\n<h3>Entre mythes, rituels et spiritualit\u00e9<\/h3>\n<p class=\"isSelectedEnd\">Le th\u00e8me du <strong>chamanisme en Europe du Nord<\/strong> offre de nombreuses pistes de r\u00e9flexion. Au fil des si\u00e8cles, r\u00e9cits mythologiques, pratiques rituelles et croyances ont contribu\u00e9 \u00e0 construire une relation complexe entre les \u00eatres humains, la nature et le monde des esprits.<\/p>\n<p class=\"isSelectedEnd\">La conf\u00e9rence permettra de replacer ces traditions dans leur contexte historique et culturel, en explorant la mani\u00e8re dont le surnaturel, la magie et le sacr\u00e9 ont \u00e9t\u00e9 interpr\u00e9t\u00e9s et transmis par les communaut\u00e9s nordiques.<\/p>\n<p class=\"isSelectedEnd\">Une attention particuli\u00e8re sera accord\u00e9e \u00e0 la richesse symbolique de ces patrimoines culturels, qui continuent de vivre \u00e0 travers les r\u00e9cits, les recherches scientifiques, les \u0153uvres litt\u00e9raires et diff\u00e9rentes formes de m\u00e9moire collective.<\/p>\n<h3>Une conf\u00e9rence gratuite au Mus\u00e9e d&rsquo;Anthropologie de Monaco<\/h3>\n<p class=\"isSelectedEnd\">La conf\u00e9rence <strong>\u00ab Chamanismes et magies \u00bb<\/strong> aura lieu le <strong>lundi 14 septembre 2026 \u00e0 18h<\/strong>, dans la <strong>salle Louis Barral du Mus\u00e9e d&rsquo;Anthropologie de Monaco<\/strong>.<\/p>\n<p class=\"isSelectedEnd\">L&rsquo;entr\u00e9e est <strong>gratuite<\/strong>, mais la r\u00e9servation est n\u00e9cessaire. Il sera \u00e9galement possible de participer \u00e0 la conf\u00e9rence <strong>\u00e0 distance<\/strong>, afin de permettre au public qui ne peut pas se rendre au mus\u00e9e de suivre la rencontre en ligne.<\/p>\n<p class=\"isSelectedEnd\">Pour les r\u00e9servations et renseignements, il est possible de contacter le Mus\u00e9e d&rsquo;Anthropologie de Monaco \u00e0 l&rsquo;adresse <a href=\"mailto:map@gouv.mc\"><strong>map@gouv.mc<\/strong><\/a> ou par t\u00e9l\u00e9phone au <strong>+377 98 98 80 06<\/strong>.<\/p>\n<p class=\"isSelectedEnd\">Cette rencontre s&rsquo;adresse notamment aux passionn\u00e9s d&rsquo;<strong>anthropologie, d&rsquo;histoire des religions, de mythologie, de folklore et de culture nordique<\/strong>, mais aussi \u00e0 tous ceux qui souhaitent d\u00e9couvrir pour la premi\u00e8re fois l&rsquo;univers complexe des traditions chamaniques.<\/p>\n<p>Entre recherche scientifique et patrimoine immat\u00e9riel, cette conf\u00e9rence proposera ainsi de d\u00e9couvrir une Europe du Nord loin des clich\u00e9s, \u00e0 travers ses r\u00e9cits, ses symboles et ses croyances, qui continuent encore aujourd&rsquo;hui \u00e0 nourrir l&rsquo;imaginaire contemporain.<\/p>\n<p><img loading=\"lazy\" decoding=\"async\" class=\"size-full wp-image-33935 aligncenter\" src=\"https:\/\/montecarloliving.com\/wp-content\/uploads\/2026\/08\/582a866438ca-affiche-confjpg.webp\" alt=\"\" width=\"724\" height=\"1024\" srcset=\"https:\/\/montecarloliving.com\/wp-content\/uploads\/2026\/08\/582a866438ca-affiche-confjpg.webp 724w, https:\/\/montecarloliving.com\/wp-content\/uploads\/2026\/08\/582a866438ca-affiche-confjpg-212x300.webp 212w\" sizes=\"auto, (max-width: 724px) 100vw, 724px\" \/><\/p>\n","protected":false},"excerpt":{"rendered":"<p>Un voyage au c\u0153ur du chamanisme, de la magie, des mythologies et des traditions spirituelles de l&rsquo;Europe du Nord sera au programme d&rsquo;une prochaine conf\u00e9rence organis\u00e9e par le Mus\u00e9e d&rsquo;Anthropologie de Monaco. Le rendez-vous est fix\u00e9 au lundi 14 septembre 2026 \u00e0 18h, dans [&hellip;]<\/p>\n","protected":false},"author":1,"featured_media":33935,"comment_status":"closed","ping_status":"closed","sticky":false,"template":"","format":"standard","meta":{"footnotes":""},"categories":[827,875,828,867],"tags":[],"class_list":["post-33939","post","type-post","status-publish","format-standard","has-post-thumbnail","hentry","category-actualite","category-actualite-monaco","category-evenements","category-monaco-fr"],"yoast_head":"<!-- This site is optimized with the Yoast SEO plugin v28.3 - https:\/\/yoast.com\/product\/yoast-seo-wordpress\/ -->\n<title>Chamanisme et magie en Europe du Nord<\/title>\n<meta name=\"description\" content=\"Chamanisme et magie en Europe du Nord : une conf\u00e9rence au Mus\u00e9e d&#039;Anthropologie de Monaco. Le 14 septembre 2026, le Mus\u00e9e d&#039;Anthropologie\" \/>\n<meta name=\"robots\" content=\"index, follow, max-snippet:-1, max-image-preview:large, max-video-preview:-1\" \/>\n<link rel=\"canonical\" href=\"https:\/\/montecarloliving.com\/fr\/actualite\/chamanisme-et-magie-en-europe-du-nord-une-conference-au-musee-danthropologie-de-monaco-33939\/\" \/>\n<meta property=\"og:locale\" content=\"fr_FR\" \/>\n<meta property=\"og:title\" content=\"Chamanisme et magie en Europe du Nord\" \/>\n<meta property=\"og:description\" content=\"Chamanisme et magie en Europe du Nord : une conf\u00e9rence au Mus\u00e9e d&#039;Anthropologie de Monaco. Le 14 septembre 2026, le Mus\u00e9e d&#039;Anthropologie\" \/>\n<meta property=\"og:url\" content=\"https:\/\/montecarloliving.com\/fr\/actualite\/chamanisme-et-magie-en-europe-du-nord-une-conference-au-musee-danthropologie-de-monaco-33939\/\" \/>\n<meta property=\"og:site_name\" content=\"Montecarlo Living\" \/>\n<meta property=\"article:publisher\" content=\"https:\/\/www.facebook.com\/montecarlolivingcom\/\" \/>\n<meta property=\"article:published_time\" content=\"2026-08-31T06:21:13+00:00\" \/>\n<meta property=\"og:image\" content=\"https:\/\/montecarloliving.com\/wp-content\/uploads\/2026\/08\/582a866438ca-affiche-confjpg-650x400.webp\" \/>\n\t<meta property=\"og:image:width\" content=\"650\" \/>\n\t<meta property=\"og:image:height\" content=\"400\" \/>\n\t<meta property=\"og:image:type\" content=\"image\/webp\" \/>\n<meta name=\"author\" content=\"Redazione\" \/>\n<meta name=\"twitter:card\" content=\"summary_large_image\" \/>\n<meta name=\"twitter:creator\" content=\"@MonteCarloLivi\" \/>\n<meta name=\"twitter:site\" content=\"@MonteCarloLivi\" \/>\n<meta name=\"twitter:label1\" content=\"\u00c9crit par\" \/>\n\t<meta name=\"twitter:data1\" content=\"Redazione\" \/>\n\t<meta name=\"twitter:label2\" content=\"Dur\u00e9e de lecture estim\u00e9e\" \/>\n\t<meta name=\"twitter:data2\" content=\"4 minutes\" \/>\n<script type=\"application\/ld+json\" class=\"yoast-schema-graph\">{\"@context\":\"https:\\\/\\\/schema.org\",\"@graph\":[{\"@type\":\"Article\",\"@id\":\"https:\\\/\\\/montecarloliving.com\\\/fr\\\/actualite\\\/chamanisme-et-magie-en-europe-du-nord-une-conference-au-musee-danthropologie-de-monaco-33939\\\/#article\",\"isPartOf\":{\"@id\":\"https:\\\/\\\/montecarloliving.com\\\/fr\\\/actualite\\\/chamanisme-et-magie-en-europe-du-nord-une-conference-au-musee-danthropologie-de-monaco-33939\\\/\"},\"author\":{\"name\":\"Redazione\",\"@id\":\"https:\\\/\\\/montecarloliving.com\\\/fr\\\/#\\\/schema\\\/person\\\/7e5945d4560862b7f2d2c6831bda2819\"},\"headline\":\"Chamanisme et magie en Europe du Nord: une conf\u00e9rence au Mus\u00e9e d&rsquo;Anthropologie de Monaco\",\"datePublished\":\"2026-08-31T06:21:13+00:00\",\"mainEntityOfPage\":{\"@id\":\"https:\\\/\\\/montecarloliving.com\\\/fr\\\/actualite\\\/chamanisme-et-magie-en-europe-du-nord-une-conference-au-musee-danthropologie-de-monaco-33939\\\/\"},\"wordCount\":780,\"image\":{\"@id\":\"https:\\\/\\\/montecarloliving.com\\\/fr\\\/actualite\\\/chamanisme-et-magie-en-europe-du-nord-une-conference-au-musee-danthropologie-de-monaco-33939\\\/#primaryimage\"},\"thumbnailUrl\":\"https:\\\/\\\/montecarloliving.com\\\/wp-content\\\/uploads\\\/2026\\\/08\\\/582a866438ca-affiche-confjpg.webp\",\"articleSection\":[\"Actualit\u00e9\",\"Actualit\u00e9 \u00e0 Monaco\",\"\u00c9v\u00e9nements\",\"Monaco\"],\"inLanguage\":\"fr-FR\"},{\"@type\":\"WebPage\",\"@id\":\"https:\\\/\\\/montecarloliving.com\\\/fr\\\/actualite\\\/chamanisme-et-magie-en-europe-du-nord-une-conference-au-musee-danthropologie-de-monaco-33939\\\/\",\"url\":\"https:\\\/\\\/montecarloliving.com\\\/fr\\\/actualite\\\/chamanisme-et-magie-en-europe-du-nord-une-conference-au-musee-danthropologie-de-monaco-33939\\\/\",\"name\":\"Chamanisme et magie en Europe du Nord\",\"isPartOf\":{\"@id\":\"https:\\\/\\\/montecarloliving.com\\\/fr\\\/#website\"},\"primaryImageOfPage\":{\"@id\":\"https:\\\/\\\/montecarloliving.com\\\/fr\\\/actualite\\\/chamanisme-et-magie-en-europe-du-nord-une-conference-au-musee-danthropologie-de-monaco-33939\\\/#primaryimage\"},\"image\":{\"@id\":\"https:\\\/\\\/montecarloliving.com\\\/fr\\\/actualite\\\/chamanisme-et-magie-en-europe-du-nord-une-conference-au-musee-danthropologie-de-monaco-33939\\\/#primaryimage\"},\"thumbnailUrl\":\"https:\\\/\\\/montecarloliving.com\\\/wp-content\\\/uploads\\\/2026\\\/08\\\/582a866438ca-affiche-confjpg.webp\",\"datePublished\":\"2026-08-31T06:21:13+00:00\",\"author\":{\"@id\":\"https:\\\/\\\/montecarloliving.com\\\/fr\\\/#\\\/schema\\\/person\\\/7e5945d4560862b7f2d2c6831bda2819\"},\"description\":\"Chamanisme et magie en Europe du Nord : une conf\u00e9rence au Mus\u00e9e d'Anthropologie de Monaco. Le 14 septembre 2026, le Mus\u00e9e d'Anthropologie\",\"breadcrumb\":{\"@id\":\"https:\\\/\\\/montecarloliving.com\\\/fr\\\/actualite\\\/chamanisme-et-magie-en-europe-du-nord-une-conference-au-musee-danthropologie-de-monaco-33939\\\/#breadcrumb\"},\"inLanguage\":\"fr-FR\",\"potentialAction\":[{\"@type\":\"ReadAction\",\"target\":[\"https:\\\/\\\/montecarloliving.com\\\/fr\\\/actualite\\\/chamanisme-et-magie-en-europe-du-nord-une-conference-au-musee-danthropologie-de-monaco-33939\\\/\"]}]},{\"@type\":\"ImageObject\",\"inLanguage\":\"fr-FR\",\"@id\":\"https:\\\/\\\/montecarloliving.com\\\/fr\\\/actualite\\\/chamanisme-et-magie-en-europe-du-nord-une-conference-au-musee-danthropologie-de-monaco-33939\\\/#primaryimage\",\"url\":\"https:\\\/\\\/montecarloliving.com\\\/wp-content\\\/uploads\\\/2026\\\/08\\\/582a866438ca-affiche-confjpg.webp\",\"contentUrl\":\"https:\\\/\\\/montecarloliving.com\\\/wp-content\\\/uploads\\\/2026\\\/08\\\/582a866438ca-affiche-confjpg.webp\",\"width\":724,\"height\":1024},{\"@type\":\"BreadcrumbList\",\"@id\":\"https:\\\/\\\/montecarloliving.com\\\/fr\\\/actualite\\\/chamanisme-et-magie-en-europe-du-nord-une-conference-au-musee-danthropologie-de-monaco-33939\\\/#breadcrumb\",\"itemListElement\":[{\"@type\":\"ListItem\",\"position\":1,\"name\":\"Home\",\"item\":\"https:\\\/\\\/montecarloliving.com\\\/fr\\\/\"},{\"@type\":\"ListItem\",\"position\":2,\"name\":\"Chamanisme et magie en Europe du Nord: une conf\u00e9rence au Mus\u00e9e d&#8217;Anthropologie de Monaco\"}]},{\"@type\":\"WebSite\",\"@id\":\"https:\\\/\\\/montecarloliving.com\\\/fr\\\/#website\",\"url\":\"https:\\\/\\\/montecarloliving.com\\\/fr\\\/\",\"name\":\"Montecarlo Living\",\"description\":\"News da Montecarlo - Principato di Monaco e Costa Azzurra\",\"potentialAction\":[{\"@type\":\"SearchAction\",\"target\":{\"@type\":\"EntryPoint\",\"urlTemplate\":\"https:\\\/\\\/montecarloliving.com\\\/fr\\\/?s={search_term_string}\"},\"query-input\":{\"@type\":\"PropertyValueSpecification\",\"valueRequired\":true,\"valueName\":\"search_term_string\"}}],\"inLanguage\":\"fr-FR\"},{\"@type\":\"Person\",\"@id\":\"https:\\\/\\\/montecarloliving.com\\\/fr\\\/#\\\/schema\\\/person\\\/7e5945d4560862b7f2d2c6831bda2819\",\"name\":\"Redazione\",\"image\":{\"@type\":\"ImageObject\",\"inLanguage\":\"fr-FR\",\"@id\":\"https:\\\/\\\/secure.gravatar.com\\\/avatar\\\/8b5f26557e18fe74ad8e8a57ebb2925d88af8a90cee489ff2beefb391bc9b9c7?s=96&d=mm&r=g\",\"url\":\"https:\\\/\\\/secure.gravatar.com\\\/avatar\\\/8b5f26557e18fe74ad8e8a57ebb2925d88af8a90cee489ff2beefb391bc9b9c7?s=96&d=mm&r=g\",\"contentUrl\":\"https:\\\/\\\/secure.gravatar.com\\\/avatar\\\/8b5f26557e18fe74ad8e8a57ebb2925d88af8a90cee489ff2beefb391bc9b9c7?s=96&d=mm&r=g\",\"caption\":\"Redazione\"}}]}<\/script>\n<!-- \/ Yoast SEO plugin. -->","yoast_head_json":{"title":"Chamanisme et magie en Europe du Nord","description":"Chamanisme et magie en Europe du Nord : une conf\u00e9rence au Mus\u00e9e d'Anthropologie de Monaco. Le 14 septembre 2026, le Mus\u00e9e d'Anthropologie","robots":{"index":"index","follow":"follow","max-snippet":"max-snippet:-1","max-image-preview":"max-image-preview:large","max-video-preview":"max-video-preview:-1"},"canonical":"https:\/\/montecarloliving.com\/fr\/actualite\/chamanisme-et-magie-en-europe-du-nord-une-conference-au-musee-danthropologie-de-monaco-33939\/","og_locale":"fr_FR","og_title":"Chamanisme et magie en Europe du Nord","og_description":"Chamanisme et magie en Europe du Nord : une conf\u00e9rence au Mus\u00e9e d'Anthropologie de Monaco. Le 14 septembre 2026, le Mus\u00e9e d'Anthropologie","og_url":"https:\/\/montecarloliving.com\/fr\/actualite\/chamanisme-et-magie-en-europe-du-nord-une-conference-au-musee-danthropologie-de-monaco-33939\/","og_site_name":"Montecarlo Living","article_publisher":"https:\/\/www.facebook.com\/montecarlolivingcom\/","article_published_time":"2026-08-31T06:21:13+00:00","og_image":[{"width":650,"height":400,"url":"https:\/\/montecarloliving.com\/wp-content\/uploads\/2026\/08\/582a866438ca-affiche-confjpg-650x400.webp","type":"image\/webp"}],"author":"Redazione","twitter_card":"summary_large_image","twitter_creator":"@MonteCarloLivi","twitter_site":"@MonteCarloLivi","twitter_misc":{"\u00c9crit par":"Redazione","Dur\u00e9e de lecture estim\u00e9e":"4 minutes"},"schema":{"@context":"https:\/\/schema.org","@graph":[{"@type":"Article","@id":"https:\/\/montecarloliving.com\/fr\/actualite\/chamanisme-et-magie-en-europe-du-nord-une-conference-au-musee-danthropologie-de-monaco-33939\/#article","isPartOf":{"@id":"https:\/\/montecarloliving.com\/fr\/actualite\/chamanisme-et-magie-en-europe-du-nord-une-conference-au-musee-danthropologie-de-monaco-33939\/"},"author":{"name":"Redazione","@id":"https:\/\/montecarloliving.com\/fr\/#\/schema\/person\/7e5945d4560862b7f2d2c6831bda2819"},"headline":"Chamanisme et magie en Europe du Nord: une conf\u00e9rence au Mus\u00e9e d&rsquo;Anthropologie de Monaco","datePublished":"2026-08-31T06:21:13+00:00","mainEntityOfPage":{"@id":"https:\/\/montecarloliving.com\/fr\/actualite\/chamanisme-et-magie-en-europe-du-nord-une-conference-au-musee-danthropologie-de-monaco-33939\/"},"wordCount":780,"image":{"@id":"https:\/\/montecarloliving.com\/fr\/actualite\/chamanisme-et-magie-en-europe-du-nord-une-conference-au-musee-danthropologie-de-monaco-33939\/#primaryimage"},"thumbnailUrl":"https:\/\/montecarloliving.com\/wp-content\/uploads\/2026\/08\/582a866438ca-affiche-confjpg.webp","articleSection":["Actualit\u00e9","Actualit\u00e9 \u00e0 Monaco","\u00c9v\u00e9nements","Monaco"],"inLanguage":"fr-FR"},{"@type":"WebPage","@id":"https:\/\/montecarloliving.com\/fr\/actualite\/chamanisme-et-magie-en-europe-du-nord-une-conference-au-musee-danthropologie-de-monaco-33939\/","url":"https:\/\/montecarloliving.com\/fr\/actualite\/chamanisme-et-magie-en-europe-du-nord-une-conference-au-musee-danthropologie-de-monaco-33939\/","name":"Chamanisme et magie en Europe du Nord","isPartOf":{"@id":"https:\/\/montecarloliving.com\/fr\/#website"},"primaryImageOfPage":{"@id":"https:\/\/montecarloliving.com\/fr\/actualite\/chamanisme-et-magie-en-europe-du-nord-une-conference-au-musee-danthropologie-de-monaco-33939\/#primaryimage"},"image":{"@id":"https:\/\/montecarloliving.com\/fr\/actualite\/chamanisme-et-magie-en-europe-du-nord-une-conference-au-musee-danthropologie-de-monaco-33939\/#primaryimage"},"thumbnailUrl":"https:\/\/montecarloliving.com\/wp-content\/uploads\/2026\/08\/582a866438ca-affiche-confjpg.webp","datePublished":"2026-08-31T06:21:13+00:00","author":{"@id":"https:\/\/montecarloliving.com\/fr\/#\/schema\/person\/7e5945d4560862b7f2d2c6831bda2819"},"description":"Chamanisme et magie en Europe du Nord : une conf\u00e9rence au Mus\u00e9e d'Anthropologie de Monaco. Le 14 septembre 2026, le Mus\u00e9e d'Anthropologie","breadcrumb":{"@id":"https:\/\/montecarloliving.com\/fr\/actualite\/chamanisme-et-magie-en-europe-du-nord-une-conference-au-musee-danthropologie-de-monaco-33939\/#breadcrumb"},"inLanguage":"fr-FR","potentialAction":[{"@type":"ReadAction","target":["https:\/\/montecarloliving.com\/fr\/actualite\/chamanisme-et-magie-en-europe-du-nord-une-conference-au-musee-danthropologie-de-monaco-33939\/"]}]},{"@type":"ImageObject","inLanguage":"fr-FR","@id":"https:\/\/montecarloliving.com\/fr\/actualite\/chamanisme-et-magie-en-europe-du-nord-une-conference-au-musee-danthropologie-de-monaco-33939\/#primaryimage","url":"https:\/\/montecarloliving.com\/wp-content\/uploads\/2026\/08\/582a866438ca-affiche-confjpg.webp","contentUrl":"https:\/\/montecarloliving.com\/wp-content\/uploads\/2026\/08\/582a866438ca-affiche-confjpg.webp","width":724,"height":1024},{"@type":"BreadcrumbList","@id":"https:\/\/montecarloliving.com\/fr\/actualite\/chamanisme-et-magie-en-europe-du-nord-une-conference-au-musee-danthropologie-de-monaco-33939\/#breadcrumb","itemListElement":[{"@type":"ListItem","position":1,"name":"Home","item":"https:\/\/montecarloliving.com\/fr\/"},{"@type":"ListItem","position":2,"name":"Chamanisme et magie en Europe du Nord: une conf\u00e9rence au Mus\u00e9e d&#8217;Anthropologie de Monaco"}]},{"@type":"WebSite","@id":"https:\/\/montecarloliving.com\/fr\/#website","url":"https:\/\/montecarloliving.com\/fr\/","name":"Montecarlo Living","description":"News da Montecarlo - Principato di Monaco e Costa Azzurra","potentialAction":[{"@type":"SearchAction","target":{"@type":"EntryPoint","urlTemplate":"https:\/\/montecarloliving.com\/fr\/?s={search_term_string}"},"query-input":{"@type":"PropertyValueSpecification","valueRequired":true,"valueName":"search_term_string"}}],"inLanguage":"fr-FR"},{"@type":"Person","@id":"https:\/\/montecarloliving.com\/fr\/#\/schema\/person\/7e5945d4560862b7f2d2c6831bda2819","name":"Redazione","image":{"@type":"ImageObject","inLanguage":"fr-FR","@id":"https:\/\/secure.gravatar.com\/avatar\/8b5f26557e18fe74ad8e8a57ebb2925d88af8a90cee489ff2beefb391bc9b9c7?s=96&d=mm&r=g","url":"https:\/\/secure.gravatar.com\/avatar\/8b5f26557e18fe74ad8e8a57ebb2925d88af8a90cee489ff2beefb391bc9b9c7?s=96&d=mm&r=g","contentUrl":"https:\/\/secure.gravatar.com\/avatar\/8b5f26557e18fe74ad8e8a57ebb2925d88af8a90cee489ff2beefb391bc9b9c7?s=96&d=mm&r=g","caption":"Redazione"}}]}},"_links":{"self":[{"href":"https:\/\/montecarloliving.com\/fr\/wp-json\/wp\/v2\/posts\/33939","targetHints":{"allow":["GET"]}}],"collection":[{"href":"https:\/\/montecarloliving.com\/fr\/wp-json\/wp\/v2\/posts"}],"about":[{"href":"https:\/\/montecarloliving.com\/fr\/wp-json\/wp\/v2\/types\/post"}],"author":[{"embeddable":true,"href":"https:\/\/montecarloliving.com\/fr\/wp-json\/wp\/v2\/users\/1"}],"replies":[{"embeddable":true,"href":"https:\/\/montecarloliving.com\/fr\/wp-json\/wp\/v2\/comments?post=33939"}],"version-history":[{"count":1,"href":"https:\/\/montecarloliving.com\/fr\/wp-json\/wp\/v2\/posts\/33939\/revisions"}],"predecessor-version":[{"id":33940,"href":"https:\/\/montecarloliving.com\/fr\/wp-json\/wp\/v2\/posts\/33939\/revisions\/33940"}],"wp:featuredmedia":[{"embeddable":true,"href":"https:\/\/montecarloliving.com\/fr\/wp-json\/wp\/v2\/media\/33935"}],"wp:attachment":[{"href":"https:\/\/montecarloliving.com\/fr\/wp-json\/wp\/v2\/media?parent=33939"}],"wp:term":[{"taxonomy":"category","embeddable":true,"href":"https:\/\/montecarloliving.com\/fr\/wp-json\/wp\/v2\/categories?post=33939"},{"taxonomy":"post_tag","embeddable":true,"href":"https:\/\/montecarloliving.com\/fr\/wp-json\/wp\/v2\/tags?post=33939"}],"curies":[{"name":"wp","href":"https:\/\/api.w.org\/{rel}","templated":true}]}}