{"id":30738,"date":"2026-05-01T09:13:20","date_gmt":"2026-05-01T07:13:20","guid":{"rendered":"https:\/\/montecarloliving.com\/?p=30738"},"modified":"2026-04-30T12:21:53","modified_gmt":"2026-04-30T10:21:53","slug":"fermeture-des-bureaux-de-poste-monaco-8-mai-2026-suspension-des-services-postaux","status":"publish","type":"post","link":"https:\/\/montecarloliving.com\/fr\/actualite\/fermeture-des-bureaux-de-poste-monaco-8-mai-2026-suspension-des-services-postaux-30738\/","title":{"rendered":"Fermeture des bureaux de Poste \u00e0 Monaco le 8 mai 2026: suspension des services postaux"},"content":{"rendered":"<p data-start=\"2184\" data-end=\"2468\"><span class=\"hover:entity-accent entity-underline inline cursor-pointer align-baseline\"><span class=\"whitespace-normal\">La Poste Monaco informe que tous les bureaux de Poste de la Principaut\u00e9 seront ferm\u00e9s le vendredi 8 mai 2026. Cette fermeture intervient \u00e0 l\u2019occasion de la comm\u00e9moration de la fin de la Seconde Guerre mondiale (1939\u20131945), jour f\u00e9ri\u00e9 \u00e9galement observ\u00e9 en France.<\/p>\n<p data-start=\"2470\" data-end=\"2587\">En cons\u00e9quence, aucune distribution de courrier ni lev\u00e9e des bo\u00eetes aux lettres publiques ne sera assur\u00e9e ce jour-l\u00e0.<\/p>\n<h2 data-section-id=\"11en3a\" data-start=\"2589\" data-end=\"2636\">Services postaux suspendus le 8 mai \u00e0 Monaco<\/h2>\n<p data-start=\"2638\" data-end=\"2704\">Le vendredi 8 mai 2026, les services suivants seront interrompus :<\/p>\n<ul data-start=\"2706\" data-end=\"2865\">\n<li data-section-id=\"187qq0a\" data-start=\"2706\" data-end=\"2754\">Fermeture de l\u2019ensemble des bureaux de Poste<\/li>\n<li data-section-id=\"d9lzt0\" data-start=\"2755\" data-end=\"2813\">Suspension de la distribution du courrier et des colis<\/li>\n<li data-section-id=\"smtgml\" data-start=\"2814\" data-end=\"2865\">Aucun relevage des bo\u00eetes aux lettres publiques<\/li>\n<\/ul>\n<p data-start=\"2867\" data-end=\"3003\">Cette mesure concerne l\u2019ensemble du r\u00e9seau postal de la Principaut\u00e9 dans le cadre du calendrier des jours f\u00e9ri\u00e9s communs avec la France.<\/p>\n<h2 data-section-id=\"138sv7z\" data-start=\"3005\" data-end=\"3049\">Reprise normale des services d\u00e8s le 9 mai<\/h2>\n<p data-start=\"3051\" data-end=\"3206\">Les services reprendront normalement d\u00e8s le samedi 9 mai 2026. Tous les bureaux de <span class=\"hover:entity-accent entity-underline inline cursor-pointer align-baseline\"><span class=\"whitespace-normal\">La Poste Monaco rouvriront aux horaires habituels.<\/p>\n<p data-start=\"3208\" data-end=\"3290\">La distribution du courrier et des colis sera \u00e9galement assur\u00e9e sans interruption.<\/p>\n<h2 data-section-id=\"9o9p15\" data-start=\"3292\" data-end=\"3325\">Informations utiles et contact<\/h2>\n<p data-start=\"3327\" data-end=\"3449\">Pour toute information compl\u00e9mentaire, La Poste Monaco invite ses clients \u00e0 contacter le num\u00e9ro suivant : <strong data-start=\"3433\" data-end=\"3448\">99 99 80 00<\/strong>.<\/p>\n<p data-start=\"3451\" data-end=\"3560\">L\u2019\u00e9tablissement pr\u00e9sente ses excuses pour la g\u00eane occasionn\u00e9e et remercie sa client\u00e8le pour sa compr\u00e9hension.<\/p>\n<h2 data-section-id=\"1ckpqnn\" data-start=\"3562\" data-end=\"3604\">Une fermeture li\u00e9e au devoir de m\u00e9moire<\/h2>\n<p data-start=\"3606\" data-end=\"3858\" data-is-last-node=\"\" data-is-only-node=\"\">La suspension des services du 8 mai s\u2019inscrit dans la comm\u00e9moration de la fin de la Seconde Guerre mondiale en Europe. La Principaut\u00e9 de Monaco s\u2019associe ainsi \u00e0 ce moment de m\u00e9moire collective, marquant une date \u00e0 forte port\u00e9e historique et citoyenne.<\/p>\n","protected":false},"excerpt":{"rendered":"<p>La Poste Monaco informe que tous les bureaux de Poste de la Principaut\u00e9 seront ferm\u00e9s le vendredi 8 mai 2026. Cette fermeture intervient \u00e0 l\u2019occasion de la comm\u00e9moration de la fin de la Seconde Guerre mondiale (1939\u20131945), jour f\u00e9ri\u00e9 \u00e9galement observ\u00e9 en France. En [&hellip;]<\/p>\n","protected":false},"author":1,"featured_media":30734,"comment_status":"closed","ping_status":"closed","sticky":false,"template":"","format":"standard","meta":{"footnotes":""},"categories":[827,875,867],"tags":[],"class_list":["post-30738","post","type-post","status-publish","format-standard","has-post-thumbnail","hentry","category-actualite","category-actualite-monaco","category-monaco-fr"],"yoast_head":"<!-- This site is optimized with the Yoast SEO plugin v27.5 - https:\/\/yoast.com\/product\/yoast-seo-wordpress\/ -->\n<title>Fermeture des bureaux de Poste \u00e0 Monaco le 8 mai 2026<\/title>\n<meta name=\"description\" content=\"Fermeture des bureaux de Poste \u00e0 Monaco le 8 mai 2026 \u00e0 l\u2019occasion de la comm\u00e9moration de la fin de la Seconde Guerre mondiale\" \/>\n<meta name=\"robots\" content=\"index, follow, max-snippet:-1, max-image-preview:large, max-video-preview:-1\" \/>\n<link rel=\"canonical\" href=\"https:\/\/montecarloliving.com\/fr\/actualite\/fermeture-des-bureaux-de-poste-monaco-8-mai-2026-suspension-des-services-postaux-30738\/\" \/>\n<meta property=\"og:locale\" content=\"fr_FR\" \/>\n<meta property=\"og:title\" content=\"Fermeture des bureaux de Poste \u00e0 Monaco le 8 mai 2026\" \/>\n<meta property=\"og:description\" content=\"Fermeture des bureaux de Poste \u00e0 Monaco le 8 mai 2026 \u00e0 l\u2019occasion de la comm\u00e9moration de la fin de la Seconde Guerre mondiale\" \/>\n<meta property=\"og:url\" content=\"https:\/\/montecarloliving.com\/fr\/actualite\/fermeture-des-bureaux-de-poste-monaco-8-mai-2026-suspension-des-services-postaux-30738\/\" \/>\n<meta property=\"og:site_name\" content=\"Montecarlo Living\" \/>\n<meta property=\"article:publisher\" content=\"https:\/\/www.facebook.com\/montecarlolivingcom\/\" \/>\n<meta property=\"article:published_time\" content=\"2026-05-01T07:13:20+00:00\" \/>\n<meta property=\"og:image\" content=\"https:\/\/montecarloliving.com\/wp-content\/uploads\/2026\/04\/R-2026-04-30T121554.886-650x400.jpg\" \/>\n\t<meta property=\"og:image:width\" content=\"650\" \/>\n\t<meta property=\"og:image:height\" content=\"400\" \/>\n\t<meta property=\"og:image:type\" content=\"image\/jpeg\" \/>\n<meta name=\"author\" content=\"Redazione\" \/>\n<meta name=\"twitter:card\" content=\"summary_large_image\" \/>\n<meta name=\"twitter:creator\" content=\"@MonteCarloLivi\" \/>\n<meta name=\"twitter:site\" content=\"@MonteCarloLivi\" \/>\n<meta name=\"twitter:label1\" content=\"\u00c9crit par\" \/>\n\t<meta name=\"twitter:data1\" content=\"Redazione\" \/>\n\t<meta name=\"twitter:label2\" content=\"Dur\u00e9e de lecture estim\u00e9e\" \/>\n\t<meta name=\"twitter:data2\" content=\"2 minutes\" \/>\n<script type=\"application\/ld+json\" class=\"yoast-schema-graph\">{\"@context\":\"https:\\\/\\\/schema.org\",\"@graph\":[{\"@type\":\"Article\",\"@id\":\"https:\\\/\\\/montecarloliving.com\\\/fr\\\/actualite\\\/fermeture-des-bureaux-de-poste-monaco-8-mai-2026-suspension-des-services-postaux-30738\\\/#article\",\"isPartOf\":{\"@id\":\"https:\\\/\\\/montecarloliving.com\\\/fr\\\/actualite\\\/fermeture-des-bureaux-de-poste-monaco-8-mai-2026-suspension-des-services-postaux-30738\\\/\"},\"author\":{\"name\":\"Redazione\",\"@id\":\"https:\\\/\\\/montecarloliving.com\\\/fr\\\/#\\\/schema\\\/person\\\/7e5945d4560862b7f2d2c6831bda2819\"},\"headline\":\"Fermeture des bureaux de Poste \u00e0 Monaco le 8 mai 2026: suspension des services postaux\",\"datePublished\":\"2026-05-01T07:13:20+00:00\",\"mainEntityOfPage\":{\"@id\":\"https:\\\/\\\/montecarloliving.com\\\/fr\\\/actualite\\\/fermeture-des-bureaux-de-poste-monaco-8-mai-2026-suspension-des-services-postaux-30738\\\/\"},\"wordCount\":277,\"image\":{\"@id\":\"https:\\\/\\\/montecarloliving.com\\\/fr\\\/actualite\\\/fermeture-des-bureaux-de-poste-monaco-8-mai-2026-suspension-des-services-postaux-30738\\\/#primaryimage\"},\"thumbnailUrl\":\"https:\\\/\\\/montecarloliving.com\\\/wp-content\\\/uploads\\\/2026\\\/04\\\/R-2026-04-30T121554.886.jpg\",\"articleSection\":[\"Actualit\u00e9\",\"Actualit\u00e9 \u00e0 Monaco\",\"Monaco\"],\"inLanguage\":\"fr-FR\"},{\"@type\":\"WebPage\",\"@id\":\"https:\\\/\\\/montecarloliving.com\\\/fr\\\/actualite\\\/fermeture-des-bureaux-de-poste-monaco-8-mai-2026-suspension-des-services-postaux-30738\\\/\",\"url\":\"https:\\\/\\\/montecarloliving.com\\\/fr\\\/actualite\\\/fermeture-des-bureaux-de-poste-monaco-8-mai-2026-suspension-des-services-postaux-30738\\\/\",\"name\":\"Fermeture des bureaux de Poste \u00e0 Monaco le 8 mai 2026\",\"isPartOf\":{\"@id\":\"https:\\\/\\\/montecarloliving.com\\\/fr\\\/#website\"},\"primaryImageOfPage\":{\"@id\":\"https:\\\/\\\/montecarloliving.com\\\/fr\\\/actualite\\\/fermeture-des-bureaux-de-poste-monaco-8-mai-2026-suspension-des-services-postaux-30738\\\/#primaryimage\"},\"image\":{\"@id\":\"https:\\\/\\\/montecarloliving.com\\\/fr\\\/actualite\\\/fermeture-des-bureaux-de-poste-monaco-8-mai-2026-suspension-des-services-postaux-30738\\\/#primaryimage\"},\"thumbnailUrl\":\"https:\\\/\\\/montecarloliving.com\\\/wp-content\\\/uploads\\\/2026\\\/04\\\/R-2026-04-30T121554.886.jpg\",\"datePublished\":\"2026-05-01T07:13:20+00:00\",\"author\":{\"@id\":\"https:\\\/\\\/montecarloliving.com\\\/fr\\\/#\\\/schema\\\/person\\\/7e5945d4560862b7f2d2c6831bda2819\"},\"description\":\"Fermeture des bureaux de Poste \u00e0 Monaco le 8 mai 2026 \u00e0 l\u2019occasion de la comm\u00e9moration de la fin de la Seconde Guerre mondiale\",\"breadcrumb\":{\"@id\":\"https:\\\/\\\/montecarloliving.com\\\/fr\\\/actualite\\\/fermeture-des-bureaux-de-poste-monaco-8-mai-2026-suspension-des-services-postaux-30738\\\/#breadcrumb\"},\"inLanguage\":\"fr-FR\",\"potentialAction\":[{\"@type\":\"ReadAction\",\"target\":[\"https:\\\/\\\/montecarloliving.com\\\/fr\\\/actualite\\\/fermeture-des-bureaux-de-poste-monaco-8-mai-2026-suspension-des-services-postaux-30738\\\/\"]}]},{\"@type\":\"ImageObject\",\"inLanguage\":\"fr-FR\",\"@id\":\"https:\\\/\\\/montecarloliving.com\\\/fr\\\/actualite\\\/fermeture-des-bureaux-de-poste-monaco-8-mai-2026-suspension-des-services-postaux-30738\\\/#primaryimage\",\"url\":\"https:\\\/\\\/montecarloliving.com\\\/wp-content\\\/uploads\\\/2026\\\/04\\\/R-2026-04-30T121554.886.jpg\",\"contentUrl\":\"https:\\\/\\\/montecarloliving.com\\\/wp-content\\\/uploads\\\/2026\\\/04\\\/R-2026-04-30T121554.886.jpg\",\"width\":2000,\"height\":1125},{\"@type\":\"BreadcrumbList\",\"@id\":\"https:\\\/\\\/montecarloliving.com\\\/fr\\\/actualite\\\/fermeture-des-bureaux-de-poste-monaco-8-mai-2026-suspension-des-services-postaux-30738\\\/#breadcrumb\",\"itemListElement\":[{\"@type\":\"ListItem\",\"position\":1,\"name\":\"Home\",\"item\":\"https:\\\/\\\/montecarloliving.com\\\/fr\\\/\"},{\"@type\":\"ListItem\",\"position\":2,\"name\":\"Fermeture des bureaux de Poste \u00e0 Monaco le 8 mai 2026: suspension des services postaux\"}]},{\"@type\":\"WebSite\",\"@id\":\"https:\\\/\\\/montecarloliving.com\\\/fr\\\/#website\",\"url\":\"https:\\\/\\\/montecarloliving.com\\\/fr\\\/\",\"name\":\"Montecarlo Living\",\"description\":\"News da Montecarlo - Principato di Monaco e Costa Azzurra\",\"potentialAction\":[{\"@type\":\"SearchAction\",\"target\":{\"@type\":\"EntryPoint\",\"urlTemplate\":\"https:\\\/\\\/montecarloliving.com\\\/fr\\\/?s={search_term_string}\"},\"query-input\":{\"@type\":\"PropertyValueSpecification\",\"valueRequired\":true,\"valueName\":\"search_term_string\"}}],\"inLanguage\":\"fr-FR\"},{\"@type\":\"Person\",\"@id\":\"https:\\\/\\\/montecarloliving.com\\\/fr\\\/#\\\/schema\\\/person\\\/7e5945d4560862b7f2d2c6831bda2819\",\"name\":\"Redazione\",\"image\":{\"@type\":\"ImageObject\",\"inLanguage\":\"fr-FR\",\"@id\":\"https:\\\/\\\/secure.gravatar.com\\\/avatar\\\/8b5f26557e18fe74ad8e8a57ebb2925d88af8a90cee489ff2beefb391bc9b9c7?s=96&d=mm&r=g\",\"url\":\"https:\\\/\\\/secure.gravatar.com\\\/avatar\\\/8b5f26557e18fe74ad8e8a57ebb2925d88af8a90cee489ff2beefb391bc9b9c7?s=96&d=mm&r=g\",\"contentUrl\":\"https:\\\/\\\/secure.gravatar.com\\\/avatar\\\/8b5f26557e18fe74ad8e8a57ebb2925d88af8a90cee489ff2beefb391bc9b9c7?s=96&d=mm&r=g\",\"caption\":\"Redazione\"}}]}<\/script>\n<!-- \/ Yoast SEO plugin. -->","yoast_head_json":{"title":"Fermeture des bureaux de Poste \u00e0 Monaco le 8 mai 2026","description":"Fermeture des bureaux de Poste \u00e0 Monaco le 8 mai 2026 \u00e0 l\u2019occasion de la comm\u00e9moration de la fin de la Seconde Guerre mondiale","robots":{"index":"index","follow":"follow","max-snippet":"max-snippet:-1","max-image-preview":"max-image-preview:large","max-video-preview":"max-video-preview:-1"},"canonical":"https:\/\/montecarloliving.com\/fr\/actualite\/fermeture-des-bureaux-de-poste-monaco-8-mai-2026-suspension-des-services-postaux-30738\/","og_locale":"fr_FR","og_title":"Fermeture des bureaux de Poste \u00e0 Monaco le 8 mai 2026","og_description":"Fermeture des bureaux de Poste \u00e0 Monaco le 8 mai 2026 \u00e0 l\u2019occasion de la comm\u00e9moration de la fin de la Seconde Guerre mondiale","og_url":"https:\/\/montecarloliving.com\/fr\/actualite\/fermeture-des-bureaux-de-poste-monaco-8-mai-2026-suspension-des-services-postaux-30738\/","og_site_name":"Montecarlo Living","article_publisher":"https:\/\/www.facebook.com\/montecarlolivingcom\/","article_published_time":"2026-05-01T07:13:20+00:00","og_image":[{"width":650,"height":400,"url":"https:\/\/montecarloliving.com\/wp-content\/uploads\/2026\/04\/R-2026-04-30T121554.886-650x400.jpg","type":"image\/jpeg"}],"author":"Redazione","twitter_card":"summary_large_image","twitter_creator":"@MonteCarloLivi","twitter_site":"@MonteCarloLivi","twitter_misc":{"\u00c9crit par":"Redazione","Dur\u00e9e de lecture estim\u00e9e":"2 minutes"},"schema":{"@context":"https:\/\/schema.org","@graph":[{"@type":"Article","@id":"https:\/\/montecarloliving.com\/fr\/actualite\/fermeture-des-bureaux-de-poste-monaco-8-mai-2026-suspension-des-services-postaux-30738\/#article","isPartOf":{"@id":"https:\/\/montecarloliving.com\/fr\/actualite\/fermeture-des-bureaux-de-poste-monaco-8-mai-2026-suspension-des-services-postaux-30738\/"},"author":{"name":"Redazione","@id":"https:\/\/montecarloliving.com\/fr\/#\/schema\/person\/7e5945d4560862b7f2d2c6831bda2819"},"headline":"Fermeture des bureaux de Poste \u00e0 Monaco le 8 mai 2026: suspension des services postaux","datePublished":"2026-05-01T07:13:20+00:00","mainEntityOfPage":{"@id":"https:\/\/montecarloliving.com\/fr\/actualite\/fermeture-des-bureaux-de-poste-monaco-8-mai-2026-suspension-des-services-postaux-30738\/"},"wordCount":277,"image":{"@id":"https:\/\/montecarloliving.com\/fr\/actualite\/fermeture-des-bureaux-de-poste-monaco-8-mai-2026-suspension-des-services-postaux-30738\/#primaryimage"},"thumbnailUrl":"https:\/\/montecarloliving.com\/wp-content\/uploads\/2026\/04\/R-2026-04-30T121554.886.jpg","articleSection":["Actualit\u00e9","Actualit\u00e9 \u00e0 Monaco","Monaco"],"inLanguage":"fr-FR"},{"@type":"WebPage","@id":"https:\/\/montecarloliving.com\/fr\/actualite\/fermeture-des-bureaux-de-poste-monaco-8-mai-2026-suspension-des-services-postaux-30738\/","url":"https:\/\/montecarloliving.com\/fr\/actualite\/fermeture-des-bureaux-de-poste-monaco-8-mai-2026-suspension-des-services-postaux-30738\/","name":"Fermeture des bureaux de Poste \u00e0 Monaco le 8 mai 2026","isPartOf":{"@id":"https:\/\/montecarloliving.com\/fr\/#website"},"primaryImageOfPage":{"@id":"https:\/\/montecarloliving.com\/fr\/actualite\/fermeture-des-bureaux-de-poste-monaco-8-mai-2026-suspension-des-services-postaux-30738\/#primaryimage"},"image":{"@id":"https:\/\/montecarloliving.com\/fr\/actualite\/fermeture-des-bureaux-de-poste-monaco-8-mai-2026-suspension-des-services-postaux-30738\/#primaryimage"},"thumbnailUrl":"https:\/\/montecarloliving.com\/wp-content\/uploads\/2026\/04\/R-2026-04-30T121554.886.jpg","datePublished":"2026-05-01T07:13:20+00:00","author":{"@id":"https:\/\/montecarloliving.com\/fr\/#\/schema\/person\/7e5945d4560862b7f2d2c6831bda2819"},"description":"Fermeture des bureaux de Poste \u00e0 Monaco le 8 mai 2026 \u00e0 l\u2019occasion de la comm\u00e9moration de la fin de la Seconde Guerre mondiale","breadcrumb":{"@id":"https:\/\/montecarloliving.com\/fr\/actualite\/fermeture-des-bureaux-de-poste-monaco-8-mai-2026-suspension-des-services-postaux-30738\/#breadcrumb"},"inLanguage":"fr-FR","potentialAction":[{"@type":"ReadAction","target":["https:\/\/montecarloliving.com\/fr\/actualite\/fermeture-des-bureaux-de-poste-monaco-8-mai-2026-suspension-des-services-postaux-30738\/"]}]},{"@type":"ImageObject","inLanguage":"fr-FR","@id":"https:\/\/montecarloliving.com\/fr\/actualite\/fermeture-des-bureaux-de-poste-monaco-8-mai-2026-suspension-des-services-postaux-30738\/#primaryimage","url":"https:\/\/montecarloliving.com\/wp-content\/uploads\/2026\/04\/R-2026-04-30T121554.886.jpg","contentUrl":"https:\/\/montecarloliving.com\/wp-content\/uploads\/2026\/04\/R-2026-04-30T121554.886.jpg","width":2000,"height":1125},{"@type":"BreadcrumbList","@id":"https:\/\/montecarloliving.com\/fr\/actualite\/fermeture-des-bureaux-de-poste-monaco-8-mai-2026-suspension-des-services-postaux-30738\/#breadcrumb","itemListElement":[{"@type":"ListItem","position":1,"name":"Home","item":"https:\/\/montecarloliving.com\/fr\/"},{"@type":"ListItem","position":2,"name":"Fermeture des bureaux de Poste \u00e0 Monaco le 8 mai 2026: suspension des services postaux"}]},{"@type":"WebSite","@id":"https:\/\/montecarloliving.com\/fr\/#website","url":"https:\/\/montecarloliving.com\/fr\/","name":"Montecarlo Living","description":"News da Montecarlo - Principato di Monaco e Costa Azzurra","potentialAction":[{"@type":"SearchAction","target":{"@type":"EntryPoint","urlTemplate":"https:\/\/montecarloliving.com\/fr\/?s={search_term_string}"},"query-input":{"@type":"PropertyValueSpecification","valueRequired":true,"valueName":"search_term_string"}}],"inLanguage":"fr-FR"},{"@type":"Person","@id":"https:\/\/montecarloliving.com\/fr\/#\/schema\/person\/7e5945d4560862b7f2d2c6831bda2819","name":"Redazione","image":{"@type":"ImageObject","inLanguage":"fr-FR","@id":"https:\/\/secure.gravatar.com\/avatar\/8b5f26557e18fe74ad8e8a57ebb2925d88af8a90cee489ff2beefb391bc9b9c7?s=96&d=mm&r=g","url":"https:\/\/secure.gravatar.com\/avatar\/8b5f26557e18fe74ad8e8a57ebb2925d88af8a90cee489ff2beefb391bc9b9c7?s=96&d=mm&r=g","contentUrl":"https:\/\/secure.gravatar.com\/avatar\/8b5f26557e18fe74ad8e8a57ebb2925d88af8a90cee489ff2beefb391bc9b9c7?s=96&d=mm&r=g","caption":"Redazione"}}]}},"_links":{"self":[{"href":"https:\/\/montecarloliving.com\/fr\/wp-json\/wp\/v2\/posts\/30738","targetHints":{"allow":["GET"]}}],"collection":[{"href":"https:\/\/montecarloliving.com\/fr\/wp-json\/wp\/v2\/posts"}],"about":[{"href":"https:\/\/montecarloliving.com\/fr\/wp-json\/wp\/v2\/types\/post"}],"author":[{"embeddable":true,"href":"https:\/\/montecarloliving.com\/fr\/wp-json\/wp\/v2\/users\/1"}],"replies":[{"embeddable":true,"href":"https:\/\/montecarloliving.com\/fr\/wp-json\/wp\/v2\/comments?post=30738"}],"version-history":[{"count":1,"href":"https:\/\/montecarloliving.com\/fr\/wp-json\/wp\/v2\/posts\/30738\/revisions"}],"predecessor-version":[{"id":30739,"href":"https:\/\/montecarloliving.com\/fr\/wp-json\/wp\/v2\/posts\/30738\/revisions\/30739"}],"wp:featuredmedia":[{"embeddable":true,"href":"https:\/\/montecarloliving.com\/fr\/wp-json\/wp\/v2\/media\/30734"}],"wp:attachment":[{"href":"https:\/\/montecarloliving.com\/fr\/wp-json\/wp\/v2\/media?parent=30738"}],"wp:term":[{"taxonomy":"category","embeddable":true,"href":"https:\/\/montecarloliving.com\/fr\/wp-json\/wp\/v2\/categories?post=30738"},{"taxonomy":"post_tag","embeddable":true,"href":"https:\/\/montecarloliving.com\/fr\/wp-json\/wp\/v2\/tags?post=30738"}],"curies":[{"name":"wp","href":"https:\/\/api.w.org\/{rel}","templated":true}]}}