{"id":30728,"date":"2026-05-01T08:58:50","date_gmt":"2026-05-01T06:58:50","guid":{"rendered":"https:\/\/montecarloliving.com\/?p=30728"},"modified":"2026-04-30T12:04:29","modified_gmt":"2026-04-30T10:04:29","slug":"fete-des-epouvantails-de-castellar-2026-village-devient-musee-ciel-ouvert-entre-art-et-durabilite","status":"publish","type":"post","link":"https:\/\/montecarloliving.com\/fr\/actualite\/fete-des-epouvantails-de-castellar-2026-village-devient-musee-ciel-ouvert-entre-art-et-durabilite-30728\/","title":{"rendered":"F\u00eate des \u00c9pouvantails de Castellar 2026: le village devient un mus\u00e9e \u00e0 ciel ouvert entre art et durabilit\u00e9"},"content":{"rendered":"<p data-start=\"4432\" data-end=\"4816\">Le village de <span class=\"hover:entity-accent entity-underline inline cursor-pointer align-baseline\"><span class=\"whitespace-normal\">Castellar s\u2019appr\u00eate \u00e0 accueillir une nouvelle \u00e9dition de la traditionnelle F\u00eate des \u00c9pouvantails, du 3 au 10 mai 2026. Pour sa 32e \u00e9dition, l\u2019\u00e9v\u00e9nement transformera une nouvelle fois les rues, les places et les paysages du village en un mus\u00e9e \u00e0 ciel ouvert color\u00e9, d\u00e9di\u00e9 \u00e0 l\u2019art populaire, \u00e0 la cr\u00e9ativit\u00e9 et \u00e0 la durabilit\u00e9 environnementale.<\/p>\n<p data-start=\"4818\" data-end=\"5086\">La manifestation est devenue l\u2019un des rendez-vous printaniers les plus attendus de la r\u00e9gion, attirant chaque ann\u00e9e des visiteurs venus de tout le nord de l\u2019Italie gr\u00e2ce \u00e0 son atmosph\u00e8re unique m\u00ealant tradition rurale, participation citoyenne et expression artistique.<\/p>\n<h2 data-section-id=\"124lhv0\" data-start=\"5088\" data-end=\"5155\">Une c\u00e9l\u00e9bration de la cr\u00e9ativit\u00e9, de l\u2019inclusion et du recyclage<\/h2>\n<p data-start=\"5157\" data-end=\"5370\">La F\u00eate des \u00c9pouvantails est bien plus qu\u2019une exposition : c\u2019est un projet collectif impliquant citoyens, \u00e9coles, associations, familles et groupes locaux dans la cr\u00e9ation de centaines d\u2019installations artistiques.<\/p>\n<p data-start=\"5372\" data-end=\"5588\">Chaque \u00e9pouvantail est r\u00e9alis\u00e9 \u00e0 partir de mat\u00e9riaux recycl\u00e9s, donnant naissance \u00e0 des \u0153uvres originales et souvent surprenantes, qui racontent des histoires tout en refl\u00e9tant le lien entre territoire et imagination.<\/p>\n<p data-start=\"5590\" data-end=\"5876\">L\u2019\u00e9v\u00e9nement se distingue par sa forte dimension sociale et inclusive : des personnes de tous \u00e2ges participent, y compris des enfants, des personnes \u00e2g\u00e9es et des personnes en situation de handicap, dans une d\u00e9marche cr\u00e9ative partag\u00e9e favorisant la coop\u00e9ration et l\u2019expression collective.<\/p>\n<h2 data-section-id=\"1nd807o\" data-start=\"5878\" data-end=\"5932\">Durabilit\u00e9 et mobilit\u00e9 douce au c\u0153ur de l\u2019\u00e9v\u00e9nement<\/h2>\n<p data-start=\"5934\" data-end=\"6199\">L\u2019un des axes majeurs de l\u2019\u00e9dition 2026 est la durabilit\u00e9 environnementale. Les organisateurs encouragent les visiteurs \u00e0 rejoindre Castellar en transports \u00e9cologiques tels que le bus ou le v\u00e9lo, gr\u00e2ce \u00e0 la piste cyclable reliant le village aux zones environnantes.<\/p>\n<p data-start=\"6201\" data-end=\"6368\">Lors des deux dimanches de la manifestation, un service de navettes gratuites sera mis en place, et des v\u00e9los \u00e0 assistance \u00e9lectrique seront disponibles \u00e0 la location.<\/p>\n<p data-start=\"6370\" data-end=\"6503\">Une d\u00e9marche qui renforce le message du festival : culture, tourisme et respect de l\u2019environnement peuvent coexister harmonieusement.<\/p>\n<h2 data-section-id=\"mugszz\" data-start=\"6505\" data-end=\"6569\">Un programme riche entre spectacles, ateliers et musique live<\/h2>\n<p data-start=\"6571\" data-end=\"6649\">L\u2019\u00e9dition 2026 propose un programme dense et vari\u00e9 destin\u00e9 \u00e0 tous les publics.<\/p>\n<h3 data-section-id=\"1uizcc1\" data-start=\"6651\" data-end=\"6669\">Dimanche 3 mai<\/h3>\n<p data-start=\"6670\" data-end=\"6856\">La journ\u00e9e d\u2019ouverture propose magie de rue, th\u00e9\u00e2tre de marionnettes, ateliers cr\u00e9atifs et musique itin\u00e9rante avec Andrea Marasso, Mago Ticket, la compagnie CIRCO PACCO et Son de la Rue.<\/p>\n<h3 data-section-id=\"1ghexql\" data-start=\"6858\" data-end=\"6874\">Samedi 9 mai<\/h3>\n<p data-start=\"6875\" data-end=\"7004\">Place aux enfants avec le Cirque de Marionnettes du Cerchio Tondo APS, suivi de musique folk et occitane avec le groupe Jonglars.<\/p>\n<h3 data-section-id=\"1thmnsz\" data-start=\"7006\" data-end=\"7025\">Dimanche 10 mai<\/h3>\n<p data-start=\"7026\" data-end=\"7225\">Grand final avec spectacles de th\u00e9\u00e2tre, ateliers artisanaux, musique live et performances artistiques, dont \u201cLa Regina di Paglia\u201d de la Compagnie ArteMakia et le projet musical DUEA des s\u0153urs Cesano.<\/p>\n<h2 data-section-id=\"1kwkxoz\" data-start=\"7227\" data-end=\"7291\">Activit\u00e9s compl\u00e9mentaires et valorisation du patrimoine local<\/h2>\n<p data-start=\"7293\" data-end=\"7497\">En parall\u00e8le du programme principal, des visites guid\u00e9es de la Chapelle de San Ponzio seront propos\u00e9es avec le FAI Giovani de Saluzzo, ainsi que des d\u00e9gustations de vins locaux \u00e0 La Cantina del Pelaverga.<\/p>\n<p data-start=\"7499\" data-end=\"7666\">Ces activit\u00e9s mettent en valeur le patrimoine culturel et gastronomique du territoire, offrant aux visiteurs une exp\u00e9rience compl\u00e8te entre art, histoire et traditions.<\/p>\n<h2 data-section-id=\"hdy3mx\" data-start=\"7668\" data-end=\"7725\">Une f\u00eate qui c\u00e9l\u00e8bre la communaut\u00e9 et l\u2019avenir durable<\/h2>\n<p data-start=\"7727\" data-end=\"7919\">La F\u00eate des \u00c9pouvantails de Castellar est bien plus qu\u2019un \u00e9v\u00e9nement folklorique : c\u2019est une exp\u00e9rience collective qui unit cr\u00e9ativit\u00e9, sensibilisation environnementale et esprit communautaire.<\/p>\n<p data-start=\"7921\" data-end=\"8052\">Chaque \u00e9pouvantail raconte une histoire, et chaque participant contribue \u00e0 un projet commun bas\u00e9 sur le recyclage et la durabilit\u00e9.<\/p>\n<p data-start=\"8054\" data-end=\"8255\">Entre champs fleuris, musique, ateliers et installations artistiques, Castellar devient une destination unique pour ceux qui recherchent une exp\u00e9rience authentique o\u00f9 nature et cr\u00e9ation se rencontrent.<\/p>\n<p data-start=\"8257\" data-end=\"8439\" data-is-last-node=\"\" data-is-only-node=\"\">Du 3 au 10 mai 2026, ce village du Pi\u00e9mont s\u2019impose une nouvelle fois comme un lieu de r\u00e9f\u00e9rence pour un tourisme culturel fond\u00e9 sur la participation, la durabilit\u00e9 et l\u2019imagination.<\/p>\n<p data-start=\"8257\" data-end=\"8439\" data-is-last-node=\"\" data-is-only-node=\"\"><img loading=\"lazy\" decoding=\"async\" class=\"size-full wp-image-30724 aligncenter\" src=\"https:\/\/montecarloliving.com\/wp-content\/uploads\/2026\/04\/680959955_1430345509119711_4126269852705745903_n.jpg\" alt=\"\" width=\"1449\" height=\"1811\" srcset=\"https:\/\/montecarloliving.com\/wp-content\/uploads\/2026\/04\/680959955_1430345509119711_4126269852705745903_n.jpg 1449w, https:\/\/montecarloliving.com\/wp-content\/uploads\/2026\/04\/680959955_1430345509119711_4126269852705745903_n-240x300.jpg 240w, https:\/\/montecarloliving.com\/wp-content\/uploads\/2026\/04\/680959955_1430345509119711_4126269852705745903_n-819x1024.jpg 819w, https:\/\/montecarloliving.com\/wp-content\/uploads\/2026\/04\/680959955_1430345509119711_4126269852705745903_n-768x960.jpg 768w, https:\/\/montecarloliving.com\/wp-content\/uploads\/2026\/04\/680959955_1430345509119711_4126269852705745903_n-1229x1536.jpg 1229w\" sizes=\"auto, (max-width: 1449px) 100vw, 1449px\" \/><\/p>\n","protected":false},"excerpt":{"rendered":"<p>Le village de Castellar s\u2019appr\u00eate \u00e0 accueillir une nouvelle \u00e9dition de la traditionnelle F\u00eate des \u00c9pouvantails, du 3 au 10 mai 2026. Pour sa 32e \u00e9dition, l\u2019\u00e9v\u00e9nement transformera une nouvelle fois les rues, les places et les paysages du village en un mus\u00e9e \u00e0 [&hellip;]<\/p>\n","protected":false},"author":1,"featured_media":30724,"comment_status":"closed","ping_status":"closed","sticky":false,"template":"","format":"standard","meta":{"footnotes":""},"categories":[827,828,908],"tags":[],"class_list":["post-30728","post","type-post","status-publish","format-standard","has-post-thumbnail","hentry","category-actualite","category-evenements","category-cote-dazur"],"yoast_head":"<!-- This site is optimized with the Yoast SEO plugin v27.5 - https:\/\/yoast.com\/product\/yoast-seo-wordpress\/ -->\n<title>F\u00eate des \u00c9pouvantails de Castellar 2026<\/title>\n<meta name=\"description\" content=\"F\u00eate des \u00c9pouvantails de Castellar 2026 : le village devient un mus\u00e9e \u00e0 ciel ouvert entre art et durabilit\u00e9\" \/>\n<meta name=\"robots\" content=\"index, follow, max-snippet:-1, max-image-preview:large, max-video-preview:-1\" \/>\n<link rel=\"canonical\" href=\"https:\/\/montecarloliving.com\/fr\/actualite\/fete-des-epouvantails-de-castellar-2026-village-devient-musee-ciel-ouvert-entre-art-et-durabilite-30728\/\" \/>\n<meta property=\"og:locale\" content=\"fr_FR\" \/>\n<meta property=\"og:title\" content=\"F\u00eate des \u00c9pouvantails de Castellar 2026\" \/>\n<meta property=\"og:description\" content=\"F\u00eate des \u00c9pouvantails de Castellar 2026 : le village devient un mus\u00e9e \u00e0 ciel ouvert entre art et durabilit\u00e9\" \/>\n<meta property=\"og:url\" content=\"https:\/\/montecarloliving.com\/fr\/actualite\/fete-des-epouvantails-de-castellar-2026-village-devient-musee-ciel-ouvert-entre-art-et-durabilite-30728\/\" \/>\n<meta property=\"og:site_name\" content=\"Montecarlo Living\" \/>\n<meta property=\"article:publisher\" content=\"https:\/\/www.facebook.com\/montecarlolivingcom\/\" \/>\n<meta property=\"article:published_time\" content=\"2026-05-01T06:58:50+00:00\" \/>\n<meta property=\"og:image\" content=\"https:\/\/montecarloliving.com\/wp-content\/uploads\/2026\/04\/680959955_1430345509119711_4126269852705745903_n-650x400.jpg\" \/>\n\t<meta property=\"og:image:width\" content=\"650\" \/>\n\t<meta property=\"og:image:height\" content=\"400\" \/>\n\t<meta property=\"og:image:type\" content=\"image\/jpeg\" \/>\n<meta name=\"author\" content=\"Redazione\" \/>\n<meta name=\"twitter:card\" content=\"summary_large_image\" \/>\n<meta name=\"twitter:creator\" content=\"@MonteCarloLivi\" \/>\n<meta name=\"twitter:site\" content=\"@MonteCarloLivi\" \/>\n<meta name=\"twitter:label1\" content=\"\u00c9crit par\" \/>\n\t<meta name=\"twitter:data1\" content=\"Redazione\" \/>\n\t<meta name=\"twitter:label2\" content=\"Dur\u00e9e de lecture estim\u00e9e\" \/>\n\t<meta name=\"twitter:data2\" content=\"4 minutes\" \/>\n<script type=\"application\/ld+json\" class=\"yoast-schema-graph\">{\"@context\":\"https:\\\/\\\/schema.org\",\"@graph\":[{\"@type\":\"Article\",\"@id\":\"https:\\\/\\\/montecarloliving.com\\\/fr\\\/actualite\\\/fete-des-epouvantails-de-castellar-2026-village-devient-musee-ciel-ouvert-entre-art-et-durabilite-30728\\\/#article\",\"isPartOf\":{\"@id\":\"https:\\\/\\\/montecarloliving.com\\\/fr\\\/actualite\\\/fete-des-epouvantails-de-castellar-2026-village-devient-musee-ciel-ouvert-entre-art-et-durabilite-30728\\\/\"},\"author\":{\"name\":\"Redazione\",\"@id\":\"https:\\\/\\\/montecarloliving.com\\\/fr\\\/#\\\/schema\\\/person\\\/7e5945d4560862b7f2d2c6831bda2819\"},\"headline\":\"F\u00eate des \u00c9pouvantails de Castellar 2026: le village devient un mus\u00e9e \u00e0 ciel ouvert entre art et durabilit\u00e9\",\"datePublished\":\"2026-05-01T06:58:50+00:00\",\"mainEntityOfPage\":{\"@id\":\"https:\\\/\\\/montecarloliving.com\\\/fr\\\/actualite\\\/fete-des-epouvantails-de-castellar-2026-village-devient-musee-ciel-ouvert-entre-art-et-durabilite-30728\\\/\"},\"wordCount\":659,\"image\":{\"@id\":\"https:\\\/\\\/montecarloliving.com\\\/fr\\\/actualite\\\/fete-des-epouvantails-de-castellar-2026-village-devient-musee-ciel-ouvert-entre-art-et-durabilite-30728\\\/#primaryimage\"},\"thumbnailUrl\":\"https:\\\/\\\/montecarloliving.com\\\/wp-content\\\/uploads\\\/2026\\\/04\\\/680959955_1430345509119711_4126269852705745903_n.jpg\",\"articleSection\":[\"Actualit\u00e9\",\"\u00c9v\u00e9nements\",\"La C\u00f4te d'Azur\"],\"inLanguage\":\"fr-FR\"},{\"@type\":\"WebPage\",\"@id\":\"https:\\\/\\\/montecarloliving.com\\\/fr\\\/actualite\\\/fete-des-epouvantails-de-castellar-2026-village-devient-musee-ciel-ouvert-entre-art-et-durabilite-30728\\\/\",\"url\":\"https:\\\/\\\/montecarloliving.com\\\/fr\\\/actualite\\\/fete-des-epouvantails-de-castellar-2026-village-devient-musee-ciel-ouvert-entre-art-et-durabilite-30728\\\/\",\"name\":\"F\u00eate des \u00c9pouvantails de Castellar 2026\",\"isPartOf\":{\"@id\":\"https:\\\/\\\/montecarloliving.com\\\/fr\\\/#website\"},\"primaryImageOfPage\":{\"@id\":\"https:\\\/\\\/montecarloliving.com\\\/fr\\\/actualite\\\/fete-des-epouvantails-de-castellar-2026-village-devient-musee-ciel-ouvert-entre-art-et-durabilite-30728\\\/#primaryimage\"},\"image\":{\"@id\":\"https:\\\/\\\/montecarloliving.com\\\/fr\\\/actualite\\\/fete-des-epouvantails-de-castellar-2026-village-devient-musee-ciel-ouvert-entre-art-et-durabilite-30728\\\/#primaryimage\"},\"thumbnailUrl\":\"https:\\\/\\\/montecarloliving.com\\\/wp-content\\\/uploads\\\/2026\\\/04\\\/680959955_1430345509119711_4126269852705745903_n.jpg\",\"datePublished\":\"2026-05-01T06:58:50+00:00\",\"author\":{\"@id\":\"https:\\\/\\\/montecarloliving.com\\\/fr\\\/#\\\/schema\\\/person\\\/7e5945d4560862b7f2d2c6831bda2819\"},\"description\":\"F\u00eate des \u00c9pouvantails de Castellar 2026 : le village devient un mus\u00e9e \u00e0 ciel ouvert entre art et durabilit\u00e9\",\"breadcrumb\":{\"@id\":\"https:\\\/\\\/montecarloliving.com\\\/fr\\\/actualite\\\/fete-des-epouvantails-de-castellar-2026-village-devient-musee-ciel-ouvert-entre-art-et-durabilite-30728\\\/#breadcrumb\"},\"inLanguage\":\"fr-FR\",\"potentialAction\":[{\"@type\":\"ReadAction\",\"target\":[\"https:\\\/\\\/montecarloliving.com\\\/fr\\\/actualite\\\/fete-des-epouvantails-de-castellar-2026-village-devient-musee-ciel-ouvert-entre-art-et-durabilite-30728\\\/\"]}]},{\"@type\":\"ImageObject\",\"inLanguage\":\"fr-FR\",\"@id\":\"https:\\\/\\\/montecarloliving.com\\\/fr\\\/actualite\\\/fete-des-epouvantails-de-castellar-2026-village-devient-musee-ciel-ouvert-entre-art-et-durabilite-30728\\\/#primaryimage\",\"url\":\"https:\\\/\\\/montecarloliving.com\\\/wp-content\\\/uploads\\\/2026\\\/04\\\/680959955_1430345509119711_4126269852705745903_n.jpg\",\"contentUrl\":\"https:\\\/\\\/montecarloliving.com\\\/wp-content\\\/uploads\\\/2026\\\/04\\\/680959955_1430345509119711_4126269852705745903_n.jpg\",\"width\":1449,\"height\":1811},{\"@type\":\"BreadcrumbList\",\"@id\":\"https:\\\/\\\/montecarloliving.com\\\/fr\\\/actualite\\\/fete-des-epouvantails-de-castellar-2026-village-devient-musee-ciel-ouvert-entre-art-et-durabilite-30728\\\/#breadcrumb\",\"itemListElement\":[{\"@type\":\"ListItem\",\"position\":1,\"name\":\"Home\",\"item\":\"https:\\\/\\\/montecarloliving.com\\\/fr\\\/\"},{\"@type\":\"ListItem\",\"position\":2,\"name\":\"F\u00eate des \u00c9pouvantails de Castellar 2026: le village devient un mus\u00e9e \u00e0 ciel ouvert entre art et durabilit\u00e9\"}]},{\"@type\":\"WebSite\",\"@id\":\"https:\\\/\\\/montecarloliving.com\\\/fr\\\/#website\",\"url\":\"https:\\\/\\\/montecarloliving.com\\\/fr\\\/\",\"name\":\"Montecarlo Living\",\"description\":\"News da Montecarlo - Principato di Monaco e Costa Azzurra\",\"potentialAction\":[{\"@type\":\"SearchAction\",\"target\":{\"@type\":\"EntryPoint\",\"urlTemplate\":\"https:\\\/\\\/montecarloliving.com\\\/fr\\\/?s={search_term_string}\"},\"query-input\":{\"@type\":\"PropertyValueSpecification\",\"valueRequired\":true,\"valueName\":\"search_term_string\"}}],\"inLanguage\":\"fr-FR\"},{\"@type\":\"Person\",\"@id\":\"https:\\\/\\\/montecarloliving.com\\\/fr\\\/#\\\/schema\\\/person\\\/7e5945d4560862b7f2d2c6831bda2819\",\"name\":\"Redazione\",\"image\":{\"@type\":\"ImageObject\",\"inLanguage\":\"fr-FR\",\"@id\":\"https:\\\/\\\/secure.gravatar.com\\\/avatar\\\/8b5f26557e18fe74ad8e8a57ebb2925d88af8a90cee489ff2beefb391bc9b9c7?s=96&d=mm&r=g\",\"url\":\"https:\\\/\\\/secure.gravatar.com\\\/avatar\\\/8b5f26557e18fe74ad8e8a57ebb2925d88af8a90cee489ff2beefb391bc9b9c7?s=96&d=mm&r=g\",\"contentUrl\":\"https:\\\/\\\/secure.gravatar.com\\\/avatar\\\/8b5f26557e18fe74ad8e8a57ebb2925d88af8a90cee489ff2beefb391bc9b9c7?s=96&d=mm&r=g\",\"caption\":\"Redazione\"}}]}<\/script>\n<!-- \/ Yoast SEO plugin. -->","yoast_head_json":{"title":"F\u00eate des \u00c9pouvantails de Castellar 2026","description":"F\u00eate des \u00c9pouvantails de Castellar 2026 : le village devient un mus\u00e9e \u00e0 ciel ouvert entre art et durabilit\u00e9","robots":{"index":"index","follow":"follow","max-snippet":"max-snippet:-1","max-image-preview":"max-image-preview:large","max-video-preview":"max-video-preview:-1"},"canonical":"https:\/\/montecarloliving.com\/fr\/actualite\/fete-des-epouvantails-de-castellar-2026-village-devient-musee-ciel-ouvert-entre-art-et-durabilite-30728\/","og_locale":"fr_FR","og_title":"F\u00eate des \u00c9pouvantails de Castellar 2026","og_description":"F\u00eate des \u00c9pouvantails de Castellar 2026 : le village devient un mus\u00e9e \u00e0 ciel ouvert entre art et durabilit\u00e9","og_url":"https:\/\/montecarloliving.com\/fr\/actualite\/fete-des-epouvantails-de-castellar-2026-village-devient-musee-ciel-ouvert-entre-art-et-durabilite-30728\/","og_site_name":"Montecarlo Living","article_publisher":"https:\/\/www.facebook.com\/montecarlolivingcom\/","article_published_time":"2026-05-01T06:58:50+00:00","og_image":[{"width":650,"height":400,"url":"https:\/\/montecarloliving.com\/wp-content\/uploads\/2026\/04\/680959955_1430345509119711_4126269852705745903_n-650x400.jpg","type":"image\/jpeg"}],"author":"Redazione","twitter_card":"summary_large_image","twitter_creator":"@MonteCarloLivi","twitter_site":"@MonteCarloLivi","twitter_misc":{"\u00c9crit par":"Redazione","Dur\u00e9e de lecture estim\u00e9e":"4 minutes"},"schema":{"@context":"https:\/\/schema.org","@graph":[{"@type":"Article","@id":"https:\/\/montecarloliving.com\/fr\/actualite\/fete-des-epouvantails-de-castellar-2026-village-devient-musee-ciel-ouvert-entre-art-et-durabilite-30728\/#article","isPartOf":{"@id":"https:\/\/montecarloliving.com\/fr\/actualite\/fete-des-epouvantails-de-castellar-2026-village-devient-musee-ciel-ouvert-entre-art-et-durabilite-30728\/"},"author":{"name":"Redazione","@id":"https:\/\/montecarloliving.com\/fr\/#\/schema\/person\/7e5945d4560862b7f2d2c6831bda2819"},"headline":"F\u00eate des \u00c9pouvantails de Castellar 2026: le village devient un mus\u00e9e \u00e0 ciel ouvert entre art et durabilit\u00e9","datePublished":"2026-05-01T06:58:50+00:00","mainEntityOfPage":{"@id":"https:\/\/montecarloliving.com\/fr\/actualite\/fete-des-epouvantails-de-castellar-2026-village-devient-musee-ciel-ouvert-entre-art-et-durabilite-30728\/"},"wordCount":659,"image":{"@id":"https:\/\/montecarloliving.com\/fr\/actualite\/fete-des-epouvantails-de-castellar-2026-village-devient-musee-ciel-ouvert-entre-art-et-durabilite-30728\/#primaryimage"},"thumbnailUrl":"https:\/\/montecarloliving.com\/wp-content\/uploads\/2026\/04\/680959955_1430345509119711_4126269852705745903_n.jpg","articleSection":["Actualit\u00e9","\u00c9v\u00e9nements","La C\u00f4te d'Azur"],"inLanguage":"fr-FR"},{"@type":"WebPage","@id":"https:\/\/montecarloliving.com\/fr\/actualite\/fete-des-epouvantails-de-castellar-2026-village-devient-musee-ciel-ouvert-entre-art-et-durabilite-30728\/","url":"https:\/\/montecarloliving.com\/fr\/actualite\/fete-des-epouvantails-de-castellar-2026-village-devient-musee-ciel-ouvert-entre-art-et-durabilite-30728\/","name":"F\u00eate des \u00c9pouvantails de Castellar 2026","isPartOf":{"@id":"https:\/\/montecarloliving.com\/fr\/#website"},"primaryImageOfPage":{"@id":"https:\/\/montecarloliving.com\/fr\/actualite\/fete-des-epouvantails-de-castellar-2026-village-devient-musee-ciel-ouvert-entre-art-et-durabilite-30728\/#primaryimage"},"image":{"@id":"https:\/\/montecarloliving.com\/fr\/actualite\/fete-des-epouvantails-de-castellar-2026-village-devient-musee-ciel-ouvert-entre-art-et-durabilite-30728\/#primaryimage"},"thumbnailUrl":"https:\/\/montecarloliving.com\/wp-content\/uploads\/2026\/04\/680959955_1430345509119711_4126269852705745903_n.jpg","datePublished":"2026-05-01T06:58:50+00:00","author":{"@id":"https:\/\/montecarloliving.com\/fr\/#\/schema\/person\/7e5945d4560862b7f2d2c6831bda2819"},"description":"F\u00eate des \u00c9pouvantails de Castellar 2026 : le village devient un mus\u00e9e \u00e0 ciel ouvert entre art et durabilit\u00e9","breadcrumb":{"@id":"https:\/\/montecarloliving.com\/fr\/actualite\/fete-des-epouvantails-de-castellar-2026-village-devient-musee-ciel-ouvert-entre-art-et-durabilite-30728\/#breadcrumb"},"inLanguage":"fr-FR","potentialAction":[{"@type":"ReadAction","target":["https:\/\/montecarloliving.com\/fr\/actualite\/fete-des-epouvantails-de-castellar-2026-village-devient-musee-ciel-ouvert-entre-art-et-durabilite-30728\/"]}]},{"@type":"ImageObject","inLanguage":"fr-FR","@id":"https:\/\/montecarloliving.com\/fr\/actualite\/fete-des-epouvantails-de-castellar-2026-village-devient-musee-ciel-ouvert-entre-art-et-durabilite-30728\/#primaryimage","url":"https:\/\/montecarloliving.com\/wp-content\/uploads\/2026\/04\/680959955_1430345509119711_4126269852705745903_n.jpg","contentUrl":"https:\/\/montecarloliving.com\/wp-content\/uploads\/2026\/04\/680959955_1430345509119711_4126269852705745903_n.jpg","width":1449,"height":1811},{"@type":"BreadcrumbList","@id":"https:\/\/montecarloliving.com\/fr\/actualite\/fete-des-epouvantails-de-castellar-2026-village-devient-musee-ciel-ouvert-entre-art-et-durabilite-30728\/#breadcrumb","itemListElement":[{"@type":"ListItem","position":1,"name":"Home","item":"https:\/\/montecarloliving.com\/fr\/"},{"@type":"ListItem","position":2,"name":"F\u00eate des \u00c9pouvantails de Castellar 2026: le village devient un mus\u00e9e \u00e0 ciel ouvert entre art et durabilit\u00e9"}]},{"@type":"WebSite","@id":"https:\/\/montecarloliving.com\/fr\/#website","url":"https:\/\/montecarloliving.com\/fr\/","name":"Montecarlo Living","description":"News da Montecarlo - Principato di Monaco e Costa Azzurra","potentialAction":[{"@type":"SearchAction","target":{"@type":"EntryPoint","urlTemplate":"https:\/\/montecarloliving.com\/fr\/?s={search_term_string}"},"query-input":{"@type":"PropertyValueSpecification","valueRequired":true,"valueName":"search_term_string"}}],"inLanguage":"fr-FR"},{"@type":"Person","@id":"https:\/\/montecarloliving.com\/fr\/#\/schema\/person\/7e5945d4560862b7f2d2c6831bda2819","name":"Redazione","image":{"@type":"ImageObject","inLanguage":"fr-FR","@id":"https:\/\/secure.gravatar.com\/avatar\/8b5f26557e18fe74ad8e8a57ebb2925d88af8a90cee489ff2beefb391bc9b9c7?s=96&d=mm&r=g","url":"https:\/\/secure.gravatar.com\/avatar\/8b5f26557e18fe74ad8e8a57ebb2925d88af8a90cee489ff2beefb391bc9b9c7?s=96&d=mm&r=g","contentUrl":"https:\/\/secure.gravatar.com\/avatar\/8b5f26557e18fe74ad8e8a57ebb2925d88af8a90cee489ff2beefb391bc9b9c7?s=96&d=mm&r=g","caption":"Redazione"}}]}},"_links":{"self":[{"href":"https:\/\/montecarloliving.com\/fr\/wp-json\/wp\/v2\/posts\/30728","targetHints":{"allow":["GET"]}}],"collection":[{"href":"https:\/\/montecarloliving.com\/fr\/wp-json\/wp\/v2\/posts"}],"about":[{"href":"https:\/\/montecarloliving.com\/fr\/wp-json\/wp\/v2\/types\/post"}],"author":[{"embeddable":true,"href":"https:\/\/montecarloliving.com\/fr\/wp-json\/wp\/v2\/users\/1"}],"replies":[{"embeddable":true,"href":"https:\/\/montecarloliving.com\/fr\/wp-json\/wp\/v2\/comments?post=30728"}],"version-history":[{"count":1,"href":"https:\/\/montecarloliving.com\/fr\/wp-json\/wp\/v2\/posts\/30728\/revisions"}],"predecessor-version":[{"id":30729,"href":"https:\/\/montecarloliving.com\/fr\/wp-json\/wp\/v2\/posts\/30728\/revisions\/30729"}],"wp:featuredmedia":[{"embeddable":true,"href":"https:\/\/montecarloliving.com\/fr\/wp-json\/wp\/v2\/media\/30724"}],"wp:attachment":[{"href":"https:\/\/montecarloliving.com\/fr\/wp-json\/wp\/v2\/media?parent=30728"}],"wp:term":[{"taxonomy":"category","embeddable":true,"href":"https:\/\/montecarloliving.com\/fr\/wp-json\/wp\/v2\/categories?post=30728"},{"taxonomy":"post_tag","embeddable":true,"href":"https:\/\/montecarloliving.com\/fr\/wp-json\/wp\/v2\/tags?post=30728"}],"curies":[{"name":"wp","href":"https:\/\/api.w.org\/{rel}","templated":true}]}}