{"id":30718,"date":"2026-04-30T11:12:20","date_gmt":"2026-04-30T09:12:20","guid":{"rendered":"https:\/\/montecarloliving.com\/?p=30718"},"modified":"2026-04-30T11:19:26","modified_gmt":"2026-04-30T09:19:26","slug":"fete-des-mai-2026-menton-parc-du-pian-accueille-grande-fete-de-printemps-pour-les-familles","status":"publish","type":"post","link":"https:\/\/montecarloliving.com\/fr\/actualite\/fete-des-mai-2026-menton-parc-du-pian-accueille-grande-fete-de-printemps-pour-les-familles-30718\/","title":{"rendered":"F\u00eate des Mai 2026 \u00e0 Menton: le Parc du Pian accueille la grande f\u00eate de printemps pour les familles"},"content":{"rendered":"<section class=\"text-token-text-primary w-full focus:outline-none [--shadow-height:45px] has-data-writing-block:pointer-events-none has-data-writing-block:-mt-(--shadow-height) has-data-writing-block:pt-(--shadow-height) [&amp;:has([data-writing-block])&gt;*]:pointer-events-auto [content-visibility:auto] supports-[content-visibility:auto]:[contain-intrinsic-size:auto_100lvh] R6Vx5W_threadScrollVars scroll-mb-[calc(var(--scroll-root-safe-area-inset-bottom,0px)+var(--thread-response-height))] scroll-mt-[calc(var(--header-height)+min(200px,max(70px,20svh)))]\" dir=\"auto\" data-turn-id=\"request-WEB:171afeae-9df1-4a7f-89e8-73e4b005acc3-8\" data-testid=\"conversation-turn-18\" data-scroll-anchor=\"false\" data-turn=\"assistant\">\n<div class=\"text-base my-auto mx-auto pb-10 [--thread-content-margin:var(--thread-content-margin-xs,calc(var(--spacing)*4))] @w-sm\/main:[--thread-content-margin:var(--thread-content-margin-sm,calc(var(--spacing)*6))] @w-lg\/main:[--thread-content-margin:var(--thread-content-margin-lg,calc(var(--spacing)*16))] px-(--thread-content-margin)\">\n<div class=\"[--thread-content-max-width:40rem] @w-lg\/main:[--thread-content-max-width:48rem] mx-auto max-w-(--thread-content-max-width) flex-1 group\/turn-messages focus-visible:outline-hidden relative flex w-full min-w-0 flex-col agent-turn\">\n<div class=\"flex max-w-full flex-col gap-4 grow\">\n<div class=\"min-h-8 text-message relative flex w-full flex-col items-end gap-2 text-start break-words whitespace-normal outline-none keyboard-focused:focus-ring [.text-message+&amp;]:mt-1\" dir=\"auto\" tabindex=\"0\" data-message-author-role=\"assistant\" data-message-id=\"a5ff0aab-ffd4-4f5f-805d-bf2a547a08a3\" data-message-model-slug=\"gpt-5-3\" data-turn-start-message=\"true\">\n<div class=\"flex w-full flex-col gap-1 empty:hidden\">\n<div class=\"markdown prose dark:prose-invert w-full wrap-break-word light markdown-new-styling\">\n<p data-start=\"4144\" data-end=\"4592\">La ville de <span class=\"hover:entity-accent entity-underline inline cursor-pointer align-baseline\"><span class=\"whitespace-normal\">Menton s\u2019appr\u00eate \u00e0 accueillir l\u2019un des rendez-vous les plus attendus du printemps avec le retour de la traditionnelle F\u00eate des Mai, pr\u00e9vue le dimanche 3 mai 2026 au magnifique <span class=\"hover:entity-accent entity-underline inline cursor-pointer align-baseline\"><span class=\"whitespace-normal\">Parc du Pian. De 10h00 \u00e0 17h00, ce grand jardin public situ\u00e9 dans le quartier de Garavan se transformera en un espace d\u00e9di\u00e9 au divertissement, \u00e0 la cr\u00e9ativit\u00e9 et au partage familial pour petits et grands.<\/p>\n<p data-start=\"4594\" data-end=\"4831\">Cette manifestation repr\u00e9sente l\u2019une des c\u00e9l\u00e9brations printani\u00e8res les plus appr\u00e9ci\u00e9es de la C\u00f4te d\u2019Azur et attire chaque ann\u00e9e familles, habitants et visiteurs en qu\u00eate d\u2019une journ\u00e9e en plein air plac\u00e9e sous le signe de la convivialit\u00e9.<\/p>\n<h2 data-section-id=\"1qbei3l\" data-start=\"4833\" data-end=\"4895\">Une tradition profond\u00e9ment ancr\u00e9e dans la culture de Menton<\/h2>\n<p data-start=\"4897\" data-end=\"5081\">La F\u00eate des Mai n\u2019est pas seulement un \u00e9v\u00e9nement r\u00e9cr\u00e9atif, mais une v\u00e9ritable tradition locale profond\u00e9ment li\u00e9e \u00e0 l\u2019histoire et \u00e0 l\u2019identit\u00e9 de <span class=\"hover:entity-accent entity-underline inline cursor-pointer align-baseline\"><span class=\"whitespace-normal\">Menton.<\/p>\n<p data-start=\"5083\" data-end=\"5436\">Appr\u00e9ci\u00e9e par toutes les g\u00e9n\u00e9rations, cette f\u00eate repr\u00e9sente un moment de rencontre et de participation collective qui marque symboliquement l\u2019arriv\u00e9e du mois de mai et des beaux jours. Son objectif principal reste d\u2019offrir un espace de convivialit\u00e9 accessible \u00e0 tous, o\u00f9 enfants, parents et grands-parents peuvent partager une journ\u00e9e sp\u00e9ciale ensemble.<\/p>\n<p data-start=\"5438\" data-end=\"5626\">Comme le soulignent les organisateurs, il s\u2019agit d\u2019un \u00e9v\u00e9nement pens\u00e9 pour \u00ab passer une belle journ\u00e9e ensemble \u00bb, renfor\u00e7ant ainsi le sentiment de communaut\u00e9 et le lien avec le territoire.<\/p>\n<h2 data-section-id=\"14dlrge\" data-start=\"5628\" data-end=\"5687\">Des activit\u00e9s gratuites pour les enfants et les familles<\/h2>\n<p data-start=\"5689\" data-end=\"5847\">Le programme de la F\u00eate des Mai 2026 s\u2019annonce particuli\u00e8rement riche et vari\u00e9, avec de nombreuses activit\u00e9s gratuites con\u00e7ues pour toutes les tranches d\u2019\u00e2ge.<\/p>\n<p data-start=\"5849\" data-end=\"6110\">Les plus petits pourront profiter d\u2019ateliers cr\u00e9atifs de peinture et de dessin, de jeux collectifs, de structures gonflables et de maquillage pour enfants, tandis que les familles pourront participer ensemble \u00e0 des animations et jeux r\u00e9partis dans tout le parc.<\/p>\n<p data-start=\"6112\" data-end=\"6358\">Parmi les attractions les plus originales figure \u00e9galement le laser street, une activit\u00e9 dynamique et interactive qui apporte une touche moderne \u00e0 l\u2019\u00e9v\u00e9nement et rend la journ\u00e9e encore plus attrayante pour les adolescents et les jeunes visiteurs.<\/p>\n<p data-start=\"6360\" data-end=\"6518\">Toute la manifestation repose sur un format inclusif et accessible, sans frais de participation, afin de permettre \u00e0 chacun de profiter pleinement de la f\u00eate.<\/p>\n<h2 data-section-id=\"hmg5sc\" data-start=\"6520\" data-end=\"6590\">Stands gourmands et d\u00e9tente dans le cadre verdoyant du Parc du Pian<\/h2>\n<p data-start=\"6592\" data-end=\"6820\">En compl\u00e9ment des activit\u00e9s ludiques et artistiques, des stands gastronomiques seront \u00e9galement pr\u00e9sents, parfaits pour faire une pause et d\u00e9couvrir des sp\u00e9cialit\u00e9s locales ainsi que des gourmandises adapt\u00e9es \u00e0 toute la famille.<\/p>\n<p data-start=\"6822\" data-end=\"7104\">Le lieu choisi contribue fortement au charme de l\u2019\u00e9v\u00e9nement. Le <span class=\"hover:entity-accent entity-underline inline cursor-pointer align-baseline\"><span class=\"whitespace-normal\">Parc du Pian, situ\u00e9 au 11 Avenue Blasco Ibanez, Boulevard de Garavan, offre en effet un cadre id\u00e9al gr\u00e2ce \u00e0 ses vastes espaces verts, sa facilit\u00e9 d\u2019acc\u00e8s et la pr\u00e9sence de parkings \u00e0 proximit\u00e9.<\/p>\n<p data-start=\"7106\" data-end=\"7350\">Cela rend l\u2019\u00e9v\u00e9nement particuli\u00e8rement pratique pour les visiteurs venant des communes voisines ou m\u00eame de l\u2019Italie toute proche, renfor\u00e7ant encore la position de Menton comme l\u2019une des destinations familiales les plus appr\u00e9ci\u00e9es de la Riviera.<\/p>\n<h2 data-section-id=\"zsext0\" data-start=\"7352\" data-end=\"7421\">Un \u00e9v\u00e9nement gratuit pour c\u00e9l\u00e9brer le printemps sur la C\u00f4te d\u2019Azur<\/h2>\n<p data-start=\"7423\" data-end=\"7651\">La participation \u00e0 la F\u00eate des Mai 2026 est enti\u00e8rement gratuite et toutes les animations pr\u00e9vues seront propos\u00e9es sans frais, confirmant la volont\u00e9 de la ville d\u2019offrir un rendez-vous v\u00e9ritablement ouvert \u00e0 toute la communaut\u00e9.<\/p>\n<p data-start=\"7653\" data-end=\"7855\">\u00c0 une p\u00e9riode de l\u2019ann\u00e9e o\u00f9 la C\u00f4te d\u2019Azur s\u2019anime d\u2019\u00e9v\u00e9nements en plein air, cette f\u00eate repr\u00e9sente une occasion id\u00e9ale pour vivre Menton de mani\u00e8re authentique, entre tradition, nature et convivialit\u00e9.<\/p>\n<p data-start=\"7857\" data-end=\"8112\" data-is-last-node=\"\" data-is-only-node=\"\">Pour les r\u00e9sidents comme pour les touristes, le dimanche 3 mai sera l\u2019occasion parfaite de c\u00e9l\u00e9brer l\u2019arriv\u00e9e du printemps dans l\u2019un des lieux les plus agr\u00e9ables de la ville, entour\u00e9s de verdure et de l\u2019atmosph\u00e8re paisible typique de la Riviera fran\u00e7aise.<\/p>\n<\/div>\n<\/div>\n<\/div>\n<\/div>\n<div class=\"z-0 flex min-h-[46px] justify-start\"><img loading=\"lazy\" decoding=\"async\" class=\"size-full wp-image-30714 aligncenter\" src=\"https:\/\/montecarloliving.com\/wp-content\/uploads\/2026\/04\/675394965_1908562806552644_8900846050658850254_n.jpg\" alt=\"\" width=\"1366\" height=\"2048\" srcset=\"https:\/\/montecarloliving.com\/wp-content\/uploads\/2026\/04\/675394965_1908562806552644_8900846050658850254_n.jpg 1366w, https:\/\/montecarloliving.com\/wp-content\/uploads\/2026\/04\/675394965_1908562806552644_8900846050658850254_n-200x300.jpg 200w, https:\/\/montecarloliving.com\/wp-content\/uploads\/2026\/04\/675394965_1908562806552644_8900846050658850254_n-683x1024.jpg 683w, https:\/\/montecarloliving.com\/wp-content\/uploads\/2026\/04\/675394965_1908562806552644_8900846050658850254_n-768x1151.jpg 768w, https:\/\/montecarloliving.com\/wp-content\/uploads\/2026\/04\/675394965_1908562806552644_8900846050658850254_n-1025x1536.jpg 1025w\" sizes=\"auto, (max-width: 1366px) 100vw, 1366px\" \/><\/div>\n<\/div>\n<\/div>\n<\/section>\n","protected":false},"excerpt":{"rendered":"<p>La ville de Menton s\u2019appr\u00eate \u00e0 accueillir l\u2019un des rendez-vous les plus attendus du printemps avec le retour de la traditionnelle F\u00eate des Mai, pr\u00e9vue le dimanche 3 mai 2026 au magnifique Parc du Pian. De 10h00 \u00e0 17h00, ce grand jardin public situ\u00e9 [&hellip;]<\/p>\n","protected":false},"author":1,"featured_media":30714,"comment_status":"closed","ping_status":"closed","sticky":false,"template":"","format":"standard","meta":{"footnotes":""},"categories":[827,828,869],"tags":[],"class_list":["post-30718","post","type-post","status-publish","format-standard","has-post-thumbnail","hentry","category-actualite","category-evenements","category-menton"],"yoast_head":"<!-- This site is optimized with the Yoast SEO plugin v27.5 - https:\/\/yoast.com\/product\/yoast-seo-wordpress\/ -->\n<title>F\u00eate des Mai 2026 \u00e0 Menton<\/title>\n<meta name=\"description\" content=\"F\u00eate des Mai 2026 \u00e0 Menton: Dimanche 3 mai ateliers cr\u00e9atifs, jeux gratuits, animations et stands gourmands au c\u0153ur de Menton\" \/>\n<meta name=\"robots\" content=\"index, follow, max-snippet:-1, max-image-preview:large, max-video-preview:-1\" \/>\n<link rel=\"canonical\" href=\"https:\/\/montecarloliving.com\/fr\/actualite\/fete-des-mai-2026-menton-parc-du-pian-accueille-grande-fete-de-printemps-pour-les-familles-30718\/\" \/>\n<meta property=\"og:locale\" content=\"fr_FR\" \/>\n<meta property=\"og:title\" content=\"F\u00eate des Mai 2026 \u00e0 Menton\" \/>\n<meta property=\"og:description\" content=\"F\u00eate des Mai 2026 \u00e0 Menton: Dimanche 3 mai ateliers cr\u00e9atifs, jeux gratuits, animations et stands gourmands au c\u0153ur de Menton\" \/>\n<meta property=\"og:url\" content=\"https:\/\/montecarloliving.com\/fr\/actualite\/fete-des-mai-2026-menton-parc-du-pian-accueille-grande-fete-de-printemps-pour-les-familles-30718\/\" \/>\n<meta property=\"og:site_name\" content=\"Montecarlo Living\" \/>\n<meta property=\"article:publisher\" content=\"https:\/\/www.facebook.com\/montecarlolivingcom\/\" \/>\n<meta property=\"article:published_time\" content=\"2026-04-30T09:12:20+00:00\" \/>\n<meta property=\"article:modified_time\" content=\"2026-04-30T09:19:26+00:00\" \/>\n<meta property=\"og:image\" content=\"https:\/\/montecarloliving.com\/wp-content\/uploads\/2026\/04\/675394965_1908562806552644_8900846050658850254_n-650x400.jpg\" \/>\n\t<meta property=\"og:image:width\" content=\"650\" \/>\n\t<meta property=\"og:image:height\" content=\"400\" \/>\n\t<meta property=\"og:image:type\" content=\"image\/jpeg\" \/>\n<meta name=\"author\" content=\"Redazione\" \/>\n<meta name=\"twitter:card\" content=\"summary_large_image\" \/>\n<meta name=\"twitter:creator\" content=\"@MonteCarloLivi\" \/>\n<meta name=\"twitter:site\" content=\"@MonteCarloLivi\" \/>\n<meta name=\"twitter:label1\" content=\"\u00c9crit par\" \/>\n\t<meta name=\"twitter:data1\" content=\"Redazione\" \/>\n\t<meta name=\"twitter:label2\" content=\"Dur\u00e9e de lecture estim\u00e9e\" \/>\n\t<meta name=\"twitter:data2\" content=\"4 minutes\" \/>\n<script type=\"application\/ld+json\" class=\"yoast-schema-graph\">{\"@context\":\"https:\\\/\\\/schema.org\",\"@graph\":[{\"@type\":\"Article\",\"@id\":\"https:\\\/\\\/montecarloliving.com\\\/fr\\\/actualite\\\/fete-des-mai-2026-menton-parc-du-pian-accueille-grande-fete-de-printemps-pour-les-familles-30718\\\/#article\",\"isPartOf\":{\"@id\":\"https:\\\/\\\/montecarloliving.com\\\/fr\\\/actualite\\\/fete-des-mai-2026-menton-parc-du-pian-accueille-grande-fete-de-printemps-pour-les-familles-30718\\\/\"},\"author\":{\"name\":\"Redazione\",\"@id\":\"https:\\\/\\\/montecarloliving.com\\\/fr\\\/#\\\/schema\\\/person\\\/7e5945d4560862b7f2d2c6831bda2819\"},\"headline\":\"F\u00eate des Mai 2026 \u00e0 Menton: le Parc du Pian accueille la grande f\u00eate de printemps pour les familles\",\"datePublished\":\"2026-04-30T09:12:20+00:00\",\"dateModified\":\"2026-04-30T09:19:26+00:00\",\"mainEntityOfPage\":{\"@id\":\"https:\\\/\\\/montecarloliving.com\\\/fr\\\/actualite\\\/fete-des-mai-2026-menton-parc-du-pian-accueille-grande-fete-de-printemps-pour-les-familles-30718\\\/\"},\"wordCount\":712,\"image\":{\"@id\":\"https:\\\/\\\/montecarloliving.com\\\/fr\\\/actualite\\\/fete-des-mai-2026-menton-parc-du-pian-accueille-grande-fete-de-printemps-pour-les-familles-30718\\\/#primaryimage\"},\"thumbnailUrl\":\"https:\\\/\\\/montecarloliving.com\\\/wp-content\\\/uploads\\\/2026\\\/04\\\/675394965_1908562806552644_8900846050658850254_n.jpg\",\"articleSection\":[\"Actualit\u00e9\",\"\u00c9v\u00e9nements\",\"Menton\"],\"inLanguage\":\"fr-FR\"},{\"@type\":\"WebPage\",\"@id\":\"https:\\\/\\\/montecarloliving.com\\\/fr\\\/actualite\\\/fete-des-mai-2026-menton-parc-du-pian-accueille-grande-fete-de-printemps-pour-les-familles-30718\\\/\",\"url\":\"https:\\\/\\\/montecarloliving.com\\\/fr\\\/actualite\\\/fete-des-mai-2026-menton-parc-du-pian-accueille-grande-fete-de-printemps-pour-les-familles-30718\\\/\",\"name\":\"F\u00eate des Mai 2026 \u00e0 Menton\",\"isPartOf\":{\"@id\":\"https:\\\/\\\/montecarloliving.com\\\/fr\\\/#website\"},\"primaryImageOfPage\":{\"@id\":\"https:\\\/\\\/montecarloliving.com\\\/fr\\\/actualite\\\/fete-des-mai-2026-menton-parc-du-pian-accueille-grande-fete-de-printemps-pour-les-familles-30718\\\/#primaryimage\"},\"image\":{\"@id\":\"https:\\\/\\\/montecarloliving.com\\\/fr\\\/actualite\\\/fete-des-mai-2026-menton-parc-du-pian-accueille-grande-fete-de-printemps-pour-les-familles-30718\\\/#primaryimage\"},\"thumbnailUrl\":\"https:\\\/\\\/montecarloliving.com\\\/wp-content\\\/uploads\\\/2026\\\/04\\\/675394965_1908562806552644_8900846050658850254_n.jpg\",\"datePublished\":\"2026-04-30T09:12:20+00:00\",\"dateModified\":\"2026-04-30T09:19:26+00:00\",\"author\":{\"@id\":\"https:\\\/\\\/montecarloliving.com\\\/fr\\\/#\\\/schema\\\/person\\\/7e5945d4560862b7f2d2c6831bda2819\"},\"description\":\"F\u00eate des Mai 2026 \u00e0 Menton: Dimanche 3 mai ateliers cr\u00e9atifs, jeux gratuits, animations et stands gourmands au c\u0153ur de Menton\",\"breadcrumb\":{\"@id\":\"https:\\\/\\\/montecarloliving.com\\\/fr\\\/actualite\\\/fete-des-mai-2026-menton-parc-du-pian-accueille-grande-fete-de-printemps-pour-les-familles-30718\\\/#breadcrumb\"},\"inLanguage\":\"fr-FR\",\"potentialAction\":[{\"@type\":\"ReadAction\",\"target\":[\"https:\\\/\\\/montecarloliving.com\\\/fr\\\/actualite\\\/fete-des-mai-2026-menton-parc-du-pian-accueille-grande-fete-de-printemps-pour-les-familles-30718\\\/\"]}]},{\"@type\":\"ImageObject\",\"inLanguage\":\"fr-FR\",\"@id\":\"https:\\\/\\\/montecarloliving.com\\\/fr\\\/actualite\\\/fete-des-mai-2026-menton-parc-du-pian-accueille-grande-fete-de-printemps-pour-les-familles-30718\\\/#primaryimage\",\"url\":\"https:\\\/\\\/montecarloliving.com\\\/wp-content\\\/uploads\\\/2026\\\/04\\\/675394965_1908562806552644_8900846050658850254_n.jpg\",\"contentUrl\":\"https:\\\/\\\/montecarloliving.com\\\/wp-content\\\/uploads\\\/2026\\\/04\\\/675394965_1908562806552644_8900846050658850254_n.jpg\",\"width\":1366,\"height\":2048},{\"@type\":\"BreadcrumbList\",\"@id\":\"https:\\\/\\\/montecarloliving.com\\\/fr\\\/actualite\\\/fete-des-mai-2026-menton-parc-du-pian-accueille-grande-fete-de-printemps-pour-les-familles-30718\\\/#breadcrumb\",\"itemListElement\":[{\"@type\":\"ListItem\",\"position\":1,\"name\":\"Home\",\"item\":\"https:\\\/\\\/montecarloliving.com\\\/fr\\\/\"},{\"@type\":\"ListItem\",\"position\":2,\"name\":\"F\u00eate des Mai 2026 \u00e0 Menton: le Parc du Pian accueille la grande f\u00eate de printemps pour les familles\"}]},{\"@type\":\"WebSite\",\"@id\":\"https:\\\/\\\/montecarloliving.com\\\/fr\\\/#website\",\"url\":\"https:\\\/\\\/montecarloliving.com\\\/fr\\\/\",\"name\":\"Montecarlo Living\",\"description\":\"News da Montecarlo - Principato di Monaco e Costa Azzurra\",\"potentialAction\":[{\"@type\":\"SearchAction\",\"target\":{\"@type\":\"EntryPoint\",\"urlTemplate\":\"https:\\\/\\\/montecarloliving.com\\\/fr\\\/?s={search_term_string}\"},\"query-input\":{\"@type\":\"PropertyValueSpecification\",\"valueRequired\":true,\"valueName\":\"search_term_string\"}}],\"inLanguage\":\"fr-FR\"},{\"@type\":\"Person\",\"@id\":\"https:\\\/\\\/montecarloliving.com\\\/fr\\\/#\\\/schema\\\/person\\\/7e5945d4560862b7f2d2c6831bda2819\",\"name\":\"Redazione\",\"image\":{\"@type\":\"ImageObject\",\"inLanguage\":\"fr-FR\",\"@id\":\"https:\\\/\\\/secure.gravatar.com\\\/avatar\\\/8b5f26557e18fe74ad8e8a57ebb2925d88af8a90cee489ff2beefb391bc9b9c7?s=96&d=mm&r=g\",\"url\":\"https:\\\/\\\/secure.gravatar.com\\\/avatar\\\/8b5f26557e18fe74ad8e8a57ebb2925d88af8a90cee489ff2beefb391bc9b9c7?s=96&d=mm&r=g\",\"contentUrl\":\"https:\\\/\\\/secure.gravatar.com\\\/avatar\\\/8b5f26557e18fe74ad8e8a57ebb2925d88af8a90cee489ff2beefb391bc9b9c7?s=96&d=mm&r=g\",\"caption\":\"Redazione\"}}]}<\/script>\n<!-- \/ Yoast SEO plugin. -->","yoast_head_json":{"title":"F\u00eate des Mai 2026 \u00e0 Menton","description":"F\u00eate des Mai 2026 \u00e0 Menton: Dimanche 3 mai ateliers cr\u00e9atifs, jeux gratuits, animations et stands gourmands au c\u0153ur de Menton","robots":{"index":"index","follow":"follow","max-snippet":"max-snippet:-1","max-image-preview":"max-image-preview:large","max-video-preview":"max-video-preview:-1"},"canonical":"https:\/\/montecarloliving.com\/fr\/actualite\/fete-des-mai-2026-menton-parc-du-pian-accueille-grande-fete-de-printemps-pour-les-familles-30718\/","og_locale":"fr_FR","og_title":"F\u00eate des Mai 2026 \u00e0 Menton","og_description":"F\u00eate des Mai 2026 \u00e0 Menton: Dimanche 3 mai ateliers cr\u00e9atifs, jeux gratuits, animations et stands gourmands au c\u0153ur de Menton","og_url":"https:\/\/montecarloliving.com\/fr\/actualite\/fete-des-mai-2026-menton-parc-du-pian-accueille-grande-fete-de-printemps-pour-les-familles-30718\/","og_site_name":"Montecarlo Living","article_publisher":"https:\/\/www.facebook.com\/montecarlolivingcom\/","article_published_time":"2026-04-30T09:12:20+00:00","article_modified_time":"2026-04-30T09:19:26+00:00","og_image":[{"width":650,"height":400,"url":"https:\/\/montecarloliving.com\/wp-content\/uploads\/2026\/04\/675394965_1908562806552644_8900846050658850254_n-650x400.jpg","type":"image\/jpeg"}],"author":"Redazione","twitter_card":"summary_large_image","twitter_creator":"@MonteCarloLivi","twitter_site":"@MonteCarloLivi","twitter_misc":{"\u00c9crit par":"Redazione","Dur\u00e9e de lecture estim\u00e9e":"4 minutes"},"schema":{"@context":"https:\/\/schema.org","@graph":[{"@type":"Article","@id":"https:\/\/montecarloliving.com\/fr\/actualite\/fete-des-mai-2026-menton-parc-du-pian-accueille-grande-fete-de-printemps-pour-les-familles-30718\/#article","isPartOf":{"@id":"https:\/\/montecarloliving.com\/fr\/actualite\/fete-des-mai-2026-menton-parc-du-pian-accueille-grande-fete-de-printemps-pour-les-familles-30718\/"},"author":{"name":"Redazione","@id":"https:\/\/montecarloliving.com\/fr\/#\/schema\/person\/7e5945d4560862b7f2d2c6831bda2819"},"headline":"F\u00eate des Mai 2026 \u00e0 Menton: le Parc du Pian accueille la grande f\u00eate de printemps pour les familles","datePublished":"2026-04-30T09:12:20+00:00","dateModified":"2026-04-30T09:19:26+00:00","mainEntityOfPage":{"@id":"https:\/\/montecarloliving.com\/fr\/actualite\/fete-des-mai-2026-menton-parc-du-pian-accueille-grande-fete-de-printemps-pour-les-familles-30718\/"},"wordCount":712,"image":{"@id":"https:\/\/montecarloliving.com\/fr\/actualite\/fete-des-mai-2026-menton-parc-du-pian-accueille-grande-fete-de-printemps-pour-les-familles-30718\/#primaryimage"},"thumbnailUrl":"https:\/\/montecarloliving.com\/wp-content\/uploads\/2026\/04\/675394965_1908562806552644_8900846050658850254_n.jpg","articleSection":["Actualit\u00e9","\u00c9v\u00e9nements","Menton"],"inLanguage":"fr-FR"},{"@type":"WebPage","@id":"https:\/\/montecarloliving.com\/fr\/actualite\/fete-des-mai-2026-menton-parc-du-pian-accueille-grande-fete-de-printemps-pour-les-familles-30718\/","url":"https:\/\/montecarloliving.com\/fr\/actualite\/fete-des-mai-2026-menton-parc-du-pian-accueille-grande-fete-de-printemps-pour-les-familles-30718\/","name":"F\u00eate des Mai 2026 \u00e0 Menton","isPartOf":{"@id":"https:\/\/montecarloliving.com\/fr\/#website"},"primaryImageOfPage":{"@id":"https:\/\/montecarloliving.com\/fr\/actualite\/fete-des-mai-2026-menton-parc-du-pian-accueille-grande-fete-de-printemps-pour-les-familles-30718\/#primaryimage"},"image":{"@id":"https:\/\/montecarloliving.com\/fr\/actualite\/fete-des-mai-2026-menton-parc-du-pian-accueille-grande-fete-de-printemps-pour-les-familles-30718\/#primaryimage"},"thumbnailUrl":"https:\/\/montecarloliving.com\/wp-content\/uploads\/2026\/04\/675394965_1908562806552644_8900846050658850254_n.jpg","datePublished":"2026-04-30T09:12:20+00:00","dateModified":"2026-04-30T09:19:26+00:00","author":{"@id":"https:\/\/montecarloliving.com\/fr\/#\/schema\/person\/7e5945d4560862b7f2d2c6831bda2819"},"description":"F\u00eate des Mai 2026 \u00e0 Menton: Dimanche 3 mai ateliers cr\u00e9atifs, jeux gratuits, animations et stands gourmands au c\u0153ur de Menton","breadcrumb":{"@id":"https:\/\/montecarloliving.com\/fr\/actualite\/fete-des-mai-2026-menton-parc-du-pian-accueille-grande-fete-de-printemps-pour-les-familles-30718\/#breadcrumb"},"inLanguage":"fr-FR","potentialAction":[{"@type":"ReadAction","target":["https:\/\/montecarloliving.com\/fr\/actualite\/fete-des-mai-2026-menton-parc-du-pian-accueille-grande-fete-de-printemps-pour-les-familles-30718\/"]}]},{"@type":"ImageObject","inLanguage":"fr-FR","@id":"https:\/\/montecarloliving.com\/fr\/actualite\/fete-des-mai-2026-menton-parc-du-pian-accueille-grande-fete-de-printemps-pour-les-familles-30718\/#primaryimage","url":"https:\/\/montecarloliving.com\/wp-content\/uploads\/2026\/04\/675394965_1908562806552644_8900846050658850254_n.jpg","contentUrl":"https:\/\/montecarloliving.com\/wp-content\/uploads\/2026\/04\/675394965_1908562806552644_8900846050658850254_n.jpg","width":1366,"height":2048},{"@type":"BreadcrumbList","@id":"https:\/\/montecarloliving.com\/fr\/actualite\/fete-des-mai-2026-menton-parc-du-pian-accueille-grande-fete-de-printemps-pour-les-familles-30718\/#breadcrumb","itemListElement":[{"@type":"ListItem","position":1,"name":"Home","item":"https:\/\/montecarloliving.com\/fr\/"},{"@type":"ListItem","position":2,"name":"F\u00eate des Mai 2026 \u00e0 Menton: le Parc du Pian accueille la grande f\u00eate de printemps pour les familles"}]},{"@type":"WebSite","@id":"https:\/\/montecarloliving.com\/fr\/#website","url":"https:\/\/montecarloliving.com\/fr\/","name":"Montecarlo Living","description":"News da Montecarlo - Principato di Monaco e Costa Azzurra","potentialAction":[{"@type":"SearchAction","target":{"@type":"EntryPoint","urlTemplate":"https:\/\/montecarloliving.com\/fr\/?s={search_term_string}"},"query-input":{"@type":"PropertyValueSpecification","valueRequired":true,"valueName":"search_term_string"}}],"inLanguage":"fr-FR"},{"@type":"Person","@id":"https:\/\/montecarloliving.com\/fr\/#\/schema\/person\/7e5945d4560862b7f2d2c6831bda2819","name":"Redazione","image":{"@type":"ImageObject","inLanguage":"fr-FR","@id":"https:\/\/secure.gravatar.com\/avatar\/8b5f26557e18fe74ad8e8a57ebb2925d88af8a90cee489ff2beefb391bc9b9c7?s=96&d=mm&r=g","url":"https:\/\/secure.gravatar.com\/avatar\/8b5f26557e18fe74ad8e8a57ebb2925d88af8a90cee489ff2beefb391bc9b9c7?s=96&d=mm&r=g","contentUrl":"https:\/\/secure.gravatar.com\/avatar\/8b5f26557e18fe74ad8e8a57ebb2925d88af8a90cee489ff2beefb391bc9b9c7?s=96&d=mm&r=g","caption":"Redazione"}}]}},"_links":{"self":[{"href":"https:\/\/montecarloliving.com\/fr\/wp-json\/wp\/v2\/posts\/30718","targetHints":{"allow":["GET"]}}],"collection":[{"href":"https:\/\/montecarloliving.com\/fr\/wp-json\/wp\/v2\/posts"}],"about":[{"href":"https:\/\/montecarloliving.com\/fr\/wp-json\/wp\/v2\/types\/post"}],"author":[{"embeddable":true,"href":"https:\/\/montecarloliving.com\/fr\/wp-json\/wp\/v2\/users\/1"}],"replies":[{"embeddable":true,"href":"https:\/\/montecarloliving.com\/fr\/wp-json\/wp\/v2\/comments?post=30718"}],"version-history":[{"count":1,"href":"https:\/\/montecarloliving.com\/fr\/wp-json\/wp\/v2\/posts\/30718\/revisions"}],"predecessor-version":[{"id":30719,"href":"https:\/\/montecarloliving.com\/fr\/wp-json\/wp\/v2\/posts\/30718\/revisions\/30719"}],"wp:featuredmedia":[{"embeddable":true,"href":"https:\/\/montecarloliving.com\/fr\/wp-json\/wp\/v2\/media\/30714"}],"wp:attachment":[{"href":"https:\/\/montecarloliving.com\/fr\/wp-json\/wp\/v2\/media?parent=30718"}],"wp:term":[{"taxonomy":"category","embeddable":true,"href":"https:\/\/montecarloliving.com\/fr\/wp-json\/wp\/v2\/categories?post=30718"},{"taxonomy":"post_tag","embeddable":true,"href":"https:\/\/montecarloliving.com\/fr\/wp-json\/wp\/v2\/tags?post=30718"}],"curies":[{"name":"wp","href":"https:\/\/api.w.org\/{rel}","templated":true}]}}