{"id":30708,"date":"2026-04-30T10:23:51","date_gmt":"2026-04-30T08:23:51","guid":{"rendered":"https:\/\/montecarloliving.com\/?p=30708"},"modified":"2026-04-30T10:26:09","modified_gmt":"2026-04-30T08:26:09","slug":"forum-des-artistes-de-monaco-2026-lart-monegasque-lhonneur-madrid","status":"publish","type":"post","link":"https:\/\/montecarloliving.com\/fr\/actualite\/forum-des-artistes-de-monaco-2026-lart-monegasque-lhonneur-madrid-30708\/","title":{"rendered":"Forum des Artistes de Monaco 2026: l\u2019art mon\u00e9gasque \u00e0 l\u2019honneur \u00e0 Madrid"},"content":{"rendered":"<p data-start=\"4427\" data-end=\"4796\">Du 25 mai au 13 juin 2026, Madrid accueillera la 8e \u00e9dition du Forum des Artistes de Monaco, l\u2019un des rendez-vous culturels les plus importants consacr\u00e9s \u00e0 la promotion des artistes de la Principaut\u00e9. L\u2019exposition se tiendra au prestigieux Pavillon Villanueva du <span class=\"hover:entity-accent entity-underline inline cursor-pointer align-baseline\"><span class=\"whitespace-normal\">Real Jard\u00edn Bot\u00e1nico de Madrid, offrant une vitrine internationale \u00e0 l\u2019art contemporain mon\u00e9gasque.<\/p>\n<p data-start=\"4798\" data-end=\"5085\">Fortement soutenu par le Gouvernement princier et organis\u00e9 par la Direction des Affaires Culturelles de Monaco, cet \u00e9v\u00e9nement biennal a \u00e9t\u00e9 cr\u00e9\u00e9 pour soutenir les artistes locaux en leur offrant un espace d\u2019exposition ouvert au public, aux amateurs d\u2019art et aux visiteurs internationaux.<\/p>\n<h2 data-section-id=\"u4cjua\" data-start=\"5087\" data-end=\"5190\">Une \u00e9dition sp\u00e9ciale pour le 150e anniversaire des relations diplomatiques entre Monaco et l\u2019Espagne<\/h2>\n<p data-start=\"5192\" data-end=\"5422\">L\u2019\u00e9dition 2026 rev\u00eat une dimension particuli\u00e8rement symbolique et institutionnelle puisqu\u2019elle s\u2019inscrit dans le cadre des c\u00e9l\u00e9brations du 150e anniversaire de la repr\u00e9sentation diplomatique de la Principaut\u00e9 de Monaco en Espagne.<\/p>\n<p data-start=\"5424\" data-end=\"5660\">\u00c0 cette occasion, l\u2019Ambassade de Monaco en Espagne participe \u00e9galement \u00e0 la coorganisation de l\u2019\u00e9v\u00e9nement, contribuant \u00e0 valoriser la vitalit\u00e9 de la cr\u00e9ation artistique mon\u00e9gasque et \u00e0 renforcer le dialogue culturel entre les deux pays.<\/p>\n<p data-start=\"5662\" data-end=\"5886\">Le Forum devient ainsi non seulement une exposition d\u2019art, mais aussi un v\u00e9ritable outil de diplomatie culturelle, capable de raconter Monaco \u00e0 travers le talent de ses artistes et la richesse de sa production contemporaine.<\/p>\n<h2 data-section-id=\"110akdy\" data-start=\"5888\" data-end=\"5952\">Plus de 50 artistes entre peinture, sculpture et photographie<\/h2>\n<p data-start=\"5954\" data-end=\"6095\">Plus de cinquante artistes professionnels et amateurs, mon\u00e9gasques ou r\u00e9sidents de la Principaut\u00e9, pr\u00e9senteront leurs \u0153uvres durant le Forum.<\/p>\n<p data-start=\"6097\" data-end=\"6371\">L\u2019exposition offrira un panorama riche et vari\u00e9 des arts visuels contemporains, avec des \u0153uvres de peinture, sculpture, photographie et techniques mixtes, y compris des exp\u00e9rimentations innovantes qui t\u00e9moignent du dynamisme et de la diversit\u00e9 de la sc\u00e8ne artistique locale.<\/p>\n<p data-start=\"6373\" data-end=\"6604\">L\u2019objectif est de mettre en lumi\u00e8re non seulement des artistes d\u00e9j\u00e0 reconnus, mais aussi de nouveaux talents \u00e9mergents qui contribuent \u00e0 faire de Monaco un centre culturel toujours plus actif sur la sc\u00e8ne artistique internationale.<\/p>\n<h2 data-section-id=\"22cov9\" data-start=\"6606\" data-end=\"6661\">Le charme unique du Jardin Botanique Royal de Madrid<\/h2>\n<p data-start=\"6663\" data-end=\"6882\">Le prestige de l\u2019\u00e9v\u00e9nement est renforc\u00e9 par le lieu choisi : le Pavillon Villanueva, situ\u00e9 au c\u0153ur du c\u00e9l\u00e8bre <span class=\"hover:entity-accent entity-underline inline cursor-pointer align-baseline\"><span class=\"whitespace-normal\">Real Jard\u00edn Bot\u00e1nico de Madrid, l\u2019un des sites culturels les plus fascinants de la capitale espagnole.<\/p>\n<p data-start=\"6884\" data-end=\"7118\">Ce cadre exceptionnel permettra de cr\u00e9er un dialogue harmonieux entre art et nature, offrant aux visiteurs une exp\u00e9rience immersive o\u00f9 patrimoine botanique et cr\u00e9ation artistique se rencontrent dans un environnement unique et \u00e9l\u00e9gant.<\/p>\n<p data-start=\"7120\" data-end=\"7236\">L\u2019exposition s\u2019annonce ainsi comme l\u2019un des \u00e9v\u00e9nements culturels internationaux les plus attendus du printemps 2026.<\/p>\n<h2 data-section-id=\"15bg9wf\" data-start=\"7238\" data-end=\"7302\">Prix du Public : le vote en ligne pour \u00e9lire l\u2019\u0153uvre gagnante<\/h2>\n<p data-start=\"7304\" data-end=\"7408\">Comme lors des \u00e9ditions pr\u00e9c\u00e9dentes, le public pourra participer activement \u00e0 travers le Prix du Public.<\/p>\n<p data-start=\"7410\" data-end=\"7626\">Avant l\u2019ouverture officielle de l\u2019exposition, les passionn\u00e9s d\u2019art de Monaco, d\u2019Espagne et d\u2019ailleurs pourront voter en ligne pour leur \u0153uvre favorite directement sur le site officiel du Forum des Artistes de Monaco.<\/p>\n<p data-start=\"7628\" data-end=\"7854\">Le laur\u00e9at de cette distinction sera mis \u00e0 l\u2019honneur pendant l\u2019exposition de Madrid et b\u00e9n\u00e9ficiera d\u2019une mise en valeur particuli\u00e8re au sein du Forum, confirmant l\u2019importance de l\u2019engagement du public dans cette manifestation.<\/p>\n<h2 data-section-id=\"70djp0\" data-start=\"7856\" data-end=\"7898\">Un pont culturel entre Monaco et Madrid<\/h2>\n<p data-start=\"7900\" data-end=\"8045\">Le Forum des Artistes de Monaco 2026 confirme le r\u00f4le central de la culture comme outil de connexion internationale et de promotion territoriale.<\/p>\n<p data-start=\"8047\" data-end=\"8256\">\u00c0 travers cette grande exposition, la Principaut\u00e9 renforce son image culturelle \u00e0 l\u2019\u00e9tranger, offre aux artistes locaux une plateforme prestigieuse et consolide les liens historiques entre Monaco et l\u2019Espagne.<\/p>\n<p data-start=\"8258\" data-end=\"8416\" data-is-last-node=\"\" data-is-only-node=\"\">Un rendez-vous qui unit art, diplomatie et vision internationale, transformant Madrid en une vitrine d\u2019excellence pour la cr\u00e9ativit\u00e9 mon\u00e9gasque contemporaine.<\/p>\n<p data-start=\"8258\" data-end=\"8416\" data-is-last-node=\"\" data-is-only-node=\"\"><img loading=\"lazy\" decoding=\"async\" class=\"size-full wp-image-30704 aligncenter\" src=\"https:\/\/montecarloliving.com\/wp-content\/uploads\/2026\/04\/8eme-Forum-des-Artistes.jpg\" alt=\"\" width=\"1080\" height=\"1920\" srcset=\"https:\/\/montecarloliving.com\/wp-content\/uploads\/2026\/04\/8eme-Forum-des-Artistes.jpg 1080w, https:\/\/montecarloliving.com\/wp-content\/uploads\/2026\/04\/8eme-Forum-des-Artistes-169x300.jpg 169w, https:\/\/montecarloliving.com\/wp-content\/uploads\/2026\/04\/8eme-Forum-des-Artistes-576x1024.jpg 576w, https:\/\/montecarloliving.com\/wp-content\/uploads\/2026\/04\/8eme-Forum-des-Artistes-768x1365.jpg 768w, https:\/\/montecarloliving.com\/wp-content\/uploads\/2026\/04\/8eme-Forum-des-Artistes-864x1536.jpg 864w\" sizes=\"auto, (max-width: 1080px) 100vw, 1080px\" \/><\/p>\n","protected":false},"excerpt":{"rendered":"<p>Du 25 mai au 13 juin 2026, Madrid accueillera la 8e \u00e9dition du Forum des Artistes de Monaco, l\u2019un des rendez-vous culturels les plus importants consacr\u00e9s \u00e0 la promotion des artistes de la Principaut\u00e9. L\u2019exposition se tiendra au prestigieux Pavillon Villanueva du Real Jard\u00edn [&hellip;]<\/p>\n","protected":false},"author":1,"featured_media":30704,"comment_status":"closed","ping_status":"closed","sticky":false,"template":"","format":"standard","meta":{"footnotes":""},"categories":[827,875,828,867],"tags":[],"class_list":["post-30708","post","type-post","status-publish","format-standard","has-post-thumbnail","hentry","category-actualite","category-actualite-monaco","category-evenements","category-monaco-fr"],"yoast_head":"<!-- This site is optimized with the Yoast SEO plugin v27.5 - https:\/\/yoast.com\/product\/yoast-seo-wordpress\/ -->\n<title>Forum des Artistes de Monaco 2026<\/title>\n<meta name=\"description\" content=\"Forum des Artistes de Monaco 2026: Plus de 50 artistes de la Principaut\u00e9 exposeront au Jardin Botanique Royal de Madrid\" \/>\n<meta name=\"robots\" content=\"index, follow, max-snippet:-1, max-image-preview:large, max-video-preview:-1\" \/>\n<link rel=\"canonical\" href=\"https:\/\/montecarloliving.com\/fr\/actualite\/forum-des-artistes-de-monaco-2026-lart-monegasque-lhonneur-madrid-30708\/\" \/>\n<meta property=\"og:locale\" content=\"fr_FR\" \/>\n<meta property=\"og:title\" content=\"Forum des Artistes de Monaco 2026\" \/>\n<meta property=\"og:description\" content=\"Forum des Artistes de Monaco 2026: Plus de 50 artistes de la Principaut\u00e9 exposeront au Jardin Botanique Royal de Madrid\" \/>\n<meta property=\"og:url\" content=\"https:\/\/montecarloliving.com\/fr\/actualite\/forum-des-artistes-de-monaco-2026-lart-monegasque-lhonneur-madrid-30708\/\" \/>\n<meta property=\"og:site_name\" content=\"Montecarlo Living\" \/>\n<meta property=\"article:publisher\" content=\"https:\/\/www.facebook.com\/montecarlolivingcom\/\" \/>\n<meta property=\"article:published_time\" content=\"2026-04-30T08:23:51+00:00\" \/>\n<meta property=\"article:modified_time\" content=\"2026-04-30T08:26:09+00:00\" \/>\n<meta property=\"og:image\" content=\"https:\/\/montecarloliving.com\/wp-content\/uploads\/2026\/04\/8eme-Forum-des-Artistes-650x400.jpg\" \/>\n\t<meta property=\"og:image:width\" content=\"650\" \/>\n\t<meta property=\"og:image:height\" content=\"400\" \/>\n\t<meta property=\"og:image:type\" content=\"image\/jpeg\" \/>\n<meta name=\"author\" content=\"Redazione\" \/>\n<meta name=\"twitter:card\" content=\"summary_large_image\" \/>\n<meta name=\"twitter:creator\" content=\"@MonteCarloLivi\" \/>\n<meta name=\"twitter:site\" content=\"@MonteCarloLivi\" \/>\n<meta name=\"twitter:label1\" content=\"\u00c9crit par\" \/>\n\t<meta name=\"twitter:data1\" content=\"Redazione\" \/>\n\t<meta name=\"twitter:label2\" content=\"Dur\u00e9e de lecture estim\u00e9e\" \/>\n\t<meta name=\"twitter:data2\" content=\"4 minutes\" \/>\n<script type=\"application\/ld+json\" class=\"yoast-schema-graph\">{\"@context\":\"https:\\\/\\\/schema.org\",\"@graph\":[{\"@type\":\"Article\",\"@id\":\"https:\\\/\\\/montecarloliving.com\\\/fr\\\/actualite\\\/forum-des-artistes-de-monaco-2026-lart-monegasque-lhonneur-madrid-30708\\\/#article\",\"isPartOf\":{\"@id\":\"https:\\\/\\\/montecarloliving.com\\\/fr\\\/actualite\\\/forum-des-artistes-de-monaco-2026-lart-monegasque-lhonneur-madrid-30708\\\/\"},\"author\":{\"name\":\"Redazione\",\"@id\":\"https:\\\/\\\/montecarloliving.com\\\/fr\\\/#\\\/schema\\\/person\\\/7e5945d4560862b7f2d2c6831bda2819\"},\"headline\":\"Forum des Artistes de Monaco 2026: l\u2019art mon\u00e9gasque \u00e0 l\u2019honneur \u00e0 Madrid\",\"datePublished\":\"2026-04-30T08:23:51+00:00\",\"dateModified\":\"2026-04-30T08:26:09+00:00\",\"mainEntityOfPage\":{\"@id\":\"https:\\\/\\\/montecarloliving.com\\\/fr\\\/actualite\\\/forum-des-artistes-de-monaco-2026-lart-monegasque-lhonneur-madrid-30708\\\/\"},\"wordCount\":647,\"image\":{\"@id\":\"https:\\\/\\\/montecarloliving.com\\\/fr\\\/actualite\\\/forum-des-artistes-de-monaco-2026-lart-monegasque-lhonneur-madrid-30708\\\/#primaryimage\"},\"thumbnailUrl\":\"https:\\\/\\\/montecarloliving.com\\\/wp-content\\\/uploads\\\/2026\\\/04\\\/8eme-Forum-des-Artistes.jpg\",\"articleSection\":[\"Actualit\u00e9\",\"Actualit\u00e9 \u00e0 Monaco\",\"\u00c9v\u00e9nements\",\"Monaco\"],\"inLanguage\":\"fr-FR\"},{\"@type\":\"WebPage\",\"@id\":\"https:\\\/\\\/montecarloliving.com\\\/fr\\\/actualite\\\/forum-des-artistes-de-monaco-2026-lart-monegasque-lhonneur-madrid-30708\\\/\",\"url\":\"https:\\\/\\\/montecarloliving.com\\\/fr\\\/actualite\\\/forum-des-artistes-de-monaco-2026-lart-monegasque-lhonneur-madrid-30708\\\/\",\"name\":\"Forum des Artistes de Monaco 2026\",\"isPartOf\":{\"@id\":\"https:\\\/\\\/montecarloliving.com\\\/fr\\\/#website\"},\"primaryImageOfPage\":{\"@id\":\"https:\\\/\\\/montecarloliving.com\\\/fr\\\/actualite\\\/forum-des-artistes-de-monaco-2026-lart-monegasque-lhonneur-madrid-30708\\\/#primaryimage\"},\"image\":{\"@id\":\"https:\\\/\\\/montecarloliving.com\\\/fr\\\/actualite\\\/forum-des-artistes-de-monaco-2026-lart-monegasque-lhonneur-madrid-30708\\\/#primaryimage\"},\"thumbnailUrl\":\"https:\\\/\\\/montecarloliving.com\\\/wp-content\\\/uploads\\\/2026\\\/04\\\/8eme-Forum-des-Artistes.jpg\",\"datePublished\":\"2026-04-30T08:23:51+00:00\",\"dateModified\":\"2026-04-30T08:26:09+00:00\",\"author\":{\"@id\":\"https:\\\/\\\/montecarloliving.com\\\/fr\\\/#\\\/schema\\\/person\\\/7e5945d4560862b7f2d2c6831bda2819\"},\"description\":\"Forum des Artistes de Monaco 2026: Plus de 50 artistes de la Principaut\u00e9 exposeront au Jardin Botanique Royal de Madrid\",\"breadcrumb\":{\"@id\":\"https:\\\/\\\/montecarloliving.com\\\/fr\\\/actualite\\\/forum-des-artistes-de-monaco-2026-lart-monegasque-lhonneur-madrid-30708\\\/#breadcrumb\"},\"inLanguage\":\"fr-FR\",\"potentialAction\":[{\"@type\":\"ReadAction\",\"target\":[\"https:\\\/\\\/montecarloliving.com\\\/fr\\\/actualite\\\/forum-des-artistes-de-monaco-2026-lart-monegasque-lhonneur-madrid-30708\\\/\"]}]},{\"@type\":\"ImageObject\",\"inLanguage\":\"fr-FR\",\"@id\":\"https:\\\/\\\/montecarloliving.com\\\/fr\\\/actualite\\\/forum-des-artistes-de-monaco-2026-lart-monegasque-lhonneur-madrid-30708\\\/#primaryimage\",\"url\":\"https:\\\/\\\/montecarloliving.com\\\/wp-content\\\/uploads\\\/2026\\\/04\\\/8eme-Forum-des-Artistes.jpg\",\"contentUrl\":\"https:\\\/\\\/montecarloliving.com\\\/wp-content\\\/uploads\\\/2026\\\/04\\\/8eme-Forum-des-Artistes.jpg\",\"width\":1080,\"height\":1920},{\"@type\":\"BreadcrumbList\",\"@id\":\"https:\\\/\\\/montecarloliving.com\\\/fr\\\/actualite\\\/forum-des-artistes-de-monaco-2026-lart-monegasque-lhonneur-madrid-30708\\\/#breadcrumb\",\"itemListElement\":[{\"@type\":\"ListItem\",\"position\":1,\"name\":\"Home\",\"item\":\"https:\\\/\\\/montecarloliving.com\\\/fr\\\/\"},{\"@type\":\"ListItem\",\"position\":2,\"name\":\"Forum des Artistes de Monaco 2026: l\u2019art mon\u00e9gasque \u00e0 l\u2019honneur \u00e0 Madrid\"}]},{\"@type\":\"WebSite\",\"@id\":\"https:\\\/\\\/montecarloliving.com\\\/fr\\\/#website\",\"url\":\"https:\\\/\\\/montecarloliving.com\\\/fr\\\/\",\"name\":\"Montecarlo Living\",\"description\":\"News da Montecarlo - Principato di Monaco e Costa Azzurra\",\"potentialAction\":[{\"@type\":\"SearchAction\",\"target\":{\"@type\":\"EntryPoint\",\"urlTemplate\":\"https:\\\/\\\/montecarloliving.com\\\/fr\\\/?s={search_term_string}\"},\"query-input\":{\"@type\":\"PropertyValueSpecification\",\"valueRequired\":true,\"valueName\":\"search_term_string\"}}],\"inLanguage\":\"fr-FR\"},{\"@type\":\"Person\",\"@id\":\"https:\\\/\\\/montecarloliving.com\\\/fr\\\/#\\\/schema\\\/person\\\/7e5945d4560862b7f2d2c6831bda2819\",\"name\":\"Redazione\",\"image\":{\"@type\":\"ImageObject\",\"inLanguage\":\"fr-FR\",\"@id\":\"https:\\\/\\\/secure.gravatar.com\\\/avatar\\\/8b5f26557e18fe74ad8e8a57ebb2925d88af8a90cee489ff2beefb391bc9b9c7?s=96&d=mm&r=g\",\"url\":\"https:\\\/\\\/secure.gravatar.com\\\/avatar\\\/8b5f26557e18fe74ad8e8a57ebb2925d88af8a90cee489ff2beefb391bc9b9c7?s=96&d=mm&r=g\",\"contentUrl\":\"https:\\\/\\\/secure.gravatar.com\\\/avatar\\\/8b5f26557e18fe74ad8e8a57ebb2925d88af8a90cee489ff2beefb391bc9b9c7?s=96&d=mm&r=g\",\"caption\":\"Redazione\"}}]}<\/script>\n<!-- \/ Yoast SEO plugin. -->","yoast_head_json":{"title":"Forum des Artistes de Monaco 2026","description":"Forum des Artistes de Monaco 2026: Plus de 50 artistes de la Principaut\u00e9 exposeront au Jardin Botanique Royal de Madrid","robots":{"index":"index","follow":"follow","max-snippet":"max-snippet:-1","max-image-preview":"max-image-preview:large","max-video-preview":"max-video-preview:-1"},"canonical":"https:\/\/montecarloliving.com\/fr\/actualite\/forum-des-artistes-de-monaco-2026-lart-monegasque-lhonneur-madrid-30708\/","og_locale":"fr_FR","og_title":"Forum des Artistes de Monaco 2026","og_description":"Forum des Artistes de Monaco 2026: Plus de 50 artistes de la Principaut\u00e9 exposeront au Jardin Botanique Royal de Madrid","og_url":"https:\/\/montecarloliving.com\/fr\/actualite\/forum-des-artistes-de-monaco-2026-lart-monegasque-lhonneur-madrid-30708\/","og_site_name":"Montecarlo Living","article_publisher":"https:\/\/www.facebook.com\/montecarlolivingcom\/","article_published_time":"2026-04-30T08:23:51+00:00","article_modified_time":"2026-04-30T08:26:09+00:00","og_image":[{"width":650,"height":400,"url":"https:\/\/montecarloliving.com\/wp-content\/uploads\/2026\/04\/8eme-Forum-des-Artistes-650x400.jpg","type":"image\/jpeg"}],"author":"Redazione","twitter_card":"summary_large_image","twitter_creator":"@MonteCarloLivi","twitter_site":"@MonteCarloLivi","twitter_misc":{"\u00c9crit par":"Redazione","Dur\u00e9e de lecture estim\u00e9e":"4 minutes"},"schema":{"@context":"https:\/\/schema.org","@graph":[{"@type":"Article","@id":"https:\/\/montecarloliving.com\/fr\/actualite\/forum-des-artistes-de-monaco-2026-lart-monegasque-lhonneur-madrid-30708\/#article","isPartOf":{"@id":"https:\/\/montecarloliving.com\/fr\/actualite\/forum-des-artistes-de-monaco-2026-lart-monegasque-lhonneur-madrid-30708\/"},"author":{"name":"Redazione","@id":"https:\/\/montecarloliving.com\/fr\/#\/schema\/person\/7e5945d4560862b7f2d2c6831bda2819"},"headline":"Forum des Artistes de Monaco 2026: l\u2019art mon\u00e9gasque \u00e0 l\u2019honneur \u00e0 Madrid","datePublished":"2026-04-30T08:23:51+00:00","dateModified":"2026-04-30T08:26:09+00:00","mainEntityOfPage":{"@id":"https:\/\/montecarloliving.com\/fr\/actualite\/forum-des-artistes-de-monaco-2026-lart-monegasque-lhonneur-madrid-30708\/"},"wordCount":647,"image":{"@id":"https:\/\/montecarloliving.com\/fr\/actualite\/forum-des-artistes-de-monaco-2026-lart-monegasque-lhonneur-madrid-30708\/#primaryimage"},"thumbnailUrl":"https:\/\/montecarloliving.com\/wp-content\/uploads\/2026\/04\/8eme-Forum-des-Artistes.jpg","articleSection":["Actualit\u00e9","Actualit\u00e9 \u00e0 Monaco","\u00c9v\u00e9nements","Monaco"],"inLanguage":"fr-FR"},{"@type":"WebPage","@id":"https:\/\/montecarloliving.com\/fr\/actualite\/forum-des-artistes-de-monaco-2026-lart-monegasque-lhonneur-madrid-30708\/","url":"https:\/\/montecarloliving.com\/fr\/actualite\/forum-des-artistes-de-monaco-2026-lart-monegasque-lhonneur-madrid-30708\/","name":"Forum des Artistes de Monaco 2026","isPartOf":{"@id":"https:\/\/montecarloliving.com\/fr\/#website"},"primaryImageOfPage":{"@id":"https:\/\/montecarloliving.com\/fr\/actualite\/forum-des-artistes-de-monaco-2026-lart-monegasque-lhonneur-madrid-30708\/#primaryimage"},"image":{"@id":"https:\/\/montecarloliving.com\/fr\/actualite\/forum-des-artistes-de-monaco-2026-lart-monegasque-lhonneur-madrid-30708\/#primaryimage"},"thumbnailUrl":"https:\/\/montecarloliving.com\/wp-content\/uploads\/2026\/04\/8eme-Forum-des-Artistes.jpg","datePublished":"2026-04-30T08:23:51+00:00","dateModified":"2026-04-30T08:26:09+00:00","author":{"@id":"https:\/\/montecarloliving.com\/fr\/#\/schema\/person\/7e5945d4560862b7f2d2c6831bda2819"},"description":"Forum des Artistes de Monaco 2026: Plus de 50 artistes de la Principaut\u00e9 exposeront au Jardin Botanique Royal de Madrid","breadcrumb":{"@id":"https:\/\/montecarloliving.com\/fr\/actualite\/forum-des-artistes-de-monaco-2026-lart-monegasque-lhonneur-madrid-30708\/#breadcrumb"},"inLanguage":"fr-FR","potentialAction":[{"@type":"ReadAction","target":["https:\/\/montecarloliving.com\/fr\/actualite\/forum-des-artistes-de-monaco-2026-lart-monegasque-lhonneur-madrid-30708\/"]}]},{"@type":"ImageObject","inLanguage":"fr-FR","@id":"https:\/\/montecarloliving.com\/fr\/actualite\/forum-des-artistes-de-monaco-2026-lart-monegasque-lhonneur-madrid-30708\/#primaryimage","url":"https:\/\/montecarloliving.com\/wp-content\/uploads\/2026\/04\/8eme-Forum-des-Artistes.jpg","contentUrl":"https:\/\/montecarloliving.com\/wp-content\/uploads\/2026\/04\/8eme-Forum-des-Artistes.jpg","width":1080,"height":1920},{"@type":"BreadcrumbList","@id":"https:\/\/montecarloliving.com\/fr\/actualite\/forum-des-artistes-de-monaco-2026-lart-monegasque-lhonneur-madrid-30708\/#breadcrumb","itemListElement":[{"@type":"ListItem","position":1,"name":"Home","item":"https:\/\/montecarloliving.com\/fr\/"},{"@type":"ListItem","position":2,"name":"Forum des Artistes de Monaco 2026: l\u2019art mon\u00e9gasque \u00e0 l\u2019honneur \u00e0 Madrid"}]},{"@type":"WebSite","@id":"https:\/\/montecarloliving.com\/fr\/#website","url":"https:\/\/montecarloliving.com\/fr\/","name":"Montecarlo Living","description":"News da Montecarlo - Principato di Monaco e Costa Azzurra","potentialAction":[{"@type":"SearchAction","target":{"@type":"EntryPoint","urlTemplate":"https:\/\/montecarloliving.com\/fr\/?s={search_term_string}"},"query-input":{"@type":"PropertyValueSpecification","valueRequired":true,"valueName":"search_term_string"}}],"inLanguage":"fr-FR"},{"@type":"Person","@id":"https:\/\/montecarloliving.com\/fr\/#\/schema\/person\/7e5945d4560862b7f2d2c6831bda2819","name":"Redazione","image":{"@type":"ImageObject","inLanguage":"fr-FR","@id":"https:\/\/secure.gravatar.com\/avatar\/8b5f26557e18fe74ad8e8a57ebb2925d88af8a90cee489ff2beefb391bc9b9c7?s=96&d=mm&r=g","url":"https:\/\/secure.gravatar.com\/avatar\/8b5f26557e18fe74ad8e8a57ebb2925d88af8a90cee489ff2beefb391bc9b9c7?s=96&d=mm&r=g","contentUrl":"https:\/\/secure.gravatar.com\/avatar\/8b5f26557e18fe74ad8e8a57ebb2925d88af8a90cee489ff2beefb391bc9b9c7?s=96&d=mm&r=g","caption":"Redazione"}}]}},"_links":{"self":[{"href":"https:\/\/montecarloliving.com\/fr\/wp-json\/wp\/v2\/posts\/30708","targetHints":{"allow":["GET"]}}],"collection":[{"href":"https:\/\/montecarloliving.com\/fr\/wp-json\/wp\/v2\/posts"}],"about":[{"href":"https:\/\/montecarloliving.com\/fr\/wp-json\/wp\/v2\/types\/post"}],"author":[{"embeddable":true,"href":"https:\/\/montecarloliving.com\/fr\/wp-json\/wp\/v2\/users\/1"}],"replies":[{"embeddable":true,"href":"https:\/\/montecarloliving.com\/fr\/wp-json\/wp\/v2\/comments?post=30708"}],"version-history":[{"count":1,"href":"https:\/\/montecarloliving.com\/fr\/wp-json\/wp\/v2\/posts\/30708\/revisions"}],"predecessor-version":[{"id":30709,"href":"https:\/\/montecarloliving.com\/fr\/wp-json\/wp\/v2\/posts\/30708\/revisions\/30709"}],"wp:featuredmedia":[{"embeddable":true,"href":"https:\/\/montecarloliving.com\/fr\/wp-json\/wp\/v2\/media\/30704"}],"wp:attachment":[{"href":"https:\/\/montecarloliving.com\/fr\/wp-json\/wp\/v2\/media?parent=30708"}],"wp:term":[{"taxonomy":"category","embeddable":true,"href":"https:\/\/montecarloliving.com\/fr\/wp-json\/wp\/v2\/categories?post=30708"},{"taxonomy":"post_tag","embeddable":true,"href":"https:\/\/montecarloliving.com\/fr\/wp-json\/wp\/v2\/tags?post=30708"}],"curies":[{"name":"wp","href":"https:\/\/api.w.org\/{rel}","templated":true}]}}