{"id":30652,"date":"2026-04-29T07:29:49","date_gmt":"2026-04-29T05:29:49","guid":{"rendered":"https:\/\/montecarloliving.com\/?p=30652"},"modified":"2026-04-28T12:35:26","modified_gmt":"2026-04-28T10:35:26","slug":"trois-mats-belem-cannes-2026-legendaire-voilier-du-xixe-siecle-ouvre-ses-portes-au-public","status":"publish","type":"post","link":"https:\/\/montecarloliving.com\/fr\/actualite\/trois-mats-belem-cannes-2026-legendaire-voilier-du-xixe-siecle-ouvre-ses-portes-au-public-30652\/","title":{"rendered":"Le trois-m\u00e2ts Belem \u00e0 Cannes 2026: le l\u00e9gendaire voilier du XIXe si\u00e8cle ouvre ses portes au public"},"content":{"rendered":"<p data-start=\"3562\" data-end=\"3784\">Le charme de la grande voile revient sur la C\u00f4te d\u2019Azur avec l\u2019arriv\u00e9e du <strong data-start=\"3636\" data-end=\"3665\">trois-m\u00e2ts Belem \u00e0 Cannes<\/strong>, l\u2019un des navires les plus embl\u00e9matiques et les plus anciens encore en navigation dans l\u2019histoire maritime europ\u00e9enne.<\/p>\n<p data-start=\"3786\" data-end=\"4038\">Du <strong data-start=\"3789\" data-end=\"3810\">1er au 3 mai 2026<\/strong>, le voilier historique fran\u00e7ais sera amarr\u00e9 au <strong data-start=\"3858\" data-end=\"3872\">Port Canto<\/strong>, face \u00e0 la capitainerie, et ouvrira exceptionnellement ses ponts au public, offrant une occasion rare de d\u00e9couvrir un v\u00e9ritable t\u00e9moin vivant de l\u2019histoire maritime.<\/p>\n<p data-start=\"4040\" data-end=\"4120\">Un \u00e9v\u00e9nement exceptionnel qui transforme Cannes en mus\u00e9e flottant \u00e0 ciel ouvert.<\/p>\n<h2 data-section-id=\"5tqvnq\" data-start=\"4122\" data-end=\"4172\">Visiter le Belem \u00e0 Cannes : horaires et billets<\/h2>\n<p data-start=\"4174\" data-end=\"4259\">Pendant les trois jours d\u2019ouverture, le Belem sera accessible aux horaires suivants :<\/p>\n<ul data-start=\"4261\" data-end=\"4304\">\n<li data-section-id=\"1lixg6r\" data-start=\"4261\" data-end=\"4278\">10h00 \u2013 18h00<\/li>\n<li data-section-id=\"107prz0\" data-start=\"4279\" data-end=\"4304\">Dernier acc\u00e8s \u00e0 17h30<\/li>\n<\/ul>\n<p data-start=\"4306\" data-end=\"4340\">Les billets peuvent \u00eatre achet\u00e9s :<\/p>\n<ul data-start=\"4342\" data-end=\"4416\">\n<li data-section-id=\"1hrcm22\" data-start=\"4342\" data-end=\"4354\">en ligne<\/li>\n<li data-section-id=\"1uu2wgz\" data-start=\"4355\" data-end=\"4382\">directement sur le quai<\/li>\n<li data-section-id=\"1aizgdg\" data-start=\"4383\" data-end=\"4416\">par paiement carte ou esp\u00e8ces<\/li>\n<\/ul>\n<p data-start=\"4418\" data-end=\"4531\">Une partie des recettes sera consacr\u00e9e \u00e0 la conservation et \u00e0 l\u2019entretien de ce patrimoine maritime exceptionnel.<\/p>\n<p data-start=\"4533\" data-end=\"4663\">Une boutique itin\u00e9rante sera \u00e9galement pr\u00e9sente, proposant souvenirs et produits officiels au profit de la pr\u00e9servation du navire.<\/p>\n<h2 data-section-id=\"kj0ra3\" data-start=\"4665\" data-end=\"4697\">Acc\u00e8s et conditions de visite<\/h2>\n<p data-start=\"4699\" data-end=\"4756\">La visite du Belem n\u00e9cessite une bonne mobilit\u00e9 physique.<\/p>\n<p data-start=\"4758\" data-end=\"4795\">En raison de la structure du navire :<\/p>\n<ul data-start=\"4797\" data-end=\"4991\">\n<li data-section-id=\"1p10umv\" data-start=\"4797\" data-end=\"4852\">les fauteuils roulants ne sont pas autoris\u00e9s \u00e0 bord<\/li>\n<li data-section-id=\"1xvobgv\" data-start=\"4853\" data-end=\"4913\">le bateau n\u2019est pas accessible aux personnes en fauteuil<\/li>\n<li data-section-id=\"18acy6t\" data-start=\"4914\" data-end=\"4991\">les personnes \u00e0 mobilit\u00e9 r\u00e9duite l\u00e9g\u00e8re peuvent embarquer avec assistance<\/li>\n<\/ul>\n<p data-start=\"4993\" data-end=\"5095\">\u00c0 mar\u00e9e basse, la pente des passerelles peut atteindre 15 %, il est donc recommand\u00e9 d\u2019\u00eatre accompagn\u00e9.<\/p>\n<h2 data-section-id=\"1siiyt0\" data-start=\"5097\" data-end=\"5143\">Le Belem : histoire d\u2019un voilier l\u00e9gendaire<\/h2>\n<p data-start=\"5145\" data-end=\"5302\">Lanc\u00e9 en <strong data-start=\"5154\" data-end=\"5208\">1896 aux chantiers Dubigeon de Chantenay-sur-Loire<\/strong>, le Belem est \u00e0 l\u2019origine un navire de commerce destin\u00e9 au transport de cacao vers la France.<\/p>\n<p data-start=\"5304\" data-end=\"5429\">Long de <strong data-start=\"5312\" data-end=\"5325\">58 m\u00e8tres<\/strong>, il a travers\u00e9 les oc\u00e9ans, chang\u00e9 de nom et de fonctions \u00e0 plusieurs reprises au cours de son histoire.<\/p>\n<h2 data-section-id=\"1g59ycj\" data-start=\"5431\" data-end=\"5478\">De navire marchand \u00e0 yacht puis navire-\u00e9cole<\/h2>\n<p data-start=\"5480\" data-end=\"5548\">En 1914, le Belem est transform\u00e9 en yacht par le duc de Westminster.<\/p>\n<p data-start=\"5550\" data-end=\"5690\">En 1921, il est rachet\u00e9 par Sir Arthur Ernest Guinness, qui le renomme <strong data-start=\"5621\" data-end=\"5635\">Fant\u00f4me II<\/strong> et l\u2019utilise pour un tour du monde entre 1923 et 1924.<\/p>\n<p data-start=\"5692\" data-end=\"5919\">Son lien avec l\u2019Italie d\u00e9bute en 1951, lorsqu\u2019il est acquis par le s\u00e9nateur <strong data-start=\"5768\" data-end=\"5785\">Vittorio Cini<\/strong> et transform\u00e9 en navire-\u00e9cole \u00e0 Venise sous le nom de <strong data-start=\"5840\" data-end=\"5856\">Giorgio Cini<\/strong>, formant des g\u00e9n\u00e9rations de marins pendant plus de quinze ans.<\/p>\n<h2 data-section-id=\"1smi8q9\" data-start=\"5921\" data-end=\"5955\">Retour en France et renaissance<\/h2>\n<p data-start=\"5957\" data-end=\"6068\">Apr\u00e8s une p\u00e9riode d\u2019incertitude, le navire revient en France en 1979 et retrouve son nom d\u2019origine : <strong data-start=\"6058\" data-end=\"6067\">Belem<\/strong>.<\/p>\n<p data-start=\"6070\" data-end=\"6281\">Aujourd\u2019hui, il est consid\u00e9r\u00e9 comme le <strong data-start=\"6109\" data-end=\"6171\">dernier voilier fran\u00e7ais du XIXe si\u00e8cle encore en activit\u00e9<\/strong>, un v\u00e9ritable mus\u00e9e flottant qui continue de naviguer et de transmettre plus d\u2019un si\u00e8cle d\u2019histoire maritime.<\/p>\n<h2 data-section-id=\"hir93r\" data-start=\"6283\" data-end=\"6347\">Le Belem \u00e0 Cannes : une immersion dans le patrimoine maritime<\/h2>\n<p data-start=\"6349\" data-end=\"6418\">L\u2019escale du Belem \u00e0 Cannes est bien plus qu\u2019un \u00e9v\u00e9nement touristique.<\/p>\n<p data-start=\"6420\" data-end=\"6595\" data-is-last-node=\"\" data-is-only-node=\"\">Pendant trois jours, le Port Canto devient un lien vivant entre pass\u00e9 et pr\u00e9sent, offrant au public une exp\u00e9rience unique \u00e0 bord d\u2019un navire historique toujours en navigation.<\/p>\n<p data-start=\"6420\" data-end=\"6595\" data-is-last-node=\"\" data-is-only-node=\"\"><img loading=\"lazy\" decoding=\"async\" class=\"size-full wp-image-30644 aligncenter\" src=\"https:\/\/montecarloliving.com\/wp-content\/uploads\/2026\/04\/OIP-1.webp\" alt=\"\" width=\"474\" height=\"783\" srcset=\"https:\/\/montecarloliving.com\/wp-content\/uploads\/2026\/04\/OIP-1.webp 474w, https:\/\/montecarloliving.com\/wp-content\/uploads\/2026\/04\/OIP-1-182x300.webp 182w\" sizes=\"auto, (max-width: 474px) 100vw, 474px\" \/><\/p>\n","protected":false},"excerpt":{"rendered":"<p>Le charme de la grande voile revient sur la C\u00f4te d\u2019Azur avec l\u2019arriv\u00e9e du trois-m\u00e2ts Belem \u00e0 Cannes, l\u2019un des navires les plus embl\u00e9matiques et les plus anciens encore en navigation dans l\u2019histoire maritime europ\u00e9enne. Du 1er au 3 mai 2026, le voilier historique [&hellip;]<\/p>\n","protected":false},"author":1,"featured_media":30648,"comment_status":"closed","ping_status":"closed","sticky":false,"template":"","format":"standard","meta":{"footnotes":""},"categories":[827,870,828],"tags":[],"class_list":["post-30652","post","type-post","status-publish","format-standard","has-post-thumbnail","hentry","category-actualite","category-cannes-fr","category-evenements"],"yoast_head":"<!-- This site is optimized with the Yoast SEO plugin v27.5 - https:\/\/yoast.com\/product\/yoast-seo-wordpress\/ -->\n<title>Le trois-m\u00e2ts Belem \u00e0 Cannes 2026<\/title>\n<meta name=\"description\" content=\"Le trois-m\u00e2ts Belem \u00e0 Cannes 2026: le l\u00e9gendaire voilier du XIXe si\u00e8cle ouvre ses portes au public Du 1er au 3 mai au Port Canto\" \/>\n<meta name=\"robots\" content=\"index, follow, max-snippet:-1, max-image-preview:large, max-video-preview:-1\" \/>\n<link rel=\"canonical\" href=\"https:\/\/montecarloliving.com\/fr\/actualite\/trois-mats-belem-cannes-2026-legendaire-voilier-du-xixe-siecle-ouvre-ses-portes-au-public-30652\/\" \/>\n<meta property=\"og:locale\" content=\"fr_FR\" \/>\n<meta property=\"og:title\" content=\"Le trois-m\u00e2ts Belem \u00e0 Cannes 2026\" \/>\n<meta property=\"og:description\" content=\"Le trois-m\u00e2ts Belem \u00e0 Cannes 2026: le l\u00e9gendaire voilier du XIXe si\u00e8cle ouvre ses portes au public Du 1er au 3 mai au Port Canto\" \/>\n<meta property=\"og:url\" content=\"https:\/\/montecarloliving.com\/fr\/actualite\/trois-mats-belem-cannes-2026-legendaire-voilier-du-xixe-siecle-ouvre-ses-portes-au-public-30652\/\" \/>\n<meta property=\"og:site_name\" content=\"Montecarlo Living\" \/>\n<meta property=\"article:publisher\" content=\"https:\/\/www.facebook.com\/montecarlolivingcom\/\" \/>\n<meta property=\"article:published_time\" content=\"2026-04-29T05:29:49+00:00\" \/>\n<meta property=\"og:image\" content=\"https:\/\/montecarloliving.com\/wp-content\/uploads\/2026\/04\/Belem_navigazione-650x400.jpg\" \/>\n\t<meta property=\"og:image:width\" content=\"650\" \/>\n\t<meta property=\"og:image:height\" content=\"400\" \/>\n\t<meta property=\"og:image:type\" content=\"image\/jpeg\" \/>\n<meta name=\"author\" content=\"Redazione\" \/>\n<meta name=\"twitter:card\" content=\"summary_large_image\" \/>\n<meta name=\"twitter:creator\" content=\"@MonteCarloLivi\" \/>\n<meta name=\"twitter:site\" content=\"@MonteCarloLivi\" \/>\n<meta name=\"twitter:label1\" content=\"\u00c9crit par\" \/>\n\t<meta name=\"twitter:data1\" content=\"Redazione\" \/>\n\t<meta name=\"twitter:label2\" content=\"Dur\u00e9e de lecture estim\u00e9e\" \/>\n\t<meta name=\"twitter:data2\" content=\"3 minutes\" \/>\n<script type=\"application\/ld+json\" class=\"yoast-schema-graph\">{\"@context\":\"https:\\\/\\\/schema.org\",\"@graph\":[{\"@type\":\"Article\",\"@id\":\"https:\\\/\\\/montecarloliving.com\\\/fr\\\/actualite\\\/trois-mats-belem-cannes-2026-legendaire-voilier-du-xixe-siecle-ouvre-ses-portes-au-public-30652\\\/#article\",\"isPartOf\":{\"@id\":\"https:\\\/\\\/montecarloliving.com\\\/fr\\\/actualite\\\/trois-mats-belem-cannes-2026-legendaire-voilier-du-xixe-siecle-ouvre-ses-portes-au-public-30652\\\/\"},\"author\":{\"name\":\"Redazione\",\"@id\":\"https:\\\/\\\/montecarloliving.com\\\/fr\\\/#\\\/schema\\\/person\\\/7e5945d4560862b7f2d2c6831bda2819\"},\"headline\":\"Le trois-m\u00e2ts Belem \u00e0 Cannes 2026: le l\u00e9gendaire voilier du XIXe si\u00e8cle ouvre ses portes au public\",\"datePublished\":\"2026-04-29T05:29:49+00:00\",\"mainEntityOfPage\":{\"@id\":\"https:\\\/\\\/montecarloliving.com\\\/fr\\\/actualite\\\/trois-mats-belem-cannes-2026-legendaire-voilier-du-xixe-siecle-ouvre-ses-portes-au-public-30652\\\/\"},\"wordCount\":525,\"image\":{\"@id\":\"https:\\\/\\\/montecarloliving.com\\\/fr\\\/actualite\\\/trois-mats-belem-cannes-2026-legendaire-voilier-du-xixe-siecle-ouvre-ses-portes-au-public-30652\\\/#primaryimage\"},\"thumbnailUrl\":\"https:\\\/\\\/montecarloliving.com\\\/wp-content\\\/uploads\\\/2026\\\/04\\\/Belem_navigazione.jpg\",\"articleSection\":[\"Actualit\u00e9\",\"Cannes\",\"\u00c9v\u00e9nements\"],\"inLanguage\":\"fr-FR\"},{\"@type\":\"WebPage\",\"@id\":\"https:\\\/\\\/montecarloliving.com\\\/fr\\\/actualite\\\/trois-mats-belem-cannes-2026-legendaire-voilier-du-xixe-siecle-ouvre-ses-portes-au-public-30652\\\/\",\"url\":\"https:\\\/\\\/montecarloliving.com\\\/fr\\\/actualite\\\/trois-mats-belem-cannes-2026-legendaire-voilier-du-xixe-siecle-ouvre-ses-portes-au-public-30652\\\/\",\"name\":\"Le trois-m\u00e2ts Belem \u00e0 Cannes 2026\",\"isPartOf\":{\"@id\":\"https:\\\/\\\/montecarloliving.com\\\/fr\\\/#website\"},\"primaryImageOfPage\":{\"@id\":\"https:\\\/\\\/montecarloliving.com\\\/fr\\\/actualite\\\/trois-mats-belem-cannes-2026-legendaire-voilier-du-xixe-siecle-ouvre-ses-portes-au-public-30652\\\/#primaryimage\"},\"image\":{\"@id\":\"https:\\\/\\\/montecarloliving.com\\\/fr\\\/actualite\\\/trois-mats-belem-cannes-2026-legendaire-voilier-du-xixe-siecle-ouvre-ses-portes-au-public-30652\\\/#primaryimage\"},\"thumbnailUrl\":\"https:\\\/\\\/montecarloliving.com\\\/wp-content\\\/uploads\\\/2026\\\/04\\\/Belem_navigazione.jpg\",\"datePublished\":\"2026-04-29T05:29:49+00:00\",\"author\":{\"@id\":\"https:\\\/\\\/montecarloliving.com\\\/fr\\\/#\\\/schema\\\/person\\\/7e5945d4560862b7f2d2c6831bda2819\"},\"description\":\"Le trois-m\u00e2ts Belem \u00e0 Cannes 2026: le l\u00e9gendaire voilier du XIXe si\u00e8cle ouvre ses portes au public Du 1er au 3 mai au Port Canto\",\"breadcrumb\":{\"@id\":\"https:\\\/\\\/montecarloliving.com\\\/fr\\\/actualite\\\/trois-mats-belem-cannes-2026-legendaire-voilier-du-xixe-siecle-ouvre-ses-portes-au-public-30652\\\/#breadcrumb\"},\"inLanguage\":\"fr-FR\",\"potentialAction\":[{\"@type\":\"ReadAction\",\"target\":[\"https:\\\/\\\/montecarloliving.com\\\/fr\\\/actualite\\\/trois-mats-belem-cannes-2026-legendaire-voilier-du-xixe-siecle-ouvre-ses-portes-au-public-30652\\\/\"]}]},{\"@type\":\"ImageObject\",\"inLanguage\":\"fr-FR\",\"@id\":\"https:\\\/\\\/montecarloliving.com\\\/fr\\\/actualite\\\/trois-mats-belem-cannes-2026-legendaire-voilier-du-xixe-siecle-ouvre-ses-portes-au-public-30652\\\/#primaryimage\",\"url\":\"https:\\\/\\\/montecarloliving.com\\\/wp-content\\\/uploads\\\/2026\\\/04\\\/Belem_navigazione.jpg\",\"contentUrl\":\"https:\\\/\\\/montecarloliving.com\\\/wp-content\\\/uploads\\\/2026\\\/04\\\/Belem_navigazione.jpg\",\"width\":800,\"height\":530},{\"@type\":\"BreadcrumbList\",\"@id\":\"https:\\\/\\\/montecarloliving.com\\\/fr\\\/actualite\\\/trois-mats-belem-cannes-2026-legendaire-voilier-du-xixe-siecle-ouvre-ses-portes-au-public-30652\\\/#breadcrumb\",\"itemListElement\":[{\"@type\":\"ListItem\",\"position\":1,\"name\":\"Home\",\"item\":\"https:\\\/\\\/montecarloliving.com\\\/fr\\\/\"},{\"@type\":\"ListItem\",\"position\":2,\"name\":\"Le trois-m\u00e2ts Belem \u00e0 Cannes 2026: le l\u00e9gendaire voilier du XIXe si\u00e8cle ouvre ses portes au public\"}]},{\"@type\":\"WebSite\",\"@id\":\"https:\\\/\\\/montecarloliving.com\\\/fr\\\/#website\",\"url\":\"https:\\\/\\\/montecarloliving.com\\\/fr\\\/\",\"name\":\"Montecarlo Living\",\"description\":\"News da Montecarlo - Principato di Monaco e Costa Azzurra\",\"potentialAction\":[{\"@type\":\"SearchAction\",\"target\":{\"@type\":\"EntryPoint\",\"urlTemplate\":\"https:\\\/\\\/montecarloliving.com\\\/fr\\\/?s={search_term_string}\"},\"query-input\":{\"@type\":\"PropertyValueSpecification\",\"valueRequired\":true,\"valueName\":\"search_term_string\"}}],\"inLanguage\":\"fr-FR\"},{\"@type\":\"Person\",\"@id\":\"https:\\\/\\\/montecarloliving.com\\\/fr\\\/#\\\/schema\\\/person\\\/7e5945d4560862b7f2d2c6831bda2819\",\"name\":\"Redazione\",\"image\":{\"@type\":\"ImageObject\",\"inLanguage\":\"fr-FR\",\"@id\":\"https:\\\/\\\/secure.gravatar.com\\\/avatar\\\/8b5f26557e18fe74ad8e8a57ebb2925d88af8a90cee489ff2beefb391bc9b9c7?s=96&d=mm&r=g\",\"url\":\"https:\\\/\\\/secure.gravatar.com\\\/avatar\\\/8b5f26557e18fe74ad8e8a57ebb2925d88af8a90cee489ff2beefb391bc9b9c7?s=96&d=mm&r=g\",\"contentUrl\":\"https:\\\/\\\/secure.gravatar.com\\\/avatar\\\/8b5f26557e18fe74ad8e8a57ebb2925d88af8a90cee489ff2beefb391bc9b9c7?s=96&d=mm&r=g\",\"caption\":\"Redazione\"}}]}<\/script>\n<!-- \/ Yoast SEO plugin. -->","yoast_head_json":{"title":"Le trois-m\u00e2ts Belem \u00e0 Cannes 2026","description":"Le trois-m\u00e2ts Belem \u00e0 Cannes 2026: le l\u00e9gendaire voilier du XIXe si\u00e8cle ouvre ses portes au public Du 1er au 3 mai au Port Canto","robots":{"index":"index","follow":"follow","max-snippet":"max-snippet:-1","max-image-preview":"max-image-preview:large","max-video-preview":"max-video-preview:-1"},"canonical":"https:\/\/montecarloliving.com\/fr\/actualite\/trois-mats-belem-cannes-2026-legendaire-voilier-du-xixe-siecle-ouvre-ses-portes-au-public-30652\/","og_locale":"fr_FR","og_title":"Le trois-m\u00e2ts Belem \u00e0 Cannes 2026","og_description":"Le trois-m\u00e2ts Belem \u00e0 Cannes 2026: le l\u00e9gendaire voilier du XIXe si\u00e8cle ouvre ses portes au public Du 1er au 3 mai au Port Canto","og_url":"https:\/\/montecarloliving.com\/fr\/actualite\/trois-mats-belem-cannes-2026-legendaire-voilier-du-xixe-siecle-ouvre-ses-portes-au-public-30652\/","og_site_name":"Montecarlo Living","article_publisher":"https:\/\/www.facebook.com\/montecarlolivingcom\/","article_published_time":"2026-04-29T05:29:49+00:00","og_image":[{"width":650,"height":400,"url":"https:\/\/montecarloliving.com\/wp-content\/uploads\/2026\/04\/Belem_navigazione-650x400.jpg","type":"image\/jpeg"}],"author":"Redazione","twitter_card":"summary_large_image","twitter_creator":"@MonteCarloLivi","twitter_site":"@MonteCarloLivi","twitter_misc":{"\u00c9crit par":"Redazione","Dur\u00e9e de lecture estim\u00e9e":"3 minutes"},"schema":{"@context":"https:\/\/schema.org","@graph":[{"@type":"Article","@id":"https:\/\/montecarloliving.com\/fr\/actualite\/trois-mats-belem-cannes-2026-legendaire-voilier-du-xixe-siecle-ouvre-ses-portes-au-public-30652\/#article","isPartOf":{"@id":"https:\/\/montecarloliving.com\/fr\/actualite\/trois-mats-belem-cannes-2026-legendaire-voilier-du-xixe-siecle-ouvre-ses-portes-au-public-30652\/"},"author":{"name":"Redazione","@id":"https:\/\/montecarloliving.com\/fr\/#\/schema\/person\/7e5945d4560862b7f2d2c6831bda2819"},"headline":"Le trois-m\u00e2ts Belem \u00e0 Cannes 2026: le l\u00e9gendaire voilier du XIXe si\u00e8cle ouvre ses portes au public","datePublished":"2026-04-29T05:29:49+00:00","mainEntityOfPage":{"@id":"https:\/\/montecarloliving.com\/fr\/actualite\/trois-mats-belem-cannes-2026-legendaire-voilier-du-xixe-siecle-ouvre-ses-portes-au-public-30652\/"},"wordCount":525,"image":{"@id":"https:\/\/montecarloliving.com\/fr\/actualite\/trois-mats-belem-cannes-2026-legendaire-voilier-du-xixe-siecle-ouvre-ses-portes-au-public-30652\/#primaryimage"},"thumbnailUrl":"https:\/\/montecarloliving.com\/wp-content\/uploads\/2026\/04\/Belem_navigazione.jpg","articleSection":["Actualit\u00e9","Cannes","\u00c9v\u00e9nements"],"inLanguage":"fr-FR"},{"@type":"WebPage","@id":"https:\/\/montecarloliving.com\/fr\/actualite\/trois-mats-belem-cannes-2026-legendaire-voilier-du-xixe-siecle-ouvre-ses-portes-au-public-30652\/","url":"https:\/\/montecarloliving.com\/fr\/actualite\/trois-mats-belem-cannes-2026-legendaire-voilier-du-xixe-siecle-ouvre-ses-portes-au-public-30652\/","name":"Le trois-m\u00e2ts Belem \u00e0 Cannes 2026","isPartOf":{"@id":"https:\/\/montecarloliving.com\/fr\/#website"},"primaryImageOfPage":{"@id":"https:\/\/montecarloliving.com\/fr\/actualite\/trois-mats-belem-cannes-2026-legendaire-voilier-du-xixe-siecle-ouvre-ses-portes-au-public-30652\/#primaryimage"},"image":{"@id":"https:\/\/montecarloliving.com\/fr\/actualite\/trois-mats-belem-cannes-2026-legendaire-voilier-du-xixe-siecle-ouvre-ses-portes-au-public-30652\/#primaryimage"},"thumbnailUrl":"https:\/\/montecarloliving.com\/wp-content\/uploads\/2026\/04\/Belem_navigazione.jpg","datePublished":"2026-04-29T05:29:49+00:00","author":{"@id":"https:\/\/montecarloliving.com\/fr\/#\/schema\/person\/7e5945d4560862b7f2d2c6831bda2819"},"description":"Le trois-m\u00e2ts Belem \u00e0 Cannes 2026: le l\u00e9gendaire voilier du XIXe si\u00e8cle ouvre ses portes au public Du 1er au 3 mai au Port Canto","breadcrumb":{"@id":"https:\/\/montecarloliving.com\/fr\/actualite\/trois-mats-belem-cannes-2026-legendaire-voilier-du-xixe-siecle-ouvre-ses-portes-au-public-30652\/#breadcrumb"},"inLanguage":"fr-FR","potentialAction":[{"@type":"ReadAction","target":["https:\/\/montecarloliving.com\/fr\/actualite\/trois-mats-belem-cannes-2026-legendaire-voilier-du-xixe-siecle-ouvre-ses-portes-au-public-30652\/"]}]},{"@type":"ImageObject","inLanguage":"fr-FR","@id":"https:\/\/montecarloliving.com\/fr\/actualite\/trois-mats-belem-cannes-2026-legendaire-voilier-du-xixe-siecle-ouvre-ses-portes-au-public-30652\/#primaryimage","url":"https:\/\/montecarloliving.com\/wp-content\/uploads\/2026\/04\/Belem_navigazione.jpg","contentUrl":"https:\/\/montecarloliving.com\/wp-content\/uploads\/2026\/04\/Belem_navigazione.jpg","width":800,"height":530},{"@type":"BreadcrumbList","@id":"https:\/\/montecarloliving.com\/fr\/actualite\/trois-mats-belem-cannes-2026-legendaire-voilier-du-xixe-siecle-ouvre-ses-portes-au-public-30652\/#breadcrumb","itemListElement":[{"@type":"ListItem","position":1,"name":"Home","item":"https:\/\/montecarloliving.com\/fr\/"},{"@type":"ListItem","position":2,"name":"Le trois-m\u00e2ts Belem \u00e0 Cannes 2026: le l\u00e9gendaire voilier du XIXe si\u00e8cle ouvre ses portes au public"}]},{"@type":"WebSite","@id":"https:\/\/montecarloliving.com\/fr\/#website","url":"https:\/\/montecarloliving.com\/fr\/","name":"Montecarlo Living","description":"News da Montecarlo - Principato di Monaco e Costa Azzurra","potentialAction":[{"@type":"SearchAction","target":{"@type":"EntryPoint","urlTemplate":"https:\/\/montecarloliving.com\/fr\/?s={search_term_string}"},"query-input":{"@type":"PropertyValueSpecification","valueRequired":true,"valueName":"search_term_string"}}],"inLanguage":"fr-FR"},{"@type":"Person","@id":"https:\/\/montecarloliving.com\/fr\/#\/schema\/person\/7e5945d4560862b7f2d2c6831bda2819","name":"Redazione","image":{"@type":"ImageObject","inLanguage":"fr-FR","@id":"https:\/\/secure.gravatar.com\/avatar\/8b5f26557e18fe74ad8e8a57ebb2925d88af8a90cee489ff2beefb391bc9b9c7?s=96&d=mm&r=g","url":"https:\/\/secure.gravatar.com\/avatar\/8b5f26557e18fe74ad8e8a57ebb2925d88af8a90cee489ff2beefb391bc9b9c7?s=96&d=mm&r=g","contentUrl":"https:\/\/secure.gravatar.com\/avatar\/8b5f26557e18fe74ad8e8a57ebb2925d88af8a90cee489ff2beefb391bc9b9c7?s=96&d=mm&r=g","caption":"Redazione"}}]}},"_links":{"self":[{"href":"https:\/\/montecarloliving.com\/fr\/wp-json\/wp\/v2\/posts\/30652","targetHints":{"allow":["GET"]}}],"collection":[{"href":"https:\/\/montecarloliving.com\/fr\/wp-json\/wp\/v2\/posts"}],"about":[{"href":"https:\/\/montecarloliving.com\/fr\/wp-json\/wp\/v2\/types\/post"}],"author":[{"embeddable":true,"href":"https:\/\/montecarloliving.com\/fr\/wp-json\/wp\/v2\/users\/1"}],"replies":[{"embeddable":true,"href":"https:\/\/montecarloliving.com\/fr\/wp-json\/wp\/v2\/comments?post=30652"}],"version-history":[{"count":1,"href":"https:\/\/montecarloliving.com\/fr\/wp-json\/wp\/v2\/posts\/30652\/revisions"}],"predecessor-version":[{"id":30653,"href":"https:\/\/montecarloliving.com\/fr\/wp-json\/wp\/v2\/posts\/30652\/revisions\/30653"}],"wp:featuredmedia":[{"embeddable":true,"href":"https:\/\/montecarloliving.com\/fr\/wp-json\/wp\/v2\/media\/30648"}],"wp:attachment":[{"href":"https:\/\/montecarloliving.com\/fr\/wp-json\/wp\/v2\/media?parent=30652"}],"wp:term":[{"taxonomy":"category","embeddable":true,"href":"https:\/\/montecarloliving.com\/fr\/wp-json\/wp\/v2\/categories?post=30652"},{"taxonomy":"post_tag","embeddable":true,"href":"https:\/\/montecarloliving.com\/fr\/wp-json\/wp\/v2\/tags?post=30652"}],"curies":[{"name":"wp","href":"https:\/\/api.w.org\/{rel}","templated":true}]}}