{"id":30635,"date":"2026-04-28T11:23:44","date_gmt":"2026-04-28T09:23:44","guid":{"rendered":"https:\/\/montecarloliving.com\/?p=30635"},"modified":"2026-04-28T11:29:37","modified_gmt":"2026-04-28T09:29:37","slug":"electro-spring-party-2026-au-grimaldi-forum-de-monaco-feder-en-tete-daffiche-dune-nuit-electro-2-mai","status":"publish","type":"post","link":"https:\/\/montecarloliving.com\/fr\/actualite\/electro-spring-party-2026-au-grimaldi-forum-de-monaco-feder-en-tete-daffiche-dune-nuit-electro-2-mai-30635\/","title":{"rendered":"Electro Spring Party 2026 au Grimaldi Forum de Monaco: Feder en t\u00eate d\u2019affiche d\u2019une nuit \u00e9lectro le 2 mai"},"content":{"rendered":"<p data-start=\"2734\" data-end=\"2967\">Le Grimaldi Forum de Monaco s\u2019appr\u00eate \u00e0 accueillir l\u2019un des \u00e9v\u00e9nements musicaux les plus attendus du printemps 2026 : l\u2019Electro Spring Party, une soir\u00e9e exclusive de musique \u00e9lectronique pr\u00e9vue le samedi 2 mai 2026 \u00e0 l\u2019Espace Indigo.<\/p>\n<p data-start=\"2969\" data-end=\"3154\">Pens\u00e9 pour les amateurs de culture club, l\u2019\u00e9v\u00e9nement propose une immersion dans l\u2019univers \u00e9lectro avec une programmation internationale et une ambiance unique au c\u0153ur de la Principaut\u00e9.<\/p>\n<p data-start=\"3156\" data-end=\"3287\">La t\u00eate d\u2019affiche sera Feder, figure majeure de la sc\u00e8ne \u00e9lectro fran\u00e7aise, accompagn\u00e9 de Nathalie Duchene et DJ Baloo From Monaco.<\/p>\n<h2 data-section-id=\"40htmo\" data-start=\"3289\" data-end=\"3334\">Feder, t\u00eate d\u2019affiche de la soir\u00e9e \u00e9lectro<\/h2>\n<p data-start=\"3336\" data-end=\"3495\">Artiste incontournable de la sc\u00e8ne \u00e9lectronique contemporaine, Feder est reconnu pour son style m\u00ealant house m\u00e9lodique, sonorit\u00e9s deep et \u00e9nergie club moderne.<\/p>\n<p data-start=\"3497\" data-end=\"3629\">Il assurera le set principal \u00e0 23h30, transformant l\u2019Espace Indigo en dancefloor immersif et sophistiqu\u00e9, moment phare de la soir\u00e9e.<\/p>\n<h2 data-section-id=\"okr0u6\" data-start=\"3631\" data-end=\"3666\">Nathalie Duchene ouvre la soir\u00e9e<\/h2>\n<p data-start=\"3668\" data-end=\"3775\">La soir\u00e9e d\u00e9butera \u00e0 22h00 avec Nathalie Duchene, DJ belge en pleine ascension sur la sc\u00e8ne internationale.<\/p>\n<p data-start=\"3777\" data-end=\"3911\">Connue pour ses sets \u00e9nergiques m\u00ealant house et techno, elle s\u2019impose comme l\u2019une des artistes les plus prometteuses de sa g\u00e9n\u00e9ration.<\/p>\n<h2 data-section-id=\"s7o9xw\" data-start=\"3913\" data-end=\"3955\">DJ Baloo From Monaco pour l\u2019after party<\/h2>\n<p data-start=\"3957\" data-end=\"4042\">De 01h00 \u00e0 03h00, DJ Baloo From Monaco prendra le relais pour l\u2019after party officiel.<\/p>\n<p data-start=\"4044\" data-end=\"4162\">Acteur bien connu de la sc\u00e8ne musicale mon\u00e9gasque, il prolongera l\u2019\u00e9nergie de la soir\u00e9e jusqu\u2019\u00e0 la fin de l\u2019\u00e9v\u00e9nement.<\/p>\n<h2 data-section-id=\"1r84cmt\" data-start=\"4164\" data-end=\"4184\">Programme complet<\/h2>\n<ul data-start=\"4186\" data-end=\"4329\">\n<li data-section-id=\"m951sz\" data-start=\"4186\" data-end=\"4218\">21h30 \u2013 Ouverture des portes<\/li>\n<li data-section-id=\"55k5zp\" data-start=\"4219\" data-end=\"4247\">22h00 \u2013 Nathalie Duchene<\/li>\n<li data-section-id=\"yg12td\" data-start=\"4248\" data-end=\"4265\">23h30 \u2013 Feder<\/li>\n<li data-section-id=\"krw7vo\" data-start=\"4266\" data-end=\"4298\">01h00 \u2013 DJ Baloo From Monaco<\/li>\n<li data-section-id=\"1khm6y2\" data-start=\"4299\" data-end=\"4329\">03h00 \u2013 Fin de l\u2019\u00e9v\u00e9nement<\/li>\n<\/ul>\n<h2 data-section-id=\"9vhp5q\" data-start=\"4331\" data-end=\"4361\">Billetterie et informations<\/h2>\n<p data-start=\"4363\" data-end=\"4434\">Les places sont limit\u00e9es et les billets sont propos\u00e9s \u00e0 partir de 35 \u20ac.<\/p>\n<p data-start=\"4436\" data-end=\"4467\">R\u00e9servations :<br \/>\n+377 99 99 30 00<\/p>\n<p data-start=\"4469\" data-end=\"4541\">Parking sur place disponible au tarif de 0,80 \u20ac\/heure \u00e0 partir de 20h00.<\/p>\n<h2 data-section-id=\"1v7k3yl\" data-start=\"4543\" data-end=\"4582\">Un \u00e9v\u00e9nement incontournable \u00e0 Monaco<\/h2>\n<p data-start=\"4584\" data-end=\"4780\" data-is-last-node=\"\" data-is-only-node=\"\">Avec une programmation internationale, une ambiance club exclusive et une seule date au calendrier, l\u2019Electro Spring Party s\u2019impose comme l\u2019un des \u00e9v\u00e9nements \u00e9lectro majeurs du printemps \u00e0 Monaco.<\/p>\n<p data-start=\"4584\" data-end=\"4780\" data-is-last-node=\"\" data-is-only-node=\"\"><img loading=\"lazy\" decoding=\"async\" class=\"size-full wp-image-30630 aligncenter\" src=\"https:\/\/montecarloliving.com\/wp-content\/uploads\/2026\/04\/esp26-visuel-e-news-grand-format-l800x-h450-px-260217.jpg\" alt=\"\" width=\"779\" height=\"627\" srcset=\"https:\/\/montecarloliving.com\/wp-content\/uploads\/2026\/04\/esp26-visuel-e-news-grand-format-l800x-h450-px-260217.jpg 779w, https:\/\/montecarloliving.com\/wp-content\/uploads\/2026\/04\/esp26-visuel-e-news-grand-format-l800x-h450-px-260217-300x241.jpg 300w, https:\/\/montecarloliving.com\/wp-content\/uploads\/2026\/04\/esp26-visuel-e-news-grand-format-l800x-h450-px-260217-768x618.jpg 768w\" sizes=\"auto, (max-width: 779px) 100vw, 779px\" \/><\/p>\n","protected":false},"excerpt":{"rendered":"<p>Le Grimaldi Forum de Monaco s\u2019appr\u00eate \u00e0 accueillir l\u2019un des \u00e9v\u00e9nements musicaux les plus attendus du printemps 2026 : l\u2019Electro Spring Party, une soir\u00e9e exclusive de musique \u00e9lectronique pr\u00e9vue le samedi 2 mai 2026 \u00e0 l\u2019Espace Indigo. Pens\u00e9 pour les amateurs de culture club, [&hellip;]<\/p>\n","protected":false},"author":1,"featured_media":30630,"comment_status":"closed","ping_status":"closed","sticky":false,"template":"","format":"standard","meta":{"footnotes":""},"categories":[827,875,828,867],"tags":[],"class_list":["post-30635","post","type-post","status-publish","format-standard","has-post-thumbnail","hentry","category-actualite","category-actualite-monaco","category-evenements","category-monaco-fr"],"yoast_head":"<!-- This site is optimized with the Yoast SEO plugin v27.4 - https:\/\/yoast.com\/product\/yoast-seo-wordpress\/ -->\n<title>Electro Spring Party 2026 au Grimaldi Forum<\/title>\n<meta name=\"description\" content=\"Electro Spring Party 2026 au Grimaldi Forum de Monaco : Feder en t\u00eate d\u2019affiche d\u2019une nuit \u00e9lectro le 2 mai\" \/>\n<meta name=\"robots\" content=\"index, follow, max-snippet:-1, max-image-preview:large, max-video-preview:-1\" \/>\n<link rel=\"canonical\" href=\"https:\/\/montecarloliving.com\/fr\/actualite\/electro-spring-party-2026-au-grimaldi-forum-de-monaco-feder-en-tete-daffiche-dune-nuit-electro-2-mai-30635\/\" \/>\n<meta property=\"og:locale\" content=\"fr_FR\" \/>\n<meta property=\"og:title\" content=\"Electro Spring Party 2026 au Grimaldi Forum\" \/>\n<meta property=\"og:description\" content=\"Electro Spring Party 2026 au Grimaldi Forum de Monaco : Feder en t\u00eate d\u2019affiche d\u2019une nuit \u00e9lectro le 2 mai\" \/>\n<meta property=\"og:url\" content=\"https:\/\/montecarloliving.com\/fr\/actualite\/electro-spring-party-2026-au-grimaldi-forum-de-monaco-feder-en-tete-daffiche-dune-nuit-electro-2-mai-30635\/\" \/>\n<meta property=\"og:site_name\" content=\"Montecarlo Living\" \/>\n<meta property=\"article:publisher\" content=\"https:\/\/www.facebook.com\/montecarlolivingcom\/\" \/>\n<meta property=\"article:published_time\" content=\"2026-04-28T09:23:44+00:00\" \/>\n<meta property=\"article:modified_time\" content=\"2026-04-28T09:29:37+00:00\" \/>\n<meta property=\"og:image\" content=\"https:\/\/montecarloliving.com\/wp-content\/uploads\/2026\/04\/esp26-visuel-e-news-grand-format-l800x-h450-px-260217-650x400.jpg\" \/>\n\t<meta property=\"og:image:width\" content=\"650\" \/>\n\t<meta property=\"og:image:height\" content=\"400\" \/>\n\t<meta property=\"og:image:type\" content=\"image\/jpeg\" \/>\n<meta name=\"author\" content=\"Redazione\" \/>\n<meta name=\"twitter:card\" content=\"summary_large_image\" \/>\n<meta name=\"twitter:creator\" content=\"@MonteCarloLivi\" \/>\n<meta name=\"twitter:site\" content=\"@MonteCarloLivi\" \/>\n<meta name=\"twitter:label1\" content=\"\u00c9crit par\" \/>\n\t<meta name=\"twitter:data1\" content=\"Redazione\" \/>\n\t<meta name=\"twitter:label2\" content=\"Dur\u00e9e de lecture estim\u00e9e\" \/>\n\t<meta name=\"twitter:data2\" content=\"2 minutes\" \/>\n<script type=\"application\/ld+json\" class=\"yoast-schema-graph\">{\"@context\":\"https:\\\/\\\/schema.org\",\"@graph\":[{\"@type\":\"Article\",\"@id\":\"https:\\\/\\\/montecarloliving.com\\\/fr\\\/actualite\\\/electro-spring-party-2026-au-grimaldi-forum-de-monaco-feder-en-tete-daffiche-dune-nuit-electro-2-mai-30635\\\/#article\",\"isPartOf\":{\"@id\":\"https:\\\/\\\/montecarloliving.com\\\/fr\\\/actualite\\\/electro-spring-party-2026-au-grimaldi-forum-de-monaco-feder-en-tete-daffiche-dune-nuit-electro-2-mai-30635\\\/\"},\"author\":{\"name\":\"Redazione\",\"@id\":\"https:\\\/\\\/montecarloliving.com\\\/fr\\\/#\\\/schema\\\/person\\\/7e5945d4560862b7f2d2c6831bda2819\"},\"headline\":\"Electro Spring Party 2026 au Grimaldi Forum de Monaco: Feder en t\u00eate d\u2019affiche d\u2019une nuit \u00e9lectro le 2 mai\",\"datePublished\":\"2026-04-28T09:23:44+00:00\",\"dateModified\":\"2026-04-28T09:29:37+00:00\",\"mainEntityOfPage\":{\"@id\":\"https:\\\/\\\/montecarloliving.com\\\/fr\\\/actualite\\\/electro-spring-party-2026-au-grimaldi-forum-de-monaco-feder-en-tete-daffiche-dune-nuit-electro-2-mai-30635\\\/\"},\"wordCount\":358,\"image\":{\"@id\":\"https:\\\/\\\/montecarloliving.com\\\/fr\\\/actualite\\\/electro-spring-party-2026-au-grimaldi-forum-de-monaco-feder-en-tete-daffiche-dune-nuit-electro-2-mai-30635\\\/#primaryimage\"},\"thumbnailUrl\":\"https:\\\/\\\/montecarloliving.com\\\/wp-content\\\/uploads\\\/2026\\\/04\\\/esp26-visuel-e-news-grand-format-l800x-h450-px-260217.jpg\",\"articleSection\":[\"Actualit\u00e9\",\"Actualit\u00e9 \u00e0 Monaco\",\"\u00c9v\u00e9nements\",\"Monaco\"],\"inLanguage\":\"fr-FR\"},{\"@type\":\"WebPage\",\"@id\":\"https:\\\/\\\/montecarloliving.com\\\/fr\\\/actualite\\\/electro-spring-party-2026-au-grimaldi-forum-de-monaco-feder-en-tete-daffiche-dune-nuit-electro-2-mai-30635\\\/\",\"url\":\"https:\\\/\\\/montecarloliving.com\\\/fr\\\/actualite\\\/electro-spring-party-2026-au-grimaldi-forum-de-monaco-feder-en-tete-daffiche-dune-nuit-electro-2-mai-30635\\\/\",\"name\":\"Electro Spring Party 2026 au Grimaldi Forum\",\"isPartOf\":{\"@id\":\"https:\\\/\\\/montecarloliving.com\\\/fr\\\/#website\"},\"primaryImageOfPage\":{\"@id\":\"https:\\\/\\\/montecarloliving.com\\\/fr\\\/actualite\\\/electro-spring-party-2026-au-grimaldi-forum-de-monaco-feder-en-tete-daffiche-dune-nuit-electro-2-mai-30635\\\/#primaryimage\"},\"image\":{\"@id\":\"https:\\\/\\\/montecarloliving.com\\\/fr\\\/actualite\\\/electro-spring-party-2026-au-grimaldi-forum-de-monaco-feder-en-tete-daffiche-dune-nuit-electro-2-mai-30635\\\/#primaryimage\"},\"thumbnailUrl\":\"https:\\\/\\\/montecarloliving.com\\\/wp-content\\\/uploads\\\/2026\\\/04\\\/esp26-visuel-e-news-grand-format-l800x-h450-px-260217.jpg\",\"datePublished\":\"2026-04-28T09:23:44+00:00\",\"dateModified\":\"2026-04-28T09:29:37+00:00\",\"author\":{\"@id\":\"https:\\\/\\\/montecarloliving.com\\\/fr\\\/#\\\/schema\\\/person\\\/7e5945d4560862b7f2d2c6831bda2819\"},\"description\":\"Electro Spring Party 2026 au Grimaldi Forum de Monaco : Feder en t\u00eate d\u2019affiche d\u2019une nuit \u00e9lectro le 2 mai\",\"breadcrumb\":{\"@id\":\"https:\\\/\\\/montecarloliving.com\\\/fr\\\/actualite\\\/electro-spring-party-2026-au-grimaldi-forum-de-monaco-feder-en-tete-daffiche-dune-nuit-electro-2-mai-30635\\\/#breadcrumb\"},\"inLanguage\":\"fr-FR\",\"potentialAction\":[{\"@type\":\"ReadAction\",\"target\":[\"https:\\\/\\\/montecarloliving.com\\\/fr\\\/actualite\\\/electro-spring-party-2026-au-grimaldi-forum-de-monaco-feder-en-tete-daffiche-dune-nuit-electro-2-mai-30635\\\/\"]}]},{\"@type\":\"ImageObject\",\"inLanguage\":\"fr-FR\",\"@id\":\"https:\\\/\\\/montecarloliving.com\\\/fr\\\/actualite\\\/electro-spring-party-2026-au-grimaldi-forum-de-monaco-feder-en-tete-daffiche-dune-nuit-electro-2-mai-30635\\\/#primaryimage\",\"url\":\"https:\\\/\\\/montecarloliving.com\\\/wp-content\\\/uploads\\\/2026\\\/04\\\/esp26-visuel-e-news-grand-format-l800x-h450-px-260217.jpg\",\"contentUrl\":\"https:\\\/\\\/montecarloliving.com\\\/wp-content\\\/uploads\\\/2026\\\/04\\\/esp26-visuel-e-news-grand-format-l800x-h450-px-260217.jpg\",\"width\":779,\"height\":627},{\"@type\":\"BreadcrumbList\",\"@id\":\"https:\\\/\\\/montecarloliving.com\\\/fr\\\/actualite\\\/electro-spring-party-2026-au-grimaldi-forum-de-monaco-feder-en-tete-daffiche-dune-nuit-electro-2-mai-30635\\\/#breadcrumb\",\"itemListElement\":[{\"@type\":\"ListItem\",\"position\":1,\"name\":\"Home\",\"item\":\"https:\\\/\\\/montecarloliving.com\\\/fr\\\/\"},{\"@type\":\"ListItem\",\"position\":2,\"name\":\"Electro Spring Party 2026 au Grimaldi Forum de Monaco: Feder en t\u00eate d\u2019affiche d\u2019une nuit \u00e9lectro le 2 mai\"}]},{\"@type\":\"WebSite\",\"@id\":\"https:\\\/\\\/montecarloliving.com\\\/fr\\\/#website\",\"url\":\"https:\\\/\\\/montecarloliving.com\\\/fr\\\/\",\"name\":\"Montecarlo Living\",\"description\":\"News da Montecarlo - Principato di Monaco e Costa Azzurra\",\"potentialAction\":[{\"@type\":\"SearchAction\",\"target\":{\"@type\":\"EntryPoint\",\"urlTemplate\":\"https:\\\/\\\/montecarloliving.com\\\/fr\\\/?s={search_term_string}\"},\"query-input\":{\"@type\":\"PropertyValueSpecification\",\"valueRequired\":true,\"valueName\":\"search_term_string\"}}],\"inLanguage\":\"fr-FR\"},{\"@type\":\"Person\",\"@id\":\"https:\\\/\\\/montecarloliving.com\\\/fr\\\/#\\\/schema\\\/person\\\/7e5945d4560862b7f2d2c6831bda2819\",\"name\":\"Redazione\",\"image\":{\"@type\":\"ImageObject\",\"inLanguage\":\"fr-FR\",\"@id\":\"https:\\\/\\\/secure.gravatar.com\\\/avatar\\\/8b5f26557e18fe74ad8e8a57ebb2925d88af8a90cee489ff2beefb391bc9b9c7?s=96&d=mm&r=g\",\"url\":\"https:\\\/\\\/secure.gravatar.com\\\/avatar\\\/8b5f26557e18fe74ad8e8a57ebb2925d88af8a90cee489ff2beefb391bc9b9c7?s=96&d=mm&r=g\",\"contentUrl\":\"https:\\\/\\\/secure.gravatar.com\\\/avatar\\\/8b5f26557e18fe74ad8e8a57ebb2925d88af8a90cee489ff2beefb391bc9b9c7?s=96&d=mm&r=g\",\"caption\":\"Redazione\"}}]}<\/script>\n<!-- \/ Yoast SEO plugin. -->","yoast_head_json":{"title":"Electro Spring Party 2026 au Grimaldi Forum","description":"Electro Spring Party 2026 au Grimaldi Forum de Monaco : Feder en t\u00eate d\u2019affiche d\u2019une nuit \u00e9lectro le 2 mai","robots":{"index":"index","follow":"follow","max-snippet":"max-snippet:-1","max-image-preview":"max-image-preview:large","max-video-preview":"max-video-preview:-1"},"canonical":"https:\/\/montecarloliving.com\/fr\/actualite\/electro-spring-party-2026-au-grimaldi-forum-de-monaco-feder-en-tete-daffiche-dune-nuit-electro-2-mai-30635\/","og_locale":"fr_FR","og_title":"Electro Spring Party 2026 au Grimaldi Forum","og_description":"Electro Spring Party 2026 au Grimaldi Forum de Monaco : Feder en t\u00eate d\u2019affiche d\u2019une nuit \u00e9lectro le 2 mai","og_url":"https:\/\/montecarloliving.com\/fr\/actualite\/electro-spring-party-2026-au-grimaldi-forum-de-monaco-feder-en-tete-daffiche-dune-nuit-electro-2-mai-30635\/","og_site_name":"Montecarlo Living","article_publisher":"https:\/\/www.facebook.com\/montecarlolivingcom\/","article_published_time":"2026-04-28T09:23:44+00:00","article_modified_time":"2026-04-28T09:29:37+00:00","og_image":[{"width":650,"height":400,"url":"https:\/\/montecarloliving.com\/wp-content\/uploads\/2026\/04\/esp26-visuel-e-news-grand-format-l800x-h450-px-260217-650x400.jpg","type":"image\/jpeg"}],"author":"Redazione","twitter_card":"summary_large_image","twitter_creator":"@MonteCarloLivi","twitter_site":"@MonteCarloLivi","twitter_misc":{"\u00c9crit par":"Redazione","Dur\u00e9e de lecture estim\u00e9e":"2 minutes"},"schema":{"@context":"https:\/\/schema.org","@graph":[{"@type":"Article","@id":"https:\/\/montecarloliving.com\/fr\/actualite\/electro-spring-party-2026-au-grimaldi-forum-de-monaco-feder-en-tete-daffiche-dune-nuit-electro-2-mai-30635\/#article","isPartOf":{"@id":"https:\/\/montecarloliving.com\/fr\/actualite\/electro-spring-party-2026-au-grimaldi-forum-de-monaco-feder-en-tete-daffiche-dune-nuit-electro-2-mai-30635\/"},"author":{"name":"Redazione","@id":"https:\/\/montecarloliving.com\/fr\/#\/schema\/person\/7e5945d4560862b7f2d2c6831bda2819"},"headline":"Electro Spring Party 2026 au Grimaldi Forum de Monaco: Feder en t\u00eate d\u2019affiche d\u2019une nuit \u00e9lectro le 2 mai","datePublished":"2026-04-28T09:23:44+00:00","dateModified":"2026-04-28T09:29:37+00:00","mainEntityOfPage":{"@id":"https:\/\/montecarloliving.com\/fr\/actualite\/electro-spring-party-2026-au-grimaldi-forum-de-monaco-feder-en-tete-daffiche-dune-nuit-electro-2-mai-30635\/"},"wordCount":358,"image":{"@id":"https:\/\/montecarloliving.com\/fr\/actualite\/electro-spring-party-2026-au-grimaldi-forum-de-monaco-feder-en-tete-daffiche-dune-nuit-electro-2-mai-30635\/#primaryimage"},"thumbnailUrl":"https:\/\/montecarloliving.com\/wp-content\/uploads\/2026\/04\/esp26-visuel-e-news-grand-format-l800x-h450-px-260217.jpg","articleSection":["Actualit\u00e9","Actualit\u00e9 \u00e0 Monaco","\u00c9v\u00e9nements","Monaco"],"inLanguage":"fr-FR"},{"@type":"WebPage","@id":"https:\/\/montecarloliving.com\/fr\/actualite\/electro-spring-party-2026-au-grimaldi-forum-de-monaco-feder-en-tete-daffiche-dune-nuit-electro-2-mai-30635\/","url":"https:\/\/montecarloliving.com\/fr\/actualite\/electro-spring-party-2026-au-grimaldi-forum-de-monaco-feder-en-tete-daffiche-dune-nuit-electro-2-mai-30635\/","name":"Electro Spring Party 2026 au Grimaldi Forum","isPartOf":{"@id":"https:\/\/montecarloliving.com\/fr\/#website"},"primaryImageOfPage":{"@id":"https:\/\/montecarloliving.com\/fr\/actualite\/electro-spring-party-2026-au-grimaldi-forum-de-monaco-feder-en-tete-daffiche-dune-nuit-electro-2-mai-30635\/#primaryimage"},"image":{"@id":"https:\/\/montecarloliving.com\/fr\/actualite\/electro-spring-party-2026-au-grimaldi-forum-de-monaco-feder-en-tete-daffiche-dune-nuit-electro-2-mai-30635\/#primaryimage"},"thumbnailUrl":"https:\/\/montecarloliving.com\/wp-content\/uploads\/2026\/04\/esp26-visuel-e-news-grand-format-l800x-h450-px-260217.jpg","datePublished":"2026-04-28T09:23:44+00:00","dateModified":"2026-04-28T09:29:37+00:00","author":{"@id":"https:\/\/montecarloliving.com\/fr\/#\/schema\/person\/7e5945d4560862b7f2d2c6831bda2819"},"description":"Electro Spring Party 2026 au Grimaldi Forum de Monaco : Feder en t\u00eate d\u2019affiche d\u2019une nuit \u00e9lectro le 2 mai","breadcrumb":{"@id":"https:\/\/montecarloliving.com\/fr\/actualite\/electro-spring-party-2026-au-grimaldi-forum-de-monaco-feder-en-tete-daffiche-dune-nuit-electro-2-mai-30635\/#breadcrumb"},"inLanguage":"fr-FR","potentialAction":[{"@type":"ReadAction","target":["https:\/\/montecarloliving.com\/fr\/actualite\/electro-spring-party-2026-au-grimaldi-forum-de-monaco-feder-en-tete-daffiche-dune-nuit-electro-2-mai-30635\/"]}]},{"@type":"ImageObject","inLanguage":"fr-FR","@id":"https:\/\/montecarloliving.com\/fr\/actualite\/electro-spring-party-2026-au-grimaldi-forum-de-monaco-feder-en-tete-daffiche-dune-nuit-electro-2-mai-30635\/#primaryimage","url":"https:\/\/montecarloliving.com\/wp-content\/uploads\/2026\/04\/esp26-visuel-e-news-grand-format-l800x-h450-px-260217.jpg","contentUrl":"https:\/\/montecarloliving.com\/wp-content\/uploads\/2026\/04\/esp26-visuel-e-news-grand-format-l800x-h450-px-260217.jpg","width":779,"height":627},{"@type":"BreadcrumbList","@id":"https:\/\/montecarloliving.com\/fr\/actualite\/electro-spring-party-2026-au-grimaldi-forum-de-monaco-feder-en-tete-daffiche-dune-nuit-electro-2-mai-30635\/#breadcrumb","itemListElement":[{"@type":"ListItem","position":1,"name":"Home","item":"https:\/\/montecarloliving.com\/fr\/"},{"@type":"ListItem","position":2,"name":"Electro Spring Party 2026 au Grimaldi Forum de Monaco: Feder en t\u00eate d\u2019affiche d\u2019une nuit \u00e9lectro le 2 mai"}]},{"@type":"WebSite","@id":"https:\/\/montecarloliving.com\/fr\/#website","url":"https:\/\/montecarloliving.com\/fr\/","name":"Montecarlo Living","description":"News da Montecarlo - Principato di Monaco e Costa Azzurra","potentialAction":[{"@type":"SearchAction","target":{"@type":"EntryPoint","urlTemplate":"https:\/\/montecarloliving.com\/fr\/?s={search_term_string}"},"query-input":{"@type":"PropertyValueSpecification","valueRequired":true,"valueName":"search_term_string"}}],"inLanguage":"fr-FR"},{"@type":"Person","@id":"https:\/\/montecarloliving.com\/fr\/#\/schema\/person\/7e5945d4560862b7f2d2c6831bda2819","name":"Redazione","image":{"@type":"ImageObject","inLanguage":"fr-FR","@id":"https:\/\/secure.gravatar.com\/avatar\/8b5f26557e18fe74ad8e8a57ebb2925d88af8a90cee489ff2beefb391bc9b9c7?s=96&d=mm&r=g","url":"https:\/\/secure.gravatar.com\/avatar\/8b5f26557e18fe74ad8e8a57ebb2925d88af8a90cee489ff2beefb391bc9b9c7?s=96&d=mm&r=g","contentUrl":"https:\/\/secure.gravatar.com\/avatar\/8b5f26557e18fe74ad8e8a57ebb2925d88af8a90cee489ff2beefb391bc9b9c7?s=96&d=mm&r=g","caption":"Redazione"}}]}},"_links":{"self":[{"href":"https:\/\/montecarloliving.com\/fr\/wp-json\/wp\/v2\/posts\/30635","targetHints":{"allow":["GET"]}}],"collection":[{"href":"https:\/\/montecarloliving.com\/fr\/wp-json\/wp\/v2\/posts"}],"about":[{"href":"https:\/\/montecarloliving.com\/fr\/wp-json\/wp\/v2\/types\/post"}],"author":[{"embeddable":true,"href":"https:\/\/montecarloliving.com\/fr\/wp-json\/wp\/v2\/users\/1"}],"replies":[{"embeddable":true,"href":"https:\/\/montecarloliving.com\/fr\/wp-json\/wp\/v2\/comments?post=30635"}],"version-history":[{"count":1,"href":"https:\/\/montecarloliving.com\/fr\/wp-json\/wp\/v2\/posts\/30635\/revisions"}],"predecessor-version":[{"id":30636,"href":"https:\/\/montecarloliving.com\/fr\/wp-json\/wp\/v2\/posts\/30635\/revisions\/30636"}],"wp:featuredmedia":[{"embeddable":true,"href":"https:\/\/montecarloliving.com\/fr\/wp-json\/wp\/v2\/media\/30630"}],"wp:attachment":[{"href":"https:\/\/montecarloliving.com\/fr\/wp-json\/wp\/v2\/media?parent=30635"}],"wp:term":[{"taxonomy":"category","embeddable":true,"href":"https:\/\/montecarloliving.com\/fr\/wp-json\/wp\/v2\/categories?post=30635"},{"taxonomy":"post_tag","embeddable":true,"href":"https:\/\/montecarloliving.com\/fr\/wp-json\/wp\/v2\/tags?post=30635"}],"curies":[{"name":"wp","href":"https:\/\/api.w.org\/{rel}","templated":true}]}}