{"id":30621,"date":"2026-04-28T10:11:55","date_gmt":"2026-04-28T08:11:55","guid":{"rendered":"https:\/\/montecarloliving.com\/?p=30621"},"modified":"2026-04-28T10:34:43","modified_gmt":"2026-04-28T08:34:43","slug":"handi-voile-06-2026-tournee-rend-mer-accessible-tous-revient","status":"publish","type":"post","link":"https:\/\/montecarloliving.com\/fr\/actualite\/handi-voile-06-2026-tournee-rend-mer-accessible-tous-revient-30621\/","title":{"rendered":"Handi Voile 06 2026: la tourn\u00e9e qui rend la mer accessible \u00e0 tous revient"},"content":{"rendered":"<section class=\"text-token-text-primary w-full focus:outline-none [--shadow-height:45px] has-data-writing-block:pointer-events-none has-data-writing-block:-mt-(--shadow-height) has-data-writing-block:pt-(--shadow-height) [&amp;:has([data-writing-block])&gt;*]:pointer-events-auto [content-visibility:auto] supports-[content-visibility:auto]:[contain-intrinsic-size:auto_100lvh] R6Vx5W_threadScrollVars scroll-mb-[calc(var(--scroll-root-safe-area-inset-bottom,0px)+var(--thread-response-height))] scroll-mt-[calc(var(--header-height)+min(200px,max(70px,20svh)))]\" dir=\"auto\" data-turn-id=\"request-WEB:3e02b25f-c42d-4ec3-b440-49fa317b052c-5\" data-testid=\"conversation-turn-12\" data-scroll-anchor=\"false\" data-turn=\"assistant\">\n<div class=\"text-base my-auto mx-auto pb-10 [--thread-content-margin:var(--thread-content-margin-xs,calc(var(--spacing)*4))] @w-sm\/main:[--thread-content-margin:var(--thread-content-margin-sm,calc(var(--spacing)*6))] @w-lg\/main:[--thread-content-margin:var(--thread-content-margin-lg,calc(var(--spacing)*16))] px-(--thread-content-margin)\">\n<div class=\"[--thread-content-max-width:40rem] @w-lg\/main:[--thread-content-max-width:48rem] mx-auto max-w-(--thread-content-max-width) flex-1 group\/turn-messages focus-visible:outline-hidden relative flex w-full min-w-0 flex-col agent-turn\">\n<div class=\"flex max-w-full flex-col gap-4 grow\">\n<div class=\"min-h-8 text-message relative flex w-full flex-col items-end gap-2 text-start break-words whitespace-normal outline-none keyboard-focused:focus-ring [.text-message+&amp;]:mt-1\" dir=\"auto\" tabindex=\"0\" data-message-author-role=\"assistant\" data-message-id=\"8fcea3fe-60ad-4915-b7e4-67cd860d0cd6\" data-message-model-slug=\"gpt-5-3\" data-turn-start-message=\"true\">\n<div class=\"flex w-full flex-col gap-1 empty:hidden\">\n<div class=\"markdown prose dark:prose-invert w-full wrap-break-word light markdown-new-styling\">\n<p data-start=\"5298\" data-end=\"5600\">La mer comme espace de libert\u00e9, d\u2019inclusion et de partage. Tel est l\u2019esprit de Handi Voile 06, le projet port\u00e9 par le D\u00e9partement des Alpes-Maritimes qui c\u00e9l\u00e8bre en 2026 sa 20e \u00e9dition, confirmant ainsi sa place parmi les initiatives les plus importantes d\u00e9di\u00e9es au sport accessible sur la C\u00f4te d\u2019Azur.<\/p>\n<p data-start=\"5602\" data-end=\"5872\">Du 5 au 27 juin 2026, la tourn\u00e9e proposera 12 journ\u00e9es gratuites de voile et de kayak destin\u00e9es aux personnes en situation de handicap et \u00e0 leurs accompagnateurs, avec l\u2019objectif de faire tomber les barri\u00e8res et de transformer la mer en un lieu r\u00e9ellement ouvert \u00e0 tous.<\/p>\n<p data-start=\"5874\" data-end=\"6081\">Les inscriptions sont d\u00e9j\u00e0 ouvertes et l\u2019initiative concernera 11 communes du territoire, de Menton \u00e0 Cannes, en passant par Nice, Antibes et plusieurs stations embl\u00e9matiques du littoral des Alpes-Maritimes.<\/p>\n<h2 data-section-id=\"1ovj4uy\" data-start=\"6083\" data-end=\"6153\">Handi Voile 06 : vingt ans de sport, d\u2019inclusion et d\u2019accessibilit\u00e9<\/h2>\n<p data-start=\"6155\" data-end=\"6540\">Cr\u00e9\u00e9 en 2007, Handi Voile 06 est devenu au fil du temps une r\u00e9f\u00e9rence du sport inclusif dans le sud de la France. En pr\u00e8s de vingt ans d\u2019activit\u00e9, le projet a permis \u00e0 environ 11 000 personnes en situation de handicap, accompagn\u00e9es de leurs familles, de d\u00e9couvrir gratuitement la voile et le kayak dans un environnement s\u00e9curis\u00e9, \u00e9quip\u00e9 et pens\u00e9 pour garantir une accessibilit\u00e9 totale.<\/p>\n<p data-start=\"6542\" data-end=\"6744\">L\u2019initiative s\u2019inscrit dans le cadre plus large du programme Handi Sport 06, port\u00e9 par le D\u00e9partement des Alpes-Maritimes pour favoriser la pratique sportive adapt\u00e9e et lutter contre l\u2019isolement social.<\/p>\n<p data-start=\"6746\" data-end=\"7025\">Selon le pr\u00e9sident du D\u00e9partement, Charles Ange Gin\u00e9sy, cette vingti\u00e8me \u00e9dition constitue une preuve concr\u00e8te de l\u2019engagement institutionnel en faveur d\u2019un sport toujours plus inclusif, capable d\u2019am\u00e9liorer le bien-\u00eatre et la qualit\u00e9 de vie des personnes en situation de handicap.<\/p>\n<h2 data-section-id=\"1bdhrq2\" data-start=\"7027\" data-end=\"7063\">O\u00f9 se d\u00e9roule Handi Voile 06 2026<\/h2>\n<p data-start=\"7065\" data-end=\"7199\">L\u2019\u00e9dition 2026 se d\u00e9roulera dans 11 communes des Alpes-Maritimes, avec 12 journ\u00e9es d\u2019activit\u00e9s r\u00e9parties tout au long du mois de juin.<\/p>\n<p data-start=\"7201\" data-end=\"7231\">Les communes concern\u00e9es sont :<\/p>\n<ul data-start=\"7233\" data-end=\"7429\">\n<li data-section-id=\"1t8ebop\" data-start=\"7233\" data-end=\"7241\">Nice<\/li>\n<li data-section-id=\"176hbi\" data-start=\"7242\" data-end=\"7255\">Cap-d\u2019Ail<\/li>\n<li data-section-id=\"lfmd51\" data-start=\"7256\" data-end=\"7281\">Roquebrune-Cap-Martin<\/li>\n<li data-section-id=\"fh2n2z\" data-start=\"7282\" data-end=\"7292\">Menton<\/li>\n<li data-section-id=\"7z78ud\" data-start=\"7293\" data-end=\"7317\">Saint-Laurent-du-Var<\/li>\n<li data-section-id=\"229uzf\" data-start=\"7318\" data-end=\"7336\">Cagnes-sur-Mer<\/li>\n<li data-section-id=\"15tvm5z\" data-start=\"7337\" data-end=\"7358\">Villeneuve-Loubet<\/li>\n<li data-section-id=\"1502lny\" data-start=\"7359\" data-end=\"7370\">Antibes<\/li>\n<li data-section-id=\"1sofldl\" data-start=\"7371\" data-end=\"7395\">Vallauris Golfe-Juan<\/li>\n<li data-section-id=\"19j5ln6\" data-start=\"7396\" data-end=\"7420\">Mandelieu-La Napoule<\/li>\n<li data-section-id=\"1uxxp3w\" data-start=\"7421\" data-end=\"7429\">Cannes<\/li>\n<\/ul>\n<p data-start=\"7431\" data-end=\"7647\">La collaboration entre le Comit\u00e9 D\u00e9partemental de Voile, les bases nautiques locales, SPCOC cano\u00eb-kayak et les collectivit\u00e9s locales permet d\u2019assurer une organisation efficace et des services adapt\u00e9s \u00e0 chaque besoin.<\/p>\n<h2 data-section-id=\"2do4de\" data-start=\"7649\" data-end=\"7707\">Voile et kayak gratuits pour tous les types de handicap<\/h2>\n<p data-start=\"7709\" data-end=\"7811\">L\u2019un des aspects les plus importants de Handi Voile 06 est la gratuit\u00e9 totale des activit\u00e9s propos\u00e9es.<\/p>\n<p data-start=\"7813\" data-end=\"8147\">La tourn\u00e9e est ouverte aux personnes pr\u00e9sentant tout type de handicap, sans distinction, ainsi qu\u2019\u00e0 leurs accompagnateurs. Les activit\u00e9s se d\u00e9roulent dans des handiplages et des centres nautiques \u00e9quip\u00e9s, o\u00f9 les participants peuvent d\u00e9couvrir la voile et le kayak sous la supervision de moniteurs qualifi\u00e9s et de personnel sp\u00e9cialis\u00e9.<\/p>\n<p data-start=\"8149\" data-end=\"8320\">L\u2019objectif n\u2019est pas seulement sportif, mais \u00e9galement relationnel et th\u00e9rapeutique : vivre la mer devient une exp\u00e9rience d\u2019autonomie, de confiance et d\u2019inclusion sociale.<\/p>\n<h2 data-section-id=\"fwdefn\" data-start=\"8322\" data-end=\"8376\">Horaires des activit\u00e9s et participation quotidienne<\/h2>\n<p data-start=\"8378\" data-end=\"8431\">Chaque journ\u00e9e comprend quatre cr\u00e9neaux d\u2019une heure :<\/p>\n<ul data-start=\"8433\" data-end=\"8501\">\n<li data-section-id=\"152wm77\" data-start=\"8433\" data-end=\"8449\">9h30 \u2013 10h30<\/li>\n<li data-section-id=\"1hrr9aw\" data-start=\"8450\" data-end=\"8467\">11h00 \u2013 12h00<\/li>\n<li data-section-id=\"62u5ng\" data-start=\"8468\" data-end=\"8485\">13h30 \u2013 14h30<\/li>\n<li data-section-id=\"jvlw48\" data-start=\"8486\" data-end=\"8501\">15h00 \u2013 16h00<\/li>\n<\/ul>\n<p data-start=\"8503\" data-end=\"8622\">La capacit\u00e9 totale est d\u2019environ 100 participants par jour, permettant ainsi une participation large et bien organis\u00e9e.<\/p>\n<p data-start=\"8624\" data-end=\"8695\">Les familles peuvent inscrire jusqu\u2019\u00e0 quatre personnes par r\u00e9servation.<\/p>\n<h2 data-section-id=\"14tvgs4\" data-start=\"8697\" data-end=\"8740\">Comment s\u2019inscrire \u00e0 Handi Voile 06 2026<\/h2>\n<p data-start=\"8742\" data-end=\"8818\">Les r\u00e9servations sont obligatoires et sont ouvertes depuis le 20 avril 2026.<\/p>\n<p data-start=\"8820\" data-end=\"9001\">Il est possible de s\u2019inscrire directement en ligne sur le site officiel du D\u00e9partement des Alpes-Maritimes ou de remplir le formulaire sur place, selon les disponibilit\u00e9s restantes.<\/p>\n<p data-start=\"9003\" data-end=\"9038\">Pour informations et r\u00e9servations :<\/p>\n<p data-start=\"9040\" data-end=\"9060\"><a class=\"decorated-link\" href=\"http:\/\/www.departement06.fr\" target=\"_new\" rel=\"noopener\" data-start=\"9040\" data-end=\"9060\">www.departement06.fr<\/a><\/p>\n<p data-start=\"9062\" data-end=\"9119\">Service Jeunesse et Sports \u2013 Plan Voile et dispositif mer<\/p>\n<p data-start=\"9121\" data-end=\"9166\">T\u00e9l\u00e9phone :<br data-start=\"9132\" data-end=\"9135\" \/>04 97 18 72 57<br data-start=\"9149\" data-end=\"9152\" \/>06 66 10 89 58<\/p>\n<p data-start=\"9168\" data-end=\"9205\">Email :<br data-start=\"9175\" data-end=\"9178\" \/><a class=\"decorated-link cursor-pointer\" rel=\"noopener\" data-start=\"9178\" data-end=\"9205\">handivoile@departement06.fr<\/a><\/p>\n<h2 data-section-id=\"dubwxv\" data-start=\"9207\" data-end=\"9246\">Un projet qui continue toute l\u2019ann\u00e9e<\/h2>\n<p data-start=\"9248\" data-end=\"9310\">Handi Voile 06 ne se limite pas \u00e0 la tourn\u00e9e estivale de juin.<\/p>\n<p data-start=\"9312\" data-end=\"9502\">Tout au long de l\u2019ann\u00e9e, le programme mobilise environ 50 structures sp\u00e9cialis\u00e9es et propose des s\u00e9ances gratuites de voile dans sept bases nautiques partenaires r\u00e9parties sur le territoire.<\/p>\n<p data-start=\"9504\" data-end=\"9702\">Gr\u00e2ce \u00e0 ce dispositif permanent, environ 600 personnes b\u00e9n\u00e9ficient chaque ann\u00e9e de parcours sportifs adapt\u00e9s favorisant la r\u00e9\u00e9ducation, le bien-\u00eatre physique et mental ainsi que l\u2019inclusion sociale.<\/p>\n<p data-start=\"9704\" data-end=\"9839\">Il s\u2019agit d\u2019un mod\u00e8le vertueux qui d\u00e9montre comment le sport peut devenir un v\u00e9ritable outil de participation et d\u2019\u00e9galit\u00e9 des chances.<\/p>\n<h2 data-section-id=\"s8ab0e\" data-start=\"9841\" data-end=\"9904\">Pourquoi Handi Voile 06 est un v\u00e9ritable exemple d\u2019inclusion<\/h2>\n<p data-start=\"9906\" data-end=\"10062\">\u00c0 une \u00e9poque o\u00f9 la question de l\u2019accessibilit\u00e9 devient de plus en plus centrale, Handi Voile 06 repr\u00e9sente un exemple concret d\u2019inclusion r\u00e9elle et durable.<\/p>\n<p data-start=\"10064\" data-end=\"10246\">Il ne s\u2019agit pas seulement de proposer des activit\u00e9s gratuites, mais de construire une exp\u00e9rience capable de redonner autonomie, confiance et lien social \u00e0 des milliers de personnes.<\/p>\n<p data-start=\"10248\" data-end=\"10330\">Depuis vingt ans, le projet d\u00e9montre que la mer peut r\u00e9ellement appartenir \u00e0 tous.<\/p>\n<p data-start=\"10332\" data-end=\"10482\" data-is-last-node=\"\" data-is-only-node=\"\">Et c\u2019est pr\u00e9cis\u00e9ment cette vision qui fait de Handi Voile 06 l\u2019une des initiatives sociales et sportives les plus importantes de toute la C\u00f4te d\u2019Azur.<\/p>\n<\/div>\n<\/div>\n<\/div>\n<\/div>\n<div class=\"z-0 flex min-h-[46px] justify-start\"><img loading=\"lazy\" decoding=\"async\" class=\"size-full wp-image-30617 aligncenter\" src=\"https:\/\/montecarloliving.com\/wp-content\/uploads\/2026\/04\/bandeaudemarches_1200x891-px_2026_if.jpg\" alt=\"\" width=\"1200\" height=\"891\" srcset=\"https:\/\/montecarloliving.com\/wp-content\/uploads\/2026\/04\/bandeaudemarches_1200x891-px_2026_if.jpg 1200w, https:\/\/montecarloliving.com\/wp-content\/uploads\/2026\/04\/bandeaudemarches_1200x891-px_2026_if-300x223.jpg 300w, https:\/\/montecarloliving.com\/wp-content\/uploads\/2026\/04\/bandeaudemarches_1200x891-px_2026_if-1024x760.jpg 1024w, https:\/\/montecarloliving.com\/wp-content\/uploads\/2026\/04\/bandeaudemarches_1200x891-px_2026_if-768x570.jpg 768w\" sizes=\"auto, (max-width: 1200px) 100vw, 1200px\" \/><\/div>\n<\/div>\n<\/div>\n<\/section>\n","protected":false},"excerpt":{"rendered":"<p>La mer comme espace de libert\u00e9, d\u2019inclusion et de partage. Tel est l\u2019esprit de Handi Voile 06, le projet port\u00e9 par le D\u00e9partement des Alpes-Maritimes qui c\u00e9l\u00e8bre en 2026 sa 20e \u00e9dition, confirmant ainsi sa place parmi les initiatives les plus importantes d\u00e9di\u00e9es au [&hellip;]<\/p>\n","protected":false},"author":1,"featured_media":30617,"comment_status":"closed","ping_status":"closed","sticky":false,"template":"","format":"standard","meta":{"footnotes":""},"categories":[827,828,908],"tags":[],"class_list":["post-30621","post","type-post","status-publish","format-standard","has-post-thumbnail","hentry","category-actualite","category-evenements","category-cote-dazur"],"yoast_head":"<!-- This site is optimized with the Yoast SEO plugin v27.4 - https:\/\/yoast.com\/product\/yoast-seo-wordpress\/ -->\n<title>Handi Voile 06 2026<\/title>\n<meta name=\"description\" content=\"Handi Voile 06 2026: Du 5 au 27 juin, voile et kayak gratuits dans 11 communes des Alpes-Maritimes pour les personnes\" \/>\n<meta name=\"robots\" content=\"index, follow, max-snippet:-1, max-image-preview:large, max-video-preview:-1\" \/>\n<link rel=\"canonical\" href=\"https:\/\/montecarloliving.com\/fr\/actualite\/handi-voile-06-2026-tournee-rend-mer-accessible-tous-revient-30621\/\" \/>\n<meta property=\"og:locale\" content=\"fr_FR\" \/>\n<meta property=\"og:title\" content=\"Handi Voile 06 2026\" \/>\n<meta property=\"og:description\" content=\"Handi Voile 06 2026: Du 5 au 27 juin, voile et kayak gratuits dans 11 communes des Alpes-Maritimes pour les personnes\" \/>\n<meta property=\"og:url\" content=\"https:\/\/montecarloliving.com\/fr\/actualite\/handi-voile-06-2026-tournee-rend-mer-accessible-tous-revient-30621\/\" \/>\n<meta property=\"og:site_name\" content=\"Montecarlo Living\" \/>\n<meta property=\"article:publisher\" content=\"https:\/\/www.facebook.com\/montecarlolivingcom\/\" \/>\n<meta property=\"article:published_time\" content=\"2026-04-28T08:11:55+00:00\" \/>\n<meta property=\"article:modified_time\" content=\"2026-04-28T08:34:43+00:00\" \/>\n<meta property=\"og:image\" content=\"https:\/\/montecarloliving.com\/wp-content\/uploads\/2026\/04\/bandeaudemarches_1200x891-px_2026_if-650x400.jpg\" \/>\n\t<meta property=\"og:image:width\" content=\"650\" \/>\n\t<meta property=\"og:image:height\" content=\"400\" \/>\n\t<meta property=\"og:image:type\" content=\"image\/jpeg\" \/>\n<meta name=\"author\" content=\"Redazione\" \/>\n<meta name=\"twitter:card\" content=\"summary_large_image\" \/>\n<meta name=\"twitter:creator\" content=\"@MonteCarloLivi\" \/>\n<meta name=\"twitter:site\" content=\"@MonteCarloLivi\" \/>\n<meta name=\"twitter:label1\" content=\"\u00c9crit par\" \/>\n\t<meta name=\"twitter:data1\" content=\"Redazione\" \/>\n\t<meta name=\"twitter:label2\" content=\"Dur\u00e9e de lecture estim\u00e9e\" \/>\n\t<meta name=\"twitter:data2\" content=\"5 minutes\" \/>\n<script type=\"application\/ld+json\" class=\"yoast-schema-graph\">{\"@context\":\"https:\\\/\\\/schema.org\",\"@graph\":[{\"@type\":\"Article\",\"@id\":\"https:\\\/\\\/montecarloliving.com\\\/fr\\\/actualite\\\/handi-voile-06-2026-tournee-rend-mer-accessible-tous-revient-30621\\\/#article\",\"isPartOf\":{\"@id\":\"https:\\\/\\\/montecarloliving.com\\\/fr\\\/actualite\\\/handi-voile-06-2026-tournee-rend-mer-accessible-tous-revient-30621\\\/\"},\"author\":{\"name\":\"Redazione\",\"@id\":\"https:\\\/\\\/montecarloliving.com\\\/fr\\\/#\\\/schema\\\/person\\\/7e5945d4560862b7f2d2c6831bda2819\"},\"headline\":\"Handi Voile 06 2026: la tourn\u00e9e qui rend la mer accessible \u00e0 tous revient\",\"datePublished\":\"2026-04-28T08:11:55+00:00\",\"dateModified\":\"2026-04-28T08:34:43+00:00\",\"mainEntityOfPage\":{\"@id\":\"https:\\\/\\\/montecarloliving.com\\\/fr\\\/actualite\\\/handi-voile-06-2026-tournee-rend-mer-accessible-tous-revient-30621\\\/\"},\"wordCount\":853,\"image\":{\"@id\":\"https:\\\/\\\/montecarloliving.com\\\/fr\\\/actualite\\\/handi-voile-06-2026-tournee-rend-mer-accessible-tous-revient-30621\\\/#primaryimage\"},\"thumbnailUrl\":\"https:\\\/\\\/montecarloliving.com\\\/wp-content\\\/uploads\\\/2026\\\/04\\\/bandeaudemarches_1200x891-px_2026_if.jpg\",\"articleSection\":[\"Actualit\u00e9\",\"\u00c9v\u00e9nements\",\"La C\u00f4te d'Azur\"],\"inLanguage\":\"fr-FR\"},{\"@type\":\"WebPage\",\"@id\":\"https:\\\/\\\/montecarloliving.com\\\/fr\\\/actualite\\\/handi-voile-06-2026-tournee-rend-mer-accessible-tous-revient-30621\\\/\",\"url\":\"https:\\\/\\\/montecarloliving.com\\\/fr\\\/actualite\\\/handi-voile-06-2026-tournee-rend-mer-accessible-tous-revient-30621\\\/\",\"name\":\"Handi Voile 06 2026\",\"isPartOf\":{\"@id\":\"https:\\\/\\\/montecarloliving.com\\\/fr\\\/#website\"},\"primaryImageOfPage\":{\"@id\":\"https:\\\/\\\/montecarloliving.com\\\/fr\\\/actualite\\\/handi-voile-06-2026-tournee-rend-mer-accessible-tous-revient-30621\\\/#primaryimage\"},\"image\":{\"@id\":\"https:\\\/\\\/montecarloliving.com\\\/fr\\\/actualite\\\/handi-voile-06-2026-tournee-rend-mer-accessible-tous-revient-30621\\\/#primaryimage\"},\"thumbnailUrl\":\"https:\\\/\\\/montecarloliving.com\\\/wp-content\\\/uploads\\\/2026\\\/04\\\/bandeaudemarches_1200x891-px_2026_if.jpg\",\"datePublished\":\"2026-04-28T08:11:55+00:00\",\"dateModified\":\"2026-04-28T08:34:43+00:00\",\"author\":{\"@id\":\"https:\\\/\\\/montecarloliving.com\\\/fr\\\/#\\\/schema\\\/person\\\/7e5945d4560862b7f2d2c6831bda2819\"},\"description\":\"Handi Voile 06 2026: Du 5 au 27 juin, voile et kayak gratuits dans 11 communes des Alpes-Maritimes pour les personnes\",\"breadcrumb\":{\"@id\":\"https:\\\/\\\/montecarloliving.com\\\/fr\\\/actualite\\\/handi-voile-06-2026-tournee-rend-mer-accessible-tous-revient-30621\\\/#breadcrumb\"},\"inLanguage\":\"fr-FR\",\"potentialAction\":[{\"@type\":\"ReadAction\",\"target\":[\"https:\\\/\\\/montecarloliving.com\\\/fr\\\/actualite\\\/handi-voile-06-2026-tournee-rend-mer-accessible-tous-revient-30621\\\/\"]}]},{\"@type\":\"ImageObject\",\"inLanguage\":\"fr-FR\",\"@id\":\"https:\\\/\\\/montecarloliving.com\\\/fr\\\/actualite\\\/handi-voile-06-2026-tournee-rend-mer-accessible-tous-revient-30621\\\/#primaryimage\",\"url\":\"https:\\\/\\\/montecarloliving.com\\\/wp-content\\\/uploads\\\/2026\\\/04\\\/bandeaudemarches_1200x891-px_2026_if.jpg\",\"contentUrl\":\"https:\\\/\\\/montecarloliving.com\\\/wp-content\\\/uploads\\\/2026\\\/04\\\/bandeaudemarches_1200x891-px_2026_if.jpg\",\"width\":1200,\"height\":891},{\"@type\":\"BreadcrumbList\",\"@id\":\"https:\\\/\\\/montecarloliving.com\\\/fr\\\/actualite\\\/handi-voile-06-2026-tournee-rend-mer-accessible-tous-revient-30621\\\/#breadcrumb\",\"itemListElement\":[{\"@type\":\"ListItem\",\"position\":1,\"name\":\"Home\",\"item\":\"https:\\\/\\\/montecarloliving.com\\\/fr\\\/\"},{\"@type\":\"ListItem\",\"position\":2,\"name\":\"Handi Voile 06 2026: la tourn\u00e9e qui rend la mer accessible \u00e0 tous revient\"}]},{\"@type\":\"WebSite\",\"@id\":\"https:\\\/\\\/montecarloliving.com\\\/fr\\\/#website\",\"url\":\"https:\\\/\\\/montecarloliving.com\\\/fr\\\/\",\"name\":\"Montecarlo Living\",\"description\":\"News da Montecarlo - Principato di Monaco e Costa Azzurra\",\"potentialAction\":[{\"@type\":\"SearchAction\",\"target\":{\"@type\":\"EntryPoint\",\"urlTemplate\":\"https:\\\/\\\/montecarloliving.com\\\/fr\\\/?s={search_term_string}\"},\"query-input\":{\"@type\":\"PropertyValueSpecification\",\"valueRequired\":true,\"valueName\":\"search_term_string\"}}],\"inLanguage\":\"fr-FR\"},{\"@type\":\"Person\",\"@id\":\"https:\\\/\\\/montecarloliving.com\\\/fr\\\/#\\\/schema\\\/person\\\/7e5945d4560862b7f2d2c6831bda2819\",\"name\":\"Redazione\",\"image\":{\"@type\":\"ImageObject\",\"inLanguage\":\"fr-FR\",\"@id\":\"https:\\\/\\\/secure.gravatar.com\\\/avatar\\\/8b5f26557e18fe74ad8e8a57ebb2925d88af8a90cee489ff2beefb391bc9b9c7?s=96&d=mm&r=g\",\"url\":\"https:\\\/\\\/secure.gravatar.com\\\/avatar\\\/8b5f26557e18fe74ad8e8a57ebb2925d88af8a90cee489ff2beefb391bc9b9c7?s=96&d=mm&r=g\",\"contentUrl\":\"https:\\\/\\\/secure.gravatar.com\\\/avatar\\\/8b5f26557e18fe74ad8e8a57ebb2925d88af8a90cee489ff2beefb391bc9b9c7?s=96&d=mm&r=g\",\"caption\":\"Redazione\"}}]}<\/script>\n<!-- \/ Yoast SEO plugin. -->","yoast_head_json":{"title":"Handi Voile 06 2026","description":"Handi Voile 06 2026: Du 5 au 27 juin, voile et kayak gratuits dans 11 communes des Alpes-Maritimes pour les personnes","robots":{"index":"index","follow":"follow","max-snippet":"max-snippet:-1","max-image-preview":"max-image-preview:large","max-video-preview":"max-video-preview:-1"},"canonical":"https:\/\/montecarloliving.com\/fr\/actualite\/handi-voile-06-2026-tournee-rend-mer-accessible-tous-revient-30621\/","og_locale":"fr_FR","og_title":"Handi Voile 06 2026","og_description":"Handi Voile 06 2026: Du 5 au 27 juin, voile et kayak gratuits dans 11 communes des Alpes-Maritimes pour les personnes","og_url":"https:\/\/montecarloliving.com\/fr\/actualite\/handi-voile-06-2026-tournee-rend-mer-accessible-tous-revient-30621\/","og_site_name":"Montecarlo Living","article_publisher":"https:\/\/www.facebook.com\/montecarlolivingcom\/","article_published_time":"2026-04-28T08:11:55+00:00","article_modified_time":"2026-04-28T08:34:43+00:00","og_image":[{"width":650,"height":400,"url":"https:\/\/montecarloliving.com\/wp-content\/uploads\/2026\/04\/bandeaudemarches_1200x891-px_2026_if-650x400.jpg","type":"image\/jpeg"}],"author":"Redazione","twitter_card":"summary_large_image","twitter_creator":"@MonteCarloLivi","twitter_site":"@MonteCarloLivi","twitter_misc":{"\u00c9crit par":"Redazione","Dur\u00e9e de lecture estim\u00e9e":"5 minutes"},"schema":{"@context":"https:\/\/schema.org","@graph":[{"@type":"Article","@id":"https:\/\/montecarloliving.com\/fr\/actualite\/handi-voile-06-2026-tournee-rend-mer-accessible-tous-revient-30621\/#article","isPartOf":{"@id":"https:\/\/montecarloliving.com\/fr\/actualite\/handi-voile-06-2026-tournee-rend-mer-accessible-tous-revient-30621\/"},"author":{"name":"Redazione","@id":"https:\/\/montecarloliving.com\/fr\/#\/schema\/person\/7e5945d4560862b7f2d2c6831bda2819"},"headline":"Handi Voile 06 2026: la tourn\u00e9e qui rend la mer accessible \u00e0 tous revient","datePublished":"2026-04-28T08:11:55+00:00","dateModified":"2026-04-28T08:34:43+00:00","mainEntityOfPage":{"@id":"https:\/\/montecarloliving.com\/fr\/actualite\/handi-voile-06-2026-tournee-rend-mer-accessible-tous-revient-30621\/"},"wordCount":853,"image":{"@id":"https:\/\/montecarloliving.com\/fr\/actualite\/handi-voile-06-2026-tournee-rend-mer-accessible-tous-revient-30621\/#primaryimage"},"thumbnailUrl":"https:\/\/montecarloliving.com\/wp-content\/uploads\/2026\/04\/bandeaudemarches_1200x891-px_2026_if.jpg","articleSection":["Actualit\u00e9","\u00c9v\u00e9nements","La C\u00f4te d'Azur"],"inLanguage":"fr-FR"},{"@type":"WebPage","@id":"https:\/\/montecarloliving.com\/fr\/actualite\/handi-voile-06-2026-tournee-rend-mer-accessible-tous-revient-30621\/","url":"https:\/\/montecarloliving.com\/fr\/actualite\/handi-voile-06-2026-tournee-rend-mer-accessible-tous-revient-30621\/","name":"Handi Voile 06 2026","isPartOf":{"@id":"https:\/\/montecarloliving.com\/fr\/#website"},"primaryImageOfPage":{"@id":"https:\/\/montecarloliving.com\/fr\/actualite\/handi-voile-06-2026-tournee-rend-mer-accessible-tous-revient-30621\/#primaryimage"},"image":{"@id":"https:\/\/montecarloliving.com\/fr\/actualite\/handi-voile-06-2026-tournee-rend-mer-accessible-tous-revient-30621\/#primaryimage"},"thumbnailUrl":"https:\/\/montecarloliving.com\/wp-content\/uploads\/2026\/04\/bandeaudemarches_1200x891-px_2026_if.jpg","datePublished":"2026-04-28T08:11:55+00:00","dateModified":"2026-04-28T08:34:43+00:00","author":{"@id":"https:\/\/montecarloliving.com\/fr\/#\/schema\/person\/7e5945d4560862b7f2d2c6831bda2819"},"description":"Handi Voile 06 2026: Du 5 au 27 juin, voile et kayak gratuits dans 11 communes des Alpes-Maritimes pour les personnes","breadcrumb":{"@id":"https:\/\/montecarloliving.com\/fr\/actualite\/handi-voile-06-2026-tournee-rend-mer-accessible-tous-revient-30621\/#breadcrumb"},"inLanguage":"fr-FR","potentialAction":[{"@type":"ReadAction","target":["https:\/\/montecarloliving.com\/fr\/actualite\/handi-voile-06-2026-tournee-rend-mer-accessible-tous-revient-30621\/"]}]},{"@type":"ImageObject","inLanguage":"fr-FR","@id":"https:\/\/montecarloliving.com\/fr\/actualite\/handi-voile-06-2026-tournee-rend-mer-accessible-tous-revient-30621\/#primaryimage","url":"https:\/\/montecarloliving.com\/wp-content\/uploads\/2026\/04\/bandeaudemarches_1200x891-px_2026_if.jpg","contentUrl":"https:\/\/montecarloliving.com\/wp-content\/uploads\/2026\/04\/bandeaudemarches_1200x891-px_2026_if.jpg","width":1200,"height":891},{"@type":"BreadcrumbList","@id":"https:\/\/montecarloliving.com\/fr\/actualite\/handi-voile-06-2026-tournee-rend-mer-accessible-tous-revient-30621\/#breadcrumb","itemListElement":[{"@type":"ListItem","position":1,"name":"Home","item":"https:\/\/montecarloliving.com\/fr\/"},{"@type":"ListItem","position":2,"name":"Handi Voile 06 2026: la tourn\u00e9e qui rend la mer accessible \u00e0 tous revient"}]},{"@type":"WebSite","@id":"https:\/\/montecarloliving.com\/fr\/#website","url":"https:\/\/montecarloliving.com\/fr\/","name":"Montecarlo Living","description":"News da Montecarlo - Principato di Monaco e Costa Azzurra","potentialAction":[{"@type":"SearchAction","target":{"@type":"EntryPoint","urlTemplate":"https:\/\/montecarloliving.com\/fr\/?s={search_term_string}"},"query-input":{"@type":"PropertyValueSpecification","valueRequired":true,"valueName":"search_term_string"}}],"inLanguage":"fr-FR"},{"@type":"Person","@id":"https:\/\/montecarloliving.com\/fr\/#\/schema\/person\/7e5945d4560862b7f2d2c6831bda2819","name":"Redazione","image":{"@type":"ImageObject","inLanguage":"fr-FR","@id":"https:\/\/secure.gravatar.com\/avatar\/8b5f26557e18fe74ad8e8a57ebb2925d88af8a90cee489ff2beefb391bc9b9c7?s=96&d=mm&r=g","url":"https:\/\/secure.gravatar.com\/avatar\/8b5f26557e18fe74ad8e8a57ebb2925d88af8a90cee489ff2beefb391bc9b9c7?s=96&d=mm&r=g","contentUrl":"https:\/\/secure.gravatar.com\/avatar\/8b5f26557e18fe74ad8e8a57ebb2925d88af8a90cee489ff2beefb391bc9b9c7?s=96&d=mm&r=g","caption":"Redazione"}}]}},"_links":{"self":[{"href":"https:\/\/montecarloliving.com\/fr\/wp-json\/wp\/v2\/posts\/30621","targetHints":{"allow":["GET"]}}],"collection":[{"href":"https:\/\/montecarloliving.com\/fr\/wp-json\/wp\/v2\/posts"}],"about":[{"href":"https:\/\/montecarloliving.com\/fr\/wp-json\/wp\/v2\/types\/post"}],"author":[{"embeddable":true,"href":"https:\/\/montecarloliving.com\/fr\/wp-json\/wp\/v2\/users\/1"}],"replies":[{"embeddable":true,"href":"https:\/\/montecarloliving.com\/fr\/wp-json\/wp\/v2\/comments?post=30621"}],"version-history":[{"count":1,"href":"https:\/\/montecarloliving.com\/fr\/wp-json\/wp\/v2\/posts\/30621\/revisions"}],"predecessor-version":[{"id":30622,"href":"https:\/\/montecarloliving.com\/fr\/wp-json\/wp\/v2\/posts\/30621\/revisions\/30622"}],"wp:featuredmedia":[{"embeddable":true,"href":"https:\/\/montecarloliving.com\/fr\/wp-json\/wp\/v2\/media\/30617"}],"wp:attachment":[{"href":"https:\/\/montecarloliving.com\/fr\/wp-json\/wp\/v2\/media?parent=30621"}],"wp:term":[{"taxonomy":"category","embeddable":true,"href":"https:\/\/montecarloliving.com\/fr\/wp-json\/wp\/v2\/categories?post=30621"},{"taxonomy":"post_tag","embeddable":true,"href":"https:\/\/montecarloliving.com\/fr\/wp-json\/wp\/v2\/tags?post=30621"}],"curies":[{"name":"wp","href":"https:\/\/api.w.org\/{rel}","templated":true}]}}