{"id":30611,"date":"2026-04-28T09:22:59","date_gmt":"2026-04-28T07:22:59","guid":{"rendered":"https:\/\/montecarloliving.com\/?p=30611"},"modified":"2026-04-28T09:25:28","modified_gmt":"2026-04-28T07:25:28","slug":"prix-philomonaco-2026-les-prix-celebrent-philosophie-contemporaine-entre-monaco-et-paris","status":"publish","type":"post","link":"https:\/\/montecarloliving.com\/fr\/actualite\/prix-philomonaco-2026-les-prix-celebrent-philosophie-contemporaine-entre-monaco-et-paris-30611\/","title":{"rendered":"Prix PhiloMonaco 2026: les prix qui c\u00e9l\u00e8brent la philosophie contemporaine entre Monaco et Paris"},"content":{"rendered":"<p data-start=\"5998\" data-end=\"6404\">Les Prix PhiloMonaco repr\u00e9sentent l\u2019un des rendez-vous les plus prestigieux consacr\u00e9s \u00e0 la philosophie contemporaine de langue fran\u00e7aise. Organis\u00e9s par les Rencontres Philosophiques de Monaco, ces prix r\u00e9compensent chaque ann\u00e9e des \u0153uvres, des auteurs, des \u00e9diteurs et de jeunes \u00e9tudiants qui contribuent de mani\u00e8re significative au d\u00e9veloppement et \u00e0 la diffusion de la pens\u00e9e philosophique contemporaine.<\/p>\n<p data-start=\"6406\" data-end=\"6690\">L\u2019\u00e9dition 2026 confirme le r\u00f4le central de cet \u00e9v\u00e9nement dans le paysage culturel europ\u00e9en, avec une programmation qui se d\u00e9roule entre Paris et la Principaut\u00e9 de Monaco et qui r\u00e9unit certaines des personnalit\u00e9s les plus reconnues du monde philosophique et intellectuel international.<\/p>\n<h2 data-section-id=\"18v8nlp\" data-start=\"6692\" data-end=\"6764\">Prix PhiloMonaco de l\u2019Essai : le prix du meilleur essai philosophique<\/h2>\n<p data-start=\"6766\" data-end=\"7037\">Le Prix PhiloMonaco de l\u2019Essai r\u00e9compense un ouvrage de philosophie publi\u00e9 en langue fran\u00e7aise durant l\u2019ann\u00e9e civile pr\u00e9c\u00e9dant son attribution. Il est d\u00e9cern\u00e9 par un jury compos\u00e9 de philosophes, d\u2019intellectuels et de figures majeures de la sc\u00e8ne culturelle contemporaine.<\/p>\n<p data-start=\"7039\" data-end=\"7374\">L\u2019objectif du prix est de distinguer une \u0153uvre remarquable par sa rigueur th\u00e9orique, son originalit\u00e9 et sa pertinence, en ouvrant de nouvelles perspectives sur les grandes questions de notre temps. L\u2019essai prim\u00e9 doit d\u00e9passer le cadre strictement acad\u00e9mique ou universitaire sans pour autant devenir un simple ouvrage de vulgarisation.<\/p>\n<p data-start=\"7376\" data-end=\"7517\">Il s\u2019agit donc d\u2019une reconnaissance r\u00e9serv\u00e9e aux \u0153uvres capables d\u2019allier profondeur philosophique et ouverture au d\u00e9bat public contemporain.<\/p>\n<h2 data-section-id=\"khyy9b\" data-start=\"7519\" data-end=\"7554\">Le Jury du Prix PhiloMonaco 2026<\/h2>\n<p data-start=\"7556\" data-end=\"7664\">Pour 2026, le Pr\u00e9sident du Jury sera Robert Maggiori, figure majeure de la critique philosophique fran\u00e7aise.<\/p>\n<p data-start=\"7666\" data-end=\"7704\">\u00c0 ses c\u00f4t\u00e9s, le jury sera compos\u00e9 de :<\/p>\n<ul data-start=\"7706\" data-end=\"7976\">\n<li data-section-id=\"161ctob\" data-start=\"7706\" data-end=\"7728\">Isabelle Alfandary<\/li>\n<li data-section-id=\"v7ebmq\" data-start=\"7729\" data-end=\"7749\">\u00c9tienne Bimbenet<\/li>\n<li data-section-id=\"1566axn\" data-start=\"7750\" data-end=\"7773\">Charlotte Casiraghi<\/li>\n<li data-section-id=\"po13ob\" data-start=\"7774\" data-end=\"7795\">Catherine Chalier<\/li>\n<li data-section-id=\"1f93njk\" data-start=\"7796\" data-end=\"7817\">Denis Kambouchner<\/li>\n<li data-section-id=\"1689x42\" data-start=\"7818\" data-end=\"7836\">Sandra Laugier<\/li>\n<li data-section-id=\"894v35\" data-start=\"7837\" data-end=\"7853\">Claire Marin<\/li>\n<li data-section-id=\"pqj4r3\" data-start=\"7854\" data-end=\"7876\">G\u00e9raldine Muhlmann<\/li>\n<li data-section-id=\"nk6da6\" data-start=\"7877\" data-end=\"7897\">Corine Pelluchon<\/li>\n<li data-section-id=\"jg5xke\" data-start=\"7898\" data-end=\"7914\">Judith Revel<\/li>\n<li data-section-id=\"15hkq0a\" data-start=\"7915\" data-end=\"7934\">Camille Riquier<\/li>\n<li data-section-id=\"1mcy3y0\" data-start=\"7935\" data-end=\"7954\">Patrick Savidan<\/li>\n<li data-section-id=\"qbb58\" data-start=\"7955\" data-end=\"7976\">Raphael Zagury-Orly<\/li>\n<\/ul>\n<p data-start=\"7978\" data-end=\"8110\">Cette composition confirme le prestige international du prix et la volont\u00e9 de maintenir un haut niveau d\u2019exigence dans la s\u00e9lection.<\/p>\n<h2 data-section-id=\"9d10zq\" data-start=\"8112\" data-end=\"8192\">Prix PhiloMonaco de l\u2019\u00c9diteur : la reconnaissance des \u00e9diteurs de philosophie<\/h2>\n<p data-start=\"8194\" data-end=\"8437\">Parmi les distinctions les plus importantes figure \u00e9galement le Prix PhiloMonaco de l\u2019\u00c9diteur, attribu\u00e9 chaque ann\u00e9e \u00e0 une maison d\u2019\u00e9dition francophone qui s\u2019est particuli\u00e8rement illustr\u00e9e dans la publication d\u2019ouvrages philosophiques majeurs.<\/p>\n<p data-start=\"8439\" data-end=\"8601\">Ce prix souligne le r\u00f4le fondamental des \u00e9diteurs dans la diffusion de la pens\u00e9e philosophique et dans la promotion de nouveaux auteurs et courants intellectuels.<\/p>\n<p data-start=\"8603\" data-end=\"8794\">Une s\u00e9lection des ouvrages de la maison d\u2019\u00e9dition prim\u00e9e est ensuite offerte \u00e0 la M\u00e9diath\u00e8que Caroline, contribuant ainsi \u00e0 la valorisation du patrimoine culturel et \u00e0 la diffusion du savoir.<\/p>\n<h2 data-section-id=\"24uqci\" data-start=\"8796\" data-end=\"8865\">Prix PhiloMonaco des Lyc\u00e9ens : une place pour les jeunes \u00e9tudiants<\/h2>\n<p data-start=\"8867\" data-end=\"9022\">Les Rencontres Philosophiques de Monaco accordent \u00e9galement une attention particuli\u00e8re aux nouvelles g\u00e9n\u00e9rations \u00e0 travers le Prix PhiloMonaco des Lyc\u00e9ens.<\/p>\n<p data-start=\"9024\" data-end=\"9249\">Ce prix est remis \u00e0 deux lyc\u00e9ens \u00e0 l\u2019issue d\u2019un concours \u00e9crit organis\u00e9 en collaboration avec la Direction de l\u2019\u00c9ducation Nationale, de la Jeunesse et des Sports ainsi qu\u2019avec les professeurs de philosophie de la Principaut\u00e9.<\/p>\n<p data-start=\"9251\" data-end=\"9391\">L\u2019initiative vise \u00e0 encourager l\u2019esprit critique et le dialogue philosophique chez les jeunes, en renfor\u00e7ant le lien entre \u00e9cole et culture.<\/p>\n<h2 data-section-id=\"1x00976\" data-start=\"9393\" data-end=\"9470\">Prix de la Principaut\u00e9 : un prix pour l\u2019ensemble d\u2019une \u0153uvre philosophique<\/h2>\n<p data-start=\"9472\" data-end=\"9697\">Le Prix de la Principaut\u00e9 est l\u2019une des distinctions les plus prestigieuses de l\u2019ensemble de la manifestation. Il est attribu\u00e9 conjointement par les Rencontres Philosophiques de Monaco et la Fondation Prince Pierre de Monaco.<\/p>\n<p data-start=\"9699\" data-end=\"9856\">Le prix r\u00e9compense un auteur pour l\u2019ensemble de son \u0153uvre philosophique, reconnaissant ainsi une vie consacr\u00e9e \u00e0 l\u2019\u00e9criture et \u00e0 la recherche en philosophie.<\/p>\n<p data-start=\"9858\" data-end=\"10141\">Il c\u00e9l\u00e8bre des penseurs qui ont ouvert de nouvelles voies dans les domaines de la science, de la politique, de la th\u00e9ologie, de l\u2019histoire, de l\u2019anthropologie, de l\u2019\u00e9thique ou de la psychanalyse, en apportant une contribution originale et durable au d\u00e9bat intellectuel international.<\/p>\n<p data-start=\"10143\" data-end=\"10250\">Le laur\u00e9at est \u00e9galement invit\u00e9 \u00e0 donner une conf\u00e9rence officielle dans l\u2019ann\u00e9e qui suit la remise du prix.<\/p>\n<h2 data-section-id=\"rhd7zj\" data-start=\"10252\" data-end=\"10304\">Calendrier Prix PhiloMonaco 2026 : dates et lieux<\/h2>\n<p data-start=\"10306\" data-end=\"10387\">L\u2019\u00e9dition 2026 se d\u00e9roulera entre Paris et Monaco avec trois rendez-vous majeurs.<\/p>\n<h3 data-section-id=\"15ph68u\" data-start=\"10389\" data-end=\"10420\">Paris \u2013 Maison de la Po\u00e9sie<\/h3>\n<p data-start=\"10422\" data-end=\"10531\">\u00c0 la Maison de la Po\u00e9sie, situ\u00e9e au 157 rue Saint-Martin, auront lieu deux \u00e9v\u00e9nements centraux du programme :<\/p>\n<p data-start=\"10533\" data-end=\"10683\"><strong data-start=\"10533\" data-end=\"10562\">Jeudi 21 mai 2026 \u2013 18h30<\/strong><br data-start=\"10562\" data-end=\"10565\" \/>Rencontre avec les cinq finalistes du Prix PhiloMonaco de l\u2019Essai 2026, avec une discussion pr\u00e9sent\u00e9e par Laure Adler.<\/p>\n<p data-start=\"10685\" data-end=\"10850\"><strong data-start=\"10685\" data-end=\"10718\">Vendredi 12 juin 2026 \u2013 19h00<\/strong><br data-start=\"10718\" data-end=\"10721\" \/>Conf\u00e9rence de Souleymane Bachir Diagne, laur\u00e9at du Prix de la Principaut\u00e9 2024, en collaboration avec la Fondation Prince Pierre.<\/p>\n<h3 data-section-id=\"1vqlq50\" data-start=\"10852\" data-end=\"10888\">Monaco \u2013 Th\u00e9\u00e2tre Princesse Grace<\/h3>\n<p data-start=\"10890\" data-end=\"11001\">La c\u00e9r\u00e9monie officielle de remise des prix se tiendra au Th\u00e9\u00e2tre Princesse Grace, situ\u00e9 au 12 avenue d\u2019Ostende.<\/p>\n<p data-start=\"11003\" data-end=\"11131\"><strong data-start=\"11003\" data-end=\"11033\">Jeudi 25 juin 2026 \u2013 20h00<\/strong><br data-start=\"11033\" data-end=\"11036\" \/>Soir\u00e9e de Remise des Prix 2026, la grande soir\u00e9e de cl\u00f4ture consacr\u00e9e \u00e0 l\u2019annonce des laur\u00e9ats.<\/p>\n<h2 data-section-id=\"vgpoq1\" data-start=\"11133\" data-end=\"11199\">Pourquoi les Prix PhiloMonaco sont une r\u00e9f\u00e9rence internationale<\/h2>\n<p data-start=\"11201\" data-end=\"11393\">Les Prix PhiloMonaco ne sont pas seulement des r\u00e9compenses litt\u00e9raires ou acad\u00e9miques : ils repr\u00e9sentent un v\u00e9ritable laboratoire culturel pla\u00e7ant la philosophie au c\u0153ur du monde contemporain.<\/p>\n<p data-start=\"11395\" data-end=\"11628\">\u00c0 travers les essais, les \u00e9diteurs, les \u00e9tudiants et les grands auteurs, les Rencontres Philosophiques de Monaco construisent chaque ann\u00e9e un espace de r\u00e9flexion capable de relier la pens\u00e9e th\u00e9orique aux grandes questions du pr\u00e9sent.<\/p>\n<p data-start=\"11630\" data-end=\"11753\" data-is-last-node=\"\" data-is-only-node=\"\">Un rendez-vous qui continue de faire de Monaco l\u2019un des principaux p\u00f4les internationaux du dialogue philosophique europ\u00e9en.<\/p>\n","protected":false},"excerpt":{"rendered":"<p>Les Prix PhiloMonaco repr\u00e9sentent l\u2019un des rendez-vous les plus prestigieux consacr\u00e9s \u00e0 la philosophie contemporaine de langue fran\u00e7aise. Organis\u00e9s par les Rencontres Philosophiques de Monaco, ces prix r\u00e9compensent chaque ann\u00e9e des \u0153uvres, des auteurs, des \u00e9diteurs et de jeunes \u00e9tudiants qui contribuent de mani\u00e8re [&hellip;]<\/p>\n","protected":false},"author":1,"featured_media":30607,"comment_status":"closed","ping_status":"closed","sticky":false,"template":"","format":"standard","meta":{"footnotes":""},"categories":[827,875,828,867],"tags":[],"class_list":["post-30611","post","type-post","status-publish","format-standard","has-post-thumbnail","hentry","category-actualite","category-actualite-monaco","category-evenements","category-monaco-fr"],"yoast_head":"<!-- This site is optimized with the Yoast SEO plugin v27.4 - https:\/\/yoast.com\/product\/yoast-seo-wordpress\/ -->\n<title>Prix PhiloMonaco 2026<\/title>\n<meta name=\"description\" content=\"Prix PhiloMonaco 2026: Prix PhiloMonaco 2026 : les prix qui c\u00e9l\u00e8brent la philosophie contemporaine entre Monaco et Paris\" \/>\n<meta name=\"robots\" content=\"index, follow, max-snippet:-1, max-image-preview:large, max-video-preview:-1\" \/>\n<link rel=\"canonical\" href=\"https:\/\/montecarloliving.com\/fr\/actualite\/prix-philomonaco-2026-les-prix-celebrent-philosophie-contemporaine-entre-monaco-et-paris-30611\/\" \/>\n<meta property=\"og:locale\" content=\"fr_FR\" \/>\n<meta property=\"og:title\" content=\"Prix PhiloMonaco 2026\" \/>\n<meta property=\"og:description\" content=\"Prix PhiloMonaco 2026: Prix PhiloMonaco 2026 : les prix qui c\u00e9l\u00e8brent la philosophie contemporaine entre Monaco et Paris\" \/>\n<meta property=\"og:url\" content=\"https:\/\/montecarloliving.com\/fr\/actualite\/prix-philomonaco-2026-les-prix-celebrent-philosophie-contemporaine-entre-monaco-et-paris-30611\/\" \/>\n<meta property=\"og:site_name\" content=\"Montecarlo Living\" \/>\n<meta property=\"article:publisher\" content=\"https:\/\/www.facebook.com\/montecarlolivingcom\/\" \/>\n<meta property=\"article:published_time\" content=\"2026-04-28T07:22:59+00:00\" \/>\n<meta property=\"article:modified_time\" content=\"2026-04-28T07:25:28+00:00\" \/>\n<meta property=\"og:image\" content=\"https:\/\/montecarloliving.com\/wp-content\/uploads\/2026\/04\/R-2026-04-28T092138.696-650x400.jpg\" \/>\n\t<meta property=\"og:image:width\" content=\"650\" \/>\n\t<meta property=\"og:image:height\" content=\"400\" \/>\n\t<meta property=\"og:image:type\" content=\"image\/jpeg\" \/>\n<meta name=\"author\" content=\"Redazione\" \/>\n<meta name=\"twitter:card\" content=\"summary_large_image\" \/>\n<meta name=\"twitter:creator\" content=\"@MonteCarloLivi\" \/>\n<meta name=\"twitter:site\" content=\"@MonteCarloLivi\" \/>\n<meta name=\"twitter:label1\" content=\"\u00c9crit par\" \/>\n\t<meta name=\"twitter:data1\" content=\"Redazione\" \/>\n\t<meta name=\"twitter:label2\" content=\"Dur\u00e9e de lecture estim\u00e9e\" \/>\n\t<meta name=\"twitter:data2\" content=\"5 minutes\" \/>\n<script type=\"application\/ld+json\" class=\"yoast-schema-graph\">{\"@context\":\"https:\\\/\\\/schema.org\",\"@graph\":[{\"@type\":\"Article\",\"@id\":\"https:\\\/\\\/montecarloliving.com\\\/fr\\\/actualite\\\/prix-philomonaco-2026-les-prix-celebrent-philosophie-contemporaine-entre-monaco-et-paris-30611\\\/#article\",\"isPartOf\":{\"@id\":\"https:\\\/\\\/montecarloliving.com\\\/fr\\\/actualite\\\/prix-philomonaco-2026-les-prix-celebrent-philosophie-contemporaine-entre-monaco-et-paris-30611\\\/\"},\"author\":{\"name\":\"Redazione\",\"@id\":\"https:\\\/\\\/montecarloliving.com\\\/fr\\\/#\\\/schema\\\/person\\\/7e5945d4560862b7f2d2c6831bda2819\"},\"headline\":\"Prix PhiloMonaco 2026: les prix qui c\u00e9l\u00e8brent la philosophie contemporaine entre Monaco et Paris\",\"datePublished\":\"2026-04-28T07:22:59+00:00\",\"dateModified\":\"2026-04-28T07:25:28+00:00\",\"mainEntityOfPage\":{\"@id\":\"https:\\\/\\\/montecarloliving.com\\\/fr\\\/actualite\\\/prix-philomonaco-2026-les-prix-celebrent-philosophie-contemporaine-entre-monaco-et-paris-30611\\\/\"},\"wordCount\":935,\"image\":{\"@id\":\"https:\\\/\\\/montecarloliving.com\\\/fr\\\/actualite\\\/prix-philomonaco-2026-les-prix-celebrent-philosophie-contemporaine-entre-monaco-et-paris-30611\\\/#primaryimage\"},\"thumbnailUrl\":\"https:\\\/\\\/montecarloliving.com\\\/wp-content\\\/uploads\\\/2026\\\/04\\\/R-2026-04-28T092138.696.jpg\",\"articleSection\":[\"Actualit\u00e9\",\"Actualit\u00e9 \u00e0 Monaco\",\"\u00c9v\u00e9nements\",\"Monaco\"],\"inLanguage\":\"fr-FR\"},{\"@type\":\"WebPage\",\"@id\":\"https:\\\/\\\/montecarloliving.com\\\/fr\\\/actualite\\\/prix-philomonaco-2026-les-prix-celebrent-philosophie-contemporaine-entre-monaco-et-paris-30611\\\/\",\"url\":\"https:\\\/\\\/montecarloliving.com\\\/fr\\\/actualite\\\/prix-philomonaco-2026-les-prix-celebrent-philosophie-contemporaine-entre-monaco-et-paris-30611\\\/\",\"name\":\"Prix PhiloMonaco 2026\",\"isPartOf\":{\"@id\":\"https:\\\/\\\/montecarloliving.com\\\/fr\\\/#website\"},\"primaryImageOfPage\":{\"@id\":\"https:\\\/\\\/montecarloliving.com\\\/fr\\\/actualite\\\/prix-philomonaco-2026-les-prix-celebrent-philosophie-contemporaine-entre-monaco-et-paris-30611\\\/#primaryimage\"},\"image\":{\"@id\":\"https:\\\/\\\/montecarloliving.com\\\/fr\\\/actualite\\\/prix-philomonaco-2026-les-prix-celebrent-philosophie-contemporaine-entre-monaco-et-paris-30611\\\/#primaryimage\"},\"thumbnailUrl\":\"https:\\\/\\\/montecarloliving.com\\\/wp-content\\\/uploads\\\/2026\\\/04\\\/R-2026-04-28T092138.696.jpg\",\"datePublished\":\"2026-04-28T07:22:59+00:00\",\"dateModified\":\"2026-04-28T07:25:28+00:00\",\"author\":{\"@id\":\"https:\\\/\\\/montecarloliving.com\\\/fr\\\/#\\\/schema\\\/person\\\/7e5945d4560862b7f2d2c6831bda2819\"},\"description\":\"Prix PhiloMonaco 2026: Prix PhiloMonaco 2026 : les prix qui c\u00e9l\u00e8brent la philosophie contemporaine entre Monaco et Paris\",\"breadcrumb\":{\"@id\":\"https:\\\/\\\/montecarloliving.com\\\/fr\\\/actualite\\\/prix-philomonaco-2026-les-prix-celebrent-philosophie-contemporaine-entre-monaco-et-paris-30611\\\/#breadcrumb\"},\"inLanguage\":\"fr-FR\",\"potentialAction\":[{\"@type\":\"ReadAction\",\"target\":[\"https:\\\/\\\/montecarloliving.com\\\/fr\\\/actualite\\\/prix-philomonaco-2026-les-prix-celebrent-philosophie-contemporaine-entre-monaco-et-paris-30611\\\/\"]}]},{\"@type\":\"ImageObject\",\"inLanguage\":\"fr-FR\",\"@id\":\"https:\\\/\\\/montecarloliving.com\\\/fr\\\/actualite\\\/prix-philomonaco-2026-les-prix-celebrent-philosophie-contemporaine-entre-monaco-et-paris-30611\\\/#primaryimage\",\"url\":\"https:\\\/\\\/montecarloliving.com\\\/wp-content\\\/uploads\\\/2026\\\/04\\\/R-2026-04-28T092138.696.jpg\",\"contentUrl\":\"https:\\\/\\\/montecarloliving.com\\\/wp-content\\\/uploads\\\/2026\\\/04\\\/R-2026-04-28T092138.696.jpg\",\"width\":1700,\"height\":850},{\"@type\":\"BreadcrumbList\",\"@id\":\"https:\\\/\\\/montecarloliving.com\\\/fr\\\/actualite\\\/prix-philomonaco-2026-les-prix-celebrent-philosophie-contemporaine-entre-monaco-et-paris-30611\\\/#breadcrumb\",\"itemListElement\":[{\"@type\":\"ListItem\",\"position\":1,\"name\":\"Home\",\"item\":\"https:\\\/\\\/montecarloliving.com\\\/fr\\\/\"},{\"@type\":\"ListItem\",\"position\":2,\"name\":\"Prix PhiloMonaco 2026: les prix qui c\u00e9l\u00e8brent la philosophie contemporaine entre Monaco et Paris\"}]},{\"@type\":\"WebSite\",\"@id\":\"https:\\\/\\\/montecarloliving.com\\\/fr\\\/#website\",\"url\":\"https:\\\/\\\/montecarloliving.com\\\/fr\\\/\",\"name\":\"Montecarlo Living\",\"description\":\"News da Montecarlo - Principato di Monaco e Costa Azzurra\",\"potentialAction\":[{\"@type\":\"SearchAction\",\"target\":{\"@type\":\"EntryPoint\",\"urlTemplate\":\"https:\\\/\\\/montecarloliving.com\\\/fr\\\/?s={search_term_string}\"},\"query-input\":{\"@type\":\"PropertyValueSpecification\",\"valueRequired\":true,\"valueName\":\"search_term_string\"}}],\"inLanguage\":\"fr-FR\"},{\"@type\":\"Person\",\"@id\":\"https:\\\/\\\/montecarloliving.com\\\/fr\\\/#\\\/schema\\\/person\\\/7e5945d4560862b7f2d2c6831bda2819\",\"name\":\"Redazione\",\"image\":{\"@type\":\"ImageObject\",\"inLanguage\":\"fr-FR\",\"@id\":\"https:\\\/\\\/secure.gravatar.com\\\/avatar\\\/8b5f26557e18fe74ad8e8a57ebb2925d88af8a90cee489ff2beefb391bc9b9c7?s=96&d=mm&r=g\",\"url\":\"https:\\\/\\\/secure.gravatar.com\\\/avatar\\\/8b5f26557e18fe74ad8e8a57ebb2925d88af8a90cee489ff2beefb391bc9b9c7?s=96&d=mm&r=g\",\"contentUrl\":\"https:\\\/\\\/secure.gravatar.com\\\/avatar\\\/8b5f26557e18fe74ad8e8a57ebb2925d88af8a90cee489ff2beefb391bc9b9c7?s=96&d=mm&r=g\",\"caption\":\"Redazione\"}}]}<\/script>\n<!-- \/ Yoast SEO plugin. -->","yoast_head_json":{"title":"Prix PhiloMonaco 2026","description":"Prix PhiloMonaco 2026: Prix PhiloMonaco 2026 : les prix qui c\u00e9l\u00e8brent la philosophie contemporaine entre Monaco et Paris","robots":{"index":"index","follow":"follow","max-snippet":"max-snippet:-1","max-image-preview":"max-image-preview:large","max-video-preview":"max-video-preview:-1"},"canonical":"https:\/\/montecarloliving.com\/fr\/actualite\/prix-philomonaco-2026-les-prix-celebrent-philosophie-contemporaine-entre-monaco-et-paris-30611\/","og_locale":"fr_FR","og_title":"Prix PhiloMonaco 2026","og_description":"Prix PhiloMonaco 2026: Prix PhiloMonaco 2026 : les prix qui c\u00e9l\u00e8brent la philosophie contemporaine entre Monaco et Paris","og_url":"https:\/\/montecarloliving.com\/fr\/actualite\/prix-philomonaco-2026-les-prix-celebrent-philosophie-contemporaine-entre-monaco-et-paris-30611\/","og_site_name":"Montecarlo Living","article_publisher":"https:\/\/www.facebook.com\/montecarlolivingcom\/","article_published_time":"2026-04-28T07:22:59+00:00","article_modified_time":"2026-04-28T07:25:28+00:00","og_image":[{"width":650,"height":400,"url":"https:\/\/montecarloliving.com\/wp-content\/uploads\/2026\/04\/R-2026-04-28T092138.696-650x400.jpg","type":"image\/jpeg"}],"author":"Redazione","twitter_card":"summary_large_image","twitter_creator":"@MonteCarloLivi","twitter_site":"@MonteCarloLivi","twitter_misc":{"\u00c9crit par":"Redazione","Dur\u00e9e de lecture estim\u00e9e":"5 minutes"},"schema":{"@context":"https:\/\/schema.org","@graph":[{"@type":"Article","@id":"https:\/\/montecarloliving.com\/fr\/actualite\/prix-philomonaco-2026-les-prix-celebrent-philosophie-contemporaine-entre-monaco-et-paris-30611\/#article","isPartOf":{"@id":"https:\/\/montecarloliving.com\/fr\/actualite\/prix-philomonaco-2026-les-prix-celebrent-philosophie-contemporaine-entre-monaco-et-paris-30611\/"},"author":{"name":"Redazione","@id":"https:\/\/montecarloliving.com\/fr\/#\/schema\/person\/7e5945d4560862b7f2d2c6831bda2819"},"headline":"Prix PhiloMonaco 2026: les prix qui c\u00e9l\u00e8brent la philosophie contemporaine entre Monaco et Paris","datePublished":"2026-04-28T07:22:59+00:00","dateModified":"2026-04-28T07:25:28+00:00","mainEntityOfPage":{"@id":"https:\/\/montecarloliving.com\/fr\/actualite\/prix-philomonaco-2026-les-prix-celebrent-philosophie-contemporaine-entre-monaco-et-paris-30611\/"},"wordCount":935,"image":{"@id":"https:\/\/montecarloliving.com\/fr\/actualite\/prix-philomonaco-2026-les-prix-celebrent-philosophie-contemporaine-entre-monaco-et-paris-30611\/#primaryimage"},"thumbnailUrl":"https:\/\/montecarloliving.com\/wp-content\/uploads\/2026\/04\/R-2026-04-28T092138.696.jpg","articleSection":["Actualit\u00e9","Actualit\u00e9 \u00e0 Monaco","\u00c9v\u00e9nements","Monaco"],"inLanguage":"fr-FR"},{"@type":"WebPage","@id":"https:\/\/montecarloliving.com\/fr\/actualite\/prix-philomonaco-2026-les-prix-celebrent-philosophie-contemporaine-entre-monaco-et-paris-30611\/","url":"https:\/\/montecarloliving.com\/fr\/actualite\/prix-philomonaco-2026-les-prix-celebrent-philosophie-contemporaine-entre-monaco-et-paris-30611\/","name":"Prix PhiloMonaco 2026","isPartOf":{"@id":"https:\/\/montecarloliving.com\/fr\/#website"},"primaryImageOfPage":{"@id":"https:\/\/montecarloliving.com\/fr\/actualite\/prix-philomonaco-2026-les-prix-celebrent-philosophie-contemporaine-entre-monaco-et-paris-30611\/#primaryimage"},"image":{"@id":"https:\/\/montecarloliving.com\/fr\/actualite\/prix-philomonaco-2026-les-prix-celebrent-philosophie-contemporaine-entre-monaco-et-paris-30611\/#primaryimage"},"thumbnailUrl":"https:\/\/montecarloliving.com\/wp-content\/uploads\/2026\/04\/R-2026-04-28T092138.696.jpg","datePublished":"2026-04-28T07:22:59+00:00","dateModified":"2026-04-28T07:25:28+00:00","author":{"@id":"https:\/\/montecarloliving.com\/fr\/#\/schema\/person\/7e5945d4560862b7f2d2c6831bda2819"},"description":"Prix PhiloMonaco 2026: Prix PhiloMonaco 2026 : les prix qui c\u00e9l\u00e8brent la philosophie contemporaine entre Monaco et Paris","breadcrumb":{"@id":"https:\/\/montecarloliving.com\/fr\/actualite\/prix-philomonaco-2026-les-prix-celebrent-philosophie-contemporaine-entre-monaco-et-paris-30611\/#breadcrumb"},"inLanguage":"fr-FR","potentialAction":[{"@type":"ReadAction","target":["https:\/\/montecarloliving.com\/fr\/actualite\/prix-philomonaco-2026-les-prix-celebrent-philosophie-contemporaine-entre-monaco-et-paris-30611\/"]}]},{"@type":"ImageObject","inLanguage":"fr-FR","@id":"https:\/\/montecarloliving.com\/fr\/actualite\/prix-philomonaco-2026-les-prix-celebrent-philosophie-contemporaine-entre-monaco-et-paris-30611\/#primaryimage","url":"https:\/\/montecarloliving.com\/wp-content\/uploads\/2026\/04\/R-2026-04-28T092138.696.jpg","contentUrl":"https:\/\/montecarloliving.com\/wp-content\/uploads\/2026\/04\/R-2026-04-28T092138.696.jpg","width":1700,"height":850},{"@type":"BreadcrumbList","@id":"https:\/\/montecarloliving.com\/fr\/actualite\/prix-philomonaco-2026-les-prix-celebrent-philosophie-contemporaine-entre-monaco-et-paris-30611\/#breadcrumb","itemListElement":[{"@type":"ListItem","position":1,"name":"Home","item":"https:\/\/montecarloliving.com\/fr\/"},{"@type":"ListItem","position":2,"name":"Prix PhiloMonaco 2026: les prix qui c\u00e9l\u00e8brent la philosophie contemporaine entre Monaco et Paris"}]},{"@type":"WebSite","@id":"https:\/\/montecarloliving.com\/fr\/#website","url":"https:\/\/montecarloliving.com\/fr\/","name":"Montecarlo Living","description":"News da Montecarlo - Principato di Monaco e Costa Azzurra","potentialAction":[{"@type":"SearchAction","target":{"@type":"EntryPoint","urlTemplate":"https:\/\/montecarloliving.com\/fr\/?s={search_term_string}"},"query-input":{"@type":"PropertyValueSpecification","valueRequired":true,"valueName":"search_term_string"}}],"inLanguage":"fr-FR"},{"@type":"Person","@id":"https:\/\/montecarloliving.com\/fr\/#\/schema\/person\/7e5945d4560862b7f2d2c6831bda2819","name":"Redazione","image":{"@type":"ImageObject","inLanguage":"fr-FR","@id":"https:\/\/secure.gravatar.com\/avatar\/8b5f26557e18fe74ad8e8a57ebb2925d88af8a90cee489ff2beefb391bc9b9c7?s=96&d=mm&r=g","url":"https:\/\/secure.gravatar.com\/avatar\/8b5f26557e18fe74ad8e8a57ebb2925d88af8a90cee489ff2beefb391bc9b9c7?s=96&d=mm&r=g","contentUrl":"https:\/\/secure.gravatar.com\/avatar\/8b5f26557e18fe74ad8e8a57ebb2925d88af8a90cee489ff2beefb391bc9b9c7?s=96&d=mm&r=g","caption":"Redazione"}}]}},"_links":{"self":[{"href":"https:\/\/montecarloliving.com\/fr\/wp-json\/wp\/v2\/posts\/30611","targetHints":{"allow":["GET"]}}],"collection":[{"href":"https:\/\/montecarloliving.com\/fr\/wp-json\/wp\/v2\/posts"}],"about":[{"href":"https:\/\/montecarloliving.com\/fr\/wp-json\/wp\/v2\/types\/post"}],"author":[{"embeddable":true,"href":"https:\/\/montecarloliving.com\/fr\/wp-json\/wp\/v2\/users\/1"}],"replies":[{"embeddable":true,"href":"https:\/\/montecarloliving.com\/fr\/wp-json\/wp\/v2\/comments?post=30611"}],"version-history":[{"count":1,"href":"https:\/\/montecarloliving.com\/fr\/wp-json\/wp\/v2\/posts\/30611\/revisions"}],"predecessor-version":[{"id":30612,"href":"https:\/\/montecarloliving.com\/fr\/wp-json\/wp\/v2\/posts\/30611\/revisions\/30612"}],"wp:featuredmedia":[{"embeddable":true,"href":"https:\/\/montecarloliving.com\/fr\/wp-json\/wp\/v2\/media\/30607"}],"wp:attachment":[{"href":"https:\/\/montecarloliving.com\/fr\/wp-json\/wp\/v2\/media?parent=30611"}],"wp:term":[{"taxonomy":"category","embeddable":true,"href":"https:\/\/montecarloliving.com\/fr\/wp-json\/wp\/v2\/categories?post=30611"},{"taxonomy":"post_tag","embeddable":true,"href":"https:\/\/montecarloliving.com\/fr\/wp-json\/wp\/v2\/tags?post=30611"}],"curies":[{"name":"wp","href":"https:\/\/api.w.org\/{rel}","templated":true}]}}