{"id":30602,"date":"2026-04-28T07:55:35","date_gmt":"2026-04-28T05:55:35","guid":{"rendered":"https:\/\/montecarloliving.com\/?p=30602"},"modified":"2026-04-27T13:00:37","modified_gmt":"2026-04-27T11:00:37","slug":"festival-des-etoiles-monte-carlo-2026-7-diners-dexception-dans-resort-plus-etoile-au-monde","status":"publish","type":"post","link":"https:\/\/montecarloliving.com\/fr\/actualite\/festival-des-etoiles-monte-carlo-2026-7-diners-dexception-dans-resort-plus-etoile-au-monde-30602\/","title":{"rendered":"Festival des \u00c9toil\u00e9s Monte-Carlo 2026: 7 d\u00eeners d\u2019exception dans le resort le plus \u00e9toil\u00e9 au monde"},"content":{"rendered":"<p data-start=\"4441\" data-end=\"4837\">Le <strong data-start=\"4444\" data-end=\"4485\">Festival des \u00c9toil\u00e9s Monte-Carlo 2026<\/strong> revient pour sa sixi\u00e8me \u00e9dition et confirme son statut d\u2019\u00e9v\u00e9nement gastronomique majeur en Europe. Du 13 mai au 14 novembre 2026, la Principaut\u00e9 de Monaco devient la sc\u00e8ne de la haute cuisine internationale gr\u00e2ce \u00e0 une s\u00e9rie de <strong data-start=\"4714\" data-end=\"4756\">sept d\u00eeners \u00e0 quatre mains d\u2019exception<\/strong>, organis\u00e9s dans les restaurants \u00e9toil\u00e9s de Monte-Carlo Soci\u00e9t\u00e9 des Bains de Mer.<\/p>\n<p data-start=\"4839\" data-end=\"5056\">Avec six restaurants \u00e9toil\u00e9s et un total de dix \u00e9toiles Michelin, SBM s\u2019impose comme le <strong data-start=\"4927\" data-end=\"4961\">resort le plus \u00e9toil\u00e9 au monde<\/strong>, proposant une exp\u00e9rience unique m\u00ealant art culinaire, innovation et excellence gastronomique.<\/p>\n<p data-start=\"5058\" data-end=\"5274\">Plus qu\u2019une c\u00e9l\u00e9bration culinaire, le festival est un projet culturel qui met en valeur la philosophie gastronomique \u201cMade in Monte-Carlo\u201d \u00e0 travers des rencontres entre chefs r\u00e9sidents et grands noms internationaux.<\/p>\n<h2 data-section-id=\"1594d1r\" data-start=\"5276\" data-end=\"5334\">Monte-Carlo : capitale mondiale de la haute gastronomie<\/h2>\n<p data-start=\"5336\" data-end=\"5514\">Avec plus de 30 restaurants et bars dans la Principaut\u00e9, Monte-Carlo Soci\u00e9t\u00e9 des Bains de Mer figure parmi les destinations les plus prestigieuses au monde pour la haute cuisine.<\/p>\n<p data-start=\"5516\" data-end=\"5722\">Le <strong data-start=\"5519\" data-end=\"5555\">Festival des \u00c9toil\u00e9s Monte-Carlo<\/strong> a pour vocation de cr\u00e9er des dialogues entre chefs \u00e9toil\u00e9s, de valoriser les brigades des restaurants du groupe et de proposer des exp\u00e9riences gastronomiques uniques.<\/p>\n<p data-start=\"5724\" data-end=\"5923\">L\u2019\u00e9dition 2026 r\u00e9unit des chefs prestigieux tels qu\u2019Alain Ducasse, Yannick All\u00e9no, Marcel Ravin et Dominique Lory, aux c\u00f4t\u00e9s de chefs internationaux venus de France, d\u2019Italie, de Su\u00e8de et d\u2019ailleurs.<\/p>\n<h2 data-section-id=\"f3csfn\" data-start=\"5925\" data-end=\"5968\">Programme des d\u00eeners \u00e0 quatre mains 2026<\/h2>\n<h3 data-section-id=\"wvdjxl\" data-start=\"5970\" data-end=\"6039\">13 mai \u2013 Blue Bay Marcel Ravin** (Monte-Carlo Bay Hotel &amp; Resort)<\/h3>\n<p data-start=\"6040\" data-end=\"6228\">Rencontre entre <strong data-start=\"6056\" data-end=\"6093\">Marcel Ravin (2 \u00e9toiles Michelin)<\/strong> et <strong data-start=\"6097\" data-end=\"6156\">Glenn Viel (3 \u00e9toiles Michelin, L\u2019Oustau de Baumani\u00e8re)<\/strong>.<br data-start=\"6157\" data-end=\"6160\" \/>La cuisine cr\u00e9ole rencontre la tradition m\u00e9diterran\u00e9enne proven\u00e7ale.<\/p>\n<hr data-start=\"6230\" data-end=\"6233\" \/>\n<h3 data-section-id=\"1uv1n6c\" data-start=\"6235\" data-end=\"6286\">22 mai \u2013 Le Grill* (H\u00f4tel de Paris Monte-Carlo)<\/h3>\n<p data-start=\"6287\" data-end=\"6442\"><strong data-start=\"6287\" data-end=\"6305\">Dominique Lory<\/strong> retrouve son mentor <strong data-start=\"6326\" data-end=\"6346\">Christophe Moret<\/strong>, chef du Domaine Les Cray\u00e8res.<br data-start=\"6377\" data-end=\"6380\" \/>Un hommage \u00e0 la grande cuisine fran\u00e7aise et \u00e0 la transmission.<\/p>\n<hr data-start=\"6444\" data-end=\"6447\" \/>\n<h3 data-section-id=\"tya445\" data-start=\"6449\" data-end=\"6502\">13 juin \u2013 Pavyllon Monte-Carlo* (H\u00f4tel Hermitage)<\/h3>\n<p data-start=\"6503\" data-end=\"6640\"><strong data-start=\"6503\" data-end=\"6521\">Yannick All\u00e9no<\/strong> accueille <strong data-start=\"6532\" data-end=\"6587\">G\u00e9rald Passedat (Le Petit Nice, 3 \u00e9toiles Michelin)<\/strong>.<br data-start=\"6588\" data-end=\"6591\" \/>Dialogue m\u00e9diterran\u00e9en entre Marseille et Monaco.<\/p>\n<hr data-start=\"6642\" data-end=\"6645\" \/>\n<h3 data-section-id=\"wx0ae3\" data-start=\"6647\" data-end=\"6702\">23 juillet \u2013 Elsa Marcel Ravin* (Monte-Carlo Beach)<\/h3>\n<p data-start=\"6703\" data-end=\"6853\"><strong data-start=\"6703\" data-end=\"6719\">Marcel Ravin<\/strong> re\u00e7oit <strong data-start=\"6727\" data-end=\"6753\">Christopher Coutanceau<\/strong>, chef engag\u00e9 dans la p\u00eache durable.<br data-start=\"6789\" data-end=\"6792\" \/>Une c\u00e9l\u00e9bration des produits de la mer et de la M\u00e9diterran\u00e9e.<\/p>\n<hr data-start=\"6855\" data-end=\"6858\" \/>\n<h3 data-section-id=\"yy57sn\" data-start=\"6860\" data-end=\"6919\">19 septembre \u2013 L\u2019Abysse Monte-Carlo** (H\u00f4tel Hermitage)<\/h3>\n<p data-start=\"6920\" data-end=\"7059\"><strong data-start=\"6920\" data-end=\"6938\">Yannick All\u00e9no<\/strong> rencontre <strong data-start=\"6949\" data-end=\"6969\">Martino Ruggieri<\/strong>, chef de la nouvelle g\u00e9n\u00e9ration.<br data-start=\"7002\" data-end=\"7005\" \/>Fusion entre cuisine japonaise et pr\u00e9cision fran\u00e7aise.<\/p>\n<hr data-start=\"7061\" data-end=\"7064\" \/>\n<h3 data-section-id=\"gqicek\" data-start=\"7066\" data-end=\"7132\">23 septembre \u2013 Le Louis XV \u2013 Alain Ducasse*** (H\u00f4tel de Paris)<\/h3>\n<p data-start=\"7133\" data-end=\"7316\">Grande finale avec <strong data-start=\"7152\" data-end=\"7169\">Alain Ducasse<\/strong>, <strong data-start=\"7171\" data-end=\"7189\">Emmanuel Pilon<\/strong> et <strong data-start=\"7193\" data-end=\"7232\">Bj\u00f6rn Frantz\u00e9n (3 \u00e9toiles Michelin)<\/strong>.<br data-start=\"7233\" data-end=\"7236\" \/>Un d\u00eener d\u2019exception r\u00e9unissant trois grands ma\u00eetres de la gastronomie mondiale.<\/p>\n<hr data-start=\"7318\" data-end=\"7321\" \/>\n<h2 data-section-id=\"m5fcq9\" data-start=\"7323\" data-end=\"7360\">Gala de cl\u00f4ture : 14 novembre 2026<\/h2>\n<p data-start=\"7362\" data-end=\"7506\">Le festival se conclura le <strong data-start=\"7389\" data-end=\"7409\">14 novembre 2026<\/strong> avec le traditionnel Gala dans la prestigieuse <strong data-start=\"7457\" data-end=\"7505\">Salle Empire de l\u2019H\u00f4tel de Paris Monte-Carlo<\/strong>.<\/p>\n<p data-start=\"7508\" data-end=\"7657\">Les chefs \u00e9toil\u00e9s du resort proposeront un d\u00eener collectif d\u2019excellence, mettant en lumi\u00e8re toute la cr\u00e9ativit\u00e9 et le savoir-faire de leurs brigades.<\/p>\n<p data-start=\"7659\" data-end=\"7768\">Une c\u00e9l\u00e9bration du <strong data-start=\"7678\" data-end=\"7714\">Grand Art de Vivre \u00e0 Monte-Carlo<\/strong>, entre \u00e9l\u00e9gance, raffinement et excellence culinaire.<\/p>\n<h2 data-section-id=\"xxl6za\" data-start=\"7770\" data-end=\"7816\">Monaco, capitale mondiale de la gastronomie<\/h2>\n<p data-start=\"7818\" data-end=\"7934\">Le Festival des \u00c9toil\u00e9s Monte-Carlo 2026 confirme le r\u00f4le de Monaco comme destination gastronomique de premier plan.<\/p>\n<p data-start=\"7936\" data-end=\"8174\" data-is-last-node=\"\" data-is-only-node=\"\">En r\u00e9unissant chefs \u00e9toil\u00e9s et restaurants embl\u00e9matiques, l\u2019\u00e9v\u00e9nement renforce l\u2019image de la Principaut\u00e9 comme lieu incontournable de la haute cuisine mondiale, o\u00f9 tradition et innovation se rencontrent pour cr\u00e9er des exp\u00e9riences uniques.<\/p>\n<p data-start=\"7936\" data-end=\"8174\" data-is-last-node=\"\" data-is-only-node=\"\"><img loading=\"lazy\" decoding=\"async\" class=\"size-full wp-image-30598 aligncenter\" src=\"https:\/\/montecarloliving.com\/wp-content\/uploads\/2026\/04\/Visuel-Festival-des-Etoiles-Monte-Carlo-2026.jpg\" alt=\"\" width=\"1920\" height=\"1080\" srcset=\"https:\/\/montecarloliving.com\/wp-content\/uploads\/2026\/04\/Visuel-Festival-des-Etoiles-Monte-Carlo-2026.jpg 1920w, https:\/\/montecarloliving.com\/wp-content\/uploads\/2026\/04\/Visuel-Festival-des-Etoiles-Monte-Carlo-2026-300x170.jpg 300w, https:\/\/montecarloliving.com\/wp-content\/uploads\/2026\/04\/Visuel-Festival-des-Etoiles-Monte-Carlo-2026-1024x576.jpg 1024w, https:\/\/montecarloliving.com\/wp-content\/uploads\/2026\/04\/Visuel-Festival-des-Etoiles-Monte-Carlo-2026-768x432.jpg 768w, https:\/\/montecarloliving.com\/wp-content\/uploads\/2026\/04\/Visuel-Festival-des-Etoiles-Monte-Carlo-2026-1536x864.jpg 1536w\" sizes=\"auto, (max-width: 1920px) 100vw, 1920px\" \/><\/p>\n","protected":false},"excerpt":{"rendered":"<p>Le Festival des \u00c9toil\u00e9s Monte-Carlo 2026 revient pour sa sixi\u00e8me \u00e9dition et confirme son statut d\u2019\u00e9v\u00e9nement gastronomique majeur en Europe. Du 13 mai au 14 novembre 2026, la Principaut\u00e9 de Monaco devient la sc\u00e8ne de la haute cuisine internationale gr\u00e2ce \u00e0 une s\u00e9rie de [&hellip;]<\/p>\n","protected":false},"author":1,"featured_media":30598,"comment_status":"closed","ping_status":"closed","sticky":false,"template":"","format":"standard","meta":{"footnotes":""},"categories":[827,875,828,867],"tags":[],"class_list":["post-30602","post","type-post","status-publish","format-standard","has-post-thumbnail","hentry","category-actualite","category-actualite-monaco","category-evenements","category-monaco-fr"],"yoast_head":"<!-- This site is optimized with the Yoast SEO plugin v27.4 - https:\/\/yoast.com\/product\/yoast-seo-wordpress\/ -->\n<title>Festival des \u00c9toil\u00e9s Monte-Carlo 2026<\/title>\n<meta name=\"description\" content=\"Festival des \u00c9toil\u00e9s Monte-Carlo 2026: 7 d\u00eeners d\u2019exception dans le resort le plus \u00e9toil\u00e9 au monde Du 13 mai au 14 novembre\" \/>\n<meta name=\"robots\" content=\"index, follow, max-snippet:-1, max-image-preview:large, max-video-preview:-1\" \/>\n<link rel=\"canonical\" href=\"https:\/\/montecarloliving.com\/fr\/actualite\/festival-des-etoiles-monte-carlo-2026-7-diners-dexception-dans-resort-plus-etoile-au-monde-30602\/\" \/>\n<meta property=\"og:locale\" content=\"fr_FR\" \/>\n<meta property=\"og:title\" content=\"Festival des \u00c9toil\u00e9s Monte-Carlo 2026\" \/>\n<meta property=\"og:description\" content=\"Festival des \u00c9toil\u00e9s Monte-Carlo 2026: 7 d\u00eeners d\u2019exception dans le resort le plus \u00e9toil\u00e9 au monde Du 13 mai au 14 novembre\" \/>\n<meta property=\"og:url\" content=\"https:\/\/montecarloliving.com\/fr\/actualite\/festival-des-etoiles-monte-carlo-2026-7-diners-dexception-dans-resort-plus-etoile-au-monde-30602\/\" \/>\n<meta property=\"og:site_name\" content=\"Montecarlo Living\" \/>\n<meta property=\"article:publisher\" content=\"https:\/\/www.facebook.com\/montecarlolivingcom\/\" \/>\n<meta property=\"article:published_time\" content=\"2026-04-28T05:55:35+00:00\" \/>\n<meta property=\"og:image\" content=\"https:\/\/montecarloliving.com\/wp-content\/uploads\/2026\/04\/Visuel-Festival-des-Etoiles-Monte-Carlo-2026-650x400.jpg\" \/>\n\t<meta property=\"og:image:width\" content=\"650\" \/>\n\t<meta property=\"og:image:height\" content=\"400\" \/>\n\t<meta property=\"og:image:type\" content=\"image\/jpeg\" \/>\n<meta name=\"author\" content=\"Redazione\" \/>\n<meta name=\"twitter:card\" content=\"summary_large_image\" \/>\n<meta name=\"twitter:creator\" content=\"@MonteCarloLivi\" \/>\n<meta name=\"twitter:site\" content=\"@MonteCarloLivi\" \/>\n<meta name=\"twitter:label1\" content=\"\u00c9crit par\" \/>\n\t<meta name=\"twitter:data1\" content=\"Redazione\" \/>\n\t<meta name=\"twitter:label2\" content=\"Dur\u00e9e de lecture estim\u00e9e\" \/>\n\t<meta name=\"twitter:data2\" content=\"3 minutes\" \/>\n<script type=\"application\/ld+json\" class=\"yoast-schema-graph\">{\"@context\":\"https:\\\/\\\/schema.org\",\"@graph\":[{\"@type\":\"Article\",\"@id\":\"https:\\\/\\\/montecarloliving.com\\\/fr\\\/actualite\\\/festival-des-etoiles-monte-carlo-2026-7-diners-dexception-dans-resort-plus-etoile-au-monde-30602\\\/#article\",\"isPartOf\":{\"@id\":\"https:\\\/\\\/montecarloliving.com\\\/fr\\\/actualite\\\/festival-des-etoiles-monte-carlo-2026-7-diners-dexception-dans-resort-plus-etoile-au-monde-30602\\\/\"},\"author\":{\"name\":\"Redazione\",\"@id\":\"https:\\\/\\\/montecarloliving.com\\\/fr\\\/#\\\/schema\\\/person\\\/7e5945d4560862b7f2d2c6831bda2819\"},\"headline\":\"Festival des \u00c9toil\u00e9s Monte-Carlo 2026: 7 d\u00eeners d\u2019exception dans le resort le plus \u00e9toil\u00e9 au monde\",\"datePublished\":\"2026-04-28T05:55:35+00:00\",\"mainEntityOfPage\":{\"@id\":\"https:\\\/\\\/montecarloliving.com\\\/fr\\\/actualite\\\/festival-des-etoiles-monte-carlo-2026-7-diners-dexception-dans-resort-plus-etoile-au-monde-30602\\\/\"},\"wordCount\":600,\"image\":{\"@id\":\"https:\\\/\\\/montecarloliving.com\\\/fr\\\/actualite\\\/festival-des-etoiles-monte-carlo-2026-7-diners-dexception-dans-resort-plus-etoile-au-monde-30602\\\/#primaryimage\"},\"thumbnailUrl\":\"https:\\\/\\\/montecarloliving.com\\\/wp-content\\\/uploads\\\/2026\\\/04\\\/Visuel-Festival-des-Etoiles-Monte-Carlo-2026.jpg\",\"articleSection\":[\"Actualit\u00e9\",\"Actualit\u00e9 \u00e0 Monaco\",\"\u00c9v\u00e9nements\",\"Monaco\"],\"inLanguage\":\"fr-FR\"},{\"@type\":\"WebPage\",\"@id\":\"https:\\\/\\\/montecarloliving.com\\\/fr\\\/actualite\\\/festival-des-etoiles-monte-carlo-2026-7-diners-dexception-dans-resort-plus-etoile-au-monde-30602\\\/\",\"url\":\"https:\\\/\\\/montecarloliving.com\\\/fr\\\/actualite\\\/festival-des-etoiles-monte-carlo-2026-7-diners-dexception-dans-resort-plus-etoile-au-monde-30602\\\/\",\"name\":\"Festival des \u00c9toil\u00e9s Monte-Carlo 2026\",\"isPartOf\":{\"@id\":\"https:\\\/\\\/montecarloliving.com\\\/fr\\\/#website\"},\"primaryImageOfPage\":{\"@id\":\"https:\\\/\\\/montecarloliving.com\\\/fr\\\/actualite\\\/festival-des-etoiles-monte-carlo-2026-7-diners-dexception-dans-resort-plus-etoile-au-monde-30602\\\/#primaryimage\"},\"image\":{\"@id\":\"https:\\\/\\\/montecarloliving.com\\\/fr\\\/actualite\\\/festival-des-etoiles-monte-carlo-2026-7-diners-dexception-dans-resort-plus-etoile-au-monde-30602\\\/#primaryimage\"},\"thumbnailUrl\":\"https:\\\/\\\/montecarloliving.com\\\/wp-content\\\/uploads\\\/2026\\\/04\\\/Visuel-Festival-des-Etoiles-Monte-Carlo-2026.jpg\",\"datePublished\":\"2026-04-28T05:55:35+00:00\",\"author\":{\"@id\":\"https:\\\/\\\/montecarloliving.com\\\/fr\\\/#\\\/schema\\\/person\\\/7e5945d4560862b7f2d2c6831bda2819\"},\"description\":\"Festival des \u00c9toil\u00e9s Monte-Carlo 2026: 7 d\u00eeners d\u2019exception dans le resort le plus \u00e9toil\u00e9 au monde Du 13 mai au 14 novembre\",\"breadcrumb\":{\"@id\":\"https:\\\/\\\/montecarloliving.com\\\/fr\\\/actualite\\\/festival-des-etoiles-monte-carlo-2026-7-diners-dexception-dans-resort-plus-etoile-au-monde-30602\\\/#breadcrumb\"},\"inLanguage\":\"fr-FR\",\"potentialAction\":[{\"@type\":\"ReadAction\",\"target\":[\"https:\\\/\\\/montecarloliving.com\\\/fr\\\/actualite\\\/festival-des-etoiles-monte-carlo-2026-7-diners-dexception-dans-resort-plus-etoile-au-monde-30602\\\/\"]}]},{\"@type\":\"ImageObject\",\"inLanguage\":\"fr-FR\",\"@id\":\"https:\\\/\\\/montecarloliving.com\\\/fr\\\/actualite\\\/festival-des-etoiles-monte-carlo-2026-7-diners-dexception-dans-resort-plus-etoile-au-monde-30602\\\/#primaryimage\",\"url\":\"https:\\\/\\\/montecarloliving.com\\\/wp-content\\\/uploads\\\/2026\\\/04\\\/Visuel-Festival-des-Etoiles-Monte-Carlo-2026.jpg\",\"contentUrl\":\"https:\\\/\\\/montecarloliving.com\\\/wp-content\\\/uploads\\\/2026\\\/04\\\/Visuel-Festival-des-Etoiles-Monte-Carlo-2026.jpg\",\"width\":1920,\"height\":1080},{\"@type\":\"BreadcrumbList\",\"@id\":\"https:\\\/\\\/montecarloliving.com\\\/fr\\\/actualite\\\/festival-des-etoiles-monte-carlo-2026-7-diners-dexception-dans-resort-plus-etoile-au-monde-30602\\\/#breadcrumb\",\"itemListElement\":[{\"@type\":\"ListItem\",\"position\":1,\"name\":\"Home\",\"item\":\"https:\\\/\\\/montecarloliving.com\\\/fr\\\/\"},{\"@type\":\"ListItem\",\"position\":2,\"name\":\"Festival des \u00c9toil\u00e9s Monte-Carlo 2026: 7 d\u00eeners d\u2019exception dans le resort le plus \u00e9toil\u00e9 au monde\"}]},{\"@type\":\"WebSite\",\"@id\":\"https:\\\/\\\/montecarloliving.com\\\/fr\\\/#website\",\"url\":\"https:\\\/\\\/montecarloliving.com\\\/fr\\\/\",\"name\":\"Montecarlo Living\",\"description\":\"News da Montecarlo - Principato di Monaco e Costa Azzurra\",\"potentialAction\":[{\"@type\":\"SearchAction\",\"target\":{\"@type\":\"EntryPoint\",\"urlTemplate\":\"https:\\\/\\\/montecarloliving.com\\\/fr\\\/?s={search_term_string}\"},\"query-input\":{\"@type\":\"PropertyValueSpecification\",\"valueRequired\":true,\"valueName\":\"search_term_string\"}}],\"inLanguage\":\"fr-FR\"},{\"@type\":\"Person\",\"@id\":\"https:\\\/\\\/montecarloliving.com\\\/fr\\\/#\\\/schema\\\/person\\\/7e5945d4560862b7f2d2c6831bda2819\",\"name\":\"Redazione\",\"image\":{\"@type\":\"ImageObject\",\"inLanguage\":\"fr-FR\",\"@id\":\"https:\\\/\\\/secure.gravatar.com\\\/avatar\\\/8b5f26557e18fe74ad8e8a57ebb2925d88af8a90cee489ff2beefb391bc9b9c7?s=96&d=mm&r=g\",\"url\":\"https:\\\/\\\/secure.gravatar.com\\\/avatar\\\/8b5f26557e18fe74ad8e8a57ebb2925d88af8a90cee489ff2beefb391bc9b9c7?s=96&d=mm&r=g\",\"contentUrl\":\"https:\\\/\\\/secure.gravatar.com\\\/avatar\\\/8b5f26557e18fe74ad8e8a57ebb2925d88af8a90cee489ff2beefb391bc9b9c7?s=96&d=mm&r=g\",\"caption\":\"Redazione\"}}]}<\/script>\n<!-- \/ Yoast SEO plugin. -->","yoast_head_json":{"title":"Festival des \u00c9toil\u00e9s Monte-Carlo 2026","description":"Festival des \u00c9toil\u00e9s Monte-Carlo 2026: 7 d\u00eeners d\u2019exception dans le resort le plus \u00e9toil\u00e9 au monde Du 13 mai au 14 novembre","robots":{"index":"index","follow":"follow","max-snippet":"max-snippet:-1","max-image-preview":"max-image-preview:large","max-video-preview":"max-video-preview:-1"},"canonical":"https:\/\/montecarloliving.com\/fr\/actualite\/festival-des-etoiles-monte-carlo-2026-7-diners-dexception-dans-resort-plus-etoile-au-monde-30602\/","og_locale":"fr_FR","og_title":"Festival des \u00c9toil\u00e9s Monte-Carlo 2026","og_description":"Festival des \u00c9toil\u00e9s Monte-Carlo 2026: 7 d\u00eeners d\u2019exception dans le resort le plus \u00e9toil\u00e9 au monde Du 13 mai au 14 novembre","og_url":"https:\/\/montecarloliving.com\/fr\/actualite\/festival-des-etoiles-monte-carlo-2026-7-diners-dexception-dans-resort-plus-etoile-au-monde-30602\/","og_site_name":"Montecarlo Living","article_publisher":"https:\/\/www.facebook.com\/montecarlolivingcom\/","article_published_time":"2026-04-28T05:55:35+00:00","og_image":[{"width":650,"height":400,"url":"https:\/\/montecarloliving.com\/wp-content\/uploads\/2026\/04\/Visuel-Festival-des-Etoiles-Monte-Carlo-2026-650x400.jpg","type":"image\/jpeg"}],"author":"Redazione","twitter_card":"summary_large_image","twitter_creator":"@MonteCarloLivi","twitter_site":"@MonteCarloLivi","twitter_misc":{"\u00c9crit par":"Redazione","Dur\u00e9e de lecture estim\u00e9e":"3 minutes"},"schema":{"@context":"https:\/\/schema.org","@graph":[{"@type":"Article","@id":"https:\/\/montecarloliving.com\/fr\/actualite\/festival-des-etoiles-monte-carlo-2026-7-diners-dexception-dans-resort-plus-etoile-au-monde-30602\/#article","isPartOf":{"@id":"https:\/\/montecarloliving.com\/fr\/actualite\/festival-des-etoiles-monte-carlo-2026-7-diners-dexception-dans-resort-plus-etoile-au-monde-30602\/"},"author":{"name":"Redazione","@id":"https:\/\/montecarloliving.com\/fr\/#\/schema\/person\/7e5945d4560862b7f2d2c6831bda2819"},"headline":"Festival des \u00c9toil\u00e9s Monte-Carlo 2026: 7 d\u00eeners d\u2019exception dans le resort le plus \u00e9toil\u00e9 au monde","datePublished":"2026-04-28T05:55:35+00:00","mainEntityOfPage":{"@id":"https:\/\/montecarloliving.com\/fr\/actualite\/festival-des-etoiles-monte-carlo-2026-7-diners-dexception-dans-resort-plus-etoile-au-monde-30602\/"},"wordCount":600,"image":{"@id":"https:\/\/montecarloliving.com\/fr\/actualite\/festival-des-etoiles-monte-carlo-2026-7-diners-dexception-dans-resort-plus-etoile-au-monde-30602\/#primaryimage"},"thumbnailUrl":"https:\/\/montecarloliving.com\/wp-content\/uploads\/2026\/04\/Visuel-Festival-des-Etoiles-Monte-Carlo-2026.jpg","articleSection":["Actualit\u00e9","Actualit\u00e9 \u00e0 Monaco","\u00c9v\u00e9nements","Monaco"],"inLanguage":"fr-FR"},{"@type":"WebPage","@id":"https:\/\/montecarloliving.com\/fr\/actualite\/festival-des-etoiles-monte-carlo-2026-7-diners-dexception-dans-resort-plus-etoile-au-monde-30602\/","url":"https:\/\/montecarloliving.com\/fr\/actualite\/festival-des-etoiles-monte-carlo-2026-7-diners-dexception-dans-resort-plus-etoile-au-monde-30602\/","name":"Festival des \u00c9toil\u00e9s Monte-Carlo 2026","isPartOf":{"@id":"https:\/\/montecarloliving.com\/fr\/#website"},"primaryImageOfPage":{"@id":"https:\/\/montecarloliving.com\/fr\/actualite\/festival-des-etoiles-monte-carlo-2026-7-diners-dexception-dans-resort-plus-etoile-au-monde-30602\/#primaryimage"},"image":{"@id":"https:\/\/montecarloliving.com\/fr\/actualite\/festival-des-etoiles-monte-carlo-2026-7-diners-dexception-dans-resort-plus-etoile-au-monde-30602\/#primaryimage"},"thumbnailUrl":"https:\/\/montecarloliving.com\/wp-content\/uploads\/2026\/04\/Visuel-Festival-des-Etoiles-Monte-Carlo-2026.jpg","datePublished":"2026-04-28T05:55:35+00:00","author":{"@id":"https:\/\/montecarloliving.com\/fr\/#\/schema\/person\/7e5945d4560862b7f2d2c6831bda2819"},"description":"Festival des \u00c9toil\u00e9s Monte-Carlo 2026: 7 d\u00eeners d\u2019exception dans le resort le plus \u00e9toil\u00e9 au monde Du 13 mai au 14 novembre","breadcrumb":{"@id":"https:\/\/montecarloliving.com\/fr\/actualite\/festival-des-etoiles-monte-carlo-2026-7-diners-dexception-dans-resort-plus-etoile-au-monde-30602\/#breadcrumb"},"inLanguage":"fr-FR","potentialAction":[{"@type":"ReadAction","target":["https:\/\/montecarloliving.com\/fr\/actualite\/festival-des-etoiles-monte-carlo-2026-7-diners-dexception-dans-resort-plus-etoile-au-monde-30602\/"]}]},{"@type":"ImageObject","inLanguage":"fr-FR","@id":"https:\/\/montecarloliving.com\/fr\/actualite\/festival-des-etoiles-monte-carlo-2026-7-diners-dexception-dans-resort-plus-etoile-au-monde-30602\/#primaryimage","url":"https:\/\/montecarloliving.com\/wp-content\/uploads\/2026\/04\/Visuel-Festival-des-Etoiles-Monte-Carlo-2026.jpg","contentUrl":"https:\/\/montecarloliving.com\/wp-content\/uploads\/2026\/04\/Visuel-Festival-des-Etoiles-Monte-Carlo-2026.jpg","width":1920,"height":1080},{"@type":"BreadcrumbList","@id":"https:\/\/montecarloliving.com\/fr\/actualite\/festival-des-etoiles-monte-carlo-2026-7-diners-dexception-dans-resort-plus-etoile-au-monde-30602\/#breadcrumb","itemListElement":[{"@type":"ListItem","position":1,"name":"Home","item":"https:\/\/montecarloliving.com\/fr\/"},{"@type":"ListItem","position":2,"name":"Festival des \u00c9toil\u00e9s Monte-Carlo 2026: 7 d\u00eeners d\u2019exception dans le resort le plus \u00e9toil\u00e9 au monde"}]},{"@type":"WebSite","@id":"https:\/\/montecarloliving.com\/fr\/#website","url":"https:\/\/montecarloliving.com\/fr\/","name":"Montecarlo Living","description":"News da Montecarlo - Principato di Monaco e Costa Azzurra","potentialAction":[{"@type":"SearchAction","target":{"@type":"EntryPoint","urlTemplate":"https:\/\/montecarloliving.com\/fr\/?s={search_term_string}"},"query-input":{"@type":"PropertyValueSpecification","valueRequired":true,"valueName":"search_term_string"}}],"inLanguage":"fr-FR"},{"@type":"Person","@id":"https:\/\/montecarloliving.com\/fr\/#\/schema\/person\/7e5945d4560862b7f2d2c6831bda2819","name":"Redazione","image":{"@type":"ImageObject","inLanguage":"fr-FR","@id":"https:\/\/secure.gravatar.com\/avatar\/8b5f26557e18fe74ad8e8a57ebb2925d88af8a90cee489ff2beefb391bc9b9c7?s=96&d=mm&r=g","url":"https:\/\/secure.gravatar.com\/avatar\/8b5f26557e18fe74ad8e8a57ebb2925d88af8a90cee489ff2beefb391bc9b9c7?s=96&d=mm&r=g","contentUrl":"https:\/\/secure.gravatar.com\/avatar\/8b5f26557e18fe74ad8e8a57ebb2925d88af8a90cee489ff2beefb391bc9b9c7?s=96&d=mm&r=g","caption":"Redazione"}}]}},"_links":{"self":[{"href":"https:\/\/montecarloliving.com\/fr\/wp-json\/wp\/v2\/posts\/30602","targetHints":{"allow":["GET"]}}],"collection":[{"href":"https:\/\/montecarloliving.com\/fr\/wp-json\/wp\/v2\/posts"}],"about":[{"href":"https:\/\/montecarloliving.com\/fr\/wp-json\/wp\/v2\/types\/post"}],"author":[{"embeddable":true,"href":"https:\/\/montecarloliving.com\/fr\/wp-json\/wp\/v2\/users\/1"}],"replies":[{"embeddable":true,"href":"https:\/\/montecarloliving.com\/fr\/wp-json\/wp\/v2\/comments?post=30602"}],"version-history":[{"count":1,"href":"https:\/\/montecarloliving.com\/fr\/wp-json\/wp\/v2\/posts\/30602\/revisions"}],"predecessor-version":[{"id":30603,"href":"https:\/\/montecarloliving.com\/fr\/wp-json\/wp\/v2\/posts\/30602\/revisions\/30603"}],"wp:featuredmedia":[{"embeddable":true,"href":"https:\/\/montecarloliving.com\/fr\/wp-json\/wp\/v2\/media\/30598"}],"wp:attachment":[{"href":"https:\/\/montecarloliving.com\/fr\/wp-json\/wp\/v2\/media?parent=30602"}],"wp:term":[{"taxonomy":"category","embeddable":true,"href":"https:\/\/montecarloliving.com\/fr\/wp-json\/wp\/v2\/categories?post=30602"},{"taxonomy":"post_tag","embeddable":true,"href":"https:\/\/montecarloliving.com\/fr\/wp-json\/wp\/v2\/tags?post=30602"}],"curies":[{"name":"wp","href":"https:\/\/api.w.org\/{rel}","templated":true}]}}