{"id":30592,"date":"2026-04-27T11:31:42","date_gmt":"2026-04-27T09:31:42","guid":{"rendered":"https:\/\/montecarloliving.com\/?p=30592"},"modified":"2026-04-27T11:34:28","modified_gmt":"2026-04-27T09:34:28","slug":"festival-de-cannes-2026-thelma-louise-devient-laffiche-officielle-de-79e-edition","status":"publish","type":"post","link":"https:\/\/montecarloliving.com\/fr\/actualite\/festival-de-cannes-2026-thelma-louise-devient-laffiche-officielle-de-79e-edition-30592\/","title":{"rendered":"Festival de Cannes 2026: Thelma &#038; Louise devient l\u2019affiche officielle de la 79e \u00e9dition"},"content":{"rendered":"<section class=\"text-token-text-primary w-full focus:outline-none [--shadow-height:45px] has-data-writing-block:pointer-events-none has-data-writing-block:-mt-(--shadow-height) has-data-writing-block:pt-(--shadow-height) [&amp;:has([data-writing-block])&gt;*]:pointer-events-auto [content-visibility:auto] supports-[content-visibility:auto]:[contain-intrinsic-size:auto_100lvh] R6Vx5W_threadScrollVars scroll-mb-[calc(var(--scroll-root-safe-area-inset-bottom,0px)+var(--thread-response-height))] scroll-mt-[calc(var(--header-height)+min(200px,max(70px,20svh)))]\" dir=\"auto\" data-turn-id=\"request-WEB:77c8fe3e-4e2d-4756-a956-13465fa047da-10\" data-testid=\"conversation-turn-22\" data-scroll-anchor=\"false\" data-turn=\"assistant\">\n<div class=\"text-base my-auto mx-auto pb-10 [--thread-content-margin:var(--thread-content-margin-xs,calc(var(--spacing)*4))] @w-sm\/main:[--thread-content-margin:var(--thread-content-margin-sm,calc(var(--spacing)*6))] @w-lg\/main:[--thread-content-margin:var(--thread-content-margin-lg,calc(var(--spacing)*16))] px-(--thread-content-margin)\">\n<div class=\"[--thread-content-max-width:40rem] @w-lg\/main:[--thread-content-max-width:48rem] mx-auto max-w-(--thread-content-max-width) flex-1 group\/turn-messages focus-visible:outline-hidden relative flex w-full min-w-0 flex-col agent-turn\">\n<div class=\"flex max-w-full flex-col gap-4 grow\">\n<div class=\"min-h-8 text-message relative flex w-full flex-col items-end gap-2 text-start break-words whitespace-normal outline-none keyboard-focused:focus-ring [.text-message+&amp;]:mt-1\" dir=\"auto\" tabindex=\"0\" data-message-author-role=\"assistant\" data-message-id=\"e11461f1-0e08-43b4-bb68-f04216385ec9\" data-message-model-slug=\"gpt-5-3-mini\" data-turn-start-message=\"true\">\n<div class=\"flex w-full flex-col gap-1 empty:hidden\">\n<div class=\"markdown prose dark:prose-invert w-full wrap-break-word light markdown-new-styling\">\n<p data-start=\"4319\" data-end=\"4626\">Le Festival de Cannes 2026 a choisi de c\u00e9l\u00e9brer l\u2019un des films les plus embl\u00e9matiques de l\u2019histoire du cin\u00e9ma. Pour sa 79e \u00e9dition, la prestigieuse manifestation rend hommage \u00e0 <em data-start=\"4496\" data-end=\"4513\">Thelma &amp; Louise<\/em>, le chef-d\u2019\u0153uvre culte r\u00e9alis\u00e9 par Ridley Scott, en faisant de ses h\u00e9ro\u00efnes l\u2019affiche officielle de l\u2019\u00e9v\u00e9nement.<\/p>\n<p data-start=\"4628\" data-end=\"4936\">Un choix hautement symbolique qui d\u00e9passe largement le simple hommage cin\u00e9matographique pour devenir une v\u00e9ritable d\u00e9claration culturelle. Trente-cinq ans apr\u00e8s sa premi\u00e8re mondiale sur la Croisette le 20 mai 1991, le film revient \u00e0 Cannes comme symbole intemporel de libert\u00e9, d\u2019\u00e9mancipation et de r\u00e9bellion.<\/p>\n<p data-start=\"4938\" data-end=\"5190\">Apr\u00e8s avoir c\u00e9l\u00e9br\u00e9 <em data-start=\"4958\" data-end=\"4981\">Un homme et une femme<\/em> de Claude Lelouch en 2025, le Festival continue de puiser dans l\u2019histoire du cin\u00e9ma pour interroger le pr\u00e9sent, en choisissant une \u0153uvre qui a profond\u00e9ment marqu\u00e9 l\u2019imaginaire collectif et les d\u00e9bats sociaux.<\/p>\n<h2 data-section-id=\"7rrngn\" data-start=\"5192\" data-end=\"5244\">Le retour de deux ic\u00f4nes sur l\u2019affiche officielle<\/h2>\n<p data-start=\"5246\" data-end=\"5438\">La r\u00e9v\u00e9lation de l\u2019affiche officielle constitue chaque ann\u00e9e l\u2019un des moments les plus attendus en amont du Festival de Cannes, d\u00e9finissant l\u2019orientation culturelle et artistique de l\u2019\u00e9dition.<\/p>\n<p data-start=\"5440\" data-end=\"5669\">Pour Cannes 2026, le choix se porte sur deux figures devenues l\u00e9gendaires : Thelma et Louise, interpr\u00e9t\u00e9es par Geena Davis et Susan Sarandon, h\u00e9ro\u00efnes d\u2019une des histoires les plus puissantes et r\u00e9volutionnaires du cin\u00e9ma moderne.<\/p>\n<p data-start=\"5671\" data-end=\"5852\">\u00ab Trente-cinq ans apr\u00e8s la premi\u00e8re mondiale du film de Ridley Scott, <em data-start=\"5741\" data-end=\"5758\">Thelma &amp; Louise<\/em> reviennent comme h\u00e9ro\u00efnes de l\u2019affiche officielle \u00bb, indique le communiqu\u00e9 des organisateurs.<\/p>\n<p data-start=\"5854\" data-end=\"6032\">Il ne s\u2019agit pas seulement de nostalgie cin\u00e9matographique, mais d\u2019une reconnaissance de la valeur universelle durable du film, qui continue de r\u00e9sonner \u00e0 travers les g\u00e9n\u00e9rations.<\/p>\n<h2 data-section-id=\"23fa9h\" data-start=\"6034\" data-end=\"6093\">Un symbole d\u2019\u00e9mancipation f\u00e9minine et de libert\u00e9 absolue<\/h2>\n<p data-start=\"6095\" data-end=\"6223\">\u00c0 sa sortie en 1991, <em data-start=\"6116\" data-end=\"6133\">Thelma &amp; Louise<\/em> n\u2019a pas \u00e9t\u00e9 seulement un succ\u00e8s critique et public, mais un v\u00e9ritable ph\u00e9nom\u00e8ne culturel.<\/p>\n<p data-start=\"6225\" data-end=\"6443\">Le film raconte la fuite de deux femmes face \u00e0 une r\u00e9alit\u00e9 oppressive, transformant un road movie en r\u00e9flexion puissante sur la libert\u00e9 individuelle, l\u2019autod\u00e9termination et la rupture avec les normes sociales impos\u00e9es.<\/p>\n<p data-start=\"6445\" data-end=\"6666\">Les performances de Geena Davis et Susan Sarandon ont fait des protagonistes des symboles universels d\u2019\u00e9mancipation f\u00e9minine, bouleversant les st\u00e9r\u00e9otypes et red\u00e9finissant la place des femmes \u00e0 l\u2019\u00e9cran et dans la soci\u00e9t\u00e9.<\/p>\n<p data-start=\"6668\" data-end=\"6890\">Selon le communiqu\u00e9 officiel, les deux h\u00e9ro\u00efnes sont \u00ab deux combattantes inoubliables incarnant la libert\u00e9 absolue et une amiti\u00e9 ind\u00e9fectible, indiquant la voie de l\u2019\u00e9mancipation lorsqu\u2019elle devient une n\u00e9cessit\u00e9 vitale \u00bb.<\/p>\n<p data-start=\"6892\" data-end=\"6967\">Un message qui r\u00e9sonne encore plus fortement dans le contexte contemporain.<\/p>\n<h2 data-section-id=\"t1l3zx\" data-start=\"6969\" data-end=\"7022\">Cannes regarde le pass\u00e9 pour interroger le pr\u00e9sent<\/h2>\n<p data-start=\"7024\" data-end=\"7177\">En d\u00e9diant son affiche officielle 2026 \u00e0 <em data-start=\"7065\" data-end=\"7082\">Thelma &amp; Louise<\/em>, le Festival de Cannes affirme sa volont\u00e9 de faire du cin\u00e9ma un outil de r\u00e9flexion collective.<\/p>\n<p data-start=\"7179\" data-end=\"7406\">Il ne s\u2019agit pas seulement de c\u00e9l\u00e9brer un anniversaire, mais de remettre au centre des d\u00e9bats des th\u00e8mes essentiels : \u00e9galit\u00e9 des genres, libert\u00e9 individuelle, solidarit\u00e9 f\u00e9minine et remise en question des conventions sociales.<\/p>\n<p data-start=\"7408\" data-end=\"7561\">Cannes choisit ainsi de regarder vers le pass\u00e9 pour interroger le pr\u00e9sent, en confiant \u00e0 une image forte le soin de raconter un h\u00e9ritage toujours vivant.<\/p>\n<h2 data-section-id=\"1rwou3u\" data-start=\"7563\" data-end=\"7614\">Cannes 2026 : entre m\u00e9moire et nouvelles visions<\/h2>\n<p data-start=\"7616\" data-end=\"7806\">Avec cet hommage \u00e0 <em data-start=\"7635\" data-end=\"7652\">Thelma &amp; Louise<\/em>, le Festival de Cannes 2026 s\u2019appr\u00eate \u00e0 ouvrir une \u00e9dition plac\u00e9e sous le signe de la m\u00e9moire, de la conscience et de la puissance symbolique des images.<\/p>\n<p data-start=\"7808\" data-end=\"7932\">La Croisette redevient un espace o\u00f9 le cin\u00e9ma n\u2019est pas seulement spectacle, mais aussi r\u00e9cit politique, culturel et humain.<\/p>\n<p data-start=\"7934\" data-end=\"8122\">Trente-cinq ans apr\u00e8s leur course vers l\u2019horizon, Thelma et Louise ne sont plus seulement des personnages de fiction : elles sont devenues un symbole universel de libert\u00e9 et de r\u00e9sistance.<\/p>\n<p data-start=\"8124\" data-end=\"8316\" data-is-last-node=\"\" data-is-only-node=\"\">Et c\u2019est pr\u00e9cis\u00e9ment ce message que Cannes a choisi de transmettre \u00e0 travers son affiche officielle : certaines histoires n\u2019appartiennent pas au pass\u00e9, car elles continuent de parler au futur.<\/p>\n<\/div>\n<\/div>\n<\/div>\n<\/div>\n<div class=\"z-0 flex min-h-[46px] justify-start\"><img loading=\"lazy\" decoding=\"async\" class=\"size-full wp-image-30586 aligncenter\" src=\"https:\/\/montecarloliving.com\/wp-content\/uploads\/2026\/04\/cannes-2026_220x300mm_cmjn_300dpi_print.webp\" alt=\"\" width=\"1200\" height=\"1636\" srcset=\"https:\/\/montecarloliving.com\/wp-content\/uploads\/2026\/04\/cannes-2026_220x300mm_cmjn_300dpi_print.webp 1200w, https:\/\/montecarloliving.com\/wp-content\/uploads\/2026\/04\/cannes-2026_220x300mm_cmjn_300dpi_print-220x300.webp 220w, https:\/\/montecarloliving.com\/wp-content\/uploads\/2026\/04\/cannes-2026_220x300mm_cmjn_300dpi_print-751x1024.webp 751w, https:\/\/montecarloliving.com\/wp-content\/uploads\/2026\/04\/cannes-2026_220x300mm_cmjn_300dpi_print-768x1047.webp 768w, https:\/\/montecarloliving.com\/wp-content\/uploads\/2026\/04\/cannes-2026_220x300mm_cmjn_300dpi_print-1127x1536.webp 1127w\" sizes=\"auto, (max-width: 1200px) 100vw, 1200px\" \/><\/div>\n<\/div>\n<\/div>\n<\/section>\n","protected":false},"excerpt":{"rendered":"<p>Le Festival de Cannes 2026 a choisi de c\u00e9l\u00e9brer l\u2019un des films les plus embl\u00e9matiques de l\u2019histoire du cin\u00e9ma. Pour sa 79e \u00e9dition, la prestigieuse manifestation rend hommage \u00e0 Thelma &amp; Louise, le chef-d\u2019\u0153uvre culte r\u00e9alis\u00e9 par Ridley Scott, en faisant de ses h\u00e9ro\u00efnes [&hellip;]<\/p>\n","protected":false},"author":1,"featured_media":30586,"comment_status":"closed","ping_status":"closed","sticky":false,"template":"","format":"standard","meta":{"footnotes":""},"categories":[827,870,828],"tags":[],"class_list":["post-30592","post","type-post","status-publish","format-standard","has-post-thumbnail","hentry","category-actualite","category-cannes-fr","category-evenements"],"yoast_head":"<!-- This site is optimized with the Yoast SEO plugin v27.4 - https:\/\/yoast.com\/product\/yoast-seo-wordpress\/ -->\n<title>Festival de Cannes 2026<\/title>\n<meta name=\"description\" content=\"Festival de Cannes 2026 : Thelma &amp; Louise devient l\u2019affiche officielle de la 79e \u00e9dition\" \/>\n<meta name=\"robots\" content=\"index, follow, max-snippet:-1, max-image-preview:large, max-video-preview:-1\" \/>\n<link rel=\"canonical\" href=\"https:\/\/montecarloliving.com\/fr\/actualite\/festival-de-cannes-2026-thelma-louise-devient-laffiche-officielle-de-79e-edition-30592\/\" \/>\n<meta property=\"og:locale\" content=\"fr_FR\" \/>\n<meta property=\"og:title\" content=\"Festival de Cannes 2026\" \/>\n<meta property=\"og:description\" content=\"Festival de Cannes 2026 : Thelma &amp; Louise devient l\u2019affiche officielle de la 79e \u00e9dition\" \/>\n<meta property=\"og:url\" content=\"https:\/\/montecarloliving.com\/fr\/actualite\/festival-de-cannes-2026-thelma-louise-devient-laffiche-officielle-de-79e-edition-30592\/\" \/>\n<meta property=\"og:site_name\" content=\"Montecarlo Living\" \/>\n<meta property=\"article:publisher\" content=\"https:\/\/www.facebook.com\/montecarlolivingcom\/\" \/>\n<meta property=\"article:published_time\" content=\"2026-04-27T09:31:42+00:00\" \/>\n<meta property=\"article:modified_time\" content=\"2026-04-27T09:34:28+00:00\" \/>\n<meta property=\"og:image\" content=\"https:\/\/montecarloliving.com\/wp-content\/uploads\/2026\/04\/cannes-2026_220x300mm_cmjn_300dpi_print-650x400.webp\" \/>\n\t<meta property=\"og:image:width\" content=\"650\" \/>\n\t<meta property=\"og:image:height\" content=\"400\" \/>\n\t<meta property=\"og:image:type\" content=\"image\/webp\" \/>\n<meta name=\"author\" content=\"Redazione\" \/>\n<meta name=\"twitter:card\" content=\"summary_large_image\" \/>\n<meta name=\"twitter:creator\" content=\"@MonteCarloLivi\" \/>\n<meta name=\"twitter:site\" content=\"@MonteCarloLivi\" \/>\n<meta name=\"twitter:label1\" content=\"\u00c9crit par\" \/>\n\t<meta name=\"twitter:data1\" content=\"Redazione\" \/>\n\t<meta name=\"twitter:label2\" content=\"Dur\u00e9e de lecture estim\u00e9e\" \/>\n\t<meta name=\"twitter:data2\" content=\"4 minutes\" \/>\n<script type=\"application\/ld+json\" class=\"yoast-schema-graph\">{\"@context\":\"https:\\\/\\\/schema.org\",\"@graph\":[{\"@type\":\"Article\",\"@id\":\"https:\\\/\\\/montecarloliving.com\\\/fr\\\/actualite\\\/festival-de-cannes-2026-thelma-louise-devient-laffiche-officielle-de-79e-edition-30592\\\/#article\",\"isPartOf\":{\"@id\":\"https:\\\/\\\/montecarloliving.com\\\/fr\\\/actualite\\\/festival-de-cannes-2026-thelma-louise-devient-laffiche-officielle-de-79e-edition-30592\\\/\"},\"author\":{\"name\":\"Redazione\",\"@id\":\"https:\\\/\\\/montecarloliving.com\\\/fr\\\/#\\\/schema\\\/person\\\/7e5945d4560862b7f2d2c6831bda2819\"},\"headline\":\"Festival de Cannes 2026: Thelma &#038; Louise devient l\u2019affiche officielle de la 79e \u00e9dition\",\"datePublished\":\"2026-04-27T09:31:42+00:00\",\"dateModified\":\"2026-04-27T09:34:28+00:00\",\"mainEntityOfPage\":{\"@id\":\"https:\\\/\\\/montecarloliving.com\\\/fr\\\/actualite\\\/festival-de-cannes-2026-thelma-louise-devient-laffiche-officielle-de-79e-edition-30592\\\/\"},\"wordCount\":703,\"image\":{\"@id\":\"https:\\\/\\\/montecarloliving.com\\\/fr\\\/actualite\\\/festival-de-cannes-2026-thelma-louise-devient-laffiche-officielle-de-79e-edition-30592\\\/#primaryimage\"},\"thumbnailUrl\":\"https:\\\/\\\/montecarloliving.com\\\/wp-content\\\/uploads\\\/2026\\\/04\\\/cannes-2026_220x300mm_cmjn_300dpi_print.webp\",\"articleSection\":[\"Actualit\u00e9\",\"Cannes\",\"\u00c9v\u00e9nements\"],\"inLanguage\":\"fr-FR\"},{\"@type\":\"WebPage\",\"@id\":\"https:\\\/\\\/montecarloliving.com\\\/fr\\\/actualite\\\/festival-de-cannes-2026-thelma-louise-devient-laffiche-officielle-de-79e-edition-30592\\\/\",\"url\":\"https:\\\/\\\/montecarloliving.com\\\/fr\\\/actualite\\\/festival-de-cannes-2026-thelma-louise-devient-laffiche-officielle-de-79e-edition-30592\\\/\",\"name\":\"Festival de Cannes 2026\",\"isPartOf\":{\"@id\":\"https:\\\/\\\/montecarloliving.com\\\/fr\\\/#website\"},\"primaryImageOfPage\":{\"@id\":\"https:\\\/\\\/montecarloliving.com\\\/fr\\\/actualite\\\/festival-de-cannes-2026-thelma-louise-devient-laffiche-officielle-de-79e-edition-30592\\\/#primaryimage\"},\"image\":{\"@id\":\"https:\\\/\\\/montecarloliving.com\\\/fr\\\/actualite\\\/festival-de-cannes-2026-thelma-louise-devient-laffiche-officielle-de-79e-edition-30592\\\/#primaryimage\"},\"thumbnailUrl\":\"https:\\\/\\\/montecarloliving.com\\\/wp-content\\\/uploads\\\/2026\\\/04\\\/cannes-2026_220x300mm_cmjn_300dpi_print.webp\",\"datePublished\":\"2026-04-27T09:31:42+00:00\",\"dateModified\":\"2026-04-27T09:34:28+00:00\",\"author\":{\"@id\":\"https:\\\/\\\/montecarloliving.com\\\/fr\\\/#\\\/schema\\\/person\\\/7e5945d4560862b7f2d2c6831bda2819\"},\"description\":\"Festival de Cannes 2026 : Thelma & Louise devient l\u2019affiche officielle de la 79e \u00e9dition\",\"breadcrumb\":{\"@id\":\"https:\\\/\\\/montecarloliving.com\\\/fr\\\/actualite\\\/festival-de-cannes-2026-thelma-louise-devient-laffiche-officielle-de-79e-edition-30592\\\/#breadcrumb\"},\"inLanguage\":\"fr-FR\",\"potentialAction\":[{\"@type\":\"ReadAction\",\"target\":[\"https:\\\/\\\/montecarloliving.com\\\/fr\\\/actualite\\\/festival-de-cannes-2026-thelma-louise-devient-laffiche-officielle-de-79e-edition-30592\\\/\"]}]},{\"@type\":\"ImageObject\",\"inLanguage\":\"fr-FR\",\"@id\":\"https:\\\/\\\/montecarloliving.com\\\/fr\\\/actualite\\\/festival-de-cannes-2026-thelma-louise-devient-laffiche-officielle-de-79e-edition-30592\\\/#primaryimage\",\"url\":\"https:\\\/\\\/montecarloliving.com\\\/wp-content\\\/uploads\\\/2026\\\/04\\\/cannes-2026_220x300mm_cmjn_300dpi_print.webp\",\"contentUrl\":\"https:\\\/\\\/montecarloliving.com\\\/wp-content\\\/uploads\\\/2026\\\/04\\\/cannes-2026_220x300mm_cmjn_300dpi_print.webp\",\"width\":1200,\"height\":1636},{\"@type\":\"BreadcrumbList\",\"@id\":\"https:\\\/\\\/montecarloliving.com\\\/fr\\\/actualite\\\/festival-de-cannes-2026-thelma-louise-devient-laffiche-officielle-de-79e-edition-30592\\\/#breadcrumb\",\"itemListElement\":[{\"@type\":\"ListItem\",\"position\":1,\"name\":\"Home\",\"item\":\"https:\\\/\\\/montecarloliving.com\\\/fr\\\/\"},{\"@type\":\"ListItem\",\"position\":2,\"name\":\"Festival de Cannes 2026: Thelma &#038; Louise devient l\u2019affiche officielle de la 79e \u00e9dition\"}]},{\"@type\":\"WebSite\",\"@id\":\"https:\\\/\\\/montecarloliving.com\\\/fr\\\/#website\",\"url\":\"https:\\\/\\\/montecarloliving.com\\\/fr\\\/\",\"name\":\"Montecarlo Living\",\"description\":\"News da Montecarlo - Principato di Monaco e Costa Azzurra\",\"potentialAction\":[{\"@type\":\"SearchAction\",\"target\":{\"@type\":\"EntryPoint\",\"urlTemplate\":\"https:\\\/\\\/montecarloliving.com\\\/fr\\\/?s={search_term_string}\"},\"query-input\":{\"@type\":\"PropertyValueSpecification\",\"valueRequired\":true,\"valueName\":\"search_term_string\"}}],\"inLanguage\":\"fr-FR\"},{\"@type\":\"Person\",\"@id\":\"https:\\\/\\\/montecarloliving.com\\\/fr\\\/#\\\/schema\\\/person\\\/7e5945d4560862b7f2d2c6831bda2819\",\"name\":\"Redazione\",\"image\":{\"@type\":\"ImageObject\",\"inLanguage\":\"fr-FR\",\"@id\":\"https:\\\/\\\/secure.gravatar.com\\\/avatar\\\/8b5f26557e18fe74ad8e8a57ebb2925d88af8a90cee489ff2beefb391bc9b9c7?s=96&d=mm&r=g\",\"url\":\"https:\\\/\\\/secure.gravatar.com\\\/avatar\\\/8b5f26557e18fe74ad8e8a57ebb2925d88af8a90cee489ff2beefb391bc9b9c7?s=96&d=mm&r=g\",\"contentUrl\":\"https:\\\/\\\/secure.gravatar.com\\\/avatar\\\/8b5f26557e18fe74ad8e8a57ebb2925d88af8a90cee489ff2beefb391bc9b9c7?s=96&d=mm&r=g\",\"caption\":\"Redazione\"}}]}<\/script>\n<!-- \/ Yoast SEO plugin. -->","yoast_head_json":{"title":"Festival de Cannes 2026","description":"Festival de Cannes 2026 : Thelma & Louise devient l\u2019affiche officielle de la 79e \u00e9dition","robots":{"index":"index","follow":"follow","max-snippet":"max-snippet:-1","max-image-preview":"max-image-preview:large","max-video-preview":"max-video-preview:-1"},"canonical":"https:\/\/montecarloliving.com\/fr\/actualite\/festival-de-cannes-2026-thelma-louise-devient-laffiche-officielle-de-79e-edition-30592\/","og_locale":"fr_FR","og_title":"Festival de Cannes 2026","og_description":"Festival de Cannes 2026 : Thelma & Louise devient l\u2019affiche officielle de la 79e \u00e9dition","og_url":"https:\/\/montecarloliving.com\/fr\/actualite\/festival-de-cannes-2026-thelma-louise-devient-laffiche-officielle-de-79e-edition-30592\/","og_site_name":"Montecarlo Living","article_publisher":"https:\/\/www.facebook.com\/montecarlolivingcom\/","article_published_time":"2026-04-27T09:31:42+00:00","article_modified_time":"2026-04-27T09:34:28+00:00","og_image":[{"width":650,"height":400,"url":"https:\/\/montecarloliving.com\/wp-content\/uploads\/2026\/04\/cannes-2026_220x300mm_cmjn_300dpi_print-650x400.webp","type":"image\/webp"}],"author":"Redazione","twitter_card":"summary_large_image","twitter_creator":"@MonteCarloLivi","twitter_site":"@MonteCarloLivi","twitter_misc":{"\u00c9crit par":"Redazione","Dur\u00e9e de lecture estim\u00e9e":"4 minutes"},"schema":{"@context":"https:\/\/schema.org","@graph":[{"@type":"Article","@id":"https:\/\/montecarloliving.com\/fr\/actualite\/festival-de-cannes-2026-thelma-louise-devient-laffiche-officielle-de-79e-edition-30592\/#article","isPartOf":{"@id":"https:\/\/montecarloliving.com\/fr\/actualite\/festival-de-cannes-2026-thelma-louise-devient-laffiche-officielle-de-79e-edition-30592\/"},"author":{"name":"Redazione","@id":"https:\/\/montecarloliving.com\/fr\/#\/schema\/person\/7e5945d4560862b7f2d2c6831bda2819"},"headline":"Festival de Cannes 2026: Thelma &#038; Louise devient l\u2019affiche officielle de la 79e \u00e9dition","datePublished":"2026-04-27T09:31:42+00:00","dateModified":"2026-04-27T09:34:28+00:00","mainEntityOfPage":{"@id":"https:\/\/montecarloliving.com\/fr\/actualite\/festival-de-cannes-2026-thelma-louise-devient-laffiche-officielle-de-79e-edition-30592\/"},"wordCount":703,"image":{"@id":"https:\/\/montecarloliving.com\/fr\/actualite\/festival-de-cannes-2026-thelma-louise-devient-laffiche-officielle-de-79e-edition-30592\/#primaryimage"},"thumbnailUrl":"https:\/\/montecarloliving.com\/wp-content\/uploads\/2026\/04\/cannes-2026_220x300mm_cmjn_300dpi_print.webp","articleSection":["Actualit\u00e9","Cannes","\u00c9v\u00e9nements"],"inLanguage":"fr-FR"},{"@type":"WebPage","@id":"https:\/\/montecarloliving.com\/fr\/actualite\/festival-de-cannes-2026-thelma-louise-devient-laffiche-officielle-de-79e-edition-30592\/","url":"https:\/\/montecarloliving.com\/fr\/actualite\/festival-de-cannes-2026-thelma-louise-devient-laffiche-officielle-de-79e-edition-30592\/","name":"Festival de Cannes 2026","isPartOf":{"@id":"https:\/\/montecarloliving.com\/fr\/#website"},"primaryImageOfPage":{"@id":"https:\/\/montecarloliving.com\/fr\/actualite\/festival-de-cannes-2026-thelma-louise-devient-laffiche-officielle-de-79e-edition-30592\/#primaryimage"},"image":{"@id":"https:\/\/montecarloliving.com\/fr\/actualite\/festival-de-cannes-2026-thelma-louise-devient-laffiche-officielle-de-79e-edition-30592\/#primaryimage"},"thumbnailUrl":"https:\/\/montecarloliving.com\/wp-content\/uploads\/2026\/04\/cannes-2026_220x300mm_cmjn_300dpi_print.webp","datePublished":"2026-04-27T09:31:42+00:00","dateModified":"2026-04-27T09:34:28+00:00","author":{"@id":"https:\/\/montecarloliving.com\/fr\/#\/schema\/person\/7e5945d4560862b7f2d2c6831bda2819"},"description":"Festival de Cannes 2026 : Thelma & Louise devient l\u2019affiche officielle de la 79e \u00e9dition","breadcrumb":{"@id":"https:\/\/montecarloliving.com\/fr\/actualite\/festival-de-cannes-2026-thelma-louise-devient-laffiche-officielle-de-79e-edition-30592\/#breadcrumb"},"inLanguage":"fr-FR","potentialAction":[{"@type":"ReadAction","target":["https:\/\/montecarloliving.com\/fr\/actualite\/festival-de-cannes-2026-thelma-louise-devient-laffiche-officielle-de-79e-edition-30592\/"]}]},{"@type":"ImageObject","inLanguage":"fr-FR","@id":"https:\/\/montecarloliving.com\/fr\/actualite\/festival-de-cannes-2026-thelma-louise-devient-laffiche-officielle-de-79e-edition-30592\/#primaryimage","url":"https:\/\/montecarloliving.com\/wp-content\/uploads\/2026\/04\/cannes-2026_220x300mm_cmjn_300dpi_print.webp","contentUrl":"https:\/\/montecarloliving.com\/wp-content\/uploads\/2026\/04\/cannes-2026_220x300mm_cmjn_300dpi_print.webp","width":1200,"height":1636},{"@type":"BreadcrumbList","@id":"https:\/\/montecarloliving.com\/fr\/actualite\/festival-de-cannes-2026-thelma-louise-devient-laffiche-officielle-de-79e-edition-30592\/#breadcrumb","itemListElement":[{"@type":"ListItem","position":1,"name":"Home","item":"https:\/\/montecarloliving.com\/fr\/"},{"@type":"ListItem","position":2,"name":"Festival de Cannes 2026: Thelma &#038; Louise devient l\u2019affiche officielle de la 79e \u00e9dition"}]},{"@type":"WebSite","@id":"https:\/\/montecarloliving.com\/fr\/#website","url":"https:\/\/montecarloliving.com\/fr\/","name":"Montecarlo Living","description":"News da Montecarlo - Principato di Monaco e Costa Azzurra","potentialAction":[{"@type":"SearchAction","target":{"@type":"EntryPoint","urlTemplate":"https:\/\/montecarloliving.com\/fr\/?s={search_term_string}"},"query-input":{"@type":"PropertyValueSpecification","valueRequired":true,"valueName":"search_term_string"}}],"inLanguage":"fr-FR"},{"@type":"Person","@id":"https:\/\/montecarloliving.com\/fr\/#\/schema\/person\/7e5945d4560862b7f2d2c6831bda2819","name":"Redazione","image":{"@type":"ImageObject","inLanguage":"fr-FR","@id":"https:\/\/secure.gravatar.com\/avatar\/8b5f26557e18fe74ad8e8a57ebb2925d88af8a90cee489ff2beefb391bc9b9c7?s=96&d=mm&r=g","url":"https:\/\/secure.gravatar.com\/avatar\/8b5f26557e18fe74ad8e8a57ebb2925d88af8a90cee489ff2beefb391bc9b9c7?s=96&d=mm&r=g","contentUrl":"https:\/\/secure.gravatar.com\/avatar\/8b5f26557e18fe74ad8e8a57ebb2925d88af8a90cee489ff2beefb391bc9b9c7?s=96&d=mm&r=g","caption":"Redazione"}}]}},"_links":{"self":[{"href":"https:\/\/montecarloliving.com\/fr\/wp-json\/wp\/v2\/posts\/30592","targetHints":{"allow":["GET"]}}],"collection":[{"href":"https:\/\/montecarloliving.com\/fr\/wp-json\/wp\/v2\/posts"}],"about":[{"href":"https:\/\/montecarloliving.com\/fr\/wp-json\/wp\/v2\/types\/post"}],"author":[{"embeddable":true,"href":"https:\/\/montecarloliving.com\/fr\/wp-json\/wp\/v2\/users\/1"}],"replies":[{"embeddable":true,"href":"https:\/\/montecarloliving.com\/fr\/wp-json\/wp\/v2\/comments?post=30592"}],"version-history":[{"count":1,"href":"https:\/\/montecarloliving.com\/fr\/wp-json\/wp\/v2\/posts\/30592\/revisions"}],"predecessor-version":[{"id":30593,"href":"https:\/\/montecarloliving.com\/fr\/wp-json\/wp\/v2\/posts\/30592\/revisions\/30593"}],"wp:featuredmedia":[{"embeddable":true,"href":"https:\/\/montecarloliving.com\/fr\/wp-json\/wp\/v2\/media\/30586"}],"wp:attachment":[{"href":"https:\/\/montecarloliving.com\/fr\/wp-json\/wp\/v2\/media?parent=30592"}],"wp:term":[{"taxonomy":"category","embeddable":true,"href":"https:\/\/montecarloliving.com\/fr\/wp-json\/wp\/v2\/categories?post=30592"},{"taxonomy":"post_tag","embeddable":true,"href":"https:\/\/montecarloliving.com\/fr\/wp-json\/wp\/v2\/tags?post=30592"}],"curies":[{"name":"wp","href":"https:\/\/api.w.org\/{rel}","templated":true}]}}