{"id":30581,"date":"2026-04-27T10:17:33","date_gmt":"2026-04-27T08:17:33","guid":{"rendered":"https:\/\/montecarloliving.com\/?p=30581"},"modified":"2026-04-27T10:27:56","modified_gmt":"2026-04-27T08:27:56","slug":"journee-du-handicap-menton-2026-evenement-gratuit-aux-sablettes-pour-sensibiliser-et-promouvoir-linclusion","status":"publish","type":"post","link":"https:\/\/montecarloliving.com\/fr\/actualite\/journee-du-handicap-menton-2026-evenement-gratuit-aux-sablettes-pour-sensibiliser-et-promouvoir-linclusion-30581\/","title":{"rendered":"Journ\u00e9e du handicap \u00e0 Menton 2026: un \u00e9v\u00e9nement gratuit aux Sablettes pour sensibiliser et promouvoir l\u2019inclusion"},"content":{"rendered":"<section class=\"text-token-text-primary w-full focus:outline-none [--shadow-height:45px] has-data-writing-block:pointer-events-none has-data-writing-block:-mt-(--shadow-height) has-data-writing-block:pt-(--shadow-height) [&amp;:has([data-writing-block])&gt;*]:pointer-events-auto [content-visibility:auto] supports-[content-visibility:auto]:[contain-intrinsic-size:auto_100lvh] R6Vx5W_threadScrollVars scroll-mb-[calc(var(--scroll-root-safe-area-inset-bottom,0px)+var(--thread-response-height))] scroll-mt-[calc(var(--header-height)+min(200px,max(70px,20svh)))]\" dir=\"auto\" data-turn-id=\"request-WEB:77c8fe3e-4e2d-4756-a956-13465fa047da-6\" data-testid=\"conversation-turn-14\" data-scroll-anchor=\"false\" data-turn=\"assistant\">\n<div class=\"text-base my-auto mx-auto pb-10 [--thread-content-margin:var(--thread-content-margin-xs,calc(var(--spacing)*4))] @w-sm\/main:[--thread-content-margin:var(--thread-content-margin-sm,calc(var(--spacing)*6))] @w-lg\/main:[--thread-content-margin:var(--thread-content-margin-lg,calc(var(--spacing)*16))] px-(--thread-content-margin)\">\n<div class=\"[--thread-content-max-width:40rem] @w-lg\/main:[--thread-content-max-width:48rem] mx-auto max-w-(--thread-content-max-width) flex-1 group\/turn-messages focus-visible:outline-hidden relative flex w-full min-w-0 flex-col agent-turn\">\n<div class=\"flex max-w-full flex-col gap-4 grow\">\n<div class=\"min-h-8 text-message relative flex w-full flex-col items-end gap-2 text-start break-words whitespace-normal outline-none keyboard-focused:focus-ring [.text-message+&amp;]:mt-1\" dir=\"auto\" tabindex=\"0\" data-message-author-role=\"assistant\" data-message-id=\"593c0b3b-5a9c-4ed9-95a4-34344b2ff076\" data-message-model-slug=\"gpt-5-3\" data-turn-start-message=\"true\">\n<div class=\"flex w-full flex-col gap-1 empty:hidden\">\n<div class=\"markdown prose dark:prose-invert w-full wrap-break-word light markdown-new-styling\">\n<p data-start=\"5261\" data-end=\"5671\">Le samedi 2 mai 2026, la ville de Menton consacre une journ\u00e9e enti\u00e8re \u00e0 la sensibilisation au handicap avec un \u00e9v\u00e9nement ouvert \u00e0 tous aux Sablettes. De 10h00 \u00e0 17h00, la Vo\u00fbte n\u00b01 accueillera une manifestation gratuite pens\u00e9e pour promouvoir l\u2019inclusion, le dialogue et la compr\u00e9hension des diff\u00e9rentes formes de handicap \u00e0 travers des activit\u00e9s \u00e9ducatives, des ateliers interactifs et des spectacles vivants.<\/p>\n<p data-start=\"5673\" data-end=\"5967\">Cette initiative s\u2019inscrit dans le mois d\u00e9di\u00e9 au handicap organis\u00e9 par la Ville de Menton et repr\u00e9sente une importante occasion de rencontre entre citoyens, familles, professionnels du secteur m\u00e9dico-social et associations engag\u00e9es quotidiennement aupr\u00e8s des personnes en situation de handicap.<\/p>\n<p data-start=\"5969\" data-end=\"6204\">L\u2019objectif principal de cette journ\u00e9e est de cr\u00e9er davantage de sensibilisation, de briser les pr\u00e9jug\u00e9s et de favoriser un dialogue direct avec le grand public, en transformant la sensibilisation en une exp\u00e9rience concr\u00e8te et partag\u00e9e.<\/p>\n<h2 data-section-id=\"46ruo2\" data-start=\"6206\" data-end=\"6278\">Un \u00e9v\u00e9nement pour mieux comprendre les diff\u00e9rentes formes de handicap<\/h2>\n<p data-start=\"6280\" data-end=\"6460\">La Journ\u00e9e du handicap aux Sablettes a \u00e9t\u00e9 con\u00e7ue pour offrir un espace ouvert et accessible o\u00f9 chacun peut approfondir les questions li\u00e9es \u00e0 l\u2019inclusion sociale et \u00e0 la diversit\u00e9.<\/p>\n<p data-start=\"6462\" data-end=\"6748\">Gr\u00e2ce \u00e0 la collaboration de nombreuses structures m\u00e9dico-sociales du territoire, les visiteurs pourront recevoir des informations, \u00e9changer avec des professionnels sp\u00e9cialis\u00e9s et d\u00e9couvrir le travail des associations qui accompagnent les personnes en situation de handicap au quotidien.<\/p>\n<p data-start=\"6750\" data-end=\"6964\">Professionnels, \u00e9ducateurs et b\u00e9n\u00e9voles seront pr\u00e9sents toute la journ\u00e9e pour r\u00e9pondre aux questions, orienter le public et partager des exp\u00e9riences utiles \u00e0 la construction d\u2019une plus grande conscience collective.<\/p>\n<p data-start=\"6966\" data-end=\"7149\">L\u2019\u00e9v\u00e9nement vise ainsi \u00e0 d\u00e9passer la simple dimension informative pour devenir un v\u00e9ritable moment de rencontre humaine, impliquant adultes et enfants de mani\u00e8re directe et naturelle.<\/p>\n<h2 data-section-id=\"s3mmjy\" data-start=\"7151\" data-end=\"7220\">Ateliers interactifs et activit\u00e9s inclusives pour toute la famille<\/h2>\n<p data-start=\"7222\" data-end=\"7372\">L\u2019un des aspects les plus importants de la manifestation sera la pr\u00e9sence de nombreux ateliers pens\u00e9s pour les familles et les visiteurs de tous \u00e2ges.<\/p>\n<p data-start=\"7374\" data-end=\"7737\">Parmi les activit\u00e9s pr\u00e9vues figurent des ateliers sensoriels permettant de mieux comprendre certaines exp\u00e9riences li\u00e9es \u00e0 la perception et \u00e0 la communication, une initiation au para-handball, discipline sportive inclusive de plus en plus pratiqu\u00e9e, ainsi qu\u2019un jeu de piste \u00e9ducatif consacr\u00e9 \u00e0 la d\u00e9couverte du handicap \u00e0 travers le mouvement et la participation.<\/p>\n<p data-start=\"7739\" data-end=\"7997\">Une attention particuli\u00e8re sera \u00e9galement port\u00e9e \u00e0 la d\u00e9couverte de la langue des signes, outil fondamental de communication et d\u2019inclusion, permettant aux participants de s\u2019initier de fa\u00e7on pratique au monde de la surdit\u00e9 et de l\u2019accessibilit\u00e9 linguistique.<\/p>\n<p data-start=\"7999\" data-end=\"8191\">L\u2019un des moments les plus attendus sera \u00e9galement la marche inclusive reliant les Sablettes au Port de Garavan, un parcours symbolique et participatif m\u00ealant sport, partage et sensibilisation.<\/p>\n<p data-start=\"8193\" data-end=\"8406\">Les activit\u00e9s seront coanim\u00e9es par les \u00e9quipes du Service P\u00e9riscolaire et Loisirs \u00c9ducatifs ainsi que par les \u00e9tudiants de l\u2019IUT de Menton, renfor\u00e7ant encore la dimension \u00e9ducative et communautaire de l\u2019\u00e9v\u00e9nement.<\/p>\n<h2 data-section-id=\"1bdx5ft\" data-start=\"8408\" data-end=\"8478\">Spectacles, musique et th\u00e9\u00e2tre : le programme complet de la journ\u00e9e<\/h2>\n<p data-start=\"8480\" data-end=\"8676\">En parall\u00e8le des ateliers et des activit\u00e9s de sensibilisation, la journ\u00e9e sera enrichie par un programme de spectacles pens\u00e9 pour plonger le public dans une atmosph\u00e8re conviviale et participative.<\/p>\n<p data-start=\"8678\" data-end=\"8822\">L\u2019ouverture officielle est pr\u00e9vue \u00e0 10h30 avec la Compagnie des Cyclopes, protagoniste d\u2019une performance th\u00e9\u00e2trale qui lancera la manifestation.<\/p>\n<p data-start=\"8824\" data-end=\"8932\">\u00c0 11h30, place \u00e0 la danse avec l\u2019Association LRC, qui reviendra \u00e9galement \u00e0 13h30 avec une session de chant.<\/p>\n<p data-start=\"8934\" data-end=\"9169\">\u00c0 14h00, ce sera au tour de l\u2019Association \u00ab Si on chantait \u00bb, suivie \u00e0 14h45 par le spectacle de la classe ULIS de Saint-Exup\u00e9ry, un moment particuli\u00e8rement fort pour valoriser le talent artistique et l\u2019expression des \u00e9l\u00e8ves impliqu\u00e9s.<\/p>\n<p data-start=\"9171\" data-end=\"9342\">\u00c0 15h30, les enfants de la classe IME, accompagn\u00e9s de l\u2019\u00e9ducatrice sp\u00e9cialis\u00e9e Amandine, pr\u00e9senteront une repr\u00e9sentation th\u00e9\u00e2trale d\u00e9di\u00e9e \u00e0 l\u2019inclusion et \u00e0 la cr\u00e9ativit\u00e9.<\/p>\n<p data-start=\"9344\" data-end=\"9487\">La journ\u00e9e se terminera de 16h00 \u00e0 17h00 avec la prestation musicale d\u2019Alison, qui cl\u00f4turera l\u2019\u00e9v\u00e9nement dans un esprit festif et participatif.<\/p>\n<h2 data-section-id=\"amnne4\" data-start=\"9489\" data-end=\"9560\">Un rendez-vous gratuit pour construire une communaut\u00e9 plus inclusive<\/h2>\n<p data-start=\"9562\" data-end=\"9782\">La participation \u00e0 la Journ\u00e9e du handicap de Menton est enti\u00e8rement gratuite et ne n\u00e9cessite aucune inscription pr\u00e9alable, confirmant la volont\u00e9 de la municipalit\u00e9 de rendre cette initiative r\u00e9ellement accessible \u00e0 tous.<\/p>\n<p data-start=\"9784\" data-end=\"9962\">Cet \u00e9v\u00e9nement repr\u00e9sente non seulement une importante occasion de sensibilisation, mais aussi un message concret d\u2019ouverture et d\u2019inclusion adress\u00e9 \u00e0 l\u2019ensemble de la communaut\u00e9.<\/p>\n<p data-start=\"9964\" data-end=\"10207\">\u00c0 une \u00e9poque o\u00f9 le dialogue social et la valorisation des diff\u00e9rences deviennent toujours plus essentiels, des rendez-vous comme celui-ci d\u00e9montrent que la culture de l\u2019inclusion peut na\u00eetre d\u2019exp\u00e9riences simples, partag\u00e9es et v\u00e9cues ensemble.<\/p>\n<p data-start=\"10209\" data-end=\"10389\" data-is-last-node=\"\" data-is-only-node=\"\">Le 2 mai 2026, aux Sablettes de Menton, le handicap ne sera pas pr\u00e9sent\u00e9 comme une limite, mais comme une opportunit\u00e9 de connaissance, de participation et de croissance collective.<\/p>\n<\/div>\n<\/div>\n<\/div>\n<\/div>\n<div class=\"z-0 flex min-h-[46px] justify-start\"><img loading=\"lazy\" decoding=\"async\" class=\"size-full wp-image-30578 aligncenter\" src=\"https:\/\/montecarloliving.com\/wp-content\/uploads\/2026\/04\/mois_handicap_2026.jpg\" alt=\"\" width=\"1384\" height=\"2000\" srcset=\"https:\/\/montecarloliving.com\/wp-content\/uploads\/2026\/04\/mois_handicap_2026.jpg 1384w, https:\/\/montecarloliving.com\/wp-content\/uploads\/2026\/04\/mois_handicap_2026-208x300.jpg 208w, https:\/\/montecarloliving.com\/wp-content\/uploads\/2026\/04\/mois_handicap_2026-709x1024.jpg 709w, https:\/\/montecarloliving.com\/wp-content\/uploads\/2026\/04\/mois_handicap_2026-768x1110.jpg 768w, https:\/\/montecarloliving.com\/wp-content\/uploads\/2026\/04\/mois_handicap_2026-1063x1536.jpg 1063w\" sizes=\"auto, (max-width: 1384px) 100vw, 1384px\" \/><\/div>\n<\/div>\n<\/div>\n<\/section>\n","protected":false},"excerpt":{"rendered":"<p>Le samedi 2 mai 2026, la ville de Menton consacre une journ\u00e9e enti\u00e8re \u00e0 la sensibilisation au handicap avec un \u00e9v\u00e9nement ouvert \u00e0 tous aux Sablettes. De 10h00 \u00e0 17h00, la Vo\u00fbte n\u00b01 accueillera une manifestation gratuite pens\u00e9e pour promouvoir l\u2019inclusion, le dialogue et [&hellip;]<\/p>\n","protected":false},"author":1,"featured_media":30578,"comment_status":"closed","ping_status":"closed","sticky":false,"template":"","format":"standard","meta":{"footnotes":""},"categories":[827,828,869],"tags":[],"class_list":["post-30581","post","type-post","status-publish","format-standard","has-post-thumbnail","hentry","category-actualite","category-evenements","category-menton"],"yoast_head":"<!-- This site is optimized with the Yoast SEO plugin v27.4 - https:\/\/yoast.com\/product\/yoast-seo-wordpress\/ -->\n<title>Journ\u00e9e du handicap \u00e0 Menton 2026<\/title>\n<meta name=\"description\" content=\"Journ\u00e9e du handicap \u00e0 Menton 2026 : un \u00e9v\u00e9nement gratuit aux Sablettes pour sensibiliser et promouvoir l\u2019inclusion\" \/>\n<meta name=\"robots\" content=\"index, follow, max-snippet:-1, max-image-preview:large, max-video-preview:-1\" \/>\n<link rel=\"canonical\" href=\"https:\/\/montecarloliving.com\/fr\/actualite\/journee-du-handicap-menton-2026-evenement-gratuit-aux-sablettes-pour-sensibiliser-et-promouvoir-linclusion-30581\/\" \/>\n<meta property=\"og:locale\" content=\"fr_FR\" \/>\n<meta property=\"og:title\" content=\"Journ\u00e9e du handicap \u00e0 Menton 2026\" \/>\n<meta property=\"og:description\" content=\"Journ\u00e9e du handicap \u00e0 Menton 2026 : un \u00e9v\u00e9nement gratuit aux Sablettes pour sensibiliser et promouvoir l\u2019inclusion\" \/>\n<meta property=\"og:url\" content=\"https:\/\/montecarloliving.com\/fr\/actualite\/journee-du-handicap-menton-2026-evenement-gratuit-aux-sablettes-pour-sensibiliser-et-promouvoir-linclusion-30581\/\" \/>\n<meta property=\"og:site_name\" content=\"Montecarlo Living\" \/>\n<meta property=\"article:publisher\" content=\"https:\/\/www.facebook.com\/montecarlolivingcom\/\" \/>\n<meta property=\"article:published_time\" content=\"2026-04-27T08:17:33+00:00\" \/>\n<meta property=\"article:modified_time\" content=\"2026-04-27T08:27:56+00:00\" \/>\n<meta property=\"og:image\" content=\"https:\/\/montecarloliving.com\/wp-content\/uploads\/2026\/04\/mois_handicap_2026-650x400.jpg\" \/>\n\t<meta property=\"og:image:width\" content=\"650\" \/>\n\t<meta property=\"og:image:height\" content=\"400\" \/>\n\t<meta property=\"og:image:type\" content=\"image\/jpeg\" \/>\n<meta name=\"author\" content=\"Redazione\" \/>\n<meta name=\"twitter:card\" content=\"summary_large_image\" \/>\n<meta name=\"twitter:creator\" content=\"@MonteCarloLivi\" \/>\n<meta name=\"twitter:site\" content=\"@MonteCarloLivi\" \/>\n<meta name=\"twitter:label1\" content=\"\u00c9crit par\" \/>\n\t<meta name=\"twitter:data1\" content=\"Redazione\" \/>\n\t<meta name=\"twitter:label2\" content=\"Dur\u00e9e de lecture estim\u00e9e\" \/>\n\t<meta name=\"twitter:data2\" content=\"5 minutes\" \/>\n<script type=\"application\/ld+json\" class=\"yoast-schema-graph\">{\"@context\":\"https:\\\/\\\/schema.org\",\"@graph\":[{\"@type\":\"Article\",\"@id\":\"https:\\\/\\\/montecarloliving.com\\\/fr\\\/actualite\\\/journee-du-handicap-menton-2026-evenement-gratuit-aux-sablettes-pour-sensibiliser-et-promouvoir-linclusion-30581\\\/#article\",\"isPartOf\":{\"@id\":\"https:\\\/\\\/montecarloliving.com\\\/fr\\\/actualite\\\/journee-du-handicap-menton-2026-evenement-gratuit-aux-sablettes-pour-sensibiliser-et-promouvoir-linclusion-30581\\\/\"},\"author\":{\"name\":\"Redazione\",\"@id\":\"https:\\\/\\\/montecarloliving.com\\\/fr\\\/#\\\/schema\\\/person\\\/7e5945d4560862b7f2d2c6831bda2819\"},\"headline\":\"Journ\u00e9e du handicap \u00e0 Menton 2026: un \u00e9v\u00e9nement gratuit aux Sablettes pour sensibiliser et promouvoir l\u2019inclusion\",\"datePublished\":\"2026-04-27T08:17:33+00:00\",\"dateModified\":\"2026-04-27T08:27:56+00:00\",\"mainEntityOfPage\":{\"@id\":\"https:\\\/\\\/montecarloliving.com\\\/fr\\\/actualite\\\/journee-du-handicap-menton-2026-evenement-gratuit-aux-sablettes-pour-sensibiliser-et-promouvoir-linclusion-30581\\\/\"},\"wordCount\":851,\"image\":{\"@id\":\"https:\\\/\\\/montecarloliving.com\\\/fr\\\/actualite\\\/journee-du-handicap-menton-2026-evenement-gratuit-aux-sablettes-pour-sensibiliser-et-promouvoir-linclusion-30581\\\/#primaryimage\"},\"thumbnailUrl\":\"https:\\\/\\\/montecarloliving.com\\\/wp-content\\\/uploads\\\/2026\\\/04\\\/mois_handicap_2026.jpg\",\"articleSection\":[\"Actualit\u00e9\",\"\u00c9v\u00e9nements\",\"Menton\"],\"inLanguage\":\"fr-FR\"},{\"@type\":\"WebPage\",\"@id\":\"https:\\\/\\\/montecarloliving.com\\\/fr\\\/actualite\\\/journee-du-handicap-menton-2026-evenement-gratuit-aux-sablettes-pour-sensibiliser-et-promouvoir-linclusion-30581\\\/\",\"url\":\"https:\\\/\\\/montecarloliving.com\\\/fr\\\/actualite\\\/journee-du-handicap-menton-2026-evenement-gratuit-aux-sablettes-pour-sensibiliser-et-promouvoir-linclusion-30581\\\/\",\"name\":\"Journ\u00e9e du handicap \u00e0 Menton 2026\",\"isPartOf\":{\"@id\":\"https:\\\/\\\/montecarloliving.com\\\/fr\\\/#website\"},\"primaryImageOfPage\":{\"@id\":\"https:\\\/\\\/montecarloliving.com\\\/fr\\\/actualite\\\/journee-du-handicap-menton-2026-evenement-gratuit-aux-sablettes-pour-sensibiliser-et-promouvoir-linclusion-30581\\\/#primaryimage\"},\"image\":{\"@id\":\"https:\\\/\\\/montecarloliving.com\\\/fr\\\/actualite\\\/journee-du-handicap-menton-2026-evenement-gratuit-aux-sablettes-pour-sensibiliser-et-promouvoir-linclusion-30581\\\/#primaryimage\"},\"thumbnailUrl\":\"https:\\\/\\\/montecarloliving.com\\\/wp-content\\\/uploads\\\/2026\\\/04\\\/mois_handicap_2026.jpg\",\"datePublished\":\"2026-04-27T08:17:33+00:00\",\"dateModified\":\"2026-04-27T08:27:56+00:00\",\"author\":{\"@id\":\"https:\\\/\\\/montecarloliving.com\\\/fr\\\/#\\\/schema\\\/person\\\/7e5945d4560862b7f2d2c6831bda2819\"},\"description\":\"Journ\u00e9e du handicap \u00e0 Menton 2026 : un \u00e9v\u00e9nement gratuit aux Sablettes pour sensibiliser et promouvoir l\u2019inclusion\",\"breadcrumb\":{\"@id\":\"https:\\\/\\\/montecarloliving.com\\\/fr\\\/actualite\\\/journee-du-handicap-menton-2026-evenement-gratuit-aux-sablettes-pour-sensibiliser-et-promouvoir-linclusion-30581\\\/#breadcrumb\"},\"inLanguage\":\"fr-FR\",\"potentialAction\":[{\"@type\":\"ReadAction\",\"target\":[\"https:\\\/\\\/montecarloliving.com\\\/fr\\\/actualite\\\/journee-du-handicap-menton-2026-evenement-gratuit-aux-sablettes-pour-sensibiliser-et-promouvoir-linclusion-30581\\\/\"]}]},{\"@type\":\"ImageObject\",\"inLanguage\":\"fr-FR\",\"@id\":\"https:\\\/\\\/montecarloliving.com\\\/fr\\\/actualite\\\/journee-du-handicap-menton-2026-evenement-gratuit-aux-sablettes-pour-sensibiliser-et-promouvoir-linclusion-30581\\\/#primaryimage\",\"url\":\"https:\\\/\\\/montecarloliving.com\\\/wp-content\\\/uploads\\\/2026\\\/04\\\/mois_handicap_2026.jpg\",\"contentUrl\":\"https:\\\/\\\/montecarloliving.com\\\/wp-content\\\/uploads\\\/2026\\\/04\\\/mois_handicap_2026.jpg\",\"width\":1384,\"height\":2000},{\"@type\":\"BreadcrumbList\",\"@id\":\"https:\\\/\\\/montecarloliving.com\\\/fr\\\/actualite\\\/journee-du-handicap-menton-2026-evenement-gratuit-aux-sablettes-pour-sensibiliser-et-promouvoir-linclusion-30581\\\/#breadcrumb\",\"itemListElement\":[{\"@type\":\"ListItem\",\"position\":1,\"name\":\"Home\",\"item\":\"https:\\\/\\\/montecarloliving.com\\\/fr\\\/\"},{\"@type\":\"ListItem\",\"position\":2,\"name\":\"Journ\u00e9e du handicap \u00e0 Menton 2026: un \u00e9v\u00e9nement gratuit aux Sablettes pour sensibiliser et promouvoir l\u2019inclusion\"}]},{\"@type\":\"WebSite\",\"@id\":\"https:\\\/\\\/montecarloliving.com\\\/fr\\\/#website\",\"url\":\"https:\\\/\\\/montecarloliving.com\\\/fr\\\/\",\"name\":\"Montecarlo Living\",\"description\":\"News da Montecarlo - Principato di Monaco e Costa Azzurra\",\"potentialAction\":[{\"@type\":\"SearchAction\",\"target\":{\"@type\":\"EntryPoint\",\"urlTemplate\":\"https:\\\/\\\/montecarloliving.com\\\/fr\\\/?s={search_term_string}\"},\"query-input\":{\"@type\":\"PropertyValueSpecification\",\"valueRequired\":true,\"valueName\":\"search_term_string\"}}],\"inLanguage\":\"fr-FR\"},{\"@type\":\"Person\",\"@id\":\"https:\\\/\\\/montecarloliving.com\\\/fr\\\/#\\\/schema\\\/person\\\/7e5945d4560862b7f2d2c6831bda2819\",\"name\":\"Redazione\",\"image\":{\"@type\":\"ImageObject\",\"inLanguage\":\"fr-FR\",\"@id\":\"https:\\\/\\\/secure.gravatar.com\\\/avatar\\\/8b5f26557e18fe74ad8e8a57ebb2925d88af8a90cee489ff2beefb391bc9b9c7?s=96&d=mm&r=g\",\"url\":\"https:\\\/\\\/secure.gravatar.com\\\/avatar\\\/8b5f26557e18fe74ad8e8a57ebb2925d88af8a90cee489ff2beefb391bc9b9c7?s=96&d=mm&r=g\",\"contentUrl\":\"https:\\\/\\\/secure.gravatar.com\\\/avatar\\\/8b5f26557e18fe74ad8e8a57ebb2925d88af8a90cee489ff2beefb391bc9b9c7?s=96&d=mm&r=g\",\"caption\":\"Redazione\"}}]}<\/script>\n<!-- \/ Yoast SEO plugin. -->","yoast_head_json":{"title":"Journ\u00e9e du handicap \u00e0 Menton 2026","description":"Journ\u00e9e du handicap \u00e0 Menton 2026 : un \u00e9v\u00e9nement gratuit aux Sablettes pour sensibiliser et promouvoir l\u2019inclusion","robots":{"index":"index","follow":"follow","max-snippet":"max-snippet:-1","max-image-preview":"max-image-preview:large","max-video-preview":"max-video-preview:-1"},"canonical":"https:\/\/montecarloliving.com\/fr\/actualite\/journee-du-handicap-menton-2026-evenement-gratuit-aux-sablettes-pour-sensibiliser-et-promouvoir-linclusion-30581\/","og_locale":"fr_FR","og_title":"Journ\u00e9e du handicap \u00e0 Menton 2026","og_description":"Journ\u00e9e du handicap \u00e0 Menton 2026 : un \u00e9v\u00e9nement gratuit aux Sablettes pour sensibiliser et promouvoir l\u2019inclusion","og_url":"https:\/\/montecarloliving.com\/fr\/actualite\/journee-du-handicap-menton-2026-evenement-gratuit-aux-sablettes-pour-sensibiliser-et-promouvoir-linclusion-30581\/","og_site_name":"Montecarlo Living","article_publisher":"https:\/\/www.facebook.com\/montecarlolivingcom\/","article_published_time":"2026-04-27T08:17:33+00:00","article_modified_time":"2026-04-27T08:27:56+00:00","og_image":[{"width":650,"height":400,"url":"https:\/\/montecarloliving.com\/wp-content\/uploads\/2026\/04\/mois_handicap_2026-650x400.jpg","type":"image\/jpeg"}],"author":"Redazione","twitter_card":"summary_large_image","twitter_creator":"@MonteCarloLivi","twitter_site":"@MonteCarloLivi","twitter_misc":{"\u00c9crit par":"Redazione","Dur\u00e9e de lecture estim\u00e9e":"5 minutes"},"schema":{"@context":"https:\/\/schema.org","@graph":[{"@type":"Article","@id":"https:\/\/montecarloliving.com\/fr\/actualite\/journee-du-handicap-menton-2026-evenement-gratuit-aux-sablettes-pour-sensibiliser-et-promouvoir-linclusion-30581\/#article","isPartOf":{"@id":"https:\/\/montecarloliving.com\/fr\/actualite\/journee-du-handicap-menton-2026-evenement-gratuit-aux-sablettes-pour-sensibiliser-et-promouvoir-linclusion-30581\/"},"author":{"name":"Redazione","@id":"https:\/\/montecarloliving.com\/fr\/#\/schema\/person\/7e5945d4560862b7f2d2c6831bda2819"},"headline":"Journ\u00e9e du handicap \u00e0 Menton 2026: un \u00e9v\u00e9nement gratuit aux Sablettes pour sensibiliser et promouvoir l\u2019inclusion","datePublished":"2026-04-27T08:17:33+00:00","dateModified":"2026-04-27T08:27:56+00:00","mainEntityOfPage":{"@id":"https:\/\/montecarloliving.com\/fr\/actualite\/journee-du-handicap-menton-2026-evenement-gratuit-aux-sablettes-pour-sensibiliser-et-promouvoir-linclusion-30581\/"},"wordCount":851,"image":{"@id":"https:\/\/montecarloliving.com\/fr\/actualite\/journee-du-handicap-menton-2026-evenement-gratuit-aux-sablettes-pour-sensibiliser-et-promouvoir-linclusion-30581\/#primaryimage"},"thumbnailUrl":"https:\/\/montecarloliving.com\/wp-content\/uploads\/2026\/04\/mois_handicap_2026.jpg","articleSection":["Actualit\u00e9","\u00c9v\u00e9nements","Menton"],"inLanguage":"fr-FR"},{"@type":"WebPage","@id":"https:\/\/montecarloliving.com\/fr\/actualite\/journee-du-handicap-menton-2026-evenement-gratuit-aux-sablettes-pour-sensibiliser-et-promouvoir-linclusion-30581\/","url":"https:\/\/montecarloliving.com\/fr\/actualite\/journee-du-handicap-menton-2026-evenement-gratuit-aux-sablettes-pour-sensibiliser-et-promouvoir-linclusion-30581\/","name":"Journ\u00e9e du handicap \u00e0 Menton 2026","isPartOf":{"@id":"https:\/\/montecarloliving.com\/fr\/#website"},"primaryImageOfPage":{"@id":"https:\/\/montecarloliving.com\/fr\/actualite\/journee-du-handicap-menton-2026-evenement-gratuit-aux-sablettes-pour-sensibiliser-et-promouvoir-linclusion-30581\/#primaryimage"},"image":{"@id":"https:\/\/montecarloliving.com\/fr\/actualite\/journee-du-handicap-menton-2026-evenement-gratuit-aux-sablettes-pour-sensibiliser-et-promouvoir-linclusion-30581\/#primaryimage"},"thumbnailUrl":"https:\/\/montecarloliving.com\/wp-content\/uploads\/2026\/04\/mois_handicap_2026.jpg","datePublished":"2026-04-27T08:17:33+00:00","dateModified":"2026-04-27T08:27:56+00:00","author":{"@id":"https:\/\/montecarloliving.com\/fr\/#\/schema\/person\/7e5945d4560862b7f2d2c6831bda2819"},"description":"Journ\u00e9e du handicap \u00e0 Menton 2026 : un \u00e9v\u00e9nement gratuit aux Sablettes pour sensibiliser et promouvoir l\u2019inclusion","breadcrumb":{"@id":"https:\/\/montecarloliving.com\/fr\/actualite\/journee-du-handicap-menton-2026-evenement-gratuit-aux-sablettes-pour-sensibiliser-et-promouvoir-linclusion-30581\/#breadcrumb"},"inLanguage":"fr-FR","potentialAction":[{"@type":"ReadAction","target":["https:\/\/montecarloliving.com\/fr\/actualite\/journee-du-handicap-menton-2026-evenement-gratuit-aux-sablettes-pour-sensibiliser-et-promouvoir-linclusion-30581\/"]}]},{"@type":"ImageObject","inLanguage":"fr-FR","@id":"https:\/\/montecarloliving.com\/fr\/actualite\/journee-du-handicap-menton-2026-evenement-gratuit-aux-sablettes-pour-sensibiliser-et-promouvoir-linclusion-30581\/#primaryimage","url":"https:\/\/montecarloliving.com\/wp-content\/uploads\/2026\/04\/mois_handicap_2026.jpg","contentUrl":"https:\/\/montecarloliving.com\/wp-content\/uploads\/2026\/04\/mois_handicap_2026.jpg","width":1384,"height":2000},{"@type":"BreadcrumbList","@id":"https:\/\/montecarloliving.com\/fr\/actualite\/journee-du-handicap-menton-2026-evenement-gratuit-aux-sablettes-pour-sensibiliser-et-promouvoir-linclusion-30581\/#breadcrumb","itemListElement":[{"@type":"ListItem","position":1,"name":"Home","item":"https:\/\/montecarloliving.com\/fr\/"},{"@type":"ListItem","position":2,"name":"Journ\u00e9e du handicap \u00e0 Menton 2026: un \u00e9v\u00e9nement gratuit aux Sablettes pour sensibiliser et promouvoir l\u2019inclusion"}]},{"@type":"WebSite","@id":"https:\/\/montecarloliving.com\/fr\/#website","url":"https:\/\/montecarloliving.com\/fr\/","name":"Montecarlo Living","description":"News da Montecarlo - Principato di Monaco e Costa Azzurra","potentialAction":[{"@type":"SearchAction","target":{"@type":"EntryPoint","urlTemplate":"https:\/\/montecarloliving.com\/fr\/?s={search_term_string}"},"query-input":{"@type":"PropertyValueSpecification","valueRequired":true,"valueName":"search_term_string"}}],"inLanguage":"fr-FR"},{"@type":"Person","@id":"https:\/\/montecarloliving.com\/fr\/#\/schema\/person\/7e5945d4560862b7f2d2c6831bda2819","name":"Redazione","image":{"@type":"ImageObject","inLanguage":"fr-FR","@id":"https:\/\/secure.gravatar.com\/avatar\/8b5f26557e18fe74ad8e8a57ebb2925d88af8a90cee489ff2beefb391bc9b9c7?s=96&d=mm&r=g","url":"https:\/\/secure.gravatar.com\/avatar\/8b5f26557e18fe74ad8e8a57ebb2925d88af8a90cee489ff2beefb391bc9b9c7?s=96&d=mm&r=g","contentUrl":"https:\/\/secure.gravatar.com\/avatar\/8b5f26557e18fe74ad8e8a57ebb2925d88af8a90cee489ff2beefb391bc9b9c7?s=96&d=mm&r=g","caption":"Redazione"}}]}},"_links":{"self":[{"href":"https:\/\/montecarloliving.com\/fr\/wp-json\/wp\/v2\/posts\/30581","targetHints":{"allow":["GET"]}}],"collection":[{"href":"https:\/\/montecarloliving.com\/fr\/wp-json\/wp\/v2\/posts"}],"about":[{"href":"https:\/\/montecarloliving.com\/fr\/wp-json\/wp\/v2\/types\/post"}],"author":[{"embeddable":true,"href":"https:\/\/montecarloliving.com\/fr\/wp-json\/wp\/v2\/users\/1"}],"replies":[{"embeddable":true,"href":"https:\/\/montecarloliving.com\/fr\/wp-json\/wp\/v2\/comments?post=30581"}],"version-history":[{"count":1,"href":"https:\/\/montecarloliving.com\/fr\/wp-json\/wp\/v2\/posts\/30581\/revisions"}],"predecessor-version":[{"id":30582,"href":"https:\/\/montecarloliving.com\/fr\/wp-json\/wp\/v2\/posts\/30581\/revisions\/30582"}],"wp:featuredmedia":[{"embeddable":true,"href":"https:\/\/montecarloliving.com\/fr\/wp-json\/wp\/v2\/media\/30578"}],"wp:attachment":[{"href":"https:\/\/montecarloliving.com\/fr\/wp-json\/wp\/v2\/media?parent=30581"}],"wp:term":[{"taxonomy":"category","embeddable":true,"href":"https:\/\/montecarloliving.com\/fr\/wp-json\/wp\/v2\/categories?post=30581"},{"taxonomy":"post_tag","embeddable":true,"href":"https:\/\/montecarloliving.com\/fr\/wp-json\/wp\/v2\/tags?post=30581"}],"curies":[{"name":"wp","href":"https:\/\/api.w.org\/{rel}","templated":true}]}}