{"id":30568,"date":"2026-04-27T09:32:27","date_gmt":"2026-04-27T07:32:27","guid":{"rendered":"https:\/\/montecarloliving.com\/?p=30568"},"modified":"2026-04-27T09:35:19","modified_gmt":"2026-04-27T07:35:19","slug":"monaco-art-week-2026-tout-est-pret-pour-8e-edition-en-principaute-entre-art-design-et-grands-maitres","status":"publish","type":"post","link":"https:\/\/montecarloliving.com\/fr\/actualite\/monaco-art-week-2026-tout-est-pret-pour-8e-edition-en-principaute-entre-art-design-et-grands-maitres-30568\/","title":{"rendered":"Monaco Art Week 2026: tout est pr\u00eat pour la 8e \u00e9dition en Principaut\u00e9 entre art, design et grands ma\u00eetres"},"content":{"rendered":"<p data-start=\"6449\" data-end=\"6919\">Du 27 avril au 1er mai 2026, la Principaut\u00e9 de Monaco redevient l\u2019un des principaux centres artistiques europ\u00e9ens avec la huiti\u00e8me \u00e9dition de la Monaco Art Week, un rendez-vous d\u00e9sormais incontournable du calendrier culturel international. Organis\u00e9 sous le Haut Patronage de S.A.S. le Prince Albert II, l\u2019\u00e9v\u00e9nement confirme le r\u00f4le de Monaco comme lieu privil\u00e9gi\u00e9 de rencontre entre collectionnisme, cr\u00e9ation contemporaine et grands chefs-d\u2019\u0153uvre de l\u2019histoire de l\u2019art.<\/p>\n<p data-start=\"6921\" data-end=\"7236\">Arriv\u00e9e \u00e0 sa huiti\u00e8me \u00e9dition, la Monaco Art Week repr\u00e9sente bien plus qu\u2019un simple programme d\u2019expositions : c\u2019est un v\u00e9ritable parcours culturel diffus \u00e0 travers toute la ville, cr\u00e9ant un dialogue permanent entre galeries d\u2019art, maisons de ventes, espaces institutionnels et lieux embl\u00e9matiques de la Principaut\u00e9.<\/p>\n<p data-start=\"7238\" data-end=\"7518\">En parfaite harmonie avec Art Monte-Carlo, le prestigieux salon international consacr\u00e9 \u00e0 l\u2019art moderne et contemporain, l\u2019\u00e9v\u00e9nement offre au public cinq journ\u00e9es intenses pour d\u00e9couvrir Monaco \u00e0 travers un itin\u00e9raire artistique qui traverse les \u00e9poques, les styles et les visions.<\/p>\n<h2 data-section-id=\"12h33ke\" data-start=\"7520\" data-end=\"7574\">Un voyage entre art ancien, moderne et contemporain<\/h2>\n<p data-start=\"7576\" data-end=\"7781\">La Monaco Art Week 2026 propose un programme vaste et transversal allant de la peinture \u00e0 la sculpture, du design \u00e0 la joaillerie d\u2019auteur, offrant une vision compl\u00e8te de l\u2019\u00e9volution du langage artistique.<\/p>\n<p data-start=\"7783\" data-end=\"8011\">L\u2019\u00e9v\u00e9nement se distingue par sa capacit\u00e9 \u00e0 mettre en relation l\u2019art ancien, moderne et contemporain, renfor\u00e7ant la vocation de Monaco comme carrefour culturel international et centre strat\u00e9gique du march\u00e9 de l\u2019art haut de gamme.<\/p>\n<p data-start=\"8013\" data-end=\"8250\">Parmi les temps forts les plus attendus de cette \u00e9dition figure la richesse des propositions curatoriales, avec des expositions monographiques consacr\u00e9es \u00e0 certaines des figures les plus importantes de la sc\u00e8ne artistique internationale.<\/p>\n<p data-start=\"8252\" data-end=\"8546\">Une attention particuli\u00e8re sera port\u00e9e \u00e0 la peinture th\u00e9\u00e2trale et visionnaire de Genieve Figgis, artiste irlandaise c\u00e9l\u00e8bre pour son langage expressif imm\u00e9diatement reconnaissable, ainsi qu\u2019\u00e0 la puissance iconique des \u0153uvres de Christo, ma\u00eetre incontest\u00e9 de l\u2019art environnemental et conceptuel.<\/p>\n<p data-start=\"8548\" data-end=\"8778\">Une place importante sera \u00e9galement r\u00e9serv\u00e9e au design exp\u00e9rimental avec un focus d\u00e9di\u00e9 \u00e0 Ron Arad, figure majeure du design international contemporain, connu pour son approche innovante m\u00ealant art, architecture et fonctionnalit\u00e9.<\/p>\n<h2 data-section-id=\"1kd5iwn\" data-start=\"8780\" data-end=\"8842\">Chefs-d\u2019\u0153uvre rares et \u0153uvres issues de collections priv\u00e9es<\/h2>\n<p data-start=\"8844\" data-end=\"9140\">Aux c\u00f4t\u00e9s des expositions monographiques, la Monaco Art Week accueillera \u00e9galement d\u2019importants projets collectifs o\u00f9 de jeunes artistes \u00e9mergents dialogueront avec les grands ma\u00eetres du XXe si\u00e8cle, cr\u00e9ant une confrontation directe entre nouvelles sensibilit\u00e9s et patrimoine artistique consolid\u00e9.<\/p>\n<p data-start=\"9142\" data-end=\"9477\">La pr\u00e9sence d\u2019\u0153uvres rares et de chefs-d\u2019\u0153uvre d\u2019une valeur historique et artistique exceptionnelle suscite un int\u00e9r\u00eat particulier. Parmi eux figure une pr\u00e9cieuse toile d\u2019Artemisia Gentileschi, l\u2019un des noms les plus prestigieux de la peinture baroque italienne et une artiste dont la reconnaissance internationale ne cesse de cro\u00eetre.<\/p>\n<p data-start=\"9479\" data-end=\"9757\">Des \u0153uvres provenant de prestigieuses collections priv\u00e9es seront \u00e9galement pr\u00e9sent\u00e9es, souvent visibles par le public uniquement lors d\u2019occasions exceptionnelles, offrant aux passionn\u00e9s et aux collectionneurs une opportunit\u00e9 unique de d\u00e9couvrir des pi\u00e8ces d\u2019un tr\u00e8s haut niveau.<\/p>\n<h2 data-section-id=\"1v0voj0\" data-start=\"9759\" data-end=\"9823\">Le r\u00f4le central des grandes maisons de ventes internationales<\/h2>\n<p data-start=\"9825\" data-end=\"10021\">L\u2019un des \u00e9l\u00e9ments distinctifs de la Monaco Art Week est la forte pr\u00e9sence des principales maisons de ventes aux ench\u00e8res internationales, qui contribuent largement au prestige de la manifestation.<\/p>\n<p data-start=\"10023\" data-end=\"10241\">Artcurial, Christie\u2019s, Sotheby\u2019s et l\u2019H\u00f4tel des Ventes de Monte-Carlo joueront un r\u00f4le majeur avec des expositions exclusives, des ventes sp\u00e9ciales et des rencontres consacr\u00e9es \u00e0 l\u2019\u00e9volution du march\u00e9 mondial de l\u2019art.<\/p>\n<p data-start=\"10243\" data-end=\"10428\">Leur participation renforce la dimension internationale de l\u2019\u00e9v\u00e9nement et consolide Monaco comme point de r\u00e9f\u00e9rence pour les collectionneurs, investisseurs et professionnels du secteur.<\/p>\n<p data-start=\"10430\" data-end=\"10668\">La synergie entre galeries et maisons de ventes permet d\u2019offrir une vision compl\u00e8te du syst\u00e8me artistique contemporain, o\u00f9 la valorisation culturelle se m\u00eale aux dynamiques \u00e9conomiques du collectionnisme et de l\u2019investissement dans l\u2019art.<\/p>\n<h2 data-section-id=\"1q5s9lm\" data-start=\"10670\" data-end=\"10753\">Conf\u00e9rences, performances urbaines et dialogue avec les mus\u00e9es de la Principaut\u00e9<\/h2>\n<p data-start=\"10755\" data-end=\"11028\">La Monaco Art Week 2026 s\u2019inscrit dans une semaine particuli\u00e8rement intense pour la vie culturelle de la Principaut\u00e9, en dialogue avec les expositions du Nouveau Mus\u00e9e National de Monaco et une s\u00e9rie de performances urbaines qui font sortir l\u2019art des espaces traditionnels.<\/p>\n<p data-start=\"11030\" data-end=\"11231\">L\u2019objectif est de rendre l\u2019exp\u00e9rience artistique encore plus immersive et accessible, en impliquant directement habitants, visiteurs et touristes dans une dimension culturelle participative et diffuse.<\/p>\n<p data-start=\"11233\" data-end=\"11418\">L\u2019un des moments les plus attendus sera la journ\u00e9e de conf\u00e9rences pr\u00e9vue le 28 avril \u00e0 l\u2019H\u00f4tel M\u00e9tropole, une importante occasion de r\u00e9flexion autour des grandes th\u00e9matiques du secteur.<\/p>\n<p data-start=\"11420\" data-end=\"11723\">Experts, collectionneurs, commissaires d\u2019exposition et professionnels du march\u00e9 analyseront les nouvelles dynamiques du collectionnisme international, les transformations du march\u00e9 de l\u2019art et le r\u00f4le toujours plus strat\u00e9gique des institutions culturelles dans la promotion de la cr\u00e9ation contemporaine.<\/p>\n<h2 data-section-id=\"vpfccy\" data-start=\"11725\" data-end=\"11777\">Monaco, capitale culturelle du printemps europ\u00e9en<\/h2>\n<p data-start=\"11779\" data-end=\"11977\">Dans un \u00e9quilibre parfait entre excellence, recherche curatoriale et ouverture internationale, la Monaco Art Week 2026 se confirme comme l\u2019un des rendez-vous les plus attendus du printemps europ\u00e9en.<\/p>\n<p data-start=\"11979\" data-end=\"12244\">Il ne s\u2019agit pas seulement d\u2019un \u00e9v\u00e9nement d\u2019exposition, mais d\u2019une v\u00e9ritable exp\u00e9rience culturelle qui d\u00e9montre la capacit\u00e9 de la Principaut\u00e9 \u00e0 se r\u00e9inventer continuellement comme capitale de l\u2019art et de la culture, au-del\u00e0 de son image traditionnelle li\u00e9e au luxe.<\/p>\n<p data-start=\"12246\" data-end=\"12484\">Pendant cinq jours, Monaco devient un laboratoire cr\u00e9atif international, un lieu o\u00f9 le pass\u00e9 rencontre le futur et o\u00f9 le langage universel de l\u2019art construit de nouvelles connexions entre institutions, collectionneurs, artistes et public.<\/p>\n<p data-start=\"12486\" data-end=\"12697\" data-is-last-node=\"\" data-is-only-node=\"\">La Monaco Art Week s\u2019affirme ainsi une fois de plus comme symbole de prestige, d\u2019innovation et de vision culturelle, consolidant la Principaut\u00e9 parmi les destinations artistiques les plus prestigieuses d\u2019Europe.<\/p>\n<p data-start=\"12486\" data-end=\"12697\" data-is-last-node=\"\" data-is-only-node=\"\"><img loading=\"lazy\" decoding=\"async\" class=\"size-full wp-image-30564 aligncenter\" src=\"https:\/\/montecarloliving.com\/wp-content\/uploads\/2026\/04\/Screenshot_27-4-2026_92951_www.monaco-artweek.com_.jpeg\" alt=\"\" width=\"852\" height=\"573\" srcset=\"https:\/\/montecarloliving.com\/wp-content\/uploads\/2026\/04\/Screenshot_27-4-2026_92951_www.monaco-artweek.com_.jpeg 852w, https:\/\/montecarloliving.com\/wp-content\/uploads\/2026\/04\/Screenshot_27-4-2026_92951_www.monaco-artweek.com_-300x202.jpeg 300w, https:\/\/montecarloliving.com\/wp-content\/uploads\/2026\/04\/Screenshot_27-4-2026_92951_www.monaco-artweek.com_-768x517.jpeg 768w\" sizes=\"auto, (max-width: 852px) 100vw, 852px\" \/><\/p>\n","protected":false},"excerpt":{"rendered":"<p>Du 27 avril au 1er mai 2026, la Principaut\u00e9 de Monaco redevient l\u2019un des principaux centres artistiques europ\u00e9ens avec la huiti\u00e8me \u00e9dition de la Monaco Art Week, un rendez-vous d\u00e9sormais incontournable du calendrier culturel international. Organis\u00e9 sous le Haut Patronage de S.A.S. le Prince [&hellip;]<\/p>\n","protected":false},"author":1,"featured_media":30560,"comment_status":"closed","ping_status":"closed","sticky":false,"template":"","format":"standard","meta":{"footnotes":""},"categories":[827,875,828,867,829],"tags":[],"class_list":["post-30568","post","type-post","status-publish","format-standard","has-post-thumbnail","hentry","category-actualite","category-actualite-monaco","category-evenements","category-monaco-fr","category-tourisme"],"yoast_head":"<!-- This site is optimized with the Yoast SEO plugin v27.4 - https:\/\/yoast.com\/product\/yoast-seo-wordpress\/ -->\n<title>Monaco Art Week 2026<\/title>\n<meta name=\"description\" content=\"Monaco Art Week 2026 : tout est pr\u00eat pour la 8e \u00e9dition en Principaut\u00e9 entre art, design et grands ma\u00eetres\" \/>\n<meta name=\"robots\" content=\"index, follow, max-snippet:-1, max-image-preview:large, max-video-preview:-1\" \/>\n<link rel=\"canonical\" href=\"https:\/\/montecarloliving.com\/fr\/actualite\/monaco-art-week-2026-tout-est-pret-pour-8e-edition-en-principaute-entre-art-design-et-grands-maitres-30568\/\" \/>\n<meta property=\"og:locale\" content=\"fr_FR\" \/>\n<meta property=\"og:title\" content=\"Monaco Art Week 2026\" \/>\n<meta property=\"og:description\" content=\"Monaco Art Week 2026 : tout est pr\u00eat pour la 8e \u00e9dition en Principaut\u00e9 entre art, design et grands ma\u00eetres\" \/>\n<meta property=\"og:url\" content=\"https:\/\/montecarloliving.com\/fr\/actualite\/monaco-art-week-2026-tout-est-pret-pour-8e-edition-en-principaute-entre-art-design-et-grands-maitres-30568\/\" \/>\n<meta property=\"og:site_name\" content=\"Montecarlo Living\" \/>\n<meta property=\"article:publisher\" content=\"https:\/\/www.facebook.com\/montecarlolivingcom\/\" \/>\n<meta property=\"article:published_time\" content=\"2026-04-27T07:32:27+00:00\" \/>\n<meta property=\"article:modified_time\" content=\"2026-04-27T07:35:19+00:00\" \/>\n<meta property=\"og:image\" content=\"https:\/\/montecarloliving.com\/wp-content\/uploads\/2026\/04\/f300ed16de9d-maw23-Photo-credit-Alice-Bensi-taken-at-the-Adrian-Ribolzi-Galle-650x400.webp\" \/>\n\t<meta property=\"og:image:width\" content=\"650\" \/>\n\t<meta property=\"og:image:height\" content=\"400\" \/>\n\t<meta property=\"og:image:type\" content=\"image\/webp\" \/>\n<meta name=\"author\" content=\"Redazione\" \/>\n<meta name=\"twitter:card\" content=\"summary_large_image\" \/>\n<meta name=\"twitter:creator\" content=\"@MonteCarloLivi\" \/>\n<meta name=\"twitter:site\" content=\"@MonteCarloLivi\" \/>\n<meta name=\"twitter:label1\" content=\"\u00c9crit par\" \/>\n\t<meta name=\"twitter:data1\" content=\"Redazione\" \/>\n\t<meta name=\"twitter:label2\" content=\"Dur\u00e9e de lecture estim\u00e9e\" \/>\n\t<meta name=\"twitter:data2\" content=\"5 minutes\" \/>\n<script type=\"application\/ld+json\" class=\"yoast-schema-graph\">{\"@context\":\"https:\\\/\\\/schema.org\",\"@graph\":[{\"@type\":\"Article\",\"@id\":\"https:\\\/\\\/montecarloliving.com\\\/fr\\\/actualite\\\/monaco-art-week-2026-tout-est-pret-pour-8e-edition-en-principaute-entre-art-design-et-grands-maitres-30568\\\/#article\",\"isPartOf\":{\"@id\":\"https:\\\/\\\/montecarloliving.com\\\/fr\\\/actualite\\\/monaco-art-week-2026-tout-est-pret-pour-8e-edition-en-principaute-entre-art-design-et-grands-maitres-30568\\\/\"},\"author\":{\"name\":\"Redazione\",\"@id\":\"https:\\\/\\\/montecarloliving.com\\\/fr\\\/#\\\/schema\\\/person\\\/7e5945d4560862b7f2d2c6831bda2819\"},\"headline\":\"Monaco Art Week 2026: tout est pr\u00eat pour la 8e \u00e9dition en Principaut\u00e9 entre art, design et grands ma\u00eetres\",\"datePublished\":\"2026-04-27T07:32:27+00:00\",\"dateModified\":\"2026-04-27T07:35:19+00:00\",\"mainEntityOfPage\":{\"@id\":\"https:\\\/\\\/montecarloliving.com\\\/fr\\\/actualite\\\/monaco-art-week-2026-tout-est-pret-pour-8e-edition-en-principaute-entre-art-design-et-grands-maitres-30568\\\/\"},\"wordCount\":1018,\"image\":{\"@id\":\"https:\\\/\\\/montecarloliving.com\\\/fr\\\/actualite\\\/monaco-art-week-2026-tout-est-pret-pour-8e-edition-en-principaute-entre-art-design-et-grands-maitres-30568\\\/#primaryimage\"},\"thumbnailUrl\":\"https:\\\/\\\/montecarloliving.com\\\/wp-content\\\/uploads\\\/2026\\\/04\\\/f300ed16de9d-maw23-Photo-credit-Alice-Bensi-taken-at-the-Adrian-Ribolzi-Galle.webp\",\"articleSection\":[\"Actualit\u00e9\",\"Actualit\u00e9 \u00e0 Monaco\",\"\u00c9v\u00e9nements\",\"Monaco\",\"Tourisme \u00e0 Monaco\"],\"inLanguage\":\"fr-FR\"},{\"@type\":\"WebPage\",\"@id\":\"https:\\\/\\\/montecarloliving.com\\\/fr\\\/actualite\\\/monaco-art-week-2026-tout-est-pret-pour-8e-edition-en-principaute-entre-art-design-et-grands-maitres-30568\\\/\",\"url\":\"https:\\\/\\\/montecarloliving.com\\\/fr\\\/actualite\\\/monaco-art-week-2026-tout-est-pret-pour-8e-edition-en-principaute-entre-art-design-et-grands-maitres-30568\\\/\",\"name\":\"Monaco Art Week 2026\",\"isPartOf\":{\"@id\":\"https:\\\/\\\/montecarloliving.com\\\/fr\\\/#website\"},\"primaryImageOfPage\":{\"@id\":\"https:\\\/\\\/montecarloliving.com\\\/fr\\\/actualite\\\/monaco-art-week-2026-tout-est-pret-pour-8e-edition-en-principaute-entre-art-design-et-grands-maitres-30568\\\/#primaryimage\"},\"image\":{\"@id\":\"https:\\\/\\\/montecarloliving.com\\\/fr\\\/actualite\\\/monaco-art-week-2026-tout-est-pret-pour-8e-edition-en-principaute-entre-art-design-et-grands-maitres-30568\\\/#primaryimage\"},\"thumbnailUrl\":\"https:\\\/\\\/montecarloliving.com\\\/wp-content\\\/uploads\\\/2026\\\/04\\\/f300ed16de9d-maw23-Photo-credit-Alice-Bensi-taken-at-the-Adrian-Ribolzi-Galle.webp\",\"datePublished\":\"2026-04-27T07:32:27+00:00\",\"dateModified\":\"2026-04-27T07:35:19+00:00\",\"author\":{\"@id\":\"https:\\\/\\\/montecarloliving.com\\\/fr\\\/#\\\/schema\\\/person\\\/7e5945d4560862b7f2d2c6831bda2819\"},\"description\":\"Monaco Art Week 2026 : tout est pr\u00eat pour la 8e \u00e9dition en Principaut\u00e9 entre art, design et grands ma\u00eetres\",\"breadcrumb\":{\"@id\":\"https:\\\/\\\/montecarloliving.com\\\/fr\\\/actualite\\\/monaco-art-week-2026-tout-est-pret-pour-8e-edition-en-principaute-entre-art-design-et-grands-maitres-30568\\\/#breadcrumb\"},\"inLanguage\":\"fr-FR\",\"potentialAction\":[{\"@type\":\"ReadAction\",\"target\":[\"https:\\\/\\\/montecarloliving.com\\\/fr\\\/actualite\\\/monaco-art-week-2026-tout-est-pret-pour-8e-edition-en-principaute-entre-art-design-et-grands-maitres-30568\\\/\"]}]},{\"@type\":\"ImageObject\",\"inLanguage\":\"fr-FR\",\"@id\":\"https:\\\/\\\/montecarloliving.com\\\/fr\\\/actualite\\\/monaco-art-week-2026-tout-est-pret-pour-8e-edition-en-principaute-entre-art-design-et-grands-maitres-30568\\\/#primaryimage\",\"url\":\"https:\\\/\\\/montecarloliving.com\\\/wp-content\\\/uploads\\\/2026\\\/04\\\/f300ed16de9d-maw23-Photo-credit-Alice-Bensi-taken-at-the-Adrian-Ribolzi-Galle.webp\",\"contentUrl\":\"https:\\\/\\\/montecarloliving.com\\\/wp-content\\\/uploads\\\/2026\\\/04\\\/f300ed16de9d-maw23-Photo-credit-Alice-Bensi-taken-at-the-Adrian-Ribolzi-Galle.webp\",\"width\":1200,\"height\":801},{\"@type\":\"BreadcrumbList\",\"@id\":\"https:\\\/\\\/montecarloliving.com\\\/fr\\\/actualite\\\/monaco-art-week-2026-tout-est-pret-pour-8e-edition-en-principaute-entre-art-design-et-grands-maitres-30568\\\/#breadcrumb\",\"itemListElement\":[{\"@type\":\"ListItem\",\"position\":1,\"name\":\"Home\",\"item\":\"https:\\\/\\\/montecarloliving.com\\\/fr\\\/\"},{\"@type\":\"ListItem\",\"position\":2,\"name\":\"Monaco Art Week 2026: tout est pr\u00eat pour la 8e \u00e9dition en Principaut\u00e9 entre art, design et grands ma\u00eetres\"}]},{\"@type\":\"WebSite\",\"@id\":\"https:\\\/\\\/montecarloliving.com\\\/fr\\\/#website\",\"url\":\"https:\\\/\\\/montecarloliving.com\\\/fr\\\/\",\"name\":\"Montecarlo Living\",\"description\":\"News da Montecarlo - Principato di Monaco e Costa Azzurra\",\"potentialAction\":[{\"@type\":\"SearchAction\",\"target\":{\"@type\":\"EntryPoint\",\"urlTemplate\":\"https:\\\/\\\/montecarloliving.com\\\/fr\\\/?s={search_term_string}\"},\"query-input\":{\"@type\":\"PropertyValueSpecification\",\"valueRequired\":true,\"valueName\":\"search_term_string\"}}],\"inLanguage\":\"fr-FR\"},{\"@type\":\"Person\",\"@id\":\"https:\\\/\\\/montecarloliving.com\\\/fr\\\/#\\\/schema\\\/person\\\/7e5945d4560862b7f2d2c6831bda2819\",\"name\":\"Redazione\",\"image\":{\"@type\":\"ImageObject\",\"inLanguage\":\"fr-FR\",\"@id\":\"https:\\\/\\\/secure.gravatar.com\\\/avatar\\\/8b5f26557e18fe74ad8e8a57ebb2925d88af8a90cee489ff2beefb391bc9b9c7?s=96&d=mm&r=g\",\"url\":\"https:\\\/\\\/secure.gravatar.com\\\/avatar\\\/8b5f26557e18fe74ad8e8a57ebb2925d88af8a90cee489ff2beefb391bc9b9c7?s=96&d=mm&r=g\",\"contentUrl\":\"https:\\\/\\\/secure.gravatar.com\\\/avatar\\\/8b5f26557e18fe74ad8e8a57ebb2925d88af8a90cee489ff2beefb391bc9b9c7?s=96&d=mm&r=g\",\"caption\":\"Redazione\"}}]}<\/script>\n<!-- \/ Yoast SEO plugin. -->","yoast_head_json":{"title":"Monaco Art Week 2026","description":"Monaco Art Week 2026 : tout est pr\u00eat pour la 8e \u00e9dition en Principaut\u00e9 entre art, design et grands ma\u00eetres","robots":{"index":"index","follow":"follow","max-snippet":"max-snippet:-1","max-image-preview":"max-image-preview:large","max-video-preview":"max-video-preview:-1"},"canonical":"https:\/\/montecarloliving.com\/fr\/actualite\/monaco-art-week-2026-tout-est-pret-pour-8e-edition-en-principaute-entre-art-design-et-grands-maitres-30568\/","og_locale":"fr_FR","og_title":"Monaco Art Week 2026","og_description":"Monaco Art Week 2026 : tout est pr\u00eat pour la 8e \u00e9dition en Principaut\u00e9 entre art, design et grands ma\u00eetres","og_url":"https:\/\/montecarloliving.com\/fr\/actualite\/monaco-art-week-2026-tout-est-pret-pour-8e-edition-en-principaute-entre-art-design-et-grands-maitres-30568\/","og_site_name":"Montecarlo Living","article_publisher":"https:\/\/www.facebook.com\/montecarlolivingcom\/","article_published_time":"2026-04-27T07:32:27+00:00","article_modified_time":"2026-04-27T07:35:19+00:00","og_image":[{"width":650,"height":400,"url":"https:\/\/montecarloliving.com\/wp-content\/uploads\/2026\/04\/f300ed16de9d-maw23-Photo-credit-Alice-Bensi-taken-at-the-Adrian-Ribolzi-Galle-650x400.webp","type":"image\/webp"}],"author":"Redazione","twitter_card":"summary_large_image","twitter_creator":"@MonteCarloLivi","twitter_site":"@MonteCarloLivi","twitter_misc":{"\u00c9crit par":"Redazione","Dur\u00e9e de lecture estim\u00e9e":"5 minutes"},"schema":{"@context":"https:\/\/schema.org","@graph":[{"@type":"Article","@id":"https:\/\/montecarloliving.com\/fr\/actualite\/monaco-art-week-2026-tout-est-pret-pour-8e-edition-en-principaute-entre-art-design-et-grands-maitres-30568\/#article","isPartOf":{"@id":"https:\/\/montecarloliving.com\/fr\/actualite\/monaco-art-week-2026-tout-est-pret-pour-8e-edition-en-principaute-entre-art-design-et-grands-maitres-30568\/"},"author":{"name":"Redazione","@id":"https:\/\/montecarloliving.com\/fr\/#\/schema\/person\/7e5945d4560862b7f2d2c6831bda2819"},"headline":"Monaco Art Week 2026: tout est pr\u00eat pour la 8e \u00e9dition en Principaut\u00e9 entre art, design et grands ma\u00eetres","datePublished":"2026-04-27T07:32:27+00:00","dateModified":"2026-04-27T07:35:19+00:00","mainEntityOfPage":{"@id":"https:\/\/montecarloliving.com\/fr\/actualite\/monaco-art-week-2026-tout-est-pret-pour-8e-edition-en-principaute-entre-art-design-et-grands-maitres-30568\/"},"wordCount":1018,"image":{"@id":"https:\/\/montecarloliving.com\/fr\/actualite\/monaco-art-week-2026-tout-est-pret-pour-8e-edition-en-principaute-entre-art-design-et-grands-maitres-30568\/#primaryimage"},"thumbnailUrl":"https:\/\/montecarloliving.com\/wp-content\/uploads\/2026\/04\/f300ed16de9d-maw23-Photo-credit-Alice-Bensi-taken-at-the-Adrian-Ribolzi-Galle.webp","articleSection":["Actualit\u00e9","Actualit\u00e9 \u00e0 Monaco","\u00c9v\u00e9nements","Monaco","Tourisme \u00e0 Monaco"],"inLanguage":"fr-FR"},{"@type":"WebPage","@id":"https:\/\/montecarloliving.com\/fr\/actualite\/monaco-art-week-2026-tout-est-pret-pour-8e-edition-en-principaute-entre-art-design-et-grands-maitres-30568\/","url":"https:\/\/montecarloliving.com\/fr\/actualite\/monaco-art-week-2026-tout-est-pret-pour-8e-edition-en-principaute-entre-art-design-et-grands-maitres-30568\/","name":"Monaco Art Week 2026","isPartOf":{"@id":"https:\/\/montecarloliving.com\/fr\/#website"},"primaryImageOfPage":{"@id":"https:\/\/montecarloliving.com\/fr\/actualite\/monaco-art-week-2026-tout-est-pret-pour-8e-edition-en-principaute-entre-art-design-et-grands-maitres-30568\/#primaryimage"},"image":{"@id":"https:\/\/montecarloliving.com\/fr\/actualite\/monaco-art-week-2026-tout-est-pret-pour-8e-edition-en-principaute-entre-art-design-et-grands-maitres-30568\/#primaryimage"},"thumbnailUrl":"https:\/\/montecarloliving.com\/wp-content\/uploads\/2026\/04\/f300ed16de9d-maw23-Photo-credit-Alice-Bensi-taken-at-the-Adrian-Ribolzi-Galle.webp","datePublished":"2026-04-27T07:32:27+00:00","dateModified":"2026-04-27T07:35:19+00:00","author":{"@id":"https:\/\/montecarloliving.com\/fr\/#\/schema\/person\/7e5945d4560862b7f2d2c6831bda2819"},"description":"Monaco Art Week 2026 : tout est pr\u00eat pour la 8e \u00e9dition en Principaut\u00e9 entre art, design et grands ma\u00eetres","breadcrumb":{"@id":"https:\/\/montecarloliving.com\/fr\/actualite\/monaco-art-week-2026-tout-est-pret-pour-8e-edition-en-principaute-entre-art-design-et-grands-maitres-30568\/#breadcrumb"},"inLanguage":"fr-FR","potentialAction":[{"@type":"ReadAction","target":["https:\/\/montecarloliving.com\/fr\/actualite\/monaco-art-week-2026-tout-est-pret-pour-8e-edition-en-principaute-entre-art-design-et-grands-maitres-30568\/"]}]},{"@type":"ImageObject","inLanguage":"fr-FR","@id":"https:\/\/montecarloliving.com\/fr\/actualite\/monaco-art-week-2026-tout-est-pret-pour-8e-edition-en-principaute-entre-art-design-et-grands-maitres-30568\/#primaryimage","url":"https:\/\/montecarloliving.com\/wp-content\/uploads\/2026\/04\/f300ed16de9d-maw23-Photo-credit-Alice-Bensi-taken-at-the-Adrian-Ribolzi-Galle.webp","contentUrl":"https:\/\/montecarloliving.com\/wp-content\/uploads\/2026\/04\/f300ed16de9d-maw23-Photo-credit-Alice-Bensi-taken-at-the-Adrian-Ribolzi-Galle.webp","width":1200,"height":801},{"@type":"BreadcrumbList","@id":"https:\/\/montecarloliving.com\/fr\/actualite\/monaco-art-week-2026-tout-est-pret-pour-8e-edition-en-principaute-entre-art-design-et-grands-maitres-30568\/#breadcrumb","itemListElement":[{"@type":"ListItem","position":1,"name":"Home","item":"https:\/\/montecarloliving.com\/fr\/"},{"@type":"ListItem","position":2,"name":"Monaco Art Week 2026: tout est pr\u00eat pour la 8e \u00e9dition en Principaut\u00e9 entre art, design et grands ma\u00eetres"}]},{"@type":"WebSite","@id":"https:\/\/montecarloliving.com\/fr\/#website","url":"https:\/\/montecarloliving.com\/fr\/","name":"Montecarlo Living","description":"News da Montecarlo - Principato di Monaco e Costa Azzurra","potentialAction":[{"@type":"SearchAction","target":{"@type":"EntryPoint","urlTemplate":"https:\/\/montecarloliving.com\/fr\/?s={search_term_string}"},"query-input":{"@type":"PropertyValueSpecification","valueRequired":true,"valueName":"search_term_string"}}],"inLanguage":"fr-FR"},{"@type":"Person","@id":"https:\/\/montecarloliving.com\/fr\/#\/schema\/person\/7e5945d4560862b7f2d2c6831bda2819","name":"Redazione","image":{"@type":"ImageObject","inLanguage":"fr-FR","@id":"https:\/\/secure.gravatar.com\/avatar\/8b5f26557e18fe74ad8e8a57ebb2925d88af8a90cee489ff2beefb391bc9b9c7?s=96&d=mm&r=g","url":"https:\/\/secure.gravatar.com\/avatar\/8b5f26557e18fe74ad8e8a57ebb2925d88af8a90cee489ff2beefb391bc9b9c7?s=96&d=mm&r=g","contentUrl":"https:\/\/secure.gravatar.com\/avatar\/8b5f26557e18fe74ad8e8a57ebb2925d88af8a90cee489ff2beefb391bc9b9c7?s=96&d=mm&r=g","caption":"Redazione"}}]}},"_links":{"self":[{"href":"https:\/\/montecarloliving.com\/fr\/wp-json\/wp\/v2\/posts\/30568","targetHints":{"allow":["GET"]}}],"collection":[{"href":"https:\/\/montecarloliving.com\/fr\/wp-json\/wp\/v2\/posts"}],"about":[{"href":"https:\/\/montecarloliving.com\/fr\/wp-json\/wp\/v2\/types\/post"}],"author":[{"embeddable":true,"href":"https:\/\/montecarloliving.com\/fr\/wp-json\/wp\/v2\/users\/1"}],"replies":[{"embeddable":true,"href":"https:\/\/montecarloliving.com\/fr\/wp-json\/wp\/v2\/comments?post=30568"}],"version-history":[{"count":1,"href":"https:\/\/montecarloliving.com\/fr\/wp-json\/wp\/v2\/posts\/30568\/revisions"}],"predecessor-version":[{"id":30569,"href":"https:\/\/montecarloliving.com\/fr\/wp-json\/wp\/v2\/posts\/30568\/revisions\/30569"}],"wp:featuredmedia":[{"embeddable":true,"href":"https:\/\/montecarloliving.com\/fr\/wp-json\/wp\/v2\/media\/30560"}],"wp:attachment":[{"href":"https:\/\/montecarloliving.com\/fr\/wp-json\/wp\/v2\/media?parent=30568"}],"wp:term":[{"taxonomy":"category","embeddable":true,"href":"https:\/\/montecarloliving.com\/fr\/wp-json\/wp\/v2\/categories?post=30568"},{"taxonomy":"post_tag","embeddable":true,"href":"https:\/\/montecarloliving.com\/fr\/wp-json\/wp\/v2\/tags?post=30568"}],"curies":[{"name":"wp","href":"https:\/\/api.w.org\/{rel}","templated":true}]}}