{"id":30552,"date":"2026-04-27T07:56:36","date_gmt":"2026-04-27T05:56:36","guid":{"rendered":"https:\/\/montecarloliving.com\/?p=30552"},"modified":"2026-04-24T12:01:30","modified_gmt":"2026-04-24T10:01:30","slug":"les-nuits-guitares-2026-beaulieu-sur-mer-rival-sons-last-train-et-marlon-magnee-en-tetes-daffiche","status":"publish","type":"post","link":"https:\/\/montecarloliving.com\/fr\/actualite\/les-nuits-guitares-2026-beaulieu-sur-mer-rival-sons-last-train-et-marlon-magnee-en-tetes-daffiche-30552\/","title":{"rendered":"Les Nuits Guitares 2026 \u00e0 Beaulieu-sur-Mer: Rival Sons, Last Train et Marlon Magn\u00e9e en t\u00eates d\u2019affiche"},"content":{"rendered":"<p data-start=\"3715\" data-end=\"4066\">Le festival <strong data-start=\"3727\" data-end=\"3754\">Les Nuits Guitares 2026<\/strong> revient animer l\u2019\u00e9t\u00e9 de la C\u00f4te d\u2019Azur avec trois soir\u00e9es de concerts du <strong data-start=\"3828\" data-end=\"3851\">3 au 5 juillet 2026<\/strong> \u00e0 <span class=\"hover:entity-accent entity-underline inline cursor-pointer align-baseline\"><span class=\"whitespace-normal\">Beaulieu-sur-Mer. L\u2019\u00e9v\u00e9nement se d\u00e9roulera dans le cadre exceptionnel du <strong data-start=\"3948\" data-end=\"3971\">Jardin de l\u2019Olivaie<\/strong>, face au port de la ville, transformant le parc en sc\u00e8ne \u00e0 ciel ouvert au milieu des oliviers.<\/p>\n<p data-start=\"4068\" data-end=\"4266\">Cr\u00e9\u00e9 en 2000, le festival s\u2019impose comme l\u2019un des rendez-vous musicaux majeurs de l\u2019\u00e9t\u00e9 gr\u00e2ce \u00e0 une programmation \u00e9clectique m\u00ealant artistes internationaux, nouvelles tendances et talents \u00e9mergents.<\/p>\n<hr data-start=\"4268\" data-end=\"4271\" \/>\n<h2 data-section-id=\"1nv31wq\" data-start=\"4273\" data-end=\"4340\">Un festival entre rock alternatif, indie et nouvelles influences<\/h2>\n<p data-start=\"4342\" data-end=\"4426\">L\u2019\u00e9dition 2026 propose une programmation riche et vari\u00e9e couvrant plusieurs genres :<\/p>\n<ul data-start=\"4428\" data-end=\"4583\">\n<li data-section-id=\"url739\" data-start=\"4428\" data-end=\"4465\">rock alternatif et rock classique<\/li>\n<li data-section-id=\"1080o2j\" data-start=\"4466\" data-end=\"4494\">post-rock et garage rock<\/li>\n<li data-section-id=\"1vucwm8\" data-start=\"4495\" data-end=\"4515\">punk et new wave<\/li>\n<li data-section-id=\"1xqqob2\" data-start=\"4516\" data-end=\"4539\">indie et blues rock<\/li>\n<li data-section-id=\"k2te5u\" data-start=\"4540\" data-end=\"4583\">influences \u00e9lectroniques contemporaines<\/li>\n<\/ul>\n<p data-start=\"4585\" data-end=\"4696\">Une identit\u00e9 artistique qui fait du festival un espace de rencontre entre \u00e9nergie live et exploration musicale.<\/p>\n<hr data-start=\"4698\" data-end=\"4701\" \/>\n<h2 data-section-id=\"ho72mm\" data-start=\"4703\" data-end=\"4767\">Les t\u00eates d\u2019affiche : Rival Sons, Last Train et Marlon Magn\u00e9e<\/h2>\n<p data-start=\"4769\" data-end=\"5010\">Parmi les artistes les plus attendus figurent les <strong data-start=\"4819\" data-end=\"4833\">Rival Sons<\/strong>, groupe am\u00e9ricain reconnu pour la puissance de ses performances et ses guitares intenses, ayant partag\u00e9 la sc\u00e8ne avec les Rolling Stones, AC\/DC, Guns N\u2019 Roses et Lenny Kravitz.<\/p>\n<p data-start=\"5012\" data-end=\"5230\">Les <strong data-start=\"5016\" data-end=\"5030\">Last Train<\/strong>, figure majeure du rock fran\u00e7ais contemporain, pr\u00e9senteront leur album <em data-start=\"5102\" data-end=\"5107\">III<\/em> (2025), pens\u00e9 pour la sc\u00e8ne et jou\u00e9 sur des festivals internationaux comme Hellfest, Rock en Seine ou Lollapalooza Berlin.<\/p>\n<p data-start=\"5232\" data-end=\"5458\">Autre moment fort avec <strong data-start=\"5255\" data-end=\"5272\">Marlon Magn\u00e9e<\/strong>, cofondateur de La Femme, qui pr\u00e9sentera son premier album solo <em data-start=\"5337\" data-end=\"5348\">Dark Star<\/em> (2026), m\u00ealant rockabilly, punk, cold wave et psychobilly dans un univers visuel inspir\u00e9 des ann\u00e9es 60 et 80.<\/p>\n<hr data-start=\"5460\" data-end=\"5463\" \/>\n<h2 data-section-id=\"1vcy2lu\" data-start=\"5465\" data-end=\"5508\">Sc\u00e8ne fran\u00e7aise et nouvelles r\u00e9v\u00e9lations<\/h2>\n<p data-start=\"5510\" data-end=\"5701\">Le festival met \u00e9galement en avant la sc\u00e8ne fran\u00e7aise avec <strong data-start=\"5569\" data-end=\"5584\">Sam Sauvage<\/strong>, laur\u00e9at 2026 de la Victoire de la Musique \u201cR\u00e9v\u00e9lation masculine\u201d, qui pr\u00e9sentera son album <em data-start=\"5677\" data-end=\"5700\">Mesdames, Messieurs !<\/em>.<\/p>\n<p data-start=\"5703\" data-end=\"5842\">On retrouve aussi <strong data-start=\"5721\" data-end=\"5733\">Max Baby<\/strong>, producteur et musicien entre rock alternatif et \u00e9lectro-pop, connu pour ses collaborations internationales.<\/p>\n<p data-start=\"5844\" data-end=\"5873\">Parmi les talents \u00e9mergents :<\/p>\n<ul data-start=\"5875\" data-end=\"6014\">\n<li data-section-id=\"5yprv0\" data-start=\"5875\" data-end=\"5946\"><strong data-start=\"5877\" data-end=\"5891\">Kid Sophie<\/strong>, ex-membre d\u2019Hyphen Hyphen, d\u00e9sormais en projet solo<\/li>\n<li data-section-id=\"1w93dvo\" data-start=\"5947\" data-end=\"6014\"><strong data-start=\"5949\" data-end=\"5959\">Billie<\/strong>, artiste influenc\u00e9e par le dream pop et le post-punk<\/li>\n<\/ul>\n<p data-start=\"6016\" data-end=\"6116\">Des artistes locaux comme Austern Power, Ken Pop, Magmay et Memphis Mao compl\u00e8tent la programmation.<\/p>\n<hr data-start=\"6118\" data-end=\"6121\" \/>\n<h2 data-section-id=\"vhluok\" data-start=\"6123\" data-end=\"6187\">Les Nuits Guitares 2026 : un festival phare de la C\u00f4te d\u2019Azur<\/h2>\n<p data-start=\"6189\" data-end=\"6418\">Organis\u00e9 par <strong data-start=\"6202\" data-end=\"6213\">Allover<\/strong>, sp\u00e9cialiste des \u00e9v\u00e9nements musicaux et culturels, Les Nuits Guitares s\u2019impose comme un festival incontournable de l\u2019\u00e9t\u00e9 sur la C\u00f4te d\u2019Azur, aux c\u00f4t\u00e9s de Plages \u00c9lectroniques \u00e0 Cannes et Crossover \u00e0 Nice.<\/p>\n<p data-start=\"6420\" data-end=\"6575\" data-is-last-node=\"\" data-is-only-node=\"\">Son cadre exceptionnel, sa programmation internationale et son soutien aux artistes \u00e9mergents en font un \u00e9v\u00e9nement unique dans le paysage musical europ\u00e9en.<\/p>\n<p data-start=\"6420\" data-end=\"6575\" data-is-last-node=\"\" data-is-only-node=\"\"><img loading=\"lazy\" decoding=\"async\" class=\"size-full wp-image-30548 aligncenter\" src=\"https:\/\/montecarloliving.com\/wp-content\/uploads\/2026\/04\/Les-Nuits-Guitares.webp\" alt=\"\" width=\"1152\" height=\"1536\" srcset=\"https:\/\/montecarloliving.com\/wp-content\/uploads\/2026\/04\/Les-Nuits-Guitares.webp 1152w, https:\/\/montecarloliving.com\/wp-content\/uploads\/2026\/04\/Les-Nuits-Guitares-225x300.webp 225w, https:\/\/montecarloliving.com\/wp-content\/uploads\/2026\/04\/Les-Nuits-Guitares-768x1024.webp 768w\" sizes=\"auto, (max-width: 1152px) 100vw, 1152px\" \/><\/p>\n","protected":false},"excerpt":{"rendered":"<p>Le festival Les Nuits Guitares 2026 revient animer l\u2019\u00e9t\u00e9 de la C\u00f4te d\u2019Azur avec trois soir\u00e9es de concerts du 3 au 5 juillet 2026 \u00e0 Beaulieu-sur-Mer. L\u2019\u00e9v\u00e9nement se d\u00e9roulera dans le cadre exceptionnel du Jardin de l\u2019Olivaie, face au port de la ville, transformant [&hellip;]<\/p>\n","protected":false},"author":1,"featured_media":30548,"comment_status":"closed","ping_status":"closed","sticky":false,"template":"","format":"standard","meta":{"footnotes":""},"categories":[827,828],"tags":[],"class_list":["post-30552","post","type-post","status-publish","format-standard","has-post-thumbnail","hentry","category-actualite","category-evenements"],"yoast_head":"<!-- This site is optimized with the Yoast SEO plugin v27.4 - https:\/\/yoast.com\/product\/yoast-seo-wordpress\/ -->\n<title>Les Nuits Guitares 2026 \u00e0 Beaulieu-sur-Mer<\/title>\n<meta name=\"description\" content=\"Les Nuits Guitares 2026 \u00e0 Beaulieu-sur-Mer: Du 3 au 5 juillet 2026, trois soir\u00e9es de rock et de nouvelles sonorit\u00e9s au Jardin de l\u2019Olivaie\" \/>\n<meta name=\"robots\" content=\"index, follow, max-snippet:-1, max-image-preview:large, max-video-preview:-1\" \/>\n<link rel=\"canonical\" href=\"https:\/\/montecarloliving.com\/fr\/actualite\/les-nuits-guitares-2026-beaulieu-sur-mer-rival-sons-last-train-et-marlon-magnee-en-tetes-daffiche-30552\/\" \/>\n<meta property=\"og:locale\" content=\"fr_FR\" \/>\n<meta property=\"og:title\" content=\"Les Nuits Guitares 2026 \u00e0 Beaulieu-sur-Mer\" \/>\n<meta property=\"og:description\" content=\"Les Nuits Guitares 2026 \u00e0 Beaulieu-sur-Mer: Du 3 au 5 juillet 2026, trois soir\u00e9es de rock et de nouvelles sonorit\u00e9s au Jardin de l\u2019Olivaie\" \/>\n<meta property=\"og:url\" content=\"https:\/\/montecarloliving.com\/fr\/actualite\/les-nuits-guitares-2026-beaulieu-sur-mer-rival-sons-last-train-et-marlon-magnee-en-tetes-daffiche-30552\/\" \/>\n<meta property=\"og:site_name\" content=\"Montecarlo Living\" \/>\n<meta property=\"article:publisher\" content=\"https:\/\/www.facebook.com\/montecarlolivingcom\/\" \/>\n<meta property=\"article:published_time\" content=\"2026-04-27T05:56:36+00:00\" \/>\n<meta property=\"og:image\" content=\"https:\/\/montecarloliving.com\/wp-content\/uploads\/2026\/04\/Les-Nuits-Guitares-650x400.webp\" \/>\n\t<meta property=\"og:image:width\" content=\"650\" \/>\n\t<meta property=\"og:image:height\" content=\"400\" \/>\n\t<meta property=\"og:image:type\" content=\"image\/webp\" \/>\n<meta name=\"author\" content=\"Redazione\" \/>\n<meta name=\"twitter:card\" content=\"summary_large_image\" \/>\n<meta name=\"twitter:creator\" content=\"@MonteCarloLivi\" \/>\n<meta name=\"twitter:site\" content=\"@MonteCarloLivi\" \/>\n<meta name=\"twitter:label1\" content=\"\u00c9crit par\" \/>\n\t<meta name=\"twitter:data1\" content=\"Redazione\" \/>\n\t<meta name=\"twitter:label2\" content=\"Dur\u00e9e de lecture estim\u00e9e\" \/>\n\t<meta name=\"twitter:data2\" content=\"3 minutes\" \/>\n<script type=\"application\/ld+json\" class=\"yoast-schema-graph\">{\"@context\":\"https:\\\/\\\/schema.org\",\"@graph\":[{\"@type\":\"Article\",\"@id\":\"https:\\\/\\\/montecarloliving.com\\\/fr\\\/actualite\\\/les-nuits-guitares-2026-beaulieu-sur-mer-rival-sons-last-train-et-marlon-magnee-en-tetes-daffiche-30552\\\/#article\",\"isPartOf\":{\"@id\":\"https:\\\/\\\/montecarloliving.com\\\/fr\\\/actualite\\\/les-nuits-guitares-2026-beaulieu-sur-mer-rival-sons-last-train-et-marlon-magnee-en-tetes-daffiche-30552\\\/\"},\"author\":{\"name\":\"Redazione\",\"@id\":\"https:\\\/\\\/montecarloliving.com\\\/fr\\\/#\\\/schema\\\/person\\\/7e5945d4560862b7f2d2c6831bda2819\"},\"headline\":\"Les Nuits Guitares 2026 \u00e0 Beaulieu-sur-Mer: Rival Sons, Last Train et Marlon Magn\u00e9e en t\u00eates d\u2019affiche\",\"datePublished\":\"2026-04-27T05:56:36+00:00\",\"mainEntityOfPage\":{\"@id\":\"https:\\\/\\\/montecarloliving.com\\\/fr\\\/actualite\\\/les-nuits-guitares-2026-beaulieu-sur-mer-rival-sons-last-train-et-marlon-magnee-en-tetes-daffiche-30552\\\/\"},\"wordCount\":466,\"image\":{\"@id\":\"https:\\\/\\\/montecarloliving.com\\\/fr\\\/actualite\\\/les-nuits-guitares-2026-beaulieu-sur-mer-rival-sons-last-train-et-marlon-magnee-en-tetes-daffiche-30552\\\/#primaryimage\"},\"thumbnailUrl\":\"https:\\\/\\\/montecarloliving.com\\\/wp-content\\\/uploads\\\/2026\\\/04\\\/Les-Nuits-Guitares.webp\",\"articleSection\":[\"Actualit\u00e9\",\"\u00c9v\u00e9nements\"],\"inLanguage\":\"fr-FR\"},{\"@type\":\"WebPage\",\"@id\":\"https:\\\/\\\/montecarloliving.com\\\/fr\\\/actualite\\\/les-nuits-guitares-2026-beaulieu-sur-mer-rival-sons-last-train-et-marlon-magnee-en-tetes-daffiche-30552\\\/\",\"url\":\"https:\\\/\\\/montecarloliving.com\\\/fr\\\/actualite\\\/les-nuits-guitares-2026-beaulieu-sur-mer-rival-sons-last-train-et-marlon-magnee-en-tetes-daffiche-30552\\\/\",\"name\":\"Les Nuits Guitares 2026 \u00e0 Beaulieu-sur-Mer\",\"isPartOf\":{\"@id\":\"https:\\\/\\\/montecarloliving.com\\\/fr\\\/#website\"},\"primaryImageOfPage\":{\"@id\":\"https:\\\/\\\/montecarloliving.com\\\/fr\\\/actualite\\\/les-nuits-guitares-2026-beaulieu-sur-mer-rival-sons-last-train-et-marlon-magnee-en-tetes-daffiche-30552\\\/#primaryimage\"},\"image\":{\"@id\":\"https:\\\/\\\/montecarloliving.com\\\/fr\\\/actualite\\\/les-nuits-guitares-2026-beaulieu-sur-mer-rival-sons-last-train-et-marlon-magnee-en-tetes-daffiche-30552\\\/#primaryimage\"},\"thumbnailUrl\":\"https:\\\/\\\/montecarloliving.com\\\/wp-content\\\/uploads\\\/2026\\\/04\\\/Les-Nuits-Guitares.webp\",\"datePublished\":\"2026-04-27T05:56:36+00:00\",\"author\":{\"@id\":\"https:\\\/\\\/montecarloliving.com\\\/fr\\\/#\\\/schema\\\/person\\\/7e5945d4560862b7f2d2c6831bda2819\"},\"description\":\"Les Nuits Guitares 2026 \u00e0 Beaulieu-sur-Mer: Du 3 au 5 juillet 2026, trois soir\u00e9es de rock et de nouvelles sonorit\u00e9s au Jardin de l\u2019Olivaie\",\"breadcrumb\":{\"@id\":\"https:\\\/\\\/montecarloliving.com\\\/fr\\\/actualite\\\/les-nuits-guitares-2026-beaulieu-sur-mer-rival-sons-last-train-et-marlon-magnee-en-tetes-daffiche-30552\\\/#breadcrumb\"},\"inLanguage\":\"fr-FR\",\"potentialAction\":[{\"@type\":\"ReadAction\",\"target\":[\"https:\\\/\\\/montecarloliving.com\\\/fr\\\/actualite\\\/les-nuits-guitares-2026-beaulieu-sur-mer-rival-sons-last-train-et-marlon-magnee-en-tetes-daffiche-30552\\\/\"]}]},{\"@type\":\"ImageObject\",\"inLanguage\":\"fr-FR\",\"@id\":\"https:\\\/\\\/montecarloliving.com\\\/fr\\\/actualite\\\/les-nuits-guitares-2026-beaulieu-sur-mer-rival-sons-last-train-et-marlon-magnee-en-tetes-daffiche-30552\\\/#primaryimage\",\"url\":\"https:\\\/\\\/montecarloliving.com\\\/wp-content\\\/uploads\\\/2026\\\/04\\\/Les-Nuits-Guitares.webp\",\"contentUrl\":\"https:\\\/\\\/montecarloliving.com\\\/wp-content\\\/uploads\\\/2026\\\/04\\\/Les-Nuits-Guitares.webp\",\"width\":1152,\"height\":1536},{\"@type\":\"BreadcrumbList\",\"@id\":\"https:\\\/\\\/montecarloliving.com\\\/fr\\\/actualite\\\/les-nuits-guitares-2026-beaulieu-sur-mer-rival-sons-last-train-et-marlon-magnee-en-tetes-daffiche-30552\\\/#breadcrumb\",\"itemListElement\":[{\"@type\":\"ListItem\",\"position\":1,\"name\":\"Home\",\"item\":\"https:\\\/\\\/montecarloliving.com\\\/fr\\\/\"},{\"@type\":\"ListItem\",\"position\":2,\"name\":\"Les Nuits Guitares 2026 \u00e0 Beaulieu-sur-Mer: Rival Sons, Last Train et Marlon Magn\u00e9e en t\u00eates d\u2019affiche\"}]},{\"@type\":\"WebSite\",\"@id\":\"https:\\\/\\\/montecarloliving.com\\\/fr\\\/#website\",\"url\":\"https:\\\/\\\/montecarloliving.com\\\/fr\\\/\",\"name\":\"Montecarlo Living\",\"description\":\"News da Montecarlo - Principato di Monaco e Costa Azzurra\",\"potentialAction\":[{\"@type\":\"SearchAction\",\"target\":{\"@type\":\"EntryPoint\",\"urlTemplate\":\"https:\\\/\\\/montecarloliving.com\\\/fr\\\/?s={search_term_string}\"},\"query-input\":{\"@type\":\"PropertyValueSpecification\",\"valueRequired\":true,\"valueName\":\"search_term_string\"}}],\"inLanguage\":\"fr-FR\"},{\"@type\":\"Person\",\"@id\":\"https:\\\/\\\/montecarloliving.com\\\/fr\\\/#\\\/schema\\\/person\\\/7e5945d4560862b7f2d2c6831bda2819\",\"name\":\"Redazione\",\"image\":{\"@type\":\"ImageObject\",\"inLanguage\":\"fr-FR\",\"@id\":\"https:\\\/\\\/secure.gravatar.com\\\/avatar\\\/8b5f26557e18fe74ad8e8a57ebb2925d88af8a90cee489ff2beefb391bc9b9c7?s=96&d=mm&r=g\",\"url\":\"https:\\\/\\\/secure.gravatar.com\\\/avatar\\\/8b5f26557e18fe74ad8e8a57ebb2925d88af8a90cee489ff2beefb391bc9b9c7?s=96&d=mm&r=g\",\"contentUrl\":\"https:\\\/\\\/secure.gravatar.com\\\/avatar\\\/8b5f26557e18fe74ad8e8a57ebb2925d88af8a90cee489ff2beefb391bc9b9c7?s=96&d=mm&r=g\",\"caption\":\"Redazione\"}}]}<\/script>\n<!-- \/ Yoast SEO plugin. -->","yoast_head_json":{"title":"Les Nuits Guitares 2026 \u00e0 Beaulieu-sur-Mer","description":"Les Nuits Guitares 2026 \u00e0 Beaulieu-sur-Mer: Du 3 au 5 juillet 2026, trois soir\u00e9es de rock et de nouvelles sonorit\u00e9s au Jardin de l\u2019Olivaie","robots":{"index":"index","follow":"follow","max-snippet":"max-snippet:-1","max-image-preview":"max-image-preview:large","max-video-preview":"max-video-preview:-1"},"canonical":"https:\/\/montecarloliving.com\/fr\/actualite\/les-nuits-guitares-2026-beaulieu-sur-mer-rival-sons-last-train-et-marlon-magnee-en-tetes-daffiche-30552\/","og_locale":"fr_FR","og_title":"Les Nuits Guitares 2026 \u00e0 Beaulieu-sur-Mer","og_description":"Les Nuits Guitares 2026 \u00e0 Beaulieu-sur-Mer: Du 3 au 5 juillet 2026, trois soir\u00e9es de rock et de nouvelles sonorit\u00e9s au Jardin de l\u2019Olivaie","og_url":"https:\/\/montecarloliving.com\/fr\/actualite\/les-nuits-guitares-2026-beaulieu-sur-mer-rival-sons-last-train-et-marlon-magnee-en-tetes-daffiche-30552\/","og_site_name":"Montecarlo Living","article_publisher":"https:\/\/www.facebook.com\/montecarlolivingcom\/","article_published_time":"2026-04-27T05:56:36+00:00","og_image":[{"width":650,"height":400,"url":"https:\/\/montecarloliving.com\/wp-content\/uploads\/2026\/04\/Les-Nuits-Guitares-650x400.webp","type":"image\/webp"}],"author":"Redazione","twitter_card":"summary_large_image","twitter_creator":"@MonteCarloLivi","twitter_site":"@MonteCarloLivi","twitter_misc":{"\u00c9crit par":"Redazione","Dur\u00e9e de lecture estim\u00e9e":"3 minutes"},"schema":{"@context":"https:\/\/schema.org","@graph":[{"@type":"Article","@id":"https:\/\/montecarloliving.com\/fr\/actualite\/les-nuits-guitares-2026-beaulieu-sur-mer-rival-sons-last-train-et-marlon-magnee-en-tetes-daffiche-30552\/#article","isPartOf":{"@id":"https:\/\/montecarloliving.com\/fr\/actualite\/les-nuits-guitares-2026-beaulieu-sur-mer-rival-sons-last-train-et-marlon-magnee-en-tetes-daffiche-30552\/"},"author":{"name":"Redazione","@id":"https:\/\/montecarloliving.com\/fr\/#\/schema\/person\/7e5945d4560862b7f2d2c6831bda2819"},"headline":"Les Nuits Guitares 2026 \u00e0 Beaulieu-sur-Mer: Rival Sons, Last Train et Marlon Magn\u00e9e en t\u00eates d\u2019affiche","datePublished":"2026-04-27T05:56:36+00:00","mainEntityOfPage":{"@id":"https:\/\/montecarloliving.com\/fr\/actualite\/les-nuits-guitares-2026-beaulieu-sur-mer-rival-sons-last-train-et-marlon-magnee-en-tetes-daffiche-30552\/"},"wordCount":466,"image":{"@id":"https:\/\/montecarloliving.com\/fr\/actualite\/les-nuits-guitares-2026-beaulieu-sur-mer-rival-sons-last-train-et-marlon-magnee-en-tetes-daffiche-30552\/#primaryimage"},"thumbnailUrl":"https:\/\/montecarloliving.com\/wp-content\/uploads\/2026\/04\/Les-Nuits-Guitares.webp","articleSection":["Actualit\u00e9","\u00c9v\u00e9nements"],"inLanguage":"fr-FR"},{"@type":"WebPage","@id":"https:\/\/montecarloliving.com\/fr\/actualite\/les-nuits-guitares-2026-beaulieu-sur-mer-rival-sons-last-train-et-marlon-magnee-en-tetes-daffiche-30552\/","url":"https:\/\/montecarloliving.com\/fr\/actualite\/les-nuits-guitares-2026-beaulieu-sur-mer-rival-sons-last-train-et-marlon-magnee-en-tetes-daffiche-30552\/","name":"Les Nuits Guitares 2026 \u00e0 Beaulieu-sur-Mer","isPartOf":{"@id":"https:\/\/montecarloliving.com\/fr\/#website"},"primaryImageOfPage":{"@id":"https:\/\/montecarloliving.com\/fr\/actualite\/les-nuits-guitares-2026-beaulieu-sur-mer-rival-sons-last-train-et-marlon-magnee-en-tetes-daffiche-30552\/#primaryimage"},"image":{"@id":"https:\/\/montecarloliving.com\/fr\/actualite\/les-nuits-guitares-2026-beaulieu-sur-mer-rival-sons-last-train-et-marlon-magnee-en-tetes-daffiche-30552\/#primaryimage"},"thumbnailUrl":"https:\/\/montecarloliving.com\/wp-content\/uploads\/2026\/04\/Les-Nuits-Guitares.webp","datePublished":"2026-04-27T05:56:36+00:00","author":{"@id":"https:\/\/montecarloliving.com\/fr\/#\/schema\/person\/7e5945d4560862b7f2d2c6831bda2819"},"description":"Les Nuits Guitares 2026 \u00e0 Beaulieu-sur-Mer: Du 3 au 5 juillet 2026, trois soir\u00e9es de rock et de nouvelles sonorit\u00e9s au Jardin de l\u2019Olivaie","breadcrumb":{"@id":"https:\/\/montecarloliving.com\/fr\/actualite\/les-nuits-guitares-2026-beaulieu-sur-mer-rival-sons-last-train-et-marlon-magnee-en-tetes-daffiche-30552\/#breadcrumb"},"inLanguage":"fr-FR","potentialAction":[{"@type":"ReadAction","target":["https:\/\/montecarloliving.com\/fr\/actualite\/les-nuits-guitares-2026-beaulieu-sur-mer-rival-sons-last-train-et-marlon-magnee-en-tetes-daffiche-30552\/"]}]},{"@type":"ImageObject","inLanguage":"fr-FR","@id":"https:\/\/montecarloliving.com\/fr\/actualite\/les-nuits-guitares-2026-beaulieu-sur-mer-rival-sons-last-train-et-marlon-magnee-en-tetes-daffiche-30552\/#primaryimage","url":"https:\/\/montecarloliving.com\/wp-content\/uploads\/2026\/04\/Les-Nuits-Guitares.webp","contentUrl":"https:\/\/montecarloliving.com\/wp-content\/uploads\/2026\/04\/Les-Nuits-Guitares.webp","width":1152,"height":1536},{"@type":"BreadcrumbList","@id":"https:\/\/montecarloliving.com\/fr\/actualite\/les-nuits-guitares-2026-beaulieu-sur-mer-rival-sons-last-train-et-marlon-magnee-en-tetes-daffiche-30552\/#breadcrumb","itemListElement":[{"@type":"ListItem","position":1,"name":"Home","item":"https:\/\/montecarloliving.com\/fr\/"},{"@type":"ListItem","position":2,"name":"Les Nuits Guitares 2026 \u00e0 Beaulieu-sur-Mer: Rival Sons, Last Train et Marlon Magn\u00e9e en t\u00eates d\u2019affiche"}]},{"@type":"WebSite","@id":"https:\/\/montecarloliving.com\/fr\/#website","url":"https:\/\/montecarloliving.com\/fr\/","name":"Montecarlo Living","description":"News da Montecarlo - Principato di Monaco e Costa Azzurra","potentialAction":[{"@type":"SearchAction","target":{"@type":"EntryPoint","urlTemplate":"https:\/\/montecarloliving.com\/fr\/?s={search_term_string}"},"query-input":{"@type":"PropertyValueSpecification","valueRequired":true,"valueName":"search_term_string"}}],"inLanguage":"fr-FR"},{"@type":"Person","@id":"https:\/\/montecarloliving.com\/fr\/#\/schema\/person\/7e5945d4560862b7f2d2c6831bda2819","name":"Redazione","image":{"@type":"ImageObject","inLanguage":"fr-FR","@id":"https:\/\/secure.gravatar.com\/avatar\/8b5f26557e18fe74ad8e8a57ebb2925d88af8a90cee489ff2beefb391bc9b9c7?s=96&d=mm&r=g","url":"https:\/\/secure.gravatar.com\/avatar\/8b5f26557e18fe74ad8e8a57ebb2925d88af8a90cee489ff2beefb391bc9b9c7?s=96&d=mm&r=g","contentUrl":"https:\/\/secure.gravatar.com\/avatar\/8b5f26557e18fe74ad8e8a57ebb2925d88af8a90cee489ff2beefb391bc9b9c7?s=96&d=mm&r=g","caption":"Redazione"}}]}},"_links":{"self":[{"href":"https:\/\/montecarloliving.com\/fr\/wp-json\/wp\/v2\/posts\/30552","targetHints":{"allow":["GET"]}}],"collection":[{"href":"https:\/\/montecarloliving.com\/fr\/wp-json\/wp\/v2\/posts"}],"about":[{"href":"https:\/\/montecarloliving.com\/fr\/wp-json\/wp\/v2\/types\/post"}],"author":[{"embeddable":true,"href":"https:\/\/montecarloliving.com\/fr\/wp-json\/wp\/v2\/users\/1"}],"replies":[{"embeddable":true,"href":"https:\/\/montecarloliving.com\/fr\/wp-json\/wp\/v2\/comments?post=30552"}],"version-history":[{"count":1,"href":"https:\/\/montecarloliving.com\/fr\/wp-json\/wp\/v2\/posts\/30552\/revisions"}],"predecessor-version":[{"id":30553,"href":"https:\/\/montecarloliving.com\/fr\/wp-json\/wp\/v2\/posts\/30552\/revisions\/30553"}],"wp:featuredmedia":[{"embeddable":true,"href":"https:\/\/montecarloliving.com\/fr\/wp-json\/wp\/v2\/media\/30548"}],"wp:attachment":[{"href":"https:\/\/montecarloliving.com\/fr\/wp-json\/wp\/v2\/media?parent=30552"}],"wp:term":[{"taxonomy":"category","embeddable":true,"href":"https:\/\/montecarloliving.com\/fr\/wp-json\/wp\/v2\/categories?post=30552"},{"taxonomy":"post_tag","embeddable":true,"href":"https:\/\/montecarloliving.com\/fr\/wp-json\/wp\/v2\/tags?post=30552"}],"curies":[{"name":"wp","href":"https:\/\/api.w.org\/{rel}","templated":true}]}}