{"id":29955,"date":"2026-04-10T08:37:02","date_gmt":"2026-04-10T06:37:02","guid":{"rendered":"https:\/\/montecarloliving.com\/?p=29955"},"modified":"2026-04-07T12:54:22","modified_gmt":"2026-04-07T10:54:22","slug":"beausoleil-celebre-nature-fete-de-foret-2026-au-parc-de-grima-et-cine-concert-au-village-charlot","status":"publish","type":"post","link":"https:\/\/montecarloliving.com\/fr\/actualite\/beausoleil-celebre-nature-fete-de-foret-2026-au-parc-de-grima-et-cine-concert-au-village-charlot-29955\/","title":{"rendered":"Beausoleil c\u00e9l\u00e8bre la nature: F\u00eate de la For\u00eat 2026 au Parc de Grima et Cin\u00e9-Concert au Village Charlot"},"content":{"rendered":"<p data-start=\"2519\" data-end=\"2790\">La <strong data-start=\"2522\" data-end=\"2545\">Ville de Beausoleil<\/strong> invite familles et amateurs de nature \u00e0 participer \u00e0 la <strong data-start=\"2602\" data-end=\"2627\">F\u00eate de la For\u00eat 2026<\/strong>, le <strong data-start=\"2632\" data-end=\"2667\">samedi 11 avril \u00e0 partir de 10h<\/strong>, au <strong data-start=\"2672\" data-end=\"2696\">Parc Nature de Grima<\/strong>, un \u00e9v\u00e9nement gratuit con\u00e7u pour renouer avec l\u2019environnement et le bien-\u00eatre en plein air.<\/p>\n<h3 data-section-id=\"1im4t6p\" data-start=\"2792\" data-end=\"2846\">Activit\u00e9s pour toute la famille au Parc de Grima<\/h3>\n<p data-start=\"2848\" data-end=\"2918\">La journ\u00e9e propose de nombreuses exp\u00e9riences pour petits et grands :<\/p>\n<ul data-start=\"2919\" data-end=\"3391\">\n<li data-section-id=\"1hkkykg\" data-start=\"2919\" data-end=\"2997\"><strong data-start=\"2921\" data-end=\"2960\">Parcours accrobranche et tyrolienne<\/strong> pour d\u00e9couvrir la for\u00eat en hauteur<\/li>\n<li data-section-id=\"8z90y4\" data-start=\"2998\" data-end=\"3101\"><strong data-start=\"3000\" data-end=\"3051\">Ateliers naturalistes et ateliers scientifiques<\/strong> sur les arbres, les insectes et la biodiversit\u00e9<\/li>\n<li data-section-id=\"1xplm0d\" data-start=\"3102\" data-end=\"3188\"><strong data-start=\"3104\" data-end=\"3144\">Jeux en bois et contes dans la for\u00eat<\/strong> pour stimuler la cr\u00e9ativit\u00e9 et le plaisir<\/li>\n<li data-section-id=\"oslj7m\" data-start=\"3189\" data-end=\"3271\"><strong data-start=\"3191\" data-end=\"3227\">S\u00e9ances de yoga et bains sonores<\/strong>, pour une immersion totale dans la nature<\/li>\n<li data-section-id=\"e27xbg\" data-start=\"3272\" data-end=\"3391\"><strong data-start=\"3274\" data-end=\"3320\">Stands interactifs et concerts acoustiques<\/strong>, alliant plaisir et sensibilisation \u00e0 la faune et \u00e0 la flore locales<\/li>\n<\/ul>\n<p data-start=\"3393\" data-end=\"3460\">Des <strong data-start=\"3397\" data-end=\"3419\">navettes gratuites<\/strong> faciliteront l\u2019acc\u00e8s au Parc de Grima.<\/p>\n<h3 data-section-id=\"9l2ihc\" data-start=\"3462\" data-end=\"3531\">Cin\u00e9-Concert au Village Charlot : \u00ab Les Fables de La Fontaine \u00bb<\/h3>\n<p data-start=\"3533\" data-end=\"3829\">\u00c0 17h, le <strong data-start=\"3543\" data-end=\"3562\">Village Charlot<\/strong> accueillera un <strong data-start=\"3578\" data-end=\"3594\">cin\u00e9-concert<\/strong>, conseill\u00e9 \u00e0 partir de 7 ans : <strong data-start=\"3626\" data-end=\"3659\">\u00ab Les Fables de La Fontaine \u00bb<\/strong>. Le spectacle m\u00eale musique live, illustration et narration, donnant vie aux c\u00e9l\u00e8bres fables gr\u00e2ce \u00e0 la collaboration de musiciens, d\u2019un narrateur et d\u2019un illustrateur.<\/p>\n<p data-start=\"3831\" data-end=\"3943\"><strong data-start=\"3831\" data-end=\"3868\">Entr\u00e9e gratuite sur r\u00e9servation :<\/strong><br data-start=\"3868\" data-end=\"3871\" \/>\ud83d\udce7 <a class=\"decorated-link cursor-pointer\" rel=\"noopener\" data-start=\"3874\" data-end=\"3921\">villagecharlot.mediatheque@villedebeausoleil.fr<\/a><br data-start=\"3921\" data-end=\"3924\" \/>\ud83d\udcde 04 83 32 85 32<\/p>\n<h3 data-section-id=\"1tsrnth\" data-start=\"3945\" data-end=\"3973\">Informations pratiques<\/h3>\n<ul data-start=\"3975\" data-end=\"4214\">\n<li data-section-id=\"1jawo3b\" data-start=\"3975\" data-end=\"4010\"><strong data-start=\"3977\" data-end=\"3987\">Date :<\/strong> samedi 11 avril 2026<\/li>\n<li data-section-id=\"hw1bux\" data-start=\"4011\" data-end=\"4101\"><strong data-start=\"4013\" data-end=\"4026\">Horaire :<\/strong> \u00e0 partir de 10h au Parc de Grima ; cin\u00e9-concert \u00e0 17h au Village Charlot<\/li>\n<li data-section-id=\"yt9cyq\" data-start=\"4102\" data-end=\"4168\"><strong data-start=\"4104\" data-end=\"4114\">Lieu :<\/strong> Parc Nature de Grima, Beausoleil et Village Charlot<\/li>\n<li data-section-id=\"1iwowk8\" data-start=\"4169\" data-end=\"4214\"><strong data-start=\"4171\" data-end=\"4182\">Acc\u00e8s :<\/strong> gratuit, navettes disponibles<\/li>\n<\/ul>\n<p data-start=\"4216\" data-end=\"4330\">Pour plus d\u2019informations, consultez le site officiel : <a class=\"decorated-link\" href=\"https:\/\/www.villedebeausoleil.fr\/\" target=\"_new\" rel=\"noopener\" data-start=\"4271\" data-end=\"4328\">villedebeausoleil.fr<\/a><\/p>\n<p data-start=\"4216\" data-end=\"4330\"><img loading=\"lazy\" decoding=\"async\" class=\"size-full wp-image-29951 aligncenter\" src=\"https:\/\/montecarloliving.com\/wp-content\/uploads\/2026\/04\/FETE-FORET-GRIMA-FLYER-HD-2026_page-0001.jpg\" alt=\"\" width=\"873\" height=\"1243\" srcset=\"https:\/\/montecarloliving.com\/wp-content\/uploads\/2026\/04\/FETE-FORET-GRIMA-FLYER-HD-2026_page-0001.jpg 873w, https:\/\/montecarloliving.com\/wp-content\/uploads\/2026\/04\/FETE-FORET-GRIMA-FLYER-HD-2026_page-0001-211x300.jpg 211w, https:\/\/montecarloliving.com\/wp-content\/uploads\/2026\/04\/FETE-FORET-GRIMA-FLYER-HD-2026_page-0001-719x1024.jpg 719w, https:\/\/montecarloliving.com\/wp-content\/uploads\/2026\/04\/FETE-FORET-GRIMA-FLYER-HD-2026_page-0001-768x1093.jpg 768w\" sizes=\"auto, (max-width: 873px) 100vw, 873px\" \/><\/p>\n","protected":false},"excerpt":{"rendered":"<p>La Ville de Beausoleil invite familles et amateurs de nature \u00e0 participer \u00e0 la F\u00eate de la For\u00eat 2026, le samedi 11 avril \u00e0 partir de 10h, au Parc Nature de Grima, un \u00e9v\u00e9nement gratuit con\u00e7u pour renouer avec l\u2019environnement et le bien-\u00eatre en [&hellip;]<\/p>\n","protected":false},"author":1,"featured_media":29984,"comment_status":"closed","ping_status":"closed","sticky":false,"template":"","format":"standard","meta":{"footnotes":""},"categories":[827,828],"tags":[],"class_list":["post-29955","post","type-post","status-publish","format-standard","has-post-thumbnail","hentry","category-actualite","category-evenements"],"yoast_head":"<!-- This site is optimized with the Yoast SEO plugin v27.5 - https:\/\/yoast.com\/product\/yoast-seo-wordpress\/ -->\n<title>Beausoleil c\u00e9l\u00e8bre la nature : F\u00eate de la For\u00eat 2026<\/title>\n<meta name=\"description\" content=\"Beausoleil c\u00e9l\u00e8bre la nature : F\u00eate de la For\u00eat 2026 au Parc de Grima et Cin\u00e9-Concert au Village Charlot\" \/>\n<meta name=\"robots\" content=\"index, follow, max-snippet:-1, max-image-preview:large, max-video-preview:-1\" \/>\n<link rel=\"canonical\" href=\"https:\/\/montecarloliving.com\/fr\/actualite\/beausoleil-celebre-nature-fete-de-foret-2026-au-parc-de-grima-et-cine-concert-au-village-charlot-29955\/\" \/>\n<meta property=\"og:locale\" content=\"fr_FR\" \/>\n<meta property=\"og:title\" content=\"Beausoleil c\u00e9l\u00e8bre la nature : F\u00eate de la For\u00eat 2026\" \/>\n<meta property=\"og:description\" content=\"Beausoleil c\u00e9l\u00e8bre la nature : F\u00eate de la For\u00eat 2026 au Parc de Grima et Cin\u00e9-Concert au Village Charlot\" \/>\n<meta property=\"og:url\" content=\"https:\/\/montecarloliving.com\/fr\/actualite\/beausoleil-celebre-nature-fete-de-foret-2026-au-parc-de-grima-et-cine-concert-au-village-charlot-29955\/\" \/>\n<meta property=\"og:site_name\" content=\"Montecarlo Living\" \/>\n<meta property=\"article:publisher\" content=\"https:\/\/www.facebook.com\/montecarlolivingcom\/\" \/>\n<meta property=\"article:published_time\" content=\"2026-04-10T06:37:02+00:00\" \/>\n<meta property=\"og:image\" content=\"https:\/\/montecarloliving.com\/wp-content\/uploads\/2026\/04\/forest-2320359_1280-650x400.jpg\" \/>\n\t<meta property=\"og:image:width\" content=\"650\" \/>\n\t<meta property=\"og:image:height\" content=\"400\" \/>\n\t<meta property=\"og:image:type\" content=\"image\/jpeg\" \/>\n<meta name=\"author\" content=\"Redazione\" \/>\n<meta name=\"twitter:card\" content=\"summary_large_image\" \/>\n<meta name=\"twitter:creator\" content=\"@MonteCarloLivi\" \/>\n<meta name=\"twitter:site\" content=\"@MonteCarloLivi\" \/>\n<meta name=\"twitter:label1\" content=\"\u00c9crit par\" \/>\n\t<meta name=\"twitter:data1\" content=\"Redazione\" \/>\n\t<meta name=\"twitter:label2\" content=\"Dur\u00e9e de lecture estim\u00e9e\" \/>\n\t<meta name=\"twitter:data2\" content=\"2 minutes\" \/>\n<script type=\"application\/ld+json\" class=\"yoast-schema-graph\">{\"@context\":\"https:\\\/\\\/schema.org\",\"@graph\":[{\"@type\":\"Article\",\"@id\":\"https:\\\/\\\/montecarloliving.com\\\/fr\\\/actualite\\\/beausoleil-celebre-nature-fete-de-foret-2026-au-parc-de-grima-et-cine-concert-au-village-charlot-29955\\\/#article\",\"isPartOf\":{\"@id\":\"https:\\\/\\\/montecarloliving.com\\\/fr\\\/actualite\\\/beausoleil-celebre-nature-fete-de-foret-2026-au-parc-de-grima-et-cine-concert-au-village-charlot-29955\\\/\"},\"author\":{\"name\":\"Redazione\",\"@id\":\"https:\\\/\\\/montecarloliving.com\\\/fr\\\/#\\\/schema\\\/person\\\/7e5945d4560862b7f2d2c6831bda2819\"},\"headline\":\"Beausoleil c\u00e9l\u00e8bre la nature: F\u00eate de la For\u00eat 2026 au Parc de Grima et Cin\u00e9-Concert au Village Charlot\",\"datePublished\":\"2026-04-10T06:37:02+00:00\",\"mainEntityOfPage\":{\"@id\":\"https:\\\/\\\/montecarloliving.com\\\/fr\\\/actualite\\\/beausoleil-celebre-nature-fete-de-foret-2026-au-parc-de-grima-et-cine-concert-au-village-charlot-29955\\\/\"},\"wordCount\":282,\"image\":{\"@id\":\"https:\\\/\\\/montecarloliving.com\\\/fr\\\/actualite\\\/beausoleil-celebre-nature-fete-de-foret-2026-au-parc-de-grima-et-cine-concert-au-village-charlot-29955\\\/#primaryimage\"},\"thumbnailUrl\":\"https:\\\/\\\/montecarloliving.com\\\/wp-content\\\/uploads\\\/2026\\\/04\\\/forest-2320359_1280.jpg\",\"articleSection\":[\"Actualit\u00e9\",\"\u00c9v\u00e9nements\"],\"inLanguage\":\"fr-FR\"},{\"@type\":\"WebPage\",\"@id\":\"https:\\\/\\\/montecarloliving.com\\\/fr\\\/actualite\\\/beausoleil-celebre-nature-fete-de-foret-2026-au-parc-de-grima-et-cine-concert-au-village-charlot-29955\\\/\",\"url\":\"https:\\\/\\\/montecarloliving.com\\\/fr\\\/actualite\\\/beausoleil-celebre-nature-fete-de-foret-2026-au-parc-de-grima-et-cine-concert-au-village-charlot-29955\\\/\",\"name\":\"Beausoleil c\u00e9l\u00e8bre la nature : F\u00eate de la For\u00eat 2026\",\"isPartOf\":{\"@id\":\"https:\\\/\\\/montecarloliving.com\\\/fr\\\/#website\"},\"primaryImageOfPage\":{\"@id\":\"https:\\\/\\\/montecarloliving.com\\\/fr\\\/actualite\\\/beausoleil-celebre-nature-fete-de-foret-2026-au-parc-de-grima-et-cine-concert-au-village-charlot-29955\\\/#primaryimage\"},\"image\":{\"@id\":\"https:\\\/\\\/montecarloliving.com\\\/fr\\\/actualite\\\/beausoleil-celebre-nature-fete-de-foret-2026-au-parc-de-grima-et-cine-concert-au-village-charlot-29955\\\/#primaryimage\"},\"thumbnailUrl\":\"https:\\\/\\\/montecarloliving.com\\\/wp-content\\\/uploads\\\/2026\\\/04\\\/forest-2320359_1280.jpg\",\"datePublished\":\"2026-04-10T06:37:02+00:00\",\"author\":{\"@id\":\"https:\\\/\\\/montecarloliving.com\\\/fr\\\/#\\\/schema\\\/person\\\/7e5945d4560862b7f2d2c6831bda2819\"},\"description\":\"Beausoleil c\u00e9l\u00e8bre la nature : F\u00eate de la For\u00eat 2026 au Parc de Grima et Cin\u00e9-Concert au Village Charlot\",\"breadcrumb\":{\"@id\":\"https:\\\/\\\/montecarloliving.com\\\/fr\\\/actualite\\\/beausoleil-celebre-nature-fete-de-foret-2026-au-parc-de-grima-et-cine-concert-au-village-charlot-29955\\\/#breadcrumb\"},\"inLanguage\":\"fr-FR\",\"potentialAction\":[{\"@type\":\"ReadAction\",\"target\":[\"https:\\\/\\\/montecarloliving.com\\\/fr\\\/actualite\\\/beausoleil-celebre-nature-fete-de-foret-2026-au-parc-de-grima-et-cine-concert-au-village-charlot-29955\\\/\"]}]},{\"@type\":\"ImageObject\",\"inLanguage\":\"fr-FR\",\"@id\":\"https:\\\/\\\/montecarloliving.com\\\/fr\\\/actualite\\\/beausoleil-celebre-nature-fete-de-foret-2026-au-parc-de-grima-et-cine-concert-au-village-charlot-29955\\\/#primaryimage\",\"url\":\"https:\\\/\\\/montecarloliving.com\\\/wp-content\\\/uploads\\\/2026\\\/04\\\/forest-2320359_1280.jpg\",\"contentUrl\":\"https:\\\/\\\/montecarloliving.com\\\/wp-content\\\/uploads\\\/2026\\\/04\\\/forest-2320359_1280.jpg\",\"width\":1280,\"height\":853},{\"@type\":\"BreadcrumbList\",\"@id\":\"https:\\\/\\\/montecarloliving.com\\\/fr\\\/actualite\\\/beausoleil-celebre-nature-fete-de-foret-2026-au-parc-de-grima-et-cine-concert-au-village-charlot-29955\\\/#breadcrumb\",\"itemListElement\":[{\"@type\":\"ListItem\",\"position\":1,\"name\":\"Home\",\"item\":\"https:\\\/\\\/montecarloliving.com\\\/fr\\\/\"},{\"@type\":\"ListItem\",\"position\":2,\"name\":\"Beausoleil c\u00e9l\u00e8bre la nature: F\u00eate de la For\u00eat 2026 au Parc de Grima et Cin\u00e9-Concert au Village Charlot\"}]},{\"@type\":\"WebSite\",\"@id\":\"https:\\\/\\\/montecarloliving.com\\\/fr\\\/#website\",\"url\":\"https:\\\/\\\/montecarloliving.com\\\/fr\\\/\",\"name\":\"Montecarlo Living\",\"description\":\"News da Montecarlo - Principato di Monaco e Costa Azzurra\",\"potentialAction\":[{\"@type\":\"SearchAction\",\"target\":{\"@type\":\"EntryPoint\",\"urlTemplate\":\"https:\\\/\\\/montecarloliving.com\\\/fr\\\/?s={search_term_string}\"},\"query-input\":{\"@type\":\"PropertyValueSpecification\",\"valueRequired\":true,\"valueName\":\"search_term_string\"}}],\"inLanguage\":\"fr-FR\"},{\"@type\":\"Person\",\"@id\":\"https:\\\/\\\/montecarloliving.com\\\/fr\\\/#\\\/schema\\\/person\\\/7e5945d4560862b7f2d2c6831bda2819\",\"name\":\"Redazione\",\"image\":{\"@type\":\"ImageObject\",\"inLanguage\":\"fr-FR\",\"@id\":\"https:\\\/\\\/secure.gravatar.com\\\/avatar\\\/8b5f26557e18fe74ad8e8a57ebb2925d88af8a90cee489ff2beefb391bc9b9c7?s=96&d=mm&r=g\",\"url\":\"https:\\\/\\\/secure.gravatar.com\\\/avatar\\\/8b5f26557e18fe74ad8e8a57ebb2925d88af8a90cee489ff2beefb391bc9b9c7?s=96&d=mm&r=g\",\"contentUrl\":\"https:\\\/\\\/secure.gravatar.com\\\/avatar\\\/8b5f26557e18fe74ad8e8a57ebb2925d88af8a90cee489ff2beefb391bc9b9c7?s=96&d=mm&r=g\",\"caption\":\"Redazione\"}}]}<\/script>\n<!-- \/ Yoast SEO plugin. -->","yoast_head_json":{"title":"Beausoleil c\u00e9l\u00e8bre la nature : F\u00eate de la For\u00eat 2026","description":"Beausoleil c\u00e9l\u00e8bre la nature : F\u00eate de la For\u00eat 2026 au Parc de Grima et Cin\u00e9-Concert au Village Charlot","robots":{"index":"index","follow":"follow","max-snippet":"max-snippet:-1","max-image-preview":"max-image-preview:large","max-video-preview":"max-video-preview:-1"},"canonical":"https:\/\/montecarloliving.com\/fr\/actualite\/beausoleil-celebre-nature-fete-de-foret-2026-au-parc-de-grima-et-cine-concert-au-village-charlot-29955\/","og_locale":"fr_FR","og_title":"Beausoleil c\u00e9l\u00e8bre la nature : F\u00eate de la For\u00eat 2026","og_description":"Beausoleil c\u00e9l\u00e8bre la nature : F\u00eate de la For\u00eat 2026 au Parc de Grima et Cin\u00e9-Concert au Village Charlot","og_url":"https:\/\/montecarloliving.com\/fr\/actualite\/beausoleil-celebre-nature-fete-de-foret-2026-au-parc-de-grima-et-cine-concert-au-village-charlot-29955\/","og_site_name":"Montecarlo Living","article_publisher":"https:\/\/www.facebook.com\/montecarlolivingcom\/","article_published_time":"2026-04-10T06:37:02+00:00","og_image":[{"width":650,"height":400,"url":"https:\/\/montecarloliving.com\/wp-content\/uploads\/2026\/04\/forest-2320359_1280-650x400.jpg","type":"image\/jpeg"}],"author":"Redazione","twitter_card":"summary_large_image","twitter_creator":"@MonteCarloLivi","twitter_site":"@MonteCarloLivi","twitter_misc":{"\u00c9crit par":"Redazione","Dur\u00e9e de lecture estim\u00e9e":"2 minutes"},"schema":{"@context":"https:\/\/schema.org","@graph":[{"@type":"Article","@id":"https:\/\/montecarloliving.com\/fr\/actualite\/beausoleil-celebre-nature-fete-de-foret-2026-au-parc-de-grima-et-cine-concert-au-village-charlot-29955\/#article","isPartOf":{"@id":"https:\/\/montecarloliving.com\/fr\/actualite\/beausoleil-celebre-nature-fete-de-foret-2026-au-parc-de-grima-et-cine-concert-au-village-charlot-29955\/"},"author":{"name":"Redazione","@id":"https:\/\/montecarloliving.com\/fr\/#\/schema\/person\/7e5945d4560862b7f2d2c6831bda2819"},"headline":"Beausoleil c\u00e9l\u00e8bre la nature: F\u00eate de la For\u00eat 2026 au Parc de Grima et Cin\u00e9-Concert au Village Charlot","datePublished":"2026-04-10T06:37:02+00:00","mainEntityOfPage":{"@id":"https:\/\/montecarloliving.com\/fr\/actualite\/beausoleil-celebre-nature-fete-de-foret-2026-au-parc-de-grima-et-cine-concert-au-village-charlot-29955\/"},"wordCount":282,"image":{"@id":"https:\/\/montecarloliving.com\/fr\/actualite\/beausoleil-celebre-nature-fete-de-foret-2026-au-parc-de-grima-et-cine-concert-au-village-charlot-29955\/#primaryimage"},"thumbnailUrl":"https:\/\/montecarloliving.com\/wp-content\/uploads\/2026\/04\/forest-2320359_1280.jpg","articleSection":["Actualit\u00e9","\u00c9v\u00e9nements"],"inLanguage":"fr-FR"},{"@type":"WebPage","@id":"https:\/\/montecarloliving.com\/fr\/actualite\/beausoleil-celebre-nature-fete-de-foret-2026-au-parc-de-grima-et-cine-concert-au-village-charlot-29955\/","url":"https:\/\/montecarloliving.com\/fr\/actualite\/beausoleil-celebre-nature-fete-de-foret-2026-au-parc-de-grima-et-cine-concert-au-village-charlot-29955\/","name":"Beausoleil c\u00e9l\u00e8bre la nature : F\u00eate de la For\u00eat 2026","isPartOf":{"@id":"https:\/\/montecarloliving.com\/fr\/#website"},"primaryImageOfPage":{"@id":"https:\/\/montecarloliving.com\/fr\/actualite\/beausoleil-celebre-nature-fete-de-foret-2026-au-parc-de-grima-et-cine-concert-au-village-charlot-29955\/#primaryimage"},"image":{"@id":"https:\/\/montecarloliving.com\/fr\/actualite\/beausoleil-celebre-nature-fete-de-foret-2026-au-parc-de-grima-et-cine-concert-au-village-charlot-29955\/#primaryimage"},"thumbnailUrl":"https:\/\/montecarloliving.com\/wp-content\/uploads\/2026\/04\/forest-2320359_1280.jpg","datePublished":"2026-04-10T06:37:02+00:00","author":{"@id":"https:\/\/montecarloliving.com\/fr\/#\/schema\/person\/7e5945d4560862b7f2d2c6831bda2819"},"description":"Beausoleil c\u00e9l\u00e8bre la nature : F\u00eate de la For\u00eat 2026 au Parc de Grima et Cin\u00e9-Concert au Village Charlot","breadcrumb":{"@id":"https:\/\/montecarloliving.com\/fr\/actualite\/beausoleil-celebre-nature-fete-de-foret-2026-au-parc-de-grima-et-cine-concert-au-village-charlot-29955\/#breadcrumb"},"inLanguage":"fr-FR","potentialAction":[{"@type":"ReadAction","target":["https:\/\/montecarloliving.com\/fr\/actualite\/beausoleil-celebre-nature-fete-de-foret-2026-au-parc-de-grima-et-cine-concert-au-village-charlot-29955\/"]}]},{"@type":"ImageObject","inLanguage":"fr-FR","@id":"https:\/\/montecarloliving.com\/fr\/actualite\/beausoleil-celebre-nature-fete-de-foret-2026-au-parc-de-grima-et-cine-concert-au-village-charlot-29955\/#primaryimage","url":"https:\/\/montecarloliving.com\/wp-content\/uploads\/2026\/04\/forest-2320359_1280.jpg","contentUrl":"https:\/\/montecarloliving.com\/wp-content\/uploads\/2026\/04\/forest-2320359_1280.jpg","width":1280,"height":853},{"@type":"BreadcrumbList","@id":"https:\/\/montecarloliving.com\/fr\/actualite\/beausoleil-celebre-nature-fete-de-foret-2026-au-parc-de-grima-et-cine-concert-au-village-charlot-29955\/#breadcrumb","itemListElement":[{"@type":"ListItem","position":1,"name":"Home","item":"https:\/\/montecarloliving.com\/fr\/"},{"@type":"ListItem","position":2,"name":"Beausoleil c\u00e9l\u00e8bre la nature: F\u00eate de la For\u00eat 2026 au Parc de Grima et Cin\u00e9-Concert au Village Charlot"}]},{"@type":"WebSite","@id":"https:\/\/montecarloliving.com\/fr\/#website","url":"https:\/\/montecarloliving.com\/fr\/","name":"Montecarlo Living","description":"News da Montecarlo - Principato di Monaco e Costa Azzurra","potentialAction":[{"@type":"SearchAction","target":{"@type":"EntryPoint","urlTemplate":"https:\/\/montecarloliving.com\/fr\/?s={search_term_string}"},"query-input":{"@type":"PropertyValueSpecification","valueRequired":true,"valueName":"search_term_string"}}],"inLanguage":"fr-FR"},{"@type":"Person","@id":"https:\/\/montecarloliving.com\/fr\/#\/schema\/person\/7e5945d4560862b7f2d2c6831bda2819","name":"Redazione","image":{"@type":"ImageObject","inLanguage":"fr-FR","@id":"https:\/\/secure.gravatar.com\/avatar\/8b5f26557e18fe74ad8e8a57ebb2925d88af8a90cee489ff2beefb391bc9b9c7?s=96&d=mm&r=g","url":"https:\/\/secure.gravatar.com\/avatar\/8b5f26557e18fe74ad8e8a57ebb2925d88af8a90cee489ff2beefb391bc9b9c7?s=96&d=mm&r=g","contentUrl":"https:\/\/secure.gravatar.com\/avatar\/8b5f26557e18fe74ad8e8a57ebb2925d88af8a90cee489ff2beefb391bc9b9c7?s=96&d=mm&r=g","caption":"Redazione"}}]}},"_links":{"self":[{"href":"https:\/\/montecarloliving.com\/fr\/wp-json\/wp\/v2\/posts\/29955","targetHints":{"allow":["GET"]}}],"collection":[{"href":"https:\/\/montecarloliving.com\/fr\/wp-json\/wp\/v2\/posts"}],"about":[{"href":"https:\/\/montecarloliving.com\/fr\/wp-json\/wp\/v2\/types\/post"}],"author":[{"embeddable":true,"href":"https:\/\/montecarloliving.com\/fr\/wp-json\/wp\/v2\/users\/1"}],"replies":[{"embeddable":true,"href":"https:\/\/montecarloliving.com\/fr\/wp-json\/wp\/v2\/comments?post=29955"}],"version-history":[{"count":1,"href":"https:\/\/montecarloliving.com\/fr\/wp-json\/wp\/v2\/posts\/29955\/revisions"}],"predecessor-version":[{"id":29956,"href":"https:\/\/montecarloliving.com\/fr\/wp-json\/wp\/v2\/posts\/29955\/revisions\/29956"}],"wp:featuredmedia":[{"embeddable":true,"href":"https:\/\/montecarloliving.com\/fr\/wp-json\/wp\/v2\/media\/29984"}],"wp:attachment":[{"href":"https:\/\/montecarloliving.com\/fr\/wp-json\/wp\/v2\/media?parent=29955"}],"wp:term":[{"taxonomy":"category","embeddable":true,"href":"https:\/\/montecarloliving.com\/fr\/wp-json\/wp\/v2\/categories?post=29955"},{"taxonomy":"post_tag","embeddable":true,"href":"https:\/\/montecarloliving.com\/fr\/wp-json\/wp\/v2\/tags?post=29955"}],"curies":[{"name":"wp","href":"https:\/\/api.w.org\/{rel}","templated":true}]}}