{"id":26739,"date":"2025-12-01T10:25:52","date_gmt":"2025-12-01T09:25:52","guid":{"rendered":"https:\/\/montecarloliving.com\/?p=26739"},"modified":"2025-12-01T10:25:52","modified_gmt":"2025-12-01T09:25:52","slug":"theatre-francis-gag-vibra-rythme-du-canada","status":"publish","type":"post","link":"https:\/\/montecarloliving.com\/fr\/actualite\/theatre-francis-gag-vibra-rythme-du-canada-26739\/","title":{"rendered":"Le Th\u00e9\u00e2tre Francis-Gag vibra al rythme du Canada !"},"content":{"rendered":"<h2 data-start=\"389\" data-end=\"446\"><strong data-start=\"392\" data-end=\"446\">Le Th\u00e9\u00e2tre Francis-Gag se met \u00e0 l\u2019heure canadienne<\/strong><\/h2>\n<p data-start=\"448\" data-end=\"664\">La saison s\u2019ouvre sur un voyage artistique venu tout droit d\u2019outre-Atlantique, entre po\u00e9sie brute, performances marionnettiques et humour iconique. Deux rendez-vous immanquables m\u00ealant audace, imaginaire et \u00e9motions.<\/p>\n<hr data-start=\"666\" data-end=\"669\" \/>\n<h3 data-start=\"671\" data-end=\"708\"><strong data-start=\"675\" data-end=\"706\">KIWI \u2014 Lecture th\u00e9\u00e2tralis\u00e9e<\/strong><\/h3>\n<p data-start=\"709\" data-end=\"818\"><strong data-start=\"709\" data-end=\"750\">De Daniel Danis \u2014 \u00c9ditions de l\u2019Arche<\/strong><br data-start=\"750\" data-end=\"753\" \/><strong data-start=\"753\" data-end=\"781\">Samedi 29 novembre \u2013 18h<\/strong><br data-start=\"781\" data-end=\"784\" \/><em data-start=\"784\" data-end=\"818\">Cr\u00e9dit photo : Emmanuelle Seguin<\/em><\/p>\n<p data-start=\"820\" data-end=\"1037\">Kiwi et Litchi, deux adolescents livr\u00e9s \u00e0 eux-m\u00eames, survivent dans une soci\u00e9t\u00e9 qui, pour accueillir les Jeux olympiques, rase les bidonvilles et efface leurs habitants\u2026 Une fable puissante, tendre et sans concession.<\/p>\n<p data-start=\"1039\" data-end=\"1204\"><strong data-start=\"1039\" data-end=\"1055\">Distribution<\/strong><br data-start=\"1055\" data-end=\"1058\" \/>\u2022 Lecture : <em data-start=\"1070\" data-end=\"1093\">Sophie de Montgolfier<\/em> et <em data-start=\"1097\" data-end=\"1118\">Jonathan Gensburger<\/em><br data-start=\"1118\" data-end=\"1121\" \/>\u2022 Mise en espace : <em data-start=\"1140\" data-end=\"1162\">Marie-Jeanne Laurent<\/em><br data-start=\"1162\" data-end=\"1165\" \/>\u2022 Production : <em data-start=\"1180\" data-end=\"1204\">Compagnie du Dire-Dire<\/em><\/p>\n<p data-start=\"1206\" data-end=\"1248\"><strong data-start=\"1206\" data-end=\"1216\">Public<\/strong> : d\u00e8s 11 ans \u2014 <strong data-start=\"1232\" data-end=\"1241\">Dur\u00e9e<\/strong> : 1h<\/p>\n<p data-start=\"1250\" data-end=\"1281\"><strong data-start=\"1250\" data-end=\"1263\">+ d\u2019infos<\/strong> | <strong data-start=\"1266\" data-end=\"1281\">Billetterie<\/strong><\/p>\n<hr data-start=\"1283\" data-end=\"1286\" \/>\n<h2 data-start=\"1288\" data-end=\"1319\"><strong data-start=\"1291\" data-end=\"1319\">L\u2019\u00c9v\u00e9nement de la saison<\/strong><\/h2>\n<h3 data-start=\"1321\" data-end=\"1369\"><strong data-start=\"1325\" data-end=\"1367\">THE BABY TYLER SHOW &amp; EPIDERMIS CIRCUS<\/strong><\/h3>\n<p data-start=\"1370\" data-end=\"1459\"><strong data-start=\"1370\" data-end=\"1404\">D\u2019Ingrid Hansen et Britt Small<\/strong><br data-start=\"1404\" data-end=\"1407\" \/>Cabaret de marionnettes &amp; film d\u2019animation en direct<\/p>\n<p data-start=\"1461\" data-end=\"1625\">Pr\u00e9sent\u00e9s dans les plus grands festivals \u2014 Charleville-M\u00e9zi\u00e8res, Calgary\u2026 \u2014 ces spectacles vous entra\u00eenent dans un univers miniature aussi d\u00e9lirant que surr\u00e9aliste.<\/p>\n<hr data-start=\"1627\" data-end=\"1630\" \/>\n<h3 data-start=\"1632\" data-end=\"1687\"><strong data-start=\"1636\" data-end=\"1685\">THE BABY TYLER SHOW \u2014 Tout public (d\u00e8s 5 ans)<\/strong><\/h3>\n<p data-start=\"1688\" data-end=\"1752\">\u2022 Jeudi 4 d\u00e9cembre \u2014 14h (COMPLET)<br data-start=\"1722\" data-end=\"1725\" \/>\u2022 Samedi 6 d\u00e9cembre \u2014 14h<\/p>\n<p data-start=\"1754\" data-end=\"1930\">Un tourbillon de b\u00eatises et d\u2019aventures port\u00e9 par l\u2019irr\u00e9sistible Baby Tyler. Un humour canadien tendre, d\u00e9cal\u00e9 et \u00ab qui fait rire en tabarouette \u00bb, comme le souligne La Strada.<\/p>\n<hr data-start=\"1932\" data-end=\"1935\" \/>\n<h3 data-start=\"1937\" data-end=\"1976\"><strong data-start=\"1941\" data-end=\"1974\">EPIDERMIS CIRCUS \u2014 D\u00e8s 13 ans<\/strong><\/h3>\n<p data-start=\"1977\" data-end=\"2006\">\u2022 Vendredi 5 d\u00e9cembre \u2014 20h<\/p>\n<p data-start=\"2008\" data-end=\"2117\">Un voyage au c\u0153ur d\u2019un monde mi-r\u00e9el, mi-fantasm\u00e9, o\u00f9 la marionnette devient mati\u00e8re, peau, image et vertige.<\/p>\n<hr data-start=\"2119\" data-end=\"2122\" \/>\n<h3 data-start=\"2124\" data-end=\"2151\"><strong data-start=\"2128\" data-end=\"2149\">\u00c9quipe artistique<\/strong><\/h3>\n<p data-start=\"2152\" data-end=\"2414\">\u2022 Mise en sc\u00e8ne : <em data-start=\"2170\" data-end=\"2183\">Britt Small<\/em><br data-start=\"2183\" data-end=\"2186\" \/>\u2022 Conception et manipulation : <em data-start=\"2217\" data-end=\"2232\">Ingrid Hansen<\/em><br data-start=\"2232\" data-end=\"2235\" \/>\u2022 Musique : <em data-start=\"2247\" data-end=\"2258\">Hank Pine<\/em><br data-start=\"2258\" data-end=\"2261\" \/>\u2022 Images : <em data-start=\"2272\" data-end=\"2284\">H\u00e9l\u00e8ne Cyr<\/em><br data-start=\"2284\" data-end=\"2287\" \/>\u2022 Coproduction \/ Collaboration : <em data-start=\"2320\" data-end=\"2341\">Kathleen Greenfield<\/em><br data-start=\"2341\" data-end=\"2344\" \/>\u2022 Avec le soutien du : CRD Arts Council &amp; Conseil des arts du Canada<\/p>\n<hr data-start=\"2416\" data-end=\"2419\" \/>\n<h3 data-start=\"2421\" data-end=\"2456\"><strong data-start=\"2425\" data-end=\"2456\">Bio express \u2014 Ingrid Hansen<\/strong><\/h3>\n<p data-start=\"2458\" data-end=\"2711\">Performeuse, com\u00e9dienne et marionnettiste canadienne, form\u00e9e notamment aupr\u00e8s de <strong data-start=\"2539\" data-end=\"2553\">Jim Henson<\/strong> (cr\u00e9ateur des Muppets et de Fraggle Rock), elle cofonde la compagnie <strong data-start=\"2623\" data-end=\"2667\">SNAFU \u2014 Society of Unexpected Spectacles<\/strong>, d\u00e9di\u00e9e aux formes artistiques inattendues.<\/p>\n<hr data-start=\"2713\" data-end=\"2716\" \/>\n<h3 data-start=\"2718\" data-end=\"2757\"><strong data-start=\"2722\" data-end=\"2755\">Baby Tyler \/ Epidermis Circus<\/strong><\/h3>\n<p data-start=\"2758\" data-end=\"2789\"><strong data-start=\"2758\" data-end=\"2771\">+ d\u2019infos<\/strong> | <strong data-start=\"2774\" data-end=\"2789\">Billetterie<\/strong><\/p>\n<hr data-start=\"2791\" data-end=\"2794\" \/>\n<h2 data-start=\"2796\" data-end=\"2823\"><strong data-start=\"2799\" data-end=\"2823\">Gardons le contact !<\/strong><\/h2>\n<p data-start=\"2825\" data-end=\"2931\">Bons plans, actualit\u00e9s, coulisses, surprises et cr\u00e9ations en cours : suivez-nous sur Instagram et YouTube.<\/p>\n<p data-start=\"2933\" data-end=\"3026\">\u2022 <strong data-start=\"2935\" data-end=\"2948\">YouTube :<\/strong> @Th\u00e9\u00e2tre_Francis-Gag_officiel<br data-start=\"2978\" data-end=\"2981\" \/>\u2022 <strong data-start=\"2983\" data-end=\"2998\">Instagram :<\/strong> @theatrefrancisgag_officiel<\/p>\n<p data-start=\"3028\" data-end=\"3158\">Recevez aussi toute l\u2019actu culturelle de la Ville de Nice (mus\u00e9es, th\u00e9\u00e2tres, biblioth\u00e8ques, centres d\u2019art\u2026) via leurs newsletters.<\/p>\n<hr data-start=\"3160\" data-end=\"3163\" \/>\n<h2 data-start=\"3165\" data-end=\"3184\"><strong data-start=\"3168\" data-end=\"3184\">Bon \u00e0 savoir<\/strong><\/h2>\n<h3 data-start=\"3186\" data-end=\"3205\"><strong data-start=\"3190\" data-end=\"3203\">\u00c9tudiants<\/strong><\/h3>\n<p data-start=\"3206\" data-end=\"3263\">Ta place est \u00e0 <strong data-start=\"3221\" data-end=\"3227\">5\u20ac<\/strong> pour d\u00e9couvrir la saison du TFG !<\/p>\n<h3 data-start=\"3265\" data-end=\"3287\"><strong data-start=\"3269\" data-end=\"3285\">Pass Culture<\/strong><\/h3>\n<p data-start=\"3288\" data-end=\"3382\">Tu as entre 15 et 20 ans ?<br data-start=\"3314\" data-end=\"3317\" \/>Profite de l\u2019<strong data-start=\"3330\" data-end=\"3343\">offre duo<\/strong> pour inviter la personne de ton choix.<\/p>\n<hr data-start=\"3384\" data-end=\"3387\" \/>\n<h2 data-start=\"3389\" data-end=\"3411\"><strong data-start=\"3392\" data-end=\"3411\">Infos pratiques<\/strong><\/h2>\n<p data-start=\"3413\" data-end=\"3541\"><strong data-start=\"3413\" data-end=\"3436\">Th\u00e9\u00e2tre Francis-Gag<\/strong><br data-start=\"3436\" data-end=\"3439\" \/>4 rue de la Croix \u2014 Vieux-Nice<br data-start=\"3469\" data-end=\"3472\" \/>04 92 00 78 50<br data-start=\"3486\" data-end=\"3489\" \/><a class=\"decorated-link cursor-pointer\" rel=\"noopener\" data-start=\"3489\" data-end=\"3515\">theatre.fgag@ville-nice.fr<\/a><br data-start=\"3515\" data-end=\"3518\" \/>theatre-francis-gag.org<\/p>\n","protected":false},"excerpt":{"rendered":"<p>Le Th\u00e9\u00e2tre Francis-Gag se met \u00e0 l\u2019heure canadienne La saison s\u2019ouvre sur un voyage artistique venu tout droit d\u2019outre-Atlantique, entre po\u00e9sie brute, performances marionnettiques et humour iconique. Deux rendez-vous immanquables m\u00ealant audace, imaginaire et \u00e9motions. KIWI \u2014 Lecture th\u00e9\u00e2tralis\u00e9e De Daniel Danis \u2014 \u00c9ditions [&hellip;]<\/p>\n","protected":false},"author":1,"featured_media":9020,"comment_status":"closed","ping_status":"closed","sticky":false,"template":"","format":"standard","meta":{"footnotes":""},"categories":[827,828,868],"tags":[],"class_list":["post-26739","post","type-post","status-publish","format-standard","has-post-thumbnail","hentry","category-actualite","category-evenements","category-nice-fr"],"yoast_head":"<!-- This site is optimized with the Yoast SEO plugin v27.4 - https:\/\/yoast.com\/product\/yoast-seo-wordpress\/ -->\n<title>Le Th\u00e9\u00e2tre Francis-Gag vibra al rythme du Canada !<\/title>\n<meta name=\"description\" content=\"Le Th\u00e9\u00e2tre Francis-Gag se met \u00e0 l\u2019heure canadienne La saison s\u2019ouvre sur un voyage artistique venu tout droit d\u2019outre-Atlantique, entre po\u00e9sie brute, Le Th\u00e9\u00e2tre Francis-Gag vibra al rythme du Canada !\" \/>\n<meta name=\"robots\" content=\"index, follow, max-snippet:-1, max-image-preview:large, max-video-preview:-1\" \/>\n<link rel=\"canonical\" href=\"https:\/\/montecarloliving.com\/fr\/actualite\/theatre-francis-gag-vibra-rythme-du-canada-26739\/\" \/>\n<meta property=\"og:locale\" content=\"fr_FR\" \/>\n<meta property=\"og:title\" content=\"Le Th\u00e9\u00e2tre Francis-Gag vibra al rythme du Canada !\" \/>\n<meta property=\"og:description\" content=\"Le Th\u00e9\u00e2tre Francis-Gag se met \u00e0 l\u2019heure canadienne La saison s\u2019ouvre sur un voyage artistique venu tout droit d\u2019outre-Atlantique, entre po\u00e9sie brute, Le Th\u00e9\u00e2tre Francis-Gag vibra al rythme du Canada !\" \/>\n<meta property=\"og:url\" content=\"https:\/\/montecarloliving.com\/fr\/actualite\/theatre-francis-gag-vibra-rythme-du-canada-26739\/\" \/>\n<meta property=\"og:site_name\" content=\"Montecarlo Living\" \/>\n<meta property=\"article:publisher\" content=\"https:\/\/www.facebook.com\/montecarlolivingcom\/\" \/>\n<meta property=\"article:published_time\" content=\"2025-12-01T09:25:52+00:00\" \/>\n<meta property=\"og:image\" content=\"https:\/\/montecarloliving.com\/wp-content\/uploads\/2024\/03\/francis-gag-theatre-nice-nice-650x400.webp\" \/>\n\t<meta property=\"og:image:width\" content=\"650\" \/>\n\t<meta property=\"og:image:height\" content=\"400\" \/>\n\t<meta property=\"og:image:type\" content=\"image\/webp\" \/>\n<meta name=\"author\" content=\"Redazione\" \/>\n<meta name=\"twitter:card\" content=\"summary_large_image\" \/>\n<meta name=\"twitter:creator\" content=\"@MonteCarloLivi\" \/>\n<meta name=\"twitter:site\" content=\"@MonteCarloLivi\" \/>\n<meta name=\"twitter:label1\" content=\"\u00c9crit par\" \/>\n\t<meta name=\"twitter:data1\" content=\"Redazione\" \/>\n\t<meta name=\"twitter:label2\" content=\"Dur\u00e9e de lecture estim\u00e9e\" \/>\n\t<meta name=\"twitter:data2\" content=\"3 minutes\" \/>\n<script type=\"application\/ld+json\" class=\"yoast-schema-graph\">{\"@context\":\"https:\\\/\\\/schema.org\",\"@graph\":[{\"@type\":\"Article\",\"@id\":\"https:\\\/\\\/montecarloliving.com\\\/fr\\\/actualite\\\/theatre-francis-gag-vibra-rythme-du-canada-26739\\\/#article\",\"isPartOf\":{\"@id\":\"https:\\\/\\\/montecarloliving.com\\\/fr\\\/actualite\\\/theatre-francis-gag-vibra-rythme-du-canada-26739\\\/\"},\"author\":{\"name\":\"Redazione\",\"@id\":\"https:\\\/\\\/montecarloliving.com\\\/fr\\\/#\\\/schema\\\/person\\\/7e5945d4560862b7f2d2c6831bda2819\"},\"headline\":\"Le Th\u00e9\u00e2tre Francis-Gag vibra al rythme du Canada !\",\"datePublished\":\"2025-12-01T09:25:52+00:00\",\"mainEntityOfPage\":{\"@id\":\"https:\\\/\\\/montecarloliving.com\\\/fr\\\/actualite\\\/theatre-francis-gag-vibra-rythme-du-canada-26739\\\/\"},\"wordCount\":450,\"image\":{\"@id\":\"https:\\\/\\\/montecarloliving.com\\\/fr\\\/actualite\\\/theatre-francis-gag-vibra-rythme-du-canada-26739\\\/#primaryimage\"},\"thumbnailUrl\":\"https:\\\/\\\/montecarloliving.com\\\/wp-content\\\/uploads\\\/2024\\\/03\\\/francis-gag-theatre-nice-nice.webp\",\"articleSection\":[\"Actualit\u00e9\",\"\u00c9v\u00e9nements\",\"Nice\"],\"inLanguage\":\"fr-FR\"},{\"@type\":\"WebPage\",\"@id\":\"https:\\\/\\\/montecarloliving.com\\\/fr\\\/actualite\\\/theatre-francis-gag-vibra-rythme-du-canada-26739\\\/\",\"url\":\"https:\\\/\\\/montecarloliving.com\\\/fr\\\/actualite\\\/theatre-francis-gag-vibra-rythme-du-canada-26739\\\/\",\"name\":\"Le Th\u00e9\u00e2tre Francis-Gag vibra al rythme du Canada !\",\"isPartOf\":{\"@id\":\"https:\\\/\\\/montecarloliving.com\\\/fr\\\/#website\"},\"primaryImageOfPage\":{\"@id\":\"https:\\\/\\\/montecarloliving.com\\\/fr\\\/actualite\\\/theatre-francis-gag-vibra-rythme-du-canada-26739\\\/#primaryimage\"},\"image\":{\"@id\":\"https:\\\/\\\/montecarloliving.com\\\/fr\\\/actualite\\\/theatre-francis-gag-vibra-rythme-du-canada-26739\\\/#primaryimage\"},\"thumbnailUrl\":\"https:\\\/\\\/montecarloliving.com\\\/wp-content\\\/uploads\\\/2024\\\/03\\\/francis-gag-theatre-nice-nice.webp\",\"datePublished\":\"2025-12-01T09:25:52+00:00\",\"author\":{\"@id\":\"https:\\\/\\\/montecarloliving.com\\\/fr\\\/#\\\/schema\\\/person\\\/7e5945d4560862b7f2d2c6831bda2819\"},\"description\":\"Le Th\u00e9\u00e2tre Francis-Gag se met \u00e0 l\u2019heure canadienne La saison s\u2019ouvre sur un voyage artistique venu tout droit d\u2019outre-Atlantique, entre po\u00e9sie brute, Le Th\u00e9\u00e2tre Francis-Gag vibra al rythme du Canada !\",\"breadcrumb\":{\"@id\":\"https:\\\/\\\/montecarloliving.com\\\/fr\\\/actualite\\\/theatre-francis-gag-vibra-rythme-du-canada-26739\\\/#breadcrumb\"},\"inLanguage\":\"fr-FR\",\"potentialAction\":[{\"@type\":\"ReadAction\",\"target\":[\"https:\\\/\\\/montecarloliving.com\\\/fr\\\/actualite\\\/theatre-francis-gag-vibra-rythme-du-canada-26739\\\/\"]}]},{\"@type\":\"ImageObject\",\"inLanguage\":\"fr-FR\",\"@id\":\"https:\\\/\\\/montecarloliving.com\\\/fr\\\/actualite\\\/theatre-francis-gag-vibra-rythme-du-canada-26739\\\/#primaryimage\",\"url\":\"https:\\\/\\\/montecarloliving.com\\\/wp-content\\\/uploads\\\/2024\\\/03\\\/francis-gag-theatre-nice-nice.webp\",\"contentUrl\":\"https:\\\/\\\/montecarloliving.com\\\/wp-content\\\/uploads\\\/2024\\\/03\\\/francis-gag-theatre-nice-nice.webp\",\"width\":1200,\"height\":800},{\"@type\":\"BreadcrumbList\",\"@id\":\"https:\\\/\\\/montecarloliving.com\\\/fr\\\/actualite\\\/theatre-francis-gag-vibra-rythme-du-canada-26739\\\/#breadcrumb\",\"itemListElement\":[{\"@type\":\"ListItem\",\"position\":1,\"name\":\"Home\",\"item\":\"https:\\\/\\\/montecarloliving.com\\\/fr\\\/\"},{\"@type\":\"ListItem\",\"position\":2,\"name\":\"Le Th\u00e9\u00e2tre Francis-Gag vibra al rythme du Canada !\"}]},{\"@type\":\"WebSite\",\"@id\":\"https:\\\/\\\/montecarloliving.com\\\/fr\\\/#website\",\"url\":\"https:\\\/\\\/montecarloliving.com\\\/fr\\\/\",\"name\":\"Montecarlo Living\",\"description\":\"News da Montecarlo - Principato di Monaco e Costa Azzurra\",\"potentialAction\":[{\"@type\":\"SearchAction\",\"target\":{\"@type\":\"EntryPoint\",\"urlTemplate\":\"https:\\\/\\\/montecarloliving.com\\\/fr\\\/?s={search_term_string}\"},\"query-input\":{\"@type\":\"PropertyValueSpecification\",\"valueRequired\":true,\"valueName\":\"search_term_string\"}}],\"inLanguage\":\"fr-FR\"},{\"@type\":\"Person\",\"@id\":\"https:\\\/\\\/montecarloliving.com\\\/fr\\\/#\\\/schema\\\/person\\\/7e5945d4560862b7f2d2c6831bda2819\",\"name\":\"Redazione\",\"image\":{\"@type\":\"ImageObject\",\"inLanguage\":\"fr-FR\",\"@id\":\"https:\\\/\\\/secure.gravatar.com\\\/avatar\\\/8b5f26557e18fe74ad8e8a57ebb2925d88af8a90cee489ff2beefb391bc9b9c7?s=96&d=mm&r=g\",\"url\":\"https:\\\/\\\/secure.gravatar.com\\\/avatar\\\/8b5f26557e18fe74ad8e8a57ebb2925d88af8a90cee489ff2beefb391bc9b9c7?s=96&d=mm&r=g\",\"contentUrl\":\"https:\\\/\\\/secure.gravatar.com\\\/avatar\\\/8b5f26557e18fe74ad8e8a57ebb2925d88af8a90cee489ff2beefb391bc9b9c7?s=96&d=mm&r=g\",\"caption\":\"Redazione\"}}]}<\/script>\n<!-- \/ Yoast SEO plugin. -->","yoast_head_json":{"title":"Le Th\u00e9\u00e2tre Francis-Gag vibra al rythme du Canada !","description":"Le Th\u00e9\u00e2tre Francis-Gag se met \u00e0 l\u2019heure canadienne La saison s\u2019ouvre sur un voyage artistique venu tout droit d\u2019outre-Atlantique, entre po\u00e9sie brute, Le Th\u00e9\u00e2tre Francis-Gag vibra al rythme du Canada !","robots":{"index":"index","follow":"follow","max-snippet":"max-snippet:-1","max-image-preview":"max-image-preview:large","max-video-preview":"max-video-preview:-1"},"canonical":"https:\/\/montecarloliving.com\/fr\/actualite\/theatre-francis-gag-vibra-rythme-du-canada-26739\/","og_locale":"fr_FR","og_title":"Le Th\u00e9\u00e2tre Francis-Gag vibra al rythme du Canada !","og_description":"Le Th\u00e9\u00e2tre Francis-Gag se met \u00e0 l\u2019heure canadienne La saison s\u2019ouvre sur un voyage artistique venu tout droit d\u2019outre-Atlantique, entre po\u00e9sie brute, Le Th\u00e9\u00e2tre Francis-Gag vibra al rythme du Canada !","og_url":"https:\/\/montecarloliving.com\/fr\/actualite\/theatre-francis-gag-vibra-rythme-du-canada-26739\/","og_site_name":"Montecarlo Living","article_publisher":"https:\/\/www.facebook.com\/montecarlolivingcom\/","article_published_time":"2025-12-01T09:25:52+00:00","og_image":[{"width":650,"height":400,"url":"https:\/\/montecarloliving.com\/wp-content\/uploads\/2024\/03\/francis-gag-theatre-nice-nice-650x400.webp","type":"image\/webp"}],"author":"Redazione","twitter_card":"summary_large_image","twitter_creator":"@MonteCarloLivi","twitter_site":"@MonteCarloLivi","twitter_misc":{"\u00c9crit par":"Redazione","Dur\u00e9e de lecture estim\u00e9e":"3 minutes"},"schema":{"@context":"https:\/\/schema.org","@graph":[{"@type":"Article","@id":"https:\/\/montecarloliving.com\/fr\/actualite\/theatre-francis-gag-vibra-rythme-du-canada-26739\/#article","isPartOf":{"@id":"https:\/\/montecarloliving.com\/fr\/actualite\/theatre-francis-gag-vibra-rythme-du-canada-26739\/"},"author":{"name":"Redazione","@id":"https:\/\/montecarloliving.com\/fr\/#\/schema\/person\/7e5945d4560862b7f2d2c6831bda2819"},"headline":"Le Th\u00e9\u00e2tre Francis-Gag vibra al rythme du Canada !","datePublished":"2025-12-01T09:25:52+00:00","mainEntityOfPage":{"@id":"https:\/\/montecarloliving.com\/fr\/actualite\/theatre-francis-gag-vibra-rythme-du-canada-26739\/"},"wordCount":450,"image":{"@id":"https:\/\/montecarloliving.com\/fr\/actualite\/theatre-francis-gag-vibra-rythme-du-canada-26739\/#primaryimage"},"thumbnailUrl":"https:\/\/montecarloliving.com\/wp-content\/uploads\/2024\/03\/francis-gag-theatre-nice-nice.webp","articleSection":["Actualit\u00e9","\u00c9v\u00e9nements","Nice"],"inLanguage":"fr-FR"},{"@type":"WebPage","@id":"https:\/\/montecarloliving.com\/fr\/actualite\/theatre-francis-gag-vibra-rythme-du-canada-26739\/","url":"https:\/\/montecarloliving.com\/fr\/actualite\/theatre-francis-gag-vibra-rythme-du-canada-26739\/","name":"Le Th\u00e9\u00e2tre Francis-Gag vibra al rythme du Canada !","isPartOf":{"@id":"https:\/\/montecarloliving.com\/fr\/#website"},"primaryImageOfPage":{"@id":"https:\/\/montecarloliving.com\/fr\/actualite\/theatre-francis-gag-vibra-rythme-du-canada-26739\/#primaryimage"},"image":{"@id":"https:\/\/montecarloliving.com\/fr\/actualite\/theatre-francis-gag-vibra-rythme-du-canada-26739\/#primaryimage"},"thumbnailUrl":"https:\/\/montecarloliving.com\/wp-content\/uploads\/2024\/03\/francis-gag-theatre-nice-nice.webp","datePublished":"2025-12-01T09:25:52+00:00","author":{"@id":"https:\/\/montecarloliving.com\/fr\/#\/schema\/person\/7e5945d4560862b7f2d2c6831bda2819"},"description":"Le Th\u00e9\u00e2tre Francis-Gag se met \u00e0 l\u2019heure canadienne La saison s\u2019ouvre sur un voyage artistique venu tout droit d\u2019outre-Atlantique, entre po\u00e9sie brute, Le Th\u00e9\u00e2tre Francis-Gag vibra al rythme du Canada !","breadcrumb":{"@id":"https:\/\/montecarloliving.com\/fr\/actualite\/theatre-francis-gag-vibra-rythme-du-canada-26739\/#breadcrumb"},"inLanguage":"fr-FR","potentialAction":[{"@type":"ReadAction","target":["https:\/\/montecarloliving.com\/fr\/actualite\/theatre-francis-gag-vibra-rythme-du-canada-26739\/"]}]},{"@type":"ImageObject","inLanguage":"fr-FR","@id":"https:\/\/montecarloliving.com\/fr\/actualite\/theatre-francis-gag-vibra-rythme-du-canada-26739\/#primaryimage","url":"https:\/\/montecarloliving.com\/wp-content\/uploads\/2024\/03\/francis-gag-theatre-nice-nice.webp","contentUrl":"https:\/\/montecarloliving.com\/wp-content\/uploads\/2024\/03\/francis-gag-theatre-nice-nice.webp","width":1200,"height":800},{"@type":"BreadcrumbList","@id":"https:\/\/montecarloliving.com\/fr\/actualite\/theatre-francis-gag-vibra-rythme-du-canada-26739\/#breadcrumb","itemListElement":[{"@type":"ListItem","position":1,"name":"Home","item":"https:\/\/montecarloliving.com\/fr\/"},{"@type":"ListItem","position":2,"name":"Le Th\u00e9\u00e2tre Francis-Gag vibra al rythme du Canada !"}]},{"@type":"WebSite","@id":"https:\/\/montecarloliving.com\/fr\/#website","url":"https:\/\/montecarloliving.com\/fr\/","name":"Montecarlo Living","description":"News da Montecarlo - Principato di Monaco e Costa Azzurra","potentialAction":[{"@type":"SearchAction","target":{"@type":"EntryPoint","urlTemplate":"https:\/\/montecarloliving.com\/fr\/?s={search_term_string}"},"query-input":{"@type":"PropertyValueSpecification","valueRequired":true,"valueName":"search_term_string"}}],"inLanguage":"fr-FR"},{"@type":"Person","@id":"https:\/\/montecarloliving.com\/fr\/#\/schema\/person\/7e5945d4560862b7f2d2c6831bda2819","name":"Redazione","image":{"@type":"ImageObject","inLanguage":"fr-FR","@id":"https:\/\/secure.gravatar.com\/avatar\/8b5f26557e18fe74ad8e8a57ebb2925d88af8a90cee489ff2beefb391bc9b9c7?s=96&d=mm&r=g","url":"https:\/\/secure.gravatar.com\/avatar\/8b5f26557e18fe74ad8e8a57ebb2925d88af8a90cee489ff2beefb391bc9b9c7?s=96&d=mm&r=g","contentUrl":"https:\/\/secure.gravatar.com\/avatar\/8b5f26557e18fe74ad8e8a57ebb2925d88af8a90cee489ff2beefb391bc9b9c7?s=96&d=mm&r=g","caption":"Redazione"}}]}},"_links":{"self":[{"href":"https:\/\/montecarloliving.com\/fr\/wp-json\/wp\/v2\/posts\/26739","targetHints":{"allow":["GET"]}}],"collection":[{"href":"https:\/\/montecarloliving.com\/fr\/wp-json\/wp\/v2\/posts"}],"about":[{"href":"https:\/\/montecarloliving.com\/fr\/wp-json\/wp\/v2\/types\/post"}],"author":[{"embeddable":true,"href":"https:\/\/montecarloliving.com\/fr\/wp-json\/wp\/v2\/users\/1"}],"replies":[{"embeddable":true,"href":"https:\/\/montecarloliving.com\/fr\/wp-json\/wp\/v2\/comments?post=26739"}],"version-history":[{"count":1,"href":"https:\/\/montecarloliving.com\/fr\/wp-json\/wp\/v2\/posts\/26739\/revisions"}],"predecessor-version":[{"id":26740,"href":"https:\/\/montecarloliving.com\/fr\/wp-json\/wp\/v2\/posts\/26739\/revisions\/26740"}],"wp:featuredmedia":[{"embeddable":true,"href":"https:\/\/montecarloliving.com\/fr\/wp-json\/wp\/v2\/media\/9020"}],"wp:attachment":[{"href":"https:\/\/montecarloliving.com\/fr\/wp-json\/wp\/v2\/media?parent=26739"}],"wp:term":[{"taxonomy":"category","embeddable":true,"href":"https:\/\/montecarloliving.com\/fr\/wp-json\/wp\/v2\/categories?post=26739"},{"taxonomy":"post_tag","embeddable":true,"href":"https:\/\/montecarloliving.com\/fr\/wp-json\/wp\/v2\/tags?post=26739"}],"curies":[{"name":"wp","href":"https:\/\/api.w.org\/{rel}","templated":true}]}}