{"id":25787,"date":"2025-10-15T11:56:17","date_gmt":"2025-10-15T09:56:17","guid":{"rendered":"https:\/\/montecarloliving.com\/?p=25787"},"modified":"2025-10-15T11:59:38","modified_gmt":"2025-10-15T09:59:38","slug":"monaco-celebre-lart-de-lhuile-dolive-voyage-sensoriel-avec-23e-concours-international-avpa-les-huiles-du-monde","status":"publish","type":"post","link":"https:\/\/montecarloliving.com\/fr\/actualite\/monaco-celebre-lart-de-lhuile-dolive-voyage-sensoriel-avec-23e-concours-international-avpa-les-huiles-du-monde-25787\/","title":{"rendered":"Monaco c\u00e9l\u00e8bre l\u2019art de l\u2019huile d\u2019olive : un voyage sensoriel avec le 23e Concours International AVPA \u201cLes Huiles du Monde\u201d"},"content":{"rendered":"<h3 data-start=\"3433\" data-end=\"3492\"><strong data-start=\"3437\" data-end=\"3492\">Un \u00e9v\u00e9nement d\u2019excellence au c\u0153ur de la Principaut\u00e9<\/strong><\/h3>\n<p data-start=\"3494\" data-end=\"4025\">Le <strong data-start=\"3497\" data-end=\"3516\">23 octobre 2025<\/strong>, le restaurant <strong data-start=\"3532\" data-end=\"3552\">La Table d\u2019\u00c9lise<\/strong> (2 Rue du Portier, Monaco) ouvrira ses portes au <strong data-start=\"3602\" data-end=\"3701\">Jury Gastronomique du 23e Concours International \u201cLes Huiles du Monde\u201d \u2013 \u00c9dition H\u00e9misph\u00e8re Sud<\/strong>, organis\u00e9 par l\u2019<strong data-start=\"3718\" data-end=\"3779\">AVPA \u2013 Agence pour la Valorisation des Produits Agricoles<\/strong>.<br data-start=\"3780\" data-end=\"3783\" \/>De <strong data-start=\"3786\" data-end=\"3803\">10h00 \u00e0 12h00<\/strong>, <strong data-start=\"3805\" data-end=\"3882\">chefs renomm\u00e9s, journalistes gastronomiques et producteurs internationaux<\/strong> se r\u00e9uniront pour c\u00e9l\u00e9brer <strong data-start=\"3910\" data-end=\"3935\">l\u2019excellence ol\u00e9icole<\/strong> et d\u00e9couvrir des <strong data-start=\"3953\" data-end=\"3991\">saveurs authentiques et innovantes<\/strong> venues de l\u2019h\u00e9misph\u00e8re austral.<\/p>\n<p data-start=\"4027\" data-end=\"4193\">Ce rendez-vous prestigieux constitue une <strong data-start=\"4068\" data-end=\"4115\">rencontre entre culture, go\u00fbt et durabilit\u00e9<\/strong>, alliant savoir-faire et passion dans un cadre d\u2019exception au c\u0153ur de Monaco.<\/p>\n<hr data-start=\"4195\" data-end=\"4198\" \/>\n<h3 data-start=\"4200\" data-end=\"4255\"><strong data-start=\"4204\" data-end=\"4255\">\u00c0 la d\u00e9couverte des tr\u00e9sors de l\u2019H\u00e9misph\u00e8re Sud<\/strong><\/h3>\n<p data-start=\"4257\" data-end=\"4785\">Au cours de la session, les membres du jury international et les repr\u00e9sentants de l\u2019AVPA pr\u00e9senteront une <strong data-start=\"4363\" data-end=\"4439\">s\u00e9lection d\u2019huiles d\u2019olive et d\u2019huiles gastronomiques rares et raffin\u00e9es<\/strong>, issues d\u2019un <strong data-start=\"4453\" data-end=\"4490\">savoir-faire agricole authentique<\/strong> et de <strong data-start=\"4497\" data-end=\"4535\">traditions profond\u00e9ment enracin\u00e9es<\/strong>.<br data-start=\"4536\" data-end=\"4539\" \/>Chaque huile raconte la <strong data-start=\"4563\" data-end=\"4588\">richesse des terroirs<\/strong> de l\u2019H\u00e9misph\u00e8re Sud \u2013 de <strong data-start=\"4614\" data-end=\"4673\">l\u2019Argentine \u00e0 l\u2019Afrique du Sud, de l\u2019Australie au Chili<\/strong> \u2013 o\u00f9 le climat et la passion des producteurs donnent naissance \u00e0 des produits au <strong data-start=\"4755\" data-end=\"4782\">profil sensoriel unique<\/strong>.<\/p>\n<p data-start=\"4787\" data-end=\"5017\">L\u2019objectif est de <strong data-start=\"4805\" data-end=\"4857\">valoriser la diversit\u00e9 gustative et territoriale<\/strong> et de diffuser une <strong data-start=\"4877\" data-end=\"4927\">nouvelle culture de l\u2019huile d\u2019olive de qualit\u00e9<\/strong> en Europe, favorisant les \u00e9changes entre producteurs, experts et amateurs de gastronomie.<\/p>\n<hr data-start=\"5019\" data-end=\"5022\" \/>\n<h3 data-start=\"5024\" data-end=\"5070\"><strong data-start=\"5028\" data-end=\"5070\">Un hommage au talent et \u00e0 la tradition<\/strong><\/h3>\n<p data-start=\"5072\" data-end=\"5518\">Bien plus qu\u2019une comp\u00e9tition, le <strong data-start=\"5105\" data-end=\"5137\">Jury Gastronomique de l\u2019AVPA<\/strong> est une <strong data-start=\"5146\" data-end=\"5219\">c\u00e9l\u00e9bration du go\u00fbt, du savoir-faire et de la culture des producteurs<\/strong>.<br data-start=\"5220\" data-end=\"5223\" \/>Chaque \u00e9dition met \u00e0 l\u2019honneur des <strong data-start=\"5258\" data-end=\"5281\">artisans passionn\u00e9s<\/strong> qui perp\u00e9tuent la <strong data-start=\"5300\" data-end=\"5324\">puret\u00e9 et l\u2019identit\u00e9<\/strong> de leurs territoires.<br data-start=\"5346\" data-end=\"5349\" \/>\u00c0 travers cette reconnaissance, l\u2019AVPA contribue \u00e0 <strong data-start=\"5400\" data-end=\"5464\">r\u00e9v\u00e9ler les meilleures productions agricoles internationales<\/strong>, en promouvant une <strong data-start=\"5484\" data-end=\"5517\">qualit\u00e9 durable et culturelle<\/strong>.<\/p>\n<hr data-start=\"5520\" data-end=\"5523\" \/>\n<h3 data-start=\"5525\" data-end=\"5577\"><strong data-start=\"5529\" data-end=\"5577\">Une invitation \u00e0 vivre une exp\u00e9rience unique<\/strong><\/h3>\n<p data-start=\"5579\" data-end=\"5836\">L\u2019<strong data-start=\"5581\" data-end=\"5589\">AVPA<\/strong> invite <strong data-start=\"5597\" data-end=\"5659\">journalistes, professionnels et passionn\u00e9s d\u2019huile d\u2019olive<\/strong> \u00e0 participer \u00e0 cet \u00e9v\u00e9nement exclusif.<br data-start=\"5698\" data-end=\"5701\" \/>La <strong data-start=\"5704\" data-end=\"5744\">participation se fait sur invitation<\/strong>, et il est recommand\u00e9 de confirmer sa pr\u00e9sence par e-mail \u00e0 :<br data-start=\"5806\" data-end=\"5809\" \/>\ud83d\udce9 <strong data-start=\"5812\" data-end=\"5836\"><a class=\"decorated-link cursor-pointer\" rel=\"noopener\" data-start=\"5814\" data-end=\"5834\">ksenia.hleap@avpa.fr<\/a><\/strong><\/p>\n<p data-start=\"5838\" data-end=\"5912\">Pour plus d\u2019informations :<br data-start=\"5864\" data-end=\"5867\" \/>\ud83d\udcde <strong data-start=\"5870\" data-end=\"5891\">+33 7 81 86 30 70<\/strong><br data-start=\"5891\" data-end=\"5894\" \/>\ud83c\udf10 <strong data-start=\"5897\" data-end=\"5912\"><a class=\"decorated-link\" href=\"http:\/\/www.avpa.fr\" target=\"_new\" rel=\"noopener\" data-start=\"5899\" data-end=\"5910\">www.avpa.fr<\/a><\/strong><\/p>\n","protected":false},"excerpt":{"rendered":"<p>Un \u00e9v\u00e9nement d\u2019excellence au c\u0153ur de la Principaut\u00e9 Le 23 octobre 2025, le restaurant La Table d\u2019\u00c9lise (2 Rue du Portier, Monaco) ouvrira ses portes au Jury Gastronomique du 23e Concours International \u201cLes Huiles du Monde\u201d \u2013 \u00c9dition H\u00e9misph\u00e8re Sud, organis\u00e9 par l\u2019AVPA \u2013 [&hellip;]<\/p>\n","protected":false},"author":1,"featured_media":25783,"comment_status":"closed","ping_status":"closed","sticky":false,"template":"","format":"standard","meta":{"footnotes":""},"categories":[827,875,828,867],"tags":[],"class_list":["post-25787","post","type-post","status-publish","format-standard","has-post-thumbnail","hentry","category-actualite","category-actualite-monaco","category-evenements","category-monaco-fr"],"yoast_head":"<!-- This site is optimized with the Yoast SEO plugin v27.4 - https:\/\/yoast.com\/product\/yoast-seo-wordpress\/ -->\n<title>Monaco c\u00e9l\u00e8bre l\u2019art de l\u2019huile d\u2019olive : un voyage sensoriel avec le 23e Concours International AVPA \u201cLes Huiles du Monde\u201d<\/title>\n<meta name=\"description\" content=\"Un \u00e9v\u00e9nement d\u2019excellence au c\u0153ur de la Principaut\u00e9 Le 23 octobre 2025, le restaurant La Table d\u2019\u00c9lise (2 Rue du Portier, Monaco) ouvrira ses portes au Monaco c\u00e9l\u00e8bre l\u2019art de l\u2019huile d\u2019olive : un voyage sensoriel avec le 23e Concours International AVPA \u201cLes Huiles du Monde\u201d\" \/>\n<meta name=\"robots\" content=\"index, follow, max-snippet:-1, max-image-preview:large, max-video-preview:-1\" \/>\n<link rel=\"canonical\" href=\"https:\/\/montecarloliving.com\/fr\/actualite\/monaco-celebre-lart-de-lhuile-dolive-voyage-sensoriel-avec-23e-concours-international-avpa-les-huiles-du-monde-25787\/\" \/>\n<meta property=\"og:locale\" content=\"fr_FR\" \/>\n<meta property=\"og:title\" content=\"Monaco c\u00e9l\u00e8bre l\u2019art de l\u2019huile d\u2019olive : un voyage sensoriel avec le 23e Concours International AVPA \u201cLes Huiles du Monde\u201d\" \/>\n<meta property=\"og:description\" content=\"Un \u00e9v\u00e9nement d\u2019excellence au c\u0153ur de la Principaut\u00e9 Le 23 octobre 2025, le restaurant La Table d\u2019\u00c9lise (2 Rue du Portier, Monaco) ouvrira ses portes au Monaco c\u00e9l\u00e8bre l\u2019art de l\u2019huile d\u2019olive : un voyage sensoriel avec le 23e Concours International AVPA \u201cLes Huiles du Monde\u201d\" \/>\n<meta property=\"og:url\" content=\"https:\/\/montecarloliving.com\/fr\/actualite\/monaco-celebre-lart-de-lhuile-dolive-voyage-sensoriel-avec-23e-concours-international-avpa-les-huiles-du-monde-25787\/\" \/>\n<meta property=\"og:site_name\" content=\"Montecarlo Living\" \/>\n<meta property=\"article:publisher\" content=\"https:\/\/www.facebook.com\/montecarlolivingcom\/\" \/>\n<meta property=\"article:published_time\" content=\"2025-10-15T09:56:17+00:00\" \/>\n<meta property=\"article:modified_time\" content=\"2025-10-15T09:59:38+00:00\" \/>\n<meta property=\"og:image\" content=\"https:\/\/montecarloliving.com\/wp-content\/uploads\/2025\/10\/R-100-650x400.jpg\" \/>\n\t<meta property=\"og:image:width\" content=\"650\" \/>\n\t<meta property=\"og:image:height\" content=\"400\" \/>\n\t<meta property=\"og:image:type\" content=\"image\/jpeg\" \/>\n<meta name=\"author\" content=\"Redazione\" \/>\n<meta name=\"twitter:card\" content=\"summary_large_image\" \/>\n<meta name=\"twitter:creator\" content=\"@MonteCarloLivi\" \/>\n<meta name=\"twitter:site\" content=\"@MonteCarloLivi\" \/>\n<meta name=\"twitter:label1\" content=\"\u00c9crit par\" \/>\n\t<meta name=\"twitter:data1\" content=\"Redazione\" \/>\n<script type=\"application\/ld+json\" class=\"yoast-schema-graph\">{\"@context\":\"https:\\\/\\\/schema.org\",\"@graph\":[{\"@type\":\"Article\",\"@id\":\"https:\\\/\\\/montecarloliving.com\\\/fr\\\/actualite\\\/monaco-celebre-lart-de-lhuile-dolive-voyage-sensoriel-avec-23e-concours-international-avpa-les-huiles-du-monde-25787\\\/#article\",\"isPartOf\":{\"@id\":\"https:\\\/\\\/montecarloliving.com\\\/fr\\\/actualite\\\/monaco-celebre-lart-de-lhuile-dolive-voyage-sensoriel-avec-23e-concours-international-avpa-les-huiles-du-monde-25787\\\/\"},\"author\":{\"name\":\"Redazione\",\"@id\":\"https:\\\/\\\/montecarloliving.com\\\/fr\\\/#\\\/schema\\\/person\\\/7e5945d4560862b7f2d2c6831bda2819\"},\"headline\":\"Monaco c\u00e9l\u00e8bre l\u2019art de l\u2019huile d\u2019olive : un voyage sensoriel avec le 23e Concours International AVPA \u201cLes Huiles du Monde\u201d\",\"datePublished\":\"2025-10-15T09:56:17+00:00\",\"dateModified\":\"2025-10-15T09:59:38+00:00\",\"mainEntityOfPage\":{\"@id\":\"https:\\\/\\\/montecarloliving.com\\\/fr\\\/actualite\\\/monaco-celebre-lart-de-lhuile-dolive-voyage-sensoriel-avec-23e-concours-international-avpa-les-huiles-du-monde-25787\\\/\"},\"wordCount\":403,\"image\":{\"@id\":\"https:\\\/\\\/montecarloliving.com\\\/fr\\\/actualite\\\/monaco-celebre-lart-de-lhuile-dolive-voyage-sensoriel-avec-23e-concours-international-avpa-les-huiles-du-monde-25787\\\/#primaryimage\"},\"thumbnailUrl\":\"https:\\\/\\\/montecarloliving.com\\\/wp-content\\\/uploads\\\/2025\\\/10\\\/R-100.jpg\",\"articleSection\":[\"Actualit\u00e9\",\"Actualit\u00e9 \u00e0 Monaco\",\"\u00c9v\u00e9nements\",\"Monaco\"],\"inLanguage\":\"fr-FR\"},{\"@type\":\"WebPage\",\"@id\":\"https:\\\/\\\/montecarloliving.com\\\/fr\\\/actualite\\\/monaco-celebre-lart-de-lhuile-dolive-voyage-sensoriel-avec-23e-concours-international-avpa-les-huiles-du-monde-25787\\\/\",\"url\":\"https:\\\/\\\/montecarloliving.com\\\/fr\\\/actualite\\\/monaco-celebre-lart-de-lhuile-dolive-voyage-sensoriel-avec-23e-concours-international-avpa-les-huiles-du-monde-25787\\\/\",\"name\":\"Monaco c\u00e9l\u00e8bre l\u2019art de l\u2019huile d\u2019olive : un voyage sensoriel avec le 23e Concours International AVPA \u201cLes Huiles du Monde\u201d\",\"isPartOf\":{\"@id\":\"https:\\\/\\\/montecarloliving.com\\\/fr\\\/#website\"},\"primaryImageOfPage\":{\"@id\":\"https:\\\/\\\/montecarloliving.com\\\/fr\\\/actualite\\\/monaco-celebre-lart-de-lhuile-dolive-voyage-sensoriel-avec-23e-concours-international-avpa-les-huiles-du-monde-25787\\\/#primaryimage\"},\"image\":{\"@id\":\"https:\\\/\\\/montecarloliving.com\\\/fr\\\/actualite\\\/monaco-celebre-lart-de-lhuile-dolive-voyage-sensoriel-avec-23e-concours-international-avpa-les-huiles-du-monde-25787\\\/#primaryimage\"},\"thumbnailUrl\":\"https:\\\/\\\/montecarloliving.com\\\/wp-content\\\/uploads\\\/2025\\\/10\\\/R-100.jpg\",\"datePublished\":\"2025-10-15T09:56:17+00:00\",\"dateModified\":\"2025-10-15T09:59:38+00:00\",\"author\":{\"@id\":\"https:\\\/\\\/montecarloliving.com\\\/fr\\\/#\\\/schema\\\/person\\\/7e5945d4560862b7f2d2c6831bda2819\"},\"description\":\"Un \u00e9v\u00e9nement d\u2019excellence au c\u0153ur de la Principaut\u00e9 Le 23 octobre 2025, le restaurant La Table d\u2019\u00c9lise (2 Rue du Portier, Monaco) ouvrira ses portes au Monaco c\u00e9l\u00e8bre l\u2019art de l\u2019huile d\u2019olive : un voyage sensoriel avec le 23e Concours International AVPA \u201cLes Huiles du Monde\u201d\",\"breadcrumb\":{\"@id\":\"https:\\\/\\\/montecarloliving.com\\\/fr\\\/actualite\\\/monaco-celebre-lart-de-lhuile-dolive-voyage-sensoriel-avec-23e-concours-international-avpa-les-huiles-du-monde-25787\\\/#breadcrumb\"},\"inLanguage\":\"fr-FR\",\"potentialAction\":[{\"@type\":\"ReadAction\",\"target\":[\"https:\\\/\\\/montecarloliving.com\\\/fr\\\/actualite\\\/monaco-celebre-lart-de-lhuile-dolive-voyage-sensoriel-avec-23e-concours-international-avpa-les-huiles-du-monde-25787\\\/\"]}]},{\"@type\":\"ImageObject\",\"inLanguage\":\"fr-FR\",\"@id\":\"https:\\\/\\\/montecarloliving.com\\\/fr\\\/actualite\\\/monaco-celebre-lart-de-lhuile-dolive-voyage-sensoriel-avec-23e-concours-international-avpa-les-huiles-du-monde-25787\\\/#primaryimage\",\"url\":\"https:\\\/\\\/montecarloliving.com\\\/wp-content\\\/uploads\\\/2025\\\/10\\\/R-100.jpg\",\"contentUrl\":\"https:\\\/\\\/montecarloliving.com\\\/wp-content\\\/uploads\\\/2025\\\/10\\\/R-100.jpg\",\"width\":1694,\"height\":1122},{\"@type\":\"BreadcrumbList\",\"@id\":\"https:\\\/\\\/montecarloliving.com\\\/fr\\\/actualite\\\/monaco-celebre-lart-de-lhuile-dolive-voyage-sensoriel-avec-23e-concours-international-avpa-les-huiles-du-monde-25787\\\/#breadcrumb\",\"itemListElement\":[{\"@type\":\"ListItem\",\"position\":1,\"name\":\"Home\",\"item\":\"https:\\\/\\\/montecarloliving.com\\\/fr\\\/\"},{\"@type\":\"ListItem\",\"position\":2,\"name\":\"Monaco c\u00e9l\u00e8bre l\u2019art de l\u2019huile d\u2019olive : un voyage sensoriel avec le 23e Concours International AVPA \u201cLes Huiles du Monde\u201d\"}]},{\"@type\":\"WebSite\",\"@id\":\"https:\\\/\\\/montecarloliving.com\\\/fr\\\/#website\",\"url\":\"https:\\\/\\\/montecarloliving.com\\\/fr\\\/\",\"name\":\"Montecarlo Living\",\"description\":\"News da Montecarlo - Principato di Monaco e Costa Azzurra\",\"potentialAction\":[{\"@type\":\"SearchAction\",\"target\":{\"@type\":\"EntryPoint\",\"urlTemplate\":\"https:\\\/\\\/montecarloliving.com\\\/fr\\\/?s={search_term_string}\"},\"query-input\":{\"@type\":\"PropertyValueSpecification\",\"valueRequired\":true,\"valueName\":\"search_term_string\"}}],\"inLanguage\":\"fr-FR\"},{\"@type\":\"Person\",\"@id\":\"https:\\\/\\\/montecarloliving.com\\\/fr\\\/#\\\/schema\\\/person\\\/7e5945d4560862b7f2d2c6831bda2819\",\"name\":\"Redazione\",\"image\":{\"@type\":\"ImageObject\",\"inLanguage\":\"fr-FR\",\"@id\":\"https:\\\/\\\/secure.gravatar.com\\\/avatar\\\/8b5f26557e18fe74ad8e8a57ebb2925d88af8a90cee489ff2beefb391bc9b9c7?s=96&d=mm&r=g\",\"url\":\"https:\\\/\\\/secure.gravatar.com\\\/avatar\\\/8b5f26557e18fe74ad8e8a57ebb2925d88af8a90cee489ff2beefb391bc9b9c7?s=96&d=mm&r=g\",\"contentUrl\":\"https:\\\/\\\/secure.gravatar.com\\\/avatar\\\/8b5f26557e18fe74ad8e8a57ebb2925d88af8a90cee489ff2beefb391bc9b9c7?s=96&d=mm&r=g\",\"caption\":\"Redazione\"}}]}<\/script>\n<!-- \/ Yoast SEO plugin. -->","yoast_head_json":{"title":"Monaco c\u00e9l\u00e8bre l\u2019art de l\u2019huile d\u2019olive : un voyage sensoriel avec le 23e Concours International AVPA \u201cLes Huiles du Monde\u201d","description":"Un \u00e9v\u00e9nement d\u2019excellence au c\u0153ur de la Principaut\u00e9 Le 23 octobre 2025, le restaurant La Table d\u2019\u00c9lise (2 Rue du Portier, Monaco) ouvrira ses portes au Monaco c\u00e9l\u00e8bre l\u2019art de l\u2019huile d\u2019olive : un voyage sensoriel avec le 23e Concours International AVPA \u201cLes Huiles du Monde\u201d","robots":{"index":"index","follow":"follow","max-snippet":"max-snippet:-1","max-image-preview":"max-image-preview:large","max-video-preview":"max-video-preview:-1"},"canonical":"https:\/\/montecarloliving.com\/fr\/actualite\/monaco-celebre-lart-de-lhuile-dolive-voyage-sensoriel-avec-23e-concours-international-avpa-les-huiles-du-monde-25787\/","og_locale":"fr_FR","og_title":"Monaco c\u00e9l\u00e8bre l\u2019art de l\u2019huile d\u2019olive : un voyage sensoriel avec le 23e Concours International AVPA \u201cLes Huiles du Monde\u201d","og_description":"Un \u00e9v\u00e9nement d\u2019excellence au c\u0153ur de la Principaut\u00e9 Le 23 octobre 2025, le restaurant La Table d\u2019\u00c9lise (2 Rue du Portier, Monaco) ouvrira ses portes au Monaco c\u00e9l\u00e8bre l\u2019art de l\u2019huile d\u2019olive : un voyage sensoriel avec le 23e Concours International AVPA \u201cLes Huiles du Monde\u201d","og_url":"https:\/\/montecarloliving.com\/fr\/actualite\/monaco-celebre-lart-de-lhuile-dolive-voyage-sensoriel-avec-23e-concours-international-avpa-les-huiles-du-monde-25787\/","og_site_name":"Montecarlo Living","article_publisher":"https:\/\/www.facebook.com\/montecarlolivingcom\/","article_published_time":"2025-10-15T09:56:17+00:00","article_modified_time":"2025-10-15T09:59:38+00:00","og_image":[{"width":650,"height":400,"url":"https:\/\/montecarloliving.com\/wp-content\/uploads\/2025\/10\/R-100-650x400.jpg","type":"image\/jpeg"}],"author":"Redazione","twitter_card":"summary_large_image","twitter_creator":"@MonteCarloLivi","twitter_site":"@MonteCarloLivi","twitter_misc":{"\u00c9crit par":"Redazione"},"schema":{"@context":"https:\/\/schema.org","@graph":[{"@type":"Article","@id":"https:\/\/montecarloliving.com\/fr\/actualite\/monaco-celebre-lart-de-lhuile-dolive-voyage-sensoriel-avec-23e-concours-international-avpa-les-huiles-du-monde-25787\/#article","isPartOf":{"@id":"https:\/\/montecarloliving.com\/fr\/actualite\/monaco-celebre-lart-de-lhuile-dolive-voyage-sensoriel-avec-23e-concours-international-avpa-les-huiles-du-monde-25787\/"},"author":{"name":"Redazione","@id":"https:\/\/montecarloliving.com\/fr\/#\/schema\/person\/7e5945d4560862b7f2d2c6831bda2819"},"headline":"Monaco c\u00e9l\u00e8bre l\u2019art de l\u2019huile d\u2019olive : un voyage sensoriel avec le 23e Concours International AVPA \u201cLes Huiles du Monde\u201d","datePublished":"2025-10-15T09:56:17+00:00","dateModified":"2025-10-15T09:59:38+00:00","mainEntityOfPage":{"@id":"https:\/\/montecarloliving.com\/fr\/actualite\/monaco-celebre-lart-de-lhuile-dolive-voyage-sensoriel-avec-23e-concours-international-avpa-les-huiles-du-monde-25787\/"},"wordCount":403,"image":{"@id":"https:\/\/montecarloliving.com\/fr\/actualite\/monaco-celebre-lart-de-lhuile-dolive-voyage-sensoriel-avec-23e-concours-international-avpa-les-huiles-du-monde-25787\/#primaryimage"},"thumbnailUrl":"https:\/\/montecarloliving.com\/wp-content\/uploads\/2025\/10\/R-100.jpg","articleSection":["Actualit\u00e9","Actualit\u00e9 \u00e0 Monaco","\u00c9v\u00e9nements","Monaco"],"inLanguage":"fr-FR"},{"@type":"WebPage","@id":"https:\/\/montecarloliving.com\/fr\/actualite\/monaco-celebre-lart-de-lhuile-dolive-voyage-sensoriel-avec-23e-concours-international-avpa-les-huiles-du-monde-25787\/","url":"https:\/\/montecarloliving.com\/fr\/actualite\/monaco-celebre-lart-de-lhuile-dolive-voyage-sensoriel-avec-23e-concours-international-avpa-les-huiles-du-monde-25787\/","name":"Monaco c\u00e9l\u00e8bre l\u2019art de l\u2019huile d\u2019olive : un voyage sensoriel avec le 23e Concours International AVPA \u201cLes Huiles du Monde\u201d","isPartOf":{"@id":"https:\/\/montecarloliving.com\/fr\/#website"},"primaryImageOfPage":{"@id":"https:\/\/montecarloliving.com\/fr\/actualite\/monaco-celebre-lart-de-lhuile-dolive-voyage-sensoriel-avec-23e-concours-international-avpa-les-huiles-du-monde-25787\/#primaryimage"},"image":{"@id":"https:\/\/montecarloliving.com\/fr\/actualite\/monaco-celebre-lart-de-lhuile-dolive-voyage-sensoriel-avec-23e-concours-international-avpa-les-huiles-du-monde-25787\/#primaryimage"},"thumbnailUrl":"https:\/\/montecarloliving.com\/wp-content\/uploads\/2025\/10\/R-100.jpg","datePublished":"2025-10-15T09:56:17+00:00","dateModified":"2025-10-15T09:59:38+00:00","author":{"@id":"https:\/\/montecarloliving.com\/fr\/#\/schema\/person\/7e5945d4560862b7f2d2c6831bda2819"},"description":"Un \u00e9v\u00e9nement d\u2019excellence au c\u0153ur de la Principaut\u00e9 Le 23 octobre 2025, le restaurant La Table d\u2019\u00c9lise (2 Rue du Portier, Monaco) ouvrira ses portes au Monaco c\u00e9l\u00e8bre l\u2019art de l\u2019huile d\u2019olive : un voyage sensoriel avec le 23e Concours International AVPA \u201cLes Huiles du Monde\u201d","breadcrumb":{"@id":"https:\/\/montecarloliving.com\/fr\/actualite\/monaco-celebre-lart-de-lhuile-dolive-voyage-sensoriel-avec-23e-concours-international-avpa-les-huiles-du-monde-25787\/#breadcrumb"},"inLanguage":"fr-FR","potentialAction":[{"@type":"ReadAction","target":["https:\/\/montecarloliving.com\/fr\/actualite\/monaco-celebre-lart-de-lhuile-dolive-voyage-sensoriel-avec-23e-concours-international-avpa-les-huiles-du-monde-25787\/"]}]},{"@type":"ImageObject","inLanguage":"fr-FR","@id":"https:\/\/montecarloliving.com\/fr\/actualite\/monaco-celebre-lart-de-lhuile-dolive-voyage-sensoriel-avec-23e-concours-international-avpa-les-huiles-du-monde-25787\/#primaryimage","url":"https:\/\/montecarloliving.com\/wp-content\/uploads\/2025\/10\/R-100.jpg","contentUrl":"https:\/\/montecarloliving.com\/wp-content\/uploads\/2025\/10\/R-100.jpg","width":1694,"height":1122},{"@type":"BreadcrumbList","@id":"https:\/\/montecarloliving.com\/fr\/actualite\/monaco-celebre-lart-de-lhuile-dolive-voyage-sensoriel-avec-23e-concours-international-avpa-les-huiles-du-monde-25787\/#breadcrumb","itemListElement":[{"@type":"ListItem","position":1,"name":"Home","item":"https:\/\/montecarloliving.com\/fr\/"},{"@type":"ListItem","position":2,"name":"Monaco c\u00e9l\u00e8bre l\u2019art de l\u2019huile d\u2019olive : un voyage sensoriel avec le 23e Concours International AVPA \u201cLes Huiles du Monde\u201d"}]},{"@type":"WebSite","@id":"https:\/\/montecarloliving.com\/fr\/#website","url":"https:\/\/montecarloliving.com\/fr\/","name":"Montecarlo Living","description":"News da Montecarlo - Principato di Monaco e Costa Azzurra","potentialAction":[{"@type":"SearchAction","target":{"@type":"EntryPoint","urlTemplate":"https:\/\/montecarloliving.com\/fr\/?s={search_term_string}"},"query-input":{"@type":"PropertyValueSpecification","valueRequired":true,"valueName":"search_term_string"}}],"inLanguage":"fr-FR"},{"@type":"Person","@id":"https:\/\/montecarloliving.com\/fr\/#\/schema\/person\/7e5945d4560862b7f2d2c6831bda2819","name":"Redazione","image":{"@type":"ImageObject","inLanguage":"fr-FR","@id":"https:\/\/secure.gravatar.com\/avatar\/8b5f26557e18fe74ad8e8a57ebb2925d88af8a90cee489ff2beefb391bc9b9c7?s=96&d=mm&r=g","url":"https:\/\/secure.gravatar.com\/avatar\/8b5f26557e18fe74ad8e8a57ebb2925d88af8a90cee489ff2beefb391bc9b9c7?s=96&d=mm&r=g","contentUrl":"https:\/\/secure.gravatar.com\/avatar\/8b5f26557e18fe74ad8e8a57ebb2925d88af8a90cee489ff2beefb391bc9b9c7?s=96&d=mm&r=g","caption":"Redazione"}}]}},"_links":{"self":[{"href":"https:\/\/montecarloliving.com\/fr\/wp-json\/wp\/v2\/posts\/25787","targetHints":{"allow":["GET"]}}],"collection":[{"href":"https:\/\/montecarloliving.com\/fr\/wp-json\/wp\/v2\/posts"}],"about":[{"href":"https:\/\/montecarloliving.com\/fr\/wp-json\/wp\/v2\/types\/post"}],"author":[{"embeddable":true,"href":"https:\/\/montecarloliving.com\/fr\/wp-json\/wp\/v2\/users\/1"}],"replies":[{"embeddable":true,"href":"https:\/\/montecarloliving.com\/fr\/wp-json\/wp\/v2\/comments?post=25787"}],"version-history":[{"count":1,"href":"https:\/\/montecarloliving.com\/fr\/wp-json\/wp\/v2\/posts\/25787\/revisions"}],"predecessor-version":[{"id":25788,"href":"https:\/\/montecarloliving.com\/fr\/wp-json\/wp\/v2\/posts\/25787\/revisions\/25788"}],"wp:featuredmedia":[{"embeddable":true,"href":"https:\/\/montecarloliving.com\/fr\/wp-json\/wp\/v2\/media\/25783"}],"wp:attachment":[{"href":"https:\/\/montecarloliving.com\/fr\/wp-json\/wp\/v2\/media?parent=25787"}],"wp:term":[{"taxonomy":"category","embeddable":true,"href":"https:\/\/montecarloliving.com\/fr\/wp-json\/wp\/v2\/categories?post=25787"},{"taxonomy":"post_tag","embeddable":true,"href":"https:\/\/montecarloliving.com\/fr\/wp-json\/wp\/v2\/tags?post=25787"}],"curies":[{"name":"wp","href":"https:\/\/api.w.org\/{rel}","templated":true}]}}