{"id":25360,"date":"2025-09-30T11:44:46","date_gmt":"2025-09-30T09:44:46","guid":{"rendered":"https:\/\/montecarloliving.com\/?p=25360"},"modified":"2025-09-30T11:49:14","modified_gmt":"2025-09-30T09:49:14","slug":"octobre-au-palais-des-festivals-theatre-musique-et-humour-pour-mois-vivre-cannes","status":"publish","type":"post","link":"https:\/\/montecarloliving.com\/fr\/actualite\/octobre-au-palais-des-festivals-theatre-musique-et-humour-pour-mois-vivre-cannes-25360\/","title":{"rendered":"Octobre au Palais des Festivals : th\u00e9\u00e2tre, musique et humour pour un mois \u00e0 vivre \u00e0 Cannes"},"content":{"rendered":"<p data-start=\"1781\" data-end=\"1997\">Le Palais des Festivals et le Th\u00e9\u00e2tre Palais St\u00e9phanie transforment octobre en une v\u00e9ritable sc\u00e8ne d\u2019\u00e9motions. Du 4 au 26, le public pourra d\u00e9couvrir une programmation vari\u00e9e m\u00ealant musique, rires et grand th\u00e9\u00e2tre.<\/p>\n<p data-start=\"1999\" data-end=\"2236\">Le mois s\u2019ouvre avec la com\u00e9die p\u00e9tillante <em data-start=\"2042\" data-end=\"2062\">Rupture \u00e0 domicile<\/em> et le monologue dr\u00f4le et touchant de Tom Baldetti, avant de se laisser emporter par la voix unique de Mariza, h\u00e9riti\u00e8re du fado portugais enrichi de sonorit\u00e9s jazz et pop.<\/p>\n<p data-start=\"2238\" data-end=\"2665\">Ensuite, l\u2019Orchestre National de Cannes, sous la direction de Soo-Yeoul Choi, proposera un voyage musical de Mendelssohn \u00e0 Beethoven avec la jeune violoniste sud-cor\u00e9enne Bomsori Kim parmi les solistes les plus acclam\u00e9s de sa g\u00e9n\u00e9ration. L\u2019\u00e9nergie intense et po\u00e9tique du rappeur Kery James enflammera la sc\u00e8ne, tandis que <em data-start=\"2560\" data-end=\"2566\">Ring<\/em> mettra en lumi\u00e8re seize \u00ab rounds \u00bb de vie de couple, entre passion, conflits et r\u00e9conciliations.<\/p>\n<p data-start=\"2238\" data-end=\"2665\"><img loading=\"lazy\" decoding=\"async\" class=\"size-full wp-image-25356 aligncenter\" src=\"https:\/\/montecarloliving.com\/wp-content\/uploads\/2025\/09\/Screenshot_30-9-2025_114128_www.montecarlonews.it_.jpeg\" alt=\"\" width=\"472\" height=\"775\" srcset=\"https:\/\/montecarloliving.com\/wp-content\/uploads\/2025\/09\/Screenshot_30-9-2025_114128_www.montecarlonews.it_.jpeg 472w, https:\/\/montecarloliving.com\/wp-content\/uploads\/2025\/09\/Screenshot_30-9-2025_114128_www.montecarlonews.it_-183x300.jpeg 183w\" sizes=\"auto, (max-width: 472px) 100vw, 472px\" \/><\/p>\n<p data-start=\"2667\" data-end=\"2913\">Le mois sera aussi l\u2019occasion de se pr\u00e9parer au <strong data-start=\"2715\" data-end=\"2750\">Festival International des Jeux<\/strong>, dont la billetterie ouvrira le 7 octobre : un rendez-vous tr\u00e8s attendu par les amateurs de jeux de soci\u00e9t\u00e9, jeux de r\u00f4le, cartes \u00e0 collectionner et jeux vid\u00e9o.<\/p>\n<p data-start=\"2915\" data-end=\"3055\">Octobre \u00e0 Cannes promet ainsi un crescendo d\u2019\u00e9motions : six spectacles qui racontent, chacun \u00e0 leur mani\u00e8re, la magie du spectacle vivant.<\/p>\n<p data-start=\"2915\" data-end=\"3055\"><a href=\"https:\/\/montecarloliving.com\/wp-content\/uploads\/2025\/09\/Brochure-Saison-Culturelle-Cannes-2025-2026.pdf\">Brochure-Saison-Culturelle-Cannes-2025-2026<\/a><\/p>\n","protected":false},"excerpt":{"rendered":"<p>Le Palais des Festivals et le Th\u00e9\u00e2tre Palais St\u00e9phanie transforment octobre en une v\u00e9ritable sc\u00e8ne d\u2019\u00e9motions. Du 4 au 26, le public pourra d\u00e9couvrir une programmation vari\u00e9e m\u00ealant musique, rires et grand th\u00e9\u00e2tre. Le mois s\u2019ouvre avec la com\u00e9die p\u00e9tillante Rupture \u00e0 domicile et [&hellip;]<\/p>\n","protected":false},"author":1,"featured_media":25364,"comment_status":"closed","ping_status":"closed","sticky":false,"template":"","format":"standard","meta":{"footnotes":""},"categories":[827,870,828],"tags":[],"class_list":["post-25360","post","type-post","status-publish","format-standard","has-post-thumbnail","hentry","category-actualite","category-cannes-fr","category-evenements"],"yoast_head":"<!-- This site is optimized with the Yoast SEO plugin v27.4 - https:\/\/yoast.com\/product\/yoast-seo-wordpress\/ -->\n<title>Octobre au Palais des Festivals : th\u00e9\u00e2tre, musique et humour pour un mois \u00e0 vivre \u00e0 Cannes<\/title>\n<meta name=\"description\" content=\"Le Palais des Festivals et le Th\u00e9\u00e2tre Palais St\u00e9phanie transforment octobre en une v\u00e9ritable sc\u00e8ne d\u2019\u00e9motions. Du 4 au 26, le public pourra d\u00e9couvrir une Octobre au Palais des Festivals : th\u00e9\u00e2tre, musique et humour pour un mois \u00e0 vivre \u00e0 Cannes\" \/>\n<meta name=\"robots\" content=\"index, follow, max-snippet:-1, max-image-preview:large, max-video-preview:-1\" \/>\n<link rel=\"canonical\" href=\"https:\/\/montecarloliving.com\/fr\/actualite\/octobre-au-palais-des-festivals-theatre-musique-et-humour-pour-mois-vivre-cannes-25360\/\" \/>\n<meta property=\"og:locale\" content=\"fr_FR\" \/>\n<meta property=\"og:title\" content=\"Octobre au Palais des Festivals : th\u00e9\u00e2tre, musique et humour pour un mois \u00e0 vivre \u00e0 Cannes\" \/>\n<meta property=\"og:description\" content=\"Le Palais des Festivals et le Th\u00e9\u00e2tre Palais St\u00e9phanie transforment octobre en une v\u00e9ritable sc\u00e8ne d\u2019\u00e9motions. Du 4 au 26, le public pourra d\u00e9couvrir une Octobre au Palais des Festivals : th\u00e9\u00e2tre, musique et humour pour un mois \u00e0 vivre \u00e0 Cannes\" \/>\n<meta property=\"og:url\" content=\"https:\/\/montecarloliving.com\/fr\/actualite\/octobre-au-palais-des-festivals-theatre-musique-et-humour-pour-mois-vivre-cannes-25360\/\" \/>\n<meta property=\"og:site_name\" content=\"Montecarlo Living\" \/>\n<meta property=\"article:publisher\" content=\"https:\/\/www.facebook.com\/montecarlolivingcom\/\" \/>\n<meta property=\"article:published_time\" content=\"2025-09-30T09:44:46+00:00\" \/>\n<meta property=\"article:modified_time\" content=\"2025-09-30T09:49:14+00:00\" \/>\n<meta property=\"og:image\" content=\"https:\/\/montecarloliving.com\/wp-content\/uploads\/2025\/09\/palais-des-festivals-et-des-congres-de-Cannes-650x400.jpg\" \/>\n\t<meta property=\"og:image:width\" content=\"650\" \/>\n\t<meta property=\"og:image:height\" content=\"400\" \/>\n\t<meta property=\"og:image:type\" content=\"image\/jpeg\" \/>\n<meta name=\"author\" content=\"Redazione\" \/>\n<meta name=\"twitter:card\" content=\"summary_large_image\" \/>\n<meta name=\"twitter:creator\" content=\"@MonteCarloLivi\" \/>\n<meta name=\"twitter:site\" content=\"@MonteCarloLivi\" \/>\n<meta name=\"twitter:label1\" content=\"\u00c9crit par\" \/>\n\t<meta name=\"twitter:data1\" content=\"Redazione\" \/>\n\t<meta name=\"twitter:label2\" content=\"Dur\u00e9e de lecture estim\u00e9e\" \/>\n\t<meta name=\"twitter:data2\" content=\"2 minutes\" \/>\n<script type=\"application\/ld+json\" class=\"yoast-schema-graph\">{\"@context\":\"https:\\\/\\\/schema.org\",\"@graph\":[{\"@type\":\"Article\",\"@id\":\"https:\\\/\\\/montecarloliving.com\\\/fr\\\/actualite\\\/octobre-au-palais-des-festivals-theatre-musique-et-humour-pour-mois-vivre-cannes-25360\\\/#article\",\"isPartOf\":{\"@id\":\"https:\\\/\\\/montecarloliving.com\\\/fr\\\/actualite\\\/octobre-au-palais-des-festivals-theatre-musique-et-humour-pour-mois-vivre-cannes-25360\\\/\"},\"author\":{\"name\":\"Redazione\",\"@id\":\"https:\\\/\\\/montecarloliving.com\\\/fr\\\/#\\\/schema\\\/person\\\/7e5945d4560862b7f2d2c6831bda2819\"},\"headline\":\"Octobre au Palais des Festivals : th\u00e9\u00e2tre, musique et humour pour un mois \u00e0 vivre \u00e0 Cannes\",\"datePublished\":\"2025-09-30T09:44:46+00:00\",\"dateModified\":\"2025-09-30T09:49:14+00:00\",\"mainEntityOfPage\":{\"@id\":\"https:\\\/\\\/montecarloliving.com\\\/fr\\\/actualite\\\/octobre-au-palais-des-festivals-theatre-musique-et-humour-pour-mois-vivre-cannes-25360\\\/\"},\"wordCount\":240,\"image\":{\"@id\":\"https:\\\/\\\/montecarloliving.com\\\/fr\\\/actualite\\\/octobre-au-palais-des-festivals-theatre-musique-et-humour-pour-mois-vivre-cannes-25360\\\/#primaryimage\"},\"thumbnailUrl\":\"https:\\\/\\\/montecarloliving.com\\\/wp-content\\\/uploads\\\/2025\\\/09\\\/palais-des-festivals-et-des-congres-de-Cannes.jpg\",\"articleSection\":[\"Actualit\u00e9\",\"Cannes\",\"\u00c9v\u00e9nements\"],\"inLanguage\":\"fr-FR\"},{\"@type\":\"WebPage\",\"@id\":\"https:\\\/\\\/montecarloliving.com\\\/fr\\\/actualite\\\/octobre-au-palais-des-festivals-theatre-musique-et-humour-pour-mois-vivre-cannes-25360\\\/\",\"url\":\"https:\\\/\\\/montecarloliving.com\\\/fr\\\/actualite\\\/octobre-au-palais-des-festivals-theatre-musique-et-humour-pour-mois-vivre-cannes-25360\\\/\",\"name\":\"Octobre au Palais des Festivals : th\u00e9\u00e2tre, musique et humour pour un mois \u00e0 vivre \u00e0 Cannes\",\"isPartOf\":{\"@id\":\"https:\\\/\\\/montecarloliving.com\\\/fr\\\/#website\"},\"primaryImageOfPage\":{\"@id\":\"https:\\\/\\\/montecarloliving.com\\\/fr\\\/actualite\\\/octobre-au-palais-des-festivals-theatre-musique-et-humour-pour-mois-vivre-cannes-25360\\\/#primaryimage\"},\"image\":{\"@id\":\"https:\\\/\\\/montecarloliving.com\\\/fr\\\/actualite\\\/octobre-au-palais-des-festivals-theatre-musique-et-humour-pour-mois-vivre-cannes-25360\\\/#primaryimage\"},\"thumbnailUrl\":\"https:\\\/\\\/montecarloliving.com\\\/wp-content\\\/uploads\\\/2025\\\/09\\\/palais-des-festivals-et-des-congres-de-Cannes.jpg\",\"datePublished\":\"2025-09-30T09:44:46+00:00\",\"dateModified\":\"2025-09-30T09:49:14+00:00\",\"author\":{\"@id\":\"https:\\\/\\\/montecarloliving.com\\\/fr\\\/#\\\/schema\\\/person\\\/7e5945d4560862b7f2d2c6831bda2819\"},\"description\":\"Le Palais des Festivals et le Th\u00e9\u00e2tre Palais St\u00e9phanie transforment octobre en une v\u00e9ritable sc\u00e8ne d\u2019\u00e9motions. Du 4 au 26, le public pourra d\u00e9couvrir une Octobre au Palais des Festivals : th\u00e9\u00e2tre, musique et humour pour un mois \u00e0 vivre \u00e0 Cannes\",\"breadcrumb\":{\"@id\":\"https:\\\/\\\/montecarloliving.com\\\/fr\\\/actualite\\\/octobre-au-palais-des-festivals-theatre-musique-et-humour-pour-mois-vivre-cannes-25360\\\/#breadcrumb\"},\"inLanguage\":\"fr-FR\",\"potentialAction\":[{\"@type\":\"ReadAction\",\"target\":[\"https:\\\/\\\/montecarloliving.com\\\/fr\\\/actualite\\\/octobre-au-palais-des-festivals-theatre-musique-et-humour-pour-mois-vivre-cannes-25360\\\/\"]}]},{\"@type\":\"ImageObject\",\"inLanguage\":\"fr-FR\",\"@id\":\"https:\\\/\\\/montecarloliving.com\\\/fr\\\/actualite\\\/octobre-au-palais-des-festivals-theatre-musique-et-humour-pour-mois-vivre-cannes-25360\\\/#primaryimage\",\"url\":\"https:\\\/\\\/montecarloliving.com\\\/wp-content\\\/uploads\\\/2025\\\/09\\\/palais-des-festivals-et-des-congres-de-Cannes.jpg\",\"contentUrl\":\"https:\\\/\\\/montecarloliving.com\\\/wp-content\\\/uploads\\\/2025\\\/09\\\/palais-des-festivals-et-des-congres-de-Cannes.jpg\",\"width\":1920,\"height\":1080},{\"@type\":\"BreadcrumbList\",\"@id\":\"https:\\\/\\\/montecarloliving.com\\\/fr\\\/actualite\\\/octobre-au-palais-des-festivals-theatre-musique-et-humour-pour-mois-vivre-cannes-25360\\\/#breadcrumb\",\"itemListElement\":[{\"@type\":\"ListItem\",\"position\":1,\"name\":\"Home\",\"item\":\"https:\\\/\\\/montecarloliving.com\\\/fr\\\/\"},{\"@type\":\"ListItem\",\"position\":2,\"name\":\"Octobre au Palais des Festivals : th\u00e9\u00e2tre, musique et humour pour un mois \u00e0 vivre \u00e0 Cannes\"}]},{\"@type\":\"WebSite\",\"@id\":\"https:\\\/\\\/montecarloliving.com\\\/fr\\\/#website\",\"url\":\"https:\\\/\\\/montecarloliving.com\\\/fr\\\/\",\"name\":\"Montecarlo Living\",\"description\":\"News da Montecarlo - Principato di Monaco e Costa Azzurra\",\"potentialAction\":[{\"@type\":\"SearchAction\",\"target\":{\"@type\":\"EntryPoint\",\"urlTemplate\":\"https:\\\/\\\/montecarloliving.com\\\/fr\\\/?s={search_term_string}\"},\"query-input\":{\"@type\":\"PropertyValueSpecification\",\"valueRequired\":true,\"valueName\":\"search_term_string\"}}],\"inLanguage\":\"fr-FR\"},{\"@type\":\"Person\",\"@id\":\"https:\\\/\\\/montecarloliving.com\\\/fr\\\/#\\\/schema\\\/person\\\/7e5945d4560862b7f2d2c6831bda2819\",\"name\":\"Redazione\",\"image\":{\"@type\":\"ImageObject\",\"inLanguage\":\"fr-FR\",\"@id\":\"https:\\\/\\\/secure.gravatar.com\\\/avatar\\\/8b5f26557e18fe74ad8e8a57ebb2925d88af8a90cee489ff2beefb391bc9b9c7?s=96&d=mm&r=g\",\"url\":\"https:\\\/\\\/secure.gravatar.com\\\/avatar\\\/8b5f26557e18fe74ad8e8a57ebb2925d88af8a90cee489ff2beefb391bc9b9c7?s=96&d=mm&r=g\",\"contentUrl\":\"https:\\\/\\\/secure.gravatar.com\\\/avatar\\\/8b5f26557e18fe74ad8e8a57ebb2925d88af8a90cee489ff2beefb391bc9b9c7?s=96&d=mm&r=g\",\"caption\":\"Redazione\"}}]}<\/script>\n<!-- \/ Yoast SEO plugin. -->","yoast_head_json":{"title":"Octobre au Palais des Festivals : th\u00e9\u00e2tre, musique et humour pour un mois \u00e0 vivre \u00e0 Cannes","description":"Le Palais des Festivals et le Th\u00e9\u00e2tre Palais St\u00e9phanie transforment octobre en une v\u00e9ritable sc\u00e8ne d\u2019\u00e9motions. Du 4 au 26, le public pourra d\u00e9couvrir une Octobre au Palais des Festivals : th\u00e9\u00e2tre, musique et humour pour un mois \u00e0 vivre \u00e0 Cannes","robots":{"index":"index","follow":"follow","max-snippet":"max-snippet:-1","max-image-preview":"max-image-preview:large","max-video-preview":"max-video-preview:-1"},"canonical":"https:\/\/montecarloliving.com\/fr\/actualite\/octobre-au-palais-des-festivals-theatre-musique-et-humour-pour-mois-vivre-cannes-25360\/","og_locale":"fr_FR","og_title":"Octobre au Palais des Festivals : th\u00e9\u00e2tre, musique et humour pour un mois \u00e0 vivre \u00e0 Cannes","og_description":"Le Palais des Festivals et le Th\u00e9\u00e2tre Palais St\u00e9phanie transforment octobre en une v\u00e9ritable sc\u00e8ne d\u2019\u00e9motions. Du 4 au 26, le public pourra d\u00e9couvrir une Octobre au Palais des Festivals : th\u00e9\u00e2tre, musique et humour pour un mois \u00e0 vivre \u00e0 Cannes","og_url":"https:\/\/montecarloliving.com\/fr\/actualite\/octobre-au-palais-des-festivals-theatre-musique-et-humour-pour-mois-vivre-cannes-25360\/","og_site_name":"Montecarlo Living","article_publisher":"https:\/\/www.facebook.com\/montecarlolivingcom\/","article_published_time":"2025-09-30T09:44:46+00:00","article_modified_time":"2025-09-30T09:49:14+00:00","og_image":[{"width":650,"height":400,"url":"https:\/\/montecarloliving.com\/wp-content\/uploads\/2025\/09\/palais-des-festivals-et-des-congres-de-Cannes-650x400.jpg","type":"image\/jpeg"}],"author":"Redazione","twitter_card":"summary_large_image","twitter_creator":"@MonteCarloLivi","twitter_site":"@MonteCarloLivi","twitter_misc":{"\u00c9crit par":"Redazione","Dur\u00e9e de lecture estim\u00e9e":"2 minutes"},"schema":{"@context":"https:\/\/schema.org","@graph":[{"@type":"Article","@id":"https:\/\/montecarloliving.com\/fr\/actualite\/octobre-au-palais-des-festivals-theatre-musique-et-humour-pour-mois-vivre-cannes-25360\/#article","isPartOf":{"@id":"https:\/\/montecarloliving.com\/fr\/actualite\/octobre-au-palais-des-festivals-theatre-musique-et-humour-pour-mois-vivre-cannes-25360\/"},"author":{"name":"Redazione","@id":"https:\/\/montecarloliving.com\/fr\/#\/schema\/person\/7e5945d4560862b7f2d2c6831bda2819"},"headline":"Octobre au Palais des Festivals : th\u00e9\u00e2tre, musique et humour pour un mois \u00e0 vivre \u00e0 Cannes","datePublished":"2025-09-30T09:44:46+00:00","dateModified":"2025-09-30T09:49:14+00:00","mainEntityOfPage":{"@id":"https:\/\/montecarloliving.com\/fr\/actualite\/octobre-au-palais-des-festivals-theatre-musique-et-humour-pour-mois-vivre-cannes-25360\/"},"wordCount":240,"image":{"@id":"https:\/\/montecarloliving.com\/fr\/actualite\/octobre-au-palais-des-festivals-theatre-musique-et-humour-pour-mois-vivre-cannes-25360\/#primaryimage"},"thumbnailUrl":"https:\/\/montecarloliving.com\/wp-content\/uploads\/2025\/09\/palais-des-festivals-et-des-congres-de-Cannes.jpg","articleSection":["Actualit\u00e9","Cannes","\u00c9v\u00e9nements"],"inLanguage":"fr-FR"},{"@type":"WebPage","@id":"https:\/\/montecarloliving.com\/fr\/actualite\/octobre-au-palais-des-festivals-theatre-musique-et-humour-pour-mois-vivre-cannes-25360\/","url":"https:\/\/montecarloliving.com\/fr\/actualite\/octobre-au-palais-des-festivals-theatre-musique-et-humour-pour-mois-vivre-cannes-25360\/","name":"Octobre au Palais des Festivals : th\u00e9\u00e2tre, musique et humour pour un mois \u00e0 vivre \u00e0 Cannes","isPartOf":{"@id":"https:\/\/montecarloliving.com\/fr\/#website"},"primaryImageOfPage":{"@id":"https:\/\/montecarloliving.com\/fr\/actualite\/octobre-au-palais-des-festivals-theatre-musique-et-humour-pour-mois-vivre-cannes-25360\/#primaryimage"},"image":{"@id":"https:\/\/montecarloliving.com\/fr\/actualite\/octobre-au-palais-des-festivals-theatre-musique-et-humour-pour-mois-vivre-cannes-25360\/#primaryimage"},"thumbnailUrl":"https:\/\/montecarloliving.com\/wp-content\/uploads\/2025\/09\/palais-des-festivals-et-des-congres-de-Cannes.jpg","datePublished":"2025-09-30T09:44:46+00:00","dateModified":"2025-09-30T09:49:14+00:00","author":{"@id":"https:\/\/montecarloliving.com\/fr\/#\/schema\/person\/7e5945d4560862b7f2d2c6831bda2819"},"description":"Le Palais des Festivals et le Th\u00e9\u00e2tre Palais St\u00e9phanie transforment octobre en une v\u00e9ritable sc\u00e8ne d\u2019\u00e9motions. Du 4 au 26, le public pourra d\u00e9couvrir une Octobre au Palais des Festivals : th\u00e9\u00e2tre, musique et humour pour un mois \u00e0 vivre \u00e0 Cannes","breadcrumb":{"@id":"https:\/\/montecarloliving.com\/fr\/actualite\/octobre-au-palais-des-festivals-theatre-musique-et-humour-pour-mois-vivre-cannes-25360\/#breadcrumb"},"inLanguage":"fr-FR","potentialAction":[{"@type":"ReadAction","target":["https:\/\/montecarloliving.com\/fr\/actualite\/octobre-au-palais-des-festivals-theatre-musique-et-humour-pour-mois-vivre-cannes-25360\/"]}]},{"@type":"ImageObject","inLanguage":"fr-FR","@id":"https:\/\/montecarloliving.com\/fr\/actualite\/octobre-au-palais-des-festivals-theatre-musique-et-humour-pour-mois-vivre-cannes-25360\/#primaryimage","url":"https:\/\/montecarloliving.com\/wp-content\/uploads\/2025\/09\/palais-des-festivals-et-des-congres-de-Cannes.jpg","contentUrl":"https:\/\/montecarloliving.com\/wp-content\/uploads\/2025\/09\/palais-des-festivals-et-des-congres-de-Cannes.jpg","width":1920,"height":1080},{"@type":"BreadcrumbList","@id":"https:\/\/montecarloliving.com\/fr\/actualite\/octobre-au-palais-des-festivals-theatre-musique-et-humour-pour-mois-vivre-cannes-25360\/#breadcrumb","itemListElement":[{"@type":"ListItem","position":1,"name":"Home","item":"https:\/\/montecarloliving.com\/fr\/"},{"@type":"ListItem","position":2,"name":"Octobre au Palais des Festivals : th\u00e9\u00e2tre, musique et humour pour un mois \u00e0 vivre \u00e0 Cannes"}]},{"@type":"WebSite","@id":"https:\/\/montecarloliving.com\/fr\/#website","url":"https:\/\/montecarloliving.com\/fr\/","name":"Montecarlo Living","description":"News da Montecarlo - Principato di Monaco e Costa Azzurra","potentialAction":[{"@type":"SearchAction","target":{"@type":"EntryPoint","urlTemplate":"https:\/\/montecarloliving.com\/fr\/?s={search_term_string}"},"query-input":{"@type":"PropertyValueSpecification","valueRequired":true,"valueName":"search_term_string"}}],"inLanguage":"fr-FR"},{"@type":"Person","@id":"https:\/\/montecarloliving.com\/fr\/#\/schema\/person\/7e5945d4560862b7f2d2c6831bda2819","name":"Redazione","image":{"@type":"ImageObject","inLanguage":"fr-FR","@id":"https:\/\/secure.gravatar.com\/avatar\/8b5f26557e18fe74ad8e8a57ebb2925d88af8a90cee489ff2beefb391bc9b9c7?s=96&d=mm&r=g","url":"https:\/\/secure.gravatar.com\/avatar\/8b5f26557e18fe74ad8e8a57ebb2925d88af8a90cee489ff2beefb391bc9b9c7?s=96&d=mm&r=g","contentUrl":"https:\/\/secure.gravatar.com\/avatar\/8b5f26557e18fe74ad8e8a57ebb2925d88af8a90cee489ff2beefb391bc9b9c7?s=96&d=mm&r=g","caption":"Redazione"}}]}},"_links":{"self":[{"href":"https:\/\/montecarloliving.com\/fr\/wp-json\/wp\/v2\/posts\/25360","targetHints":{"allow":["GET"]}}],"collection":[{"href":"https:\/\/montecarloliving.com\/fr\/wp-json\/wp\/v2\/posts"}],"about":[{"href":"https:\/\/montecarloliving.com\/fr\/wp-json\/wp\/v2\/types\/post"}],"author":[{"embeddable":true,"href":"https:\/\/montecarloliving.com\/fr\/wp-json\/wp\/v2\/users\/1"}],"replies":[{"embeddable":true,"href":"https:\/\/montecarloliving.com\/fr\/wp-json\/wp\/v2\/comments?post=25360"}],"version-history":[{"count":1,"href":"https:\/\/montecarloliving.com\/fr\/wp-json\/wp\/v2\/posts\/25360\/revisions"}],"predecessor-version":[{"id":25361,"href":"https:\/\/montecarloliving.com\/fr\/wp-json\/wp\/v2\/posts\/25360\/revisions\/25361"}],"wp:featuredmedia":[{"embeddable":true,"href":"https:\/\/montecarloliving.com\/fr\/wp-json\/wp\/v2\/media\/25364"}],"wp:attachment":[{"href":"https:\/\/montecarloliving.com\/fr\/wp-json\/wp\/v2\/media?parent=25360"}],"wp:term":[{"taxonomy":"category","embeddable":true,"href":"https:\/\/montecarloliving.com\/fr\/wp-json\/wp\/v2\/categories?post=25360"},{"taxonomy":"post_tag","embeddable":true,"href":"https:\/\/montecarloliving.com\/fr\/wp-json\/wp\/v2\/tags?post=25360"}],"curies":[{"name":"wp","href":"https:\/\/api.w.org\/{rel}","templated":true}]}}