{"id":24599,"date":"2025-09-01T09:44:25","date_gmt":"2025-09-01T07:44:25","guid":{"rendered":"https:\/\/montecarloliving.com\/?p=24599"},"modified":"2025-09-01T09:45:12","modified_gmt":"2025-09-01T07:45:12","slug":"ludmilla-raconnat-goff-nommee-delegue-en-charge-de-lattractivite","status":"publish","type":"post","link":"https:\/\/montecarloliving.com\/fr\/actualite\/ludmilla-raconnat-goff-nommee-delegue-en-charge-de-lattractivite-24599\/","title":{"rendered":"Ludmilla Raconnat Le Goff nomm\u00e9e D\u00e9l\u00e9gu\u00e9 en charge de l\u2019Attractivit\u00e9"},"content":{"rendered":"<p data-start=\"331\" data-end=\"647\">Par Ordonnance Souveraine publi\u00e9e au <em data-start=\"368\" data-end=\"387\">Journal de Monaco<\/em> de ce jour, Madame Ludmilla Raconnat Le Goff, Directeur G\u00e9n\u00e9ral du D\u00e9partement des Affaires Sociales et de la Sant\u00e9, a \u00e9t\u00e9 nomm\u00e9e D\u00e9l\u00e9gu\u00e9 en charge de l\u2019Attractivit\u00e9 aupr\u00e8s du Ministre d\u2019\u00c9tat et Secr\u00e9taire G\u00e9n\u00e9ral du Conseil Strat\u00e9gique pour l\u2019Attractivit\u00e9.<\/p>\n<p data-start=\"649\" data-end=\"873\">Plac\u00e9e directement sous l\u2019autorit\u00e9 du Ministre d\u2019\u00c9tat, Madame Raconnat Le Goff aura pour mission de coordonner la politique d\u2019attractivit\u00e9 de la Principaut\u00e9 dans toutes ses dimensions et notamment pour responsabilit\u00e9s de :<\/p>\n<ul data-start=\"874\" data-end=\"1356\">\n<li data-start=\"874\" data-end=\"1039\">\n<p data-start=\"876\" data-end=\"1039\">proposer au Gouvernement Princier une feuille de route strat\u00e9gique 2025\u20132026, structur\u00e9e autour des principes de gouvernance, de coordination et de s\u00e9lectivit\u00e9 ;<\/p>\n<\/li>\n<li data-start=\"1040\" data-end=\"1127\">\n<p data-start=\"1042\" data-end=\"1127\">renforcer la synergie des acteurs publics et priv\u00e9s impliqu\u00e9s dans l\u2019attractivit\u00e9 ;<\/p>\n<\/li>\n<li data-start=\"1128\" data-end=\"1207\">\n<p data-start=\"1130\" data-end=\"1207\">mettre en place une ligne \u00e9ditoriale commune \u00e0 l\u2019ensemble des partenaires ;<\/p>\n<\/li>\n<li data-start=\"1208\" data-end=\"1268\">\n<p data-start=\"1210\" data-end=\"1268\">d\u00e9velopper des dispositifs d\u2019accompagnement sur mesure ;<\/p>\n<\/li>\n<li data-start=\"1269\" data-end=\"1356\">\n<p data-start=\"1271\" data-end=\"1356\">assurer la relance et l\u2019animation du Conseil Strat\u00e9gique pour l\u2019Attractivit\u00e9 (CSA).<\/p>\n<\/li>\n<\/ul>\n<p data-start=\"1358\" data-end=\"1582\"><strong data-start=\"1358\" data-end=\"1394\">Un parcours au service de l\u2019\u00c9tat<\/strong><br data-start=\"1394\" data-end=\"1397\" \/>Dipl\u00f4m\u00e9e de Kedge Business School (\u00c9conomie et Affaires Internationales), Madame Raconnat Le Goff a consacr\u00e9 l\u2019essentiel de son parcours professionnel au service de l\u2019\u00c9tat mon\u00e9gasque.<\/p>\n<p data-start=\"1584\" data-end=\"2180\">Directeur G\u00e9n\u00e9ral du D\u00e9partement des Affaires Sociales et de la Sant\u00e9 depuis 2021, elle y a coordonn\u00e9 des r\u00e9formes majeures : retraites, t\u00e9l\u00e9travail, cr\u00e9ation de la Caisse Mon\u00e9gasque de Retraite Compl\u00e9mentaire (CMRC), ouverture du Centre d\u2019Accueil de Jour franco-mon\u00e9gasque de p\u00e9dopsychiatrie, ainsi que la mise en place de l\u2019ensemble des structures Covid (suivi, d\u00e9pistage et vaccination) pendant la crise sanitaire. Elle a \u00e9galement si\u00e9g\u00e9 au Conseil d\u2019administration des \u00e9tablissements de sant\u00e9 de la Principaut\u00e9 (Centre Hospitalier Princesse Grace, Centre Cardio-thoracique de Monaco, IM2S).<\/p>\n<p data-start=\"2182\" data-end=\"2307\">Auparavant, elle avait exerc\u00e9 les fonctions de Conseiller Technique puis de Secr\u00e9taire G\u00e9n\u00e9ral au sein du m\u00eame D\u00e9partement.<\/p>\n<p data-start=\"2309\" data-end=\"2579\">De 2007 \u00e0 2009, elle a \u00e9galement occup\u00e9 le poste d\u2019Adjoint au Directeur au Monaco Economic Board (MEB), o\u00f9 elle a particip\u00e9 \u00e0 des op\u00e9rations de promotion \u00e9conomique de la Principaut\u00e9 ainsi qu\u2019\u00e0 l\u2019organisation et \u00e0 la conduite de missions \u00e9conomiques \u00e0 l\u2019international.<\/p>\n","protected":false},"excerpt":{"rendered":"<p>Par Ordonnance Souveraine publi\u00e9e au Journal de Monaco de ce jour, Madame Ludmilla Raconnat Le Goff, Directeur G\u00e9n\u00e9ral du D\u00e9partement des Affaires Sociales et de la Sant\u00e9, a \u00e9t\u00e9 nomm\u00e9e D\u00e9l\u00e9gu\u00e9 en charge de l\u2019Attractivit\u00e9 aupr\u00e8s du Ministre d\u2019\u00c9tat et Secr\u00e9taire G\u00e9n\u00e9ral du Conseil [&hellip;]<\/p>\n","protected":false},"author":1,"featured_media":24597,"comment_status":"closed","ping_status":"closed","sticky":false,"template":"","format":"standard","meta":{"footnotes":""},"categories":[827,875,867],"tags":[],"class_list":["post-24599","post","type-post","status-publish","format-standard","has-post-thumbnail","hentry","category-actualite","category-actualite-monaco","category-monaco-fr"],"yoast_head":"<!-- This site is optimized with the Yoast SEO plugin v27.4 - https:\/\/yoast.com\/product\/yoast-seo-wordpress\/ -->\n<title>Ludmilla Raconnat Le Goff nomm\u00e9e D\u00e9l\u00e9gu\u00e9 en charge de l\u2019Attractivit\u00e9<\/title>\n<meta name=\"description\" content=\"Par Ordonnance Souveraine publi\u00e9e au Journal de Monaco de ce jour, Madame Ludmilla Raconnat Le Goff, Directeur G\u00e9n\u00e9ral du D\u00e9partement des Affaires Ludmilla Raconnat Le Goff nomm\u00e9e D\u00e9l\u00e9gu\u00e9 en charge de l\u2019Attractivit\u00e9\" \/>\n<meta name=\"robots\" content=\"index, follow, max-snippet:-1, max-image-preview:large, max-video-preview:-1\" \/>\n<link rel=\"canonical\" href=\"https:\/\/montecarloliving.com\/fr\/actualite\/ludmilla-raconnat-goff-nommee-delegue-en-charge-de-lattractivite-24599\/\" \/>\n<meta property=\"og:locale\" content=\"fr_FR\" \/>\n<meta property=\"og:title\" content=\"Ludmilla Raconnat Le Goff nomm\u00e9e D\u00e9l\u00e9gu\u00e9 en charge de l\u2019Attractivit\u00e9\" \/>\n<meta property=\"og:description\" content=\"Par Ordonnance Souveraine publi\u00e9e au Journal de Monaco de ce jour, Madame Ludmilla Raconnat Le Goff, Directeur G\u00e9n\u00e9ral du D\u00e9partement des Affaires Ludmilla Raconnat Le Goff nomm\u00e9e D\u00e9l\u00e9gu\u00e9 en charge de l\u2019Attractivit\u00e9\" \/>\n<meta property=\"og:url\" content=\"https:\/\/montecarloliving.com\/fr\/actualite\/ludmilla-raconnat-goff-nommee-delegue-en-charge-de-lattractivite-24599\/\" \/>\n<meta property=\"og:site_name\" content=\"Montecarlo Living\" \/>\n<meta property=\"article:publisher\" content=\"https:\/\/www.facebook.com\/montecarlolivingcom\/\" \/>\n<meta property=\"article:published_time\" content=\"2025-09-01T07:44:25+00:00\" \/>\n<meta property=\"article:modified_time\" content=\"2025-09-01T07:45:12+00:00\" \/>\n<meta property=\"og:image\" content=\"https:\/\/montecarloliving.com\/wp-content\/uploads\/2025\/09\/Ludmilla-Raconnat-Le-Goff-@Direction-de-la-Communication-_-Stephane-Danna-1-650x400.jpg\" \/>\n\t<meta property=\"og:image:width\" content=\"650\" \/>\n\t<meta property=\"og:image:height\" content=\"400\" \/>\n\t<meta property=\"og:image:type\" content=\"image\/jpeg\" \/>\n<meta name=\"author\" content=\"Redazione\" \/>\n<meta name=\"twitter:card\" content=\"summary_large_image\" \/>\n<meta name=\"twitter:creator\" content=\"@MonteCarloLivi\" \/>\n<meta name=\"twitter:site\" content=\"@MonteCarloLivi\" \/>\n<meta name=\"twitter:label1\" content=\"\u00c9crit par\" \/>\n\t<meta name=\"twitter:data1\" content=\"Redazione\" \/>\n<script type=\"application\/ld+json\" class=\"yoast-schema-graph\">{\"@context\":\"https:\\\/\\\/schema.org\",\"@graph\":[{\"@type\":\"Article\",\"@id\":\"https:\\\/\\\/montecarloliving.com\\\/fr\\\/actualite\\\/ludmilla-raconnat-goff-nommee-delegue-en-charge-de-lattractivite-24599\\\/#article\",\"isPartOf\":{\"@id\":\"https:\\\/\\\/montecarloliving.com\\\/fr\\\/actualite\\\/ludmilla-raconnat-goff-nommee-delegue-en-charge-de-lattractivite-24599\\\/\"},\"author\":{\"name\":\"Redazione\",\"@id\":\"https:\\\/\\\/montecarloliving.com\\\/fr\\\/#\\\/schema\\\/person\\\/7e5945d4560862b7f2d2c6831bda2819\"},\"headline\":\"Ludmilla Raconnat Le Goff nomm\u00e9e D\u00e9l\u00e9gu\u00e9 en charge de l\u2019Attractivit\u00e9\",\"datePublished\":\"2025-09-01T07:44:25+00:00\",\"dateModified\":\"2025-09-01T07:45:12+00:00\",\"mainEntityOfPage\":{\"@id\":\"https:\\\/\\\/montecarloliving.com\\\/fr\\\/actualite\\\/ludmilla-raconnat-goff-nommee-delegue-en-charge-de-lattractivite-24599\\\/\"},\"wordCount\":381,\"image\":{\"@id\":\"https:\\\/\\\/montecarloliving.com\\\/fr\\\/actualite\\\/ludmilla-raconnat-goff-nommee-delegue-en-charge-de-lattractivite-24599\\\/#primaryimage\"},\"thumbnailUrl\":\"https:\\\/\\\/montecarloliving.com\\\/wp-content\\\/uploads\\\/2025\\\/09\\\/Ludmilla-Raconnat-Le-Goff-@Direction-de-la-Communication-_-Stephane-Danna-1-scaled.jpg\",\"articleSection\":[\"Actualit\u00e9\",\"Actualit\u00e9 \u00e0 Monaco\",\"Monaco\"],\"inLanguage\":\"fr-FR\"},{\"@type\":\"WebPage\",\"@id\":\"https:\\\/\\\/montecarloliving.com\\\/fr\\\/actualite\\\/ludmilla-raconnat-goff-nommee-delegue-en-charge-de-lattractivite-24599\\\/\",\"url\":\"https:\\\/\\\/montecarloliving.com\\\/fr\\\/actualite\\\/ludmilla-raconnat-goff-nommee-delegue-en-charge-de-lattractivite-24599\\\/\",\"name\":\"Ludmilla Raconnat Le Goff nomm\u00e9e D\u00e9l\u00e9gu\u00e9 en charge de l\u2019Attractivit\u00e9\",\"isPartOf\":{\"@id\":\"https:\\\/\\\/montecarloliving.com\\\/fr\\\/#website\"},\"primaryImageOfPage\":{\"@id\":\"https:\\\/\\\/montecarloliving.com\\\/fr\\\/actualite\\\/ludmilla-raconnat-goff-nommee-delegue-en-charge-de-lattractivite-24599\\\/#primaryimage\"},\"image\":{\"@id\":\"https:\\\/\\\/montecarloliving.com\\\/fr\\\/actualite\\\/ludmilla-raconnat-goff-nommee-delegue-en-charge-de-lattractivite-24599\\\/#primaryimage\"},\"thumbnailUrl\":\"https:\\\/\\\/montecarloliving.com\\\/wp-content\\\/uploads\\\/2025\\\/09\\\/Ludmilla-Raconnat-Le-Goff-@Direction-de-la-Communication-_-Stephane-Danna-1-scaled.jpg\",\"datePublished\":\"2025-09-01T07:44:25+00:00\",\"dateModified\":\"2025-09-01T07:45:12+00:00\",\"author\":{\"@id\":\"https:\\\/\\\/montecarloliving.com\\\/fr\\\/#\\\/schema\\\/person\\\/7e5945d4560862b7f2d2c6831bda2819\"},\"description\":\"Par Ordonnance Souveraine publi\u00e9e au Journal de Monaco de ce jour, Madame Ludmilla Raconnat Le Goff, Directeur G\u00e9n\u00e9ral du D\u00e9partement des Affaires Ludmilla Raconnat Le Goff nomm\u00e9e D\u00e9l\u00e9gu\u00e9 en charge de l\u2019Attractivit\u00e9\",\"breadcrumb\":{\"@id\":\"https:\\\/\\\/montecarloliving.com\\\/fr\\\/actualite\\\/ludmilla-raconnat-goff-nommee-delegue-en-charge-de-lattractivite-24599\\\/#breadcrumb\"},\"inLanguage\":\"fr-FR\",\"potentialAction\":[{\"@type\":\"ReadAction\",\"target\":[\"https:\\\/\\\/montecarloliving.com\\\/fr\\\/actualite\\\/ludmilla-raconnat-goff-nommee-delegue-en-charge-de-lattractivite-24599\\\/\"]}]},{\"@type\":\"ImageObject\",\"inLanguage\":\"fr-FR\",\"@id\":\"https:\\\/\\\/montecarloliving.com\\\/fr\\\/actualite\\\/ludmilla-raconnat-goff-nommee-delegue-en-charge-de-lattractivite-24599\\\/#primaryimage\",\"url\":\"https:\\\/\\\/montecarloliving.com\\\/wp-content\\\/uploads\\\/2025\\\/09\\\/Ludmilla-Raconnat-Le-Goff-@Direction-de-la-Communication-_-Stephane-Danna-1-scaled.jpg\",\"contentUrl\":\"https:\\\/\\\/montecarloliving.com\\\/wp-content\\\/uploads\\\/2025\\\/09\\\/Ludmilla-Raconnat-Le-Goff-@Direction-de-la-Communication-_-Stephane-Danna-1-scaled.jpg\",\"width\":2560,\"height\":1707},{\"@type\":\"BreadcrumbList\",\"@id\":\"https:\\\/\\\/montecarloliving.com\\\/fr\\\/actualite\\\/ludmilla-raconnat-goff-nommee-delegue-en-charge-de-lattractivite-24599\\\/#breadcrumb\",\"itemListElement\":[{\"@type\":\"ListItem\",\"position\":1,\"name\":\"Home\",\"item\":\"https:\\\/\\\/montecarloliving.com\\\/fr\\\/\"},{\"@type\":\"ListItem\",\"position\":2,\"name\":\"Ludmilla Raconnat Le Goff nomm\u00e9e D\u00e9l\u00e9gu\u00e9 en charge de l\u2019Attractivit\u00e9\"}]},{\"@type\":\"WebSite\",\"@id\":\"https:\\\/\\\/montecarloliving.com\\\/fr\\\/#website\",\"url\":\"https:\\\/\\\/montecarloliving.com\\\/fr\\\/\",\"name\":\"Montecarlo Living\",\"description\":\"News da Montecarlo - Principato di Monaco e Costa Azzurra\",\"potentialAction\":[{\"@type\":\"SearchAction\",\"target\":{\"@type\":\"EntryPoint\",\"urlTemplate\":\"https:\\\/\\\/montecarloliving.com\\\/fr\\\/?s={search_term_string}\"},\"query-input\":{\"@type\":\"PropertyValueSpecification\",\"valueRequired\":true,\"valueName\":\"search_term_string\"}}],\"inLanguage\":\"fr-FR\"},{\"@type\":\"Person\",\"@id\":\"https:\\\/\\\/montecarloliving.com\\\/fr\\\/#\\\/schema\\\/person\\\/7e5945d4560862b7f2d2c6831bda2819\",\"name\":\"Redazione\",\"image\":{\"@type\":\"ImageObject\",\"inLanguage\":\"fr-FR\",\"@id\":\"https:\\\/\\\/secure.gravatar.com\\\/avatar\\\/8b5f26557e18fe74ad8e8a57ebb2925d88af8a90cee489ff2beefb391bc9b9c7?s=96&d=mm&r=g\",\"url\":\"https:\\\/\\\/secure.gravatar.com\\\/avatar\\\/8b5f26557e18fe74ad8e8a57ebb2925d88af8a90cee489ff2beefb391bc9b9c7?s=96&d=mm&r=g\",\"contentUrl\":\"https:\\\/\\\/secure.gravatar.com\\\/avatar\\\/8b5f26557e18fe74ad8e8a57ebb2925d88af8a90cee489ff2beefb391bc9b9c7?s=96&d=mm&r=g\",\"caption\":\"Redazione\"}}]}<\/script>\n<!-- \/ Yoast SEO plugin. -->","yoast_head_json":{"title":"Ludmilla Raconnat Le Goff nomm\u00e9e D\u00e9l\u00e9gu\u00e9 en charge de l\u2019Attractivit\u00e9","description":"Par Ordonnance Souveraine publi\u00e9e au Journal de Monaco de ce jour, Madame Ludmilla Raconnat Le Goff, Directeur G\u00e9n\u00e9ral du D\u00e9partement des Affaires Ludmilla Raconnat Le Goff nomm\u00e9e D\u00e9l\u00e9gu\u00e9 en charge de l\u2019Attractivit\u00e9","robots":{"index":"index","follow":"follow","max-snippet":"max-snippet:-1","max-image-preview":"max-image-preview:large","max-video-preview":"max-video-preview:-1"},"canonical":"https:\/\/montecarloliving.com\/fr\/actualite\/ludmilla-raconnat-goff-nommee-delegue-en-charge-de-lattractivite-24599\/","og_locale":"fr_FR","og_title":"Ludmilla Raconnat Le Goff nomm\u00e9e D\u00e9l\u00e9gu\u00e9 en charge de l\u2019Attractivit\u00e9","og_description":"Par Ordonnance Souveraine publi\u00e9e au Journal de Monaco de ce jour, Madame Ludmilla Raconnat Le Goff, Directeur G\u00e9n\u00e9ral du D\u00e9partement des Affaires Ludmilla Raconnat Le Goff nomm\u00e9e D\u00e9l\u00e9gu\u00e9 en charge de l\u2019Attractivit\u00e9","og_url":"https:\/\/montecarloliving.com\/fr\/actualite\/ludmilla-raconnat-goff-nommee-delegue-en-charge-de-lattractivite-24599\/","og_site_name":"Montecarlo Living","article_publisher":"https:\/\/www.facebook.com\/montecarlolivingcom\/","article_published_time":"2025-09-01T07:44:25+00:00","article_modified_time":"2025-09-01T07:45:12+00:00","og_image":[{"width":650,"height":400,"url":"https:\/\/montecarloliving.com\/wp-content\/uploads\/2025\/09\/Ludmilla-Raconnat-Le-Goff-@Direction-de-la-Communication-_-Stephane-Danna-1-650x400.jpg","type":"image\/jpeg"}],"author":"Redazione","twitter_card":"summary_large_image","twitter_creator":"@MonteCarloLivi","twitter_site":"@MonteCarloLivi","twitter_misc":{"\u00c9crit par":"Redazione"},"schema":{"@context":"https:\/\/schema.org","@graph":[{"@type":"Article","@id":"https:\/\/montecarloliving.com\/fr\/actualite\/ludmilla-raconnat-goff-nommee-delegue-en-charge-de-lattractivite-24599\/#article","isPartOf":{"@id":"https:\/\/montecarloliving.com\/fr\/actualite\/ludmilla-raconnat-goff-nommee-delegue-en-charge-de-lattractivite-24599\/"},"author":{"name":"Redazione","@id":"https:\/\/montecarloliving.com\/fr\/#\/schema\/person\/7e5945d4560862b7f2d2c6831bda2819"},"headline":"Ludmilla Raconnat Le Goff nomm\u00e9e D\u00e9l\u00e9gu\u00e9 en charge de l\u2019Attractivit\u00e9","datePublished":"2025-09-01T07:44:25+00:00","dateModified":"2025-09-01T07:45:12+00:00","mainEntityOfPage":{"@id":"https:\/\/montecarloliving.com\/fr\/actualite\/ludmilla-raconnat-goff-nommee-delegue-en-charge-de-lattractivite-24599\/"},"wordCount":381,"image":{"@id":"https:\/\/montecarloliving.com\/fr\/actualite\/ludmilla-raconnat-goff-nommee-delegue-en-charge-de-lattractivite-24599\/#primaryimage"},"thumbnailUrl":"https:\/\/montecarloliving.com\/wp-content\/uploads\/2025\/09\/Ludmilla-Raconnat-Le-Goff-@Direction-de-la-Communication-_-Stephane-Danna-1-scaled.jpg","articleSection":["Actualit\u00e9","Actualit\u00e9 \u00e0 Monaco","Monaco"],"inLanguage":"fr-FR"},{"@type":"WebPage","@id":"https:\/\/montecarloliving.com\/fr\/actualite\/ludmilla-raconnat-goff-nommee-delegue-en-charge-de-lattractivite-24599\/","url":"https:\/\/montecarloliving.com\/fr\/actualite\/ludmilla-raconnat-goff-nommee-delegue-en-charge-de-lattractivite-24599\/","name":"Ludmilla Raconnat Le Goff nomm\u00e9e D\u00e9l\u00e9gu\u00e9 en charge de l\u2019Attractivit\u00e9","isPartOf":{"@id":"https:\/\/montecarloliving.com\/fr\/#website"},"primaryImageOfPage":{"@id":"https:\/\/montecarloliving.com\/fr\/actualite\/ludmilla-raconnat-goff-nommee-delegue-en-charge-de-lattractivite-24599\/#primaryimage"},"image":{"@id":"https:\/\/montecarloliving.com\/fr\/actualite\/ludmilla-raconnat-goff-nommee-delegue-en-charge-de-lattractivite-24599\/#primaryimage"},"thumbnailUrl":"https:\/\/montecarloliving.com\/wp-content\/uploads\/2025\/09\/Ludmilla-Raconnat-Le-Goff-@Direction-de-la-Communication-_-Stephane-Danna-1-scaled.jpg","datePublished":"2025-09-01T07:44:25+00:00","dateModified":"2025-09-01T07:45:12+00:00","author":{"@id":"https:\/\/montecarloliving.com\/fr\/#\/schema\/person\/7e5945d4560862b7f2d2c6831bda2819"},"description":"Par Ordonnance Souveraine publi\u00e9e au Journal de Monaco de ce jour, Madame Ludmilla Raconnat Le Goff, Directeur G\u00e9n\u00e9ral du D\u00e9partement des Affaires Ludmilla Raconnat Le Goff nomm\u00e9e D\u00e9l\u00e9gu\u00e9 en charge de l\u2019Attractivit\u00e9","breadcrumb":{"@id":"https:\/\/montecarloliving.com\/fr\/actualite\/ludmilla-raconnat-goff-nommee-delegue-en-charge-de-lattractivite-24599\/#breadcrumb"},"inLanguage":"fr-FR","potentialAction":[{"@type":"ReadAction","target":["https:\/\/montecarloliving.com\/fr\/actualite\/ludmilla-raconnat-goff-nommee-delegue-en-charge-de-lattractivite-24599\/"]}]},{"@type":"ImageObject","inLanguage":"fr-FR","@id":"https:\/\/montecarloliving.com\/fr\/actualite\/ludmilla-raconnat-goff-nommee-delegue-en-charge-de-lattractivite-24599\/#primaryimage","url":"https:\/\/montecarloliving.com\/wp-content\/uploads\/2025\/09\/Ludmilla-Raconnat-Le-Goff-@Direction-de-la-Communication-_-Stephane-Danna-1-scaled.jpg","contentUrl":"https:\/\/montecarloliving.com\/wp-content\/uploads\/2025\/09\/Ludmilla-Raconnat-Le-Goff-@Direction-de-la-Communication-_-Stephane-Danna-1-scaled.jpg","width":2560,"height":1707},{"@type":"BreadcrumbList","@id":"https:\/\/montecarloliving.com\/fr\/actualite\/ludmilla-raconnat-goff-nommee-delegue-en-charge-de-lattractivite-24599\/#breadcrumb","itemListElement":[{"@type":"ListItem","position":1,"name":"Home","item":"https:\/\/montecarloliving.com\/fr\/"},{"@type":"ListItem","position":2,"name":"Ludmilla Raconnat Le Goff nomm\u00e9e D\u00e9l\u00e9gu\u00e9 en charge de l\u2019Attractivit\u00e9"}]},{"@type":"WebSite","@id":"https:\/\/montecarloliving.com\/fr\/#website","url":"https:\/\/montecarloliving.com\/fr\/","name":"Montecarlo Living","description":"News da Montecarlo - Principato di Monaco e Costa Azzurra","potentialAction":[{"@type":"SearchAction","target":{"@type":"EntryPoint","urlTemplate":"https:\/\/montecarloliving.com\/fr\/?s={search_term_string}"},"query-input":{"@type":"PropertyValueSpecification","valueRequired":true,"valueName":"search_term_string"}}],"inLanguage":"fr-FR"},{"@type":"Person","@id":"https:\/\/montecarloliving.com\/fr\/#\/schema\/person\/7e5945d4560862b7f2d2c6831bda2819","name":"Redazione","image":{"@type":"ImageObject","inLanguage":"fr-FR","@id":"https:\/\/secure.gravatar.com\/avatar\/8b5f26557e18fe74ad8e8a57ebb2925d88af8a90cee489ff2beefb391bc9b9c7?s=96&d=mm&r=g","url":"https:\/\/secure.gravatar.com\/avatar\/8b5f26557e18fe74ad8e8a57ebb2925d88af8a90cee489ff2beefb391bc9b9c7?s=96&d=mm&r=g","contentUrl":"https:\/\/secure.gravatar.com\/avatar\/8b5f26557e18fe74ad8e8a57ebb2925d88af8a90cee489ff2beefb391bc9b9c7?s=96&d=mm&r=g","caption":"Redazione"}}]}},"_links":{"self":[{"href":"https:\/\/montecarloliving.com\/fr\/wp-json\/wp\/v2\/posts\/24599","targetHints":{"allow":["GET"]}}],"collection":[{"href":"https:\/\/montecarloliving.com\/fr\/wp-json\/wp\/v2\/posts"}],"about":[{"href":"https:\/\/montecarloliving.com\/fr\/wp-json\/wp\/v2\/types\/post"}],"author":[{"embeddable":true,"href":"https:\/\/montecarloliving.com\/fr\/wp-json\/wp\/v2\/users\/1"}],"replies":[{"embeddable":true,"href":"https:\/\/montecarloliving.com\/fr\/wp-json\/wp\/v2\/comments?post=24599"}],"version-history":[{"count":1,"href":"https:\/\/montecarloliving.com\/fr\/wp-json\/wp\/v2\/posts\/24599\/revisions"}],"predecessor-version":[{"id":24600,"href":"https:\/\/montecarloliving.com\/fr\/wp-json\/wp\/v2\/posts\/24599\/revisions\/24600"}],"wp:featuredmedia":[{"embeddable":true,"href":"https:\/\/montecarloliving.com\/fr\/wp-json\/wp\/v2\/media\/24597"}],"wp:attachment":[{"href":"https:\/\/montecarloliving.com\/fr\/wp-json\/wp\/v2\/media?parent=24599"}],"wp:term":[{"taxonomy":"category","embeddable":true,"href":"https:\/\/montecarloliving.com\/fr\/wp-json\/wp\/v2\/categories?post=24599"},{"taxonomy":"post_tag","embeddable":true,"href":"https:\/\/montecarloliving.com\/fr\/wp-json\/wp\/v2\/tags?post=24599"}],"curies":[{"name":"wp","href":"https:\/\/api.w.org\/{rel}","templated":true}]}}