{"id":24424,"date":"2025-08-20T09:56:41","date_gmt":"2025-08-20T07:56:41","guid":{"rendered":"https:\/\/montecarloliving.com\/?p=24424"},"modified":"2025-08-20T09:58:06","modified_gmt":"2025-08-20T07:58:06","slug":"palerme-monaco-2025-20e-edition-du-grand-defi-offshore-prend-large","status":"publish","type":"post","link":"https:\/\/montecarloliving.com\/fr\/monaco-fr\/sport-fr\/palerme-monaco-2025-20e-edition-du-grand-defi-offshore-prend-large-24424\/","title":{"rendered":"Palerme-Monaco 2025 : la 20e \u00e9dition du grand d\u00e9fi offshore prend le large"},"content":{"rendered":"<p data-start=\"2850\" data-end=\"3188\">La <strong data-start=\"2853\" data-end=\"2889\">20e \u00e9dition de la Palerme-Monaco<\/strong> a officiellement pris le d\u00e9part : une course au large de 500 milles nautiques reliant le golfe de Mondello \u00e0 la Principaut\u00e9 de Monaco. En vingt ans, cette r\u00e9gate s\u2019est impos\u00e9e comme l\u2019une des classiques les plus prestigieuses de la M\u00e9diterran\u00e9e, alliant excellence sportive et tradition maritime.<\/p>\n<h3 data-start=\"3190\" data-end=\"3216\">Un d\u00e9part symbolique<\/h3>\n<p data-start=\"3217\" data-end=\"3714\">Le coup d\u2019envoi a \u00e9t\u00e9 donn\u00e9 \u00e0 midi, en pr\u00e9sence de la <strong data-start=\"3271\" data-end=\"3283\">Palinuro<\/strong>, navire-\u00e9cole de la Marine militaire italienne, qui a conf\u00e9r\u00e9 une solennit\u00e9 particuli\u00e8re \u00e0 cette \u00e9dition anniversaire. \u00ab Plus qu\u2019une r\u00e9gate, la Palerme-Monaco est un pont qui unit Monaco et la Sicile, en pr\u00e9servant l\u2019esprit d\u2019aventure et de convivialit\u00e9 \u00bb, a d\u00e9clar\u00e9 Bernard d\u2019Alessandri, Secr\u00e9taire G\u00e9n\u00e9ral du <strong data-start=\"3595\" data-end=\"3619\">Yacht Club de Monaco<\/strong>, co-organisateur avec le <strong data-start=\"3645\" data-end=\"3675\">Circolo della Vela Sicilia<\/strong> et le <strong data-start=\"3682\" data-end=\"3711\">Yacht Club Costa Smeralda<\/strong>.<\/p>\n<h3 data-start=\"3716\" data-end=\"3747\">Une flotte internationale<\/h3>\n<p data-start=\"3748\" data-end=\"4104\">Cette ann\u00e9e, la flotte r\u00e9unit <strong data-start=\"3778\" data-end=\"3815\">45 bateaux repr\u00e9sentant 7 nations<\/strong>, men\u00e9e par le <strong data-start=\"3830\" data-end=\"3853\">Maxi Black Jack 100<\/strong>, d\u00e9tenteur du record 2024 en 44h 34m 14s. \u00c0 ses c\u00f4t\u00e9s, quatre voiliers d\u00e9fendent les couleurs mon\u00e9gasques : <strong data-start=\"3962\" data-end=\"4011\">Shooting Star, Gorilla Gang XL, K\u2019Mena et Joy<\/strong>, ce dernier embarquant de jeunes r\u00e9gatiers de la Section Sportive du Yacht Club de Monaco.<\/p>\n<p data-start=\"4106\" data-end=\"4381\">Parmi les principaux adversaires figurent <strong data-start=\"4148\" data-end=\"4161\">Intuition<\/strong> (Mini Maxi 69), <strong data-start=\"4178\" data-end=\"4186\">Sisi<\/strong> (VO65 ex-Volvo Ocean Race), <strong data-start=\"4215\" data-end=\"4234\">Blue Moon Arkas<\/strong> (TP52) ainsi que le fran\u00e7ais <strong data-start=\"4264\" data-end=\"4274\">Azahar<\/strong>, sans oublier une forte repr\u00e9sentation italienne avec <strong data-start=\"4329\" data-end=\"4378\">Falcon, Black Pekoe III, Tengher et Manticore<\/strong>.<\/p>\n<h3 data-start=\"4383\" data-end=\"4409\">Entre mer et virtuel<\/h3>\n<p data-start=\"4410\" data-end=\"4734\">Pour son 20e anniversaire, la r\u00e9gate se d\u00e9cline \u00e9galement en version digitale avec la <strong data-start=\"4496\" data-end=\"4530\">Palerme-Monaco Virtual Regatta<\/strong>, qui compte d\u00e9j\u00e0 plus de <strong data-start=\"4556\" data-end=\"4587\">2 700 participants en ligne<\/strong>. Des prix sp\u00e9ciaux seront attribu\u00e9s aux meilleurs, y compris aux plus jeunes, renfor\u00e7ant ainsi le lien entre tradition et nouvelles g\u00e9n\u00e9rations.<\/p>\n<h3 data-start=\"4736\" data-end=\"4771\">Une classique m\u00e9diterran\u00e9enne<\/h3>\n<p data-start=\"4772\" data-end=\"5159\">Depuis le triomphe inaugural du l\u00e9gendaire <strong data-start=\"4815\" data-end=\"4832\">Steinlager II<\/strong> en 2005, la Palerme-Monaco a gagn\u00e9 en prestige et fait d\u00e9sormais partie de circuits internationaux tels que le <strong data-start=\"4944\" data-end=\"4991\">Mediterranean Maxi Offshore Challenge (IMA)<\/strong> et le <strong data-start=\"4998\" data-end=\"5036\">Championnat italien offshore (FIV)<\/strong>. Une r\u00e9gate qui conjugue mythe, passion et technologie, et qui demeure l\u2019un des \u00e9v\u00e9nements phares de la saison nautique.<\/p>\n","protected":false},"excerpt":{"rendered":"<p>La 20e \u00e9dition de la Palerme-Monaco a officiellement pris le d\u00e9part : une course au large de 500 milles nautiques reliant le golfe de Mondello \u00e0 la Principaut\u00e9 de Monaco. En vingt ans, cette r\u00e9gate s\u2019est impos\u00e9e comme l\u2019une des classiques les plus prestigieuses [&hellip;]<\/p>\n","protected":false},"author":1,"featured_media":24420,"comment_status":"closed","ping_status":"closed","sticky":false,"template":"","format":"standard","meta":{"footnotes":""},"categories":[827,875,828,823,867,817],"tags":[],"class_list":["post-24424","post","type-post","status-publish","format-standard","has-post-thumbnail","hentry","category-actualite","category-actualite-monaco","category-evenements","category-italie-et-monaco","category-monaco-fr","category-sport-fr"],"yoast_head":"<!-- This site is optimized with the Yoast SEO plugin v27.4 - https:\/\/yoast.com\/product\/yoast-seo-wordpress\/ -->\n<title>Palerme-Monaco 2025 : la 20e \u00e9dition du grand d\u00e9fi offshore prend le large<\/title>\n<meta name=\"description\" content=\"La 20e \u00e9dition de la Palerme-Monaco a officiellement pris le d\u00e9part : une course au large de 500 milles nautiques reliant le golfe de Mondello \u00e0 la Palerme-Monaco 2025 : la 20e \u00e9dition du grand d\u00e9fi offshore prend le large\" \/>\n<meta name=\"robots\" content=\"index, follow, max-snippet:-1, max-image-preview:large, max-video-preview:-1\" \/>\n<link rel=\"canonical\" href=\"https:\/\/montecarloliving.com\/fr\/monaco-fr\/sport-fr\/palerme-monaco-2025-20e-edition-du-grand-defi-offshore-prend-large-24424\/\" \/>\n<meta property=\"og:locale\" content=\"fr_FR\" \/>\n<meta property=\"og:title\" content=\"Palerme-Monaco 2025 : la 20e \u00e9dition du grand d\u00e9fi offshore prend le large\" \/>\n<meta property=\"og:description\" content=\"La 20e \u00e9dition de la Palerme-Monaco a officiellement pris le d\u00e9part : une course au large de 500 milles nautiques reliant le golfe de Mondello \u00e0 la Palerme-Monaco 2025 : la 20e \u00e9dition du grand d\u00e9fi offshore prend le large\" \/>\n<meta property=\"og:url\" content=\"https:\/\/montecarloliving.com\/fr\/monaco-fr\/sport-fr\/palerme-monaco-2025-20e-edition-du-grand-defi-offshore-prend-large-24424\/\" \/>\n<meta property=\"og:site_name\" content=\"Montecarlo Living\" \/>\n<meta property=\"article:publisher\" content=\"https:\/\/www.facebook.com\/montecarlolivingcom\/\" \/>\n<meta property=\"article:published_time\" content=\"2025-08-20T07:56:41+00:00\" \/>\n<meta property=\"article:modified_time\" content=\"2025-08-20T07:58:06+00:00\" \/>\n<meta property=\"og:image\" content=\"https:\/\/montecarloliving.com\/wp-content\/uploads\/2025\/08\/PM250819ff_03781-650x400.jpg\" \/>\n\t<meta property=\"og:image:width\" content=\"650\" \/>\n\t<meta property=\"og:image:height\" content=\"400\" \/>\n\t<meta property=\"og:image:type\" content=\"image\/jpeg\" \/>\n<meta name=\"author\" content=\"Redazione\" \/>\n<meta name=\"twitter:card\" content=\"summary_large_image\" \/>\n<meta name=\"twitter:creator\" content=\"@MonteCarloLivi\" \/>\n<meta name=\"twitter:site\" content=\"@MonteCarloLivi\" \/>\n<meta name=\"twitter:label1\" content=\"\u00c9crit par\" \/>\n\t<meta name=\"twitter:data1\" content=\"Redazione\" \/>\n<script type=\"application\/ld+json\" class=\"yoast-schema-graph\">{\"@context\":\"https:\\\/\\\/schema.org\",\"@graph\":[{\"@type\":\"Article\",\"@id\":\"https:\\\/\\\/montecarloliving.com\\\/fr\\\/monaco-fr\\\/sport-fr\\\/palerme-monaco-2025-20e-edition-du-grand-defi-offshore-prend-large-24424\\\/#article\",\"isPartOf\":{\"@id\":\"https:\\\/\\\/montecarloliving.com\\\/fr\\\/monaco-fr\\\/sport-fr\\\/palerme-monaco-2025-20e-edition-du-grand-defi-offshore-prend-large-24424\\\/\"},\"author\":{\"name\":\"Redazione\",\"@id\":\"https:\\\/\\\/montecarloliving.com\\\/fr\\\/#\\\/schema\\\/person\\\/7e5945d4560862b7f2d2c6831bda2819\"},\"headline\":\"Palerme-Monaco 2025 : la 20e \u00e9dition du grand d\u00e9fi offshore prend le large\",\"datePublished\":\"2025-08-20T07:56:41+00:00\",\"dateModified\":\"2025-08-20T07:58:06+00:00\",\"mainEntityOfPage\":{\"@id\":\"https:\\\/\\\/montecarloliving.com\\\/fr\\\/monaco-fr\\\/sport-fr\\\/palerme-monaco-2025-20e-edition-du-grand-defi-offshore-prend-large-24424\\\/\"},\"wordCount\":387,\"image\":{\"@id\":\"https:\\\/\\\/montecarloliving.com\\\/fr\\\/monaco-fr\\\/sport-fr\\\/palerme-monaco-2025-20e-edition-du-grand-defi-offshore-prend-large-24424\\\/#primaryimage\"},\"thumbnailUrl\":\"https:\\\/\\\/montecarloliving.com\\\/wp-content\\\/uploads\\\/2025\\\/08\\\/PM250819ff_03781.jpg\",\"articleSection\":[\"Actualit\u00e9\",\"Actualit\u00e9 \u00e0 Monaco\",\"\u00c9v\u00e9nements\",\"Italie et Monaco\",\"Monaco\",\"Sport \u00e0 Monaco\"],\"inLanguage\":\"fr-FR\"},{\"@type\":\"WebPage\",\"@id\":\"https:\\\/\\\/montecarloliving.com\\\/fr\\\/monaco-fr\\\/sport-fr\\\/palerme-monaco-2025-20e-edition-du-grand-defi-offshore-prend-large-24424\\\/\",\"url\":\"https:\\\/\\\/montecarloliving.com\\\/fr\\\/monaco-fr\\\/sport-fr\\\/palerme-monaco-2025-20e-edition-du-grand-defi-offshore-prend-large-24424\\\/\",\"name\":\"Palerme-Monaco 2025 : la 20e \u00e9dition du grand d\u00e9fi offshore prend le large\",\"isPartOf\":{\"@id\":\"https:\\\/\\\/montecarloliving.com\\\/fr\\\/#website\"},\"primaryImageOfPage\":{\"@id\":\"https:\\\/\\\/montecarloliving.com\\\/fr\\\/monaco-fr\\\/sport-fr\\\/palerme-monaco-2025-20e-edition-du-grand-defi-offshore-prend-large-24424\\\/#primaryimage\"},\"image\":{\"@id\":\"https:\\\/\\\/montecarloliving.com\\\/fr\\\/monaco-fr\\\/sport-fr\\\/palerme-monaco-2025-20e-edition-du-grand-defi-offshore-prend-large-24424\\\/#primaryimage\"},\"thumbnailUrl\":\"https:\\\/\\\/montecarloliving.com\\\/wp-content\\\/uploads\\\/2025\\\/08\\\/PM250819ff_03781.jpg\",\"datePublished\":\"2025-08-20T07:56:41+00:00\",\"dateModified\":\"2025-08-20T07:58:06+00:00\",\"author\":{\"@id\":\"https:\\\/\\\/montecarloliving.com\\\/fr\\\/#\\\/schema\\\/person\\\/7e5945d4560862b7f2d2c6831bda2819\"},\"description\":\"La 20e \u00e9dition de la Palerme-Monaco a officiellement pris le d\u00e9part : une course au large de 500 milles nautiques reliant le golfe de Mondello \u00e0 la Palerme-Monaco 2025 : la 20e \u00e9dition du grand d\u00e9fi offshore prend le large\",\"breadcrumb\":{\"@id\":\"https:\\\/\\\/montecarloliving.com\\\/fr\\\/monaco-fr\\\/sport-fr\\\/palerme-monaco-2025-20e-edition-du-grand-defi-offshore-prend-large-24424\\\/#breadcrumb\"},\"inLanguage\":\"fr-FR\",\"potentialAction\":[{\"@type\":\"ReadAction\",\"target\":[\"https:\\\/\\\/montecarloliving.com\\\/fr\\\/monaco-fr\\\/sport-fr\\\/palerme-monaco-2025-20e-edition-du-grand-defi-offshore-prend-large-24424\\\/\"]}]},{\"@type\":\"ImageObject\",\"inLanguage\":\"fr-FR\",\"@id\":\"https:\\\/\\\/montecarloliving.com\\\/fr\\\/monaco-fr\\\/sport-fr\\\/palerme-monaco-2025-20e-edition-du-grand-defi-offshore-prend-large-24424\\\/#primaryimage\",\"url\":\"https:\\\/\\\/montecarloliving.com\\\/wp-content\\\/uploads\\\/2025\\\/08\\\/PM250819ff_03781.jpg\",\"contentUrl\":\"https:\\\/\\\/montecarloliving.com\\\/wp-content\\\/uploads\\\/2025\\\/08\\\/PM250819ff_03781.jpg\",\"width\":1500,\"height\":1000},{\"@type\":\"BreadcrumbList\",\"@id\":\"https:\\\/\\\/montecarloliving.com\\\/fr\\\/monaco-fr\\\/sport-fr\\\/palerme-monaco-2025-20e-edition-du-grand-defi-offshore-prend-large-24424\\\/#breadcrumb\",\"itemListElement\":[{\"@type\":\"ListItem\",\"position\":1,\"name\":\"Home\",\"item\":\"https:\\\/\\\/montecarloliving.com\\\/fr\\\/\"},{\"@type\":\"ListItem\",\"position\":2,\"name\":\"Palerme-Monaco 2025 : la 20e \u00e9dition du grand d\u00e9fi offshore prend le large\"}]},{\"@type\":\"WebSite\",\"@id\":\"https:\\\/\\\/montecarloliving.com\\\/fr\\\/#website\",\"url\":\"https:\\\/\\\/montecarloliving.com\\\/fr\\\/\",\"name\":\"Montecarlo Living\",\"description\":\"News da Montecarlo - Principato di Monaco e Costa Azzurra\",\"potentialAction\":[{\"@type\":\"SearchAction\",\"target\":{\"@type\":\"EntryPoint\",\"urlTemplate\":\"https:\\\/\\\/montecarloliving.com\\\/fr\\\/?s={search_term_string}\"},\"query-input\":{\"@type\":\"PropertyValueSpecification\",\"valueRequired\":true,\"valueName\":\"search_term_string\"}}],\"inLanguage\":\"fr-FR\"},{\"@type\":\"Person\",\"@id\":\"https:\\\/\\\/montecarloliving.com\\\/fr\\\/#\\\/schema\\\/person\\\/7e5945d4560862b7f2d2c6831bda2819\",\"name\":\"Redazione\",\"image\":{\"@type\":\"ImageObject\",\"inLanguage\":\"fr-FR\",\"@id\":\"https:\\\/\\\/secure.gravatar.com\\\/avatar\\\/8b5f26557e18fe74ad8e8a57ebb2925d88af8a90cee489ff2beefb391bc9b9c7?s=96&d=mm&r=g\",\"url\":\"https:\\\/\\\/secure.gravatar.com\\\/avatar\\\/8b5f26557e18fe74ad8e8a57ebb2925d88af8a90cee489ff2beefb391bc9b9c7?s=96&d=mm&r=g\",\"contentUrl\":\"https:\\\/\\\/secure.gravatar.com\\\/avatar\\\/8b5f26557e18fe74ad8e8a57ebb2925d88af8a90cee489ff2beefb391bc9b9c7?s=96&d=mm&r=g\",\"caption\":\"Redazione\"}}]}<\/script>\n<!-- \/ Yoast SEO plugin. -->","yoast_head_json":{"title":"Palerme-Monaco 2025 : la 20e \u00e9dition du grand d\u00e9fi offshore prend le large","description":"La 20e \u00e9dition de la Palerme-Monaco a officiellement pris le d\u00e9part : une course au large de 500 milles nautiques reliant le golfe de Mondello \u00e0 la Palerme-Monaco 2025 : la 20e \u00e9dition du grand d\u00e9fi offshore prend le large","robots":{"index":"index","follow":"follow","max-snippet":"max-snippet:-1","max-image-preview":"max-image-preview:large","max-video-preview":"max-video-preview:-1"},"canonical":"https:\/\/montecarloliving.com\/fr\/monaco-fr\/sport-fr\/palerme-monaco-2025-20e-edition-du-grand-defi-offshore-prend-large-24424\/","og_locale":"fr_FR","og_title":"Palerme-Monaco 2025 : la 20e \u00e9dition du grand d\u00e9fi offshore prend le large","og_description":"La 20e \u00e9dition de la Palerme-Monaco a officiellement pris le d\u00e9part : une course au large de 500 milles nautiques reliant le golfe de Mondello \u00e0 la Palerme-Monaco 2025 : la 20e \u00e9dition du grand d\u00e9fi offshore prend le large","og_url":"https:\/\/montecarloliving.com\/fr\/monaco-fr\/sport-fr\/palerme-monaco-2025-20e-edition-du-grand-defi-offshore-prend-large-24424\/","og_site_name":"Montecarlo Living","article_publisher":"https:\/\/www.facebook.com\/montecarlolivingcom\/","article_published_time":"2025-08-20T07:56:41+00:00","article_modified_time":"2025-08-20T07:58:06+00:00","og_image":[{"width":650,"height":400,"url":"https:\/\/montecarloliving.com\/wp-content\/uploads\/2025\/08\/PM250819ff_03781-650x400.jpg","type":"image\/jpeg"}],"author":"Redazione","twitter_card":"summary_large_image","twitter_creator":"@MonteCarloLivi","twitter_site":"@MonteCarloLivi","twitter_misc":{"\u00c9crit par":"Redazione"},"schema":{"@context":"https:\/\/schema.org","@graph":[{"@type":"Article","@id":"https:\/\/montecarloliving.com\/fr\/monaco-fr\/sport-fr\/palerme-monaco-2025-20e-edition-du-grand-defi-offshore-prend-large-24424\/#article","isPartOf":{"@id":"https:\/\/montecarloliving.com\/fr\/monaco-fr\/sport-fr\/palerme-monaco-2025-20e-edition-du-grand-defi-offshore-prend-large-24424\/"},"author":{"name":"Redazione","@id":"https:\/\/montecarloliving.com\/fr\/#\/schema\/person\/7e5945d4560862b7f2d2c6831bda2819"},"headline":"Palerme-Monaco 2025 : la 20e \u00e9dition du grand d\u00e9fi offshore prend le large","datePublished":"2025-08-20T07:56:41+00:00","dateModified":"2025-08-20T07:58:06+00:00","mainEntityOfPage":{"@id":"https:\/\/montecarloliving.com\/fr\/monaco-fr\/sport-fr\/palerme-monaco-2025-20e-edition-du-grand-defi-offshore-prend-large-24424\/"},"wordCount":387,"image":{"@id":"https:\/\/montecarloliving.com\/fr\/monaco-fr\/sport-fr\/palerme-monaco-2025-20e-edition-du-grand-defi-offshore-prend-large-24424\/#primaryimage"},"thumbnailUrl":"https:\/\/montecarloliving.com\/wp-content\/uploads\/2025\/08\/PM250819ff_03781.jpg","articleSection":["Actualit\u00e9","Actualit\u00e9 \u00e0 Monaco","\u00c9v\u00e9nements","Italie et Monaco","Monaco","Sport \u00e0 Monaco"],"inLanguage":"fr-FR"},{"@type":"WebPage","@id":"https:\/\/montecarloliving.com\/fr\/monaco-fr\/sport-fr\/palerme-monaco-2025-20e-edition-du-grand-defi-offshore-prend-large-24424\/","url":"https:\/\/montecarloliving.com\/fr\/monaco-fr\/sport-fr\/palerme-monaco-2025-20e-edition-du-grand-defi-offshore-prend-large-24424\/","name":"Palerme-Monaco 2025 : la 20e \u00e9dition du grand d\u00e9fi offshore prend le large","isPartOf":{"@id":"https:\/\/montecarloliving.com\/fr\/#website"},"primaryImageOfPage":{"@id":"https:\/\/montecarloliving.com\/fr\/monaco-fr\/sport-fr\/palerme-monaco-2025-20e-edition-du-grand-defi-offshore-prend-large-24424\/#primaryimage"},"image":{"@id":"https:\/\/montecarloliving.com\/fr\/monaco-fr\/sport-fr\/palerme-monaco-2025-20e-edition-du-grand-defi-offshore-prend-large-24424\/#primaryimage"},"thumbnailUrl":"https:\/\/montecarloliving.com\/wp-content\/uploads\/2025\/08\/PM250819ff_03781.jpg","datePublished":"2025-08-20T07:56:41+00:00","dateModified":"2025-08-20T07:58:06+00:00","author":{"@id":"https:\/\/montecarloliving.com\/fr\/#\/schema\/person\/7e5945d4560862b7f2d2c6831bda2819"},"description":"La 20e \u00e9dition de la Palerme-Monaco a officiellement pris le d\u00e9part : une course au large de 500 milles nautiques reliant le golfe de Mondello \u00e0 la Palerme-Monaco 2025 : la 20e \u00e9dition du grand d\u00e9fi offshore prend le large","breadcrumb":{"@id":"https:\/\/montecarloliving.com\/fr\/monaco-fr\/sport-fr\/palerme-monaco-2025-20e-edition-du-grand-defi-offshore-prend-large-24424\/#breadcrumb"},"inLanguage":"fr-FR","potentialAction":[{"@type":"ReadAction","target":["https:\/\/montecarloliving.com\/fr\/monaco-fr\/sport-fr\/palerme-monaco-2025-20e-edition-du-grand-defi-offshore-prend-large-24424\/"]}]},{"@type":"ImageObject","inLanguage":"fr-FR","@id":"https:\/\/montecarloliving.com\/fr\/monaco-fr\/sport-fr\/palerme-monaco-2025-20e-edition-du-grand-defi-offshore-prend-large-24424\/#primaryimage","url":"https:\/\/montecarloliving.com\/wp-content\/uploads\/2025\/08\/PM250819ff_03781.jpg","contentUrl":"https:\/\/montecarloliving.com\/wp-content\/uploads\/2025\/08\/PM250819ff_03781.jpg","width":1500,"height":1000},{"@type":"BreadcrumbList","@id":"https:\/\/montecarloliving.com\/fr\/monaco-fr\/sport-fr\/palerme-monaco-2025-20e-edition-du-grand-defi-offshore-prend-large-24424\/#breadcrumb","itemListElement":[{"@type":"ListItem","position":1,"name":"Home","item":"https:\/\/montecarloliving.com\/fr\/"},{"@type":"ListItem","position":2,"name":"Palerme-Monaco 2025 : la 20e \u00e9dition du grand d\u00e9fi offshore prend le large"}]},{"@type":"WebSite","@id":"https:\/\/montecarloliving.com\/fr\/#website","url":"https:\/\/montecarloliving.com\/fr\/","name":"Montecarlo Living","description":"News da Montecarlo - Principato di Monaco e Costa Azzurra","potentialAction":[{"@type":"SearchAction","target":{"@type":"EntryPoint","urlTemplate":"https:\/\/montecarloliving.com\/fr\/?s={search_term_string}"},"query-input":{"@type":"PropertyValueSpecification","valueRequired":true,"valueName":"search_term_string"}}],"inLanguage":"fr-FR"},{"@type":"Person","@id":"https:\/\/montecarloliving.com\/fr\/#\/schema\/person\/7e5945d4560862b7f2d2c6831bda2819","name":"Redazione","image":{"@type":"ImageObject","inLanguage":"fr-FR","@id":"https:\/\/secure.gravatar.com\/avatar\/8b5f26557e18fe74ad8e8a57ebb2925d88af8a90cee489ff2beefb391bc9b9c7?s=96&d=mm&r=g","url":"https:\/\/secure.gravatar.com\/avatar\/8b5f26557e18fe74ad8e8a57ebb2925d88af8a90cee489ff2beefb391bc9b9c7?s=96&d=mm&r=g","contentUrl":"https:\/\/secure.gravatar.com\/avatar\/8b5f26557e18fe74ad8e8a57ebb2925d88af8a90cee489ff2beefb391bc9b9c7?s=96&d=mm&r=g","caption":"Redazione"}}]}},"_links":{"self":[{"href":"https:\/\/montecarloliving.com\/fr\/wp-json\/wp\/v2\/posts\/24424","targetHints":{"allow":["GET"]}}],"collection":[{"href":"https:\/\/montecarloliving.com\/fr\/wp-json\/wp\/v2\/posts"}],"about":[{"href":"https:\/\/montecarloliving.com\/fr\/wp-json\/wp\/v2\/types\/post"}],"author":[{"embeddable":true,"href":"https:\/\/montecarloliving.com\/fr\/wp-json\/wp\/v2\/users\/1"}],"replies":[{"embeddable":true,"href":"https:\/\/montecarloliving.com\/fr\/wp-json\/wp\/v2\/comments?post=24424"}],"version-history":[{"count":1,"href":"https:\/\/montecarloliving.com\/fr\/wp-json\/wp\/v2\/posts\/24424\/revisions"}],"predecessor-version":[{"id":24425,"href":"https:\/\/montecarloliving.com\/fr\/wp-json\/wp\/v2\/posts\/24424\/revisions\/24425"}],"wp:featuredmedia":[{"embeddable":true,"href":"https:\/\/montecarloliving.com\/fr\/wp-json\/wp\/v2\/media\/24420"}],"wp:attachment":[{"href":"https:\/\/montecarloliving.com\/fr\/wp-json\/wp\/v2\/media?parent=24424"}],"wp:term":[{"taxonomy":"category","embeddable":true,"href":"https:\/\/montecarloliving.com\/fr\/wp-json\/wp\/v2\/categories?post=24424"},{"taxonomy":"post_tag","embeddable":true,"href":"https:\/\/montecarloliving.com\/fr\/wp-json\/wp\/v2\/tags?post=24424"}],"curies":[{"name":"wp","href":"https:\/\/api.w.org\/{rel}","templated":true}]}}