{"id":24391,"date":"2025-08-25T08:03:49","date_gmt":"2025-08-25T06:03:49","guid":{"rendered":"https:\/\/montecarloliving.com\/?p=24391"},"modified":"2025-08-19T13:08:30","modified_gmt":"2025-08-19T11:08:30","slug":"land-en-symphonie-monte-carlo","status":"publish","type":"post","link":"https:\/\/montecarloliving.com\/fr\/evenements\/land-en-symphonie-monte-carlo-24391\/","title":{"rendered":"\u00ab La La Land \u00bb en symphonie \u00e0 Monte-Carlo"},"content":{"rendered":"<p data-start=\"1478\" data-end=\"1767\">Le cin\u00e9ma et la musique live se rencontrent pour un \u00e9v\u00e9nement exceptionnel : <strong data-start=\"1555\" data-end=\"1608\">dimanche 21 juin 2026, \u00e0 15h00, le Grimaldi Forum<\/strong> accueillera la projection de <em data-start=\"1638\" data-end=\"1650\">La La Land<\/em> dans sa version <strong data-start=\"1667\" data-end=\"1695\">cin\u00e9-concert symphonique<\/strong>, en co-production avec l\u2019<strong data-start=\"1721\" data-end=\"1764\">Orchestre Philharmonique de Monte-Carlo<\/strong>.<\/p>\n<p data-start=\"1769\" data-end=\"2143\">Le chef-d\u2019\u0153uvre de Damien Chazelle, laur\u00e9at de <strong data-start=\"1816\" data-end=\"1829\">6 Oscars\u00ae<\/strong>, sera projet\u00e9 en version originale avec sous-titres en fran\u00e7ais, tandis que plus de <strong data-start=\"1914\" data-end=\"1974\">80 musiciens interpr\u00e9teront en direct la bande originale<\/strong> compos\u00e9e par Justin Hurwitz. Une exp\u00e9rience immersive o\u00f9 images et musique se m\u00ealent pour restituer toute l\u2019\u00e9motion d\u2019une histoire faite d\u2019amour, de r\u00eaves et de jazz.<\/p>\n<p data-start=\"2145\" data-end=\"2291\">D\u2019une dur\u00e9e totale de 2 heures 30 minutes, pause comprise, le concert s\u2019annonce comme l\u2019un des moments forts de la saison culturelle mon\u00e9gasque.<\/p>\n<p data-start=\"2293\" data-end=\"2492\">Organis\u00e9 en collaboration avec Hurwitz Concerts et Lionsgate, les billets sont disponibles en ligne ou directement \u00e0 la billetterie du Grimaldi Forum (<strong data-start=\"2444\" data-end=\"2464\">+377 99 99 30 00<\/strong>), avec parking sur place.<\/p>\n<p data-start=\"2494\" data-end=\"2659\">Une occasion unique de revivre la magie de <em data-start=\"2537\" data-end=\"2549\">La La Land<\/em> avec la puissance et l\u2019\u00e9nergie d\u2019un orchestre symphonique en direct, dans le cadre exclusif de Monte-Carlo.<\/p>\n","protected":false},"excerpt":{"rendered":"<p>Le cin\u00e9ma et la musique live se rencontrent pour un \u00e9v\u00e9nement exceptionnel : dimanche 21 juin 2026, \u00e0 15h00, le Grimaldi Forum accueillera la projection de La La Land dans sa version cin\u00e9-concert symphonique, en co-production avec l\u2019Orchestre Philharmonique de Monte-Carlo. Le chef-d\u2019\u0153uvre de [&hellip;]<\/p>\n","protected":false},"author":1,"featured_media":24387,"comment_status":"closed","ping_status":"closed","sticky":false,"template":"","format":"standard","meta":{"footnotes":""},"categories":[828,867,829],"tags":[],"class_list":["post-24391","post","type-post","status-publish","format-standard","has-post-thumbnail","hentry","category-evenements","category-monaco-fr","category-tourisme"],"yoast_head":"<!-- This site is optimized with the Yoast SEO plugin v27.5 - https:\/\/yoast.com\/product\/yoast-seo-wordpress\/ -->\n<title>\u00ab La La Land \u00bb en symphonie \u00e0 Monte-Carlo<\/title>\n<meta name=\"description\" content=\"Le cin\u00e9ma et la musique live se rencontrent pour un \u00e9v\u00e9nement exceptionnel : dimanche 21 juin 2026, \u00e0 15h00, le Grimaldi Forum accueillera la projection \u00ab La La Land \u00bb en symphonie \u00e0 Monte-Carlo\" \/>\n<meta name=\"robots\" content=\"index, follow, max-snippet:-1, max-image-preview:large, max-video-preview:-1\" \/>\n<link rel=\"canonical\" href=\"https:\/\/montecarloliving.com\/fr\/evenements\/land-en-symphonie-monte-carlo-24391\/\" \/>\n<meta property=\"og:locale\" content=\"fr_FR\" \/>\n<meta property=\"og:title\" content=\"\u00ab La La Land \u00bb en symphonie \u00e0 Monte-Carlo\" \/>\n<meta property=\"og:description\" content=\"Le cin\u00e9ma et la musique live se rencontrent pour un \u00e9v\u00e9nement exceptionnel : dimanche 21 juin 2026, \u00e0 15h00, le Grimaldi Forum accueillera la projection \u00ab La La Land \u00bb en symphonie \u00e0 Monte-Carlo\" \/>\n<meta property=\"og:url\" content=\"https:\/\/montecarloliving.com\/fr\/evenements\/land-en-symphonie-monte-carlo-24391\/\" \/>\n<meta property=\"og:site_name\" content=\"Montecarlo Living\" \/>\n<meta property=\"article:publisher\" content=\"https:\/\/www.facebook.com\/montecarlolivingcom\/\" \/>\n<meta property=\"article:published_time\" content=\"2025-08-25T06:03:49+00:00\" \/>\n<meta property=\"og:image\" content=\"https:\/\/montecarloliving.com\/wp-content\/uploads\/2025\/08\/111637062-650x400.webp\" \/>\n\t<meta property=\"og:image:width\" content=\"650\" \/>\n\t<meta property=\"og:image:height\" content=\"400\" \/>\n\t<meta property=\"og:image:type\" content=\"image\/webp\" \/>\n<meta name=\"author\" content=\"Redazione\" \/>\n<meta name=\"twitter:card\" content=\"summary_large_image\" \/>\n<meta name=\"twitter:creator\" content=\"@MonteCarloLivi\" \/>\n<meta name=\"twitter:site\" content=\"@MonteCarloLivi\" \/>\n<meta name=\"twitter:label1\" content=\"\u00c9crit par\" \/>\n\t<meta name=\"twitter:data1\" content=\"Redazione\" \/>\n<script type=\"application\/ld+json\" class=\"yoast-schema-graph\">{\"@context\":\"https:\\\/\\\/schema.org\",\"@graph\":[{\"@type\":\"Article\",\"@id\":\"https:\\\/\\\/montecarloliving.com\\\/fr\\\/evenements\\\/land-en-symphonie-monte-carlo-24391\\\/#article\",\"isPartOf\":{\"@id\":\"https:\\\/\\\/montecarloliving.com\\\/fr\\\/evenements\\\/land-en-symphonie-monte-carlo-24391\\\/\"},\"author\":{\"name\":\"Redazione\",\"@id\":\"https:\\\/\\\/montecarloliving.com\\\/fr\\\/#\\\/schema\\\/person\\\/7e5945d4560862b7f2d2c6831bda2819\"},\"headline\":\"\u00ab La La Land \u00bb en symphonie \u00e0 Monte-Carlo\",\"datePublished\":\"2025-08-25T06:03:49+00:00\",\"mainEntityOfPage\":{\"@id\":\"https:\\\/\\\/montecarloliving.com\\\/fr\\\/evenements\\\/land-en-symphonie-monte-carlo-24391\\\/\"},\"wordCount\":192,\"image\":{\"@id\":\"https:\\\/\\\/montecarloliving.com\\\/fr\\\/evenements\\\/land-en-symphonie-monte-carlo-24391\\\/#primaryimage\"},\"thumbnailUrl\":\"https:\\\/\\\/montecarloliving.com\\\/wp-content\\\/uploads\\\/2025\\\/08\\\/111637062.webp\",\"articleSection\":[\"\u00c9v\u00e9nements\",\"Monaco\",\"Tourisme \u00e0 Monaco\"],\"inLanguage\":\"fr-FR\"},{\"@type\":\"WebPage\",\"@id\":\"https:\\\/\\\/montecarloliving.com\\\/fr\\\/evenements\\\/land-en-symphonie-monte-carlo-24391\\\/\",\"url\":\"https:\\\/\\\/montecarloliving.com\\\/fr\\\/evenements\\\/land-en-symphonie-monte-carlo-24391\\\/\",\"name\":\"\u00ab La La Land \u00bb en symphonie \u00e0 Monte-Carlo\",\"isPartOf\":{\"@id\":\"https:\\\/\\\/montecarloliving.com\\\/fr\\\/#website\"},\"primaryImageOfPage\":{\"@id\":\"https:\\\/\\\/montecarloliving.com\\\/fr\\\/evenements\\\/land-en-symphonie-monte-carlo-24391\\\/#primaryimage\"},\"image\":{\"@id\":\"https:\\\/\\\/montecarloliving.com\\\/fr\\\/evenements\\\/land-en-symphonie-monte-carlo-24391\\\/#primaryimage\"},\"thumbnailUrl\":\"https:\\\/\\\/montecarloliving.com\\\/wp-content\\\/uploads\\\/2025\\\/08\\\/111637062.webp\",\"datePublished\":\"2025-08-25T06:03:49+00:00\",\"author\":{\"@id\":\"https:\\\/\\\/montecarloliving.com\\\/fr\\\/#\\\/schema\\\/person\\\/7e5945d4560862b7f2d2c6831bda2819\"},\"description\":\"Le cin\u00e9ma et la musique live se rencontrent pour un \u00e9v\u00e9nement exceptionnel : dimanche 21 juin 2026, \u00e0 15h00, le Grimaldi Forum accueillera la projection \u00ab La La Land \u00bb en symphonie \u00e0 Monte-Carlo\",\"breadcrumb\":{\"@id\":\"https:\\\/\\\/montecarloliving.com\\\/fr\\\/evenements\\\/land-en-symphonie-monte-carlo-24391\\\/#breadcrumb\"},\"inLanguage\":\"fr-FR\",\"potentialAction\":[{\"@type\":\"ReadAction\",\"target\":[\"https:\\\/\\\/montecarloliving.com\\\/fr\\\/evenements\\\/land-en-symphonie-monte-carlo-24391\\\/\"]}]},{\"@type\":\"ImageObject\",\"inLanguage\":\"fr-FR\",\"@id\":\"https:\\\/\\\/montecarloliving.com\\\/fr\\\/evenements\\\/land-en-symphonie-monte-carlo-24391\\\/#primaryimage\",\"url\":\"https:\\\/\\\/montecarloliving.com\\\/wp-content\\\/uploads\\\/2025\\\/08\\\/111637062.webp\",\"contentUrl\":\"https:\\\/\\\/montecarloliving.com\\\/wp-content\\\/uploads\\\/2025\\\/08\\\/111637062.webp\",\"width\":1440,\"height\":810},{\"@type\":\"BreadcrumbList\",\"@id\":\"https:\\\/\\\/montecarloliving.com\\\/fr\\\/evenements\\\/land-en-symphonie-monte-carlo-24391\\\/#breadcrumb\",\"itemListElement\":[{\"@type\":\"ListItem\",\"position\":1,\"name\":\"Home\",\"item\":\"https:\\\/\\\/montecarloliving.com\\\/fr\\\/\"},{\"@type\":\"ListItem\",\"position\":2,\"name\":\"\u00ab La La Land \u00bb en symphonie \u00e0 Monte-Carlo\"}]},{\"@type\":\"WebSite\",\"@id\":\"https:\\\/\\\/montecarloliving.com\\\/fr\\\/#website\",\"url\":\"https:\\\/\\\/montecarloliving.com\\\/fr\\\/\",\"name\":\"Montecarlo Living\",\"description\":\"News da Montecarlo - Principato di Monaco e Costa Azzurra\",\"potentialAction\":[{\"@type\":\"SearchAction\",\"target\":{\"@type\":\"EntryPoint\",\"urlTemplate\":\"https:\\\/\\\/montecarloliving.com\\\/fr\\\/?s={search_term_string}\"},\"query-input\":{\"@type\":\"PropertyValueSpecification\",\"valueRequired\":true,\"valueName\":\"search_term_string\"}}],\"inLanguage\":\"fr-FR\"},{\"@type\":\"Person\",\"@id\":\"https:\\\/\\\/montecarloliving.com\\\/fr\\\/#\\\/schema\\\/person\\\/7e5945d4560862b7f2d2c6831bda2819\",\"name\":\"Redazione\",\"image\":{\"@type\":\"ImageObject\",\"inLanguage\":\"fr-FR\",\"@id\":\"https:\\\/\\\/secure.gravatar.com\\\/avatar\\\/8b5f26557e18fe74ad8e8a57ebb2925d88af8a90cee489ff2beefb391bc9b9c7?s=96&d=mm&r=g\",\"url\":\"https:\\\/\\\/secure.gravatar.com\\\/avatar\\\/8b5f26557e18fe74ad8e8a57ebb2925d88af8a90cee489ff2beefb391bc9b9c7?s=96&d=mm&r=g\",\"contentUrl\":\"https:\\\/\\\/secure.gravatar.com\\\/avatar\\\/8b5f26557e18fe74ad8e8a57ebb2925d88af8a90cee489ff2beefb391bc9b9c7?s=96&d=mm&r=g\",\"caption\":\"Redazione\"}}]}<\/script>\n<!-- \/ Yoast SEO plugin. -->","yoast_head_json":{"title":"\u00ab La La Land \u00bb en symphonie \u00e0 Monte-Carlo","description":"Le cin\u00e9ma et la musique live se rencontrent pour un \u00e9v\u00e9nement exceptionnel : dimanche 21 juin 2026, \u00e0 15h00, le Grimaldi Forum accueillera la projection \u00ab La La Land \u00bb en symphonie \u00e0 Monte-Carlo","robots":{"index":"index","follow":"follow","max-snippet":"max-snippet:-1","max-image-preview":"max-image-preview:large","max-video-preview":"max-video-preview:-1"},"canonical":"https:\/\/montecarloliving.com\/fr\/evenements\/land-en-symphonie-monte-carlo-24391\/","og_locale":"fr_FR","og_title":"\u00ab La La Land \u00bb en symphonie \u00e0 Monte-Carlo","og_description":"Le cin\u00e9ma et la musique live se rencontrent pour un \u00e9v\u00e9nement exceptionnel : dimanche 21 juin 2026, \u00e0 15h00, le Grimaldi Forum accueillera la projection \u00ab La La Land \u00bb en symphonie \u00e0 Monte-Carlo","og_url":"https:\/\/montecarloliving.com\/fr\/evenements\/land-en-symphonie-monte-carlo-24391\/","og_site_name":"Montecarlo Living","article_publisher":"https:\/\/www.facebook.com\/montecarlolivingcom\/","article_published_time":"2025-08-25T06:03:49+00:00","og_image":[{"width":650,"height":400,"url":"https:\/\/montecarloliving.com\/wp-content\/uploads\/2025\/08\/111637062-650x400.webp","type":"image\/webp"}],"author":"Redazione","twitter_card":"summary_large_image","twitter_creator":"@MonteCarloLivi","twitter_site":"@MonteCarloLivi","twitter_misc":{"\u00c9crit par":"Redazione"},"schema":{"@context":"https:\/\/schema.org","@graph":[{"@type":"Article","@id":"https:\/\/montecarloliving.com\/fr\/evenements\/land-en-symphonie-monte-carlo-24391\/#article","isPartOf":{"@id":"https:\/\/montecarloliving.com\/fr\/evenements\/land-en-symphonie-monte-carlo-24391\/"},"author":{"name":"Redazione","@id":"https:\/\/montecarloliving.com\/fr\/#\/schema\/person\/7e5945d4560862b7f2d2c6831bda2819"},"headline":"\u00ab La La Land \u00bb en symphonie \u00e0 Monte-Carlo","datePublished":"2025-08-25T06:03:49+00:00","mainEntityOfPage":{"@id":"https:\/\/montecarloliving.com\/fr\/evenements\/land-en-symphonie-monte-carlo-24391\/"},"wordCount":192,"image":{"@id":"https:\/\/montecarloliving.com\/fr\/evenements\/land-en-symphonie-monte-carlo-24391\/#primaryimage"},"thumbnailUrl":"https:\/\/montecarloliving.com\/wp-content\/uploads\/2025\/08\/111637062.webp","articleSection":["\u00c9v\u00e9nements","Monaco","Tourisme \u00e0 Monaco"],"inLanguage":"fr-FR"},{"@type":"WebPage","@id":"https:\/\/montecarloliving.com\/fr\/evenements\/land-en-symphonie-monte-carlo-24391\/","url":"https:\/\/montecarloliving.com\/fr\/evenements\/land-en-symphonie-monte-carlo-24391\/","name":"\u00ab La La Land \u00bb en symphonie \u00e0 Monte-Carlo","isPartOf":{"@id":"https:\/\/montecarloliving.com\/fr\/#website"},"primaryImageOfPage":{"@id":"https:\/\/montecarloliving.com\/fr\/evenements\/land-en-symphonie-monte-carlo-24391\/#primaryimage"},"image":{"@id":"https:\/\/montecarloliving.com\/fr\/evenements\/land-en-symphonie-monte-carlo-24391\/#primaryimage"},"thumbnailUrl":"https:\/\/montecarloliving.com\/wp-content\/uploads\/2025\/08\/111637062.webp","datePublished":"2025-08-25T06:03:49+00:00","author":{"@id":"https:\/\/montecarloliving.com\/fr\/#\/schema\/person\/7e5945d4560862b7f2d2c6831bda2819"},"description":"Le cin\u00e9ma et la musique live se rencontrent pour un \u00e9v\u00e9nement exceptionnel : dimanche 21 juin 2026, \u00e0 15h00, le Grimaldi Forum accueillera la projection \u00ab La La Land \u00bb en symphonie \u00e0 Monte-Carlo","breadcrumb":{"@id":"https:\/\/montecarloliving.com\/fr\/evenements\/land-en-symphonie-monte-carlo-24391\/#breadcrumb"},"inLanguage":"fr-FR","potentialAction":[{"@type":"ReadAction","target":["https:\/\/montecarloliving.com\/fr\/evenements\/land-en-symphonie-monte-carlo-24391\/"]}]},{"@type":"ImageObject","inLanguage":"fr-FR","@id":"https:\/\/montecarloliving.com\/fr\/evenements\/land-en-symphonie-monte-carlo-24391\/#primaryimage","url":"https:\/\/montecarloliving.com\/wp-content\/uploads\/2025\/08\/111637062.webp","contentUrl":"https:\/\/montecarloliving.com\/wp-content\/uploads\/2025\/08\/111637062.webp","width":1440,"height":810},{"@type":"BreadcrumbList","@id":"https:\/\/montecarloliving.com\/fr\/evenements\/land-en-symphonie-monte-carlo-24391\/#breadcrumb","itemListElement":[{"@type":"ListItem","position":1,"name":"Home","item":"https:\/\/montecarloliving.com\/fr\/"},{"@type":"ListItem","position":2,"name":"\u00ab La La Land \u00bb en symphonie \u00e0 Monte-Carlo"}]},{"@type":"WebSite","@id":"https:\/\/montecarloliving.com\/fr\/#website","url":"https:\/\/montecarloliving.com\/fr\/","name":"Montecarlo Living","description":"News da Montecarlo - Principato di Monaco e Costa Azzurra","potentialAction":[{"@type":"SearchAction","target":{"@type":"EntryPoint","urlTemplate":"https:\/\/montecarloliving.com\/fr\/?s={search_term_string}"},"query-input":{"@type":"PropertyValueSpecification","valueRequired":true,"valueName":"search_term_string"}}],"inLanguage":"fr-FR"},{"@type":"Person","@id":"https:\/\/montecarloliving.com\/fr\/#\/schema\/person\/7e5945d4560862b7f2d2c6831bda2819","name":"Redazione","image":{"@type":"ImageObject","inLanguage":"fr-FR","@id":"https:\/\/secure.gravatar.com\/avatar\/8b5f26557e18fe74ad8e8a57ebb2925d88af8a90cee489ff2beefb391bc9b9c7?s=96&d=mm&r=g","url":"https:\/\/secure.gravatar.com\/avatar\/8b5f26557e18fe74ad8e8a57ebb2925d88af8a90cee489ff2beefb391bc9b9c7?s=96&d=mm&r=g","contentUrl":"https:\/\/secure.gravatar.com\/avatar\/8b5f26557e18fe74ad8e8a57ebb2925d88af8a90cee489ff2beefb391bc9b9c7?s=96&d=mm&r=g","caption":"Redazione"}}]}},"_links":{"self":[{"href":"https:\/\/montecarloliving.com\/fr\/wp-json\/wp\/v2\/posts\/24391","targetHints":{"allow":["GET"]}}],"collection":[{"href":"https:\/\/montecarloliving.com\/fr\/wp-json\/wp\/v2\/posts"}],"about":[{"href":"https:\/\/montecarloliving.com\/fr\/wp-json\/wp\/v2\/types\/post"}],"author":[{"embeddable":true,"href":"https:\/\/montecarloliving.com\/fr\/wp-json\/wp\/v2\/users\/1"}],"replies":[{"embeddable":true,"href":"https:\/\/montecarloliving.com\/fr\/wp-json\/wp\/v2\/comments?post=24391"}],"version-history":[{"count":1,"href":"https:\/\/montecarloliving.com\/fr\/wp-json\/wp\/v2\/posts\/24391\/revisions"}],"predecessor-version":[{"id":24392,"href":"https:\/\/montecarloliving.com\/fr\/wp-json\/wp\/v2\/posts\/24391\/revisions\/24392"}],"wp:featuredmedia":[{"embeddable":true,"href":"https:\/\/montecarloliving.com\/fr\/wp-json\/wp\/v2\/media\/24387"}],"wp:attachment":[{"href":"https:\/\/montecarloliving.com\/fr\/wp-json\/wp\/v2\/media?parent=24391"}],"wp:term":[{"taxonomy":"category","embeddable":true,"href":"https:\/\/montecarloliving.com\/fr\/wp-json\/wp\/v2\/categories?post=24391"},{"taxonomy":"post_tag","embeddable":true,"href":"https:\/\/montecarloliving.com\/fr\/wp-json\/wp\/v2\/tags?post=24391"}],"curies":[{"name":"wp","href":"https:\/\/api.w.org\/{rel}","templated":true}]}}