{"id":22169,"date":"2026-08-28T12:47:19","date_gmt":"2026-08-28T10:47:19","guid":{"rendered":"https:\/\/montecarloliving.com\/?p=22169"},"modified":"2026-08-26T11:14:04","modified_gmt":"2026-08-26T09:14:04","slug":"evenements-du-week-end-menton-2026","status":"publish","type":"post","link":"https:\/\/montecarloliving.com\/fr\/actualite\/evenements-du-week-end-menton-2026-22169\/","title":{"rendered":"\u00c9v\u00e9nements \u00e0 Menton les 29 et 30 ao\u00fbt 2026: mer, culture et French Flyair"},"content":{"rendered":"<p class=\"isSelectedEnd\">Le week-end du <strong>samedi 29 et du dimanche 30 ao\u00fbt 2026<\/strong> s&rsquo;annonce particuli\u00e8rement anim\u00e9 \u00e0 <strong>Menton<\/strong>, sur la C\u00f4te d&rsquo;Azur, avec un programme m\u00ealant mer, culture, gastronomie et divertissement. Le grand rendez-vous sera <strong>French Flyair<\/strong>, un spectaculaire meeting a\u00e9rien gratuit organis\u00e9 le dimanche 30 ao\u00fbt sur le front de mer. D\u00e8s le samedi, il sera \u00e9galement possible de participer aux derniers rendez-vous des <strong>Journ\u00e9es de la Mer<\/strong>, de visiter des expositions et des jardins historiques, de prendre le petit train touristique, d&rsquo;assister aux spectacles du Cirque Piedon et de profiter de l&rsquo;ambiance estivale de la ville.<\/p>\n<h3>Samedi 29 ao\u00fbt : la mer \u00e0 l&rsquo;honneur avec les Journ\u00e9es de la Mer<\/h3>\n<p class=\"isSelectedEnd\">Parmi les rendez-vous incontournables du <strong>samedi 29 ao\u00fbt<\/strong>, figurent les <strong>7\u1d49 \u00e9dition des Journ\u00e9es de la Mer<\/strong>, organis\u00e9es sur l&rsquo;<strong>Esplanade des Sablettes<\/strong> et consacr\u00e9es \u00e0 la sensibilisation \u00e0 la biodiversit\u00e9 marine. Organis\u00e9 du 28 au 29 ao\u00fbt, l&rsquo;\u00e9v\u00e9nement permet de mieux conna\u00eetre l&rsquo;Aire Marine Prot\u00e9g\u00e9e de Cap Martin, le secteur de Capo Mortola ainsi que le sanctuaire Pelagos.<\/p>\n<p class=\"isSelectedEnd\">La journ\u00e9e du samedi commence \u00e0 <strong>8h45<\/strong>, avec un d\u00e9part du <strong>quai Napol\u00e9on III du Vieux-Port<\/strong> \u00e0 bord de l&rsquo;<em>\u00c9toile de Menton<\/em>, pour une excursion en mer \u00e0 la d\u00e9couverte des espaces marins prot\u00e9g\u00e9s de Cap Martin et Capo Mortola. Un second d\u00e9part est pr\u00e9vu \u00e0 <strong>14h15<\/strong>. La r\u00e9servation est n\u00e9cessaire pour ces excursions, qui sont payantes.<\/p>\n<p class=\"isSelectedEnd\">De <strong>9h30 \u00e0 12h et de 14h \u00e0 17h<\/strong>, depuis le quai traditionnel du Vieux-Port, \u00e0 proximit\u00e9 de l&rsquo;Esplanade des Sablettes, des sorties en mer \u00e0 bord d&#8217;embarcations traditionnelles sont propos\u00e9es dans le cadre de <em>Voiles Latines<\/em>. De <strong>10h \u00e0 18h<\/strong>, l&rsquo;Esplanade des Sablettes accueille des stands d&rsquo;information, des jeux et des ateliers p\u00e9dagogiques, notamment un rallye consacr\u00e9 \u00e0 la biodiversit\u00e9 destin\u00e9 aux enfants de 6 \u00e0 12 ans, ainsi que des activit\u00e9s gratuites de kayak et de paddle propos\u00e9es au Centre Nautique de Menton.<\/p>\n<p class=\"isSelectedEnd\">\u00c0 <strong>10h<\/strong>, \u00e9galement sur l&rsquo;Esplanade des Sablettes, Nice Plogging et Surfrider organisent une op\u00e9ration de nettoyage de la plage. \u00c0 partir de <strong>14h<\/strong>, devant le Centre Nautique, le public pourra participer \u00e0 des activit\u00e9s nautiques et profiter d&rsquo;un <strong>bapt\u00eame de plong\u00e9e gratuit de 10 minutes<\/strong> \u00e0 Palmes Beach.<\/p>\n<p class=\"isSelectedEnd\">La journ\u00e9e se terminera \u00e0 <strong>18h45<\/strong> avec la projection en plein air du documentaire <em>Souffles de vie<\/em>, r\u00e9alis\u00e9 par l&rsquo;association Live Together, toujours sur l&rsquo;Esplanade des Sablettes.<\/p>\n<h3>La derni\u00e8re visite surprise de Menton<\/h3>\n<p class=\"isSelectedEnd\">Le <strong>samedi 29 ao\u00fbt \u00e0 10h<\/strong>, au d\u00e9part du <strong>Parvis Saint-Michel, Place de l&rsquo;\u00e9glise<\/strong>, aura lieu le dernier rendez-vous estival des <strong>Visites surprises de Menton<\/strong>.<\/p>\n<p class=\"isSelectedEnd\">Cette visite guid\u00e9e th\u00e9\u00e2tralis\u00e9e propose une mani\u00e8re originale de d\u00e9couvrir le centre historique de Menton gr\u00e2ce \u00e0 un parcours ludique, convivial et volontairement surprenant. L&rsquo;exp\u00e9rience dure environ une heure et demie et se termine \u00e0 <strong>11h30<\/strong>. Le tarif est de <strong>14 \u20ac pour les adultes<\/strong> et de 7 \u20ac pour les jeunes de 14 \u00e0 18 ans. La r\u00e9servation est recommand\u00e9e.<\/p>\n<h3>Parfums Fragonard et d\u00e9couverte des agrumes au Domaine Gannac<\/h3>\n<p class=\"isSelectedEnd\">Pour les visiteurs \u00e0 la recherche d&rsquo;une exp\u00e9rience autour des parfums et des jardins, la <strong>Visite guid\u00e9e &amp; atelier parfum Fragonard<\/strong> est propos\u00e9e le <strong>samedi 29 ao\u00fbt de 10h \u00e0 12h<\/strong>, au <strong>74 route du Val de Gorbio<\/strong>.<\/p>\n<p class=\"isSelectedEnd\">Organis\u00e9e par la Direction des jardins d&rsquo;exception de Menton en partenariat avec l&rsquo;Office de Tourisme et Fragonard, cette exp\u00e9rience associe une visite guid\u00e9e \u00e0 un atelier consacr\u00e9 \u00e0 l&rsquo;univers de la parfumerie. Pour obtenir des informations ou r\u00e9server, il est possible de contacter le <strong>+33 7 49 18 29 16<\/strong> ou l&rsquo;adresse <a href=\"mailto:jardinsdexception@ville-menton.fr\"><strong>jardinsdexception@ville-menton.fr<\/strong><\/a>.<\/p>\n<p class=\"isSelectedEnd\">La journ\u00e9e peut se poursuivre \u00e0 la <strong>Maison Gannac, 2970 Route de Super Garavan<\/strong>, o\u00f9 des visites guid\u00e9es du Domaine Gannac sont propos\u00e9es le samedi 29 ao\u00fbt. La visite classique permet de d\u00e9couvrir l&rsquo;histoire du <strong>Citron de Menton IGP<\/strong>, la culture des agrumes et le verger, avec une d\u00e9gustation des produits biologiques de la Maison Gannac.<\/p>\n<p class=\"isSelectedEnd\">Le tarif adulte est de <strong>25 \u20ac<\/strong>, tandis que l&rsquo;entr\u00e9e est gratuite pour les enfants de moins de 8 ans. Une version de la visite <strong>en anglais<\/strong> est \u00e9galement propos\u00e9e le samedi 29 ao\u00fbt, \u00e0 <strong>11h et 15h30<\/strong>. Elle comprend une d\u00e9gustation de la gamme biologique et dure environ une heure.<\/p>\n<p class=\"isSelectedEnd\">Une navette gratuite depuis le centre-ville est disponible jusqu&rsquo;au 29 ao\u00fbt. Le parcours dans le verger comprenant des passages en pente, il est conseill\u00e9 de pr\u00e9voir des chaussures confortables.<\/p>\n<h3>Lire au bord de la mer : dernier jour pour la Biblioth\u00e8que \u00e0 la plage<\/h3>\n<p class=\"isSelectedEnd\">Le <strong>samedi 29 ao\u00fbt<\/strong> sera \u00e9galement le dernier jour de l&rsquo;\u00e9dition estivale de la <strong>Biblioth\u00e8que \u00e0 la plage<\/strong>, install\u00e9e sur l&rsquo;<strong>Esplanade Francis Palmero<\/strong>, \u00e0 proximit\u00e9 de la plage du Fossan.<\/p>\n<p class=\"isSelectedEnd\">Cet espace gratuit est ouvert <strong>de 9h30 \u00e0 12h30 et de 14h30 \u00e0 18h30<\/strong>. Il propose des romans, bandes dessin\u00e9es, mangas, magazines, journaux, documentaires et livres pour enfants, \u00e0 lire tranquillement \u00e0 quelques m\u00e8tres de la mer.<\/p>\n<p class=\"isSelectedEnd\">Organis\u00e9e par la biblioth\u00e8que municipale L&rsquo;Odyss\u00e9e, l&rsquo;initiative permet \u00e9galement d&#8217;emprunter certains documents sur pr\u00e9sentation d&rsquo;une pi\u00e8ce d&rsquo;identit\u00e9.<\/p>\n<h3>Jean Cocteau et le patrimoine culturel de Menton<\/h3>\n<p class=\"isSelectedEnd\">Le week-end offre \u00e9galement de nombreuses possibilit\u00e9s aux amateurs de culture. Au <strong>Mus\u00e9e Jean Cocteau \u2013 Le Bastion, Quai Napol\u00e9on III<\/strong>, le public peut d\u00e9couvrir <strong>Le Ch\u00e2teau de la B\u00eate<\/strong>, une exposition consacr\u00e9e au 80\u1d49 anniversaire du film <em>La Belle et la B\u00eate<\/em> de Jean Cocteau.<\/p>\n<p class=\"isSelectedEnd\">Le samedi 29 ao\u00fbt, le mus\u00e9e est ouvert de <strong>10h \u00e0 12h30 et de 14h \u00e0 18h<\/strong>. \u00c0 <strong>14h30<\/strong>, une visite guid\u00e9e de l&rsquo;exposition d&rsquo;une dur\u00e9e de 45 minutes est propos\u00e9e, avec un billet au tarif de 9 \u20ac. L&rsquo;exposition rassemble affiches, programmes, photographies et \u0153uvres provenant de collections parisiennes et mentonnaises.<\/p>\n<p class=\"isSelectedEnd\">Toujours le samedi, de <strong>10h \u00e0 12h et de 14h \u00e0 18h<\/strong>, la <strong>Galerie des Mus\u00e9es du Palais de l&rsquo;Europe, 8 avenue Boyer<\/strong>, accueille l&rsquo;exposition <strong>Les jardins enchant\u00e9s de Cocteau<\/strong>. Elle explore la collection S\u00e9verin Wunderman et la relation de Jean Cocteau avec l&rsquo;univers des jardins. L&rsquo;entr\u00e9e co\u00fbte 2 \u20ac, avec un tarif r\u00e9duit de 1 \u20ac.<\/p>\n<p class=\"isSelectedEnd\">\u00c0 la <strong>Vo\u00fbte du patrimoine n\u00b010<\/strong>, aux Sablettes, il est \u00e9galement possible de d\u00e9couvrir gratuitement <strong>Patrimoine et photographie : \u00ab Mentonnais d&rsquo;hier \u00e0 aujourd&rsquo;hui \u00bb<\/strong>, une exposition compos\u00e9e de 48 photographies mettant en regard des images anciennes et contemporaines de Menton.<\/p>\n<p class=\"isSelectedEnd\">Le samedi 29 ao\u00fbt, l&rsquo;exposition est ouverte de <strong>10h \u00e0 12h30 et de 14h \u00e0 18h<\/strong>.<\/p>\n<h3>Une promenade entre les march\u00e9s et la vieille ville<\/h3>\n<p class=\"isSelectedEnd\">Pour d\u00e9couvrir une autre facette de Menton, le samedi matin peut commencer au <strong>March\u00e9 des Halles<\/strong>, situ\u00e9 <strong>5 quai de Monl\u00e9on<\/strong>, ouvert de <strong>8h \u00e0 13h<\/strong>.<\/p>\n<p class=\"isSelectedEnd\">Le march\u00e9 couvert propose des produits frais, des fruits et l\u00e9gumes, de la viande et diff\u00e9rentes sp\u00e9cialit\u00e9s locales. Le samedi matin, le secteur s&rsquo;anime \u00e9galement avec les \u00e9tals forains de la <strong>Place Fornari<\/strong> et du mail du Bastion.<\/p>\n<p class=\"isSelectedEnd\">Autre possibilit\u00e9 : le <strong>March\u00e9 du Care\u00ef<\/strong>, situ\u00e9 <strong>4 promenade du Mar\u00e9chal Leclerc de Hautecloque<\/strong>, ouvert le samedi de <strong>7h30 \u00e0 13h<\/strong>. Ce march\u00e9 de quartier est principalement consacr\u00e9 \u00e0 l&rsquo;alimentaire et propose produits frais, sp\u00e9cialit\u00e9s locales et fleurs.<\/p>\n<p class=\"isSelectedEnd\">En soir\u00e9e, rendez-vous au <strong>March\u00e9 estival nocturne<\/strong>, install\u00e9 sur le <strong>mail du Bastion<\/strong>. Le samedi 29 ao\u00fbt, il sera ouvert de <strong>18h \u00e0 minuit<\/strong>, avec 32 artisans et commer\u00e7ants proposant bijoux, objets artisanaux, peintures et autres cr\u00e9ations. L&rsquo;acc\u00e8s est gratuit.<\/p>\n<h3>Cirque, grande roue et Village d&rsquo;\u00e9t\u00e9<\/h3>\n<p class=\"isSelectedEnd\">Pour une soir\u00e9e en famille, le <strong>Cirque Piedon<\/strong> est pr\u00e9sent \u00e0 Menton du 21 au 31 ao\u00fbt. Le <strong>samedi 29 ao\u00fbt \u00e0 18h30<\/strong>, le chapiteau install\u00e9 au <strong>Parking U Express, Quai Laurenti, terre-plein du Nouveau Port Garavan<\/strong>, accueillera un spectacle d&rsquo;environ une heure et demie m\u00ealant magie, \u00e9quilibre, humour et num\u00e9ros de cirque.<\/p>\n<p class=\"isSelectedEnd\">Les billets sont vendus directement sur place le soir du spectacle. Les tarifs vont de <strong>15 \u00e0 20 \u20ac pour les adultes<\/strong> et de <strong>10 \u00e0 15 \u20ac pour les enfants de 2 \u00e0 16 ans<\/strong>.<\/p>\n<p class=\"isSelectedEnd\">Pour admirer Menton depuis les hauteurs, la <strong>Grande roue de Menton<\/strong>, install\u00e9e \u00e0 l&rsquo;<strong>Espace Rondelli, 9 quai Gordon Bennet<\/strong>, sera ouverte le samedi 29 ao\u00fbt de <strong>16h \u00e0 minuit<\/strong>. Le billet plein tarif co\u00fbte 8 \u20ac, tandis que le tarif r\u00e9duit pour les enfants mesurant moins de 1,20 m est de 6 \u20ac.<\/p>\n<p class=\"isSelectedEnd\">\u00c0 l&rsquo;<strong>Esplanade Elis\u00e9e Reclus<\/strong>, le <strong>Village d&rsquo;\u00e9t\u00e9<\/strong> restera ouvert de <strong>10h \u00e0 22h<\/strong>. L&rsquo;acc\u00e8s est gratuit et le site propose de nombreuses animations familiales, notamment des jeux, des trampolines, une piscine \u00e0 balles g\u00e9antes et une zone de tir sur cible.<\/p>\n<h3>Une visite nocturne dans les jardins de la Villa Maria Serena<\/h3>\n<p class=\"isSelectedEnd\">L&rsquo;un des rendez-vous les plus insolites du dernier samedi d&rsquo;ao\u00fbt sera la <strong>Visite guid\u00e9e nocturne du jardin de la Villa Maria Serena<\/strong>, au <strong>21 promenade Reine Astrid<\/strong>.<\/p>\n<p class=\"isSelectedEnd\">Le <strong>samedi 29 ao\u00fbt de 20h30 \u00e0 21h30<\/strong>, les jardins pourront \u00eatre d\u00e9couverts apr\u00e8s la tomb\u00e9e de la nuit, lorsque palmiers, cycas et plantes exotiques prennent une tout autre dimension.<\/p>\n<p class=\"isSelectedEnd\">La visite guid\u00e9e, \u00e9clair\u00e9e au laser, permet de d\u00e9couvrir ce jardin historique situ\u00e9 entre mer et montagne dans une ambiance particuli\u00e8rement intimiste. Le tarif est de <strong>10 \u20ac<\/strong>, r\u00e9duit \u00e0 7 \u20ac pour les jeunes de 6 \u00e0 18 ans. La r\u00e9servation est obligatoire et la visite peut \u00eatre annul\u00e9e en cas de mauvais temps.<\/p>\n<h3>Dimanche 30 ao\u00fbt : tous les regards tourn\u00e9s vers le ciel avec French Flyair<\/h3>\n<p class=\"isSelectedEnd\">Le grand \u00e9v\u00e9nement du dimanche sera sans aucun doute <strong>French Flyair<\/strong>, organis\u00e9 le <strong>dimanche 30 ao\u00fbt 2026 sur le front de mer de Menton<\/strong>, devant la <strong>Promenade du Soleil<\/strong>.<\/p>\n<p class=\"isSelectedEnd\">Le spectaculaire meeting a\u00e9rien d\u00e9butera \u00e0 <strong>15h<\/strong>, sous r\u00e9serve de modifications, et sera enti\u00e8rement gratuit. La baie de Menton servira de d\u00e9cor aux d\u00e9monstrations de la <strong>Patrouille de France<\/strong>, de l&rsquo;\u00c9quipe de Voltige de l&rsquo;Arm\u00e9e de l&rsquo;Air et de l&rsquo;Espace, de l&rsquo;Epsilon Team et de l&rsquo;A400M Tactical Display.<\/p>\n<p class=\"isSelectedEnd\">Mais French Flyair ne se limite pas aux d\u00e9monstrations a\u00e9riennes. Pendant tout le week-end, et notamment le dimanche, le <strong>Village a\u00e9ronautique<\/strong> install\u00e9 sur l&rsquo;<strong>Esplanade Francis Palmero<\/strong> sera ouvert de <strong>14h \u00e0 21h<\/strong>, sous r\u00e9serve de modifications.<\/p>\n<p class=\"isSelectedEnd\">Le public pourra essayer des simulateurs de vol, d\u00e9couvrir un si\u00e8ge \u00e9jectable, observer des expositions d&rsquo;a\u00e9ronefs et rencontrer des professionnels de l&rsquo;Arm\u00e9e de l&rsquo;Air et de l&rsquo;Espace. L&rsquo;acc\u00e8s est gratuit.<\/p>\n<p class=\"isSelectedEnd\">Pour le grand spectacle de 15h, il est fortement conseill\u00e9 d&rsquo;arriver suffisamment t\u00f4t et, dans la mesure du possible, de privil\u00e9gier le train. La gare de Menton se trouve \u00e0 moins de dix minutes \u00e0 pied du c\u0153ur de l&rsquo;\u00e9v\u00e9nement.<\/p>\n<p class=\"isSelectedEnd\">La <strong>Promenade du Soleil sera pi\u00e9tonnis\u00e9e<\/strong> et des restrictions de circulation et de stationnement seront mises en place. La zone maritime concern\u00e9e par les d\u00e9monstrations sera \u00e9galement soumise \u00e0 des restrictions. Le dimanche 30 ao\u00fbt, de <strong>14h \u00e0 18h<\/strong>, la baignade, la plong\u00e9e, le mouillage et la navigation seront interdits dans la zone maritime r\u00e9glement\u00e9e, en dehors des zones ZRUB autoris\u00e9es.<\/p>\n<p class=\"isSelectedEnd\">Au <strong>Palais de l&rsquo;Europe<\/strong>, les visiteurs pourront \u00e9galement d\u00e9couvrir l&rsquo;<strong>exposition du Sirpa Air<\/strong>, consacr\u00e9e aux maquettes des avions de l&rsquo;Arm\u00e9e de l&rsquo;Air et de l&rsquo;Espace ainsi qu&rsquo;aux photographies de spotters. Le dimanche 30 ao\u00fbt, elle sera ouverte de <strong>13h \u00e0 18h<\/strong>.<\/p>\n<h3>Dimanche \u00e0 Menton : gastronomie, panoramas et bord de mer<\/h3>\n<p class=\"isSelectedEnd\">Pour ceux qui pr\u00e9f\u00e8rent une journ\u00e9e plus tranquille, le programme reste tr\u00e8s riche. L&rsquo;<strong>Exp\u00e9rience gastronomique \u00e0 Menton<\/strong>, avec rendez-vous au <strong>Carrousel de Menton, 11 rue Saint-Michel<\/strong>, est propos\u00e9e le dimanche 30 ao\u00fbt de <strong>11h \u00e0 14h<\/strong>.<\/p>\n<p class=\"isSelectedEnd\">Ce Food &amp; Wine Tour permet de d\u00e9couvrir la ville \u00e0 travers son march\u00e9, ses restaurants et ses commerces sp\u00e9cialis\u00e9s, avec des d\u00e9gustations de produits locaux et de vins. Le tarif est de <strong>90 \u20ac pour les adultes<\/strong> et de 40 \u20ac pour les enfants de 6 \u00e0 11 ans. Une version v\u00e9g\u00e9tarienne est disponible sur demande.<\/p>\n<p class=\"isSelectedEnd\">Le <strong>petit train touristique de Menton<\/strong>, avec un d\u00e9part depuis l&rsquo;<strong>Esplanade Francis Palmero<\/strong>, constitue une autre mani\u00e8re agr\u00e9able de d\u00e9couvrir la ville sans avoir \u00e0 gravir \u00e0 pied toutes les rues en pente de la vieille ville.<\/p>\n<p class=\"isSelectedEnd\">Le dimanche 30 ao\u00fbt, les d\u00e9parts sont pr\u00e9vus \u00e0 <strong>10h15, 11h15, 12h15, 14h15, 15h15, 16h15 et 17h15<\/strong>. Le circuit dure environ 45 minutes et propose un commentaire audio en fran\u00e7ais, anglais, italien et russe. Le billet co\u00fbte 12 \u20ac pour les adultes et 6 \u20ac pour les enfants de 4 \u00e0 12 ans.<\/p>\n<h3>Une soir\u00e9e musicale pour prolonger l&rsquo;ambiance estivale<\/h3>\n<p class=\"isSelectedEnd\">Le dimanche soir pourra se terminer avec la <strong>Soir\u00e9e musicale au Break<\/strong>, programm\u00e9e \u00e0 <strong>18h<\/strong>. Ce rendez-vous musical propose une ambiance conviviale et d\u00e9contract\u00e9e, id\u00e9ale pour prolonger la journ\u00e9e apr\u00e8s le French Flyair.<\/p>\n<p class=\"isSelectedEnd\">La <strong>Grande roue de Menton<\/strong>, \u00e0 l&rsquo;Espace Rondelli, restera \u00e9galement ouverte jusqu&rsquo;\u00e0 minuit, tandis que le <strong>March\u00e9 estival nocturne<\/strong> du Bastion se poursuivra jusqu&rsquo;\u00e0 <strong>minuit<\/strong>, offrant une derni\u00e8re occasion de fl\u00e2ner entre les stands des artisans et de profiter du centre historique de Menton aux heures les plus fra\u00eeches.<\/p>\n<p class=\"isSelectedEnd\">Les visiteurs qui souhaitent terminer le week-end par une parenth\u00e8se culturelle pourront \u00e9galement d\u00e9couvrir les expositions <strong>Le Ch\u00e2teau de la B\u00eate<\/strong> et <strong>Les jardins enchant\u00e9s de Cocteau<\/strong>, toutes deux accessibles durant cette p\u00e9riode.<\/p>\n<h3>Informations pratiques pour profiter du week-end \u00e0 Menton<\/h3>\n<p class=\"isSelectedEnd\">Les <strong>29 et 30 ao\u00fbt 2026<\/strong>, Menton sera donc particuli\u00e8rement anim\u00e9e. La pr\u00e9sence du French Flyair impose toutefois d&rsquo;anticiper les d\u00e9placements.<\/p>\n<p class=\"isSelectedEnd\">Le dimanche, le front de mer sera concern\u00e9 par des mesures de pi\u00e9tonnisation et des modifications de circulation. Pour assister au meeting a\u00e9rien, les transports en commun et notamment le <strong>train<\/strong> constituent les solutions \u00e0 privil\u00e9gier pour rejoindre le centre de Menton.<\/p>\n<p class=\"isSelectedEnd\">Pour les activit\u00e9s n\u00e9cessitant une r\u00e9servation, comme les sorties en mer des Journ\u00e9es de la Mer, la visite nocturne de la Villa Maria Serena, les visites du Domaine Gannac et les exp\u00e9riences gastronomiques, il est conseill\u00e9 de r\u00e9server \u00e0 l&rsquo;avance. Les horaires des \u00e9v\u00e9nements en plein air peuvent \u00e9galement \u00eatre modifi\u00e9s pour des raisons m\u00e9t\u00e9orologiques, op\u00e9rationnelles ou de s\u00e9curit\u00e9, notamment pour le French Flyair.<\/p>\n<p class=\"isSelectedEnd\">Ce week-end permettra ainsi de d\u00e9couvrir <strong>toutes les facettes de Menton : la mer et la biodiversit\u00e9 marine le samedi, la culture et la gastronomie tout au long du week-end, puis un grand spectacle a\u00e9rien le dimanche<\/strong>, avec la M\u00e9diterran\u00e9e et la fronti\u00e8re italienne comme d\u00e9cor naturel.<\/p>\n<p>Pour tous ceux qui recherchent <strong>que faire \u00e0 Menton le week-end des 29 et 30 ao\u00fbt 2026<\/strong>, le programme offre donc de nombreuses possibilit\u00e9s pour composer un s\u00e9jour sur mesure, entre visites, mer, culture, gastronomie et grands \u00e9v\u00e9nements gratuits.<\/p>\n","protected":false},"excerpt":{"rendered":"<p>Le week-end du samedi 29 et du dimanche 30 ao\u00fbt 2026 s&rsquo;annonce particuli\u00e8rement anim\u00e9 \u00e0 Menton, sur la C\u00f4te d&rsquo;Azur, avec un programme m\u00ealant mer, culture, gastronomie et divertissement. Le grand rendez-vous sera French Flyair, un spectaculaire meeting a\u00e9rien gratuit organis\u00e9 le dimanche 30 [&hellip;]<\/p>\n","protected":false},"author":1,"featured_media":6512,"comment_status":"closed","ping_status":"closed","sticky":false,"template":"","format":"standard","meta":{"footnotes":""},"categories":[827,828,869],"tags":[],"class_list":["post-22169","post","type-post","status-publish","format-standard","has-post-thumbnail","hentry","category-actualite","category-evenements","category-menton"],"yoast_head":"<!-- This site is optimized with the Yoast SEO plugin v28.4 - https:\/\/yoast.com\/product\/yoast-seo-wordpress\/ -->\n<title>\u00c9v\u00e9nements \u00e0 Menton pour le week-end 2026<\/title>\n<meta name=\"description\" content=\"\u00c9v\u00e9nements \u00e0 Menton les 29 et 30 ao\u00fbt 2026 : mer, culture et French Flyair. Que faire \u00e0 Menton le samedi 29 et le dimanche 30 ao\u00fbt 2026\" \/>\n<meta name=\"robots\" content=\"index, follow, max-snippet:-1, max-image-preview:large, max-video-preview:-1\" \/>\n<link rel=\"canonical\" href=\"https:\/\/montecarloliving.com\/fr\/actualite\/evenements-du-week-end-menton-2026-22169\/\" \/>\n<meta property=\"og:locale\" content=\"fr_FR\" \/>\n<meta property=\"og:title\" content=\"\u00c9v\u00e9nements \u00e0 Menton pour le week-end 2026\" \/>\n<meta property=\"og:description\" content=\"\u00c9v\u00e9nements \u00e0 Menton les 29 et 30 ao\u00fbt 2026 : mer, culture et French Flyair. Que faire \u00e0 Menton le samedi 29 et le dimanche 30 ao\u00fbt 2026\" \/>\n<meta property=\"og:url\" content=\"https:\/\/montecarloliving.com\/fr\/actualite\/evenements-du-week-end-menton-2026-22169\/\" \/>\n<meta property=\"og:site_name\" content=\"Montecarlo Living\" \/>\n<meta property=\"article:publisher\" content=\"https:\/\/www.facebook.com\/montecarlolivingcom\/\" \/>\n<meta property=\"article:published_time\" content=\"2026-08-28T10:47:19+00:00\" \/>\n<meta property=\"og:image\" content=\"https:\/\/montecarloliving.com\/wp-content\/uploads\/2024\/01\/COPERTINA-SITO-MONTECARLO-LIVING-14-650x400.jpg\" \/>\n\t<meta property=\"og:image:width\" content=\"650\" \/>\n\t<meta property=\"og:image:height\" content=\"400\" \/>\n\t<meta property=\"og:image:type\" content=\"image\/jpeg\" \/>\n<meta name=\"author\" content=\"Redazione\" \/>\n<meta name=\"twitter:card\" content=\"summary_large_image\" \/>\n<meta name=\"twitter:creator\" content=\"@MonteCarloLivi\" \/>\n<meta name=\"twitter:site\" content=\"@MonteCarloLivi\" \/>\n<meta name=\"twitter:label1\" content=\"\u00c9crit par\" \/>\n\t<meta name=\"twitter:data1\" content=\"Redazione\" \/>\n\t<meta name=\"twitter:label2\" content=\"Dur\u00e9e de lecture estim\u00e9e\" \/>\n\t<meta name=\"twitter:data2\" content=\"13 minutes\" \/>\n<script type=\"application\/ld+json\" class=\"yoast-schema-graph\">{\"@context\":\"https:\\\/\\\/schema.org\",\"@graph\":[{\"@type\":\"Article\",\"@id\":\"https:\\\/\\\/montecarloliving.com\\\/fr\\\/actualite\\\/evenements-du-week-end-menton-2026-22169\\\/#article\",\"isPartOf\":{\"@id\":\"https:\\\/\\\/montecarloliving.com\\\/fr\\\/actualite\\\/evenements-du-week-end-menton-2026-22169\\\/\"},\"author\":{\"name\":\"Redazione\",\"@id\":\"https:\\\/\\\/montecarloliving.com\\\/fr\\\/#\\\/schema\\\/person\\\/7e5945d4560862b7f2d2c6831bda2819\"},\"headline\":\"\u00c9v\u00e9nements \u00e0 Menton les 29 et 30 ao\u00fbt 2026: mer, culture et French Flyair\",\"datePublished\":\"2026-08-28T10:47:19+00:00\",\"mainEntityOfPage\":{\"@id\":\"https:\\\/\\\/montecarloliving.com\\\/fr\\\/actualite\\\/evenements-du-week-end-menton-2026-22169\\\/\"},\"wordCount\":2481,\"image\":{\"@id\":\"https:\\\/\\\/montecarloliving.com\\\/fr\\\/actualite\\\/evenements-du-week-end-menton-2026-22169\\\/#primaryimage\"},\"thumbnailUrl\":\"https:\\\/\\\/montecarloliving.com\\\/wp-content\\\/uploads\\\/2024\\\/01\\\/COPERTINA-SITO-MONTECARLO-LIVING-14.jpg\",\"articleSection\":[\"Actualit\u00e9\",\"\u00c9v\u00e9nements\",\"Menton\"],\"inLanguage\":\"fr-FR\"},{\"@type\":\"WebPage\",\"@id\":\"https:\\\/\\\/montecarloliving.com\\\/fr\\\/actualite\\\/evenements-du-week-end-menton-2026-22169\\\/\",\"url\":\"https:\\\/\\\/montecarloliving.com\\\/fr\\\/actualite\\\/evenements-du-week-end-menton-2026-22169\\\/\",\"name\":\"\u00c9v\u00e9nements \u00e0 Menton pour le week-end 2026\",\"isPartOf\":{\"@id\":\"https:\\\/\\\/montecarloliving.com\\\/fr\\\/#website\"},\"primaryImageOfPage\":{\"@id\":\"https:\\\/\\\/montecarloliving.com\\\/fr\\\/actualite\\\/evenements-du-week-end-menton-2026-22169\\\/#primaryimage\"},\"image\":{\"@id\":\"https:\\\/\\\/montecarloliving.com\\\/fr\\\/actualite\\\/evenements-du-week-end-menton-2026-22169\\\/#primaryimage\"},\"thumbnailUrl\":\"https:\\\/\\\/montecarloliving.com\\\/wp-content\\\/uploads\\\/2024\\\/01\\\/COPERTINA-SITO-MONTECARLO-LIVING-14.jpg\",\"datePublished\":\"2026-08-28T10:47:19+00:00\",\"author\":{\"@id\":\"https:\\\/\\\/montecarloliving.com\\\/fr\\\/#\\\/schema\\\/person\\\/7e5945d4560862b7f2d2c6831bda2819\"},\"description\":\"\u00c9v\u00e9nements \u00e0 Menton les 29 et 30 ao\u00fbt 2026 : mer, culture et French Flyair. Que faire \u00e0 Menton le samedi 29 et le dimanche 30 ao\u00fbt 2026\",\"breadcrumb\":{\"@id\":\"https:\\\/\\\/montecarloliving.com\\\/fr\\\/actualite\\\/evenements-du-week-end-menton-2026-22169\\\/#breadcrumb\"},\"inLanguage\":\"fr-FR\",\"potentialAction\":[{\"@type\":\"ReadAction\",\"target\":[\"https:\\\/\\\/montecarloliving.com\\\/fr\\\/actualite\\\/evenements-du-week-end-menton-2026-22169\\\/\"]}]},{\"@type\":\"ImageObject\",\"inLanguage\":\"fr-FR\",\"@id\":\"https:\\\/\\\/montecarloliving.com\\\/fr\\\/actualite\\\/evenements-du-week-end-menton-2026-22169\\\/#primaryimage\",\"url\":\"https:\\\/\\\/montecarloliving.com\\\/wp-content\\\/uploads\\\/2024\\\/01\\\/COPERTINA-SITO-MONTECARLO-LIVING-14.jpg\",\"contentUrl\":\"https:\\\/\\\/montecarloliving.com\\\/wp-content\\\/uploads\\\/2024\\\/01\\\/COPERTINA-SITO-MONTECARLO-LIVING-14.jpg\",\"width\":2000,\"height\":1200,\"caption\":\"\u00c9v\u00e9nements du week-end Menton\"},{\"@type\":\"BreadcrumbList\",\"@id\":\"https:\\\/\\\/montecarloliving.com\\\/fr\\\/actualite\\\/evenements-du-week-end-menton-2026-22169\\\/#breadcrumb\",\"itemListElement\":[{\"@type\":\"ListItem\",\"position\":1,\"name\":\"Home\",\"item\":\"https:\\\/\\\/montecarloliving.com\\\/fr\\\/\"},{\"@type\":\"ListItem\",\"position\":2,\"name\":\"\u00c9v\u00e9nements \u00e0 Menton les 29 et 30 ao\u00fbt 2026: mer, culture et French Flyair\"}]},{\"@type\":\"WebSite\",\"@id\":\"https:\\\/\\\/montecarloliving.com\\\/fr\\\/#website\",\"url\":\"https:\\\/\\\/montecarloliving.com\\\/fr\\\/\",\"name\":\"Montecarlo Living\",\"description\":\"News da Montecarlo - Principato di Monaco e Costa Azzurra\",\"potentialAction\":[{\"@type\":\"SearchAction\",\"target\":{\"@type\":\"EntryPoint\",\"urlTemplate\":\"https:\\\/\\\/montecarloliving.com\\\/fr\\\/?s={search_term_string}\"},\"query-input\":{\"@type\":\"PropertyValueSpecification\",\"valueRequired\":true,\"valueName\":\"search_term_string\"}}],\"inLanguage\":\"fr-FR\"},{\"@type\":\"Person\",\"@id\":\"https:\\\/\\\/montecarloliving.com\\\/fr\\\/#\\\/schema\\\/person\\\/7e5945d4560862b7f2d2c6831bda2819\",\"name\":\"Redazione\",\"image\":{\"@type\":\"ImageObject\",\"inLanguage\":\"fr-FR\",\"@id\":\"https:\\\/\\\/secure.gravatar.com\\\/avatar\\\/8b5f26557e18fe74ad8e8a57ebb2925d88af8a90cee489ff2beefb391bc9b9c7?s=96&d=mm&r=g\",\"url\":\"https:\\\/\\\/secure.gravatar.com\\\/avatar\\\/8b5f26557e18fe74ad8e8a57ebb2925d88af8a90cee489ff2beefb391bc9b9c7?s=96&d=mm&r=g\",\"contentUrl\":\"https:\\\/\\\/secure.gravatar.com\\\/avatar\\\/8b5f26557e18fe74ad8e8a57ebb2925d88af8a90cee489ff2beefb391bc9b9c7?s=96&d=mm&r=g\",\"caption\":\"Redazione\"}}]}<\/script>\n<!-- \/ Yoast SEO plugin. -->","yoast_head_json":{"title":"\u00c9v\u00e9nements \u00e0 Menton pour le week-end 2026","description":"\u00c9v\u00e9nements \u00e0 Menton les 29 et 30 ao\u00fbt 2026 : mer, culture et French Flyair. Que faire \u00e0 Menton le samedi 29 et le dimanche 30 ao\u00fbt 2026","robots":{"index":"index","follow":"follow","max-snippet":"max-snippet:-1","max-image-preview":"max-image-preview:large","max-video-preview":"max-video-preview:-1"},"canonical":"https:\/\/montecarloliving.com\/fr\/actualite\/evenements-du-week-end-menton-2026-22169\/","og_locale":"fr_FR","og_title":"\u00c9v\u00e9nements \u00e0 Menton pour le week-end 2026","og_description":"\u00c9v\u00e9nements \u00e0 Menton les 29 et 30 ao\u00fbt 2026 : mer, culture et French Flyair. Que faire \u00e0 Menton le samedi 29 et le dimanche 30 ao\u00fbt 2026","og_url":"https:\/\/montecarloliving.com\/fr\/actualite\/evenements-du-week-end-menton-2026-22169\/","og_site_name":"Montecarlo Living","article_publisher":"https:\/\/www.facebook.com\/montecarlolivingcom\/","article_published_time":"2026-08-28T10:47:19+00:00","og_image":[{"width":650,"height":400,"url":"https:\/\/montecarloliving.com\/wp-content\/uploads\/2024\/01\/COPERTINA-SITO-MONTECARLO-LIVING-14-650x400.jpg","type":"image\/jpeg"}],"author":"Redazione","twitter_card":"summary_large_image","twitter_creator":"@MonteCarloLivi","twitter_site":"@MonteCarloLivi","twitter_misc":{"\u00c9crit par":"Redazione","Dur\u00e9e de lecture estim\u00e9e":"13 minutes"},"schema":{"@context":"https:\/\/schema.org","@graph":[{"@type":"Article","@id":"https:\/\/montecarloliving.com\/fr\/actualite\/evenements-du-week-end-menton-2026-22169\/#article","isPartOf":{"@id":"https:\/\/montecarloliving.com\/fr\/actualite\/evenements-du-week-end-menton-2026-22169\/"},"author":{"name":"Redazione","@id":"https:\/\/montecarloliving.com\/fr\/#\/schema\/person\/7e5945d4560862b7f2d2c6831bda2819"},"headline":"\u00c9v\u00e9nements \u00e0 Menton les 29 et 30 ao\u00fbt 2026: mer, culture et French Flyair","datePublished":"2026-08-28T10:47:19+00:00","mainEntityOfPage":{"@id":"https:\/\/montecarloliving.com\/fr\/actualite\/evenements-du-week-end-menton-2026-22169\/"},"wordCount":2481,"image":{"@id":"https:\/\/montecarloliving.com\/fr\/actualite\/evenements-du-week-end-menton-2026-22169\/#primaryimage"},"thumbnailUrl":"https:\/\/montecarloliving.com\/wp-content\/uploads\/2024\/01\/COPERTINA-SITO-MONTECARLO-LIVING-14.jpg","articleSection":["Actualit\u00e9","\u00c9v\u00e9nements","Menton"],"inLanguage":"fr-FR"},{"@type":"WebPage","@id":"https:\/\/montecarloliving.com\/fr\/actualite\/evenements-du-week-end-menton-2026-22169\/","url":"https:\/\/montecarloliving.com\/fr\/actualite\/evenements-du-week-end-menton-2026-22169\/","name":"\u00c9v\u00e9nements \u00e0 Menton pour le week-end 2026","isPartOf":{"@id":"https:\/\/montecarloliving.com\/fr\/#website"},"primaryImageOfPage":{"@id":"https:\/\/montecarloliving.com\/fr\/actualite\/evenements-du-week-end-menton-2026-22169\/#primaryimage"},"image":{"@id":"https:\/\/montecarloliving.com\/fr\/actualite\/evenements-du-week-end-menton-2026-22169\/#primaryimage"},"thumbnailUrl":"https:\/\/montecarloliving.com\/wp-content\/uploads\/2024\/01\/COPERTINA-SITO-MONTECARLO-LIVING-14.jpg","datePublished":"2026-08-28T10:47:19+00:00","author":{"@id":"https:\/\/montecarloliving.com\/fr\/#\/schema\/person\/7e5945d4560862b7f2d2c6831bda2819"},"description":"\u00c9v\u00e9nements \u00e0 Menton les 29 et 30 ao\u00fbt 2026 : mer, culture et French Flyair. Que faire \u00e0 Menton le samedi 29 et le dimanche 30 ao\u00fbt 2026","breadcrumb":{"@id":"https:\/\/montecarloliving.com\/fr\/actualite\/evenements-du-week-end-menton-2026-22169\/#breadcrumb"},"inLanguage":"fr-FR","potentialAction":[{"@type":"ReadAction","target":["https:\/\/montecarloliving.com\/fr\/actualite\/evenements-du-week-end-menton-2026-22169\/"]}]},{"@type":"ImageObject","inLanguage":"fr-FR","@id":"https:\/\/montecarloliving.com\/fr\/actualite\/evenements-du-week-end-menton-2026-22169\/#primaryimage","url":"https:\/\/montecarloliving.com\/wp-content\/uploads\/2024\/01\/COPERTINA-SITO-MONTECARLO-LIVING-14.jpg","contentUrl":"https:\/\/montecarloliving.com\/wp-content\/uploads\/2024\/01\/COPERTINA-SITO-MONTECARLO-LIVING-14.jpg","width":2000,"height":1200,"caption":"\u00c9v\u00e9nements du week-end Menton"},{"@type":"BreadcrumbList","@id":"https:\/\/montecarloliving.com\/fr\/actualite\/evenements-du-week-end-menton-2026-22169\/#breadcrumb","itemListElement":[{"@type":"ListItem","position":1,"name":"Home","item":"https:\/\/montecarloliving.com\/fr\/"},{"@type":"ListItem","position":2,"name":"\u00c9v\u00e9nements \u00e0 Menton les 29 et 30 ao\u00fbt 2026: mer, culture et French Flyair"}]},{"@type":"WebSite","@id":"https:\/\/montecarloliving.com\/fr\/#website","url":"https:\/\/montecarloliving.com\/fr\/","name":"Montecarlo Living","description":"News da Montecarlo - Principato di Monaco e Costa Azzurra","potentialAction":[{"@type":"SearchAction","target":{"@type":"EntryPoint","urlTemplate":"https:\/\/montecarloliving.com\/fr\/?s={search_term_string}"},"query-input":{"@type":"PropertyValueSpecification","valueRequired":true,"valueName":"search_term_string"}}],"inLanguage":"fr-FR"},{"@type":"Person","@id":"https:\/\/montecarloliving.com\/fr\/#\/schema\/person\/7e5945d4560862b7f2d2c6831bda2819","name":"Redazione","image":{"@type":"ImageObject","inLanguage":"fr-FR","@id":"https:\/\/secure.gravatar.com\/avatar\/8b5f26557e18fe74ad8e8a57ebb2925d88af8a90cee489ff2beefb391bc9b9c7?s=96&d=mm&r=g","url":"https:\/\/secure.gravatar.com\/avatar\/8b5f26557e18fe74ad8e8a57ebb2925d88af8a90cee489ff2beefb391bc9b9c7?s=96&d=mm&r=g","contentUrl":"https:\/\/secure.gravatar.com\/avatar\/8b5f26557e18fe74ad8e8a57ebb2925d88af8a90cee489ff2beefb391bc9b9c7?s=96&d=mm&r=g","caption":"Redazione"}}]}},"_links":{"self":[{"href":"https:\/\/montecarloliving.com\/fr\/wp-json\/wp\/v2\/posts\/22169","targetHints":{"allow":["GET"]}}],"collection":[{"href":"https:\/\/montecarloliving.com\/fr\/wp-json\/wp\/v2\/posts"}],"about":[{"href":"https:\/\/montecarloliving.com\/fr\/wp-json\/wp\/v2\/types\/post"}],"author":[{"embeddable":true,"href":"https:\/\/montecarloliving.com\/fr\/wp-json\/wp\/v2\/users\/1"}],"replies":[{"embeddable":true,"href":"https:\/\/montecarloliving.com\/fr\/wp-json\/wp\/v2\/comments?post=22169"}],"version-history":[{"count":80,"href":"https:\/\/montecarloliving.com\/fr\/wp-json\/wp\/v2\/posts\/22169\/revisions"}],"predecessor-version":[{"id":33930,"href":"https:\/\/montecarloliving.com\/fr\/wp-json\/wp\/v2\/posts\/22169\/revisions\/33930"}],"wp:featuredmedia":[{"embeddable":true,"href":"https:\/\/montecarloliving.com\/fr\/wp-json\/wp\/v2\/media\/6512"}],"wp:attachment":[{"href":"https:\/\/montecarloliving.com\/fr\/wp-json\/wp\/v2\/media?parent=22169"}],"wp:term":[{"taxonomy":"category","embeddable":true,"href":"https:\/\/montecarloliving.com\/fr\/wp-json\/wp\/v2\/categories?post=22169"},{"taxonomy":"post_tag","embeddable":true,"href":"https:\/\/montecarloliving.com\/fr\/wp-json\/wp\/v2\/tags?post=22169"}],"curies":[{"name":"wp","href":"https:\/\/api.w.org\/{rel}","templated":true}]}}