{"id":21842,"date":"2025-05-14T08:56:27","date_gmt":"2025-05-14T06:56:27","guid":{"rendered":"https:\/\/montecarloliving.com\/?p=21842"},"modified":"2025-05-13T12:15:09","modified_gmt":"2025-05-13T10:15:09","slug":"albert-ii-de-monaco-en-italie-15-mai-2025-visitera-les-fouilles-de-pompei-et-sanctuaire","status":"publish","type":"post","link":"https:\/\/montecarloliving.com\/fr\/actualite\/albert-ii-de-monaco-en-italie-15-mai-2025-visitera-les-fouilles-de-pompei-et-sanctuaire-21842\/","title":{"rendered":"Albert II de Monaco en Italie : le 15 mai 2025, il visitera les fouilles de Pomp\u00e9i et le Sanctuaire"},"content":{"rendered":"<h3 class=\"\" data-start=\"3802\" data-end=\"3909\"><strong data-start=\"3811\" data-end=\"3909\">Pomp\u00e9i accueille le Prince Albert II de Monaco : une visite entre m\u00e9moire, art et spiritualit\u00e9<\/strong><\/h3>\n<p class=\"\" data-start=\"3911\" data-end=\"4423\">Le 15 mai 2025, Pomp\u00e9i vivra une journ\u00e9e hautement symbolique et institutionnelle : le Prince Albert II de Monaco effectuera une visite officielle dans la ville historique de Campanie, o\u00f9 il rencontrera le maire Carmine Lo Sapio pour signer un accord de coop\u00e9ration entre la Ville de Pomp\u00e9i et la Principaut\u00e9 de Monaco. Ce partenariat marquera le lancement de projets culturels et de recherche conjoints, visant \u00e0 promouvoir la pr\u00e9servation du patrimoine, les \u00e9changes touristiques et les initiatives \u00e9ducatives.<\/p>\n<p class=\"\" data-start=\"4425\" data-end=\"4747\">L\u2019accueil du Prince est pr\u00e9vu \u00e0 9h00 au Palazzo De Fusco, si\u00e8ge de la mairie de Pomp\u00e9i, o\u00f9 se d\u00e9roulera la c\u00e9r\u00e9monie officielle. Par la suite, Son Altesse S\u00e9r\u00e9nissime visitera le Parc Arch\u00e9ologique de Pomp\u00e9i ainsi que le Sanctuaire de la Vierge du Rosaire, deux lieux embl\u00e9matiques qui conjuguent histoire et spiritualit\u00e9.<\/p>\n<h4 class=\"\" data-start=\"4749\" data-end=\"4819\">Un lien personnel et profond : Grace Kelly et la Vierge de Pomp\u00e9i<\/h4>\n<p class=\"\" data-start=\"4821\" data-end=\"5370\">Cette visite prend \u00e9galement une dimension affective particuli\u00e8re. Le Prince Albert II est tr\u00e8s attach\u00e9 \u00e0 Pomp\u00e9i en raison de la d\u00e9votion de sa m\u00e8re, la princesse Grace Kelly, envers la Vierge du Rosaire. L\u2019actrice am\u00e9ricaine, devenue princesse de Monaco, avait l\u2019habitude de se rendre en toute discr\u00e9tion au Sanctuaire pour prier dans le silence, au pied de la Vierge. Sa foi \u00e9tait telle que, selon certains t\u00e9moignages confidentiels, elle aurait visit\u00e9 Pomp\u00e9i \u00e0 plusieurs reprises \u00e0 l\u2019abri des regards, confiant ses pens\u00e9es et espoirs \u00e0 la Madone.<\/p>\n<h4 class=\"\" data-start=\"5372\" data-end=\"5438\">Le Parc Arch\u00e9ologique de Pomp\u00e9i : un patrimoine hors du temps<\/h4>\n<p class=\"\" data-start=\"5440\" data-end=\"5930\">Lors de sa visite \u00e0 l\u2019un des sites arch\u00e9ologiques les plus impressionnants au monde, le Prince pourra admirer les merveilles d\u2019une cit\u00e9 romaine fig\u00e9e dans le temps depuis l\u2019\u00e9ruption du V\u00e9suve en 79 apr. J.-C. Avec plus de 60 hectares ouverts au public, Pomp\u00e9i offre une fen\u00eatre unique sur la vie quotidienne de l\u2019Antiquit\u00e9 : maisons orn\u00e9es de fresques, thermes, th\u00e9\u00e2tres, \u00e9choppes et temples t\u00e9moignent, pierre apr\u00e8s pierre, de la richesse et de la complexit\u00e9 de cette civilisation antique.<\/p>\n<p class=\"\" data-start=\"5932\" data-end=\"6230\">Parmi les sites majeurs susceptibles de figurer dans le parcours princier : la Villa des Myst\u00e8res, c\u00e9l\u00e8bre pour ses fresques dionysiaques, la Maison du Faune, l\u2019une des plus vastes et luxueuses demeures de la ville, ou encore le Forum, centre n\u00e9vralgique politique et commercial de l\u2019ancienne cit\u00e9.<\/p>\n<h4 class=\"\" data-start=\"6232\" data-end=\"6305\">Le Sanctuaire de la Vierge du Rosaire : lieu de foi et de p\u00e8lerinage<\/h4>\n<p class=\"\" data-start=\"6307\" data-end=\"6757\">Le Sanctuaire, l\u2019un des principaux lieux de culte marial en Italie, attire chaque ann\u00e9e des millions de p\u00e8lerins. Fond\u00e9 en 1876 par Bartolo Longo, il est aujourd\u2019hui un symbole de conversion, de charit\u00e9 et d\u2019esp\u00e9rance. Sa coupole majestueuse, ses mosa\u00efques et l\u2019image v\u00e9n\u00e9r\u00e9e de la Vierge cr\u00e9ent une atmosph\u00e8re de recueillement. La visite du Prince s\u2019inscrit ici aussi comme un hommage \u00e0 sa m\u00e8re et \u00e0 son lien profond avec la spiritualit\u00e9 pomp\u00e9ienne.<\/p>\n<h4 class=\"\" data-start=\"6759\" data-end=\"6810\">Un pont culturel entre M\u00e9diterran\u00e9e et Riviera<\/h4>\n<p class=\"\" data-start=\"6812\" data-end=\"7224\">L\u2019accord entre Pomp\u00e9i et Monaco repr\u00e9sente une opportunit\u00e9 de tisser un pont culturel entre deux r\u00e9alit\u00e9s m\u00e9diterran\u00e9ennes, riches en histoire, en traditions et en patrimoine. La Principaut\u00e9, engag\u00e9e de longue date dans la pr\u00e9servation durable de l\u2019environnement et du patrimoine, trouvera \u00e0 Pomp\u00e9i un partenaire id\u00e9al pour d\u00e9velopper des projets communs, notamment dans les domaines arch\u00e9ologique et \u00e9cologique.<\/p>\n<h4 class=\"\" data-start=\"7226\" data-end=\"7303\">Anecdotes et visites pr\u00e9c\u00e9dentes : la derni\u00e8re venue du Prince en Italie<\/h4>\n<p class=\"\" data-start=\"7305\" data-end=\"7738\">La derni\u00e8re visite officielle du Prince Albert II en Italie remonte \u00e0 novembre 2023, lorsqu\u2019il fut re\u00e7u au Quirinal par le Pr\u00e9sident de la R\u00e9publique. \u00c0 cette occasion, les liens diplomatiques et culturels entre Monaco et l\u2019Italie furent consolid\u00e9s. Son \u00e9tape \u00e0 Pomp\u00e9i en 2025 confirme la volont\u00e9 du Souverain de renforcer ses relations avec le territoire italien, en valorisant la m\u00e9moire, la spiritualit\u00e9 et les \u00e9changes culturels.<\/p>\n","protected":false},"excerpt":{"rendered":"<p>Pomp\u00e9i accueille le Prince Albert II de Monaco : une visite entre m\u00e9moire, art et spiritualit\u00e9 Le 15 mai 2025, Pomp\u00e9i vivra une journ\u00e9e hautement symbolique et institutionnelle : le Prince Albert II de Monaco effectuera une visite officielle dans la ville historique de [&hellip;]<\/p>\n","protected":false},"author":1,"featured_media":21838,"comment_status":"closed","ping_status":"closed","sticky":false,"template":"","format":"standard","meta":{"footnotes":""},"categories":[827,875,823,867],"tags":[],"class_list":["post-21842","post","type-post","status-publish","format-standard","has-post-thumbnail","hentry","category-actualite","category-actualite-monaco","category-italie-et-monaco","category-monaco-fr"],"yoast_head":"<!-- This site is optimized with the Yoast SEO plugin v27.5 - https:\/\/yoast.com\/product\/yoast-seo-wordpress\/ -->\n<title>Albert II de Monaco en Italie : le 15 mai 2025, il visitera les fouilles de Pomp\u00e9i et le Sanctuaire<\/title>\n<meta name=\"description\" content=\"Pomp\u00e9i accueille le Prince Albert II de Monaco : une visite entre m\u00e9moire, art et spiritualit\u00e9 Le 15 mai 2025, Pomp\u00e9i vivra une journ\u00e9e hautement Albert II de Monaco en Italie : le 15 mai 2025, il visitera les fouilles de Pomp\u00e9i et le Sanctuaire\" \/>\n<meta name=\"robots\" content=\"index, follow, max-snippet:-1, max-image-preview:large, max-video-preview:-1\" \/>\n<link rel=\"canonical\" href=\"https:\/\/montecarloliving.com\/fr\/actualite\/albert-ii-de-monaco-en-italie-15-mai-2025-visitera-les-fouilles-de-pompei-et-sanctuaire-21842\/\" \/>\n<meta property=\"og:locale\" content=\"fr_FR\" \/>\n<meta property=\"og:title\" content=\"Albert II de Monaco en Italie : le 15 mai 2025, il visitera les fouilles de Pomp\u00e9i et le Sanctuaire\" \/>\n<meta property=\"og:description\" content=\"Pomp\u00e9i accueille le Prince Albert II de Monaco : une visite entre m\u00e9moire, art et spiritualit\u00e9 Le 15 mai 2025, Pomp\u00e9i vivra une journ\u00e9e hautement Albert II de Monaco en Italie : le 15 mai 2025, il visitera les fouilles de Pomp\u00e9i et le Sanctuaire\" \/>\n<meta property=\"og:url\" content=\"https:\/\/montecarloliving.com\/fr\/actualite\/albert-ii-de-monaco-en-italie-15-mai-2025-visitera-les-fouilles-de-pompei-et-sanctuaire-21842\/\" \/>\n<meta property=\"og:site_name\" content=\"Montecarlo Living\" \/>\n<meta property=\"article:publisher\" content=\"https:\/\/www.facebook.com\/montecarlolivingcom\/\" \/>\n<meta property=\"article:published_time\" content=\"2025-05-14T06:56:27+00:00\" \/>\n<meta property=\"og:image\" content=\"https:\/\/montecarloliving.com\/wp-content\/uploads\/2025\/05\/thumb_7998965_cover_header-650x400.jpeg\" \/>\n\t<meta property=\"og:image:width\" content=\"650\" \/>\n\t<meta property=\"og:image:height\" content=\"400\" \/>\n\t<meta property=\"og:image:type\" content=\"image\/jpeg\" \/>\n<meta name=\"author\" content=\"Redazione\" \/>\n<meta name=\"twitter:card\" content=\"summary_large_image\" \/>\n<meta name=\"twitter:creator\" content=\"@MonteCarloLivi\" \/>\n<meta name=\"twitter:site\" content=\"@MonteCarloLivi\" \/>\n<meta name=\"twitter:label1\" content=\"\u00c9crit par\" \/>\n\t<meta name=\"twitter:data1\" content=\"Redazione\" \/>\n\t<meta name=\"twitter:label2\" content=\"Dur\u00e9e de lecture estim\u00e9e\" \/>\n\t<meta name=\"twitter:data2\" content=\"4 minutes\" \/>\n<script type=\"application\/ld+json\" class=\"yoast-schema-graph\">{\"@context\":\"https:\\\/\\\/schema.org\",\"@graph\":[{\"@type\":\"Article\",\"@id\":\"https:\\\/\\\/montecarloliving.com\\\/fr\\\/actualite\\\/albert-ii-de-monaco-en-italie-15-mai-2025-visitera-les-fouilles-de-pompei-et-sanctuaire-21842\\\/#article\",\"isPartOf\":{\"@id\":\"https:\\\/\\\/montecarloliving.com\\\/fr\\\/actualite\\\/albert-ii-de-monaco-en-italie-15-mai-2025-visitera-les-fouilles-de-pompei-et-sanctuaire-21842\\\/\"},\"author\":{\"name\":\"Redazione\",\"@id\":\"https:\\\/\\\/montecarloliving.com\\\/fr\\\/#\\\/schema\\\/person\\\/7e5945d4560862b7f2d2c6831bda2819\"},\"headline\":\"Albert II de Monaco en Italie : le 15 mai 2025, il visitera les fouilles de Pomp\u00e9i et le Sanctuaire\",\"datePublished\":\"2025-05-14T06:56:27+00:00\",\"mainEntityOfPage\":{\"@id\":\"https:\\\/\\\/montecarloliving.com\\\/fr\\\/actualite\\\/albert-ii-de-monaco-en-italie-15-mai-2025-visitera-les-fouilles-de-pompei-et-sanctuaire-21842\\\/\"},\"wordCount\":707,\"image\":{\"@id\":\"https:\\\/\\\/montecarloliving.com\\\/fr\\\/actualite\\\/albert-ii-de-monaco-en-italie-15-mai-2025-visitera-les-fouilles-de-pompei-et-sanctuaire-21842\\\/#primaryimage\"},\"thumbnailUrl\":\"https:\\\/\\\/montecarloliving.com\\\/wp-content\\\/uploads\\\/2025\\\/05\\\/thumb_7998965_cover_header-scaled.jpeg\",\"articleSection\":[\"Actualit\u00e9\",\"Actualit\u00e9 \u00e0 Monaco\",\"Italie et Monaco\",\"Monaco\"],\"inLanguage\":\"fr-FR\"},{\"@type\":\"WebPage\",\"@id\":\"https:\\\/\\\/montecarloliving.com\\\/fr\\\/actualite\\\/albert-ii-de-monaco-en-italie-15-mai-2025-visitera-les-fouilles-de-pompei-et-sanctuaire-21842\\\/\",\"url\":\"https:\\\/\\\/montecarloliving.com\\\/fr\\\/actualite\\\/albert-ii-de-monaco-en-italie-15-mai-2025-visitera-les-fouilles-de-pompei-et-sanctuaire-21842\\\/\",\"name\":\"Albert II de Monaco en Italie : le 15 mai 2025, il visitera les fouilles de Pomp\u00e9i et le Sanctuaire\",\"isPartOf\":{\"@id\":\"https:\\\/\\\/montecarloliving.com\\\/fr\\\/#website\"},\"primaryImageOfPage\":{\"@id\":\"https:\\\/\\\/montecarloliving.com\\\/fr\\\/actualite\\\/albert-ii-de-monaco-en-italie-15-mai-2025-visitera-les-fouilles-de-pompei-et-sanctuaire-21842\\\/#primaryimage\"},\"image\":{\"@id\":\"https:\\\/\\\/montecarloliving.com\\\/fr\\\/actualite\\\/albert-ii-de-monaco-en-italie-15-mai-2025-visitera-les-fouilles-de-pompei-et-sanctuaire-21842\\\/#primaryimage\"},\"thumbnailUrl\":\"https:\\\/\\\/montecarloliving.com\\\/wp-content\\\/uploads\\\/2025\\\/05\\\/thumb_7998965_cover_header-scaled.jpeg\",\"datePublished\":\"2025-05-14T06:56:27+00:00\",\"author\":{\"@id\":\"https:\\\/\\\/montecarloliving.com\\\/fr\\\/#\\\/schema\\\/person\\\/7e5945d4560862b7f2d2c6831bda2819\"},\"description\":\"Pomp\u00e9i accueille le Prince Albert II de Monaco : une visite entre m\u00e9moire, art et spiritualit\u00e9 Le 15 mai 2025, Pomp\u00e9i vivra une journ\u00e9e hautement Albert II de Monaco en Italie : le 15 mai 2025, il visitera les fouilles de Pomp\u00e9i et le Sanctuaire\",\"breadcrumb\":{\"@id\":\"https:\\\/\\\/montecarloliving.com\\\/fr\\\/actualite\\\/albert-ii-de-monaco-en-italie-15-mai-2025-visitera-les-fouilles-de-pompei-et-sanctuaire-21842\\\/#breadcrumb\"},\"inLanguage\":\"fr-FR\",\"potentialAction\":[{\"@type\":\"ReadAction\",\"target\":[\"https:\\\/\\\/montecarloliving.com\\\/fr\\\/actualite\\\/albert-ii-de-monaco-en-italie-15-mai-2025-visitera-les-fouilles-de-pompei-et-sanctuaire-21842\\\/\"]}]},{\"@type\":\"ImageObject\",\"inLanguage\":\"fr-FR\",\"@id\":\"https:\\\/\\\/montecarloliving.com\\\/fr\\\/actualite\\\/albert-ii-de-monaco-en-italie-15-mai-2025-visitera-les-fouilles-de-pompei-et-sanctuaire-21842\\\/#primaryimage\",\"url\":\"https:\\\/\\\/montecarloliving.com\\\/wp-content\\\/uploads\\\/2025\\\/05\\\/thumb_7998965_cover_header-scaled.jpeg\",\"contentUrl\":\"https:\\\/\\\/montecarloliving.com\\\/wp-content\\\/uploads\\\/2025\\\/05\\\/thumb_7998965_cover_header-scaled.jpeg\",\"width\":2560,\"height\":1743},{\"@type\":\"BreadcrumbList\",\"@id\":\"https:\\\/\\\/montecarloliving.com\\\/fr\\\/actualite\\\/albert-ii-de-monaco-en-italie-15-mai-2025-visitera-les-fouilles-de-pompei-et-sanctuaire-21842\\\/#breadcrumb\",\"itemListElement\":[{\"@type\":\"ListItem\",\"position\":1,\"name\":\"Home\",\"item\":\"https:\\\/\\\/montecarloliving.com\\\/fr\\\/\"},{\"@type\":\"ListItem\",\"position\":2,\"name\":\"Albert II de Monaco en Italie : le 15 mai 2025, il visitera les fouilles de Pomp\u00e9i et le Sanctuaire\"}]},{\"@type\":\"WebSite\",\"@id\":\"https:\\\/\\\/montecarloliving.com\\\/fr\\\/#website\",\"url\":\"https:\\\/\\\/montecarloliving.com\\\/fr\\\/\",\"name\":\"Montecarlo Living\",\"description\":\"News da Montecarlo - Principato di Monaco e Costa Azzurra\",\"potentialAction\":[{\"@type\":\"SearchAction\",\"target\":{\"@type\":\"EntryPoint\",\"urlTemplate\":\"https:\\\/\\\/montecarloliving.com\\\/fr\\\/?s={search_term_string}\"},\"query-input\":{\"@type\":\"PropertyValueSpecification\",\"valueRequired\":true,\"valueName\":\"search_term_string\"}}],\"inLanguage\":\"fr-FR\"},{\"@type\":\"Person\",\"@id\":\"https:\\\/\\\/montecarloliving.com\\\/fr\\\/#\\\/schema\\\/person\\\/7e5945d4560862b7f2d2c6831bda2819\",\"name\":\"Redazione\",\"image\":{\"@type\":\"ImageObject\",\"inLanguage\":\"fr-FR\",\"@id\":\"https:\\\/\\\/secure.gravatar.com\\\/avatar\\\/8b5f26557e18fe74ad8e8a57ebb2925d88af8a90cee489ff2beefb391bc9b9c7?s=96&d=mm&r=g\",\"url\":\"https:\\\/\\\/secure.gravatar.com\\\/avatar\\\/8b5f26557e18fe74ad8e8a57ebb2925d88af8a90cee489ff2beefb391bc9b9c7?s=96&d=mm&r=g\",\"contentUrl\":\"https:\\\/\\\/secure.gravatar.com\\\/avatar\\\/8b5f26557e18fe74ad8e8a57ebb2925d88af8a90cee489ff2beefb391bc9b9c7?s=96&d=mm&r=g\",\"caption\":\"Redazione\"}}]}<\/script>\n<!-- \/ Yoast SEO plugin. -->","yoast_head_json":{"title":"Albert II de Monaco en Italie : le 15 mai 2025, il visitera les fouilles de Pomp\u00e9i et le Sanctuaire","description":"Pomp\u00e9i accueille le Prince Albert II de Monaco : une visite entre m\u00e9moire, art et spiritualit\u00e9 Le 15 mai 2025, Pomp\u00e9i vivra une journ\u00e9e hautement Albert II de Monaco en Italie : le 15 mai 2025, il visitera les fouilles de Pomp\u00e9i et le Sanctuaire","robots":{"index":"index","follow":"follow","max-snippet":"max-snippet:-1","max-image-preview":"max-image-preview:large","max-video-preview":"max-video-preview:-1"},"canonical":"https:\/\/montecarloliving.com\/fr\/actualite\/albert-ii-de-monaco-en-italie-15-mai-2025-visitera-les-fouilles-de-pompei-et-sanctuaire-21842\/","og_locale":"fr_FR","og_title":"Albert II de Monaco en Italie : le 15 mai 2025, il visitera les fouilles de Pomp\u00e9i et le Sanctuaire","og_description":"Pomp\u00e9i accueille le Prince Albert II de Monaco : une visite entre m\u00e9moire, art et spiritualit\u00e9 Le 15 mai 2025, Pomp\u00e9i vivra une journ\u00e9e hautement Albert II de Monaco en Italie : le 15 mai 2025, il visitera les fouilles de Pomp\u00e9i et le Sanctuaire","og_url":"https:\/\/montecarloliving.com\/fr\/actualite\/albert-ii-de-monaco-en-italie-15-mai-2025-visitera-les-fouilles-de-pompei-et-sanctuaire-21842\/","og_site_name":"Montecarlo Living","article_publisher":"https:\/\/www.facebook.com\/montecarlolivingcom\/","article_published_time":"2025-05-14T06:56:27+00:00","og_image":[{"width":650,"height":400,"url":"https:\/\/montecarloliving.com\/wp-content\/uploads\/2025\/05\/thumb_7998965_cover_header-650x400.jpeg","type":"image\/jpeg"}],"author":"Redazione","twitter_card":"summary_large_image","twitter_creator":"@MonteCarloLivi","twitter_site":"@MonteCarloLivi","twitter_misc":{"\u00c9crit par":"Redazione","Dur\u00e9e de lecture estim\u00e9e":"4 minutes"},"schema":{"@context":"https:\/\/schema.org","@graph":[{"@type":"Article","@id":"https:\/\/montecarloliving.com\/fr\/actualite\/albert-ii-de-monaco-en-italie-15-mai-2025-visitera-les-fouilles-de-pompei-et-sanctuaire-21842\/#article","isPartOf":{"@id":"https:\/\/montecarloliving.com\/fr\/actualite\/albert-ii-de-monaco-en-italie-15-mai-2025-visitera-les-fouilles-de-pompei-et-sanctuaire-21842\/"},"author":{"name":"Redazione","@id":"https:\/\/montecarloliving.com\/fr\/#\/schema\/person\/7e5945d4560862b7f2d2c6831bda2819"},"headline":"Albert II de Monaco en Italie : le 15 mai 2025, il visitera les fouilles de Pomp\u00e9i et le Sanctuaire","datePublished":"2025-05-14T06:56:27+00:00","mainEntityOfPage":{"@id":"https:\/\/montecarloliving.com\/fr\/actualite\/albert-ii-de-monaco-en-italie-15-mai-2025-visitera-les-fouilles-de-pompei-et-sanctuaire-21842\/"},"wordCount":707,"image":{"@id":"https:\/\/montecarloliving.com\/fr\/actualite\/albert-ii-de-monaco-en-italie-15-mai-2025-visitera-les-fouilles-de-pompei-et-sanctuaire-21842\/#primaryimage"},"thumbnailUrl":"https:\/\/montecarloliving.com\/wp-content\/uploads\/2025\/05\/thumb_7998965_cover_header-scaled.jpeg","articleSection":["Actualit\u00e9","Actualit\u00e9 \u00e0 Monaco","Italie et Monaco","Monaco"],"inLanguage":"fr-FR"},{"@type":"WebPage","@id":"https:\/\/montecarloliving.com\/fr\/actualite\/albert-ii-de-monaco-en-italie-15-mai-2025-visitera-les-fouilles-de-pompei-et-sanctuaire-21842\/","url":"https:\/\/montecarloliving.com\/fr\/actualite\/albert-ii-de-monaco-en-italie-15-mai-2025-visitera-les-fouilles-de-pompei-et-sanctuaire-21842\/","name":"Albert II de Monaco en Italie : le 15 mai 2025, il visitera les fouilles de Pomp\u00e9i et le Sanctuaire","isPartOf":{"@id":"https:\/\/montecarloliving.com\/fr\/#website"},"primaryImageOfPage":{"@id":"https:\/\/montecarloliving.com\/fr\/actualite\/albert-ii-de-monaco-en-italie-15-mai-2025-visitera-les-fouilles-de-pompei-et-sanctuaire-21842\/#primaryimage"},"image":{"@id":"https:\/\/montecarloliving.com\/fr\/actualite\/albert-ii-de-monaco-en-italie-15-mai-2025-visitera-les-fouilles-de-pompei-et-sanctuaire-21842\/#primaryimage"},"thumbnailUrl":"https:\/\/montecarloliving.com\/wp-content\/uploads\/2025\/05\/thumb_7998965_cover_header-scaled.jpeg","datePublished":"2025-05-14T06:56:27+00:00","author":{"@id":"https:\/\/montecarloliving.com\/fr\/#\/schema\/person\/7e5945d4560862b7f2d2c6831bda2819"},"description":"Pomp\u00e9i accueille le Prince Albert II de Monaco : une visite entre m\u00e9moire, art et spiritualit\u00e9 Le 15 mai 2025, Pomp\u00e9i vivra une journ\u00e9e hautement Albert II de Monaco en Italie : le 15 mai 2025, il visitera les fouilles de Pomp\u00e9i et le Sanctuaire","breadcrumb":{"@id":"https:\/\/montecarloliving.com\/fr\/actualite\/albert-ii-de-monaco-en-italie-15-mai-2025-visitera-les-fouilles-de-pompei-et-sanctuaire-21842\/#breadcrumb"},"inLanguage":"fr-FR","potentialAction":[{"@type":"ReadAction","target":["https:\/\/montecarloliving.com\/fr\/actualite\/albert-ii-de-monaco-en-italie-15-mai-2025-visitera-les-fouilles-de-pompei-et-sanctuaire-21842\/"]}]},{"@type":"ImageObject","inLanguage":"fr-FR","@id":"https:\/\/montecarloliving.com\/fr\/actualite\/albert-ii-de-monaco-en-italie-15-mai-2025-visitera-les-fouilles-de-pompei-et-sanctuaire-21842\/#primaryimage","url":"https:\/\/montecarloliving.com\/wp-content\/uploads\/2025\/05\/thumb_7998965_cover_header-scaled.jpeg","contentUrl":"https:\/\/montecarloliving.com\/wp-content\/uploads\/2025\/05\/thumb_7998965_cover_header-scaled.jpeg","width":2560,"height":1743},{"@type":"BreadcrumbList","@id":"https:\/\/montecarloliving.com\/fr\/actualite\/albert-ii-de-monaco-en-italie-15-mai-2025-visitera-les-fouilles-de-pompei-et-sanctuaire-21842\/#breadcrumb","itemListElement":[{"@type":"ListItem","position":1,"name":"Home","item":"https:\/\/montecarloliving.com\/fr\/"},{"@type":"ListItem","position":2,"name":"Albert II de Monaco en Italie : le 15 mai 2025, il visitera les fouilles de Pomp\u00e9i et le Sanctuaire"}]},{"@type":"WebSite","@id":"https:\/\/montecarloliving.com\/fr\/#website","url":"https:\/\/montecarloliving.com\/fr\/","name":"Montecarlo Living","description":"News da Montecarlo - Principato di Monaco e Costa Azzurra","potentialAction":[{"@type":"SearchAction","target":{"@type":"EntryPoint","urlTemplate":"https:\/\/montecarloliving.com\/fr\/?s={search_term_string}"},"query-input":{"@type":"PropertyValueSpecification","valueRequired":true,"valueName":"search_term_string"}}],"inLanguage":"fr-FR"},{"@type":"Person","@id":"https:\/\/montecarloliving.com\/fr\/#\/schema\/person\/7e5945d4560862b7f2d2c6831bda2819","name":"Redazione","image":{"@type":"ImageObject","inLanguage":"fr-FR","@id":"https:\/\/secure.gravatar.com\/avatar\/8b5f26557e18fe74ad8e8a57ebb2925d88af8a90cee489ff2beefb391bc9b9c7?s=96&d=mm&r=g","url":"https:\/\/secure.gravatar.com\/avatar\/8b5f26557e18fe74ad8e8a57ebb2925d88af8a90cee489ff2beefb391bc9b9c7?s=96&d=mm&r=g","contentUrl":"https:\/\/secure.gravatar.com\/avatar\/8b5f26557e18fe74ad8e8a57ebb2925d88af8a90cee489ff2beefb391bc9b9c7?s=96&d=mm&r=g","caption":"Redazione"}}]}},"_links":{"self":[{"href":"https:\/\/montecarloliving.com\/fr\/wp-json\/wp\/v2\/posts\/21842","targetHints":{"allow":["GET"]}}],"collection":[{"href":"https:\/\/montecarloliving.com\/fr\/wp-json\/wp\/v2\/posts"}],"about":[{"href":"https:\/\/montecarloliving.com\/fr\/wp-json\/wp\/v2\/types\/post"}],"author":[{"embeddable":true,"href":"https:\/\/montecarloliving.com\/fr\/wp-json\/wp\/v2\/users\/1"}],"replies":[{"embeddable":true,"href":"https:\/\/montecarloliving.com\/fr\/wp-json\/wp\/v2\/comments?post=21842"}],"version-history":[{"count":1,"href":"https:\/\/montecarloliving.com\/fr\/wp-json\/wp\/v2\/posts\/21842\/revisions"}],"predecessor-version":[{"id":21843,"href":"https:\/\/montecarloliving.com\/fr\/wp-json\/wp\/v2\/posts\/21842\/revisions\/21843"}],"wp:featuredmedia":[{"embeddable":true,"href":"https:\/\/montecarloliving.com\/fr\/wp-json\/wp\/v2\/media\/21838"}],"wp:attachment":[{"href":"https:\/\/montecarloliving.com\/fr\/wp-json\/wp\/v2\/media?parent=21842"}],"wp:term":[{"taxonomy":"category","embeddable":true,"href":"https:\/\/montecarloliving.com\/fr\/wp-json\/wp\/v2\/categories?post=21842"},{"taxonomy":"post_tag","embeddable":true,"href":"https:\/\/montecarloliving.com\/fr\/wp-json\/wp\/v2\/tags?post=21842"}],"curies":[{"name":"wp","href":"https:\/\/api.w.org\/{rel}","templated":true}]}}