{"id":21775,"date":"2025-05-27T09:56:17","date_gmt":"2025-05-27T07:56:17","guid":{"rendered":"https:\/\/montecarloliving.com\/?p=21775"},"modified":"2025-05-12T12:06:09","modified_gmt":"2025-05-12T10:06:09","slug":"haut-patronage-de-s-s-prince-albert-ii-presentation-de-lexposition-monaco-et-les-napoleons-destins-croises","status":"publish","type":"post","link":"https:\/\/montecarloliving.com\/fr\/actualite\/haut-patronage-de-s-s-prince-albert-ii-presentation-de-lexposition-monaco-et-les-napoleons-destins-croises-21775\/","title":{"rendered":"Haut Patronage de S.A.S. le Prince Albert II \u2013 Pr\u00e9sentation de l&rsquo;exposition \u00ab\u00a0Monaco et les Napol\u00e9ons : Destins Crois\u00e9s\u00a0\u00bb"},"content":{"rendered":"<p class=\"\" data-start=\"3083\" data-end=\"3484\"><strong>Le Grimaldi Forum Monaco accueillera cet \u00e9t\u00e9 une exposition exceptionnelle intitul\u00e9e \u00ab\u00a0Monaco et les Napol\u00e9ons : Destins Crois\u00e9s\u00a0\u00bb, qui se d\u00e9roulera du 11 juillet au 31 ao\u00fbt 2025. Plac\u00e9e sous le Haut Patronage de S.A.S. le Prince Albert II, cet \u00e9v\u00e9nement in\u00e9dit d\u00e9voilera pour la premi\u00e8re fois les liens profonds et uniques entre la Principaut\u00e9 de Monaco et les Premier et Deuxi\u00e8me Empires Napol\u00e9oniens.<\/strong><\/p>\n<p class=\"\" data-start=\"3486\" data-end=\"3697\">\u00c0 travers une s\u00e9lection pr\u00e9cieuse d&rsquo;\u0153uvres d&rsquo;art, de documents et d&rsquo;objets prestigieux, les visiteurs seront invit\u00e9s \u00e0 explorer les multiples facettes d\u2019une relation historique \u00e0 la fois m\u00e9connue et essentielle.<\/p>\n<p class=\"\" data-start=\"3699\" data-end=\"4286\">Cette exposition est le fruit de recherches rigoureuses men\u00e9es par ses trois commissaires. Thomas Fouilleron et Thomas Blanchy, Directeur et Directeur adjoint des Archives et de la Biblioth\u00e8que du Palais Princier, ainsi que Pierre Branda, Directeur Scientifique de la Fondation Napol\u00e9on. Ensemble, ils offrent une perspective nouvelle et bien document\u00e9e sur certaines des p\u00e9riodes les plus marquantes de l\u2019histoire europ\u00e9enne et mon\u00e9gasque, lorsque les Empereurs Napol\u00e9on Ier et Napol\u00e9on III, ainsi que les Imp\u00e9ratrices Jos\u00e9phine et Eug\u00e9nie\u2026 ont crois\u00e9 le chemin de la dynastie Grimaldi.<\/p>\n<p data-start=\"3699\" data-end=\"4286\"><img loading=\"lazy\" decoding=\"async\" class=\"size-full wp-image-21769 aligncenter\" src=\"https:\/\/montecarloliving.com\/wp-content\/uploads\/2025\/05\/Exposition-Napoleon-affiche-1.jpg\" alt=\"\" width=\"1183\" height=\"838\" srcset=\"https:\/\/montecarloliving.com\/wp-content\/uploads\/2025\/05\/Exposition-Napoleon-affiche-1.jpg 1183w, https:\/\/montecarloliving.com\/wp-content\/uploads\/2025\/05\/Exposition-Napoleon-affiche-1-300x213.jpg 300w, https:\/\/montecarloliving.com\/wp-content\/uploads\/2025\/05\/Exposition-Napoleon-affiche-1-1024x725.jpg 1024w, https:\/\/montecarloliving.com\/wp-content\/uploads\/2025\/05\/Exposition-Napoleon-affiche-1-768x544.jpg 768w\" sizes=\"auto, (max-width: 1183px) 100vw, 1183px\" \/><\/p>\n<p class=\"\" data-start=\"4288\" data-end=\"4313\"><em>Mais ce n&rsquo;est pas tout&#8230;<\/em><\/p>\n<p class=\"\" data-start=\"4315\" data-end=\"4830\">Un moment cl\u00e9 de l\u2019exposition sera l\u2019exceptionnel apport de la collection priv\u00e9e de David et Mikhail Iakobachvili. P\u00e8re et fils, ces deux passionn\u00e9s collectionneurs d&rsquo;arts d\u00e9coratifs, d&rsquo;objets rares, de cr\u00e9ations m\u00e9caniques et de performances sonores ont r\u00e9uni au cours des vingt derni\u00e8res ann\u00e9es une collection impressionnante de pr\u00e8s de 25 000 pi\u00e8ces allant du XVIe au XXe si\u00e8cle. Parmi elles figurent des artefacts napol\u00e9oniens pr\u00e9cieux qui seront expos\u00e9s au Grimaldi Forum dans le cadre de cet \u00e9v\u00e9nement majeur.<\/p>\n<p class=\"\" data-start=\"4832\" data-end=\"5300\">Hommes d&rsquo;affaires prosp\u00e8res, m\u00e9c\u00e8nes engag\u00e9s dans les arts et v\u00e9ritables passionn\u00e9s d&rsquo;histoire, David et Mikhail Iakobachvili travaillent actuellement \u00e0 la cr\u00e9ation d\u2019un mus\u00e9e qui abritera une s\u00e9lection des \u0153uvres les plus embl\u00e9matiques de leur collection. L\u2019exposition<em> \u00ab\u00a0Monaco et les Napol\u00e9ons : Destins Crois\u00e9s\u00a0\u00bb<\/em> est n\u00e9e \u00e0 l&rsquo;intersection de leurs passions, de leur lien profond avec Monaco et de leur int\u00e9r\u00eat marqu\u00e9 pour le patrimoine culturel et artistique fran\u00e7ais.<\/p>\n<p class=\"\" data-start=\"5302\" data-end=\"5494\">Louis Ducruet, activement impliqu\u00e9 dans la promotion du patrimoine historique mon\u00e9gasque, sera l&rsquo;ambassadeur de l&rsquo;exposition, offrant une perspective contemporaine sur cette \u00e9poque fondatrice.<\/p>\n<p class=\"\" data-start=\"5496\" data-end=\"5794\"><em>\u00ab\u00a0Monaco et les Napol\u00e9ons : Destins Crois\u00e9s\u00a0\u00bb<\/em> offre une occasion rare de (re)d\u00e9couvrir sous un angle nouveau les nombreux liens qui ont uni Monaco \u00e0 Napol\u00e9on Bonaparte et \u00e0 ses successeurs. Un \u00e9v\u00e9nement culturel majeur de l\u2019\u00e9t\u00e9 2025, promettant de m\u00ealer excellence scientifique et \u00e9motion historique.<\/p>\n<p class=\"\" data-start=\"5796\" data-end=\"6095\">D&rsquo;autres d\u00e9tails seront r\u00e9v\u00e9l\u00e9s dans les prochaines semaines, y compris les points forts des \u0153uvres \u00e0 exposer, le calendrier de l&rsquo;exposition au Grimaldi Forum et les d\u00e9clarations des figures cl\u00e9s impliqu\u00e9es dans cet \u00e9v\u00e9nement exceptionnel, plac\u00e9 sous le Haut Patronage de S.A.S. le Prince Albert II.<\/p>\n<p class=\"\" data-start=\"6097\" data-end=\"6117\"><em>Restez \u00e0 l&rsquo;\u00e9coute&#8230;<\/em><\/p>\n","protected":false},"excerpt":{"rendered":"<p>Le Grimaldi Forum Monaco accueillera cet \u00e9t\u00e9 une exposition exceptionnelle intitul\u00e9e \u00ab\u00a0Monaco et les Napol\u00e9ons : Destins Crois\u00e9s\u00a0\u00bb, qui se d\u00e9roulera du 11 juillet au 31 ao\u00fbt 2025. Plac\u00e9e sous le Haut Patronage de S.A.S. le Prince Albert II, cet \u00e9v\u00e9nement in\u00e9dit d\u00e9voilera pour [&hellip;]<\/p>\n","protected":false},"author":1,"featured_media":21769,"comment_status":"closed","ping_status":"closed","sticky":false,"template":"","format":"standard","meta":{"footnotes":""},"categories":[827,828,867,819],"tags":[],"class_list":["post-21775","post","type-post","status-publish","format-standard","has-post-thumbnail","hentry","category-actualite","category-evenements","category-monaco-fr","category-que-visiter"],"yoast_head":"<!-- This site is optimized with the Yoast SEO plugin v27.4 - https:\/\/yoast.com\/product\/yoast-seo-wordpress\/ -->\n<title>Haut Patronage de S.A.S. le Prince Albert II \u2013 Pr\u00e9sentation de l&#039;exposition &quot;Monaco et les Napol\u00e9ons : Destins Crois\u00e9s&quot;<\/title>\n<meta name=\"description\" content=\"Le Grimaldi Forum Monaco accueillera cet \u00e9t\u00e9 une exposition exceptionnelle intitul\u00e9e &quot;Monaco et les Napol\u00e9ons : Destins Crois\u00e9s&quot;, qui se d\u00e9roulera du 11 Haut Patronage de S.A.S. le Prince Albert II \u2013 Pr\u00e9sentation de l&#039;exposition &quot;Monaco et les Napol\u00e9ons : Destins Crois\u00e9s&quot;\" \/>\n<meta name=\"robots\" content=\"index, follow, max-snippet:-1, max-image-preview:large, max-video-preview:-1\" \/>\n<link rel=\"canonical\" href=\"https:\/\/montecarloliving.com\/fr\/actualite\/haut-patronage-de-s-s-prince-albert-ii-presentation-de-lexposition-monaco-et-les-napoleons-destins-croises-21775\/\" \/>\n<meta property=\"og:locale\" content=\"fr_FR\" \/>\n<meta property=\"og:title\" content=\"Haut Patronage de S.A.S. le Prince Albert II \u2013 Pr\u00e9sentation de l&#039;exposition &quot;Monaco et les Napol\u00e9ons : Destins Crois\u00e9s&quot;\" \/>\n<meta property=\"og:description\" content=\"Le Grimaldi Forum Monaco accueillera cet \u00e9t\u00e9 une exposition exceptionnelle intitul\u00e9e &quot;Monaco et les Napol\u00e9ons : Destins Crois\u00e9s&quot;, qui se d\u00e9roulera du 11 Haut Patronage de S.A.S. le Prince Albert II \u2013 Pr\u00e9sentation de l&#039;exposition &quot;Monaco et les Napol\u00e9ons : Destins Crois\u00e9s&quot;\" \/>\n<meta property=\"og:url\" content=\"https:\/\/montecarloliving.com\/fr\/actualite\/haut-patronage-de-s-s-prince-albert-ii-presentation-de-lexposition-monaco-et-les-napoleons-destins-croises-21775\/\" \/>\n<meta property=\"og:site_name\" content=\"Montecarlo Living\" \/>\n<meta property=\"article:publisher\" content=\"https:\/\/www.facebook.com\/montecarlolivingcom\/\" \/>\n<meta property=\"article:published_time\" content=\"2025-05-27T07:56:17+00:00\" \/>\n<meta property=\"og:image\" content=\"https:\/\/montecarloliving.com\/wp-content\/uploads\/2025\/05\/Exposition-Napoleon-affiche-1-650x400.jpg\" \/>\n\t<meta property=\"og:image:width\" content=\"650\" \/>\n\t<meta property=\"og:image:height\" content=\"400\" \/>\n\t<meta property=\"og:image:type\" content=\"image\/jpeg\" \/>\n<meta name=\"author\" content=\"Redazione\" \/>\n<meta name=\"twitter:card\" content=\"summary_large_image\" \/>\n<meta name=\"twitter:creator\" content=\"@MonteCarloLivi\" \/>\n<meta name=\"twitter:site\" content=\"@MonteCarloLivi\" \/>\n<meta name=\"twitter:label1\" content=\"\u00c9crit par\" \/>\n\t<meta name=\"twitter:data1\" content=\"Redazione\" \/>\n\t<meta name=\"twitter:label2\" content=\"Dur\u00e9e de lecture estim\u00e9e\" \/>\n\t<meta name=\"twitter:data2\" content=\"3 minutes\" \/>\n<script type=\"application\/ld+json\" class=\"yoast-schema-graph\">{\"@context\":\"https:\\\/\\\/schema.org\",\"@graph\":[{\"@type\":\"Article\",\"@id\":\"https:\\\/\\\/montecarloliving.com\\\/fr\\\/actualite\\\/haut-patronage-de-s-s-prince-albert-ii-presentation-de-lexposition-monaco-et-les-napoleons-destins-croises-21775\\\/#article\",\"isPartOf\":{\"@id\":\"https:\\\/\\\/montecarloliving.com\\\/fr\\\/actualite\\\/haut-patronage-de-s-s-prince-albert-ii-presentation-de-lexposition-monaco-et-les-napoleons-destins-croises-21775\\\/\"},\"author\":{\"name\":\"Redazione\",\"@id\":\"https:\\\/\\\/montecarloliving.com\\\/fr\\\/#\\\/schema\\\/person\\\/7e5945d4560862b7f2d2c6831bda2819\"},\"headline\":\"Haut Patronage de S.A.S. le Prince Albert II \u2013 Pr\u00e9sentation de l&rsquo;exposition \u00ab\u00a0Monaco et les Napol\u00e9ons : Destins Crois\u00e9s\u00a0\u00bb\",\"datePublished\":\"2025-05-27T07:56:17+00:00\",\"mainEntityOfPage\":{\"@id\":\"https:\\\/\\\/montecarloliving.com\\\/fr\\\/actualite\\\/haut-patronage-de-s-s-prince-albert-ii-presentation-de-lexposition-monaco-et-les-napoleons-destins-croises-21775\\\/\"},\"wordCount\":554,\"image\":{\"@id\":\"https:\\\/\\\/montecarloliving.com\\\/fr\\\/actualite\\\/haut-patronage-de-s-s-prince-albert-ii-presentation-de-lexposition-monaco-et-les-napoleons-destins-croises-21775\\\/#primaryimage\"},\"thumbnailUrl\":\"https:\\\/\\\/montecarloliving.com\\\/wp-content\\\/uploads\\\/2025\\\/05\\\/Exposition-Napoleon-affiche-1.jpg\",\"articleSection\":[\"Actualit\u00e9\",\"\u00c9v\u00e9nements\",\"Monaco\",\"Que Visiter \u00e0 Monaco\"],\"inLanguage\":\"fr-FR\"},{\"@type\":\"WebPage\",\"@id\":\"https:\\\/\\\/montecarloliving.com\\\/fr\\\/actualite\\\/haut-patronage-de-s-s-prince-albert-ii-presentation-de-lexposition-monaco-et-les-napoleons-destins-croises-21775\\\/\",\"url\":\"https:\\\/\\\/montecarloliving.com\\\/fr\\\/actualite\\\/haut-patronage-de-s-s-prince-albert-ii-presentation-de-lexposition-monaco-et-les-napoleons-destins-croises-21775\\\/\",\"name\":\"Haut Patronage de S.A.S. le Prince Albert II \u2013 Pr\u00e9sentation de l'exposition \\\"Monaco et les Napol\u00e9ons : Destins Crois\u00e9s\\\"\",\"isPartOf\":{\"@id\":\"https:\\\/\\\/montecarloliving.com\\\/fr\\\/#website\"},\"primaryImageOfPage\":{\"@id\":\"https:\\\/\\\/montecarloliving.com\\\/fr\\\/actualite\\\/haut-patronage-de-s-s-prince-albert-ii-presentation-de-lexposition-monaco-et-les-napoleons-destins-croises-21775\\\/#primaryimage\"},\"image\":{\"@id\":\"https:\\\/\\\/montecarloliving.com\\\/fr\\\/actualite\\\/haut-patronage-de-s-s-prince-albert-ii-presentation-de-lexposition-monaco-et-les-napoleons-destins-croises-21775\\\/#primaryimage\"},\"thumbnailUrl\":\"https:\\\/\\\/montecarloliving.com\\\/wp-content\\\/uploads\\\/2025\\\/05\\\/Exposition-Napoleon-affiche-1.jpg\",\"datePublished\":\"2025-05-27T07:56:17+00:00\",\"author\":{\"@id\":\"https:\\\/\\\/montecarloliving.com\\\/fr\\\/#\\\/schema\\\/person\\\/7e5945d4560862b7f2d2c6831bda2819\"},\"description\":\"Le Grimaldi Forum Monaco accueillera cet \u00e9t\u00e9 une exposition exceptionnelle intitul\u00e9e \\\"Monaco et les Napol\u00e9ons : Destins Crois\u00e9s\\\", qui se d\u00e9roulera du 11 Haut Patronage de S.A.S. le Prince Albert II \u2013 Pr\u00e9sentation de l'exposition \\\"Monaco et les Napol\u00e9ons : Destins Crois\u00e9s\\\"\",\"breadcrumb\":{\"@id\":\"https:\\\/\\\/montecarloliving.com\\\/fr\\\/actualite\\\/haut-patronage-de-s-s-prince-albert-ii-presentation-de-lexposition-monaco-et-les-napoleons-destins-croises-21775\\\/#breadcrumb\"},\"inLanguage\":\"fr-FR\",\"potentialAction\":[{\"@type\":\"ReadAction\",\"target\":[\"https:\\\/\\\/montecarloliving.com\\\/fr\\\/actualite\\\/haut-patronage-de-s-s-prince-albert-ii-presentation-de-lexposition-monaco-et-les-napoleons-destins-croises-21775\\\/\"]}]},{\"@type\":\"ImageObject\",\"inLanguage\":\"fr-FR\",\"@id\":\"https:\\\/\\\/montecarloliving.com\\\/fr\\\/actualite\\\/haut-patronage-de-s-s-prince-albert-ii-presentation-de-lexposition-monaco-et-les-napoleons-destins-croises-21775\\\/#primaryimage\",\"url\":\"https:\\\/\\\/montecarloliving.com\\\/wp-content\\\/uploads\\\/2025\\\/05\\\/Exposition-Napoleon-affiche-1.jpg\",\"contentUrl\":\"https:\\\/\\\/montecarloliving.com\\\/wp-content\\\/uploads\\\/2025\\\/05\\\/Exposition-Napoleon-affiche-1.jpg\",\"width\":1183,\"height\":838},{\"@type\":\"BreadcrumbList\",\"@id\":\"https:\\\/\\\/montecarloliving.com\\\/fr\\\/actualite\\\/haut-patronage-de-s-s-prince-albert-ii-presentation-de-lexposition-monaco-et-les-napoleons-destins-croises-21775\\\/#breadcrumb\",\"itemListElement\":[{\"@type\":\"ListItem\",\"position\":1,\"name\":\"Home\",\"item\":\"https:\\\/\\\/montecarloliving.com\\\/fr\\\/\"},{\"@type\":\"ListItem\",\"position\":2,\"name\":\"Haut Patronage de S.A.S. le Prince Albert II \u2013 Pr\u00e9sentation de l&#8217;exposition &#8220;Monaco et les Napol\u00e9ons : Destins Crois\u00e9s&#8221;\"}]},{\"@type\":\"WebSite\",\"@id\":\"https:\\\/\\\/montecarloliving.com\\\/fr\\\/#website\",\"url\":\"https:\\\/\\\/montecarloliving.com\\\/fr\\\/\",\"name\":\"Montecarlo Living\",\"description\":\"News da Montecarlo - Principato di Monaco e Costa Azzurra\",\"potentialAction\":[{\"@type\":\"SearchAction\",\"target\":{\"@type\":\"EntryPoint\",\"urlTemplate\":\"https:\\\/\\\/montecarloliving.com\\\/fr\\\/?s={search_term_string}\"},\"query-input\":{\"@type\":\"PropertyValueSpecification\",\"valueRequired\":true,\"valueName\":\"search_term_string\"}}],\"inLanguage\":\"fr-FR\"},{\"@type\":\"Person\",\"@id\":\"https:\\\/\\\/montecarloliving.com\\\/fr\\\/#\\\/schema\\\/person\\\/7e5945d4560862b7f2d2c6831bda2819\",\"name\":\"Redazione\",\"image\":{\"@type\":\"ImageObject\",\"inLanguage\":\"fr-FR\",\"@id\":\"https:\\\/\\\/secure.gravatar.com\\\/avatar\\\/8b5f26557e18fe74ad8e8a57ebb2925d88af8a90cee489ff2beefb391bc9b9c7?s=96&d=mm&r=g\",\"url\":\"https:\\\/\\\/secure.gravatar.com\\\/avatar\\\/8b5f26557e18fe74ad8e8a57ebb2925d88af8a90cee489ff2beefb391bc9b9c7?s=96&d=mm&r=g\",\"contentUrl\":\"https:\\\/\\\/secure.gravatar.com\\\/avatar\\\/8b5f26557e18fe74ad8e8a57ebb2925d88af8a90cee489ff2beefb391bc9b9c7?s=96&d=mm&r=g\",\"caption\":\"Redazione\"}}]}<\/script>\n<!-- \/ Yoast SEO plugin. -->","yoast_head_json":{"title":"Haut Patronage de S.A.S. le Prince Albert II \u2013 Pr\u00e9sentation de l'exposition \"Monaco et les Napol\u00e9ons : Destins Crois\u00e9s\"","description":"Le Grimaldi Forum Monaco accueillera cet \u00e9t\u00e9 une exposition exceptionnelle intitul\u00e9e \"Monaco et les Napol\u00e9ons : Destins Crois\u00e9s\", qui se d\u00e9roulera du 11 Haut Patronage de S.A.S. le Prince Albert II \u2013 Pr\u00e9sentation de l'exposition \"Monaco et les Napol\u00e9ons : Destins Crois\u00e9s\"","robots":{"index":"index","follow":"follow","max-snippet":"max-snippet:-1","max-image-preview":"max-image-preview:large","max-video-preview":"max-video-preview:-1"},"canonical":"https:\/\/montecarloliving.com\/fr\/actualite\/haut-patronage-de-s-s-prince-albert-ii-presentation-de-lexposition-monaco-et-les-napoleons-destins-croises-21775\/","og_locale":"fr_FR","og_title":"Haut Patronage de S.A.S. le Prince Albert II \u2013 Pr\u00e9sentation de l'exposition \"Monaco et les Napol\u00e9ons : Destins Crois\u00e9s\"","og_description":"Le Grimaldi Forum Monaco accueillera cet \u00e9t\u00e9 une exposition exceptionnelle intitul\u00e9e \"Monaco et les Napol\u00e9ons : Destins Crois\u00e9s\", qui se d\u00e9roulera du 11 Haut Patronage de S.A.S. le Prince Albert II \u2013 Pr\u00e9sentation de l'exposition \"Monaco et les Napol\u00e9ons : Destins Crois\u00e9s\"","og_url":"https:\/\/montecarloliving.com\/fr\/actualite\/haut-patronage-de-s-s-prince-albert-ii-presentation-de-lexposition-monaco-et-les-napoleons-destins-croises-21775\/","og_site_name":"Montecarlo Living","article_publisher":"https:\/\/www.facebook.com\/montecarlolivingcom\/","article_published_time":"2025-05-27T07:56:17+00:00","og_image":[{"width":650,"height":400,"url":"https:\/\/montecarloliving.com\/wp-content\/uploads\/2025\/05\/Exposition-Napoleon-affiche-1-650x400.jpg","type":"image\/jpeg"}],"author":"Redazione","twitter_card":"summary_large_image","twitter_creator":"@MonteCarloLivi","twitter_site":"@MonteCarloLivi","twitter_misc":{"\u00c9crit par":"Redazione","Dur\u00e9e de lecture estim\u00e9e":"3 minutes"},"schema":{"@context":"https:\/\/schema.org","@graph":[{"@type":"Article","@id":"https:\/\/montecarloliving.com\/fr\/actualite\/haut-patronage-de-s-s-prince-albert-ii-presentation-de-lexposition-monaco-et-les-napoleons-destins-croises-21775\/#article","isPartOf":{"@id":"https:\/\/montecarloliving.com\/fr\/actualite\/haut-patronage-de-s-s-prince-albert-ii-presentation-de-lexposition-monaco-et-les-napoleons-destins-croises-21775\/"},"author":{"name":"Redazione","@id":"https:\/\/montecarloliving.com\/fr\/#\/schema\/person\/7e5945d4560862b7f2d2c6831bda2819"},"headline":"Haut Patronage de S.A.S. le Prince Albert II \u2013 Pr\u00e9sentation de l&rsquo;exposition \u00ab\u00a0Monaco et les Napol\u00e9ons : Destins Crois\u00e9s\u00a0\u00bb","datePublished":"2025-05-27T07:56:17+00:00","mainEntityOfPage":{"@id":"https:\/\/montecarloliving.com\/fr\/actualite\/haut-patronage-de-s-s-prince-albert-ii-presentation-de-lexposition-monaco-et-les-napoleons-destins-croises-21775\/"},"wordCount":554,"image":{"@id":"https:\/\/montecarloliving.com\/fr\/actualite\/haut-patronage-de-s-s-prince-albert-ii-presentation-de-lexposition-monaco-et-les-napoleons-destins-croises-21775\/#primaryimage"},"thumbnailUrl":"https:\/\/montecarloliving.com\/wp-content\/uploads\/2025\/05\/Exposition-Napoleon-affiche-1.jpg","articleSection":["Actualit\u00e9","\u00c9v\u00e9nements","Monaco","Que Visiter \u00e0 Monaco"],"inLanguage":"fr-FR"},{"@type":"WebPage","@id":"https:\/\/montecarloliving.com\/fr\/actualite\/haut-patronage-de-s-s-prince-albert-ii-presentation-de-lexposition-monaco-et-les-napoleons-destins-croises-21775\/","url":"https:\/\/montecarloliving.com\/fr\/actualite\/haut-patronage-de-s-s-prince-albert-ii-presentation-de-lexposition-monaco-et-les-napoleons-destins-croises-21775\/","name":"Haut Patronage de S.A.S. le Prince Albert II \u2013 Pr\u00e9sentation de l'exposition \"Monaco et les Napol\u00e9ons : Destins Crois\u00e9s\"","isPartOf":{"@id":"https:\/\/montecarloliving.com\/fr\/#website"},"primaryImageOfPage":{"@id":"https:\/\/montecarloliving.com\/fr\/actualite\/haut-patronage-de-s-s-prince-albert-ii-presentation-de-lexposition-monaco-et-les-napoleons-destins-croises-21775\/#primaryimage"},"image":{"@id":"https:\/\/montecarloliving.com\/fr\/actualite\/haut-patronage-de-s-s-prince-albert-ii-presentation-de-lexposition-monaco-et-les-napoleons-destins-croises-21775\/#primaryimage"},"thumbnailUrl":"https:\/\/montecarloliving.com\/wp-content\/uploads\/2025\/05\/Exposition-Napoleon-affiche-1.jpg","datePublished":"2025-05-27T07:56:17+00:00","author":{"@id":"https:\/\/montecarloliving.com\/fr\/#\/schema\/person\/7e5945d4560862b7f2d2c6831bda2819"},"description":"Le Grimaldi Forum Monaco accueillera cet \u00e9t\u00e9 une exposition exceptionnelle intitul\u00e9e \"Monaco et les Napol\u00e9ons : Destins Crois\u00e9s\", qui se d\u00e9roulera du 11 Haut Patronage de S.A.S. le Prince Albert II \u2013 Pr\u00e9sentation de l'exposition \"Monaco et les Napol\u00e9ons : Destins Crois\u00e9s\"","breadcrumb":{"@id":"https:\/\/montecarloliving.com\/fr\/actualite\/haut-patronage-de-s-s-prince-albert-ii-presentation-de-lexposition-monaco-et-les-napoleons-destins-croises-21775\/#breadcrumb"},"inLanguage":"fr-FR","potentialAction":[{"@type":"ReadAction","target":["https:\/\/montecarloliving.com\/fr\/actualite\/haut-patronage-de-s-s-prince-albert-ii-presentation-de-lexposition-monaco-et-les-napoleons-destins-croises-21775\/"]}]},{"@type":"ImageObject","inLanguage":"fr-FR","@id":"https:\/\/montecarloliving.com\/fr\/actualite\/haut-patronage-de-s-s-prince-albert-ii-presentation-de-lexposition-monaco-et-les-napoleons-destins-croises-21775\/#primaryimage","url":"https:\/\/montecarloliving.com\/wp-content\/uploads\/2025\/05\/Exposition-Napoleon-affiche-1.jpg","contentUrl":"https:\/\/montecarloliving.com\/wp-content\/uploads\/2025\/05\/Exposition-Napoleon-affiche-1.jpg","width":1183,"height":838},{"@type":"BreadcrumbList","@id":"https:\/\/montecarloliving.com\/fr\/actualite\/haut-patronage-de-s-s-prince-albert-ii-presentation-de-lexposition-monaco-et-les-napoleons-destins-croises-21775\/#breadcrumb","itemListElement":[{"@type":"ListItem","position":1,"name":"Home","item":"https:\/\/montecarloliving.com\/fr\/"},{"@type":"ListItem","position":2,"name":"Haut Patronage de S.A.S. le Prince Albert II \u2013 Pr\u00e9sentation de l&#8217;exposition &#8220;Monaco et les Napol\u00e9ons : Destins Crois\u00e9s&#8221;"}]},{"@type":"WebSite","@id":"https:\/\/montecarloliving.com\/fr\/#website","url":"https:\/\/montecarloliving.com\/fr\/","name":"Montecarlo Living","description":"News da Montecarlo - Principato di Monaco e Costa Azzurra","potentialAction":[{"@type":"SearchAction","target":{"@type":"EntryPoint","urlTemplate":"https:\/\/montecarloliving.com\/fr\/?s={search_term_string}"},"query-input":{"@type":"PropertyValueSpecification","valueRequired":true,"valueName":"search_term_string"}}],"inLanguage":"fr-FR"},{"@type":"Person","@id":"https:\/\/montecarloliving.com\/fr\/#\/schema\/person\/7e5945d4560862b7f2d2c6831bda2819","name":"Redazione","image":{"@type":"ImageObject","inLanguage":"fr-FR","@id":"https:\/\/secure.gravatar.com\/avatar\/8b5f26557e18fe74ad8e8a57ebb2925d88af8a90cee489ff2beefb391bc9b9c7?s=96&d=mm&r=g","url":"https:\/\/secure.gravatar.com\/avatar\/8b5f26557e18fe74ad8e8a57ebb2925d88af8a90cee489ff2beefb391bc9b9c7?s=96&d=mm&r=g","contentUrl":"https:\/\/secure.gravatar.com\/avatar\/8b5f26557e18fe74ad8e8a57ebb2925d88af8a90cee489ff2beefb391bc9b9c7?s=96&d=mm&r=g","caption":"Redazione"}}]}},"_links":{"self":[{"href":"https:\/\/montecarloliving.com\/fr\/wp-json\/wp\/v2\/posts\/21775","targetHints":{"allow":["GET"]}}],"collection":[{"href":"https:\/\/montecarloliving.com\/fr\/wp-json\/wp\/v2\/posts"}],"about":[{"href":"https:\/\/montecarloliving.com\/fr\/wp-json\/wp\/v2\/types\/post"}],"author":[{"embeddable":true,"href":"https:\/\/montecarloliving.com\/fr\/wp-json\/wp\/v2\/users\/1"}],"replies":[{"embeddable":true,"href":"https:\/\/montecarloliving.com\/fr\/wp-json\/wp\/v2\/comments?post=21775"}],"version-history":[{"count":1,"href":"https:\/\/montecarloliving.com\/fr\/wp-json\/wp\/v2\/posts\/21775\/revisions"}],"predecessor-version":[{"id":21776,"href":"https:\/\/montecarloliving.com\/fr\/wp-json\/wp\/v2\/posts\/21775\/revisions\/21776"}],"wp:featuredmedia":[{"embeddable":true,"href":"https:\/\/montecarloliving.com\/fr\/wp-json\/wp\/v2\/media\/21769"}],"wp:attachment":[{"href":"https:\/\/montecarloliving.com\/fr\/wp-json\/wp\/v2\/media?parent=21775"}],"wp:term":[{"taxonomy":"category","embeddable":true,"href":"https:\/\/montecarloliving.com\/fr\/wp-json\/wp\/v2\/categories?post=21775"},{"taxonomy":"post_tag","embeddable":true,"href":"https:\/\/montecarloliving.com\/fr\/wp-json\/wp\/v2\/tags?post=21775"}],"curies":[{"name":"wp","href":"https:\/\/api.w.org\/{rel}","templated":true}]}}