{"id":21194,"date":"2025-04-23T11:25:12","date_gmt":"2025-04-23T09:25:12","guid":{"rendered":"https:\/\/montecarloliving.com\/?p=21194"},"modified":"2025-04-22T12:27:48","modified_gmt":"2025-04-22T10:27:48","slug":"retour-de-ledition-2025-de-lapero-des-frenchy-sur-place-darmes","status":"publish","type":"post","link":"https:\/\/montecarloliving.com\/fr\/actualite\/retour-de-ledition-2025-de-lapero-des-frenchy-sur-place-darmes-21194\/","title":{"rendered":"Retour de l\u2019\u00e9dition 2025 de \u201cL\u2019Ap\u00e9ro des Frenchy\u201d sur la Place d\u2019Armes"},"content":{"rendered":"<p class=\"\" data-start=\"796\" data-end=\"1189\">Une atmosph\u00e8re festive et conviviale vous attend avec un m\u00e9lange de musique, p\u00e9tanque (jeu de boules) et un quiz musical (blind test). \u00ab L\u2019Ap\u00e9ro des Frenchy \u00bb, une initiative de la Mairie du Prince de Monaco, est con\u00e7u pour les passionn\u00e9s de musique des ann\u00e9es 50 aux ann\u00e9es 80, une \u00e9poque qui semble attirer de nombreux amateurs ! Voici toutes les informations n\u00e9cessaires pour y participer :<\/p>\n<ul data-start=\"1191\" data-end=\"1535\">\n<li class=\"\" data-start=\"1191\" data-end=\"1289\">\n<p class=\"\" data-start=\"1193\" data-end=\"1289\"><strong data-start=\"1193\" data-end=\"1203\">Entr\u00e9e<\/strong> : 8 \u20ac (nourriture et boissons non incluses), gratuit pour les enfants jusqu\u2019\u00e0 12 ans.<\/p>\n<\/li>\n<li class=\"\" data-start=\"1290\" data-end=\"1374\">\n<p class=\"\" data-start=\"1292\" data-end=\"1374\"><strong data-start=\"1292\" data-end=\"1319\">R\u00e9servation obligatoire<\/strong> : Vous pouvez r\u00e9server en ligne via le site Weezevent.<\/p>\n<\/li>\n<li class=\"\" data-start=\"1375\" data-end=\"1467\">\n<p class=\"\" data-start=\"1377\" data-end=\"1467\"><strong data-start=\"1377\" data-end=\"1397\">Capacit\u00e9 limit\u00e9e<\/strong> : Il est recommand\u00e9 de r\u00e9server \u00e0 l\u2019avance pour garantir votre place.<\/p>\n<\/li>\n<li class=\"\" data-start=\"1468\" data-end=\"1535\">\n<p class=\"\" data-start=\"1470\" data-end=\"1535\"><strong data-start=\"1470\" data-end=\"1484\">Annulation<\/strong> : L&rsquo;\u00e9v\u00e9nement sera annul\u00e9 en cas de mauvais temps.<img loading=\"lazy\" decoding=\"async\" class=\"size-full wp-image-21190 aligncenter\" src=\"https:\/\/montecarloliving.com\/wp-content\/uploads\/2025\/04\/Apero-des-frenchy-11-mai-25-1086x1536-1.jpg\" alt=\"\" width=\"1086\" height=\"1536\" srcset=\"https:\/\/montecarloliving.com\/wp-content\/uploads\/2025\/04\/Apero-des-frenchy-11-mai-25-1086x1536-1.jpg 1086w, https:\/\/montecarloliving.com\/wp-content\/uploads\/2025\/04\/Apero-des-frenchy-11-mai-25-1086x1536-1-212x300.jpg 212w, https:\/\/montecarloliving.com\/wp-content\/uploads\/2025\/04\/Apero-des-frenchy-11-mai-25-1086x1536-1-724x1024.jpg 724w, https:\/\/montecarloliving.com\/wp-content\/uploads\/2025\/04\/Apero-des-frenchy-11-mai-25-1086x1536-1-768x1086.jpg 768w\" sizes=\"auto, (max-width: 1086px) 100vw, 1086px\" \/><\/p>\n<\/li>\n<\/ul>\n","protected":false},"excerpt":{"rendered":"<p>Une atmosph\u00e8re festive et conviviale vous attend avec un m\u00e9lange de musique, p\u00e9tanque (jeu de boules) et un quiz musical (blind test). \u00ab L\u2019Ap\u00e9ro des Frenchy \u00bb, une initiative de la Mairie du Prince de Monaco, est con\u00e7u pour les passionn\u00e9s de musique des [&hellip;]<\/p>\n","protected":false},"author":1,"featured_media":19411,"comment_status":"closed","ping_status":"closed","sticky":false,"template":"","format":"standard","meta":{"footnotes":""},"categories":[827,875,828,872,867],"tags":[],"class_list":["post-21194","post","type-post","status-publish","format-standard","has-post-thumbnail","hentry","category-actualite","category-actualite-monaco","category-evenements","category-lifestyle-fr","category-monaco-fr"],"yoast_head":"<!-- This site is optimized with the Yoast SEO plugin v27.5 - https:\/\/yoast.com\/product\/yoast-seo-wordpress\/ -->\n<title>Retour de l\u2019\u00e9dition 2025 de \u201cL\u2019Ap\u00e9ro des Frenchy\u201d sur la Place d\u2019Armes<\/title>\n<meta name=\"description\" content=\"Une atmosph\u00e8re festive et conviviale vous attend avec un m\u00e9lange de musique, p\u00e9tanque (jeu de boules) et un quiz musical (blind test). \u00ab L\u2019Ap\u00e9ro des Retour de l\u2019\u00e9dition 2025 de \u201cL\u2019Ap\u00e9ro des Frenchy\u201d sur la Place d\u2019Armes\" \/>\n<meta name=\"robots\" content=\"index, follow, max-snippet:-1, max-image-preview:large, max-video-preview:-1\" \/>\n<link rel=\"canonical\" href=\"https:\/\/montecarloliving.com\/fr\/actualite\/retour-de-ledition-2025-de-lapero-des-frenchy-sur-place-darmes-21194\/\" \/>\n<meta property=\"og:locale\" content=\"fr_FR\" \/>\n<meta property=\"og:title\" content=\"Retour de l\u2019\u00e9dition 2025 de \u201cL\u2019Ap\u00e9ro des Frenchy\u201d sur la Place d\u2019Armes\" \/>\n<meta property=\"og:description\" content=\"Une atmosph\u00e8re festive et conviviale vous attend avec un m\u00e9lange de musique, p\u00e9tanque (jeu de boules) et un quiz musical (blind test). \u00ab L\u2019Ap\u00e9ro des Retour de l\u2019\u00e9dition 2025 de \u201cL\u2019Ap\u00e9ro des Frenchy\u201d sur la Place d\u2019Armes\" \/>\n<meta property=\"og:url\" content=\"https:\/\/montecarloliving.com\/fr\/actualite\/retour-de-ledition-2025-de-lapero-des-frenchy-sur-place-darmes-21194\/\" \/>\n<meta property=\"og:site_name\" content=\"Montecarlo Living\" \/>\n<meta property=\"article:publisher\" content=\"https:\/\/www.facebook.com\/montecarlolivingcom\/\" \/>\n<meta property=\"article:published_time\" content=\"2025-04-23T09:25:12+00:00\" \/>\n<meta property=\"og:image\" content=\"https:\/\/montecarloliving.com\/wp-content\/uploads\/2025\/02\/place-darmes-marche-de-la-condamine-2-1-650x400.jpg\" \/>\n\t<meta property=\"og:image:width\" content=\"650\" \/>\n\t<meta property=\"og:image:height\" content=\"400\" \/>\n\t<meta property=\"og:image:type\" content=\"image\/jpeg\" \/>\n<meta name=\"author\" content=\"Redazione\" \/>\n<meta name=\"twitter:card\" content=\"summary_large_image\" \/>\n<meta name=\"twitter:creator\" content=\"@MonteCarloLivi\" \/>\n<meta name=\"twitter:site\" content=\"@MonteCarloLivi\" \/>\n<meta name=\"twitter:label1\" content=\"\u00c9crit par\" \/>\n\t<meta name=\"twitter:data1\" content=\"Redazione\" \/>\n\t<meta name=\"twitter:label2\" content=\"Dur\u00e9e de lecture estim\u00e9e\" \/>\n\t<meta name=\"twitter:data2\" content=\"1 minute\" \/>\n<script type=\"application\/ld+json\" class=\"yoast-schema-graph\">{\"@context\":\"https:\\\/\\\/schema.org\",\"@graph\":[{\"@type\":\"Article\",\"@id\":\"https:\\\/\\\/montecarloliving.com\\\/fr\\\/actualite\\\/retour-de-ledition-2025-de-lapero-des-frenchy-sur-place-darmes-21194\\\/#article\",\"isPartOf\":{\"@id\":\"https:\\\/\\\/montecarloliving.com\\\/fr\\\/actualite\\\/retour-de-ledition-2025-de-lapero-des-frenchy-sur-place-darmes-21194\\\/\"},\"author\":{\"name\":\"Redazione\",\"@id\":\"https:\\\/\\\/montecarloliving.com\\\/fr\\\/#\\\/schema\\\/person\\\/7e5945d4560862b7f2d2c6831bda2819\"},\"headline\":\"Retour de l\u2019\u00e9dition 2025 de \u201cL\u2019Ap\u00e9ro des Frenchy\u201d sur la Place d\u2019Armes\",\"datePublished\":\"2025-04-23T09:25:12+00:00\",\"mainEntityOfPage\":{\"@id\":\"https:\\\/\\\/montecarloliving.com\\\/fr\\\/actualite\\\/retour-de-ledition-2025-de-lapero-des-frenchy-sur-place-darmes-21194\\\/\"},\"wordCount\":138,\"image\":{\"@id\":\"https:\\\/\\\/montecarloliving.com\\\/fr\\\/actualite\\\/retour-de-ledition-2025-de-lapero-des-frenchy-sur-place-darmes-21194\\\/#primaryimage\"},\"thumbnailUrl\":\"https:\\\/\\\/montecarloliving.com\\\/wp-content\\\/uploads\\\/2025\\\/02\\\/place-darmes-marche-de-la-condamine-2-1.jpg\",\"articleSection\":[\"Actualit\u00e9\",\"Actualit\u00e9 \u00e0 Monaco\",\"\u00c9v\u00e9nements\",\"Lifestyle\",\"Monaco\"],\"inLanguage\":\"fr-FR\"},{\"@type\":\"WebPage\",\"@id\":\"https:\\\/\\\/montecarloliving.com\\\/fr\\\/actualite\\\/retour-de-ledition-2025-de-lapero-des-frenchy-sur-place-darmes-21194\\\/\",\"url\":\"https:\\\/\\\/montecarloliving.com\\\/fr\\\/actualite\\\/retour-de-ledition-2025-de-lapero-des-frenchy-sur-place-darmes-21194\\\/\",\"name\":\"Retour de l\u2019\u00e9dition 2025 de \u201cL\u2019Ap\u00e9ro des Frenchy\u201d sur la Place d\u2019Armes\",\"isPartOf\":{\"@id\":\"https:\\\/\\\/montecarloliving.com\\\/fr\\\/#website\"},\"primaryImageOfPage\":{\"@id\":\"https:\\\/\\\/montecarloliving.com\\\/fr\\\/actualite\\\/retour-de-ledition-2025-de-lapero-des-frenchy-sur-place-darmes-21194\\\/#primaryimage\"},\"image\":{\"@id\":\"https:\\\/\\\/montecarloliving.com\\\/fr\\\/actualite\\\/retour-de-ledition-2025-de-lapero-des-frenchy-sur-place-darmes-21194\\\/#primaryimage\"},\"thumbnailUrl\":\"https:\\\/\\\/montecarloliving.com\\\/wp-content\\\/uploads\\\/2025\\\/02\\\/place-darmes-marche-de-la-condamine-2-1.jpg\",\"datePublished\":\"2025-04-23T09:25:12+00:00\",\"author\":{\"@id\":\"https:\\\/\\\/montecarloliving.com\\\/fr\\\/#\\\/schema\\\/person\\\/7e5945d4560862b7f2d2c6831bda2819\"},\"description\":\"Une atmosph\u00e8re festive et conviviale vous attend avec un m\u00e9lange de musique, p\u00e9tanque (jeu de boules) et un quiz musical (blind test). \u00ab L\u2019Ap\u00e9ro des Retour de l\u2019\u00e9dition 2025 de \u201cL\u2019Ap\u00e9ro des Frenchy\u201d sur la Place d\u2019Armes\",\"breadcrumb\":{\"@id\":\"https:\\\/\\\/montecarloliving.com\\\/fr\\\/actualite\\\/retour-de-ledition-2025-de-lapero-des-frenchy-sur-place-darmes-21194\\\/#breadcrumb\"},\"inLanguage\":\"fr-FR\",\"potentialAction\":[{\"@type\":\"ReadAction\",\"target\":[\"https:\\\/\\\/montecarloliving.com\\\/fr\\\/actualite\\\/retour-de-ledition-2025-de-lapero-des-frenchy-sur-place-darmes-21194\\\/\"]}]},{\"@type\":\"ImageObject\",\"inLanguage\":\"fr-FR\",\"@id\":\"https:\\\/\\\/montecarloliving.com\\\/fr\\\/actualite\\\/retour-de-ledition-2025-de-lapero-des-frenchy-sur-place-darmes-21194\\\/#primaryimage\",\"url\":\"https:\\\/\\\/montecarloliving.com\\\/wp-content\\\/uploads\\\/2025\\\/02\\\/place-darmes-marche-de-la-condamine-2-1.jpg\",\"contentUrl\":\"https:\\\/\\\/montecarloliving.com\\\/wp-content\\\/uploads\\\/2025\\\/02\\\/place-darmes-marche-de-la-condamine-2-1.jpg\",\"width\":1562,\"height\":851},{\"@type\":\"BreadcrumbList\",\"@id\":\"https:\\\/\\\/montecarloliving.com\\\/fr\\\/actualite\\\/retour-de-ledition-2025-de-lapero-des-frenchy-sur-place-darmes-21194\\\/#breadcrumb\",\"itemListElement\":[{\"@type\":\"ListItem\",\"position\":1,\"name\":\"Home\",\"item\":\"https:\\\/\\\/montecarloliving.com\\\/fr\\\/\"},{\"@type\":\"ListItem\",\"position\":2,\"name\":\"Retour de l\u2019\u00e9dition 2025 de \u201cL\u2019Ap\u00e9ro des Frenchy\u201d sur la Place d\u2019Armes\"}]},{\"@type\":\"WebSite\",\"@id\":\"https:\\\/\\\/montecarloliving.com\\\/fr\\\/#website\",\"url\":\"https:\\\/\\\/montecarloliving.com\\\/fr\\\/\",\"name\":\"Montecarlo Living\",\"description\":\"News da Montecarlo - Principato di Monaco e Costa Azzurra\",\"potentialAction\":[{\"@type\":\"SearchAction\",\"target\":{\"@type\":\"EntryPoint\",\"urlTemplate\":\"https:\\\/\\\/montecarloliving.com\\\/fr\\\/?s={search_term_string}\"},\"query-input\":{\"@type\":\"PropertyValueSpecification\",\"valueRequired\":true,\"valueName\":\"search_term_string\"}}],\"inLanguage\":\"fr-FR\"},{\"@type\":\"Person\",\"@id\":\"https:\\\/\\\/montecarloliving.com\\\/fr\\\/#\\\/schema\\\/person\\\/7e5945d4560862b7f2d2c6831bda2819\",\"name\":\"Redazione\",\"image\":{\"@type\":\"ImageObject\",\"inLanguage\":\"fr-FR\",\"@id\":\"https:\\\/\\\/secure.gravatar.com\\\/avatar\\\/8b5f26557e18fe74ad8e8a57ebb2925d88af8a90cee489ff2beefb391bc9b9c7?s=96&d=mm&r=g\",\"url\":\"https:\\\/\\\/secure.gravatar.com\\\/avatar\\\/8b5f26557e18fe74ad8e8a57ebb2925d88af8a90cee489ff2beefb391bc9b9c7?s=96&d=mm&r=g\",\"contentUrl\":\"https:\\\/\\\/secure.gravatar.com\\\/avatar\\\/8b5f26557e18fe74ad8e8a57ebb2925d88af8a90cee489ff2beefb391bc9b9c7?s=96&d=mm&r=g\",\"caption\":\"Redazione\"}}]}<\/script>\n<!-- \/ Yoast SEO plugin. -->","yoast_head_json":{"title":"Retour de l\u2019\u00e9dition 2025 de \u201cL\u2019Ap\u00e9ro des Frenchy\u201d sur la Place d\u2019Armes","description":"Une atmosph\u00e8re festive et conviviale vous attend avec un m\u00e9lange de musique, p\u00e9tanque (jeu de boules) et un quiz musical (blind test). \u00ab L\u2019Ap\u00e9ro des Retour de l\u2019\u00e9dition 2025 de \u201cL\u2019Ap\u00e9ro des Frenchy\u201d sur la Place d\u2019Armes","robots":{"index":"index","follow":"follow","max-snippet":"max-snippet:-1","max-image-preview":"max-image-preview:large","max-video-preview":"max-video-preview:-1"},"canonical":"https:\/\/montecarloliving.com\/fr\/actualite\/retour-de-ledition-2025-de-lapero-des-frenchy-sur-place-darmes-21194\/","og_locale":"fr_FR","og_title":"Retour de l\u2019\u00e9dition 2025 de \u201cL\u2019Ap\u00e9ro des Frenchy\u201d sur la Place d\u2019Armes","og_description":"Une atmosph\u00e8re festive et conviviale vous attend avec un m\u00e9lange de musique, p\u00e9tanque (jeu de boules) et un quiz musical (blind test). \u00ab L\u2019Ap\u00e9ro des Retour de l\u2019\u00e9dition 2025 de \u201cL\u2019Ap\u00e9ro des Frenchy\u201d sur la Place d\u2019Armes","og_url":"https:\/\/montecarloliving.com\/fr\/actualite\/retour-de-ledition-2025-de-lapero-des-frenchy-sur-place-darmes-21194\/","og_site_name":"Montecarlo Living","article_publisher":"https:\/\/www.facebook.com\/montecarlolivingcom\/","article_published_time":"2025-04-23T09:25:12+00:00","og_image":[{"width":650,"height":400,"url":"https:\/\/montecarloliving.com\/wp-content\/uploads\/2025\/02\/place-darmes-marche-de-la-condamine-2-1-650x400.jpg","type":"image\/jpeg"}],"author":"Redazione","twitter_card":"summary_large_image","twitter_creator":"@MonteCarloLivi","twitter_site":"@MonteCarloLivi","twitter_misc":{"\u00c9crit par":"Redazione","Dur\u00e9e de lecture estim\u00e9e":"1 minute"},"schema":{"@context":"https:\/\/schema.org","@graph":[{"@type":"Article","@id":"https:\/\/montecarloliving.com\/fr\/actualite\/retour-de-ledition-2025-de-lapero-des-frenchy-sur-place-darmes-21194\/#article","isPartOf":{"@id":"https:\/\/montecarloliving.com\/fr\/actualite\/retour-de-ledition-2025-de-lapero-des-frenchy-sur-place-darmes-21194\/"},"author":{"name":"Redazione","@id":"https:\/\/montecarloliving.com\/fr\/#\/schema\/person\/7e5945d4560862b7f2d2c6831bda2819"},"headline":"Retour de l\u2019\u00e9dition 2025 de \u201cL\u2019Ap\u00e9ro des Frenchy\u201d sur la Place d\u2019Armes","datePublished":"2025-04-23T09:25:12+00:00","mainEntityOfPage":{"@id":"https:\/\/montecarloliving.com\/fr\/actualite\/retour-de-ledition-2025-de-lapero-des-frenchy-sur-place-darmes-21194\/"},"wordCount":138,"image":{"@id":"https:\/\/montecarloliving.com\/fr\/actualite\/retour-de-ledition-2025-de-lapero-des-frenchy-sur-place-darmes-21194\/#primaryimage"},"thumbnailUrl":"https:\/\/montecarloliving.com\/wp-content\/uploads\/2025\/02\/place-darmes-marche-de-la-condamine-2-1.jpg","articleSection":["Actualit\u00e9","Actualit\u00e9 \u00e0 Monaco","\u00c9v\u00e9nements","Lifestyle","Monaco"],"inLanguage":"fr-FR"},{"@type":"WebPage","@id":"https:\/\/montecarloliving.com\/fr\/actualite\/retour-de-ledition-2025-de-lapero-des-frenchy-sur-place-darmes-21194\/","url":"https:\/\/montecarloliving.com\/fr\/actualite\/retour-de-ledition-2025-de-lapero-des-frenchy-sur-place-darmes-21194\/","name":"Retour de l\u2019\u00e9dition 2025 de \u201cL\u2019Ap\u00e9ro des Frenchy\u201d sur la Place d\u2019Armes","isPartOf":{"@id":"https:\/\/montecarloliving.com\/fr\/#website"},"primaryImageOfPage":{"@id":"https:\/\/montecarloliving.com\/fr\/actualite\/retour-de-ledition-2025-de-lapero-des-frenchy-sur-place-darmes-21194\/#primaryimage"},"image":{"@id":"https:\/\/montecarloliving.com\/fr\/actualite\/retour-de-ledition-2025-de-lapero-des-frenchy-sur-place-darmes-21194\/#primaryimage"},"thumbnailUrl":"https:\/\/montecarloliving.com\/wp-content\/uploads\/2025\/02\/place-darmes-marche-de-la-condamine-2-1.jpg","datePublished":"2025-04-23T09:25:12+00:00","author":{"@id":"https:\/\/montecarloliving.com\/fr\/#\/schema\/person\/7e5945d4560862b7f2d2c6831bda2819"},"description":"Une atmosph\u00e8re festive et conviviale vous attend avec un m\u00e9lange de musique, p\u00e9tanque (jeu de boules) et un quiz musical (blind test). \u00ab L\u2019Ap\u00e9ro des Retour de l\u2019\u00e9dition 2025 de \u201cL\u2019Ap\u00e9ro des Frenchy\u201d sur la Place d\u2019Armes","breadcrumb":{"@id":"https:\/\/montecarloliving.com\/fr\/actualite\/retour-de-ledition-2025-de-lapero-des-frenchy-sur-place-darmes-21194\/#breadcrumb"},"inLanguage":"fr-FR","potentialAction":[{"@type":"ReadAction","target":["https:\/\/montecarloliving.com\/fr\/actualite\/retour-de-ledition-2025-de-lapero-des-frenchy-sur-place-darmes-21194\/"]}]},{"@type":"ImageObject","inLanguage":"fr-FR","@id":"https:\/\/montecarloliving.com\/fr\/actualite\/retour-de-ledition-2025-de-lapero-des-frenchy-sur-place-darmes-21194\/#primaryimage","url":"https:\/\/montecarloliving.com\/wp-content\/uploads\/2025\/02\/place-darmes-marche-de-la-condamine-2-1.jpg","contentUrl":"https:\/\/montecarloliving.com\/wp-content\/uploads\/2025\/02\/place-darmes-marche-de-la-condamine-2-1.jpg","width":1562,"height":851},{"@type":"BreadcrumbList","@id":"https:\/\/montecarloliving.com\/fr\/actualite\/retour-de-ledition-2025-de-lapero-des-frenchy-sur-place-darmes-21194\/#breadcrumb","itemListElement":[{"@type":"ListItem","position":1,"name":"Home","item":"https:\/\/montecarloliving.com\/fr\/"},{"@type":"ListItem","position":2,"name":"Retour de l\u2019\u00e9dition 2025 de \u201cL\u2019Ap\u00e9ro des Frenchy\u201d sur la Place d\u2019Armes"}]},{"@type":"WebSite","@id":"https:\/\/montecarloliving.com\/fr\/#website","url":"https:\/\/montecarloliving.com\/fr\/","name":"Montecarlo Living","description":"News da Montecarlo - Principato di Monaco e Costa Azzurra","potentialAction":[{"@type":"SearchAction","target":{"@type":"EntryPoint","urlTemplate":"https:\/\/montecarloliving.com\/fr\/?s={search_term_string}"},"query-input":{"@type":"PropertyValueSpecification","valueRequired":true,"valueName":"search_term_string"}}],"inLanguage":"fr-FR"},{"@type":"Person","@id":"https:\/\/montecarloliving.com\/fr\/#\/schema\/person\/7e5945d4560862b7f2d2c6831bda2819","name":"Redazione","image":{"@type":"ImageObject","inLanguage":"fr-FR","@id":"https:\/\/secure.gravatar.com\/avatar\/8b5f26557e18fe74ad8e8a57ebb2925d88af8a90cee489ff2beefb391bc9b9c7?s=96&d=mm&r=g","url":"https:\/\/secure.gravatar.com\/avatar\/8b5f26557e18fe74ad8e8a57ebb2925d88af8a90cee489ff2beefb391bc9b9c7?s=96&d=mm&r=g","contentUrl":"https:\/\/secure.gravatar.com\/avatar\/8b5f26557e18fe74ad8e8a57ebb2925d88af8a90cee489ff2beefb391bc9b9c7?s=96&d=mm&r=g","caption":"Redazione"}}]}},"_links":{"self":[{"href":"https:\/\/montecarloliving.com\/fr\/wp-json\/wp\/v2\/posts\/21194","targetHints":{"allow":["GET"]}}],"collection":[{"href":"https:\/\/montecarloliving.com\/fr\/wp-json\/wp\/v2\/posts"}],"about":[{"href":"https:\/\/montecarloliving.com\/fr\/wp-json\/wp\/v2\/types\/post"}],"author":[{"embeddable":true,"href":"https:\/\/montecarloliving.com\/fr\/wp-json\/wp\/v2\/users\/1"}],"replies":[{"embeddable":true,"href":"https:\/\/montecarloliving.com\/fr\/wp-json\/wp\/v2\/comments?post=21194"}],"version-history":[{"count":1,"href":"https:\/\/montecarloliving.com\/fr\/wp-json\/wp\/v2\/posts\/21194\/revisions"}],"predecessor-version":[{"id":21195,"href":"https:\/\/montecarloliving.com\/fr\/wp-json\/wp\/v2\/posts\/21194\/revisions\/21195"}],"wp:featuredmedia":[{"embeddable":true,"href":"https:\/\/montecarloliving.com\/fr\/wp-json\/wp\/v2\/media\/19411"}],"wp:attachment":[{"href":"https:\/\/montecarloliving.com\/fr\/wp-json\/wp\/v2\/media?parent=21194"}],"wp:term":[{"taxonomy":"category","embeddable":true,"href":"https:\/\/montecarloliving.com\/fr\/wp-json\/wp\/v2\/categories?post=21194"},{"taxonomy":"post_tag","embeddable":true,"href":"https:\/\/montecarloliving.com\/fr\/wp-json\/wp\/v2\/tags?post=21194"}],"curies":[{"name":"wp","href":"https:\/\/api.w.org\/{rel}","templated":true}]}}