{"id":21127,"date":"2025-04-22T10:13:20","date_gmt":"2025-04-22T08:13:20","guid":{"rendered":"https:\/\/montecarloliving.com\/?p=21127"},"modified":"2025-04-22T10:17:37","modified_gmt":"2025-04-22T08:17:37","slug":"cannes-voyage-au-coeur-du-pacifique-lexposition-vanuatu-voix-des-ancetres-au-musee-des-explorations-du-monde","status":"publish","type":"post","link":"https:\/\/montecarloliving.com\/fr\/actualite\/cannes-voyage-au-coeur-du-pacifique-lexposition-vanuatu-voix-des-ancetres-au-musee-des-explorations-du-monde-21127\/","title":{"rendered":"Cannes \u2013 Un voyage au c\u0153ur du Pacifique : l\u2019exposition \u00ab Vanuatu. La voix des anc\u00eatres \u00bb au Mus\u00e9e des Explorations du Monde"},"content":{"rendered":"<p class=\"\" data-start=\"3055\" data-end=\"3137\"><strong data-start=\"3055\" data-end=\"3098\">Mus\u00e9e des Explorations du Monde, Cannes<\/strong><br data-start=\"3098\" data-end=\"3101\" \/>\ud83d\udcc5 <strong data-start=\"3104\" data-end=\"3137\">Jusqu\u2019au dimanche 25 mai 2025<\/strong><\/p>\n<p class=\"\" data-start=\"3139\" data-end=\"3469\">Plongez dans l\u2019univers fascinant du Pacifique Sud gr\u00e2ce \u00e0 l\u2019exposition <strong data-start=\"3210\" data-end=\"3248\">\u00ab Vanuatu : La voix des anc\u00eatres \u00bb<\/strong>, pr\u00e9sent\u00e9e au <strong data-start=\"3263\" data-end=\"3298\">Mus\u00e9e des Explorations du Monde<\/strong> \u00e0 Cannes. Cette exp\u00e9rience immersive invite les visiteurs \u00e0 d\u00e9couvrir le riche patrimoine culturel du Vanuatu, archipel autrefois connu sous le nom de Nouvelles-H\u00e9brides.<\/p>\n<p data-start=\"3139\" data-end=\"3469\"><img loading=\"lazy\" decoding=\"async\" class=\"size-full wp-image-21120 aligncenter\" src=\"https:\/\/montecarloliving.com\/wp-content\/uploads\/2025\/04\/Vanatu_mostra_2024_Cannes__1_-1-1.jpg\" alt=\"\" width=\"353\" height=\"500\" srcset=\"https:\/\/montecarloliving.com\/wp-content\/uploads\/2025\/04\/Vanatu_mostra_2024_Cannes__1_-1-1.jpg 353w, https:\/\/montecarloliving.com\/wp-content\/uploads\/2025\/04\/Vanatu_mostra_2024_Cannes__1_-1-1-212x300.jpg 212w\" sizes=\"auto, (max-width: 353px) 100vw, 353px\" \/><\/p>\n<p class=\"\" data-start=\"3471\" data-end=\"3939\">L\u2019exposition pr\u00e9sente une collection remarquable d\u2019objets traditionnels, tels que des masques rituels, des sculptures c\u00e9r\u00e9monielles et des instruments de musique, dont beaucoup ont \u00e9t\u00e9 acquis par le voyageur et collectionneur <strong data-start=\"3697\" data-end=\"3716\">Georges Liotard<\/strong> dans les ann\u00e9es 1980 et 1990. Ces pi\u00e8ces sont enrichies par des pr\u00eats exceptionnels du <strong data-start=\"3804\" data-end=\"3862\">Mus\u00e9e d\u2019Arts Africains, Oc\u00e9aniens, Am\u00e9rindiens (MAAOA)<\/strong> de Marseille, du galeriste <strong data-start=\"3890\" data-end=\"3909\">Franck Marcelin<\/strong> et de collectionneurs priv\u00e9s.<\/p>\n<p class=\"\" data-start=\"3941\" data-end=\"4337\">Des photographies prises par Liotard entre 1966 et 1976 offrent un contexte pr\u00e9cieux, capturant un mode de vie en pleine mutation, juste avant l\u2019ind\u00e9pendance du Vanuatu. \u00c0 travers six sections th\u00e9matiques, l\u2019exposition explore les mythes, les rituels et les structures sociales de cette culture unique, mettant en lumi\u00e8re ses syst\u00e8mes complexes de hi\u00e9rarchie sociale et de croyances spirituelles.<\/p>\n<p class=\"\" data-start=\"4339\" data-end=\"4621\">Un moment fort de l\u2019exposition est l\u2019installation de l\u2019artiste cannois <strong data-start=\"4410\" data-end=\"4430\">Laurent Barnavon<\/strong>, qui recr\u00e9e une maison des hommes traditionnelle, abritant des cr\u00e2nes ancestraux et le chef-d\u2019\u0153uvre du mus\u00e9e : le <strong data-start=\"4545\" data-end=\"4558\">rambaramp<\/strong>, effigie fun\u00e9raire du village d\u2019Ainbur, datant de 1950 \u00e0 1955.<\/p>\n<p class=\"\" data-start=\"4623\" data-end=\"4727\">L\u2019exposition se conclut par une mise en lumi\u00e8re du patrimoine culturel immat\u00e9riel du Vanuatu, incluant :<\/p>\n<ul data-start=\"4728\" data-end=\"5035\">\n<li class=\"\" data-start=\"4728\" data-end=\"4807\">\n<p class=\"\" data-start=\"4730\" data-end=\"4807\">Le <strong data-start=\"4733\" data-end=\"4753\">dessin sur sable<\/strong>, inscrit au patrimoine immat\u00e9riel de l\u2019UNESCO en 2008<\/p>\n<\/li>\n<li class=\"\" data-start=\"4808\" data-end=\"4852\">\n<p class=\"\" data-start=\"4810\" data-end=\"4852\">La <strong data-start=\"4813\" data-end=\"4852\">musique et la danse traditionnelles<\/strong><\/p>\n<\/li>\n<li class=\"\" data-start=\"4853\" data-end=\"4900\">\n<p class=\"\" data-start=\"4855\" data-end=\"4900\">Le spectaculaire et p\u00e9rilleux <strong data-start=\"4885\" data-end=\"4900\">saut du Gol<\/strong><\/p>\n<\/li>\n<li class=\"\" data-start=\"4901\" data-end=\"4963\">\n<p class=\"\" data-start=\"4903\" data-end=\"4963\">Les <strong data-start=\"4907\" data-end=\"4929\">festivals des arts<\/strong> c\u00e9l\u00e9brant les traditions vivantes<\/p>\n<\/li>\n<li class=\"\" data-start=\"4964\" data-end=\"5035\">\n<p class=\"\" data-start=\"4966\" data-end=\"5035\">Les <strong data-start=\"4970\" data-end=\"4994\">pratiques culinaires<\/strong> refl\u00e9tant la riche biodiversit\u00e9 de l\u2019\u00eele<\/p>\n<\/li>\n<\/ul>\n<p class=\"\" data-start=\"5037\" data-end=\"5272\">Cette exposition c\u00e9l\u00e8bre non seulement l\u2019h\u00e9ritage durable des anc\u00eatres du Vanuatu, mais rappelle \u00e9galement les d\u00e9fis auxquels sont confront\u00e9es les communaut\u00e9s insulaires face au changement climatique et \u00e0 la mont\u00e9e du niveau de la mer.<\/p>\n<h3 class=\"\" data-start=\"5274\" data-end=\"5303\">\ud83d\udd52 Informations Pratiques<\/h3>\n<ul data-start=\"5304\" data-end=\"5872\">\n<li class=\"\" data-start=\"5304\" data-end=\"5389\">\n<p class=\"\" data-start=\"5306\" data-end=\"5389\"><strong data-start=\"5306\" data-end=\"5314\">Lieu<\/strong> : Mus\u00e9e des Explorations du Monde, Place de la Castre, Le Suquet, Cannes<\/p>\n<\/li>\n<li class=\"\" data-start=\"5390\" data-end=\"5568\">\n<p class=\"\" data-start=\"5392\" data-end=\"5406\"><strong data-start=\"5392\" data-end=\"5404\">Horaires<\/strong> :<\/p>\n<ul data-start=\"5409\" data-end=\"5568\">\n<li class=\"\" data-start=\"5409\" data-end=\"5489\">\n<p class=\"\" data-start=\"5411\" data-end=\"5489\"><em data-start=\"5411\" data-end=\"5428\">D\u00e9cembre \u00e0 mars<\/em> : du mardi au dimanche, de 10h00 \u00e0 13h00 et de 14h00 \u00e0 17h00<\/p>\n<\/li>\n<li class=\"\" data-start=\"5492\" data-end=\"5568\">\n<p class=\"\" data-start=\"5494\" data-end=\"5568\"><em data-start=\"5494\" data-end=\"5507\">Avril \u00e0 mai<\/em> : du mardi au dimanche, de 10h00 \u00e0 13h00 et de 14h00 \u00e0 18h00<\/p>\n<\/li>\n<\/ul>\n<\/li>\n<li class=\"\" data-start=\"5569\" data-end=\"5627\">\n<p class=\"\" data-start=\"5571\" data-end=\"5627\"><strong data-start=\"5571\" data-end=\"5580\">Ferm\u00e9<\/strong> : les lundis, le 25 d\u00e9cembre et le 1er janvier<\/p>\n<\/li>\n<li class=\"\" data-start=\"5628\" data-end=\"5802\">\n<p class=\"\" data-start=\"5630\" data-end=\"5642\"><strong data-start=\"5630\" data-end=\"5640\">Tarifs<\/strong> :<\/p>\n<ul data-start=\"5645\" data-end=\"5802\">\n<li class=\"\" data-start=\"5645\" data-end=\"5667\">\n<p class=\"\" data-start=\"5647\" data-end=\"5667\">Plein tarif : 6,50 \u20ac<\/p>\n<\/li>\n<li class=\"\" data-start=\"5670\" data-end=\"5759\">\n<p class=\"\" data-start=\"5672\" data-end=\"5759\">Tarif r\u00e9duit : 3,50 \u20ac (18\u201325 ans, groupes de 10 personnes ou plus, Cannes Pass Culture)<\/p>\n<\/li>\n<li class=\"\" data-start=\"5762\" data-end=\"5802\">\n<p class=\"\" data-start=\"5764\" data-end=\"5802\">Gratuit : moins de 18 ans et \u00e9tudiants<\/p>\n<\/li>\n<\/ul>\n<\/li>\n<li class=\"\" data-start=\"5803\" data-end=\"5872\">\n<p class=\"\" data-start=\"5805\" data-end=\"5872\"><strong data-start=\"5805\" data-end=\"5834\">Catalogue de l\u2019exposition<\/strong> : 48 pages, disponible au prix de 5 \u20ac<\/p>\n<\/li>\n<\/ul>\n","protected":false},"excerpt":{"rendered":"<p>Mus\u00e9e des Explorations du Monde, Cannes\ud83d\udcc5 Jusqu\u2019au dimanche 25 mai 2025 Plongez dans l\u2019univers fascinant du Pacifique Sud gr\u00e2ce \u00e0 l\u2019exposition \u00ab Vanuatu : La voix des anc\u00eatres \u00bb, pr\u00e9sent\u00e9e au Mus\u00e9e des Explorations du Monde \u00e0 Cannes. Cette exp\u00e9rience immersive invite les visiteurs [&hellip;]<\/p>\n","protected":false},"author":1,"featured_media":21124,"comment_status":"closed","ping_status":"closed","sticky":false,"template":"","format":"standard","meta":{"footnotes":""},"categories":[827,870],"tags":[],"class_list":["post-21127","post","type-post","status-publish","format-standard","has-post-thumbnail","hentry","category-actualite","category-cannes-fr"],"yoast_head":"<!-- This site is optimized with the Yoast SEO plugin v27.5 - https:\/\/yoast.com\/product\/yoast-seo-wordpress\/ -->\n<title>Cannes \u2013 Un voyage au c\u0153ur du Pacifique : l\u2019exposition \u00ab Vanuatu. La voix des anc\u00eatres \u00bb au Mus\u00e9e des Explorations du Monde<\/title>\n<meta name=\"description\" content=\"Mus\u00e9e des Explorations du Monde, Cannes\ud83d\udcc5 Jusqu\u2019au dimanche 25 mai 2025 Plongez dans l\u2019univers fascinant du Pacifique Sud gr\u00e2ce \u00e0 l\u2019exposition \u00ab Vanuatu : Cannes \u2013 Un voyage au c\u0153ur du Pacifique : l\u2019exposition \u00ab Vanuatu. La voix des anc\u00eatres \u00bb au Mus\u00e9e des Explorations du Monde\" \/>\n<meta name=\"robots\" content=\"index, follow, max-snippet:-1, max-image-preview:large, max-video-preview:-1\" \/>\n<link rel=\"canonical\" href=\"https:\/\/montecarloliving.com\/fr\/actualite\/cannes-voyage-au-coeur-du-pacifique-lexposition-vanuatu-voix-des-ancetres-au-musee-des-explorations-du-monde-21127\/\" \/>\n<meta property=\"og:locale\" content=\"fr_FR\" \/>\n<meta property=\"og:title\" content=\"Cannes \u2013 Un voyage au c\u0153ur du Pacifique : l\u2019exposition \u00ab Vanuatu. La voix des anc\u00eatres \u00bb au Mus\u00e9e des Explorations du Monde\" \/>\n<meta property=\"og:description\" content=\"Mus\u00e9e des Explorations du Monde, Cannes\ud83d\udcc5 Jusqu\u2019au dimanche 25 mai 2025 Plongez dans l\u2019univers fascinant du Pacifique Sud gr\u00e2ce \u00e0 l\u2019exposition \u00ab Vanuatu : Cannes \u2013 Un voyage au c\u0153ur du Pacifique : l\u2019exposition \u00ab Vanuatu. La voix des anc\u00eatres \u00bb au Mus\u00e9e des Explorations du Monde\" \/>\n<meta property=\"og:url\" content=\"https:\/\/montecarloliving.com\/fr\/actualite\/cannes-voyage-au-coeur-du-pacifique-lexposition-vanuatu-voix-des-ancetres-au-musee-des-explorations-du-monde-21127\/\" \/>\n<meta property=\"og:site_name\" content=\"Montecarlo Living\" \/>\n<meta property=\"article:publisher\" content=\"https:\/\/www.facebook.com\/montecarlolivingcom\/\" \/>\n<meta property=\"article:published_time\" content=\"2025-04-22T08:13:20+00:00\" \/>\n<meta property=\"article:modified_time\" content=\"2025-04-22T08:17:37+00:00\" \/>\n<meta property=\"og:image\" content=\"https:\/\/montecarloliving.com\/wp-content\/uploads\/2025\/04\/4966533668_5ddbfdccf2_3k-650x400.jpg\" \/>\n\t<meta property=\"og:image:width\" content=\"650\" \/>\n\t<meta property=\"og:image:height\" content=\"400\" \/>\n\t<meta property=\"og:image:type\" content=\"image\/jpeg\" \/>\n<meta name=\"author\" content=\"Redazione\" \/>\n<meta name=\"twitter:card\" content=\"summary_large_image\" \/>\n<meta name=\"twitter:creator\" content=\"@MonteCarloLivi\" \/>\n<meta name=\"twitter:site\" content=\"@MonteCarloLivi\" \/>\n<meta name=\"twitter:label1\" content=\"\u00c9crit par\" \/>\n\t<meta name=\"twitter:data1\" content=\"Redazione\" \/>\n\t<meta name=\"twitter:label2\" content=\"Dur\u00e9e de lecture estim\u00e9e\" \/>\n\t<meta name=\"twitter:data2\" content=\"3 minutes\" \/>\n<script type=\"application\/ld+json\" class=\"yoast-schema-graph\">{\"@context\":\"https:\\\/\\\/schema.org\",\"@graph\":[{\"@type\":\"Article\",\"@id\":\"https:\\\/\\\/montecarloliving.com\\\/fr\\\/actualite\\\/cannes-voyage-au-coeur-du-pacifique-lexposition-vanuatu-voix-des-ancetres-au-musee-des-explorations-du-monde-21127\\\/#article\",\"isPartOf\":{\"@id\":\"https:\\\/\\\/montecarloliving.com\\\/fr\\\/actualite\\\/cannes-voyage-au-coeur-du-pacifique-lexposition-vanuatu-voix-des-ancetres-au-musee-des-explorations-du-monde-21127\\\/\"},\"author\":{\"name\":\"Redazione\",\"@id\":\"https:\\\/\\\/montecarloliving.com\\\/fr\\\/#\\\/schema\\\/person\\\/7e5945d4560862b7f2d2c6831bda2819\"},\"headline\":\"Cannes \u2013 Un voyage au c\u0153ur du Pacifique : l\u2019exposition \u00ab Vanuatu. La voix des anc\u00eatres \u00bb au Mus\u00e9e des Explorations du Monde\",\"datePublished\":\"2025-04-22T08:13:20+00:00\",\"dateModified\":\"2025-04-22T08:17:37+00:00\",\"mainEntityOfPage\":{\"@id\":\"https:\\\/\\\/montecarloliving.com\\\/fr\\\/actualite\\\/cannes-voyage-au-coeur-du-pacifique-lexposition-vanuatu-voix-des-ancetres-au-musee-des-explorations-du-monde-21127\\\/\"},\"wordCount\":463,\"image\":{\"@id\":\"https:\\\/\\\/montecarloliving.com\\\/fr\\\/actualite\\\/cannes-voyage-au-coeur-du-pacifique-lexposition-vanuatu-voix-des-ancetres-au-musee-des-explorations-du-monde-21127\\\/#primaryimage\"},\"thumbnailUrl\":\"https:\\\/\\\/montecarloliving.com\\\/wp-content\\\/uploads\\\/2025\\\/04\\\/4966533668_5ddbfdccf2_3k.jpg\",\"articleSection\":[\"Actualit\u00e9\",\"Cannes\"],\"inLanguage\":\"fr-FR\"},{\"@type\":\"WebPage\",\"@id\":\"https:\\\/\\\/montecarloliving.com\\\/fr\\\/actualite\\\/cannes-voyage-au-coeur-du-pacifique-lexposition-vanuatu-voix-des-ancetres-au-musee-des-explorations-du-monde-21127\\\/\",\"url\":\"https:\\\/\\\/montecarloliving.com\\\/fr\\\/actualite\\\/cannes-voyage-au-coeur-du-pacifique-lexposition-vanuatu-voix-des-ancetres-au-musee-des-explorations-du-monde-21127\\\/\",\"name\":\"Cannes \u2013 Un voyage au c\u0153ur du Pacifique : l\u2019exposition \u00ab Vanuatu. La voix des anc\u00eatres \u00bb au Mus\u00e9e des Explorations du Monde\",\"isPartOf\":{\"@id\":\"https:\\\/\\\/montecarloliving.com\\\/fr\\\/#website\"},\"primaryImageOfPage\":{\"@id\":\"https:\\\/\\\/montecarloliving.com\\\/fr\\\/actualite\\\/cannes-voyage-au-coeur-du-pacifique-lexposition-vanuatu-voix-des-ancetres-au-musee-des-explorations-du-monde-21127\\\/#primaryimage\"},\"image\":{\"@id\":\"https:\\\/\\\/montecarloliving.com\\\/fr\\\/actualite\\\/cannes-voyage-au-coeur-du-pacifique-lexposition-vanuatu-voix-des-ancetres-au-musee-des-explorations-du-monde-21127\\\/#primaryimage\"},\"thumbnailUrl\":\"https:\\\/\\\/montecarloliving.com\\\/wp-content\\\/uploads\\\/2025\\\/04\\\/4966533668_5ddbfdccf2_3k.jpg\",\"datePublished\":\"2025-04-22T08:13:20+00:00\",\"dateModified\":\"2025-04-22T08:17:37+00:00\",\"author\":{\"@id\":\"https:\\\/\\\/montecarloliving.com\\\/fr\\\/#\\\/schema\\\/person\\\/7e5945d4560862b7f2d2c6831bda2819\"},\"description\":\"Mus\u00e9e des Explorations du Monde, Cannes\ud83d\udcc5 Jusqu\u2019au dimanche 25 mai 2025 Plongez dans l\u2019univers fascinant du Pacifique Sud gr\u00e2ce \u00e0 l\u2019exposition \u00ab Vanuatu : Cannes \u2013 Un voyage au c\u0153ur du Pacifique : l\u2019exposition \u00ab Vanuatu. La voix des anc\u00eatres \u00bb au Mus\u00e9e des Explorations du Monde\",\"breadcrumb\":{\"@id\":\"https:\\\/\\\/montecarloliving.com\\\/fr\\\/actualite\\\/cannes-voyage-au-coeur-du-pacifique-lexposition-vanuatu-voix-des-ancetres-au-musee-des-explorations-du-monde-21127\\\/#breadcrumb\"},\"inLanguage\":\"fr-FR\",\"potentialAction\":[{\"@type\":\"ReadAction\",\"target\":[\"https:\\\/\\\/montecarloliving.com\\\/fr\\\/actualite\\\/cannes-voyage-au-coeur-du-pacifique-lexposition-vanuatu-voix-des-ancetres-au-musee-des-explorations-du-monde-21127\\\/\"]}]},{\"@type\":\"ImageObject\",\"inLanguage\":\"fr-FR\",\"@id\":\"https:\\\/\\\/montecarloliving.com\\\/fr\\\/actualite\\\/cannes-voyage-au-coeur-du-pacifique-lexposition-vanuatu-voix-des-ancetres-au-musee-des-explorations-du-monde-21127\\\/#primaryimage\",\"url\":\"https:\\\/\\\/montecarloliving.com\\\/wp-content\\\/uploads\\\/2025\\\/04\\\/4966533668_5ddbfdccf2_3k.jpg\",\"contentUrl\":\"https:\\\/\\\/montecarloliving.com\\\/wp-content\\\/uploads\\\/2025\\\/04\\\/4966533668_5ddbfdccf2_3k.jpg\",\"width\":1500,\"height\":950},{\"@type\":\"BreadcrumbList\",\"@id\":\"https:\\\/\\\/montecarloliving.com\\\/fr\\\/actualite\\\/cannes-voyage-au-coeur-du-pacifique-lexposition-vanuatu-voix-des-ancetres-au-musee-des-explorations-du-monde-21127\\\/#breadcrumb\",\"itemListElement\":[{\"@type\":\"ListItem\",\"position\":1,\"name\":\"Home\",\"item\":\"https:\\\/\\\/montecarloliving.com\\\/fr\\\/\"},{\"@type\":\"ListItem\",\"position\":2,\"name\":\"Cannes \u2013 Un voyage au c\u0153ur du Pacifique : l\u2019exposition \u00ab Vanuatu. La voix des anc\u00eatres \u00bb au Mus\u00e9e des Explorations du Monde\"}]},{\"@type\":\"WebSite\",\"@id\":\"https:\\\/\\\/montecarloliving.com\\\/fr\\\/#website\",\"url\":\"https:\\\/\\\/montecarloliving.com\\\/fr\\\/\",\"name\":\"Montecarlo Living\",\"description\":\"News da Montecarlo - Principato di Monaco e Costa Azzurra\",\"potentialAction\":[{\"@type\":\"SearchAction\",\"target\":{\"@type\":\"EntryPoint\",\"urlTemplate\":\"https:\\\/\\\/montecarloliving.com\\\/fr\\\/?s={search_term_string}\"},\"query-input\":{\"@type\":\"PropertyValueSpecification\",\"valueRequired\":true,\"valueName\":\"search_term_string\"}}],\"inLanguage\":\"fr-FR\"},{\"@type\":\"Person\",\"@id\":\"https:\\\/\\\/montecarloliving.com\\\/fr\\\/#\\\/schema\\\/person\\\/7e5945d4560862b7f2d2c6831bda2819\",\"name\":\"Redazione\",\"image\":{\"@type\":\"ImageObject\",\"inLanguage\":\"fr-FR\",\"@id\":\"https:\\\/\\\/secure.gravatar.com\\\/avatar\\\/8b5f26557e18fe74ad8e8a57ebb2925d88af8a90cee489ff2beefb391bc9b9c7?s=96&d=mm&r=g\",\"url\":\"https:\\\/\\\/secure.gravatar.com\\\/avatar\\\/8b5f26557e18fe74ad8e8a57ebb2925d88af8a90cee489ff2beefb391bc9b9c7?s=96&d=mm&r=g\",\"contentUrl\":\"https:\\\/\\\/secure.gravatar.com\\\/avatar\\\/8b5f26557e18fe74ad8e8a57ebb2925d88af8a90cee489ff2beefb391bc9b9c7?s=96&d=mm&r=g\",\"caption\":\"Redazione\"}}]}<\/script>\n<!-- \/ Yoast SEO plugin. -->","yoast_head_json":{"title":"Cannes \u2013 Un voyage au c\u0153ur du Pacifique : l\u2019exposition \u00ab Vanuatu. La voix des anc\u00eatres \u00bb au Mus\u00e9e des Explorations du Monde","description":"Mus\u00e9e des Explorations du Monde, Cannes\ud83d\udcc5 Jusqu\u2019au dimanche 25 mai 2025 Plongez dans l\u2019univers fascinant du Pacifique Sud gr\u00e2ce \u00e0 l\u2019exposition \u00ab Vanuatu : Cannes \u2013 Un voyage au c\u0153ur du Pacifique : l\u2019exposition \u00ab Vanuatu. La voix des anc\u00eatres \u00bb au Mus\u00e9e des Explorations du Monde","robots":{"index":"index","follow":"follow","max-snippet":"max-snippet:-1","max-image-preview":"max-image-preview:large","max-video-preview":"max-video-preview:-1"},"canonical":"https:\/\/montecarloliving.com\/fr\/actualite\/cannes-voyage-au-coeur-du-pacifique-lexposition-vanuatu-voix-des-ancetres-au-musee-des-explorations-du-monde-21127\/","og_locale":"fr_FR","og_title":"Cannes \u2013 Un voyage au c\u0153ur du Pacifique : l\u2019exposition \u00ab Vanuatu. La voix des anc\u00eatres \u00bb au Mus\u00e9e des Explorations du Monde","og_description":"Mus\u00e9e des Explorations du Monde, Cannes\ud83d\udcc5 Jusqu\u2019au dimanche 25 mai 2025 Plongez dans l\u2019univers fascinant du Pacifique Sud gr\u00e2ce \u00e0 l\u2019exposition \u00ab Vanuatu : Cannes \u2013 Un voyage au c\u0153ur du Pacifique : l\u2019exposition \u00ab Vanuatu. La voix des anc\u00eatres \u00bb au Mus\u00e9e des Explorations du Monde","og_url":"https:\/\/montecarloliving.com\/fr\/actualite\/cannes-voyage-au-coeur-du-pacifique-lexposition-vanuatu-voix-des-ancetres-au-musee-des-explorations-du-monde-21127\/","og_site_name":"Montecarlo Living","article_publisher":"https:\/\/www.facebook.com\/montecarlolivingcom\/","article_published_time":"2025-04-22T08:13:20+00:00","article_modified_time":"2025-04-22T08:17:37+00:00","og_image":[{"width":650,"height":400,"url":"https:\/\/montecarloliving.com\/wp-content\/uploads\/2025\/04\/4966533668_5ddbfdccf2_3k-650x400.jpg","type":"image\/jpeg"}],"author":"Redazione","twitter_card":"summary_large_image","twitter_creator":"@MonteCarloLivi","twitter_site":"@MonteCarloLivi","twitter_misc":{"\u00c9crit par":"Redazione","Dur\u00e9e de lecture estim\u00e9e":"3 minutes"},"schema":{"@context":"https:\/\/schema.org","@graph":[{"@type":"Article","@id":"https:\/\/montecarloliving.com\/fr\/actualite\/cannes-voyage-au-coeur-du-pacifique-lexposition-vanuatu-voix-des-ancetres-au-musee-des-explorations-du-monde-21127\/#article","isPartOf":{"@id":"https:\/\/montecarloliving.com\/fr\/actualite\/cannes-voyage-au-coeur-du-pacifique-lexposition-vanuatu-voix-des-ancetres-au-musee-des-explorations-du-monde-21127\/"},"author":{"name":"Redazione","@id":"https:\/\/montecarloliving.com\/fr\/#\/schema\/person\/7e5945d4560862b7f2d2c6831bda2819"},"headline":"Cannes \u2013 Un voyage au c\u0153ur du Pacifique : l\u2019exposition \u00ab Vanuatu. La voix des anc\u00eatres \u00bb au Mus\u00e9e des Explorations du Monde","datePublished":"2025-04-22T08:13:20+00:00","dateModified":"2025-04-22T08:17:37+00:00","mainEntityOfPage":{"@id":"https:\/\/montecarloliving.com\/fr\/actualite\/cannes-voyage-au-coeur-du-pacifique-lexposition-vanuatu-voix-des-ancetres-au-musee-des-explorations-du-monde-21127\/"},"wordCount":463,"image":{"@id":"https:\/\/montecarloliving.com\/fr\/actualite\/cannes-voyage-au-coeur-du-pacifique-lexposition-vanuatu-voix-des-ancetres-au-musee-des-explorations-du-monde-21127\/#primaryimage"},"thumbnailUrl":"https:\/\/montecarloliving.com\/wp-content\/uploads\/2025\/04\/4966533668_5ddbfdccf2_3k.jpg","articleSection":["Actualit\u00e9","Cannes"],"inLanguage":"fr-FR"},{"@type":"WebPage","@id":"https:\/\/montecarloliving.com\/fr\/actualite\/cannes-voyage-au-coeur-du-pacifique-lexposition-vanuatu-voix-des-ancetres-au-musee-des-explorations-du-monde-21127\/","url":"https:\/\/montecarloliving.com\/fr\/actualite\/cannes-voyage-au-coeur-du-pacifique-lexposition-vanuatu-voix-des-ancetres-au-musee-des-explorations-du-monde-21127\/","name":"Cannes \u2013 Un voyage au c\u0153ur du Pacifique : l\u2019exposition \u00ab Vanuatu. La voix des anc\u00eatres \u00bb au Mus\u00e9e des Explorations du Monde","isPartOf":{"@id":"https:\/\/montecarloliving.com\/fr\/#website"},"primaryImageOfPage":{"@id":"https:\/\/montecarloliving.com\/fr\/actualite\/cannes-voyage-au-coeur-du-pacifique-lexposition-vanuatu-voix-des-ancetres-au-musee-des-explorations-du-monde-21127\/#primaryimage"},"image":{"@id":"https:\/\/montecarloliving.com\/fr\/actualite\/cannes-voyage-au-coeur-du-pacifique-lexposition-vanuatu-voix-des-ancetres-au-musee-des-explorations-du-monde-21127\/#primaryimage"},"thumbnailUrl":"https:\/\/montecarloliving.com\/wp-content\/uploads\/2025\/04\/4966533668_5ddbfdccf2_3k.jpg","datePublished":"2025-04-22T08:13:20+00:00","dateModified":"2025-04-22T08:17:37+00:00","author":{"@id":"https:\/\/montecarloliving.com\/fr\/#\/schema\/person\/7e5945d4560862b7f2d2c6831bda2819"},"description":"Mus\u00e9e des Explorations du Monde, Cannes\ud83d\udcc5 Jusqu\u2019au dimanche 25 mai 2025 Plongez dans l\u2019univers fascinant du Pacifique Sud gr\u00e2ce \u00e0 l\u2019exposition \u00ab Vanuatu : Cannes \u2013 Un voyage au c\u0153ur du Pacifique : l\u2019exposition \u00ab Vanuatu. La voix des anc\u00eatres \u00bb au Mus\u00e9e des Explorations du Monde","breadcrumb":{"@id":"https:\/\/montecarloliving.com\/fr\/actualite\/cannes-voyage-au-coeur-du-pacifique-lexposition-vanuatu-voix-des-ancetres-au-musee-des-explorations-du-monde-21127\/#breadcrumb"},"inLanguage":"fr-FR","potentialAction":[{"@type":"ReadAction","target":["https:\/\/montecarloliving.com\/fr\/actualite\/cannes-voyage-au-coeur-du-pacifique-lexposition-vanuatu-voix-des-ancetres-au-musee-des-explorations-du-monde-21127\/"]}]},{"@type":"ImageObject","inLanguage":"fr-FR","@id":"https:\/\/montecarloliving.com\/fr\/actualite\/cannes-voyage-au-coeur-du-pacifique-lexposition-vanuatu-voix-des-ancetres-au-musee-des-explorations-du-monde-21127\/#primaryimage","url":"https:\/\/montecarloliving.com\/wp-content\/uploads\/2025\/04\/4966533668_5ddbfdccf2_3k.jpg","contentUrl":"https:\/\/montecarloliving.com\/wp-content\/uploads\/2025\/04\/4966533668_5ddbfdccf2_3k.jpg","width":1500,"height":950},{"@type":"BreadcrumbList","@id":"https:\/\/montecarloliving.com\/fr\/actualite\/cannes-voyage-au-coeur-du-pacifique-lexposition-vanuatu-voix-des-ancetres-au-musee-des-explorations-du-monde-21127\/#breadcrumb","itemListElement":[{"@type":"ListItem","position":1,"name":"Home","item":"https:\/\/montecarloliving.com\/fr\/"},{"@type":"ListItem","position":2,"name":"Cannes \u2013 Un voyage au c\u0153ur du Pacifique : l\u2019exposition \u00ab Vanuatu. La voix des anc\u00eatres \u00bb au Mus\u00e9e des Explorations du Monde"}]},{"@type":"WebSite","@id":"https:\/\/montecarloliving.com\/fr\/#website","url":"https:\/\/montecarloliving.com\/fr\/","name":"Montecarlo Living","description":"News da Montecarlo - Principato di Monaco e Costa Azzurra","potentialAction":[{"@type":"SearchAction","target":{"@type":"EntryPoint","urlTemplate":"https:\/\/montecarloliving.com\/fr\/?s={search_term_string}"},"query-input":{"@type":"PropertyValueSpecification","valueRequired":true,"valueName":"search_term_string"}}],"inLanguage":"fr-FR"},{"@type":"Person","@id":"https:\/\/montecarloliving.com\/fr\/#\/schema\/person\/7e5945d4560862b7f2d2c6831bda2819","name":"Redazione","image":{"@type":"ImageObject","inLanguage":"fr-FR","@id":"https:\/\/secure.gravatar.com\/avatar\/8b5f26557e18fe74ad8e8a57ebb2925d88af8a90cee489ff2beefb391bc9b9c7?s=96&d=mm&r=g","url":"https:\/\/secure.gravatar.com\/avatar\/8b5f26557e18fe74ad8e8a57ebb2925d88af8a90cee489ff2beefb391bc9b9c7?s=96&d=mm&r=g","contentUrl":"https:\/\/secure.gravatar.com\/avatar\/8b5f26557e18fe74ad8e8a57ebb2925d88af8a90cee489ff2beefb391bc9b9c7?s=96&d=mm&r=g","caption":"Redazione"}}]}},"_links":{"self":[{"href":"https:\/\/montecarloliving.com\/fr\/wp-json\/wp\/v2\/posts\/21127","targetHints":{"allow":["GET"]}}],"collection":[{"href":"https:\/\/montecarloliving.com\/fr\/wp-json\/wp\/v2\/posts"}],"about":[{"href":"https:\/\/montecarloliving.com\/fr\/wp-json\/wp\/v2\/types\/post"}],"author":[{"embeddable":true,"href":"https:\/\/montecarloliving.com\/fr\/wp-json\/wp\/v2\/users\/1"}],"replies":[{"embeddable":true,"href":"https:\/\/montecarloliving.com\/fr\/wp-json\/wp\/v2\/comments?post=21127"}],"version-history":[{"count":1,"href":"https:\/\/montecarloliving.com\/fr\/wp-json\/wp\/v2\/posts\/21127\/revisions"}],"predecessor-version":[{"id":21128,"href":"https:\/\/montecarloliving.com\/fr\/wp-json\/wp\/v2\/posts\/21127\/revisions\/21128"}],"wp:featuredmedia":[{"embeddable":true,"href":"https:\/\/montecarloliving.com\/fr\/wp-json\/wp\/v2\/media\/21124"}],"wp:attachment":[{"href":"https:\/\/montecarloliving.com\/fr\/wp-json\/wp\/v2\/media?parent=21127"}],"wp:term":[{"taxonomy":"category","embeddable":true,"href":"https:\/\/montecarloliving.com\/fr\/wp-json\/wp\/v2\/categories?post=21127"},{"taxonomy":"post_tag","embeddable":true,"href":"https:\/\/montecarloliving.com\/fr\/wp-json\/wp\/v2\/tags?post=21127"}],"curies":[{"name":"wp","href":"https:\/\/api.w.org\/{rel}","templated":true}]}}