{"id":21082,"date":"2025-04-21T11:10:27","date_gmt":"2025-04-21T09:10:27","guid":{"rendered":"https:\/\/montecarloliving.com\/?p=21082"},"modified":"2025-04-18T11:13:11","modified_gmt":"2025-04-18T09:13:11","slug":"prolongation-des-travaux-de-reprofilage-de-plage-du-larvotto","status":"publish","type":"post","link":"https:\/\/montecarloliving.com\/fr\/actualite\/prolongation-des-travaux-de-reprofilage-de-plage-du-larvotto-21082\/","title":{"rendered":"Prolongation des travaux de reprofilage de la plage du Larvotto"},"content":{"rendered":"<p>En raison d\u2019une m\u00e9t\u00e9o perturb\u00e9e depuis plusieurs jours qui a notamment engendr\u00e9 une forte houle, les travaux de nivellement de la plage du Larvotto engag\u00e9s depuis le 31 mars ont d\u00fb momentan\u00e9ment \u00eatre suspendus pour des questions de s\u00e9curit\u00e9 et de pr\u00e9servation de l\u2019environnement marin.<\/p>\n<p>Cons\u00e9quence : cette op\u00e9ration, qui devait s\u2019achever le vendredi 18 avril, se prolongera d\u2019une semaine, jusqu\u2019au vendredi 25 avril inclus. Aussi, par mesure de protection des usagers, les pratiques des bains de mer et de la plong\u00e9e seront interdites jusqu\u2019\u00e0 cette date dans les deux anses du Larvotto.<\/p>\n<p>Les restaurants et commerces du complexe baln\u00e9aire demeureront eux ouverts, sans restriction.<\/p>\n<p>Pour m\u00e9moire, ces travaux sont r\u00e9alis\u00e9s, comme l\u2019an dernier, en vue d\u2019accueillir les usagers dans les meilleures conditions \u00e0 l\u2019approche de la saison estivale.<\/p>\n<p>Men\u00e9s de 7h30 \u00e0 12h00 et de 14h00 \u00e0 18h30, ils ont pour but de r\u00e9duire la pente de la plage, qui s\u2019est fortement accentu\u00e9e durant l\u2019hiver, afin de lui garantir une capacit\u00e9 d\u2019accueil suffisante et de r\u00e9pondre aux besoins de s\u00e9curisation de l\u2019acc\u00e8s aux zones de baignade.<\/p>\n<p>Pendant toute la saison, un entretien r\u00e9gulier sera d\u2019ailleurs entrepris pour maintenir la largeur et la d\u00e9clivit\u00e9 douce de la plage, sans occasionner de nouvelle fermeture ou de non-accessibilit\u00e9 aux baigneurs.<\/p>\n","protected":false},"excerpt":{"rendered":"<p>En raison d\u2019une m\u00e9t\u00e9o perturb\u00e9e depuis plusieurs jours qui a notamment engendr\u00e9 une forte houle, les travaux de nivellement de la plage du Larvotto engag\u00e9s depuis le 31 mars ont d\u00fb momentan\u00e9ment \u00eatre suspendus pour des questions de s\u00e9curit\u00e9 et de pr\u00e9servation de l\u2019environnement [&hellip;]<\/p>\n","protected":false},"author":1,"featured_media":21083,"comment_status":"closed","ping_status":"closed","sticky":false,"template":"","format":"standard","meta":{"footnotes":""},"categories":[827,875,867],"tags":[],"class_list":["post-21082","post","type-post","status-publish","format-standard","has-post-thumbnail","hentry","category-actualite","category-actualite-monaco","category-monaco-fr"],"yoast_head":"<!-- This site is optimized with the Yoast SEO plugin v27.5 - https:\/\/yoast.com\/product\/yoast-seo-wordpress\/ -->\n<title>Prolongation des travaux de reprofilage de la plage du Larvotto<\/title>\n<meta name=\"description\" content=\"En raison d\u2019une m\u00e9t\u00e9o perturb\u00e9e depuis plusieurs jours qui a notamment engendr\u00e9 une forte houle, les travaux de nivellement de la plage du Larvotto Prolongation des travaux de reprofilage de la plage du Larvotto\" \/>\n<meta name=\"robots\" content=\"index, follow, max-snippet:-1, max-image-preview:large, max-video-preview:-1\" \/>\n<link rel=\"canonical\" href=\"https:\/\/montecarloliving.com\/fr\/actualite\/prolongation-des-travaux-de-reprofilage-de-plage-du-larvotto-21082\/\" \/>\n<meta property=\"og:locale\" content=\"fr_FR\" \/>\n<meta property=\"og:title\" content=\"Prolongation des travaux de reprofilage de la plage du Larvotto\" \/>\n<meta property=\"og:description\" content=\"En raison d\u2019une m\u00e9t\u00e9o perturb\u00e9e depuis plusieurs jours qui a notamment engendr\u00e9 une forte houle, les travaux de nivellement de la plage du Larvotto Prolongation des travaux de reprofilage de la plage du Larvotto\" \/>\n<meta property=\"og:url\" content=\"https:\/\/montecarloliving.com\/fr\/actualite\/prolongation-des-travaux-de-reprofilage-de-plage-du-larvotto-21082\/\" \/>\n<meta property=\"og:site_name\" content=\"Montecarlo Living\" \/>\n<meta property=\"article:publisher\" content=\"https:\/\/www.facebook.com\/montecarlolivingcom\/\" \/>\n<meta property=\"article:published_time\" content=\"2025-04-21T09:10:27+00:00\" \/>\n<meta property=\"og:image\" content=\"https:\/\/montecarloliving.com\/wp-content\/uploads\/2025\/04\/\u00a9-Direction-de-la-Communication-Stephane-Danna-1-650x400.jpg\" \/>\n\t<meta property=\"og:image:width\" content=\"650\" \/>\n\t<meta property=\"og:image:height\" content=\"400\" \/>\n\t<meta property=\"og:image:type\" content=\"image\/jpeg\" \/>\n<meta name=\"author\" content=\"Redazione\" \/>\n<meta name=\"twitter:card\" content=\"summary_large_image\" \/>\n<meta name=\"twitter:creator\" content=\"@MonteCarloLivi\" \/>\n<meta name=\"twitter:site\" content=\"@MonteCarloLivi\" \/>\n<meta name=\"twitter:label1\" content=\"\u00c9crit par\" \/>\n\t<meta name=\"twitter:data1\" content=\"Redazione\" \/>\n\t<meta name=\"twitter:label2\" content=\"Dur\u00e9e de lecture estim\u00e9e\" \/>\n\t<meta name=\"twitter:data2\" content=\"2 minutes\" \/>\n<script type=\"application\/ld+json\" class=\"yoast-schema-graph\">{\"@context\":\"https:\\\/\\\/schema.org\",\"@graph\":[{\"@type\":\"Article\",\"@id\":\"https:\\\/\\\/montecarloliving.com\\\/fr\\\/actualite\\\/prolongation-des-travaux-de-reprofilage-de-plage-du-larvotto-21082\\\/#article\",\"isPartOf\":{\"@id\":\"https:\\\/\\\/montecarloliving.com\\\/fr\\\/actualite\\\/prolongation-des-travaux-de-reprofilage-de-plage-du-larvotto-21082\\\/\"},\"author\":{\"name\":\"Redazione\",\"@id\":\"https:\\\/\\\/montecarloliving.com\\\/fr\\\/#\\\/schema\\\/person\\\/7e5945d4560862b7f2d2c6831bda2819\"},\"headline\":\"Prolongation des travaux de reprofilage de la plage du Larvotto\",\"datePublished\":\"2025-04-21T09:10:27+00:00\",\"mainEntityOfPage\":{\"@id\":\"https:\\\/\\\/montecarloliving.com\\\/fr\\\/actualite\\\/prolongation-des-travaux-de-reprofilage-de-plage-du-larvotto-21082\\\/\"},\"wordCount\":246,\"image\":{\"@id\":\"https:\\\/\\\/montecarloliving.com\\\/fr\\\/actualite\\\/prolongation-des-travaux-de-reprofilage-de-plage-du-larvotto-21082\\\/#primaryimage\"},\"thumbnailUrl\":\"https:\\\/\\\/montecarloliving.com\\\/wp-content\\\/uploads\\\/2025\\\/04\\\/\u00a9-Direction-de-la-Communication-Stephane-Danna-1.jpg\",\"articleSection\":[\"Actualit\u00e9\",\"Actualit\u00e9 \u00e0 Monaco\",\"Monaco\"],\"inLanguage\":\"fr-FR\"},{\"@type\":\"WebPage\",\"@id\":\"https:\\\/\\\/montecarloliving.com\\\/fr\\\/actualite\\\/prolongation-des-travaux-de-reprofilage-de-plage-du-larvotto-21082\\\/\",\"url\":\"https:\\\/\\\/montecarloliving.com\\\/fr\\\/actualite\\\/prolongation-des-travaux-de-reprofilage-de-plage-du-larvotto-21082\\\/\",\"name\":\"Prolongation des travaux de reprofilage de la plage du Larvotto\",\"isPartOf\":{\"@id\":\"https:\\\/\\\/montecarloliving.com\\\/fr\\\/#website\"},\"primaryImageOfPage\":{\"@id\":\"https:\\\/\\\/montecarloliving.com\\\/fr\\\/actualite\\\/prolongation-des-travaux-de-reprofilage-de-plage-du-larvotto-21082\\\/#primaryimage\"},\"image\":{\"@id\":\"https:\\\/\\\/montecarloliving.com\\\/fr\\\/actualite\\\/prolongation-des-travaux-de-reprofilage-de-plage-du-larvotto-21082\\\/#primaryimage\"},\"thumbnailUrl\":\"https:\\\/\\\/montecarloliving.com\\\/wp-content\\\/uploads\\\/2025\\\/04\\\/\u00a9-Direction-de-la-Communication-Stephane-Danna-1.jpg\",\"datePublished\":\"2025-04-21T09:10:27+00:00\",\"author\":{\"@id\":\"https:\\\/\\\/montecarloliving.com\\\/fr\\\/#\\\/schema\\\/person\\\/7e5945d4560862b7f2d2c6831bda2819\"},\"description\":\"En raison d\u2019une m\u00e9t\u00e9o perturb\u00e9e depuis plusieurs jours qui a notamment engendr\u00e9 une forte houle, les travaux de nivellement de la plage du Larvotto Prolongation des travaux de reprofilage de la plage du Larvotto\",\"breadcrumb\":{\"@id\":\"https:\\\/\\\/montecarloliving.com\\\/fr\\\/actualite\\\/prolongation-des-travaux-de-reprofilage-de-plage-du-larvotto-21082\\\/#breadcrumb\"},\"inLanguage\":\"fr-FR\",\"potentialAction\":[{\"@type\":\"ReadAction\",\"target\":[\"https:\\\/\\\/montecarloliving.com\\\/fr\\\/actualite\\\/prolongation-des-travaux-de-reprofilage-de-plage-du-larvotto-21082\\\/\"]}]},{\"@type\":\"ImageObject\",\"inLanguage\":\"fr-FR\",\"@id\":\"https:\\\/\\\/montecarloliving.com\\\/fr\\\/actualite\\\/prolongation-des-travaux-de-reprofilage-de-plage-du-larvotto-21082\\\/#primaryimage\",\"url\":\"https:\\\/\\\/montecarloliving.com\\\/wp-content\\\/uploads\\\/2025\\\/04\\\/\u00a9-Direction-de-la-Communication-Stephane-Danna-1.jpg\",\"contentUrl\":\"https:\\\/\\\/montecarloliving.com\\\/wp-content\\\/uploads\\\/2025\\\/04\\\/\u00a9-Direction-de-la-Communication-Stephane-Danna-1.jpg\",\"width\":1500,\"height\":1000},{\"@type\":\"BreadcrumbList\",\"@id\":\"https:\\\/\\\/montecarloliving.com\\\/fr\\\/actualite\\\/prolongation-des-travaux-de-reprofilage-de-plage-du-larvotto-21082\\\/#breadcrumb\",\"itemListElement\":[{\"@type\":\"ListItem\",\"position\":1,\"name\":\"Home\",\"item\":\"https:\\\/\\\/montecarloliving.com\\\/fr\\\/\"},{\"@type\":\"ListItem\",\"position\":2,\"name\":\"Prolongation des travaux de reprofilage de la plage du Larvotto\"}]},{\"@type\":\"WebSite\",\"@id\":\"https:\\\/\\\/montecarloliving.com\\\/fr\\\/#website\",\"url\":\"https:\\\/\\\/montecarloliving.com\\\/fr\\\/\",\"name\":\"Montecarlo Living\",\"description\":\"News da Montecarlo - Principato di Monaco e Costa Azzurra\",\"potentialAction\":[{\"@type\":\"SearchAction\",\"target\":{\"@type\":\"EntryPoint\",\"urlTemplate\":\"https:\\\/\\\/montecarloliving.com\\\/fr\\\/?s={search_term_string}\"},\"query-input\":{\"@type\":\"PropertyValueSpecification\",\"valueRequired\":true,\"valueName\":\"search_term_string\"}}],\"inLanguage\":\"fr-FR\"},{\"@type\":\"Person\",\"@id\":\"https:\\\/\\\/montecarloliving.com\\\/fr\\\/#\\\/schema\\\/person\\\/7e5945d4560862b7f2d2c6831bda2819\",\"name\":\"Redazione\",\"image\":{\"@type\":\"ImageObject\",\"inLanguage\":\"fr-FR\",\"@id\":\"https:\\\/\\\/secure.gravatar.com\\\/avatar\\\/8b5f26557e18fe74ad8e8a57ebb2925d88af8a90cee489ff2beefb391bc9b9c7?s=96&d=mm&r=g\",\"url\":\"https:\\\/\\\/secure.gravatar.com\\\/avatar\\\/8b5f26557e18fe74ad8e8a57ebb2925d88af8a90cee489ff2beefb391bc9b9c7?s=96&d=mm&r=g\",\"contentUrl\":\"https:\\\/\\\/secure.gravatar.com\\\/avatar\\\/8b5f26557e18fe74ad8e8a57ebb2925d88af8a90cee489ff2beefb391bc9b9c7?s=96&d=mm&r=g\",\"caption\":\"Redazione\"}}]}<\/script>\n<!-- \/ Yoast SEO plugin. -->","yoast_head_json":{"title":"Prolongation des travaux de reprofilage de la plage du Larvotto","description":"En raison d\u2019une m\u00e9t\u00e9o perturb\u00e9e depuis plusieurs jours qui a notamment engendr\u00e9 une forte houle, les travaux de nivellement de la plage du Larvotto Prolongation des travaux de reprofilage de la plage du Larvotto","robots":{"index":"index","follow":"follow","max-snippet":"max-snippet:-1","max-image-preview":"max-image-preview:large","max-video-preview":"max-video-preview:-1"},"canonical":"https:\/\/montecarloliving.com\/fr\/actualite\/prolongation-des-travaux-de-reprofilage-de-plage-du-larvotto-21082\/","og_locale":"fr_FR","og_title":"Prolongation des travaux de reprofilage de la plage du Larvotto","og_description":"En raison d\u2019une m\u00e9t\u00e9o perturb\u00e9e depuis plusieurs jours qui a notamment engendr\u00e9 une forte houle, les travaux de nivellement de la plage du Larvotto Prolongation des travaux de reprofilage de la plage du Larvotto","og_url":"https:\/\/montecarloliving.com\/fr\/actualite\/prolongation-des-travaux-de-reprofilage-de-plage-du-larvotto-21082\/","og_site_name":"Montecarlo Living","article_publisher":"https:\/\/www.facebook.com\/montecarlolivingcom\/","article_published_time":"2025-04-21T09:10:27+00:00","og_image":[{"width":650,"height":400,"url":"https:\/\/montecarloliving.com\/wp-content\/uploads\/2025\/04\/\u00a9-Direction-de-la-Communication-Stephane-Danna-1-650x400.jpg","type":"image\/jpeg"}],"author":"Redazione","twitter_card":"summary_large_image","twitter_creator":"@MonteCarloLivi","twitter_site":"@MonteCarloLivi","twitter_misc":{"\u00c9crit par":"Redazione","Dur\u00e9e de lecture estim\u00e9e":"2 minutes"},"schema":{"@context":"https:\/\/schema.org","@graph":[{"@type":"Article","@id":"https:\/\/montecarloliving.com\/fr\/actualite\/prolongation-des-travaux-de-reprofilage-de-plage-du-larvotto-21082\/#article","isPartOf":{"@id":"https:\/\/montecarloliving.com\/fr\/actualite\/prolongation-des-travaux-de-reprofilage-de-plage-du-larvotto-21082\/"},"author":{"name":"Redazione","@id":"https:\/\/montecarloliving.com\/fr\/#\/schema\/person\/7e5945d4560862b7f2d2c6831bda2819"},"headline":"Prolongation des travaux de reprofilage de la plage du Larvotto","datePublished":"2025-04-21T09:10:27+00:00","mainEntityOfPage":{"@id":"https:\/\/montecarloliving.com\/fr\/actualite\/prolongation-des-travaux-de-reprofilage-de-plage-du-larvotto-21082\/"},"wordCount":246,"image":{"@id":"https:\/\/montecarloliving.com\/fr\/actualite\/prolongation-des-travaux-de-reprofilage-de-plage-du-larvotto-21082\/#primaryimage"},"thumbnailUrl":"https:\/\/montecarloliving.com\/wp-content\/uploads\/2025\/04\/\u00a9-Direction-de-la-Communication-Stephane-Danna-1.jpg","articleSection":["Actualit\u00e9","Actualit\u00e9 \u00e0 Monaco","Monaco"],"inLanguage":"fr-FR"},{"@type":"WebPage","@id":"https:\/\/montecarloliving.com\/fr\/actualite\/prolongation-des-travaux-de-reprofilage-de-plage-du-larvotto-21082\/","url":"https:\/\/montecarloliving.com\/fr\/actualite\/prolongation-des-travaux-de-reprofilage-de-plage-du-larvotto-21082\/","name":"Prolongation des travaux de reprofilage de la plage du Larvotto","isPartOf":{"@id":"https:\/\/montecarloliving.com\/fr\/#website"},"primaryImageOfPage":{"@id":"https:\/\/montecarloliving.com\/fr\/actualite\/prolongation-des-travaux-de-reprofilage-de-plage-du-larvotto-21082\/#primaryimage"},"image":{"@id":"https:\/\/montecarloliving.com\/fr\/actualite\/prolongation-des-travaux-de-reprofilage-de-plage-du-larvotto-21082\/#primaryimage"},"thumbnailUrl":"https:\/\/montecarloliving.com\/wp-content\/uploads\/2025\/04\/\u00a9-Direction-de-la-Communication-Stephane-Danna-1.jpg","datePublished":"2025-04-21T09:10:27+00:00","author":{"@id":"https:\/\/montecarloliving.com\/fr\/#\/schema\/person\/7e5945d4560862b7f2d2c6831bda2819"},"description":"En raison d\u2019une m\u00e9t\u00e9o perturb\u00e9e depuis plusieurs jours qui a notamment engendr\u00e9 une forte houle, les travaux de nivellement de la plage du Larvotto Prolongation des travaux de reprofilage de la plage du Larvotto","breadcrumb":{"@id":"https:\/\/montecarloliving.com\/fr\/actualite\/prolongation-des-travaux-de-reprofilage-de-plage-du-larvotto-21082\/#breadcrumb"},"inLanguage":"fr-FR","potentialAction":[{"@type":"ReadAction","target":["https:\/\/montecarloliving.com\/fr\/actualite\/prolongation-des-travaux-de-reprofilage-de-plage-du-larvotto-21082\/"]}]},{"@type":"ImageObject","inLanguage":"fr-FR","@id":"https:\/\/montecarloliving.com\/fr\/actualite\/prolongation-des-travaux-de-reprofilage-de-plage-du-larvotto-21082\/#primaryimage","url":"https:\/\/montecarloliving.com\/wp-content\/uploads\/2025\/04\/\u00a9-Direction-de-la-Communication-Stephane-Danna-1.jpg","contentUrl":"https:\/\/montecarloliving.com\/wp-content\/uploads\/2025\/04\/\u00a9-Direction-de-la-Communication-Stephane-Danna-1.jpg","width":1500,"height":1000},{"@type":"BreadcrumbList","@id":"https:\/\/montecarloliving.com\/fr\/actualite\/prolongation-des-travaux-de-reprofilage-de-plage-du-larvotto-21082\/#breadcrumb","itemListElement":[{"@type":"ListItem","position":1,"name":"Home","item":"https:\/\/montecarloliving.com\/fr\/"},{"@type":"ListItem","position":2,"name":"Prolongation des travaux de reprofilage de la plage du Larvotto"}]},{"@type":"WebSite","@id":"https:\/\/montecarloliving.com\/fr\/#website","url":"https:\/\/montecarloliving.com\/fr\/","name":"Montecarlo Living","description":"News da Montecarlo - Principato di Monaco e Costa Azzurra","potentialAction":[{"@type":"SearchAction","target":{"@type":"EntryPoint","urlTemplate":"https:\/\/montecarloliving.com\/fr\/?s={search_term_string}"},"query-input":{"@type":"PropertyValueSpecification","valueRequired":true,"valueName":"search_term_string"}}],"inLanguage":"fr-FR"},{"@type":"Person","@id":"https:\/\/montecarloliving.com\/fr\/#\/schema\/person\/7e5945d4560862b7f2d2c6831bda2819","name":"Redazione","image":{"@type":"ImageObject","inLanguage":"fr-FR","@id":"https:\/\/secure.gravatar.com\/avatar\/8b5f26557e18fe74ad8e8a57ebb2925d88af8a90cee489ff2beefb391bc9b9c7?s=96&d=mm&r=g","url":"https:\/\/secure.gravatar.com\/avatar\/8b5f26557e18fe74ad8e8a57ebb2925d88af8a90cee489ff2beefb391bc9b9c7?s=96&d=mm&r=g","contentUrl":"https:\/\/secure.gravatar.com\/avatar\/8b5f26557e18fe74ad8e8a57ebb2925d88af8a90cee489ff2beefb391bc9b9c7?s=96&d=mm&r=g","caption":"Redazione"}}]}},"_links":{"self":[{"href":"https:\/\/montecarloliving.com\/fr\/wp-json\/wp\/v2\/posts\/21082","targetHints":{"allow":["GET"]}}],"collection":[{"href":"https:\/\/montecarloliving.com\/fr\/wp-json\/wp\/v2\/posts"}],"about":[{"href":"https:\/\/montecarloliving.com\/fr\/wp-json\/wp\/v2\/types\/post"}],"author":[{"embeddable":true,"href":"https:\/\/montecarloliving.com\/fr\/wp-json\/wp\/v2\/users\/1"}],"replies":[{"embeddable":true,"href":"https:\/\/montecarloliving.com\/fr\/wp-json\/wp\/v2\/comments?post=21082"}],"version-history":[{"count":1,"href":"https:\/\/montecarloliving.com\/fr\/wp-json\/wp\/v2\/posts\/21082\/revisions"}],"predecessor-version":[{"id":21086,"href":"https:\/\/montecarloliving.com\/fr\/wp-json\/wp\/v2\/posts\/21082\/revisions\/21086"}],"wp:featuredmedia":[{"embeddable":true,"href":"https:\/\/montecarloliving.com\/fr\/wp-json\/wp\/v2\/media\/21083"}],"wp:attachment":[{"href":"https:\/\/montecarloliving.com\/fr\/wp-json\/wp\/v2\/media?parent=21082"}],"wp:term":[{"taxonomy":"category","embeddable":true,"href":"https:\/\/montecarloliving.com\/fr\/wp-json\/wp\/v2\/categories?post=21082"},{"taxonomy":"post_tag","embeddable":true,"href":"https:\/\/montecarloliving.com\/fr\/wp-json\/wp\/v2\/tags?post=21082"}],"curies":[{"name":"wp","href":"https:\/\/api.w.org\/{rel}","templated":true}]}}