{"id":21044,"date":"2025-04-21T09:11:21","date_gmt":"2025-04-21T07:11:21","guid":{"rendered":"https:\/\/montecarloliving.com\/?p=21044"},"modified":"2025-04-17T13:13:21","modified_gmt":"2025-04-17T11:13:21","slug":"les-athletes-de-special-olympics-monaco-ont-ete-recus-residence-du-ministre-detat","status":"publish","type":"post","link":"https:\/\/montecarloliving.com\/fr\/actualite\/les-athletes-de-special-olympics-monaco-ont-ete-recus-residence-du-ministre-detat-21044\/","title":{"rendered":"Les Athl\u00e8tes de Special Olympics Monaco ont \u00e9t\u00e9 re\u00e7us \u00e0 la R\u00e9sidence du Ministre d\u2019Etat"},"content":{"rendered":"<p>De retour des Jeux mondiaux d\u2019Hiver de Turin, les athl\u00e8tes de Special Olympics Monaco, accompagn\u00e9s de leurs entra\u00eeneurs ont \u00e9t\u00e9 re\u00e7us ce mercredi \u00e0 la R\u00e9sidence du Ministre d\u2019Etat par Isabelle BERRO-AMADE\u00cf, Conseiller de Gouvernement-Ministre des Relations ext\u00e9rieures et de la Coop\u00e9ration, Ministre d\u2019Etat par int\u00e9rim.<\/p>\n<p>La Ministre a tenu \u00e0 f\u00e9liciter tous les membres de la D\u00e9l\u00e9gation : \u00ab Vous avez fait bien plus que participer \u00e0 une comp\u00e9tition sportive. Vous avez port\u00e9 haut les valeurs du courage, de la pers\u00e9v\u00e9rance et de l\u2019esprit d\u2019\u00e9quipe. Vous avez prouv\u00e9 que la d\u00e9termination n\u2019a pas de limites, que le c\u0153ur et la passion peuvent d\u00e9placer des montagnes. Sur les pistes, dans chaque effort et \u00e0 travers chaque sourire, vous avez montr\u00e9 ce que signifie l\u2019inclusion, la force int\u00e9rieure et la joie du sport \u00bb.<\/p>\n<p>Isabelle BERRO-AMADE\u00cf a \u00e9galement salu\u00e9 le travail et l\u2019implication sans faille des salari\u00e9s et b\u00e9n\u00e9voles de Special Olympics Monaco, dont son Pr\u00e9sident, Pierre VAN KLAVEREN et son Directeur, Marc MURATORI.<\/p>\n<p>Rappelons que Special Olympics Monaco a rapport\u00e9 de Turin 12 m\u00e9dailles dont 2 en or et a repr\u00e9sent\u00e9 la Principaut\u00e9 dans trois disciplines lors de cet \u00e9v\u00e9nement : le ski alpin, le ski de fond et les courses de raquettes.<\/p>\n<p>Prochain grand rendez-vous pour les athl\u00e8tes : les Jeux Mondiaux d\u2019\u00e9t\u00e9 au Chili en 2027.<\/p>\n","protected":false},"excerpt":{"rendered":"<p>De retour des Jeux mondiaux d\u2019Hiver de Turin, les athl\u00e8tes de Special Olympics Monaco, accompagn\u00e9s de leurs entra\u00eeneurs ont \u00e9t\u00e9 re\u00e7us ce mercredi \u00e0 la R\u00e9sidence du Ministre d\u2019Etat par Isabelle BERRO-AMADE\u00cf, Conseiller de Gouvernement-Ministre des Relations ext\u00e9rieures et de la Coop\u00e9ration, Ministre d\u2019Etat [&hellip;]<\/p>\n","protected":false},"author":1,"featured_media":21045,"comment_status":"closed","ping_status":"closed","sticky":false,"template":"","format":"standard","meta":{"footnotes":""},"categories":[827,875,867,817],"tags":[],"class_list":["post-21044","post","type-post","status-publish","format-standard","has-post-thumbnail","hentry","category-actualite","category-actualite-monaco","category-monaco-fr","category-sport-fr"],"yoast_head":"<!-- This site is optimized with the Yoast SEO plugin v27.4 - https:\/\/yoast.com\/product\/yoast-seo-wordpress\/ -->\n<title>Les Athl\u00e8tes de Special Olympics Monaco ont \u00e9t\u00e9 re\u00e7us \u00e0 la R\u00e9sidence du Ministre d\u2019Etat<\/title>\n<meta name=\"description\" content=\"De retour des Jeux mondiaux d\u2019Hiver de Turin, les athl\u00e8tes de Special Olympics Monaco, accompagn\u00e9s de leurs entra\u00eeneurs ont \u00e9t\u00e9 re\u00e7us ce mercredi \u00e0 la Les Athl\u00e8tes de Special Olympics Monaco ont \u00e9t\u00e9 re\u00e7us \u00e0 la R\u00e9sidence du Ministre d\u2019Etat\" \/>\n<meta name=\"robots\" content=\"index, follow, max-snippet:-1, max-image-preview:large, max-video-preview:-1\" \/>\n<link rel=\"canonical\" href=\"https:\/\/montecarloliving.com\/fr\/actualite\/les-athletes-de-special-olympics-monaco-ont-ete-recus-residence-du-ministre-detat-21044\/\" \/>\n<meta property=\"og:locale\" content=\"fr_FR\" \/>\n<meta property=\"og:title\" content=\"Les Athl\u00e8tes de Special Olympics Monaco ont \u00e9t\u00e9 re\u00e7us \u00e0 la R\u00e9sidence du Ministre d\u2019Etat\" \/>\n<meta property=\"og:description\" content=\"De retour des Jeux mondiaux d\u2019Hiver de Turin, les athl\u00e8tes de Special Olympics Monaco, accompagn\u00e9s de leurs entra\u00eeneurs ont \u00e9t\u00e9 re\u00e7us ce mercredi \u00e0 la Les Athl\u00e8tes de Special Olympics Monaco ont \u00e9t\u00e9 re\u00e7us \u00e0 la R\u00e9sidence du Ministre d\u2019Etat\" \/>\n<meta property=\"og:url\" content=\"https:\/\/montecarloliving.com\/fr\/actualite\/les-athletes-de-special-olympics-monaco-ont-ete-recus-residence-du-ministre-detat-21044\/\" \/>\n<meta property=\"og:site_name\" content=\"Montecarlo Living\" \/>\n<meta property=\"article:publisher\" content=\"https:\/\/www.facebook.com\/montecarlolivingcom\/\" \/>\n<meta property=\"article:published_time\" content=\"2025-04-21T07:11:21+00:00\" \/>\n<meta property=\"og:image\" content=\"https:\/\/montecarloliving.com\/wp-content\/uploads\/2025\/04\/Reception-Special-Olympics-\u00a9-Stephane-Danna-Direction-de-la-Communication-650x400.jpg\" \/>\n\t<meta property=\"og:image:width\" content=\"650\" \/>\n\t<meta property=\"og:image:height\" content=\"400\" \/>\n\t<meta property=\"og:image:type\" content=\"image\/jpeg\" \/>\n<meta name=\"author\" content=\"Redazione\" \/>\n<meta name=\"twitter:card\" content=\"summary_large_image\" \/>\n<meta name=\"twitter:creator\" content=\"@MonteCarloLivi\" \/>\n<meta name=\"twitter:site\" content=\"@MonteCarloLivi\" \/>\n<meta name=\"twitter:label1\" content=\"\u00c9crit par\" \/>\n\t<meta name=\"twitter:data1\" content=\"Redazione\" \/>\n\t<meta name=\"twitter:label2\" content=\"Dur\u00e9e de lecture estim\u00e9e\" \/>\n\t<meta name=\"twitter:data2\" content=\"2 minutes\" \/>\n<script type=\"application\/ld+json\" class=\"yoast-schema-graph\">{\"@context\":\"https:\\\/\\\/schema.org\",\"@graph\":[{\"@type\":\"Article\",\"@id\":\"https:\\\/\\\/montecarloliving.com\\\/fr\\\/actualite\\\/les-athletes-de-special-olympics-monaco-ont-ete-recus-residence-du-ministre-detat-21044\\\/#article\",\"isPartOf\":{\"@id\":\"https:\\\/\\\/montecarloliving.com\\\/fr\\\/actualite\\\/les-athletes-de-special-olympics-monaco-ont-ete-recus-residence-du-ministre-detat-21044\\\/\"},\"author\":{\"name\":\"Redazione\",\"@id\":\"https:\\\/\\\/montecarloliving.com\\\/fr\\\/#\\\/schema\\\/person\\\/7e5945d4560862b7f2d2c6831bda2819\"},\"headline\":\"Les Athl\u00e8tes de Special Olympics Monaco ont \u00e9t\u00e9 re\u00e7us \u00e0 la R\u00e9sidence du Ministre d\u2019Etat\",\"datePublished\":\"2025-04-21T07:11:21+00:00\",\"mainEntityOfPage\":{\"@id\":\"https:\\\/\\\/montecarloliving.com\\\/fr\\\/actualite\\\/les-athletes-de-special-olympics-monaco-ont-ete-recus-residence-du-ministre-detat-21044\\\/\"},\"wordCount\":259,\"image\":{\"@id\":\"https:\\\/\\\/montecarloliving.com\\\/fr\\\/actualite\\\/les-athletes-de-special-olympics-monaco-ont-ete-recus-residence-du-ministre-detat-21044\\\/#primaryimage\"},\"thumbnailUrl\":\"https:\\\/\\\/montecarloliving.com\\\/wp-content\\\/uploads\\\/2025\\\/04\\\/Reception-Special-Olympics-\u00a9-Stephane-Danna-Direction-de-la-Communication.jpg\",\"articleSection\":[\"Actualit\u00e9\",\"Actualit\u00e9 \u00e0 Monaco\",\"Monaco\",\"Sport \u00e0 Monaco\"],\"inLanguage\":\"fr-FR\"},{\"@type\":\"WebPage\",\"@id\":\"https:\\\/\\\/montecarloliving.com\\\/fr\\\/actualite\\\/les-athletes-de-special-olympics-monaco-ont-ete-recus-residence-du-ministre-detat-21044\\\/\",\"url\":\"https:\\\/\\\/montecarloliving.com\\\/fr\\\/actualite\\\/les-athletes-de-special-olympics-monaco-ont-ete-recus-residence-du-ministre-detat-21044\\\/\",\"name\":\"Les Athl\u00e8tes de Special Olympics Monaco ont \u00e9t\u00e9 re\u00e7us \u00e0 la R\u00e9sidence du Ministre d\u2019Etat\",\"isPartOf\":{\"@id\":\"https:\\\/\\\/montecarloliving.com\\\/fr\\\/#website\"},\"primaryImageOfPage\":{\"@id\":\"https:\\\/\\\/montecarloliving.com\\\/fr\\\/actualite\\\/les-athletes-de-special-olympics-monaco-ont-ete-recus-residence-du-ministre-detat-21044\\\/#primaryimage\"},\"image\":{\"@id\":\"https:\\\/\\\/montecarloliving.com\\\/fr\\\/actualite\\\/les-athletes-de-special-olympics-monaco-ont-ete-recus-residence-du-ministre-detat-21044\\\/#primaryimage\"},\"thumbnailUrl\":\"https:\\\/\\\/montecarloliving.com\\\/wp-content\\\/uploads\\\/2025\\\/04\\\/Reception-Special-Olympics-\u00a9-Stephane-Danna-Direction-de-la-Communication.jpg\",\"datePublished\":\"2025-04-21T07:11:21+00:00\",\"author\":{\"@id\":\"https:\\\/\\\/montecarloliving.com\\\/fr\\\/#\\\/schema\\\/person\\\/7e5945d4560862b7f2d2c6831bda2819\"},\"description\":\"De retour des Jeux mondiaux d\u2019Hiver de Turin, les athl\u00e8tes de Special Olympics Monaco, accompagn\u00e9s de leurs entra\u00eeneurs ont \u00e9t\u00e9 re\u00e7us ce mercredi \u00e0 la Les Athl\u00e8tes de Special Olympics Monaco ont \u00e9t\u00e9 re\u00e7us \u00e0 la R\u00e9sidence du Ministre d\u2019Etat\",\"breadcrumb\":{\"@id\":\"https:\\\/\\\/montecarloliving.com\\\/fr\\\/actualite\\\/les-athletes-de-special-olympics-monaco-ont-ete-recus-residence-du-ministre-detat-21044\\\/#breadcrumb\"},\"inLanguage\":\"fr-FR\",\"potentialAction\":[{\"@type\":\"ReadAction\",\"target\":[\"https:\\\/\\\/montecarloliving.com\\\/fr\\\/actualite\\\/les-athletes-de-special-olympics-monaco-ont-ete-recus-residence-du-ministre-detat-21044\\\/\"]}]},{\"@type\":\"ImageObject\",\"inLanguage\":\"fr-FR\",\"@id\":\"https:\\\/\\\/montecarloliving.com\\\/fr\\\/actualite\\\/les-athletes-de-special-olympics-monaco-ont-ete-recus-residence-du-ministre-detat-21044\\\/#primaryimage\",\"url\":\"https:\\\/\\\/montecarloliving.com\\\/wp-content\\\/uploads\\\/2025\\\/04\\\/Reception-Special-Olympics-\u00a9-Stephane-Danna-Direction-de-la-Communication.jpg\",\"contentUrl\":\"https:\\\/\\\/montecarloliving.com\\\/wp-content\\\/uploads\\\/2025\\\/04\\\/Reception-Special-Olympics-\u00a9-Stephane-Danna-Direction-de-la-Communication.jpg\",\"width\":1871,\"height\":1247},{\"@type\":\"BreadcrumbList\",\"@id\":\"https:\\\/\\\/montecarloliving.com\\\/fr\\\/actualite\\\/les-athletes-de-special-olympics-monaco-ont-ete-recus-residence-du-ministre-detat-21044\\\/#breadcrumb\",\"itemListElement\":[{\"@type\":\"ListItem\",\"position\":1,\"name\":\"Home\",\"item\":\"https:\\\/\\\/montecarloliving.com\\\/fr\\\/\"},{\"@type\":\"ListItem\",\"position\":2,\"name\":\"Les Athl\u00e8tes de Special Olympics Monaco ont \u00e9t\u00e9 re\u00e7us \u00e0 la R\u00e9sidence du Ministre d\u2019Etat\"}]},{\"@type\":\"WebSite\",\"@id\":\"https:\\\/\\\/montecarloliving.com\\\/fr\\\/#website\",\"url\":\"https:\\\/\\\/montecarloliving.com\\\/fr\\\/\",\"name\":\"Montecarlo Living\",\"description\":\"News da Montecarlo - Principato di Monaco e Costa Azzurra\",\"potentialAction\":[{\"@type\":\"SearchAction\",\"target\":{\"@type\":\"EntryPoint\",\"urlTemplate\":\"https:\\\/\\\/montecarloliving.com\\\/fr\\\/?s={search_term_string}\"},\"query-input\":{\"@type\":\"PropertyValueSpecification\",\"valueRequired\":true,\"valueName\":\"search_term_string\"}}],\"inLanguage\":\"fr-FR\"},{\"@type\":\"Person\",\"@id\":\"https:\\\/\\\/montecarloliving.com\\\/fr\\\/#\\\/schema\\\/person\\\/7e5945d4560862b7f2d2c6831bda2819\",\"name\":\"Redazione\",\"image\":{\"@type\":\"ImageObject\",\"inLanguage\":\"fr-FR\",\"@id\":\"https:\\\/\\\/secure.gravatar.com\\\/avatar\\\/8b5f26557e18fe74ad8e8a57ebb2925d88af8a90cee489ff2beefb391bc9b9c7?s=96&d=mm&r=g\",\"url\":\"https:\\\/\\\/secure.gravatar.com\\\/avatar\\\/8b5f26557e18fe74ad8e8a57ebb2925d88af8a90cee489ff2beefb391bc9b9c7?s=96&d=mm&r=g\",\"contentUrl\":\"https:\\\/\\\/secure.gravatar.com\\\/avatar\\\/8b5f26557e18fe74ad8e8a57ebb2925d88af8a90cee489ff2beefb391bc9b9c7?s=96&d=mm&r=g\",\"caption\":\"Redazione\"}}]}<\/script>\n<!-- \/ Yoast SEO plugin. -->","yoast_head_json":{"title":"Les Athl\u00e8tes de Special Olympics Monaco ont \u00e9t\u00e9 re\u00e7us \u00e0 la R\u00e9sidence du Ministre d\u2019Etat","description":"De retour des Jeux mondiaux d\u2019Hiver de Turin, les athl\u00e8tes de Special Olympics Monaco, accompagn\u00e9s de leurs entra\u00eeneurs ont \u00e9t\u00e9 re\u00e7us ce mercredi \u00e0 la Les Athl\u00e8tes de Special Olympics Monaco ont \u00e9t\u00e9 re\u00e7us \u00e0 la R\u00e9sidence du Ministre d\u2019Etat","robots":{"index":"index","follow":"follow","max-snippet":"max-snippet:-1","max-image-preview":"max-image-preview:large","max-video-preview":"max-video-preview:-1"},"canonical":"https:\/\/montecarloliving.com\/fr\/actualite\/les-athletes-de-special-olympics-monaco-ont-ete-recus-residence-du-ministre-detat-21044\/","og_locale":"fr_FR","og_title":"Les Athl\u00e8tes de Special Olympics Monaco ont \u00e9t\u00e9 re\u00e7us \u00e0 la R\u00e9sidence du Ministre d\u2019Etat","og_description":"De retour des Jeux mondiaux d\u2019Hiver de Turin, les athl\u00e8tes de Special Olympics Monaco, accompagn\u00e9s de leurs entra\u00eeneurs ont \u00e9t\u00e9 re\u00e7us ce mercredi \u00e0 la Les Athl\u00e8tes de Special Olympics Monaco ont \u00e9t\u00e9 re\u00e7us \u00e0 la R\u00e9sidence du Ministre d\u2019Etat","og_url":"https:\/\/montecarloliving.com\/fr\/actualite\/les-athletes-de-special-olympics-monaco-ont-ete-recus-residence-du-ministre-detat-21044\/","og_site_name":"Montecarlo Living","article_publisher":"https:\/\/www.facebook.com\/montecarlolivingcom\/","article_published_time":"2025-04-21T07:11:21+00:00","og_image":[{"width":650,"height":400,"url":"https:\/\/montecarloliving.com\/wp-content\/uploads\/2025\/04\/Reception-Special-Olympics-\u00a9-Stephane-Danna-Direction-de-la-Communication-650x400.jpg","type":"image\/jpeg"}],"author":"Redazione","twitter_card":"summary_large_image","twitter_creator":"@MonteCarloLivi","twitter_site":"@MonteCarloLivi","twitter_misc":{"\u00c9crit par":"Redazione","Dur\u00e9e de lecture estim\u00e9e":"2 minutes"},"schema":{"@context":"https:\/\/schema.org","@graph":[{"@type":"Article","@id":"https:\/\/montecarloliving.com\/fr\/actualite\/les-athletes-de-special-olympics-monaco-ont-ete-recus-residence-du-ministre-detat-21044\/#article","isPartOf":{"@id":"https:\/\/montecarloliving.com\/fr\/actualite\/les-athletes-de-special-olympics-monaco-ont-ete-recus-residence-du-ministre-detat-21044\/"},"author":{"name":"Redazione","@id":"https:\/\/montecarloliving.com\/fr\/#\/schema\/person\/7e5945d4560862b7f2d2c6831bda2819"},"headline":"Les Athl\u00e8tes de Special Olympics Monaco ont \u00e9t\u00e9 re\u00e7us \u00e0 la R\u00e9sidence du Ministre d\u2019Etat","datePublished":"2025-04-21T07:11:21+00:00","mainEntityOfPage":{"@id":"https:\/\/montecarloliving.com\/fr\/actualite\/les-athletes-de-special-olympics-monaco-ont-ete-recus-residence-du-ministre-detat-21044\/"},"wordCount":259,"image":{"@id":"https:\/\/montecarloliving.com\/fr\/actualite\/les-athletes-de-special-olympics-monaco-ont-ete-recus-residence-du-ministre-detat-21044\/#primaryimage"},"thumbnailUrl":"https:\/\/montecarloliving.com\/wp-content\/uploads\/2025\/04\/Reception-Special-Olympics-\u00a9-Stephane-Danna-Direction-de-la-Communication.jpg","articleSection":["Actualit\u00e9","Actualit\u00e9 \u00e0 Monaco","Monaco","Sport \u00e0 Monaco"],"inLanguage":"fr-FR"},{"@type":"WebPage","@id":"https:\/\/montecarloliving.com\/fr\/actualite\/les-athletes-de-special-olympics-monaco-ont-ete-recus-residence-du-ministre-detat-21044\/","url":"https:\/\/montecarloliving.com\/fr\/actualite\/les-athletes-de-special-olympics-monaco-ont-ete-recus-residence-du-ministre-detat-21044\/","name":"Les Athl\u00e8tes de Special Olympics Monaco ont \u00e9t\u00e9 re\u00e7us \u00e0 la R\u00e9sidence du Ministre d\u2019Etat","isPartOf":{"@id":"https:\/\/montecarloliving.com\/fr\/#website"},"primaryImageOfPage":{"@id":"https:\/\/montecarloliving.com\/fr\/actualite\/les-athletes-de-special-olympics-monaco-ont-ete-recus-residence-du-ministre-detat-21044\/#primaryimage"},"image":{"@id":"https:\/\/montecarloliving.com\/fr\/actualite\/les-athletes-de-special-olympics-monaco-ont-ete-recus-residence-du-ministre-detat-21044\/#primaryimage"},"thumbnailUrl":"https:\/\/montecarloliving.com\/wp-content\/uploads\/2025\/04\/Reception-Special-Olympics-\u00a9-Stephane-Danna-Direction-de-la-Communication.jpg","datePublished":"2025-04-21T07:11:21+00:00","author":{"@id":"https:\/\/montecarloliving.com\/fr\/#\/schema\/person\/7e5945d4560862b7f2d2c6831bda2819"},"description":"De retour des Jeux mondiaux d\u2019Hiver de Turin, les athl\u00e8tes de Special Olympics Monaco, accompagn\u00e9s de leurs entra\u00eeneurs ont \u00e9t\u00e9 re\u00e7us ce mercredi \u00e0 la Les Athl\u00e8tes de Special Olympics Monaco ont \u00e9t\u00e9 re\u00e7us \u00e0 la R\u00e9sidence du Ministre d\u2019Etat","breadcrumb":{"@id":"https:\/\/montecarloliving.com\/fr\/actualite\/les-athletes-de-special-olympics-monaco-ont-ete-recus-residence-du-ministre-detat-21044\/#breadcrumb"},"inLanguage":"fr-FR","potentialAction":[{"@type":"ReadAction","target":["https:\/\/montecarloliving.com\/fr\/actualite\/les-athletes-de-special-olympics-monaco-ont-ete-recus-residence-du-ministre-detat-21044\/"]}]},{"@type":"ImageObject","inLanguage":"fr-FR","@id":"https:\/\/montecarloliving.com\/fr\/actualite\/les-athletes-de-special-olympics-monaco-ont-ete-recus-residence-du-ministre-detat-21044\/#primaryimage","url":"https:\/\/montecarloliving.com\/wp-content\/uploads\/2025\/04\/Reception-Special-Olympics-\u00a9-Stephane-Danna-Direction-de-la-Communication.jpg","contentUrl":"https:\/\/montecarloliving.com\/wp-content\/uploads\/2025\/04\/Reception-Special-Olympics-\u00a9-Stephane-Danna-Direction-de-la-Communication.jpg","width":1871,"height":1247},{"@type":"BreadcrumbList","@id":"https:\/\/montecarloliving.com\/fr\/actualite\/les-athletes-de-special-olympics-monaco-ont-ete-recus-residence-du-ministre-detat-21044\/#breadcrumb","itemListElement":[{"@type":"ListItem","position":1,"name":"Home","item":"https:\/\/montecarloliving.com\/fr\/"},{"@type":"ListItem","position":2,"name":"Les Athl\u00e8tes de Special Olympics Monaco ont \u00e9t\u00e9 re\u00e7us \u00e0 la R\u00e9sidence du Ministre d\u2019Etat"}]},{"@type":"WebSite","@id":"https:\/\/montecarloliving.com\/fr\/#website","url":"https:\/\/montecarloliving.com\/fr\/","name":"Montecarlo Living","description":"News da Montecarlo - Principato di Monaco e Costa Azzurra","potentialAction":[{"@type":"SearchAction","target":{"@type":"EntryPoint","urlTemplate":"https:\/\/montecarloliving.com\/fr\/?s={search_term_string}"},"query-input":{"@type":"PropertyValueSpecification","valueRequired":true,"valueName":"search_term_string"}}],"inLanguage":"fr-FR"},{"@type":"Person","@id":"https:\/\/montecarloliving.com\/fr\/#\/schema\/person\/7e5945d4560862b7f2d2c6831bda2819","name":"Redazione","image":{"@type":"ImageObject","inLanguage":"fr-FR","@id":"https:\/\/secure.gravatar.com\/avatar\/8b5f26557e18fe74ad8e8a57ebb2925d88af8a90cee489ff2beefb391bc9b9c7?s=96&d=mm&r=g","url":"https:\/\/secure.gravatar.com\/avatar\/8b5f26557e18fe74ad8e8a57ebb2925d88af8a90cee489ff2beefb391bc9b9c7?s=96&d=mm&r=g","contentUrl":"https:\/\/secure.gravatar.com\/avatar\/8b5f26557e18fe74ad8e8a57ebb2925d88af8a90cee489ff2beefb391bc9b9c7?s=96&d=mm&r=g","caption":"Redazione"}}]}},"_links":{"self":[{"href":"https:\/\/montecarloliving.com\/fr\/wp-json\/wp\/v2\/posts\/21044","targetHints":{"allow":["GET"]}}],"collection":[{"href":"https:\/\/montecarloliving.com\/fr\/wp-json\/wp\/v2\/posts"}],"about":[{"href":"https:\/\/montecarloliving.com\/fr\/wp-json\/wp\/v2\/types\/post"}],"author":[{"embeddable":true,"href":"https:\/\/montecarloliving.com\/fr\/wp-json\/wp\/v2\/users\/1"}],"replies":[{"embeddable":true,"href":"https:\/\/montecarloliving.com\/fr\/wp-json\/wp\/v2\/comments?post=21044"}],"version-history":[{"count":1,"href":"https:\/\/montecarloliving.com\/fr\/wp-json\/wp\/v2\/posts\/21044\/revisions"}],"predecessor-version":[{"id":21048,"href":"https:\/\/montecarloliving.com\/fr\/wp-json\/wp\/v2\/posts\/21044\/revisions\/21048"}],"wp:featuredmedia":[{"embeddable":true,"href":"https:\/\/montecarloliving.com\/fr\/wp-json\/wp\/v2\/media\/21045"}],"wp:attachment":[{"href":"https:\/\/montecarloliving.com\/fr\/wp-json\/wp\/v2\/media?parent=21044"}],"wp:term":[{"taxonomy":"category","embeddable":true,"href":"https:\/\/montecarloliving.com\/fr\/wp-json\/wp\/v2\/categories?post=21044"},{"taxonomy":"post_tag","embeddable":true,"href":"https:\/\/montecarloliving.com\/fr\/wp-json\/wp\/v2\/tags?post=21044"}],"curies":[{"name":"wp","href":"https:\/\/api.w.org\/{rel}","templated":true}]}}