{"id":20986,"date":"2025-04-16T09:36:29","date_gmt":"2025-04-16T07:36:29","guid":{"rendered":"https:\/\/montecarloliving.com\/?p=20986"},"modified":"2025-04-16T09:46:51","modified_gmt":"2025-04-16T07:46:51","slug":"nice-ville-dart-ciel-ouvert-street-art-investit-lespace-urbain","status":"publish","type":"post","link":"https:\/\/montecarloliving.com\/fr\/nice-fr\/nice-ville-dart-ciel-ouvert-street-art-investit-lespace-urbain-20986\/","title":{"rendered":"Nice, ville d\u2019art \u00e0 ciel ouvert : la street art investit l\u2019espace urbain"},"content":{"rendered":"<p class=\"\" data-start=\"2553\" data-end=\"2784\">\u00c0 Nice, l\u2019art ne reste pas enferm\u00e9 dans les mus\u00e9es \u2014 il s\u2019exprime en plein air. La ville s\u2019est engag\u00e9e dans une d\u00e9marche audacieuse : rendre l\u2019art accessible \u00e0 tous en transformant l\u2019espace public en une immense toile d\u2019expression.<\/p>\n<p class=\"\" data-start=\"2786\" data-end=\"3154\">Des artistes de talent tels qu\u2019Artmor, Jen Miller, Brian Caddy, Otom, Faben, C\u00e9sar Malfi ou encore Eric Garence ont contribu\u00e9 \u00e0 colorer les murs de la ville, redonnant vie et personnalit\u00e9 \u00e0 de nombreux coins oubli\u00e9s. D\u2019ouest en est, de la Place Mass\u00e9na \u00e0 Malauss\u00e9na, en passant par Jean M\u00e9decin jusqu\u2019aux Puces du Port, la street art s\u2019invite dans le quotidien urbain.<\/p>\n<p class=\"\" data-start=\"3156\" data-end=\"3186\"><strong data-start=\"3156\" data-end=\"3186\">Le c\u0153ur cr\u00e9atif : \u201cLe 109\u201d<\/strong><\/p>\n<p class=\"\" data-start=\"3188\" data-end=\"3539\">V\u00e9ritable moteur de ce mouvement artistique, \u201cLe 109\u201d \u2014 si\u00e8ge de l\u2019association Whole Street \u2014 est un centre de cr\u00e9ation d\u00e9di\u00e9 \u00e0 l\u2019art urbain. Il accueille r\u00e9sidences, expositions et collaborations, comme celle men\u00e9e en 2022 avec l\u2019artiste parisien Speedy Graphito. Le 109 est un lieu vivant, un point de rencontre entre artistes, habitants et curieux.<\/p>\n<p class=\"\" data-start=\"3541\" data-end=\"3599\"><strong data-start=\"3541\" data-end=\"3599\">Des murs qui parlent : des projets dans toute la ville<\/strong><\/p>\n<p class=\"\" data-start=\"3601\" data-end=\"3710\">De nombreux murs ont \u00e9t\u00e9 mis \u00e0 disposition pour accueillir des \u0153uvres \u00e9ph\u00e9m\u00e8res ou p\u00e9rennes, parmi lesquels :<\/p>\n<ul data-start=\"3712\" data-end=\"4003\">\n<li class=\"\" data-start=\"3712\" data-end=\"3792\">\n<p class=\"\" data-start=\"3714\" data-end=\"3792\">Une fresque r\u00e9alis\u00e9e par le collectif Whole Street sur le Boulevard Verany ;<\/p>\n<\/li>\n<li class=\"\" data-start=\"3793\" data-end=\"3872\">\n<p class=\"\" data-start=\"3795\" data-end=\"3872\">Un projet collaboratif sur l\u2019Avenue du XV\u00e8me Corps r\u00e9unissant 11 artistes ;<\/p>\n<\/li>\n<li class=\"\" data-start=\"3873\" data-end=\"4003\">\n<p class=\"\" data-start=\"3875\" data-end=\"4003\">Une \u0153uvre participative dans le quartier Las Planas, sur le terrain de basket d\u2019Animanice, co-cr\u00e9\u00e9e avec les jeunes du quartier.<\/p>\n<\/li>\n<\/ul>\n<p class=\"\" data-start=\"4005\" data-end=\"4261\">La photographie trouve \u00e9galement sa place dans l\u2019art urbain ni\u00e7ois : un mur situ\u00e9 Avenue D\u00e9sambrois est d\u00e9di\u00e9 \u00e0 des installations en grand format. Cette ann\u00e9e, il s\u2019est par\u00e9 de couleurs oc\u00e9aniques gr\u00e2ce aux \u0153uvres de Greg Lecoeur et Jean-Fran\u00e7ois Maccario.<\/p>\n<p class=\"\" data-start=\"4263\" data-end=\"4310\"><strong data-start=\"4263\" data-end=\"4310\">Une carte artistique en constante \u00e9volution<\/strong><\/p>\n<p class=\"\" data-start=\"4312\" data-end=\"4652\">Pour valoriser ce patrimoine cr\u00e9atif, la ville a mis en ligne une page d\u00e9di\u00e9e sur son site internet. Les visiteurs peuvent y d\u00e9couvrir les artistes, suivre les projets en cours, et proposer de nouvelles id\u00e9es via un formulaire de candidature. Une adresse mail permet aussi d\u2019ouvrir le dialogue entre la ville et les passionn\u00e9s d\u2019art urbain.<\/p>\n<p class=\"\" data-start=\"4654\" data-end=\"4693\"><strong data-start=\"4654\" data-end=\"4693\">La street art aussi sur les r\u00e9seaux<\/strong><\/p>\n<p class=\"\" data-start=\"4695\" data-end=\"4924\">L\u2019art de rue ni\u00e7ois se vit aussi en ligne, gr\u00e2ce aux pages officielles sur Facebook et Instagram. On y retrouve des images, des \u00e9v\u00e9nements et des coulisses cr\u00e9atives pour faire rayonner cet art vivant aupr\u00e8s du plus grand nombre.<\/p>\n<div id=\"attachment_20979\" style=\"width: 780px\" class=\"wp-caption alignleft\"><img loading=\"lazy\" decoding=\"async\" aria-describedby=\"caption-attachment-20979\" class=\"size-full wp-image-20979\" src=\"https:\/\/montecarloliving.com\/wp-content\/uploads\/2025\/04\/Street_art_a_Nizza__2___Copy_.jpg\" alt=\"\" width=\"770\" height=\"403\" srcset=\"https:\/\/montecarloliving.com\/wp-content\/uploads\/2025\/04\/Street_art_a_Nizza__2___Copy_.jpg 770w, https:\/\/montecarloliving.com\/wp-content\/uploads\/2025\/04\/Street_art_a_Nizza__2___Copy_-300x157.jpg 300w, https:\/\/montecarloliving.com\/wp-content\/uploads\/2025\/04\/Street_art_a_Nizza__2___Copy_-768x402.jpg 768w\" sizes=\"auto, (max-width: 770px) 100vw, 770px\" \/><p id=\"caption-attachment-20979\" class=\"wp-caption-text\">CREATOR: gd-jpeg v1.0 (using IJG JPEG v80), default quality<\/p><\/div>\n<div id=\"attachment_20976\" style=\"width: 780px\" class=\"wp-caption alignleft\"><img loading=\"lazy\" decoding=\"async\" aria-describedby=\"caption-attachment-20976\" class=\"size-full wp-image-20976\" src=\"https:\/\/montecarloliving.com\/wp-content\/uploads\/2025\/04\/Street_art_a_Nizza__3___Copy_.jpg\" alt=\"\" width=\"770\" height=\"403\" srcset=\"https:\/\/montecarloliving.com\/wp-content\/uploads\/2025\/04\/Street_art_a_Nizza__3___Copy_.jpg 770w, https:\/\/montecarloliving.com\/wp-content\/uploads\/2025\/04\/Street_art_a_Nizza__3___Copy_-300x157.jpg 300w, https:\/\/montecarloliving.com\/wp-content\/uploads\/2025\/04\/Street_art_a_Nizza__3___Copy_-768x402.jpg 768w\" sizes=\"auto, (max-width: 770px) 100vw, 770px\" \/><p id=\"caption-attachment-20976\" class=\"wp-caption-text\">CREATOR: gd-jpeg v1.0 (using IJG JPEG v80), default quality<\/p><\/div>\n<div id=\"attachment_20970\" style=\"width: 780px\" class=\"wp-caption alignleft\"><img loading=\"lazy\" decoding=\"async\" aria-describedby=\"caption-attachment-20970\" class=\"size-full wp-image-20970\" src=\"https:\/\/montecarloliving.com\/wp-content\/uploads\/2025\/04\/Street_art_a_Nizza__5___Copy_.jpg\" alt=\"\" width=\"770\" height=\"403\" srcset=\"https:\/\/montecarloliving.com\/wp-content\/uploads\/2025\/04\/Street_art_a_Nizza__5___Copy_.jpg 770w, https:\/\/montecarloliving.com\/wp-content\/uploads\/2025\/04\/Street_art_a_Nizza__5___Copy_-300x157.jpg 300w, https:\/\/montecarloliving.com\/wp-content\/uploads\/2025\/04\/Street_art_a_Nizza__5___Copy_-768x402.jpg 768w\" sizes=\"auto, (max-width: 770px) 100vw, 770px\" \/><p id=\"caption-attachment-20970\" class=\"wp-caption-text\">CREATOR: gd-jpeg v1.0 (using IJG JPEG v80), default quality<\/p><\/div>\n<div id=\"attachment_20967\" style=\"width: 810px\" class=\"wp-caption alignleft\"><img loading=\"lazy\" decoding=\"async\" aria-describedby=\"caption-attachment-20967\" class=\"size-full wp-image-20967\" src=\"https:\/\/montecarloliving.com\/wp-content\/uploads\/2025\/04\/Street_art_a_Nizza__6___Copy_.jpg\" alt=\"\" width=\"800\" height=\"419\" srcset=\"https:\/\/montecarloliving.com\/wp-content\/uploads\/2025\/04\/Street_art_a_Nizza__6___Copy_.jpg 800w, https:\/\/montecarloliving.com\/wp-content\/uploads\/2025\/04\/Street_art_a_Nizza__6___Copy_-300x157.jpg 300w, https:\/\/montecarloliving.com\/wp-content\/uploads\/2025\/04\/Street_art_a_Nizza__6___Copy_-768x402.jpg 768w\" sizes=\"auto, (max-width: 800px) 100vw, 800px\" \/><p id=\"caption-attachment-20967\" class=\"wp-caption-text\">CREATOR: gd-jpeg v1.0 (using IJG JPEG v80), default quality<\/p><\/div>\n<div id=\"attachment_20964\" style=\"width: 780px\" class=\"wp-caption alignleft\"><img loading=\"lazy\" decoding=\"async\" aria-describedby=\"caption-attachment-20964\" class=\"size-full wp-image-20964\" src=\"https:\/\/montecarloliving.com\/wp-content\/uploads\/2025\/04\/Street_art_a_Nizza__7___Copy_.jpg\" alt=\"\" width=\"770\" height=\"403\" srcset=\"https:\/\/montecarloliving.com\/wp-content\/uploads\/2025\/04\/Street_art_a_Nizza__7___Copy_.jpg 770w, https:\/\/montecarloliving.com\/wp-content\/uploads\/2025\/04\/Street_art_a_Nizza__7___Copy_-300x157.jpg 300w, https:\/\/montecarloliving.com\/wp-content\/uploads\/2025\/04\/Street_art_a_Nizza__7___Copy_-768x402.jpg 768w\" sizes=\"auto, (max-width: 770px) 100vw, 770px\" \/><p id=\"caption-attachment-20964\" class=\"wp-caption-text\">CREATOR: gd-jpeg v1.0 (using IJG JPEG v80), default quality<\/p><\/div>\n<p class=\"\" data-start=\"4695\" data-end=\"4924\"><img loading=\"lazy\" decoding=\"async\" class=\"alignleft size-full wp-image-20960\" src=\"https:\/\/montecarloliving.com\/wp-content\/uploads\/2025\/04\/Street_art_a_Nizza__8___Copy_.jpg\" alt=\"\" width=\"770\" height=\"403\" srcset=\"https:\/\/montecarloliving.com\/wp-content\/uploads\/2025\/04\/Street_art_a_Nizza__8___Copy_.jpg 770w, https:\/\/montecarloliving.com\/wp-content\/uploads\/2025\/04\/Street_art_a_Nizza__8___Copy_-300x157.jpg 300w, https:\/\/montecarloliving.com\/wp-content\/uploads\/2025\/04\/Street_art_a_Nizza__8___Copy_-768x402.jpg 768w\" sizes=\"auto, (max-width: 770px) 100vw, 770px\" \/><\/p>\n<div id=\"attachment_20957\" style=\"width: 780px\" class=\"wp-caption alignleft\"><img loading=\"lazy\" decoding=\"async\" aria-describedby=\"caption-attachment-20957\" class=\"size-full wp-image-20957\" src=\"https:\/\/montecarloliving.com\/wp-content\/uploads\/2025\/04\/Street_art_a_Nizza__9___Copy_.jpg\" alt=\"\" width=\"770\" height=\"403\" srcset=\"https:\/\/montecarloliving.com\/wp-content\/uploads\/2025\/04\/Street_art_a_Nizza__9___Copy_.jpg 770w, https:\/\/montecarloliving.com\/wp-content\/uploads\/2025\/04\/Street_art_a_Nizza__9___Copy_-300x157.jpg 300w, https:\/\/montecarloliving.com\/wp-content\/uploads\/2025\/04\/Street_art_a_Nizza__9___Copy_-768x402.jpg 768w\" sizes=\"auto, (max-width: 770px) 100vw, 770px\" \/><p id=\"caption-attachment-20957\" class=\"wp-caption-text\">CREATOR: gd-jpeg v1.0 (using IJG JPEG v80), default quality<\/p><\/div>\n<div id=\"attachment_20954\" style=\"width: 810px\" class=\"wp-caption alignleft\"><img loading=\"lazy\" decoding=\"async\" aria-describedby=\"caption-attachment-20954\" class=\"size-full wp-image-20954\" src=\"https:\/\/montecarloliving.com\/wp-content\/uploads\/2025\/04\/Street_art_a_Nizza__1___Copy_.jpg\" alt=\"\" width=\"800\" height=\"419\" srcset=\"https:\/\/montecarloliving.com\/wp-content\/uploads\/2025\/04\/Street_art_a_Nizza__1___Copy_.jpg 800w, https:\/\/montecarloliving.com\/wp-content\/uploads\/2025\/04\/Street_art_a_Nizza__1___Copy_-300x157.jpg 300w, https:\/\/montecarloliving.com\/wp-content\/uploads\/2025\/04\/Street_art_a_Nizza__1___Copy_-768x402.jpg 768w\" sizes=\"auto, (max-width: 800px) 100vw, 800px\" \/><p id=\"caption-attachment-20954\" class=\"wp-caption-text\">CREATOR: gd-jpeg v1.0 (using IJG JPEG v80), default quality<\/p><\/div>\n","protected":false},"excerpt":{"rendered":"<p>\u00c0 Nice, l\u2019art ne reste pas enferm\u00e9 dans les mus\u00e9es \u2014 il s\u2019exprime en plein air. La ville s\u2019est engag\u00e9e dans une d\u00e9marche audacieuse : rendre l\u2019art accessible \u00e0 tous en transformant l\u2019espace public en une immense toile d\u2019expression. Des artistes de talent tels [&hellip;]<\/p>\n","protected":false},"author":1,"featured_media":20983,"comment_status":"closed","ping_status":"closed","sticky":false,"template":"","format":"standard","meta":{"footnotes":""},"categories":[868],"tags":[],"class_list":["post-20986","post","type-post","status-publish","format-standard","has-post-thumbnail","hentry","category-nice-fr"],"yoast_head":"<!-- This site is optimized with the Yoast SEO plugin v27.4 - https:\/\/yoast.com\/product\/yoast-seo-wordpress\/ -->\n<title>Nice, ville d\u2019art \u00e0 ciel ouvert : la street art investit l\u2019espace urbain<\/title>\n<meta name=\"description\" content=\"\u00c0 Nice, l\u2019art ne reste pas enferm\u00e9 dans les mus\u00e9es \u2014 il s\u2019exprime en plein air. La ville s\u2019est engag\u00e9e dans une d\u00e9marche audacieuse : rendre l\u2019art O\u00f9 voir la street art \u00e0 Nice\" \/>\n<meta name=\"robots\" content=\"index, follow, max-snippet:-1, max-image-preview:large, max-video-preview:-1\" \/>\n<link rel=\"canonical\" href=\"https:\/\/montecarloliving.com\/fr\/nice-fr\/nice-ville-dart-ciel-ouvert-street-art-investit-lespace-urbain-20986\/\" \/>\n<meta property=\"og:locale\" content=\"fr_FR\" \/>\n<meta property=\"og:title\" content=\"Nice, ville d\u2019art \u00e0 ciel ouvert : la street art investit l\u2019espace urbain\" \/>\n<meta property=\"og:description\" content=\"\u00c0 Nice, l\u2019art ne reste pas enferm\u00e9 dans les mus\u00e9es \u2014 il s\u2019exprime en plein air. La ville s\u2019est engag\u00e9e dans une d\u00e9marche audacieuse : rendre l\u2019art O\u00f9 voir la street art \u00e0 Nice\" \/>\n<meta property=\"og:url\" content=\"https:\/\/montecarloliving.com\/fr\/nice-fr\/nice-ville-dart-ciel-ouvert-street-art-investit-lespace-urbain-20986\/\" \/>\n<meta property=\"og:site_name\" content=\"Montecarlo Living\" \/>\n<meta property=\"article:publisher\" content=\"https:\/\/www.facebook.com\/montecarlolivingcom\/\" \/>\n<meta property=\"article:published_time\" content=\"2025-04-16T07:36:29+00:00\" \/>\n<meta property=\"article:modified_time\" content=\"2025-04-16T07:46:51+00:00\" \/>\n<meta property=\"og:image\" content=\"https:\/\/montecarloliving.com\/wp-content\/uploads\/2025\/04\/@FB-OTOM-2048x897-1-650x400.jpg\" \/>\n\t<meta property=\"og:image:width\" content=\"650\" \/>\n\t<meta property=\"og:image:height\" content=\"400\" \/>\n\t<meta property=\"og:image:type\" content=\"image\/jpeg\" \/>\n<meta name=\"author\" content=\"Redazione\" \/>\n<meta name=\"twitter:card\" content=\"summary_large_image\" \/>\n<meta name=\"twitter:creator\" content=\"@MonteCarloLivi\" \/>\n<meta name=\"twitter:site\" content=\"@MonteCarloLivi\" \/>\n<meta name=\"twitter:label1\" content=\"\u00c9crit par\" \/>\n\t<meta name=\"twitter:data1\" content=\"Redazione\" \/>\n\t<meta name=\"twitter:label2\" content=\"Dur\u00e9e de lecture estim\u00e9e\" \/>\n\t<meta name=\"twitter:data2\" content=\"5 minutes\" \/>\n<script type=\"application\/ld+json\" class=\"yoast-schema-graph\">{\"@context\":\"https:\\\/\\\/schema.org\",\"@graph\":[{\"@type\":\"Article\",\"@id\":\"https:\\\/\\\/montecarloliving.com\\\/fr\\\/nice-fr\\\/nice-ville-dart-ciel-ouvert-street-art-investit-lespace-urbain-20986\\\/#article\",\"isPartOf\":{\"@id\":\"https:\\\/\\\/montecarloliving.com\\\/fr\\\/nice-fr\\\/nice-ville-dart-ciel-ouvert-street-art-investit-lespace-urbain-20986\\\/\"},\"author\":{\"name\":\"Redazione\",\"@id\":\"https:\\\/\\\/montecarloliving.com\\\/fr\\\/#\\\/schema\\\/person\\\/7e5945d4560862b7f2d2c6831bda2819\"},\"headline\":\"Nice, ville d\u2019art \u00e0 ciel ouvert : la street art investit l\u2019espace urbain\",\"datePublished\":\"2025-04-16T07:36:29+00:00\",\"dateModified\":\"2025-04-16T07:46:51+00:00\",\"mainEntityOfPage\":{\"@id\":\"https:\\\/\\\/montecarloliving.com\\\/fr\\\/nice-fr\\\/nice-ville-dart-ciel-ouvert-street-art-investit-lespace-urbain-20986\\\/\"},\"wordCount\":550,\"image\":{\"@id\":\"https:\\\/\\\/montecarloliving.com\\\/fr\\\/nice-fr\\\/nice-ville-dart-ciel-ouvert-street-art-investit-lespace-urbain-20986\\\/#primaryimage\"},\"thumbnailUrl\":\"https:\\\/\\\/montecarloliving.com\\\/wp-content\\\/uploads\\\/2025\\\/04\\\/@FB-OTOM-2048x897-1.jpg\",\"articleSection\":[\"Nice\"],\"inLanguage\":\"fr-FR\"},{\"@type\":\"WebPage\",\"@id\":\"https:\\\/\\\/montecarloliving.com\\\/fr\\\/nice-fr\\\/nice-ville-dart-ciel-ouvert-street-art-investit-lespace-urbain-20986\\\/\",\"url\":\"https:\\\/\\\/montecarloliving.com\\\/fr\\\/nice-fr\\\/nice-ville-dart-ciel-ouvert-street-art-investit-lespace-urbain-20986\\\/\",\"name\":\"Nice, ville d\u2019art \u00e0 ciel ouvert : la street art investit l\u2019espace urbain\",\"isPartOf\":{\"@id\":\"https:\\\/\\\/montecarloliving.com\\\/fr\\\/#website\"},\"primaryImageOfPage\":{\"@id\":\"https:\\\/\\\/montecarloliving.com\\\/fr\\\/nice-fr\\\/nice-ville-dart-ciel-ouvert-street-art-investit-lespace-urbain-20986\\\/#primaryimage\"},\"image\":{\"@id\":\"https:\\\/\\\/montecarloliving.com\\\/fr\\\/nice-fr\\\/nice-ville-dart-ciel-ouvert-street-art-investit-lespace-urbain-20986\\\/#primaryimage\"},\"thumbnailUrl\":\"https:\\\/\\\/montecarloliving.com\\\/wp-content\\\/uploads\\\/2025\\\/04\\\/@FB-OTOM-2048x897-1.jpg\",\"datePublished\":\"2025-04-16T07:36:29+00:00\",\"dateModified\":\"2025-04-16T07:46:51+00:00\",\"author\":{\"@id\":\"https:\\\/\\\/montecarloliving.com\\\/fr\\\/#\\\/schema\\\/person\\\/7e5945d4560862b7f2d2c6831bda2819\"},\"description\":\"\u00c0 Nice, l\u2019art ne reste pas enferm\u00e9 dans les mus\u00e9es \u2014 il s\u2019exprime en plein air. La ville s\u2019est engag\u00e9e dans une d\u00e9marche audacieuse : rendre l\u2019art O\u00f9 voir la street art \u00e0 Nice\",\"breadcrumb\":{\"@id\":\"https:\\\/\\\/montecarloliving.com\\\/fr\\\/nice-fr\\\/nice-ville-dart-ciel-ouvert-street-art-investit-lespace-urbain-20986\\\/#breadcrumb\"},\"inLanguage\":\"fr-FR\",\"potentialAction\":[{\"@type\":\"ReadAction\",\"target\":[\"https:\\\/\\\/montecarloliving.com\\\/fr\\\/nice-fr\\\/nice-ville-dart-ciel-ouvert-street-art-investit-lespace-urbain-20986\\\/\"]}]},{\"@type\":\"ImageObject\",\"inLanguage\":\"fr-FR\",\"@id\":\"https:\\\/\\\/montecarloliving.com\\\/fr\\\/nice-fr\\\/nice-ville-dart-ciel-ouvert-street-art-investit-lespace-urbain-20986\\\/#primaryimage\",\"url\":\"https:\\\/\\\/montecarloliving.com\\\/wp-content\\\/uploads\\\/2025\\\/04\\\/@FB-OTOM-2048x897-1.jpg\",\"contentUrl\":\"https:\\\/\\\/montecarloliving.com\\\/wp-content\\\/uploads\\\/2025\\\/04\\\/@FB-OTOM-2048x897-1.jpg\",\"width\":2048,\"height\":897},{\"@type\":\"BreadcrumbList\",\"@id\":\"https:\\\/\\\/montecarloliving.com\\\/fr\\\/nice-fr\\\/nice-ville-dart-ciel-ouvert-street-art-investit-lespace-urbain-20986\\\/#breadcrumb\",\"itemListElement\":[{\"@type\":\"ListItem\",\"position\":1,\"name\":\"Home\",\"item\":\"https:\\\/\\\/montecarloliving.com\\\/fr\\\/\"},{\"@type\":\"ListItem\",\"position\":2,\"name\":\"Nice, ville d\u2019art \u00e0 ciel ouvert : la street art investit l\u2019espace urbain\"}]},{\"@type\":\"WebSite\",\"@id\":\"https:\\\/\\\/montecarloliving.com\\\/fr\\\/#website\",\"url\":\"https:\\\/\\\/montecarloliving.com\\\/fr\\\/\",\"name\":\"Montecarlo Living\",\"description\":\"News da Montecarlo - Principato di Monaco e Costa Azzurra\",\"potentialAction\":[{\"@type\":\"SearchAction\",\"target\":{\"@type\":\"EntryPoint\",\"urlTemplate\":\"https:\\\/\\\/montecarloliving.com\\\/fr\\\/?s={search_term_string}\"},\"query-input\":{\"@type\":\"PropertyValueSpecification\",\"valueRequired\":true,\"valueName\":\"search_term_string\"}}],\"inLanguage\":\"fr-FR\"},{\"@type\":\"Person\",\"@id\":\"https:\\\/\\\/montecarloliving.com\\\/fr\\\/#\\\/schema\\\/person\\\/7e5945d4560862b7f2d2c6831bda2819\",\"name\":\"Redazione\",\"image\":{\"@type\":\"ImageObject\",\"inLanguage\":\"fr-FR\",\"@id\":\"https:\\\/\\\/secure.gravatar.com\\\/avatar\\\/8b5f26557e18fe74ad8e8a57ebb2925d88af8a90cee489ff2beefb391bc9b9c7?s=96&d=mm&r=g\",\"url\":\"https:\\\/\\\/secure.gravatar.com\\\/avatar\\\/8b5f26557e18fe74ad8e8a57ebb2925d88af8a90cee489ff2beefb391bc9b9c7?s=96&d=mm&r=g\",\"contentUrl\":\"https:\\\/\\\/secure.gravatar.com\\\/avatar\\\/8b5f26557e18fe74ad8e8a57ebb2925d88af8a90cee489ff2beefb391bc9b9c7?s=96&d=mm&r=g\",\"caption\":\"Redazione\"}}]}<\/script>\n<!-- \/ Yoast SEO plugin. -->","yoast_head_json":{"title":"Nice, ville d\u2019art \u00e0 ciel ouvert : la street art investit l\u2019espace urbain","description":"\u00c0 Nice, l\u2019art ne reste pas enferm\u00e9 dans les mus\u00e9es \u2014 il s\u2019exprime en plein air. La ville s\u2019est engag\u00e9e dans une d\u00e9marche audacieuse : rendre l\u2019art O\u00f9 voir la street art \u00e0 Nice","robots":{"index":"index","follow":"follow","max-snippet":"max-snippet:-1","max-image-preview":"max-image-preview:large","max-video-preview":"max-video-preview:-1"},"canonical":"https:\/\/montecarloliving.com\/fr\/nice-fr\/nice-ville-dart-ciel-ouvert-street-art-investit-lespace-urbain-20986\/","og_locale":"fr_FR","og_title":"Nice, ville d\u2019art \u00e0 ciel ouvert : la street art investit l\u2019espace urbain","og_description":"\u00c0 Nice, l\u2019art ne reste pas enferm\u00e9 dans les mus\u00e9es \u2014 il s\u2019exprime en plein air. La ville s\u2019est engag\u00e9e dans une d\u00e9marche audacieuse : rendre l\u2019art O\u00f9 voir la street art \u00e0 Nice","og_url":"https:\/\/montecarloliving.com\/fr\/nice-fr\/nice-ville-dart-ciel-ouvert-street-art-investit-lespace-urbain-20986\/","og_site_name":"Montecarlo Living","article_publisher":"https:\/\/www.facebook.com\/montecarlolivingcom\/","article_published_time":"2025-04-16T07:36:29+00:00","article_modified_time":"2025-04-16T07:46:51+00:00","og_image":[{"width":650,"height":400,"url":"https:\/\/montecarloliving.com\/wp-content\/uploads\/2025\/04\/@FB-OTOM-2048x897-1-650x400.jpg","type":"image\/jpeg"}],"author":"Redazione","twitter_card":"summary_large_image","twitter_creator":"@MonteCarloLivi","twitter_site":"@MonteCarloLivi","twitter_misc":{"\u00c9crit par":"Redazione","Dur\u00e9e de lecture estim\u00e9e":"5 minutes"},"schema":{"@context":"https:\/\/schema.org","@graph":[{"@type":"Article","@id":"https:\/\/montecarloliving.com\/fr\/nice-fr\/nice-ville-dart-ciel-ouvert-street-art-investit-lespace-urbain-20986\/#article","isPartOf":{"@id":"https:\/\/montecarloliving.com\/fr\/nice-fr\/nice-ville-dart-ciel-ouvert-street-art-investit-lespace-urbain-20986\/"},"author":{"name":"Redazione","@id":"https:\/\/montecarloliving.com\/fr\/#\/schema\/person\/7e5945d4560862b7f2d2c6831bda2819"},"headline":"Nice, ville d\u2019art \u00e0 ciel ouvert : la street art investit l\u2019espace urbain","datePublished":"2025-04-16T07:36:29+00:00","dateModified":"2025-04-16T07:46:51+00:00","mainEntityOfPage":{"@id":"https:\/\/montecarloliving.com\/fr\/nice-fr\/nice-ville-dart-ciel-ouvert-street-art-investit-lespace-urbain-20986\/"},"wordCount":550,"image":{"@id":"https:\/\/montecarloliving.com\/fr\/nice-fr\/nice-ville-dart-ciel-ouvert-street-art-investit-lespace-urbain-20986\/#primaryimage"},"thumbnailUrl":"https:\/\/montecarloliving.com\/wp-content\/uploads\/2025\/04\/@FB-OTOM-2048x897-1.jpg","articleSection":["Nice"],"inLanguage":"fr-FR"},{"@type":"WebPage","@id":"https:\/\/montecarloliving.com\/fr\/nice-fr\/nice-ville-dart-ciel-ouvert-street-art-investit-lespace-urbain-20986\/","url":"https:\/\/montecarloliving.com\/fr\/nice-fr\/nice-ville-dart-ciel-ouvert-street-art-investit-lespace-urbain-20986\/","name":"Nice, ville d\u2019art \u00e0 ciel ouvert : la street art investit l\u2019espace urbain","isPartOf":{"@id":"https:\/\/montecarloliving.com\/fr\/#website"},"primaryImageOfPage":{"@id":"https:\/\/montecarloliving.com\/fr\/nice-fr\/nice-ville-dart-ciel-ouvert-street-art-investit-lespace-urbain-20986\/#primaryimage"},"image":{"@id":"https:\/\/montecarloliving.com\/fr\/nice-fr\/nice-ville-dart-ciel-ouvert-street-art-investit-lespace-urbain-20986\/#primaryimage"},"thumbnailUrl":"https:\/\/montecarloliving.com\/wp-content\/uploads\/2025\/04\/@FB-OTOM-2048x897-1.jpg","datePublished":"2025-04-16T07:36:29+00:00","dateModified":"2025-04-16T07:46:51+00:00","author":{"@id":"https:\/\/montecarloliving.com\/fr\/#\/schema\/person\/7e5945d4560862b7f2d2c6831bda2819"},"description":"\u00c0 Nice, l\u2019art ne reste pas enferm\u00e9 dans les mus\u00e9es \u2014 il s\u2019exprime en plein air. La ville s\u2019est engag\u00e9e dans une d\u00e9marche audacieuse : rendre l\u2019art O\u00f9 voir la street art \u00e0 Nice","breadcrumb":{"@id":"https:\/\/montecarloliving.com\/fr\/nice-fr\/nice-ville-dart-ciel-ouvert-street-art-investit-lespace-urbain-20986\/#breadcrumb"},"inLanguage":"fr-FR","potentialAction":[{"@type":"ReadAction","target":["https:\/\/montecarloliving.com\/fr\/nice-fr\/nice-ville-dart-ciel-ouvert-street-art-investit-lespace-urbain-20986\/"]}]},{"@type":"ImageObject","inLanguage":"fr-FR","@id":"https:\/\/montecarloliving.com\/fr\/nice-fr\/nice-ville-dart-ciel-ouvert-street-art-investit-lespace-urbain-20986\/#primaryimage","url":"https:\/\/montecarloliving.com\/wp-content\/uploads\/2025\/04\/@FB-OTOM-2048x897-1.jpg","contentUrl":"https:\/\/montecarloliving.com\/wp-content\/uploads\/2025\/04\/@FB-OTOM-2048x897-1.jpg","width":2048,"height":897},{"@type":"BreadcrumbList","@id":"https:\/\/montecarloliving.com\/fr\/nice-fr\/nice-ville-dart-ciel-ouvert-street-art-investit-lespace-urbain-20986\/#breadcrumb","itemListElement":[{"@type":"ListItem","position":1,"name":"Home","item":"https:\/\/montecarloliving.com\/fr\/"},{"@type":"ListItem","position":2,"name":"Nice, ville d\u2019art \u00e0 ciel ouvert : la street art investit l\u2019espace urbain"}]},{"@type":"WebSite","@id":"https:\/\/montecarloliving.com\/fr\/#website","url":"https:\/\/montecarloliving.com\/fr\/","name":"Montecarlo Living","description":"News da Montecarlo - Principato di Monaco e Costa Azzurra","potentialAction":[{"@type":"SearchAction","target":{"@type":"EntryPoint","urlTemplate":"https:\/\/montecarloliving.com\/fr\/?s={search_term_string}"},"query-input":{"@type":"PropertyValueSpecification","valueRequired":true,"valueName":"search_term_string"}}],"inLanguage":"fr-FR"},{"@type":"Person","@id":"https:\/\/montecarloliving.com\/fr\/#\/schema\/person\/7e5945d4560862b7f2d2c6831bda2819","name":"Redazione","image":{"@type":"ImageObject","inLanguage":"fr-FR","@id":"https:\/\/secure.gravatar.com\/avatar\/8b5f26557e18fe74ad8e8a57ebb2925d88af8a90cee489ff2beefb391bc9b9c7?s=96&d=mm&r=g","url":"https:\/\/secure.gravatar.com\/avatar\/8b5f26557e18fe74ad8e8a57ebb2925d88af8a90cee489ff2beefb391bc9b9c7?s=96&d=mm&r=g","contentUrl":"https:\/\/secure.gravatar.com\/avatar\/8b5f26557e18fe74ad8e8a57ebb2925d88af8a90cee489ff2beefb391bc9b9c7?s=96&d=mm&r=g","caption":"Redazione"}}]}},"_links":{"self":[{"href":"https:\/\/montecarloliving.com\/fr\/wp-json\/wp\/v2\/posts\/20986","targetHints":{"allow":["GET"]}}],"collection":[{"href":"https:\/\/montecarloliving.com\/fr\/wp-json\/wp\/v2\/posts"}],"about":[{"href":"https:\/\/montecarloliving.com\/fr\/wp-json\/wp\/v2\/types\/post"}],"author":[{"embeddable":true,"href":"https:\/\/montecarloliving.com\/fr\/wp-json\/wp\/v2\/users\/1"}],"replies":[{"embeddable":true,"href":"https:\/\/montecarloliving.com\/fr\/wp-json\/wp\/v2\/comments?post=20986"}],"version-history":[{"count":1,"href":"https:\/\/montecarloliving.com\/fr\/wp-json\/wp\/v2\/posts\/20986\/revisions"}],"predecessor-version":[{"id":20987,"href":"https:\/\/montecarloliving.com\/fr\/wp-json\/wp\/v2\/posts\/20986\/revisions\/20987"}],"wp:featuredmedia":[{"embeddable":true,"href":"https:\/\/montecarloliving.com\/fr\/wp-json\/wp\/v2\/media\/20983"}],"wp:attachment":[{"href":"https:\/\/montecarloliving.com\/fr\/wp-json\/wp\/v2\/media?parent=20986"}],"wp:term":[{"taxonomy":"category","embeddable":true,"href":"https:\/\/montecarloliving.com\/fr\/wp-json\/wp\/v2\/categories?post=20986"},{"taxonomy":"post_tag","embeddable":true,"href":"https:\/\/montecarloliving.com\/fr\/wp-json\/wp\/v2\/tags?post=20986"}],"curies":[{"name":"wp","href":"https:\/\/api.w.org\/{rel}","templated":true}]}}