{"id":20832,"date":"2025-04-14T10:11:24","date_gmt":"2025-04-14T08:11:24","guid":{"rendered":"https:\/\/montecarloliving.com\/?p=20832"},"modified":"2025-04-14T10:11:24","modified_gmt":"2025-04-14T08:11:24","slug":"linitiative-de-fondation-de-monaco-cite-internationale-universitaire-de-paris-celebre-journee-internationale-du-sport","status":"publish","type":"post","link":"https:\/\/montecarloliving.com\/fr\/actualite\/linitiative-de-fondation-de-monaco-cite-internationale-universitaire-de-paris-celebre-journee-internationale-du-sport-20832\/","title":{"rendered":"A l\u2019initiative de la Fondation de Monaco, la Cit\u00e9 internationale universitaire de Paris c\u00e9l\u00e8bre la Journ\u00e9e internationale du Sport"},"content":{"rendered":"<p>A l\u2019occasion du centenaire de la Cit\u00e9 internationale universitaire de Paris (CIUP), Mme Martine GARCIA-MASCARENHAS, Directeur de la Fondation de Monaco, et M. Bertrand REBOURS, Directeur du service des sports de la CIUP, ont mis \u00e0 l\u2019honneur les valeurs partag\u00e9es du sport pour la paix au cours d\u2019un \u00e9v\u00e9nement sp\u00e9cial du programme officiel.<\/p>\n<p>Le documentaire \u00ab La flamme de la paix \u00bb, r\u00e9alis\u00e9 par Monaco Info, a \u00e9t\u00e9 projet\u00e9 dans le salon Honnorat de la Maison internationale qui a accueilli 150 personnes (r\u00e9sidents, directeurs de maisons et de services de la Cit\u00e9, salari\u00e9s et personnalit\u00e9s du monde du sport) pour c\u00e9l\u00e9brer cette Journ\u00e9e avec le soutien de Peace and Sport. Cinq \u00ab Champions de la paix \u00bb, tous sportifs de haut-niveau \u2013 Marl\u00e8ne NIDECKER, Diana GANDEGA, Laurence FISCHER, Zakia KHUDADADI et Pascal GENTIL \u2013 \u00e9taient \u00e9galement pr\u00e9sents et ont d\u00e9livr\u00e9 un message puissant sur la force de leur engagement.<br \/>\nLes valeurs fondatrices de la Cit\u00e9 ont r\u00e9sonn\u00e9 avec celles du sport, \u00e0 l&rsquo;\u0153uvre sur le terrain du campus et sur celui des missions port\u00e9es par Peace and Sport dans le monde. Pour symboliser ces valeurs, Peace and Sport a remis une nouvelle distinction r\u00e9compensant l\u2019engagement en faveur du sport pour la paix d\u2019une brillante \u00e9tudiante, vice-pr\u00e9sidente du Bureau des r\u00e9sidents de la Cit\u00e9, Alix MEROLLE, qui quittera la Cit\u00e9 apr\u00e8s quatre ann\u00e9es riches d\u2019exp\u00e9riences et de rencontres.<\/p>\n<p>Enfin, la participation de l\u2019ensemble du public \u00e0 la campagne #WhiteCard de Peace and Sport, aux c\u00f4t\u00e9s notamment de M. Jean-Marc SAUVE, Pr\u00e9sident de la Cit\u00e9 internationale, M. Manuel DUR\u00c1N GIM\u00c9NEZ-RICO, Consul g\u00e9n\u00e9ral d\u2019Espagne et Mme Marian ROMERO, Copr\u00e9sidente du Paris Universit\u00e9 Club, a constitu\u00e9 un moment fort de cette journ\u00e9e.<\/p>\n","protected":false},"excerpt":{"rendered":"<p>A l\u2019occasion du centenaire de la Cit\u00e9 internationale universitaire de Paris (CIUP), Mme Martine GARCIA-MASCARENHAS, Directeur de la Fondation de Monaco, et M. Bertrand REBOURS, Directeur du service des sports de la CIUP, ont mis \u00e0 l\u2019honneur les valeurs partag\u00e9es du sport pour la [&hellip;]<\/p>\n","protected":false},"author":1,"featured_media":20833,"comment_status":"closed","ping_status":"closed","sticky":false,"template":"","format":"standard","meta":{"footnotes":""},"categories":[827,875,867],"tags":[],"class_list":["post-20832","post","type-post","status-publish","format-standard","has-post-thumbnail","hentry","category-actualite","category-actualite-monaco","category-monaco-fr"],"yoast_head":"<!-- This site is optimized with the Yoast SEO plugin v27.5 - https:\/\/yoast.com\/product\/yoast-seo-wordpress\/ -->\n<title>A l\u2019initiative de la Fondation de Monaco, la Cit\u00e9 internationale universitaire de Paris c\u00e9l\u00e8bre la Journ\u00e9e internationale du Sport<\/title>\n<meta name=\"description\" content=\"A l\u2019occasion du centenaire de la Cit\u00e9 internationale universitaire de Paris (CIUP), Mme Martine GARCIA-MASCARENHAS, Directeur de la Fondation de Monaco, A l\u2019initiative de la Fondation de Monaco, la Cit\u00e9 internationale universitaire de Paris c\u00e9l\u00e8bre la Journ\u00e9e internationale du Sport\" \/>\n<meta name=\"robots\" content=\"index, follow, max-snippet:-1, max-image-preview:large, max-video-preview:-1\" \/>\n<link rel=\"canonical\" href=\"https:\/\/montecarloliving.com\/fr\/actualite\/linitiative-de-fondation-de-monaco-cite-internationale-universitaire-de-paris-celebre-journee-internationale-du-sport-20832\/\" \/>\n<meta property=\"og:locale\" content=\"fr_FR\" \/>\n<meta property=\"og:title\" content=\"A l\u2019initiative de la Fondation de Monaco, la Cit\u00e9 internationale universitaire de Paris c\u00e9l\u00e8bre la Journ\u00e9e internationale du Sport\" \/>\n<meta property=\"og:description\" content=\"A l\u2019occasion du centenaire de la Cit\u00e9 internationale universitaire de Paris (CIUP), Mme Martine GARCIA-MASCARENHAS, Directeur de la Fondation de Monaco, A l\u2019initiative de la Fondation de Monaco, la Cit\u00e9 internationale universitaire de Paris c\u00e9l\u00e8bre la Journ\u00e9e internationale du Sport\" \/>\n<meta property=\"og:url\" content=\"https:\/\/montecarloliving.com\/fr\/actualite\/linitiative-de-fondation-de-monaco-cite-internationale-universitaire-de-paris-celebre-journee-internationale-du-sport-20832\/\" \/>\n<meta property=\"og:site_name\" content=\"Montecarlo Living\" \/>\n<meta property=\"article:publisher\" content=\"https:\/\/www.facebook.com\/montecarlolivingcom\/\" \/>\n<meta property=\"article:published_time\" content=\"2025-04-14T08:11:24+00:00\" \/>\n<meta property=\"og:image\" content=\"https:\/\/montecarloliving.com\/wp-content\/uploads\/2025\/04\/White-Card-Fondation-de-Monaco-\u00a9DR-650x400.jpg\" \/>\n\t<meta property=\"og:image:width\" content=\"650\" \/>\n\t<meta property=\"og:image:height\" content=\"400\" \/>\n\t<meta property=\"og:image:type\" content=\"image\/jpeg\" \/>\n<meta name=\"author\" content=\"Redazione\" \/>\n<meta name=\"twitter:card\" content=\"summary_large_image\" \/>\n<meta name=\"twitter:creator\" content=\"@MonteCarloLivi\" \/>\n<meta name=\"twitter:site\" content=\"@MonteCarloLivi\" \/>\n<meta name=\"twitter:label1\" content=\"\u00c9crit par\" \/>\n\t<meta name=\"twitter:data1\" content=\"Redazione\" \/>\n\t<meta name=\"twitter:label2\" content=\"Dur\u00e9e de lecture estim\u00e9e\" \/>\n\t<meta name=\"twitter:data2\" content=\"2 minutes\" \/>\n<script type=\"application\/ld+json\" class=\"yoast-schema-graph\">{\"@context\":\"https:\\\/\\\/schema.org\",\"@graph\":[{\"@type\":\"Article\",\"@id\":\"https:\\\/\\\/montecarloliving.com\\\/fr\\\/actualite\\\/linitiative-de-fondation-de-monaco-cite-internationale-universitaire-de-paris-celebre-journee-internationale-du-sport-20832\\\/#article\",\"isPartOf\":{\"@id\":\"https:\\\/\\\/montecarloliving.com\\\/fr\\\/actualite\\\/linitiative-de-fondation-de-monaco-cite-internationale-universitaire-de-paris-celebre-journee-internationale-du-sport-20832\\\/\"},\"author\":{\"name\":\"Redazione\",\"@id\":\"https:\\\/\\\/montecarloliving.com\\\/fr\\\/#\\\/schema\\\/person\\\/7e5945d4560862b7f2d2c6831bda2819\"},\"headline\":\"A l\u2019initiative de la Fondation de Monaco, la Cit\u00e9 internationale universitaire de Paris c\u00e9l\u00e8bre la Journ\u00e9e internationale du Sport\",\"datePublished\":\"2025-04-14T08:11:24+00:00\",\"mainEntityOfPage\":{\"@id\":\"https:\\\/\\\/montecarloliving.com\\\/fr\\\/actualite\\\/linitiative-de-fondation-de-monaco-cite-internationale-universitaire-de-paris-celebre-journee-internationale-du-sport-20832\\\/\"},\"wordCount\":330,\"image\":{\"@id\":\"https:\\\/\\\/montecarloliving.com\\\/fr\\\/actualite\\\/linitiative-de-fondation-de-monaco-cite-internationale-universitaire-de-paris-celebre-journee-internationale-du-sport-20832\\\/#primaryimage\"},\"thumbnailUrl\":\"https:\\\/\\\/montecarloliving.com\\\/wp-content\\\/uploads\\\/2025\\\/04\\\/White-Card-Fondation-de-Monaco-\u00a9DR.jpg\",\"articleSection\":[\"Actualit\u00e9\",\"Actualit\u00e9 \u00e0 Monaco\",\"Monaco\"],\"inLanguage\":\"fr-FR\"},{\"@type\":\"WebPage\",\"@id\":\"https:\\\/\\\/montecarloliving.com\\\/fr\\\/actualite\\\/linitiative-de-fondation-de-monaco-cite-internationale-universitaire-de-paris-celebre-journee-internationale-du-sport-20832\\\/\",\"url\":\"https:\\\/\\\/montecarloliving.com\\\/fr\\\/actualite\\\/linitiative-de-fondation-de-monaco-cite-internationale-universitaire-de-paris-celebre-journee-internationale-du-sport-20832\\\/\",\"name\":\"A l\u2019initiative de la Fondation de Monaco, la Cit\u00e9 internationale universitaire de Paris c\u00e9l\u00e8bre la Journ\u00e9e internationale du Sport\",\"isPartOf\":{\"@id\":\"https:\\\/\\\/montecarloliving.com\\\/fr\\\/#website\"},\"primaryImageOfPage\":{\"@id\":\"https:\\\/\\\/montecarloliving.com\\\/fr\\\/actualite\\\/linitiative-de-fondation-de-monaco-cite-internationale-universitaire-de-paris-celebre-journee-internationale-du-sport-20832\\\/#primaryimage\"},\"image\":{\"@id\":\"https:\\\/\\\/montecarloliving.com\\\/fr\\\/actualite\\\/linitiative-de-fondation-de-monaco-cite-internationale-universitaire-de-paris-celebre-journee-internationale-du-sport-20832\\\/#primaryimage\"},\"thumbnailUrl\":\"https:\\\/\\\/montecarloliving.com\\\/wp-content\\\/uploads\\\/2025\\\/04\\\/White-Card-Fondation-de-Monaco-\u00a9DR.jpg\",\"datePublished\":\"2025-04-14T08:11:24+00:00\",\"author\":{\"@id\":\"https:\\\/\\\/montecarloliving.com\\\/fr\\\/#\\\/schema\\\/person\\\/7e5945d4560862b7f2d2c6831bda2819\"},\"description\":\"A l\u2019occasion du centenaire de la Cit\u00e9 internationale universitaire de Paris (CIUP), Mme Martine GARCIA-MASCARENHAS, Directeur de la Fondation de Monaco, A l\u2019initiative de la Fondation de Monaco, la Cit\u00e9 internationale universitaire de Paris c\u00e9l\u00e8bre la Journ\u00e9e internationale du Sport\",\"breadcrumb\":{\"@id\":\"https:\\\/\\\/montecarloliving.com\\\/fr\\\/actualite\\\/linitiative-de-fondation-de-monaco-cite-internationale-universitaire-de-paris-celebre-journee-internationale-du-sport-20832\\\/#breadcrumb\"},\"inLanguage\":\"fr-FR\",\"potentialAction\":[{\"@type\":\"ReadAction\",\"target\":[\"https:\\\/\\\/montecarloliving.com\\\/fr\\\/actualite\\\/linitiative-de-fondation-de-monaco-cite-internationale-universitaire-de-paris-celebre-journee-internationale-du-sport-20832\\\/\"]}]},{\"@type\":\"ImageObject\",\"inLanguage\":\"fr-FR\",\"@id\":\"https:\\\/\\\/montecarloliving.com\\\/fr\\\/actualite\\\/linitiative-de-fondation-de-monaco-cite-internationale-universitaire-de-paris-celebre-journee-internationale-du-sport-20832\\\/#primaryimage\",\"url\":\"https:\\\/\\\/montecarloliving.com\\\/wp-content\\\/uploads\\\/2025\\\/04\\\/White-Card-Fondation-de-Monaco-\u00a9DR.jpg\",\"contentUrl\":\"https:\\\/\\\/montecarloliving.com\\\/wp-content\\\/uploads\\\/2025\\\/04\\\/White-Card-Fondation-de-Monaco-\u00a9DR.jpg\",\"width\":1285,\"height\":856,\"caption\":\"La flamme de la paix_Fondation De Monaco, Maison internationale de la Cit\u00e9 internationale universitaire de Paris Maison internationale de la Cit\u00e9 internationale universitaire de Paris Maison internationale de la Cit\u00e9 internationale universitaire de Paris Maison internationale de la Cit\u00e9 internationale universitaire de Paris Maison internationale de la Cit\u00e9 internationale universitaire de Paris, Maison International Cite Univercite de Paris, Avril 03 2025, All rights reserved\"},{\"@type\":\"BreadcrumbList\",\"@id\":\"https:\\\/\\\/montecarloliving.com\\\/fr\\\/actualite\\\/linitiative-de-fondation-de-monaco-cite-internationale-universitaire-de-paris-celebre-journee-internationale-du-sport-20832\\\/#breadcrumb\",\"itemListElement\":[{\"@type\":\"ListItem\",\"position\":1,\"name\":\"Home\",\"item\":\"https:\\\/\\\/montecarloliving.com\\\/fr\\\/\"},{\"@type\":\"ListItem\",\"position\":2,\"name\":\"A l\u2019initiative de la Fondation de Monaco, la Cit\u00e9 internationale universitaire de Paris c\u00e9l\u00e8bre la Journ\u00e9e internationale du Sport\"}]},{\"@type\":\"WebSite\",\"@id\":\"https:\\\/\\\/montecarloliving.com\\\/fr\\\/#website\",\"url\":\"https:\\\/\\\/montecarloliving.com\\\/fr\\\/\",\"name\":\"Montecarlo Living\",\"description\":\"News da Montecarlo - Principato di Monaco e Costa Azzurra\",\"potentialAction\":[{\"@type\":\"SearchAction\",\"target\":{\"@type\":\"EntryPoint\",\"urlTemplate\":\"https:\\\/\\\/montecarloliving.com\\\/fr\\\/?s={search_term_string}\"},\"query-input\":{\"@type\":\"PropertyValueSpecification\",\"valueRequired\":true,\"valueName\":\"search_term_string\"}}],\"inLanguage\":\"fr-FR\"},{\"@type\":\"Person\",\"@id\":\"https:\\\/\\\/montecarloliving.com\\\/fr\\\/#\\\/schema\\\/person\\\/7e5945d4560862b7f2d2c6831bda2819\",\"name\":\"Redazione\",\"image\":{\"@type\":\"ImageObject\",\"inLanguage\":\"fr-FR\",\"@id\":\"https:\\\/\\\/secure.gravatar.com\\\/avatar\\\/8b5f26557e18fe74ad8e8a57ebb2925d88af8a90cee489ff2beefb391bc9b9c7?s=96&d=mm&r=g\",\"url\":\"https:\\\/\\\/secure.gravatar.com\\\/avatar\\\/8b5f26557e18fe74ad8e8a57ebb2925d88af8a90cee489ff2beefb391bc9b9c7?s=96&d=mm&r=g\",\"contentUrl\":\"https:\\\/\\\/secure.gravatar.com\\\/avatar\\\/8b5f26557e18fe74ad8e8a57ebb2925d88af8a90cee489ff2beefb391bc9b9c7?s=96&d=mm&r=g\",\"caption\":\"Redazione\"}}]}<\/script>\n<!-- \/ Yoast SEO plugin. -->","yoast_head_json":{"title":"A l\u2019initiative de la Fondation de Monaco, la Cit\u00e9 internationale universitaire de Paris c\u00e9l\u00e8bre la Journ\u00e9e internationale du Sport","description":"A l\u2019occasion du centenaire de la Cit\u00e9 internationale universitaire de Paris (CIUP), Mme Martine GARCIA-MASCARENHAS, Directeur de la Fondation de Monaco, A l\u2019initiative de la Fondation de Monaco, la Cit\u00e9 internationale universitaire de Paris c\u00e9l\u00e8bre la Journ\u00e9e internationale du Sport","robots":{"index":"index","follow":"follow","max-snippet":"max-snippet:-1","max-image-preview":"max-image-preview:large","max-video-preview":"max-video-preview:-1"},"canonical":"https:\/\/montecarloliving.com\/fr\/actualite\/linitiative-de-fondation-de-monaco-cite-internationale-universitaire-de-paris-celebre-journee-internationale-du-sport-20832\/","og_locale":"fr_FR","og_title":"A l\u2019initiative de la Fondation de Monaco, la Cit\u00e9 internationale universitaire de Paris c\u00e9l\u00e8bre la Journ\u00e9e internationale du Sport","og_description":"A l\u2019occasion du centenaire de la Cit\u00e9 internationale universitaire de Paris (CIUP), Mme Martine GARCIA-MASCARENHAS, Directeur de la Fondation de Monaco, A l\u2019initiative de la Fondation de Monaco, la Cit\u00e9 internationale universitaire de Paris c\u00e9l\u00e8bre la Journ\u00e9e internationale du Sport","og_url":"https:\/\/montecarloliving.com\/fr\/actualite\/linitiative-de-fondation-de-monaco-cite-internationale-universitaire-de-paris-celebre-journee-internationale-du-sport-20832\/","og_site_name":"Montecarlo Living","article_publisher":"https:\/\/www.facebook.com\/montecarlolivingcom\/","article_published_time":"2025-04-14T08:11:24+00:00","og_image":[{"width":650,"height":400,"url":"https:\/\/montecarloliving.com\/wp-content\/uploads\/2025\/04\/White-Card-Fondation-de-Monaco-\u00a9DR-650x400.jpg","type":"image\/jpeg"}],"author":"Redazione","twitter_card":"summary_large_image","twitter_creator":"@MonteCarloLivi","twitter_site":"@MonteCarloLivi","twitter_misc":{"\u00c9crit par":"Redazione","Dur\u00e9e de lecture estim\u00e9e":"2 minutes"},"schema":{"@context":"https:\/\/schema.org","@graph":[{"@type":"Article","@id":"https:\/\/montecarloliving.com\/fr\/actualite\/linitiative-de-fondation-de-monaco-cite-internationale-universitaire-de-paris-celebre-journee-internationale-du-sport-20832\/#article","isPartOf":{"@id":"https:\/\/montecarloliving.com\/fr\/actualite\/linitiative-de-fondation-de-monaco-cite-internationale-universitaire-de-paris-celebre-journee-internationale-du-sport-20832\/"},"author":{"name":"Redazione","@id":"https:\/\/montecarloliving.com\/fr\/#\/schema\/person\/7e5945d4560862b7f2d2c6831bda2819"},"headline":"A l\u2019initiative de la Fondation de Monaco, la Cit\u00e9 internationale universitaire de Paris c\u00e9l\u00e8bre la Journ\u00e9e internationale du Sport","datePublished":"2025-04-14T08:11:24+00:00","mainEntityOfPage":{"@id":"https:\/\/montecarloliving.com\/fr\/actualite\/linitiative-de-fondation-de-monaco-cite-internationale-universitaire-de-paris-celebre-journee-internationale-du-sport-20832\/"},"wordCount":330,"image":{"@id":"https:\/\/montecarloliving.com\/fr\/actualite\/linitiative-de-fondation-de-monaco-cite-internationale-universitaire-de-paris-celebre-journee-internationale-du-sport-20832\/#primaryimage"},"thumbnailUrl":"https:\/\/montecarloliving.com\/wp-content\/uploads\/2025\/04\/White-Card-Fondation-de-Monaco-\u00a9DR.jpg","articleSection":["Actualit\u00e9","Actualit\u00e9 \u00e0 Monaco","Monaco"],"inLanguage":"fr-FR"},{"@type":"WebPage","@id":"https:\/\/montecarloliving.com\/fr\/actualite\/linitiative-de-fondation-de-monaco-cite-internationale-universitaire-de-paris-celebre-journee-internationale-du-sport-20832\/","url":"https:\/\/montecarloliving.com\/fr\/actualite\/linitiative-de-fondation-de-monaco-cite-internationale-universitaire-de-paris-celebre-journee-internationale-du-sport-20832\/","name":"A l\u2019initiative de la Fondation de Monaco, la Cit\u00e9 internationale universitaire de Paris c\u00e9l\u00e8bre la Journ\u00e9e internationale du Sport","isPartOf":{"@id":"https:\/\/montecarloliving.com\/fr\/#website"},"primaryImageOfPage":{"@id":"https:\/\/montecarloliving.com\/fr\/actualite\/linitiative-de-fondation-de-monaco-cite-internationale-universitaire-de-paris-celebre-journee-internationale-du-sport-20832\/#primaryimage"},"image":{"@id":"https:\/\/montecarloliving.com\/fr\/actualite\/linitiative-de-fondation-de-monaco-cite-internationale-universitaire-de-paris-celebre-journee-internationale-du-sport-20832\/#primaryimage"},"thumbnailUrl":"https:\/\/montecarloliving.com\/wp-content\/uploads\/2025\/04\/White-Card-Fondation-de-Monaco-\u00a9DR.jpg","datePublished":"2025-04-14T08:11:24+00:00","author":{"@id":"https:\/\/montecarloliving.com\/fr\/#\/schema\/person\/7e5945d4560862b7f2d2c6831bda2819"},"description":"A l\u2019occasion du centenaire de la Cit\u00e9 internationale universitaire de Paris (CIUP), Mme Martine GARCIA-MASCARENHAS, Directeur de la Fondation de Monaco, A l\u2019initiative de la Fondation de Monaco, la Cit\u00e9 internationale universitaire de Paris c\u00e9l\u00e8bre la Journ\u00e9e internationale du Sport","breadcrumb":{"@id":"https:\/\/montecarloliving.com\/fr\/actualite\/linitiative-de-fondation-de-monaco-cite-internationale-universitaire-de-paris-celebre-journee-internationale-du-sport-20832\/#breadcrumb"},"inLanguage":"fr-FR","potentialAction":[{"@type":"ReadAction","target":["https:\/\/montecarloliving.com\/fr\/actualite\/linitiative-de-fondation-de-monaco-cite-internationale-universitaire-de-paris-celebre-journee-internationale-du-sport-20832\/"]}]},{"@type":"ImageObject","inLanguage":"fr-FR","@id":"https:\/\/montecarloliving.com\/fr\/actualite\/linitiative-de-fondation-de-monaco-cite-internationale-universitaire-de-paris-celebre-journee-internationale-du-sport-20832\/#primaryimage","url":"https:\/\/montecarloliving.com\/wp-content\/uploads\/2025\/04\/White-Card-Fondation-de-Monaco-\u00a9DR.jpg","contentUrl":"https:\/\/montecarloliving.com\/wp-content\/uploads\/2025\/04\/White-Card-Fondation-de-Monaco-\u00a9DR.jpg","width":1285,"height":856,"caption":"La flamme de la paix_Fondation De Monaco, Maison internationale de la Cit\u00e9 internationale universitaire de Paris Maison internationale de la Cit\u00e9 internationale universitaire de Paris Maison internationale de la Cit\u00e9 internationale universitaire de Paris Maison internationale de la Cit\u00e9 internationale universitaire de Paris Maison internationale de la Cit\u00e9 internationale universitaire de Paris, Maison International Cite Univercite de Paris, Avril 03 2025, All rights reserved"},{"@type":"BreadcrumbList","@id":"https:\/\/montecarloliving.com\/fr\/actualite\/linitiative-de-fondation-de-monaco-cite-internationale-universitaire-de-paris-celebre-journee-internationale-du-sport-20832\/#breadcrumb","itemListElement":[{"@type":"ListItem","position":1,"name":"Home","item":"https:\/\/montecarloliving.com\/fr\/"},{"@type":"ListItem","position":2,"name":"A l\u2019initiative de la Fondation de Monaco, la Cit\u00e9 internationale universitaire de Paris c\u00e9l\u00e8bre la Journ\u00e9e internationale du Sport"}]},{"@type":"WebSite","@id":"https:\/\/montecarloliving.com\/fr\/#website","url":"https:\/\/montecarloliving.com\/fr\/","name":"Montecarlo Living","description":"News da Montecarlo - Principato di Monaco e Costa Azzurra","potentialAction":[{"@type":"SearchAction","target":{"@type":"EntryPoint","urlTemplate":"https:\/\/montecarloliving.com\/fr\/?s={search_term_string}"},"query-input":{"@type":"PropertyValueSpecification","valueRequired":true,"valueName":"search_term_string"}}],"inLanguage":"fr-FR"},{"@type":"Person","@id":"https:\/\/montecarloliving.com\/fr\/#\/schema\/person\/7e5945d4560862b7f2d2c6831bda2819","name":"Redazione","image":{"@type":"ImageObject","inLanguage":"fr-FR","@id":"https:\/\/secure.gravatar.com\/avatar\/8b5f26557e18fe74ad8e8a57ebb2925d88af8a90cee489ff2beefb391bc9b9c7?s=96&d=mm&r=g","url":"https:\/\/secure.gravatar.com\/avatar\/8b5f26557e18fe74ad8e8a57ebb2925d88af8a90cee489ff2beefb391bc9b9c7?s=96&d=mm&r=g","contentUrl":"https:\/\/secure.gravatar.com\/avatar\/8b5f26557e18fe74ad8e8a57ebb2925d88af8a90cee489ff2beefb391bc9b9c7?s=96&d=mm&r=g","caption":"Redazione"}}]}},"_links":{"self":[{"href":"https:\/\/montecarloliving.com\/fr\/wp-json\/wp\/v2\/posts\/20832","targetHints":{"allow":["GET"]}}],"collection":[{"href":"https:\/\/montecarloliving.com\/fr\/wp-json\/wp\/v2\/posts"}],"about":[{"href":"https:\/\/montecarloliving.com\/fr\/wp-json\/wp\/v2\/types\/post"}],"author":[{"embeddable":true,"href":"https:\/\/montecarloliving.com\/fr\/wp-json\/wp\/v2\/users\/1"}],"replies":[{"embeddable":true,"href":"https:\/\/montecarloliving.com\/fr\/wp-json\/wp\/v2\/comments?post=20832"}],"version-history":[{"count":1,"href":"https:\/\/montecarloliving.com\/fr\/wp-json\/wp\/v2\/posts\/20832\/revisions"}],"predecessor-version":[{"id":20836,"href":"https:\/\/montecarloliving.com\/fr\/wp-json\/wp\/v2\/posts\/20832\/revisions\/20836"}],"wp:featuredmedia":[{"embeddable":true,"href":"https:\/\/montecarloliving.com\/fr\/wp-json\/wp\/v2\/media\/20833"}],"wp:attachment":[{"href":"https:\/\/montecarloliving.com\/fr\/wp-json\/wp\/v2\/media?parent=20832"}],"wp:term":[{"taxonomy":"category","embeddable":true,"href":"https:\/\/montecarloliving.com\/fr\/wp-json\/wp\/v2\/categories?post=20832"},{"taxonomy":"post_tag","embeddable":true,"href":"https:\/\/montecarloliving.com\/fr\/wp-json\/wp\/v2\/tags?post=20832"}],"curies":[{"name":"wp","href":"https:\/\/api.w.org\/{rel}","templated":true}]}}