{"id":20784,"date":"2025-04-10T09:00:55","date_gmt":"2025-04-10T07:00:55","guid":{"rendered":"https:\/\/montecarloliving.com\/?p=20784"},"modified":"2025-04-09T11:27:54","modified_gmt":"2025-04-09T09:27:54","slug":"garden-club-de-monaco-presente-56e-edition-du-concours-international-de-bouquets-fleurs-en-mouvement","status":"publish","type":"post","link":"https:\/\/montecarloliving.com\/fr\/actualite\/garden-club-de-monaco-presente-56e-edition-du-concours-international-de-bouquets-fleurs-en-mouvement-20784\/","title":{"rendered":"Le Garden Club de Monaco pr\u00e9sente la 56e \u00e9dition du Concours International de Bouquets : \u00ab Fleurs en mouvement \u00bb"},"content":{"rendered":"<p class=\"\" data-start=\"2403\" data-end=\"2641\">Fond\u00e9 en 1968 par la Princesse Grace, le Garden Club de Monaco d\u00e9voile avec fiert\u00e9 la <strong data-start=\"2489\" data-end=\"2542\">56e \u00e9dition du Concours International de Bouquets<\/strong>, qui se tiendra les <strong data-start=\"2563\" data-end=\"2600\">samedi 10 et dimanche 11 mai 2025<\/strong> au prestigieux <strong data-start=\"2616\" data-end=\"2640\">Yacht Club de Monaco<\/strong>.<\/p>\n<p class=\"\" data-start=\"2643\" data-end=\"2852\">Plac\u00e9e sous le Haut Patronage de <strong data-start=\"2676\" data-end=\"2706\">S.A.S. le Prince Albert II<\/strong> et la Pr\u00e9sidence de <strong data-start=\"2727\" data-end=\"2761\">S.A.R. la Princesse de Hanovre<\/strong>, cette \u00e9dition met \u00e0 l\u2019honneur un th\u00e8me po\u00e9tique et vibrant : <strong data-start=\"2824\" data-end=\"2851\">\u00ab Fleurs en mouvement \u00bb<\/strong>.<\/p>\n<h4 class=\"\" data-start=\"2854\" data-end=\"2889\"><strong data-start=\"2859\" data-end=\"2889\">Cat\u00e9gories &amp; Participation<\/strong><\/h4>\n<p class=\"\" data-start=\"2891\" data-end=\"3105\">Le concours est ouvert \u00e0 tous \u2014 amateurs, professionnels, d\u00e9corateurs, enseignants \u2014 et propose <strong data-start=\"2987\" data-end=\"3006\">sept cat\u00e9gories<\/strong> en style libre. Seule exception : la cat\u00e9gorie \u00ab jeunes \u00bb, r\u00e9serv\u00e9e aux enfants de <strong data-start=\"3090\" data-end=\"3104\">6 \u00e0 14 ans<\/strong>.<\/p>\n<p class=\"\" data-start=\"3107\" data-end=\"3127\">Th\u00e8mes du concours :<\/p>\n<ol data-start=\"3128\" data-end=\"3491\">\n<li class=\"\" data-start=\"3128\" data-end=\"3186\">\n<p class=\"\" data-start=\"3131\" data-end=\"3186\"><strong data-start=\"3131\" data-end=\"3163\">Feux d\u2019artifice multicolores<\/strong> \u2013 Grande composition<\/p>\n<\/li>\n<li class=\"\" data-start=\"3187\" data-end=\"3235\">\n<p class=\"\" data-start=\"3190\" data-end=\"3235\"><strong data-start=\"3190\" data-end=\"3211\">Le Bal de la Rose<\/strong> \u2013 D\u00e9coration de table<\/p>\n<\/li>\n<li class=\"\" data-start=\"3236\" data-end=\"3282\">\n<p class=\"\" data-start=\"3239\" data-end=\"3282\"><strong data-start=\"3239\" data-end=\"3261\">Tourbillons pastel<\/strong> \u2013 Sur un pi\u00e9destal<\/p>\n<\/li>\n<li class=\"\" data-start=\"3283\" data-end=\"3327\">\n<p class=\"\" data-start=\"3286\" data-end=\"3327\"><strong data-start=\"3286\" data-end=\"3308\">Volutes en cama\u00efeu<\/strong> \u2013 Dans une niche<\/p>\n<\/li>\n<li class=\"\" data-start=\"3328\" data-end=\"3365\">\n<p class=\"\" data-start=\"3331\" data-end=\"3365\"><strong data-start=\"3331\" data-end=\"3357\">Coup de vent au jardin<\/strong> \u2013 Nid<\/p>\n<\/li>\n<li class=\"\" data-start=\"3366\" data-end=\"3426\">\n<p class=\"\" data-start=\"3369\" data-end=\"3426\"><strong data-start=\"3369\" data-end=\"3404\">Ronde de fleurs et de feuillage<\/strong> \u2013 D\u00e9coration murale<\/p>\n<\/li>\n<li class=\"\" data-start=\"3427\" data-end=\"3491\">\n<p class=\"\" data-start=\"3430\" data-end=\"3491\"><strong data-start=\"3430\" data-end=\"3472\">Farandole de fleurs, fruits et l\u00e9gumes<\/strong> \u2013 Cat\u00e9gorie jeunes<\/p>\n<\/li>\n<\/ol>\n<p class=\"\" data-start=\"3493\" data-end=\"3704\">\ud83d\udcdd <strong data-start=\"3496\" data-end=\"3553\">Les inscriptions sont ouvertes jusqu\u2019au 30 avril 2025<\/strong> sur le site officiel du Garden Club :<br data-start=\"3591\" data-end=\"3594\" \/><a class=\"\" href=\"https:\/\/www.gardenclubmonaco.com\/monaco-concours-bouquets\" target=\"_new\" rel=\"noopener\" data-start=\"3594\" data-end=\"3704\">www.gardenclubmonaco.com\/monaco-concours-bouquets<\/a><\/p>\n<h4 data-start=\"3706\" data-end=\"3727\"><img loading=\"lazy\" decoding=\"async\" class=\"size-full wp-image-20777 aligncenter\" src=\"https:\/\/montecarloliving.com\/wp-content\/uploads\/2025\/04\/C_9c24b5c1b0.jpg\" alt=\"\" width=\"340\" height=\"510\" srcset=\"https:\/\/montecarloliving.com\/wp-content\/uploads\/2025\/04\/C_9c24b5c1b0.jpg 340w, https:\/\/montecarloliving.com\/wp-content\/uploads\/2025\/04\/C_9c24b5c1b0-200x300.jpg 200w\" sizes=\"auto, (max-width: 340px) 100vw, 340px\" \/><\/h4>\n<h4 class=\"\" data-start=\"3706\" data-end=\"3727\"><strong data-start=\"3711\" data-end=\"3727\">Prix &amp; Jurys<\/strong><\/h4>\n<p class=\"\" data-start=\"3729\" data-end=\"3771\">Deux jurys attribueront les distinctions :<\/p>\n<ul data-start=\"3772\" data-end=\"4165\">\n<li class=\"\" data-start=\"3772\" data-end=\"3923\">\n<p class=\"\" data-start=\"3774\" data-end=\"3923\">Le <strong data-start=\"3777\" data-end=\"3793\">Jury Sp\u00e9cial<\/strong>, pr\u00e9sid\u00e9 par <strong data-start=\"3807\" data-end=\"3841\">S.A.R. la Princesse de Hanovre<\/strong>, remettra les <strong data-start=\"3856\" data-end=\"3873\">Prix Sp\u00e9ciaux<\/strong> selon une sensibilit\u00e9 artistique et litt\u00e9raire.<\/p>\n<\/li>\n<li class=\"\" data-start=\"3924\" data-end=\"4165\">\n<p class=\"\" data-start=\"3926\" data-end=\"4165\">Le <strong data-start=\"3929\" data-end=\"3946\">Jury Officiel<\/strong>, compos\u00e9 de juges, enseignants et auteurs internationaux sp\u00e9cialis\u00e9s dans l\u2019art floral, d\u00e9cernera les <strong data-start=\"4049\" data-end=\"4088\">M\u00e9dailles d\u2019Or, d\u2019Argent, de Bronze<\/strong>, le <strong data-start=\"4093\" data-end=\"4115\">Grand Prix G\u00e9n\u00e9ral<\/strong>, ainsi que le <strong data-start=\"4130\" data-end=\"4164\">Prix Princesse Grace de Monaco<\/strong>.<\/p>\n<\/li>\n<\/ul>\n<h4 class=\"\" data-start=\"4167\" data-end=\"4203\"><strong data-start=\"4172\" data-end=\"4203\">Conf\u00e9rences &amp; D\u00e9monstration<\/strong><\/h4>\n<p class=\"\" data-start=\"4205\" data-end=\"4374\">\ud83c\udfa4 Le <strong data-start=\"4211\" data-end=\"4230\">dimanche 11 mai<\/strong>, de <strong data-start=\"4235\" data-end=\"4248\">11h \u00e0 13h<\/strong>, des <strong data-start=\"4254\" data-end=\"4279\">conf\u00e9rences gratuites<\/strong> et ouvertes au public auront lieu, suivies d\u2019une <strong data-start=\"4329\" data-end=\"4354\">d\u00e9monstration florale<\/strong> de <strong data-start=\"4358\" data-end=\"4373\">15h \u00e0 16h30<\/strong>.<\/p>\n<h4 class=\"\" data-start=\"4376\" data-end=\"4404\"><strong data-start=\"4381\" data-end=\"4404\">Ouverture au public<\/strong><\/h4>\n<p class=\"\" data-start=\"4406\" data-end=\"4441\">\ud83d\udd58 L\u2019entr\u00e9e est libre et gratuite :<\/p>\n<ul data-start=\"4442\" data-end=\"4526\">\n<li class=\"\" data-start=\"4442\" data-end=\"4484\">\n<p class=\"\" data-start=\"4444\" data-end=\"4484\"><strong data-start=\"4444\" data-end=\"4461\">Samedi 10 mai<\/strong> : de <strong data-start=\"4467\" data-end=\"4482\">18h \u00e0 19h30<\/strong><\/p>\n<\/li>\n<li class=\"\" data-start=\"4485\" data-end=\"4526\">\n<p class=\"\" data-start=\"4487\" data-end=\"4526\"><strong data-start=\"4487\" data-end=\"4506\">Dimanche 11 mai<\/strong> : de <strong data-start=\"4512\" data-end=\"4526\">9h30 \u00e0 18h<\/strong><\/p>\n<\/li>\n<\/ul>\n<p class=\"\" data-start=\"4528\" data-end=\"4589\">Un rendez-vous unique, entre art, nature et \u00e9l\u00e9gance florale.<\/p>\n","protected":false},"excerpt":{"rendered":"<p>Fond\u00e9 en 1968 par la Princesse Grace, le Garden Club de Monaco d\u00e9voile avec fiert\u00e9 la 56e \u00e9dition du Concours International de Bouquets, qui se tiendra les samedi 10 et dimanche 11 mai 2025 au prestigieux Yacht Club de Monaco. Plac\u00e9e sous le Haut [&hellip;]<\/p>\n","protected":false},"author":1,"featured_media":20780,"comment_status":"closed","ping_status":"closed","sticky":false,"template":"","format":"standard","meta":{"footnotes":""},"categories":[827,828,867],"tags":[],"class_list":["post-20784","post","type-post","status-publish","format-standard","has-post-thumbnail","hentry","category-actualite","category-evenements","category-monaco-fr"],"yoast_head":"<!-- This site is optimized with the Yoast SEO plugin v27.4 - https:\/\/yoast.com\/product\/yoast-seo-wordpress\/ -->\n<title>Le Garden Club de Monaco pr\u00e9sente la 56e \u00e9dition du Concours International de Bouquets : \u00ab Fleurs en mouvement \u00bb<\/title>\n<meta name=\"description\" content=\"Fond\u00e9 en 1968 par la Princesse Grace, le Garden Club de Monaco d\u00e9voile avec fiert\u00e9 la 56e \u00e9dition du Concours International de Bouquets, qui se tiendra Le Garden Club de Monaco pr\u00e9sente la 56e \u00e9dition du Concours International de Bouquets : \u00ab Fleurs en mouvement \u00bb\" \/>\n<meta name=\"robots\" content=\"index, follow, max-snippet:-1, max-image-preview:large, max-video-preview:-1\" \/>\n<link rel=\"canonical\" href=\"https:\/\/montecarloliving.com\/fr\/actualite\/garden-club-de-monaco-presente-56e-edition-du-concours-international-de-bouquets-fleurs-en-mouvement-20784\/\" \/>\n<meta property=\"og:locale\" content=\"fr_FR\" \/>\n<meta property=\"og:title\" content=\"Le Garden Club de Monaco pr\u00e9sente la 56e \u00e9dition du Concours International de Bouquets : \u00ab Fleurs en mouvement \u00bb\" \/>\n<meta property=\"og:description\" content=\"Fond\u00e9 en 1968 par la Princesse Grace, le Garden Club de Monaco d\u00e9voile avec fiert\u00e9 la 56e \u00e9dition du Concours International de Bouquets, qui se tiendra Le Garden Club de Monaco pr\u00e9sente la 56e \u00e9dition du Concours International de Bouquets : \u00ab Fleurs en mouvement \u00bb\" \/>\n<meta property=\"og:url\" content=\"https:\/\/montecarloliving.com\/fr\/actualite\/garden-club-de-monaco-presente-56e-edition-du-concours-international-de-bouquets-fleurs-en-mouvement-20784\/\" \/>\n<meta property=\"og:site_name\" content=\"Montecarlo Living\" \/>\n<meta property=\"article:publisher\" content=\"https:\/\/www.facebook.com\/montecarlolivingcom\/\" \/>\n<meta property=\"article:published_time\" content=\"2025-04-10T07:00:55+00:00\" \/>\n<meta property=\"og:image\" content=\"https:\/\/montecarloliving.com\/wp-content\/uploads\/2025\/04\/R-54-650x400.jpg\" \/>\n\t<meta property=\"og:image:width\" content=\"650\" \/>\n\t<meta property=\"og:image:height\" content=\"400\" \/>\n\t<meta property=\"og:image:type\" content=\"image\/jpeg\" \/>\n<meta name=\"author\" content=\"Redazione\" \/>\n<meta name=\"twitter:card\" content=\"summary_large_image\" \/>\n<meta name=\"twitter:creator\" content=\"@MonteCarloLivi\" \/>\n<meta name=\"twitter:site\" content=\"@MonteCarloLivi\" \/>\n<meta name=\"twitter:label1\" content=\"\u00c9crit par\" \/>\n\t<meta name=\"twitter:data1\" content=\"Redazione\" \/>\n\t<meta name=\"twitter:label2\" content=\"Dur\u00e9e de lecture estim\u00e9e\" \/>\n\t<meta name=\"twitter:data2\" content=\"2 minutes\" \/>\n<script type=\"application\/ld+json\" class=\"yoast-schema-graph\">{\"@context\":\"https:\\\/\\\/schema.org\",\"@graph\":[{\"@type\":\"Article\",\"@id\":\"https:\\\/\\\/montecarloliving.com\\\/fr\\\/actualite\\\/garden-club-de-monaco-presente-56e-edition-du-concours-international-de-bouquets-fleurs-en-mouvement-20784\\\/#article\",\"isPartOf\":{\"@id\":\"https:\\\/\\\/montecarloliving.com\\\/fr\\\/actualite\\\/garden-club-de-monaco-presente-56e-edition-du-concours-international-de-bouquets-fleurs-en-mouvement-20784\\\/\"},\"author\":{\"name\":\"Redazione\",\"@id\":\"https:\\\/\\\/montecarloliving.com\\\/fr\\\/#\\\/schema\\\/person\\\/7e5945d4560862b7f2d2c6831bda2819\"},\"headline\":\"Le Garden Club de Monaco pr\u00e9sente la 56e \u00e9dition du Concours International de Bouquets : \u00ab Fleurs en mouvement \u00bb\",\"datePublished\":\"2025-04-10T07:00:55+00:00\",\"mainEntityOfPage\":{\"@id\":\"https:\\\/\\\/montecarloliving.com\\\/fr\\\/actualite\\\/garden-club-de-monaco-presente-56e-edition-du-concours-international-de-bouquets-fleurs-en-mouvement-20784\\\/\"},\"wordCount\":342,\"image\":{\"@id\":\"https:\\\/\\\/montecarloliving.com\\\/fr\\\/actualite\\\/garden-club-de-monaco-presente-56e-edition-du-concours-international-de-bouquets-fleurs-en-mouvement-20784\\\/#primaryimage\"},\"thumbnailUrl\":\"https:\\\/\\\/montecarloliving.com\\\/wp-content\\\/uploads\\\/2025\\\/04\\\/R-54.jpg\",\"articleSection\":[\"Actualit\u00e9\",\"\u00c9v\u00e9nements\",\"Monaco\"],\"inLanguage\":\"fr-FR\"},{\"@type\":\"WebPage\",\"@id\":\"https:\\\/\\\/montecarloliving.com\\\/fr\\\/actualite\\\/garden-club-de-monaco-presente-56e-edition-du-concours-international-de-bouquets-fleurs-en-mouvement-20784\\\/\",\"url\":\"https:\\\/\\\/montecarloliving.com\\\/fr\\\/actualite\\\/garden-club-de-monaco-presente-56e-edition-du-concours-international-de-bouquets-fleurs-en-mouvement-20784\\\/\",\"name\":\"Le Garden Club de Monaco pr\u00e9sente la 56e \u00e9dition du Concours International de Bouquets : \u00ab Fleurs en mouvement \u00bb\",\"isPartOf\":{\"@id\":\"https:\\\/\\\/montecarloliving.com\\\/fr\\\/#website\"},\"primaryImageOfPage\":{\"@id\":\"https:\\\/\\\/montecarloliving.com\\\/fr\\\/actualite\\\/garden-club-de-monaco-presente-56e-edition-du-concours-international-de-bouquets-fleurs-en-mouvement-20784\\\/#primaryimage\"},\"image\":{\"@id\":\"https:\\\/\\\/montecarloliving.com\\\/fr\\\/actualite\\\/garden-club-de-monaco-presente-56e-edition-du-concours-international-de-bouquets-fleurs-en-mouvement-20784\\\/#primaryimage\"},\"thumbnailUrl\":\"https:\\\/\\\/montecarloliving.com\\\/wp-content\\\/uploads\\\/2025\\\/04\\\/R-54.jpg\",\"datePublished\":\"2025-04-10T07:00:55+00:00\",\"author\":{\"@id\":\"https:\\\/\\\/montecarloliving.com\\\/fr\\\/#\\\/schema\\\/person\\\/7e5945d4560862b7f2d2c6831bda2819\"},\"description\":\"Fond\u00e9 en 1968 par la Princesse Grace, le Garden Club de Monaco d\u00e9voile avec fiert\u00e9 la 56e \u00e9dition du Concours International de Bouquets, qui se tiendra Le Garden Club de Monaco pr\u00e9sente la 56e \u00e9dition du Concours International de Bouquets : \u00ab Fleurs en mouvement \u00bb\",\"breadcrumb\":{\"@id\":\"https:\\\/\\\/montecarloliving.com\\\/fr\\\/actualite\\\/garden-club-de-monaco-presente-56e-edition-du-concours-international-de-bouquets-fleurs-en-mouvement-20784\\\/#breadcrumb\"},\"inLanguage\":\"fr-FR\",\"potentialAction\":[{\"@type\":\"ReadAction\",\"target\":[\"https:\\\/\\\/montecarloliving.com\\\/fr\\\/actualite\\\/garden-club-de-monaco-presente-56e-edition-du-concours-international-de-bouquets-fleurs-en-mouvement-20784\\\/\"]}]},{\"@type\":\"ImageObject\",\"inLanguage\":\"fr-FR\",\"@id\":\"https:\\\/\\\/montecarloliving.com\\\/fr\\\/actualite\\\/garden-club-de-monaco-presente-56e-edition-du-concours-international-de-bouquets-fleurs-en-mouvement-20784\\\/#primaryimage\",\"url\":\"https:\\\/\\\/montecarloliving.com\\\/wp-content\\\/uploads\\\/2025\\\/04\\\/R-54.jpg\",\"contentUrl\":\"https:\\\/\\\/montecarloliving.com\\\/wp-content\\\/uploads\\\/2025\\\/04\\\/R-54.jpg\",\"width\":2560,\"height\":1600},{\"@type\":\"BreadcrumbList\",\"@id\":\"https:\\\/\\\/montecarloliving.com\\\/fr\\\/actualite\\\/garden-club-de-monaco-presente-56e-edition-du-concours-international-de-bouquets-fleurs-en-mouvement-20784\\\/#breadcrumb\",\"itemListElement\":[{\"@type\":\"ListItem\",\"position\":1,\"name\":\"Home\",\"item\":\"https:\\\/\\\/montecarloliving.com\\\/fr\\\/\"},{\"@type\":\"ListItem\",\"position\":2,\"name\":\"Le Garden Club de Monaco pr\u00e9sente la 56e \u00e9dition du Concours International de Bouquets : \u00ab Fleurs en mouvement \u00bb\"}]},{\"@type\":\"WebSite\",\"@id\":\"https:\\\/\\\/montecarloliving.com\\\/fr\\\/#website\",\"url\":\"https:\\\/\\\/montecarloliving.com\\\/fr\\\/\",\"name\":\"Montecarlo Living\",\"description\":\"News da Montecarlo - Principato di Monaco e Costa Azzurra\",\"potentialAction\":[{\"@type\":\"SearchAction\",\"target\":{\"@type\":\"EntryPoint\",\"urlTemplate\":\"https:\\\/\\\/montecarloliving.com\\\/fr\\\/?s={search_term_string}\"},\"query-input\":{\"@type\":\"PropertyValueSpecification\",\"valueRequired\":true,\"valueName\":\"search_term_string\"}}],\"inLanguage\":\"fr-FR\"},{\"@type\":\"Person\",\"@id\":\"https:\\\/\\\/montecarloliving.com\\\/fr\\\/#\\\/schema\\\/person\\\/7e5945d4560862b7f2d2c6831bda2819\",\"name\":\"Redazione\",\"image\":{\"@type\":\"ImageObject\",\"inLanguage\":\"fr-FR\",\"@id\":\"https:\\\/\\\/secure.gravatar.com\\\/avatar\\\/8b5f26557e18fe74ad8e8a57ebb2925d88af8a90cee489ff2beefb391bc9b9c7?s=96&d=mm&r=g\",\"url\":\"https:\\\/\\\/secure.gravatar.com\\\/avatar\\\/8b5f26557e18fe74ad8e8a57ebb2925d88af8a90cee489ff2beefb391bc9b9c7?s=96&d=mm&r=g\",\"contentUrl\":\"https:\\\/\\\/secure.gravatar.com\\\/avatar\\\/8b5f26557e18fe74ad8e8a57ebb2925d88af8a90cee489ff2beefb391bc9b9c7?s=96&d=mm&r=g\",\"caption\":\"Redazione\"}}]}<\/script>\n<!-- \/ Yoast SEO plugin. -->","yoast_head_json":{"title":"Le Garden Club de Monaco pr\u00e9sente la 56e \u00e9dition du Concours International de Bouquets : \u00ab Fleurs en mouvement \u00bb","description":"Fond\u00e9 en 1968 par la Princesse Grace, le Garden Club de Monaco d\u00e9voile avec fiert\u00e9 la 56e \u00e9dition du Concours International de Bouquets, qui se tiendra Le Garden Club de Monaco pr\u00e9sente la 56e \u00e9dition du Concours International de Bouquets : \u00ab Fleurs en mouvement \u00bb","robots":{"index":"index","follow":"follow","max-snippet":"max-snippet:-1","max-image-preview":"max-image-preview:large","max-video-preview":"max-video-preview:-1"},"canonical":"https:\/\/montecarloliving.com\/fr\/actualite\/garden-club-de-monaco-presente-56e-edition-du-concours-international-de-bouquets-fleurs-en-mouvement-20784\/","og_locale":"fr_FR","og_title":"Le Garden Club de Monaco pr\u00e9sente la 56e \u00e9dition du Concours International de Bouquets : \u00ab Fleurs en mouvement \u00bb","og_description":"Fond\u00e9 en 1968 par la Princesse Grace, le Garden Club de Monaco d\u00e9voile avec fiert\u00e9 la 56e \u00e9dition du Concours International de Bouquets, qui se tiendra Le Garden Club de Monaco pr\u00e9sente la 56e \u00e9dition du Concours International de Bouquets : \u00ab Fleurs en mouvement \u00bb","og_url":"https:\/\/montecarloliving.com\/fr\/actualite\/garden-club-de-monaco-presente-56e-edition-du-concours-international-de-bouquets-fleurs-en-mouvement-20784\/","og_site_name":"Montecarlo Living","article_publisher":"https:\/\/www.facebook.com\/montecarlolivingcom\/","article_published_time":"2025-04-10T07:00:55+00:00","og_image":[{"width":650,"height":400,"url":"https:\/\/montecarloliving.com\/wp-content\/uploads\/2025\/04\/R-54-650x400.jpg","type":"image\/jpeg"}],"author":"Redazione","twitter_card":"summary_large_image","twitter_creator":"@MonteCarloLivi","twitter_site":"@MonteCarloLivi","twitter_misc":{"\u00c9crit par":"Redazione","Dur\u00e9e de lecture estim\u00e9e":"2 minutes"},"schema":{"@context":"https:\/\/schema.org","@graph":[{"@type":"Article","@id":"https:\/\/montecarloliving.com\/fr\/actualite\/garden-club-de-monaco-presente-56e-edition-du-concours-international-de-bouquets-fleurs-en-mouvement-20784\/#article","isPartOf":{"@id":"https:\/\/montecarloliving.com\/fr\/actualite\/garden-club-de-monaco-presente-56e-edition-du-concours-international-de-bouquets-fleurs-en-mouvement-20784\/"},"author":{"name":"Redazione","@id":"https:\/\/montecarloliving.com\/fr\/#\/schema\/person\/7e5945d4560862b7f2d2c6831bda2819"},"headline":"Le Garden Club de Monaco pr\u00e9sente la 56e \u00e9dition du Concours International de Bouquets : \u00ab Fleurs en mouvement \u00bb","datePublished":"2025-04-10T07:00:55+00:00","mainEntityOfPage":{"@id":"https:\/\/montecarloliving.com\/fr\/actualite\/garden-club-de-monaco-presente-56e-edition-du-concours-international-de-bouquets-fleurs-en-mouvement-20784\/"},"wordCount":342,"image":{"@id":"https:\/\/montecarloliving.com\/fr\/actualite\/garden-club-de-monaco-presente-56e-edition-du-concours-international-de-bouquets-fleurs-en-mouvement-20784\/#primaryimage"},"thumbnailUrl":"https:\/\/montecarloliving.com\/wp-content\/uploads\/2025\/04\/R-54.jpg","articleSection":["Actualit\u00e9","\u00c9v\u00e9nements","Monaco"],"inLanguage":"fr-FR"},{"@type":"WebPage","@id":"https:\/\/montecarloliving.com\/fr\/actualite\/garden-club-de-monaco-presente-56e-edition-du-concours-international-de-bouquets-fleurs-en-mouvement-20784\/","url":"https:\/\/montecarloliving.com\/fr\/actualite\/garden-club-de-monaco-presente-56e-edition-du-concours-international-de-bouquets-fleurs-en-mouvement-20784\/","name":"Le Garden Club de Monaco pr\u00e9sente la 56e \u00e9dition du Concours International de Bouquets : \u00ab Fleurs en mouvement \u00bb","isPartOf":{"@id":"https:\/\/montecarloliving.com\/fr\/#website"},"primaryImageOfPage":{"@id":"https:\/\/montecarloliving.com\/fr\/actualite\/garden-club-de-monaco-presente-56e-edition-du-concours-international-de-bouquets-fleurs-en-mouvement-20784\/#primaryimage"},"image":{"@id":"https:\/\/montecarloliving.com\/fr\/actualite\/garden-club-de-monaco-presente-56e-edition-du-concours-international-de-bouquets-fleurs-en-mouvement-20784\/#primaryimage"},"thumbnailUrl":"https:\/\/montecarloliving.com\/wp-content\/uploads\/2025\/04\/R-54.jpg","datePublished":"2025-04-10T07:00:55+00:00","author":{"@id":"https:\/\/montecarloliving.com\/fr\/#\/schema\/person\/7e5945d4560862b7f2d2c6831bda2819"},"description":"Fond\u00e9 en 1968 par la Princesse Grace, le Garden Club de Monaco d\u00e9voile avec fiert\u00e9 la 56e \u00e9dition du Concours International de Bouquets, qui se tiendra Le Garden Club de Monaco pr\u00e9sente la 56e \u00e9dition du Concours International de Bouquets : \u00ab Fleurs en mouvement \u00bb","breadcrumb":{"@id":"https:\/\/montecarloliving.com\/fr\/actualite\/garden-club-de-monaco-presente-56e-edition-du-concours-international-de-bouquets-fleurs-en-mouvement-20784\/#breadcrumb"},"inLanguage":"fr-FR","potentialAction":[{"@type":"ReadAction","target":["https:\/\/montecarloliving.com\/fr\/actualite\/garden-club-de-monaco-presente-56e-edition-du-concours-international-de-bouquets-fleurs-en-mouvement-20784\/"]}]},{"@type":"ImageObject","inLanguage":"fr-FR","@id":"https:\/\/montecarloliving.com\/fr\/actualite\/garden-club-de-monaco-presente-56e-edition-du-concours-international-de-bouquets-fleurs-en-mouvement-20784\/#primaryimage","url":"https:\/\/montecarloliving.com\/wp-content\/uploads\/2025\/04\/R-54.jpg","contentUrl":"https:\/\/montecarloliving.com\/wp-content\/uploads\/2025\/04\/R-54.jpg","width":2560,"height":1600},{"@type":"BreadcrumbList","@id":"https:\/\/montecarloliving.com\/fr\/actualite\/garden-club-de-monaco-presente-56e-edition-du-concours-international-de-bouquets-fleurs-en-mouvement-20784\/#breadcrumb","itemListElement":[{"@type":"ListItem","position":1,"name":"Home","item":"https:\/\/montecarloliving.com\/fr\/"},{"@type":"ListItem","position":2,"name":"Le Garden Club de Monaco pr\u00e9sente la 56e \u00e9dition du Concours International de Bouquets : \u00ab Fleurs en mouvement \u00bb"}]},{"@type":"WebSite","@id":"https:\/\/montecarloliving.com\/fr\/#website","url":"https:\/\/montecarloliving.com\/fr\/","name":"Montecarlo Living","description":"News da Montecarlo - Principato di Monaco e Costa Azzurra","potentialAction":[{"@type":"SearchAction","target":{"@type":"EntryPoint","urlTemplate":"https:\/\/montecarloliving.com\/fr\/?s={search_term_string}"},"query-input":{"@type":"PropertyValueSpecification","valueRequired":true,"valueName":"search_term_string"}}],"inLanguage":"fr-FR"},{"@type":"Person","@id":"https:\/\/montecarloliving.com\/fr\/#\/schema\/person\/7e5945d4560862b7f2d2c6831bda2819","name":"Redazione","image":{"@type":"ImageObject","inLanguage":"fr-FR","@id":"https:\/\/secure.gravatar.com\/avatar\/8b5f26557e18fe74ad8e8a57ebb2925d88af8a90cee489ff2beefb391bc9b9c7?s=96&d=mm&r=g","url":"https:\/\/secure.gravatar.com\/avatar\/8b5f26557e18fe74ad8e8a57ebb2925d88af8a90cee489ff2beefb391bc9b9c7?s=96&d=mm&r=g","contentUrl":"https:\/\/secure.gravatar.com\/avatar\/8b5f26557e18fe74ad8e8a57ebb2925d88af8a90cee489ff2beefb391bc9b9c7?s=96&d=mm&r=g","caption":"Redazione"}}]}},"_links":{"self":[{"href":"https:\/\/montecarloliving.com\/fr\/wp-json\/wp\/v2\/posts\/20784","targetHints":{"allow":["GET"]}}],"collection":[{"href":"https:\/\/montecarloliving.com\/fr\/wp-json\/wp\/v2\/posts"}],"about":[{"href":"https:\/\/montecarloliving.com\/fr\/wp-json\/wp\/v2\/types\/post"}],"author":[{"embeddable":true,"href":"https:\/\/montecarloliving.com\/fr\/wp-json\/wp\/v2\/users\/1"}],"replies":[{"embeddable":true,"href":"https:\/\/montecarloliving.com\/fr\/wp-json\/wp\/v2\/comments?post=20784"}],"version-history":[{"count":1,"href":"https:\/\/montecarloliving.com\/fr\/wp-json\/wp\/v2\/posts\/20784\/revisions"}],"predecessor-version":[{"id":20785,"href":"https:\/\/montecarloliving.com\/fr\/wp-json\/wp\/v2\/posts\/20784\/revisions\/20785"}],"wp:featuredmedia":[{"embeddable":true,"href":"https:\/\/montecarloliving.com\/fr\/wp-json\/wp\/v2\/media\/20780"}],"wp:attachment":[{"href":"https:\/\/montecarloliving.com\/fr\/wp-json\/wp\/v2\/media?parent=20784"}],"wp:term":[{"taxonomy":"category","embeddable":true,"href":"https:\/\/montecarloliving.com\/fr\/wp-json\/wp\/v2\/categories?post=20784"},{"taxonomy":"post_tag","embeddable":true,"href":"https:\/\/montecarloliving.com\/fr\/wp-json\/wp\/v2\/tags?post=20784"}],"curies":[{"name":"wp","href":"https:\/\/api.w.org\/{rel}","templated":true}]}}