{"id":20691,"date":"2025-04-08T09:36:05","date_gmt":"2025-04-08T07:36:05","guid":{"rendered":"https:\/\/montecarloliving.com\/?p=20691"},"modified":"2025-04-08T09:36:42","modified_gmt":"2025-04-08T07:36:42","slug":"comite-de-coordination-et-de-suivi-de-strategie-nationale-de-lutte-contre-blanchiment-de-capitaux","status":"publish","type":"post","link":"https:\/\/montecarloliving.com\/fr\/actualite\/comite-de-coordination-et-de-suivi-de-strategie-nationale-de-lutte-contre-blanchiment-de-capitaux-20691\/","title":{"rendered":"Comit\u00e9 de Coordination et de Suivi de la strat\u00e9gie nationale de lutte contre le blanchiment de capitaux"},"content":{"rendered":"<p>Les membres du premier Coll\u00e8ge du Comit\u00e9 de coordination et de suivi de la strat\u00e9gie nationale de lutte contre le blanchiment de capitaux, le financement du terrorisme et de la prolif\u00e9ration des armes de destruction massive et la corruption se sont r\u00e9unis ce lundi 7 avril, sous la pr\u00e9sidence de Monsieur Pierre-Andr\u00e9 Chiappori, Conseiller de Gouvernement \u2013 Ministre des Finances et de l\u2019Economie.<\/p>\n<p>Monaco ayant adress\u00e9 au GAFI, il y a plusieurs semaines, son premier rapport de progr\u00e8s depuis son inscription sur la liste grise, les autorit\u00e9s concern\u00e9es ont \u00e9t\u00e9 remerci\u00e9es pour les nombreuses avanc\u00e9es r\u00e9alis\u00e9es dans divers domaines depuis le mois d\u2019avril 2024.<\/p>\n<p>Monsieur Pierre-Andr\u00e9 Chiappori a \u00e9galement rappel\u00e9 la n\u00e9cessit\u00e9 de maintenir les efforts collectifs jusqu\u2019ici d\u00e9ploy\u00e9s au regard des prochaines \u00e9ch\u00e9ances, et notamment en vue des \u00e9changes qui interviendront ce mois entre la d\u00e9l\u00e9gation mon\u00e9gasque et les repr\u00e9sentants du Groupe d&rsquo;examen de la coop\u00e9ration internationale dit \u00ab Groupe ICRG \u00bb.<\/p>\n<p>Enfin, la Strat\u00e9gie Nationale en mati\u00e8re de LBC-FT\/P-C et son Plan d\u2019action pour la p\u00e9riode 2025 2027 ont \u00e9t\u00e9 adopt\u00e9s \u00e0 l\u2019unanimit\u00e9 par les membres.<\/p>\n","protected":false},"excerpt":{"rendered":"<p>Les membres du premier Coll\u00e8ge du Comit\u00e9 de coordination et de suivi de la strat\u00e9gie nationale de lutte contre le blanchiment de capitaux, le financement du terrorisme et de la prolif\u00e9ration des armes de destruction massive et la corruption se sont r\u00e9unis ce lundi [&hellip;]<\/p>\n","protected":false},"author":1,"featured_media":20692,"comment_status":"closed","ping_status":"closed","sticky":false,"template":"","format":"standard","meta":{"footnotes":""},"categories":[827,875,867],"tags":[],"class_list":["post-20691","post","type-post","status-publish","format-standard","has-post-thumbnail","hentry","category-actualite","category-actualite-monaco","category-monaco-fr"],"yoast_head":"<!-- This site is optimized with the Yoast SEO plugin v27.4 - https:\/\/yoast.com\/product\/yoast-seo-wordpress\/ -->\n<title>Comit\u00e9 de Coordination et de Suivi de la strat\u00e9gie nationale de lutte contre le blanchiment de capitaux<\/title>\n<meta name=\"description\" content=\"Les membres du premier Coll\u00e8ge du Comit\u00e9 de coordination et de suivi de la strat\u00e9gie nationale de lutte contre le blanchiment de capitaux, le financement Comit\u00e9 de Coordination et de Suivi de la strat\u00e9gie nationale de lutte contre le blanchiment de capitaux\" \/>\n<meta name=\"robots\" content=\"index, follow, max-snippet:-1, max-image-preview:large, max-video-preview:-1\" \/>\n<link rel=\"canonical\" href=\"https:\/\/montecarloliving.com\/fr\/actualite\/comite-de-coordination-et-de-suivi-de-strategie-nationale-de-lutte-contre-blanchiment-de-capitaux-20691\/\" \/>\n<meta property=\"og:locale\" content=\"fr_FR\" \/>\n<meta property=\"og:title\" content=\"Comit\u00e9 de Coordination et de Suivi de la strat\u00e9gie nationale de lutte contre le blanchiment de capitaux\" \/>\n<meta property=\"og:description\" content=\"Les membres du premier Coll\u00e8ge du Comit\u00e9 de coordination et de suivi de la strat\u00e9gie nationale de lutte contre le blanchiment de capitaux, le financement Comit\u00e9 de Coordination et de Suivi de la strat\u00e9gie nationale de lutte contre le blanchiment de capitaux\" \/>\n<meta property=\"og:url\" content=\"https:\/\/montecarloliving.com\/fr\/actualite\/comite-de-coordination-et-de-suivi-de-strategie-nationale-de-lutte-contre-blanchiment-de-capitaux-20691\/\" \/>\n<meta property=\"og:site_name\" content=\"Montecarlo Living\" \/>\n<meta property=\"article:publisher\" content=\"https:\/\/www.facebook.com\/montecarlolivingcom\/\" \/>\n<meta property=\"article:published_time\" content=\"2025-04-08T07:36:05+00:00\" \/>\n<meta property=\"article:modified_time\" content=\"2025-04-08T07:36:42+00:00\" \/>\n<meta property=\"og:image\" content=\"https:\/\/montecarloliving.com\/wp-content\/uploads\/2025\/04\/Comite-07-04-25-\u00a9-Direction-de-la-Communication-Stephane-Danna-650x400.jpg\" \/>\n\t<meta property=\"og:image:width\" content=\"650\" \/>\n\t<meta property=\"og:image:height\" content=\"400\" \/>\n\t<meta property=\"og:image:type\" content=\"image\/jpeg\" \/>\n<meta name=\"author\" content=\"Redazione\" \/>\n<meta name=\"twitter:card\" content=\"summary_large_image\" \/>\n<meta name=\"twitter:creator\" content=\"@MonteCarloLivi\" \/>\n<meta name=\"twitter:site\" content=\"@MonteCarloLivi\" \/>\n<meta name=\"twitter:label1\" content=\"\u00c9crit par\" \/>\n\t<meta name=\"twitter:data1\" content=\"Redazione\" \/>\n\t<meta name=\"twitter:label2\" content=\"Dur\u00e9e de lecture estim\u00e9e\" \/>\n\t<meta name=\"twitter:data2\" content=\"1 minute\" \/>\n<script type=\"application\/ld+json\" class=\"yoast-schema-graph\">{\"@context\":\"https:\\\/\\\/schema.org\",\"@graph\":[{\"@type\":\"Article\",\"@id\":\"https:\\\/\\\/montecarloliving.com\\\/fr\\\/actualite\\\/comite-de-coordination-et-de-suivi-de-strategie-nationale-de-lutte-contre-blanchiment-de-capitaux-20691\\\/#article\",\"isPartOf\":{\"@id\":\"https:\\\/\\\/montecarloliving.com\\\/fr\\\/actualite\\\/comite-de-coordination-et-de-suivi-de-strategie-nationale-de-lutte-contre-blanchiment-de-capitaux-20691\\\/\"},\"author\":{\"name\":\"Redazione\",\"@id\":\"https:\\\/\\\/montecarloliving.com\\\/fr\\\/#\\\/schema\\\/person\\\/7e5945d4560862b7f2d2c6831bda2819\"},\"headline\":\"Comit\u00e9 de Coordination et de Suivi de la strat\u00e9gie nationale de lutte contre le blanchiment de capitaux\",\"datePublished\":\"2025-04-08T07:36:05+00:00\",\"dateModified\":\"2025-04-08T07:36:42+00:00\",\"mainEntityOfPage\":{\"@id\":\"https:\\\/\\\/montecarloliving.com\\\/fr\\\/actualite\\\/comite-de-coordination-et-de-suivi-de-strategie-nationale-de-lutte-contre-blanchiment-de-capitaux-20691\\\/\"},\"wordCount\":220,\"image\":{\"@id\":\"https:\\\/\\\/montecarloliving.com\\\/fr\\\/actualite\\\/comite-de-coordination-et-de-suivi-de-strategie-nationale-de-lutte-contre-blanchiment-de-capitaux-20691\\\/#primaryimage\"},\"thumbnailUrl\":\"https:\\\/\\\/montecarloliving.com\\\/wp-content\\\/uploads\\\/2025\\\/04\\\/Comite-07-04-25-\u00a9-Direction-de-la-Communication-Stephane-Danna.jpg\",\"articleSection\":[\"Actualit\u00e9\",\"Actualit\u00e9 \u00e0 Monaco\",\"Monaco\"],\"inLanguage\":\"fr-FR\"},{\"@type\":\"WebPage\",\"@id\":\"https:\\\/\\\/montecarloliving.com\\\/fr\\\/actualite\\\/comite-de-coordination-et-de-suivi-de-strategie-nationale-de-lutte-contre-blanchiment-de-capitaux-20691\\\/\",\"url\":\"https:\\\/\\\/montecarloliving.com\\\/fr\\\/actualite\\\/comite-de-coordination-et-de-suivi-de-strategie-nationale-de-lutte-contre-blanchiment-de-capitaux-20691\\\/\",\"name\":\"Comit\u00e9 de Coordination et de Suivi de la strat\u00e9gie nationale de lutte contre le blanchiment de capitaux\",\"isPartOf\":{\"@id\":\"https:\\\/\\\/montecarloliving.com\\\/fr\\\/#website\"},\"primaryImageOfPage\":{\"@id\":\"https:\\\/\\\/montecarloliving.com\\\/fr\\\/actualite\\\/comite-de-coordination-et-de-suivi-de-strategie-nationale-de-lutte-contre-blanchiment-de-capitaux-20691\\\/#primaryimage\"},\"image\":{\"@id\":\"https:\\\/\\\/montecarloliving.com\\\/fr\\\/actualite\\\/comite-de-coordination-et-de-suivi-de-strategie-nationale-de-lutte-contre-blanchiment-de-capitaux-20691\\\/#primaryimage\"},\"thumbnailUrl\":\"https:\\\/\\\/montecarloliving.com\\\/wp-content\\\/uploads\\\/2025\\\/04\\\/Comite-07-04-25-\u00a9-Direction-de-la-Communication-Stephane-Danna.jpg\",\"datePublished\":\"2025-04-08T07:36:05+00:00\",\"dateModified\":\"2025-04-08T07:36:42+00:00\",\"author\":{\"@id\":\"https:\\\/\\\/montecarloliving.com\\\/fr\\\/#\\\/schema\\\/person\\\/7e5945d4560862b7f2d2c6831bda2819\"},\"description\":\"Les membres du premier Coll\u00e8ge du Comit\u00e9 de coordination et de suivi de la strat\u00e9gie nationale de lutte contre le blanchiment de capitaux, le financement Comit\u00e9 de Coordination et de Suivi de la strat\u00e9gie nationale de lutte contre le blanchiment de capitaux\",\"breadcrumb\":{\"@id\":\"https:\\\/\\\/montecarloliving.com\\\/fr\\\/actualite\\\/comite-de-coordination-et-de-suivi-de-strategie-nationale-de-lutte-contre-blanchiment-de-capitaux-20691\\\/#breadcrumb\"},\"inLanguage\":\"fr-FR\",\"potentialAction\":[{\"@type\":\"ReadAction\",\"target\":[\"https:\\\/\\\/montecarloliving.com\\\/fr\\\/actualite\\\/comite-de-coordination-et-de-suivi-de-strategie-nationale-de-lutte-contre-blanchiment-de-capitaux-20691\\\/\"]}]},{\"@type\":\"ImageObject\",\"inLanguage\":\"fr-FR\",\"@id\":\"https:\\\/\\\/montecarloliving.com\\\/fr\\\/actualite\\\/comite-de-coordination-et-de-suivi-de-strategie-nationale-de-lutte-contre-blanchiment-de-capitaux-20691\\\/#primaryimage\",\"url\":\"https:\\\/\\\/montecarloliving.com\\\/wp-content\\\/uploads\\\/2025\\\/04\\\/Comite-07-04-25-\u00a9-Direction-de-la-Communication-Stephane-Danna.jpg\",\"contentUrl\":\"https:\\\/\\\/montecarloliving.com\\\/wp-content\\\/uploads\\\/2025\\\/04\\\/Comite-07-04-25-\u00a9-Direction-de-la-Communication-Stephane-Danna.jpg\",\"width\":1500,\"height\":1000},{\"@type\":\"BreadcrumbList\",\"@id\":\"https:\\\/\\\/montecarloliving.com\\\/fr\\\/actualite\\\/comite-de-coordination-et-de-suivi-de-strategie-nationale-de-lutte-contre-blanchiment-de-capitaux-20691\\\/#breadcrumb\",\"itemListElement\":[{\"@type\":\"ListItem\",\"position\":1,\"name\":\"Home\",\"item\":\"https:\\\/\\\/montecarloliving.com\\\/fr\\\/\"},{\"@type\":\"ListItem\",\"position\":2,\"name\":\"Comit\u00e9 de Coordination et de Suivi de la strat\u00e9gie nationale de lutte contre le blanchiment de capitaux\"}]},{\"@type\":\"WebSite\",\"@id\":\"https:\\\/\\\/montecarloliving.com\\\/fr\\\/#website\",\"url\":\"https:\\\/\\\/montecarloliving.com\\\/fr\\\/\",\"name\":\"Montecarlo Living\",\"description\":\"News da Montecarlo - Principato di Monaco e Costa Azzurra\",\"potentialAction\":[{\"@type\":\"SearchAction\",\"target\":{\"@type\":\"EntryPoint\",\"urlTemplate\":\"https:\\\/\\\/montecarloliving.com\\\/fr\\\/?s={search_term_string}\"},\"query-input\":{\"@type\":\"PropertyValueSpecification\",\"valueRequired\":true,\"valueName\":\"search_term_string\"}}],\"inLanguage\":\"fr-FR\"},{\"@type\":\"Person\",\"@id\":\"https:\\\/\\\/montecarloliving.com\\\/fr\\\/#\\\/schema\\\/person\\\/7e5945d4560862b7f2d2c6831bda2819\",\"name\":\"Redazione\",\"image\":{\"@type\":\"ImageObject\",\"inLanguage\":\"fr-FR\",\"@id\":\"https:\\\/\\\/secure.gravatar.com\\\/avatar\\\/8b5f26557e18fe74ad8e8a57ebb2925d88af8a90cee489ff2beefb391bc9b9c7?s=96&d=mm&r=g\",\"url\":\"https:\\\/\\\/secure.gravatar.com\\\/avatar\\\/8b5f26557e18fe74ad8e8a57ebb2925d88af8a90cee489ff2beefb391bc9b9c7?s=96&d=mm&r=g\",\"contentUrl\":\"https:\\\/\\\/secure.gravatar.com\\\/avatar\\\/8b5f26557e18fe74ad8e8a57ebb2925d88af8a90cee489ff2beefb391bc9b9c7?s=96&d=mm&r=g\",\"caption\":\"Redazione\"}}]}<\/script>\n<!-- \/ Yoast SEO plugin. -->","yoast_head_json":{"title":"Comit\u00e9 de Coordination et de Suivi de la strat\u00e9gie nationale de lutte contre le blanchiment de capitaux","description":"Les membres du premier Coll\u00e8ge du Comit\u00e9 de coordination et de suivi de la strat\u00e9gie nationale de lutte contre le blanchiment de capitaux, le financement Comit\u00e9 de Coordination et de Suivi de la strat\u00e9gie nationale de lutte contre le blanchiment de capitaux","robots":{"index":"index","follow":"follow","max-snippet":"max-snippet:-1","max-image-preview":"max-image-preview:large","max-video-preview":"max-video-preview:-1"},"canonical":"https:\/\/montecarloliving.com\/fr\/actualite\/comite-de-coordination-et-de-suivi-de-strategie-nationale-de-lutte-contre-blanchiment-de-capitaux-20691\/","og_locale":"fr_FR","og_title":"Comit\u00e9 de Coordination et de Suivi de la strat\u00e9gie nationale de lutte contre le blanchiment de capitaux","og_description":"Les membres du premier Coll\u00e8ge du Comit\u00e9 de coordination et de suivi de la strat\u00e9gie nationale de lutte contre le blanchiment de capitaux, le financement Comit\u00e9 de Coordination et de Suivi de la strat\u00e9gie nationale de lutte contre le blanchiment de capitaux","og_url":"https:\/\/montecarloliving.com\/fr\/actualite\/comite-de-coordination-et-de-suivi-de-strategie-nationale-de-lutte-contre-blanchiment-de-capitaux-20691\/","og_site_name":"Montecarlo Living","article_publisher":"https:\/\/www.facebook.com\/montecarlolivingcom\/","article_published_time":"2025-04-08T07:36:05+00:00","article_modified_time":"2025-04-08T07:36:42+00:00","og_image":[{"width":650,"height":400,"url":"https:\/\/montecarloliving.com\/wp-content\/uploads\/2025\/04\/Comite-07-04-25-\u00a9-Direction-de-la-Communication-Stephane-Danna-650x400.jpg","type":"image\/jpeg"}],"author":"Redazione","twitter_card":"summary_large_image","twitter_creator":"@MonteCarloLivi","twitter_site":"@MonteCarloLivi","twitter_misc":{"\u00c9crit par":"Redazione","Dur\u00e9e de lecture estim\u00e9e":"1 minute"},"schema":{"@context":"https:\/\/schema.org","@graph":[{"@type":"Article","@id":"https:\/\/montecarloliving.com\/fr\/actualite\/comite-de-coordination-et-de-suivi-de-strategie-nationale-de-lutte-contre-blanchiment-de-capitaux-20691\/#article","isPartOf":{"@id":"https:\/\/montecarloliving.com\/fr\/actualite\/comite-de-coordination-et-de-suivi-de-strategie-nationale-de-lutte-contre-blanchiment-de-capitaux-20691\/"},"author":{"name":"Redazione","@id":"https:\/\/montecarloliving.com\/fr\/#\/schema\/person\/7e5945d4560862b7f2d2c6831bda2819"},"headline":"Comit\u00e9 de Coordination et de Suivi de la strat\u00e9gie nationale de lutte contre le blanchiment de capitaux","datePublished":"2025-04-08T07:36:05+00:00","dateModified":"2025-04-08T07:36:42+00:00","mainEntityOfPage":{"@id":"https:\/\/montecarloliving.com\/fr\/actualite\/comite-de-coordination-et-de-suivi-de-strategie-nationale-de-lutte-contre-blanchiment-de-capitaux-20691\/"},"wordCount":220,"image":{"@id":"https:\/\/montecarloliving.com\/fr\/actualite\/comite-de-coordination-et-de-suivi-de-strategie-nationale-de-lutte-contre-blanchiment-de-capitaux-20691\/#primaryimage"},"thumbnailUrl":"https:\/\/montecarloliving.com\/wp-content\/uploads\/2025\/04\/Comite-07-04-25-\u00a9-Direction-de-la-Communication-Stephane-Danna.jpg","articleSection":["Actualit\u00e9","Actualit\u00e9 \u00e0 Monaco","Monaco"],"inLanguage":"fr-FR"},{"@type":"WebPage","@id":"https:\/\/montecarloliving.com\/fr\/actualite\/comite-de-coordination-et-de-suivi-de-strategie-nationale-de-lutte-contre-blanchiment-de-capitaux-20691\/","url":"https:\/\/montecarloliving.com\/fr\/actualite\/comite-de-coordination-et-de-suivi-de-strategie-nationale-de-lutte-contre-blanchiment-de-capitaux-20691\/","name":"Comit\u00e9 de Coordination et de Suivi de la strat\u00e9gie nationale de lutte contre le blanchiment de capitaux","isPartOf":{"@id":"https:\/\/montecarloliving.com\/fr\/#website"},"primaryImageOfPage":{"@id":"https:\/\/montecarloliving.com\/fr\/actualite\/comite-de-coordination-et-de-suivi-de-strategie-nationale-de-lutte-contre-blanchiment-de-capitaux-20691\/#primaryimage"},"image":{"@id":"https:\/\/montecarloliving.com\/fr\/actualite\/comite-de-coordination-et-de-suivi-de-strategie-nationale-de-lutte-contre-blanchiment-de-capitaux-20691\/#primaryimage"},"thumbnailUrl":"https:\/\/montecarloliving.com\/wp-content\/uploads\/2025\/04\/Comite-07-04-25-\u00a9-Direction-de-la-Communication-Stephane-Danna.jpg","datePublished":"2025-04-08T07:36:05+00:00","dateModified":"2025-04-08T07:36:42+00:00","author":{"@id":"https:\/\/montecarloliving.com\/fr\/#\/schema\/person\/7e5945d4560862b7f2d2c6831bda2819"},"description":"Les membres du premier Coll\u00e8ge du Comit\u00e9 de coordination et de suivi de la strat\u00e9gie nationale de lutte contre le blanchiment de capitaux, le financement Comit\u00e9 de Coordination et de Suivi de la strat\u00e9gie nationale de lutte contre le blanchiment de capitaux","breadcrumb":{"@id":"https:\/\/montecarloliving.com\/fr\/actualite\/comite-de-coordination-et-de-suivi-de-strategie-nationale-de-lutte-contre-blanchiment-de-capitaux-20691\/#breadcrumb"},"inLanguage":"fr-FR","potentialAction":[{"@type":"ReadAction","target":["https:\/\/montecarloliving.com\/fr\/actualite\/comite-de-coordination-et-de-suivi-de-strategie-nationale-de-lutte-contre-blanchiment-de-capitaux-20691\/"]}]},{"@type":"ImageObject","inLanguage":"fr-FR","@id":"https:\/\/montecarloliving.com\/fr\/actualite\/comite-de-coordination-et-de-suivi-de-strategie-nationale-de-lutte-contre-blanchiment-de-capitaux-20691\/#primaryimage","url":"https:\/\/montecarloliving.com\/wp-content\/uploads\/2025\/04\/Comite-07-04-25-\u00a9-Direction-de-la-Communication-Stephane-Danna.jpg","contentUrl":"https:\/\/montecarloliving.com\/wp-content\/uploads\/2025\/04\/Comite-07-04-25-\u00a9-Direction-de-la-Communication-Stephane-Danna.jpg","width":1500,"height":1000},{"@type":"BreadcrumbList","@id":"https:\/\/montecarloliving.com\/fr\/actualite\/comite-de-coordination-et-de-suivi-de-strategie-nationale-de-lutte-contre-blanchiment-de-capitaux-20691\/#breadcrumb","itemListElement":[{"@type":"ListItem","position":1,"name":"Home","item":"https:\/\/montecarloliving.com\/fr\/"},{"@type":"ListItem","position":2,"name":"Comit\u00e9 de Coordination et de Suivi de la strat\u00e9gie nationale de lutte contre le blanchiment de capitaux"}]},{"@type":"WebSite","@id":"https:\/\/montecarloliving.com\/fr\/#website","url":"https:\/\/montecarloliving.com\/fr\/","name":"Montecarlo Living","description":"News da Montecarlo - Principato di Monaco e Costa Azzurra","potentialAction":[{"@type":"SearchAction","target":{"@type":"EntryPoint","urlTemplate":"https:\/\/montecarloliving.com\/fr\/?s={search_term_string}"},"query-input":{"@type":"PropertyValueSpecification","valueRequired":true,"valueName":"search_term_string"}}],"inLanguage":"fr-FR"},{"@type":"Person","@id":"https:\/\/montecarloliving.com\/fr\/#\/schema\/person\/7e5945d4560862b7f2d2c6831bda2819","name":"Redazione","image":{"@type":"ImageObject","inLanguage":"fr-FR","@id":"https:\/\/secure.gravatar.com\/avatar\/8b5f26557e18fe74ad8e8a57ebb2925d88af8a90cee489ff2beefb391bc9b9c7?s=96&d=mm&r=g","url":"https:\/\/secure.gravatar.com\/avatar\/8b5f26557e18fe74ad8e8a57ebb2925d88af8a90cee489ff2beefb391bc9b9c7?s=96&d=mm&r=g","contentUrl":"https:\/\/secure.gravatar.com\/avatar\/8b5f26557e18fe74ad8e8a57ebb2925d88af8a90cee489ff2beefb391bc9b9c7?s=96&d=mm&r=g","caption":"Redazione"}}]}},"_links":{"self":[{"href":"https:\/\/montecarloliving.com\/fr\/wp-json\/wp\/v2\/posts\/20691","targetHints":{"allow":["GET"]}}],"collection":[{"href":"https:\/\/montecarloliving.com\/fr\/wp-json\/wp\/v2\/posts"}],"about":[{"href":"https:\/\/montecarloliving.com\/fr\/wp-json\/wp\/v2\/types\/post"}],"author":[{"embeddable":true,"href":"https:\/\/montecarloliving.com\/fr\/wp-json\/wp\/v2\/users\/1"}],"replies":[{"embeddable":true,"href":"https:\/\/montecarloliving.com\/fr\/wp-json\/wp\/v2\/comments?post=20691"}],"version-history":[{"count":1,"href":"https:\/\/montecarloliving.com\/fr\/wp-json\/wp\/v2\/posts\/20691\/revisions"}],"predecessor-version":[{"id":20695,"href":"https:\/\/montecarloliving.com\/fr\/wp-json\/wp\/v2\/posts\/20691\/revisions\/20695"}],"wp:featuredmedia":[{"embeddable":true,"href":"https:\/\/montecarloliving.com\/fr\/wp-json\/wp\/v2\/media\/20692"}],"wp:attachment":[{"href":"https:\/\/montecarloliving.com\/fr\/wp-json\/wp\/v2\/media?parent=20691"}],"wp:term":[{"taxonomy":"category","embeddable":true,"href":"https:\/\/montecarloliving.com\/fr\/wp-json\/wp\/v2\/categories?post=20691"},{"taxonomy":"post_tag","embeddable":true,"href":"https:\/\/montecarloliving.com\/fr\/wp-json\/wp\/v2\/tags?post=20691"}],"curies":[{"name":"wp","href":"https:\/\/api.w.org\/{rel}","templated":true}]}}