{"id":20637,"date":"2025-04-07T08:16:05","date_gmt":"2025-04-07T06:16:05","guid":{"rendered":"https:\/\/montecarloliving.com\/?p=20637"},"modified":"2025-04-04T12:16:31","modified_gmt":"2025-04-04T10:16:31","slug":"renfort-saisonnier-pour-les-taxis-de-monaco","status":"publish","type":"post","link":"https:\/\/montecarloliving.com\/fr\/actualite\/renfort-saisonnier-pour-les-taxis-de-monaco-20637\/","title":{"rendered":"Renfort saisonnier pour les Taxis de Monaco"},"content":{"rendered":"<p>D\u00e8s \u00e0 pr\u00e9sent, 28 taxis saisonniers viennent renforcer la flotte des Taxis de Monaco pour r\u00e9pondre \u00e0 l\u2019afflux de la saison estivale et aux grands \u00e9v\u00e8nements \u00e0 venir qui marquent la vie de la Principaut\u00e9. S\u00e9lectionn\u00e9s suite \u00e0 l\u2019appel \u00e0 candidatures publi\u00e9 au Journal de Monaco en octobre 2024, ces chauffeurs b\u00e9n\u00e9ficient d\u2019une autorisation d\u2019exercer de six mois.<\/p>\n<p>Cette flotte compl\u00e9mentaire est 100% \u00e9lectrique pour r\u00e9pondre aux exigences de r\u00e9duction des Gaz \u00e0 Effets de Serre et \u00e0 l\u2019instar des ann\u00e9es pr\u00e9c\u00e9dentes, ces v\u00e9hicules blancs, facilement identifiables, assureront les courses intramuros (forfait sans attente ni trafic \u00e0 18\u20ac) et vers les communes limitrophes (forfait sans attente ni trafic \u00e0 25\u20ac). En cas de forte affluence constat\u00e9e par le syst\u00e8me de gestion des courses, ils pourront aussi prendre en charge des courses \u00e0 destination entre Menton et Nice Ville.<\/p>\n<p>Lors des grands \u00e9v\u00e8nements mon\u00e9gasques, ils pourront \u00e9galement \u00eatre mobilis\u00e9s pour des r\u00e9servations \u00e0 destination de l\u2019A\u00e9roport, de la Gare de Nice ou encore de Nice ville, toute la journ\u00e9e, et entre 5h et 9h les autres jours de la saison.<\/p>\n<p>Le d\u00e9ploiement de la flotte \u00e9lectrique se d\u00e9roule en trois vagues : &#8211; &#8211; &#8211; 8 taxis saisonniers du 1er avril au 30 septembre,<br \/>\n10 taxis suppl\u00e9mentaires du 15 avril au 15 octobre, et 10 autres renforts du 1er mai au 1er novembre, permettant \u00e0 l\u2019ensemble de la flotte d\u2019\u00eatre pr\u00e9sente entre le 1er mai et le 30 septembre,\u00a0 p\u00e9riode la plus fr\u00e9quent\u00e9e.<\/p>\n<p>Pour garantir un service optimal, 11 \u00e9co-taxis circuleront la nuit (21h-5h) et au moins 7 d\u2019entre eux seront disponibles 24h\/24, 7j\/7 en appelant le +377 93 15 01 01.<\/p>\n","protected":false},"excerpt":{"rendered":"<p>D\u00e8s \u00e0 pr\u00e9sent, 28 taxis saisonniers viennent renforcer la flotte des Taxis de Monaco pour r\u00e9pondre \u00e0 l\u2019afflux de la saison estivale et aux grands \u00e9v\u00e8nements \u00e0 venir qui marquent la vie de la Principaut\u00e9. S\u00e9lectionn\u00e9s suite \u00e0 l\u2019appel \u00e0 candidatures publi\u00e9 au Journal [&hellip;]<\/p>\n","protected":false},"author":1,"featured_media":20638,"comment_status":"closed","ping_status":"closed","sticky":false,"template":"","format":"standard","meta":{"footnotes":""},"categories":[827,875,867],"tags":[],"class_list":["post-20637","post","type-post","status-publish","format-standard","has-post-thumbnail","hentry","category-actualite","category-actualite-monaco","category-monaco-fr"],"yoast_head":"<!-- This site is optimized with the Yoast SEO plugin v27.4 - https:\/\/yoast.com\/product\/yoast-seo-wordpress\/ -->\n<title>Renfort saisonnier pour les Taxis de Monaco<\/title>\n<meta name=\"description\" content=\"D\u00e8s \u00e0 pr\u00e9sent, 28 taxis saisonniers viennent renforcer la flotte des Taxis de Monaco pour r\u00e9pondre \u00e0 l\u2019afflux de la saison estivale et aux grands Renfort saisonnier pour les Taxis de Monaco\" \/>\n<meta name=\"robots\" content=\"index, follow, max-snippet:-1, max-image-preview:large, max-video-preview:-1\" \/>\n<link rel=\"canonical\" href=\"https:\/\/montecarloliving.com\/fr\/actualite\/renfort-saisonnier-pour-les-taxis-de-monaco-20637\/\" \/>\n<meta property=\"og:locale\" content=\"fr_FR\" \/>\n<meta property=\"og:title\" content=\"Renfort saisonnier pour les Taxis de Monaco\" \/>\n<meta property=\"og:description\" content=\"D\u00e8s \u00e0 pr\u00e9sent, 28 taxis saisonniers viennent renforcer la flotte des Taxis de Monaco pour r\u00e9pondre \u00e0 l\u2019afflux de la saison estivale et aux grands Renfort saisonnier pour les Taxis de Monaco\" \/>\n<meta property=\"og:url\" content=\"https:\/\/montecarloliving.com\/fr\/actualite\/renfort-saisonnier-pour-les-taxis-de-monaco-20637\/\" \/>\n<meta property=\"og:site_name\" content=\"Montecarlo Living\" \/>\n<meta property=\"article:publisher\" content=\"https:\/\/www.facebook.com\/montecarlolivingcom\/\" \/>\n<meta property=\"article:published_time\" content=\"2025-04-07T06:16:05+00:00\" \/>\n<meta property=\"og:image\" content=\"https:\/\/montecarloliving.com\/wp-content\/uploads\/2025\/04\/Les-taxis-electriques-saisonniers-de-la-Principaute-\u00a9DR-650x400.jpg\" \/>\n\t<meta property=\"og:image:width\" content=\"650\" \/>\n\t<meta property=\"og:image:height\" content=\"400\" \/>\n\t<meta property=\"og:image:type\" content=\"image\/jpeg\" \/>\n<meta name=\"author\" content=\"Redazione\" \/>\n<meta name=\"twitter:card\" content=\"summary_large_image\" \/>\n<meta name=\"twitter:creator\" content=\"@MonteCarloLivi\" \/>\n<meta name=\"twitter:site\" content=\"@MonteCarloLivi\" \/>\n<meta name=\"twitter:label1\" content=\"\u00c9crit par\" \/>\n\t<meta name=\"twitter:data1\" content=\"Redazione\" \/>\n\t<meta name=\"twitter:label2\" content=\"Dur\u00e9e de lecture estim\u00e9e\" \/>\n\t<meta name=\"twitter:data2\" content=\"2 minutes\" \/>\n<script type=\"application\/ld+json\" class=\"yoast-schema-graph\">{\"@context\":\"https:\\\/\\\/schema.org\",\"@graph\":[{\"@type\":\"Article\",\"@id\":\"https:\\\/\\\/montecarloliving.com\\\/fr\\\/actualite\\\/renfort-saisonnier-pour-les-taxis-de-monaco-20637\\\/#article\",\"isPartOf\":{\"@id\":\"https:\\\/\\\/montecarloliving.com\\\/fr\\\/actualite\\\/renfort-saisonnier-pour-les-taxis-de-monaco-20637\\\/\"},\"author\":{\"name\":\"Redazione\",\"@id\":\"https:\\\/\\\/montecarloliving.com\\\/fr\\\/#\\\/schema\\\/person\\\/7e5945d4560862b7f2d2c6831bda2819\"},\"headline\":\"Renfort saisonnier pour les Taxis de Monaco\",\"datePublished\":\"2025-04-07T06:16:05+00:00\",\"mainEntityOfPage\":{\"@id\":\"https:\\\/\\\/montecarloliving.com\\\/fr\\\/actualite\\\/renfort-saisonnier-pour-les-taxis-de-monaco-20637\\\/\"},\"wordCount\":286,\"image\":{\"@id\":\"https:\\\/\\\/montecarloliving.com\\\/fr\\\/actualite\\\/renfort-saisonnier-pour-les-taxis-de-monaco-20637\\\/#primaryimage\"},\"thumbnailUrl\":\"https:\\\/\\\/montecarloliving.com\\\/wp-content\\\/uploads\\\/2025\\\/04\\\/Les-taxis-electriques-saisonniers-de-la-Principaute-\u00a9DR-scaled.jpg\",\"articleSection\":[\"Actualit\u00e9\",\"Actualit\u00e9 \u00e0 Monaco\",\"Monaco\"],\"inLanguage\":\"fr-FR\"},{\"@type\":\"WebPage\",\"@id\":\"https:\\\/\\\/montecarloliving.com\\\/fr\\\/actualite\\\/renfort-saisonnier-pour-les-taxis-de-monaco-20637\\\/\",\"url\":\"https:\\\/\\\/montecarloliving.com\\\/fr\\\/actualite\\\/renfort-saisonnier-pour-les-taxis-de-monaco-20637\\\/\",\"name\":\"Renfort saisonnier pour les Taxis de Monaco\",\"isPartOf\":{\"@id\":\"https:\\\/\\\/montecarloliving.com\\\/fr\\\/#website\"},\"primaryImageOfPage\":{\"@id\":\"https:\\\/\\\/montecarloliving.com\\\/fr\\\/actualite\\\/renfort-saisonnier-pour-les-taxis-de-monaco-20637\\\/#primaryimage\"},\"image\":{\"@id\":\"https:\\\/\\\/montecarloliving.com\\\/fr\\\/actualite\\\/renfort-saisonnier-pour-les-taxis-de-monaco-20637\\\/#primaryimage\"},\"thumbnailUrl\":\"https:\\\/\\\/montecarloliving.com\\\/wp-content\\\/uploads\\\/2025\\\/04\\\/Les-taxis-electriques-saisonniers-de-la-Principaute-\u00a9DR-scaled.jpg\",\"datePublished\":\"2025-04-07T06:16:05+00:00\",\"author\":{\"@id\":\"https:\\\/\\\/montecarloliving.com\\\/fr\\\/#\\\/schema\\\/person\\\/7e5945d4560862b7f2d2c6831bda2819\"},\"description\":\"D\u00e8s \u00e0 pr\u00e9sent, 28 taxis saisonniers viennent renforcer la flotte des Taxis de Monaco pour r\u00e9pondre \u00e0 l\u2019afflux de la saison estivale et aux grands Renfort saisonnier pour les Taxis de Monaco\",\"breadcrumb\":{\"@id\":\"https:\\\/\\\/montecarloliving.com\\\/fr\\\/actualite\\\/renfort-saisonnier-pour-les-taxis-de-monaco-20637\\\/#breadcrumb\"},\"inLanguage\":\"fr-FR\",\"potentialAction\":[{\"@type\":\"ReadAction\",\"target\":[\"https:\\\/\\\/montecarloliving.com\\\/fr\\\/actualite\\\/renfort-saisonnier-pour-les-taxis-de-monaco-20637\\\/\"]}]},{\"@type\":\"ImageObject\",\"inLanguage\":\"fr-FR\",\"@id\":\"https:\\\/\\\/montecarloliving.com\\\/fr\\\/actualite\\\/renfort-saisonnier-pour-les-taxis-de-monaco-20637\\\/#primaryimage\",\"url\":\"https:\\\/\\\/montecarloliving.com\\\/wp-content\\\/uploads\\\/2025\\\/04\\\/Les-taxis-electriques-saisonniers-de-la-Principaute-\u00a9DR-scaled.jpg\",\"contentUrl\":\"https:\\\/\\\/montecarloliving.com\\\/wp-content\\\/uploads\\\/2025\\\/04\\\/Les-taxis-electriques-saisonniers-de-la-Principaute-\u00a9DR-scaled.jpg\",\"width\":2149,\"height\":2560,\"caption\":\"Taxi Monaco\"},{\"@type\":\"BreadcrumbList\",\"@id\":\"https:\\\/\\\/montecarloliving.com\\\/fr\\\/actualite\\\/renfort-saisonnier-pour-les-taxis-de-monaco-20637\\\/#breadcrumb\",\"itemListElement\":[{\"@type\":\"ListItem\",\"position\":1,\"name\":\"Home\",\"item\":\"https:\\\/\\\/montecarloliving.com\\\/fr\\\/\"},{\"@type\":\"ListItem\",\"position\":2,\"name\":\"Renfort saisonnier pour les Taxis de Monaco\"}]},{\"@type\":\"WebSite\",\"@id\":\"https:\\\/\\\/montecarloliving.com\\\/fr\\\/#website\",\"url\":\"https:\\\/\\\/montecarloliving.com\\\/fr\\\/\",\"name\":\"Montecarlo Living\",\"description\":\"News da Montecarlo - Principato di Monaco e Costa Azzurra\",\"potentialAction\":[{\"@type\":\"SearchAction\",\"target\":{\"@type\":\"EntryPoint\",\"urlTemplate\":\"https:\\\/\\\/montecarloliving.com\\\/fr\\\/?s={search_term_string}\"},\"query-input\":{\"@type\":\"PropertyValueSpecification\",\"valueRequired\":true,\"valueName\":\"search_term_string\"}}],\"inLanguage\":\"fr-FR\"},{\"@type\":\"Person\",\"@id\":\"https:\\\/\\\/montecarloliving.com\\\/fr\\\/#\\\/schema\\\/person\\\/7e5945d4560862b7f2d2c6831bda2819\",\"name\":\"Redazione\",\"image\":{\"@type\":\"ImageObject\",\"inLanguage\":\"fr-FR\",\"@id\":\"https:\\\/\\\/secure.gravatar.com\\\/avatar\\\/8b5f26557e18fe74ad8e8a57ebb2925d88af8a90cee489ff2beefb391bc9b9c7?s=96&d=mm&r=g\",\"url\":\"https:\\\/\\\/secure.gravatar.com\\\/avatar\\\/8b5f26557e18fe74ad8e8a57ebb2925d88af8a90cee489ff2beefb391bc9b9c7?s=96&d=mm&r=g\",\"contentUrl\":\"https:\\\/\\\/secure.gravatar.com\\\/avatar\\\/8b5f26557e18fe74ad8e8a57ebb2925d88af8a90cee489ff2beefb391bc9b9c7?s=96&d=mm&r=g\",\"caption\":\"Redazione\"}}]}<\/script>\n<!-- \/ Yoast SEO plugin. -->","yoast_head_json":{"title":"Renfort saisonnier pour les Taxis de Monaco","description":"D\u00e8s \u00e0 pr\u00e9sent, 28 taxis saisonniers viennent renforcer la flotte des Taxis de Monaco pour r\u00e9pondre \u00e0 l\u2019afflux de la saison estivale et aux grands Renfort saisonnier pour les Taxis de Monaco","robots":{"index":"index","follow":"follow","max-snippet":"max-snippet:-1","max-image-preview":"max-image-preview:large","max-video-preview":"max-video-preview:-1"},"canonical":"https:\/\/montecarloliving.com\/fr\/actualite\/renfort-saisonnier-pour-les-taxis-de-monaco-20637\/","og_locale":"fr_FR","og_title":"Renfort saisonnier pour les Taxis de Monaco","og_description":"D\u00e8s \u00e0 pr\u00e9sent, 28 taxis saisonniers viennent renforcer la flotte des Taxis de Monaco pour r\u00e9pondre \u00e0 l\u2019afflux de la saison estivale et aux grands Renfort saisonnier pour les Taxis de Monaco","og_url":"https:\/\/montecarloliving.com\/fr\/actualite\/renfort-saisonnier-pour-les-taxis-de-monaco-20637\/","og_site_name":"Montecarlo Living","article_publisher":"https:\/\/www.facebook.com\/montecarlolivingcom\/","article_published_time":"2025-04-07T06:16:05+00:00","og_image":[{"width":650,"height":400,"url":"https:\/\/montecarloliving.com\/wp-content\/uploads\/2025\/04\/Les-taxis-electriques-saisonniers-de-la-Principaute-\u00a9DR-650x400.jpg","type":"image\/jpeg"}],"author":"Redazione","twitter_card":"summary_large_image","twitter_creator":"@MonteCarloLivi","twitter_site":"@MonteCarloLivi","twitter_misc":{"\u00c9crit par":"Redazione","Dur\u00e9e de lecture estim\u00e9e":"2 minutes"},"schema":{"@context":"https:\/\/schema.org","@graph":[{"@type":"Article","@id":"https:\/\/montecarloliving.com\/fr\/actualite\/renfort-saisonnier-pour-les-taxis-de-monaco-20637\/#article","isPartOf":{"@id":"https:\/\/montecarloliving.com\/fr\/actualite\/renfort-saisonnier-pour-les-taxis-de-monaco-20637\/"},"author":{"name":"Redazione","@id":"https:\/\/montecarloliving.com\/fr\/#\/schema\/person\/7e5945d4560862b7f2d2c6831bda2819"},"headline":"Renfort saisonnier pour les Taxis de Monaco","datePublished":"2025-04-07T06:16:05+00:00","mainEntityOfPage":{"@id":"https:\/\/montecarloliving.com\/fr\/actualite\/renfort-saisonnier-pour-les-taxis-de-monaco-20637\/"},"wordCount":286,"image":{"@id":"https:\/\/montecarloliving.com\/fr\/actualite\/renfort-saisonnier-pour-les-taxis-de-monaco-20637\/#primaryimage"},"thumbnailUrl":"https:\/\/montecarloliving.com\/wp-content\/uploads\/2025\/04\/Les-taxis-electriques-saisonniers-de-la-Principaute-\u00a9DR-scaled.jpg","articleSection":["Actualit\u00e9","Actualit\u00e9 \u00e0 Monaco","Monaco"],"inLanguage":"fr-FR"},{"@type":"WebPage","@id":"https:\/\/montecarloliving.com\/fr\/actualite\/renfort-saisonnier-pour-les-taxis-de-monaco-20637\/","url":"https:\/\/montecarloliving.com\/fr\/actualite\/renfort-saisonnier-pour-les-taxis-de-monaco-20637\/","name":"Renfort saisonnier pour les Taxis de Monaco","isPartOf":{"@id":"https:\/\/montecarloliving.com\/fr\/#website"},"primaryImageOfPage":{"@id":"https:\/\/montecarloliving.com\/fr\/actualite\/renfort-saisonnier-pour-les-taxis-de-monaco-20637\/#primaryimage"},"image":{"@id":"https:\/\/montecarloliving.com\/fr\/actualite\/renfort-saisonnier-pour-les-taxis-de-monaco-20637\/#primaryimage"},"thumbnailUrl":"https:\/\/montecarloliving.com\/wp-content\/uploads\/2025\/04\/Les-taxis-electriques-saisonniers-de-la-Principaute-\u00a9DR-scaled.jpg","datePublished":"2025-04-07T06:16:05+00:00","author":{"@id":"https:\/\/montecarloliving.com\/fr\/#\/schema\/person\/7e5945d4560862b7f2d2c6831bda2819"},"description":"D\u00e8s \u00e0 pr\u00e9sent, 28 taxis saisonniers viennent renforcer la flotte des Taxis de Monaco pour r\u00e9pondre \u00e0 l\u2019afflux de la saison estivale et aux grands Renfort saisonnier pour les Taxis de Monaco","breadcrumb":{"@id":"https:\/\/montecarloliving.com\/fr\/actualite\/renfort-saisonnier-pour-les-taxis-de-monaco-20637\/#breadcrumb"},"inLanguage":"fr-FR","potentialAction":[{"@type":"ReadAction","target":["https:\/\/montecarloliving.com\/fr\/actualite\/renfort-saisonnier-pour-les-taxis-de-monaco-20637\/"]}]},{"@type":"ImageObject","inLanguage":"fr-FR","@id":"https:\/\/montecarloliving.com\/fr\/actualite\/renfort-saisonnier-pour-les-taxis-de-monaco-20637\/#primaryimage","url":"https:\/\/montecarloliving.com\/wp-content\/uploads\/2025\/04\/Les-taxis-electriques-saisonniers-de-la-Principaute-\u00a9DR-scaled.jpg","contentUrl":"https:\/\/montecarloliving.com\/wp-content\/uploads\/2025\/04\/Les-taxis-electriques-saisonniers-de-la-Principaute-\u00a9DR-scaled.jpg","width":2149,"height":2560,"caption":"Taxi Monaco"},{"@type":"BreadcrumbList","@id":"https:\/\/montecarloliving.com\/fr\/actualite\/renfort-saisonnier-pour-les-taxis-de-monaco-20637\/#breadcrumb","itemListElement":[{"@type":"ListItem","position":1,"name":"Home","item":"https:\/\/montecarloliving.com\/fr\/"},{"@type":"ListItem","position":2,"name":"Renfort saisonnier pour les Taxis de Monaco"}]},{"@type":"WebSite","@id":"https:\/\/montecarloliving.com\/fr\/#website","url":"https:\/\/montecarloliving.com\/fr\/","name":"Montecarlo Living","description":"News da Montecarlo - Principato di Monaco e Costa Azzurra","potentialAction":[{"@type":"SearchAction","target":{"@type":"EntryPoint","urlTemplate":"https:\/\/montecarloliving.com\/fr\/?s={search_term_string}"},"query-input":{"@type":"PropertyValueSpecification","valueRequired":true,"valueName":"search_term_string"}}],"inLanguage":"fr-FR"},{"@type":"Person","@id":"https:\/\/montecarloliving.com\/fr\/#\/schema\/person\/7e5945d4560862b7f2d2c6831bda2819","name":"Redazione","image":{"@type":"ImageObject","inLanguage":"fr-FR","@id":"https:\/\/secure.gravatar.com\/avatar\/8b5f26557e18fe74ad8e8a57ebb2925d88af8a90cee489ff2beefb391bc9b9c7?s=96&d=mm&r=g","url":"https:\/\/secure.gravatar.com\/avatar\/8b5f26557e18fe74ad8e8a57ebb2925d88af8a90cee489ff2beefb391bc9b9c7?s=96&d=mm&r=g","contentUrl":"https:\/\/secure.gravatar.com\/avatar\/8b5f26557e18fe74ad8e8a57ebb2925d88af8a90cee489ff2beefb391bc9b9c7?s=96&d=mm&r=g","caption":"Redazione"}}]}},"_links":{"self":[{"href":"https:\/\/montecarloliving.com\/fr\/wp-json\/wp\/v2\/posts\/20637","targetHints":{"allow":["GET"]}}],"collection":[{"href":"https:\/\/montecarloliving.com\/fr\/wp-json\/wp\/v2\/posts"}],"about":[{"href":"https:\/\/montecarloliving.com\/fr\/wp-json\/wp\/v2\/types\/post"}],"author":[{"embeddable":true,"href":"https:\/\/montecarloliving.com\/fr\/wp-json\/wp\/v2\/users\/1"}],"replies":[{"embeddable":true,"href":"https:\/\/montecarloliving.com\/fr\/wp-json\/wp\/v2\/comments?post=20637"}],"version-history":[{"count":1,"href":"https:\/\/montecarloliving.com\/fr\/wp-json\/wp\/v2\/posts\/20637\/revisions"}],"predecessor-version":[{"id":20641,"href":"https:\/\/montecarloliving.com\/fr\/wp-json\/wp\/v2\/posts\/20637\/revisions\/20641"}],"wp:featuredmedia":[{"embeddable":true,"href":"https:\/\/montecarloliving.com\/fr\/wp-json\/wp\/v2\/media\/20638"}],"wp:attachment":[{"href":"https:\/\/montecarloliving.com\/fr\/wp-json\/wp\/v2\/media?parent=20637"}],"wp:term":[{"taxonomy":"category","embeddable":true,"href":"https:\/\/montecarloliving.com\/fr\/wp-json\/wp\/v2\/categories?post=20637"},{"taxonomy":"post_tag","embeddable":true,"href":"https:\/\/montecarloliving.com\/fr\/wp-json\/wp\/v2\/tags?post=20637"}],"curies":[{"name":"wp","href":"https:\/\/api.w.org\/{rel}","templated":true}]}}