{"id":20528,"date":"2025-04-02T08:48:54","date_gmt":"2025-04-02T06:48:54","guid":{"rendered":"https:\/\/montecarloliving.com\/?p=20528"},"modified":"2025-04-01T11:49:08","modified_gmt":"2025-04-01T09:49:08","slug":"les-eleves-de-linstitution-fanb-en-immersion-avec-nasa-dans-cadre-du-festival-earth-to-space","status":"publish","type":"post","link":"https:\/\/montecarloliving.com\/fr\/actualite\/les-eleves-de-linstitution-fanb-en-immersion-avec-nasa-dans-cadre-du-festival-earth-to-space-20528\/","title":{"rendered":"Les \u00e9l\u00e8ves de l\u2019Institution FANB en immersion avec la NASA  dans le cadre du festival \u00ab EARTH to SPACE \u00bb"},"content":{"rendered":"<p>Dans le cadre du festival \u00ab EARTH to SPACE : Arts Breaking the Sky \u00bb, organis\u00e9 au Kennedy Center de Washington D.C., environ 70 \u00e9l\u00e8ves du lyc\u00e9e de l\u2019Institution FANB ont eu l\u2019opportunit\u00e9 de participer ce lundi 31 mars 2025 \u00e0 une session virtuelle exceptionnelle avec Mme Dorian Janney, sp\u00e9cialiste en \u00e9ducation de la NASA. Cet \u00e9v\u00e9nement, rendu possible gr\u00e2ce au partenariat entre S.E. Mme l\u2019Ambassadrice de Monaco aux \u00c9tats-Unis et au Canada et la Direction de l\u2019\u00c9ducation Nationale, de la Jeunesse et des Sports (DENJS), illustre l\u2019engagement de la Principaut\u00e9 en faveur de l\u2019\u00e9ducation scientifique et de la coop\u00e9ration internationale.<\/p>\n<p>Cette session \u00e9ducative in\u00e9dite a permis aux \u00e9l\u00e8ves de d\u00e9couvrir les missions d\u2019observation de la Terre men\u00e9es par la NASA, tout en mettant en lumi\u00e8re l\u2019importance de la coop\u00e9ration scientifique et de la diplomatie culturelle dans l\u2019exploration spatiale et la pr\u00e9servation de notre plan\u00e8te.<\/p>\n<p>Ce partenariat entre l\u2019Ambassade de Monaco aux \u00c9tats-Unis et au Canada et la DENJS t\u00e9moigne de la volont\u00e9 commune d\u2019offrir aux jeunes g\u00e9n\u00e9rations des opportunit\u00e9s et une approche in\u00e9dite des pratiques scientifiques.<\/p>\n","protected":false},"excerpt":{"rendered":"<p>Dans le cadre du festival \u00ab EARTH to SPACE : Arts Breaking the Sky \u00bb, organis\u00e9 au Kennedy Center de Washington D.C., environ 70 \u00e9l\u00e8ves du lyc\u00e9e de l\u2019Institution FANB ont eu l\u2019opportunit\u00e9 de participer ce lundi 31 mars 2025 \u00e0 une session virtuelle [&hellip;]<\/p>\n","protected":false},"author":1,"featured_media":20529,"comment_status":"closed","ping_status":"closed","sticky":false,"template":"","format":"standard","meta":{"footnotes":""},"categories":[827,875,867],"tags":[],"class_list":["post-20528","post","type-post","status-publish","format-standard","has-post-thumbnail","hentry","category-actualite","category-actualite-monaco","category-monaco-fr"],"yoast_head":"<!-- This site is optimized with the Yoast SEO plugin v27.5 - https:\/\/yoast.com\/product\/yoast-seo-wordpress\/ -->\n<title>Les \u00e9l\u00e8ves de l\u2019Institution FANB en immersion avec la NASA dans le cadre du festival \u00ab EARTH to SPACE \u00bb<\/title>\n<meta name=\"description\" content=\"Dans le cadre du festival \u00ab EARTH to SPACE : Arts Breaking the Sky \u00bb, organis\u00e9 au Kennedy Center de Washington D.C., environ 70 \u00e9l\u00e8ves du lyc\u00e9e de Les \u00e9l\u00e8ves de l\u2019Institution FANB en immersion avec la NASA dans le cadre du festival \u00ab EARTH to SPACE \u00bb\" \/>\n<meta name=\"robots\" content=\"index, follow, max-snippet:-1, max-image-preview:large, max-video-preview:-1\" \/>\n<link rel=\"canonical\" href=\"https:\/\/montecarloliving.com\/fr\/actualite\/les-eleves-de-linstitution-fanb-en-immersion-avec-nasa-dans-cadre-du-festival-earth-to-space-20528\/\" \/>\n<meta property=\"og:locale\" content=\"fr_FR\" \/>\n<meta property=\"og:title\" content=\"Les \u00e9l\u00e8ves de l\u2019Institution FANB en immersion avec la NASA dans le cadre du festival \u00ab EARTH to SPACE \u00bb\" \/>\n<meta property=\"og:description\" content=\"Dans le cadre du festival \u00ab EARTH to SPACE : Arts Breaking the Sky \u00bb, organis\u00e9 au Kennedy Center de Washington D.C., environ 70 \u00e9l\u00e8ves du lyc\u00e9e de Les \u00e9l\u00e8ves de l\u2019Institution FANB en immersion avec la NASA dans le cadre du festival \u00ab EARTH to SPACE \u00bb\" \/>\n<meta property=\"og:url\" content=\"https:\/\/montecarloliving.com\/fr\/actualite\/les-eleves-de-linstitution-fanb-en-immersion-avec-nasa-dans-cadre-du-festival-earth-to-space-20528\/\" \/>\n<meta property=\"og:site_name\" content=\"Montecarlo Living\" \/>\n<meta property=\"article:publisher\" content=\"https:\/\/www.facebook.com\/montecarlolivingcom\/\" \/>\n<meta property=\"article:published_time\" content=\"2025-04-02T06:48:54+00:00\" \/>\n<meta property=\"og:image\" content=\"https:\/\/montecarloliving.com\/wp-content\/uploads\/2025\/04\/Les-eleves-de-l_Institution-FANB-en-immersion-avec-la-NASA.-\u00a9Direction-de-la-Communication-Stephane-Danna-650x400.jpg\" \/>\n\t<meta property=\"og:image:width\" content=\"650\" \/>\n\t<meta property=\"og:image:height\" content=\"400\" \/>\n\t<meta property=\"og:image:type\" content=\"image\/jpeg\" \/>\n<meta name=\"author\" content=\"Redazione\" \/>\n<meta name=\"twitter:card\" content=\"summary_large_image\" \/>\n<meta name=\"twitter:creator\" content=\"@MonteCarloLivi\" \/>\n<meta name=\"twitter:site\" content=\"@MonteCarloLivi\" \/>\n<meta name=\"twitter:label1\" content=\"\u00c9crit par\" \/>\n\t<meta name=\"twitter:data1\" content=\"Redazione\" \/>\n\t<meta name=\"twitter:label2\" content=\"Dur\u00e9e de lecture estim\u00e9e\" \/>\n\t<meta name=\"twitter:data2\" content=\"2 minutes\" \/>\n<script type=\"application\/ld+json\" class=\"yoast-schema-graph\">{\"@context\":\"https:\\\/\\\/schema.org\",\"@graph\":[{\"@type\":\"Article\",\"@id\":\"https:\\\/\\\/montecarloliving.com\\\/fr\\\/actualite\\\/les-eleves-de-linstitution-fanb-en-immersion-avec-nasa-dans-cadre-du-festival-earth-to-space-20528\\\/#article\",\"isPartOf\":{\"@id\":\"https:\\\/\\\/montecarloliving.com\\\/fr\\\/actualite\\\/les-eleves-de-linstitution-fanb-en-immersion-avec-nasa-dans-cadre-du-festival-earth-to-space-20528\\\/\"},\"author\":{\"name\":\"Redazione\",\"@id\":\"https:\\\/\\\/montecarloliving.com\\\/fr\\\/#\\\/schema\\\/person\\\/7e5945d4560862b7f2d2c6831bda2819\"},\"headline\":\"Les \u00e9l\u00e8ves de l\u2019Institution FANB en immersion avec la NASA dans le cadre du festival \u00ab EARTH to SPACE \u00bb\",\"datePublished\":\"2025-04-02T06:48:54+00:00\",\"mainEntityOfPage\":{\"@id\":\"https:\\\/\\\/montecarloliving.com\\\/fr\\\/actualite\\\/les-eleves-de-linstitution-fanb-en-immersion-avec-nasa-dans-cadre-du-festival-earth-to-space-20528\\\/\"},\"wordCount\":222,\"image\":{\"@id\":\"https:\\\/\\\/montecarloliving.com\\\/fr\\\/actualite\\\/les-eleves-de-linstitution-fanb-en-immersion-avec-nasa-dans-cadre-du-festival-earth-to-space-20528\\\/#primaryimage\"},\"thumbnailUrl\":\"https:\\\/\\\/montecarloliving.com\\\/wp-content\\\/uploads\\\/2025\\\/04\\\/Les-eleves-de-l_Institution-FANB-en-immersion-avec-la-NASA.-\u00a9Direction-de-la-Communication-Stephane-Danna.jpg\",\"articleSection\":[\"Actualit\u00e9\",\"Actualit\u00e9 \u00e0 Monaco\",\"Monaco\"],\"inLanguage\":\"fr-FR\"},{\"@type\":\"WebPage\",\"@id\":\"https:\\\/\\\/montecarloliving.com\\\/fr\\\/actualite\\\/les-eleves-de-linstitution-fanb-en-immersion-avec-nasa-dans-cadre-du-festival-earth-to-space-20528\\\/\",\"url\":\"https:\\\/\\\/montecarloliving.com\\\/fr\\\/actualite\\\/les-eleves-de-linstitution-fanb-en-immersion-avec-nasa-dans-cadre-du-festival-earth-to-space-20528\\\/\",\"name\":\"Les \u00e9l\u00e8ves de l\u2019Institution FANB en immersion avec la NASA dans le cadre du festival \u00ab EARTH to SPACE \u00bb\",\"isPartOf\":{\"@id\":\"https:\\\/\\\/montecarloliving.com\\\/fr\\\/#website\"},\"primaryImageOfPage\":{\"@id\":\"https:\\\/\\\/montecarloliving.com\\\/fr\\\/actualite\\\/les-eleves-de-linstitution-fanb-en-immersion-avec-nasa-dans-cadre-du-festival-earth-to-space-20528\\\/#primaryimage\"},\"image\":{\"@id\":\"https:\\\/\\\/montecarloliving.com\\\/fr\\\/actualite\\\/les-eleves-de-linstitution-fanb-en-immersion-avec-nasa-dans-cadre-du-festival-earth-to-space-20528\\\/#primaryimage\"},\"thumbnailUrl\":\"https:\\\/\\\/montecarloliving.com\\\/wp-content\\\/uploads\\\/2025\\\/04\\\/Les-eleves-de-l_Institution-FANB-en-immersion-avec-la-NASA.-\u00a9Direction-de-la-Communication-Stephane-Danna.jpg\",\"datePublished\":\"2025-04-02T06:48:54+00:00\",\"author\":{\"@id\":\"https:\\\/\\\/montecarloliving.com\\\/fr\\\/#\\\/schema\\\/person\\\/7e5945d4560862b7f2d2c6831bda2819\"},\"description\":\"Dans le cadre du festival \u00ab EARTH to SPACE : Arts Breaking the Sky \u00bb, organis\u00e9 au Kennedy Center de Washington D.C., environ 70 \u00e9l\u00e8ves du lyc\u00e9e de Les \u00e9l\u00e8ves de l\u2019Institution FANB en immersion avec la NASA dans le cadre du festival \u00ab EARTH to SPACE \u00bb\",\"breadcrumb\":{\"@id\":\"https:\\\/\\\/montecarloliving.com\\\/fr\\\/actualite\\\/les-eleves-de-linstitution-fanb-en-immersion-avec-nasa-dans-cadre-du-festival-earth-to-space-20528\\\/#breadcrumb\"},\"inLanguage\":\"fr-FR\",\"potentialAction\":[{\"@type\":\"ReadAction\",\"target\":[\"https:\\\/\\\/montecarloliving.com\\\/fr\\\/actualite\\\/les-eleves-de-linstitution-fanb-en-immersion-avec-nasa-dans-cadre-du-festival-earth-to-space-20528\\\/\"]}]},{\"@type\":\"ImageObject\",\"inLanguage\":\"fr-FR\",\"@id\":\"https:\\\/\\\/montecarloliving.com\\\/fr\\\/actualite\\\/les-eleves-de-linstitution-fanb-en-immersion-avec-nasa-dans-cadre-du-festival-earth-to-space-20528\\\/#primaryimage\",\"url\":\"https:\\\/\\\/montecarloliving.com\\\/wp-content\\\/uploads\\\/2025\\\/04\\\/Les-eleves-de-l_Institution-FANB-en-immersion-avec-la-NASA.-\u00a9Direction-de-la-Communication-Stephane-Danna.jpg\",\"contentUrl\":\"https:\\\/\\\/montecarloliving.com\\\/wp-content\\\/uploads\\\/2025\\\/04\\\/Les-eleves-de-l_Institution-FANB-en-immersion-avec-la-NASA.-\u00a9Direction-de-la-Communication-Stephane-Danna.jpg\",\"width\":1846,\"height\":1231},{\"@type\":\"BreadcrumbList\",\"@id\":\"https:\\\/\\\/montecarloliving.com\\\/fr\\\/actualite\\\/les-eleves-de-linstitution-fanb-en-immersion-avec-nasa-dans-cadre-du-festival-earth-to-space-20528\\\/#breadcrumb\",\"itemListElement\":[{\"@type\":\"ListItem\",\"position\":1,\"name\":\"Home\",\"item\":\"https:\\\/\\\/montecarloliving.com\\\/fr\\\/\"},{\"@type\":\"ListItem\",\"position\":2,\"name\":\"Les \u00e9l\u00e8ves de l\u2019Institution FANB en immersion avec la NASA dans le cadre du festival \u00ab EARTH to SPACE \u00bb\"}]},{\"@type\":\"WebSite\",\"@id\":\"https:\\\/\\\/montecarloliving.com\\\/fr\\\/#website\",\"url\":\"https:\\\/\\\/montecarloliving.com\\\/fr\\\/\",\"name\":\"Montecarlo Living\",\"description\":\"News da Montecarlo - Principato di Monaco e Costa Azzurra\",\"potentialAction\":[{\"@type\":\"SearchAction\",\"target\":{\"@type\":\"EntryPoint\",\"urlTemplate\":\"https:\\\/\\\/montecarloliving.com\\\/fr\\\/?s={search_term_string}\"},\"query-input\":{\"@type\":\"PropertyValueSpecification\",\"valueRequired\":true,\"valueName\":\"search_term_string\"}}],\"inLanguage\":\"fr-FR\"},{\"@type\":\"Person\",\"@id\":\"https:\\\/\\\/montecarloliving.com\\\/fr\\\/#\\\/schema\\\/person\\\/7e5945d4560862b7f2d2c6831bda2819\",\"name\":\"Redazione\",\"image\":{\"@type\":\"ImageObject\",\"inLanguage\":\"fr-FR\",\"@id\":\"https:\\\/\\\/secure.gravatar.com\\\/avatar\\\/8b5f26557e18fe74ad8e8a57ebb2925d88af8a90cee489ff2beefb391bc9b9c7?s=96&d=mm&r=g\",\"url\":\"https:\\\/\\\/secure.gravatar.com\\\/avatar\\\/8b5f26557e18fe74ad8e8a57ebb2925d88af8a90cee489ff2beefb391bc9b9c7?s=96&d=mm&r=g\",\"contentUrl\":\"https:\\\/\\\/secure.gravatar.com\\\/avatar\\\/8b5f26557e18fe74ad8e8a57ebb2925d88af8a90cee489ff2beefb391bc9b9c7?s=96&d=mm&r=g\",\"caption\":\"Redazione\"}}]}<\/script>\n<!-- \/ Yoast SEO plugin. -->","yoast_head_json":{"title":"Les \u00e9l\u00e8ves de l\u2019Institution FANB en immersion avec la NASA dans le cadre du festival \u00ab EARTH to SPACE \u00bb","description":"Dans le cadre du festival \u00ab EARTH to SPACE : Arts Breaking the Sky \u00bb, organis\u00e9 au Kennedy Center de Washington D.C., environ 70 \u00e9l\u00e8ves du lyc\u00e9e de Les \u00e9l\u00e8ves de l\u2019Institution FANB en immersion avec la NASA dans le cadre du festival \u00ab EARTH to SPACE \u00bb","robots":{"index":"index","follow":"follow","max-snippet":"max-snippet:-1","max-image-preview":"max-image-preview:large","max-video-preview":"max-video-preview:-1"},"canonical":"https:\/\/montecarloliving.com\/fr\/actualite\/les-eleves-de-linstitution-fanb-en-immersion-avec-nasa-dans-cadre-du-festival-earth-to-space-20528\/","og_locale":"fr_FR","og_title":"Les \u00e9l\u00e8ves de l\u2019Institution FANB en immersion avec la NASA dans le cadre du festival \u00ab EARTH to SPACE \u00bb","og_description":"Dans le cadre du festival \u00ab EARTH to SPACE : Arts Breaking the Sky \u00bb, organis\u00e9 au Kennedy Center de Washington D.C., environ 70 \u00e9l\u00e8ves du lyc\u00e9e de Les \u00e9l\u00e8ves de l\u2019Institution FANB en immersion avec la NASA dans le cadre du festival \u00ab EARTH to SPACE \u00bb","og_url":"https:\/\/montecarloliving.com\/fr\/actualite\/les-eleves-de-linstitution-fanb-en-immersion-avec-nasa-dans-cadre-du-festival-earth-to-space-20528\/","og_site_name":"Montecarlo Living","article_publisher":"https:\/\/www.facebook.com\/montecarlolivingcom\/","article_published_time":"2025-04-02T06:48:54+00:00","og_image":[{"width":650,"height":400,"url":"https:\/\/montecarloliving.com\/wp-content\/uploads\/2025\/04\/Les-eleves-de-l_Institution-FANB-en-immersion-avec-la-NASA.-\u00a9Direction-de-la-Communication-Stephane-Danna-650x400.jpg","type":"image\/jpeg"}],"author":"Redazione","twitter_card":"summary_large_image","twitter_creator":"@MonteCarloLivi","twitter_site":"@MonteCarloLivi","twitter_misc":{"\u00c9crit par":"Redazione","Dur\u00e9e de lecture estim\u00e9e":"2 minutes"},"schema":{"@context":"https:\/\/schema.org","@graph":[{"@type":"Article","@id":"https:\/\/montecarloliving.com\/fr\/actualite\/les-eleves-de-linstitution-fanb-en-immersion-avec-nasa-dans-cadre-du-festival-earth-to-space-20528\/#article","isPartOf":{"@id":"https:\/\/montecarloliving.com\/fr\/actualite\/les-eleves-de-linstitution-fanb-en-immersion-avec-nasa-dans-cadre-du-festival-earth-to-space-20528\/"},"author":{"name":"Redazione","@id":"https:\/\/montecarloliving.com\/fr\/#\/schema\/person\/7e5945d4560862b7f2d2c6831bda2819"},"headline":"Les \u00e9l\u00e8ves de l\u2019Institution FANB en immersion avec la NASA dans le cadre du festival \u00ab EARTH to SPACE \u00bb","datePublished":"2025-04-02T06:48:54+00:00","mainEntityOfPage":{"@id":"https:\/\/montecarloliving.com\/fr\/actualite\/les-eleves-de-linstitution-fanb-en-immersion-avec-nasa-dans-cadre-du-festival-earth-to-space-20528\/"},"wordCount":222,"image":{"@id":"https:\/\/montecarloliving.com\/fr\/actualite\/les-eleves-de-linstitution-fanb-en-immersion-avec-nasa-dans-cadre-du-festival-earth-to-space-20528\/#primaryimage"},"thumbnailUrl":"https:\/\/montecarloliving.com\/wp-content\/uploads\/2025\/04\/Les-eleves-de-l_Institution-FANB-en-immersion-avec-la-NASA.-\u00a9Direction-de-la-Communication-Stephane-Danna.jpg","articleSection":["Actualit\u00e9","Actualit\u00e9 \u00e0 Monaco","Monaco"],"inLanguage":"fr-FR"},{"@type":"WebPage","@id":"https:\/\/montecarloliving.com\/fr\/actualite\/les-eleves-de-linstitution-fanb-en-immersion-avec-nasa-dans-cadre-du-festival-earth-to-space-20528\/","url":"https:\/\/montecarloliving.com\/fr\/actualite\/les-eleves-de-linstitution-fanb-en-immersion-avec-nasa-dans-cadre-du-festival-earth-to-space-20528\/","name":"Les \u00e9l\u00e8ves de l\u2019Institution FANB en immersion avec la NASA dans le cadre du festival \u00ab EARTH to SPACE \u00bb","isPartOf":{"@id":"https:\/\/montecarloliving.com\/fr\/#website"},"primaryImageOfPage":{"@id":"https:\/\/montecarloliving.com\/fr\/actualite\/les-eleves-de-linstitution-fanb-en-immersion-avec-nasa-dans-cadre-du-festival-earth-to-space-20528\/#primaryimage"},"image":{"@id":"https:\/\/montecarloliving.com\/fr\/actualite\/les-eleves-de-linstitution-fanb-en-immersion-avec-nasa-dans-cadre-du-festival-earth-to-space-20528\/#primaryimage"},"thumbnailUrl":"https:\/\/montecarloliving.com\/wp-content\/uploads\/2025\/04\/Les-eleves-de-l_Institution-FANB-en-immersion-avec-la-NASA.-\u00a9Direction-de-la-Communication-Stephane-Danna.jpg","datePublished":"2025-04-02T06:48:54+00:00","author":{"@id":"https:\/\/montecarloliving.com\/fr\/#\/schema\/person\/7e5945d4560862b7f2d2c6831bda2819"},"description":"Dans le cadre du festival \u00ab EARTH to SPACE : Arts Breaking the Sky \u00bb, organis\u00e9 au Kennedy Center de Washington D.C., environ 70 \u00e9l\u00e8ves du lyc\u00e9e de Les \u00e9l\u00e8ves de l\u2019Institution FANB en immersion avec la NASA dans le cadre du festival \u00ab EARTH to SPACE \u00bb","breadcrumb":{"@id":"https:\/\/montecarloliving.com\/fr\/actualite\/les-eleves-de-linstitution-fanb-en-immersion-avec-nasa-dans-cadre-du-festival-earth-to-space-20528\/#breadcrumb"},"inLanguage":"fr-FR","potentialAction":[{"@type":"ReadAction","target":["https:\/\/montecarloliving.com\/fr\/actualite\/les-eleves-de-linstitution-fanb-en-immersion-avec-nasa-dans-cadre-du-festival-earth-to-space-20528\/"]}]},{"@type":"ImageObject","inLanguage":"fr-FR","@id":"https:\/\/montecarloliving.com\/fr\/actualite\/les-eleves-de-linstitution-fanb-en-immersion-avec-nasa-dans-cadre-du-festival-earth-to-space-20528\/#primaryimage","url":"https:\/\/montecarloliving.com\/wp-content\/uploads\/2025\/04\/Les-eleves-de-l_Institution-FANB-en-immersion-avec-la-NASA.-\u00a9Direction-de-la-Communication-Stephane-Danna.jpg","contentUrl":"https:\/\/montecarloliving.com\/wp-content\/uploads\/2025\/04\/Les-eleves-de-l_Institution-FANB-en-immersion-avec-la-NASA.-\u00a9Direction-de-la-Communication-Stephane-Danna.jpg","width":1846,"height":1231},{"@type":"BreadcrumbList","@id":"https:\/\/montecarloliving.com\/fr\/actualite\/les-eleves-de-linstitution-fanb-en-immersion-avec-nasa-dans-cadre-du-festival-earth-to-space-20528\/#breadcrumb","itemListElement":[{"@type":"ListItem","position":1,"name":"Home","item":"https:\/\/montecarloliving.com\/fr\/"},{"@type":"ListItem","position":2,"name":"Les \u00e9l\u00e8ves de l\u2019Institution FANB en immersion avec la NASA dans le cadre du festival \u00ab EARTH to SPACE \u00bb"}]},{"@type":"WebSite","@id":"https:\/\/montecarloliving.com\/fr\/#website","url":"https:\/\/montecarloliving.com\/fr\/","name":"Montecarlo Living","description":"News da Montecarlo - Principato di Monaco e Costa Azzurra","potentialAction":[{"@type":"SearchAction","target":{"@type":"EntryPoint","urlTemplate":"https:\/\/montecarloliving.com\/fr\/?s={search_term_string}"},"query-input":{"@type":"PropertyValueSpecification","valueRequired":true,"valueName":"search_term_string"}}],"inLanguage":"fr-FR"},{"@type":"Person","@id":"https:\/\/montecarloliving.com\/fr\/#\/schema\/person\/7e5945d4560862b7f2d2c6831bda2819","name":"Redazione","image":{"@type":"ImageObject","inLanguage":"fr-FR","@id":"https:\/\/secure.gravatar.com\/avatar\/8b5f26557e18fe74ad8e8a57ebb2925d88af8a90cee489ff2beefb391bc9b9c7?s=96&d=mm&r=g","url":"https:\/\/secure.gravatar.com\/avatar\/8b5f26557e18fe74ad8e8a57ebb2925d88af8a90cee489ff2beefb391bc9b9c7?s=96&d=mm&r=g","contentUrl":"https:\/\/secure.gravatar.com\/avatar\/8b5f26557e18fe74ad8e8a57ebb2925d88af8a90cee489ff2beefb391bc9b9c7?s=96&d=mm&r=g","caption":"Redazione"}}]}},"_links":{"self":[{"href":"https:\/\/montecarloliving.com\/fr\/wp-json\/wp\/v2\/posts\/20528","targetHints":{"allow":["GET"]}}],"collection":[{"href":"https:\/\/montecarloliving.com\/fr\/wp-json\/wp\/v2\/posts"}],"about":[{"href":"https:\/\/montecarloliving.com\/fr\/wp-json\/wp\/v2\/types\/post"}],"author":[{"embeddable":true,"href":"https:\/\/montecarloliving.com\/fr\/wp-json\/wp\/v2\/users\/1"}],"replies":[{"embeddable":true,"href":"https:\/\/montecarloliving.com\/fr\/wp-json\/wp\/v2\/comments?post=20528"}],"version-history":[{"count":1,"href":"https:\/\/montecarloliving.com\/fr\/wp-json\/wp\/v2\/posts\/20528\/revisions"}],"predecessor-version":[{"id":20532,"href":"https:\/\/montecarloliving.com\/fr\/wp-json\/wp\/v2\/posts\/20528\/revisions\/20532"}],"wp:featuredmedia":[{"embeddable":true,"href":"https:\/\/montecarloliving.com\/fr\/wp-json\/wp\/v2\/media\/20529"}],"wp:attachment":[{"href":"https:\/\/montecarloliving.com\/fr\/wp-json\/wp\/v2\/media?parent=20528"}],"wp:term":[{"taxonomy":"category","embeddable":true,"href":"https:\/\/montecarloliving.com\/fr\/wp-json\/wp\/v2\/categories?post=20528"},{"taxonomy":"post_tag","embeddable":true,"href":"https:\/\/montecarloliving.com\/fr\/wp-json\/wp\/v2\/tags?post=20528"}],"curies":[{"name":"wp","href":"https:\/\/api.w.org\/{rel}","templated":true}]}}