{"id":20426,"date":"2025-03-31T08:55:41","date_gmt":"2025-03-31T06:55:41","guid":{"rendered":"https:\/\/montecarloliving.com\/?p=20426"},"modified":"2025-03-28T11:04:20","modified_gmt":"2025-03-28T10:04:20","slug":"nouvelle-saison-du-coya-monte-carlo-programme-2025","status":"publish","type":"post","link":"https:\/\/montecarloliving.com\/fr\/actualite\/nouvelle-saison-du-coya-monte-carlo-programme-2025-20426\/","title":{"rendered":"La Nouvelle Saison du COYA Monte-Carlo : Le Programme 2025"},"content":{"rendered":"<p class=\"\" data-start=\"96\" data-end=\"484\">COYA Monte-Carlo rouvrira ses portes le 3 avril 2025, offrant une exp\u00e9rience encore plus sophistiqu\u00e9e et immersive. Nich\u00e9 au c\u0153ur du Sporting Monte-Carlo, ce restaurant embl\u00e9matique allie une cuisine p\u00e9ruvienne authentique, une mixologie audacieuse et un divertissement exclusif, promettant des soir\u00e9es inoubliables sur sa terrasse iconique avec une vue panoramique sur la M\u00e9diterran\u00e9e.<\/p>\n<h3 class=\"\" data-start=\"486\" data-end=\"546\"><strong data-start=\"490\" data-end=\"544\">Une ambiance raffin\u00e9e et une mixologie d&rsquo;exception<\/strong><\/h3>\n<p class=\"\" data-start=\"548\" data-end=\"1163\">Le nouvel espace ext\u00e9rieur du COYA Monte-Carlo plonge ses invit\u00e9s dans une atmosph\u00e8re \u00e9l\u00e9gante et envo\u00fbtante. Le c\u00e9l\u00e8bre <strong data-start=\"669\" data-end=\"682\">Pisco Bar<\/strong> proposera une s\u00e9lection exclusive de cocktails \u00e0 base de Pisco, dont le r\u00e9volutionnaire <strong data-start=\"771\" data-end=\"794\">Pisco Macerado 1615<\/strong>, con\u00e7u en collaboration avec la prestigieuse distillerie p\u00e9ruvienne 1615. Cette infusion in\u00e9dite associe le Pisco \u00e0 la passion, offrant une touche exotique au traditionnel Pisco Sour. En plus de cette innovation, les convives pourront d\u00e9couvrir de nouvelles infusions et des cr\u00e9ations originales, parfaites pour les amateurs de cocktails comme pour les connaisseurs.<\/p>\n<h3 class=\"\" data-start=\"1165\" data-end=\"1227\"><strong data-start=\"1169\" data-end=\"1225\">Musique &amp; Divertissement : la saison COYA MUSIC 2025<\/strong><\/h3>\n<p class=\"\" data-start=\"1229\" data-end=\"1619\">La musique est au c\u0153ur de l&rsquo;exp\u00e9rience COYA Monte-Carlo, et en 2025, <strong data-start=\"1298\" data-end=\"1312\">COYA MUSIC<\/strong> pr\u00e9sentera une programmation exceptionnelle mettant en avant des DJs de renomm\u00e9e mondiale. L&rsquo;\u00e9v\u00e9nement phare de la saison, <strong data-start=\"1436\" data-end=\"1455\">\u00ab Inca Nights \u00bb<\/strong>, offrira une immersion sensorielle au c\u0153ur des rythmes et sonorit\u00e9s vibrantes d\u2019Am\u00e9rique latine, avec des performances captivantes et des ambiances inoubliables.<\/p>\n<h3 class=\"\" data-start=\"1621\" data-end=\"1674\"><strong data-start=\"1625\" data-end=\"1672\">Les \u00e9v\u00e9nements incontournables de la saison<\/strong><\/h3>\n<p class=\"\" data-start=\"1676\" data-end=\"1761\">COYA Monte-Carlo d\u00e9voile un programme exclusif pour rythmer les nuits mon\u00e9gasques :<\/p>\n<ul data-start=\"1763\" data-end=\"2101\">\n<li class=\"\" data-start=\"1763\" data-end=\"1799\">\n<p class=\"\" data-start=\"1765\" data-end=\"1799\"><strong data-start=\"1765\" data-end=\"1776\">3 avril<\/strong> : Soir\u00e9e d\u2019ouverture<\/p>\n<\/li>\n<li class=\"\" data-start=\"1800\" data-end=\"1832\">\n<p class=\"\" data-start=\"1802\" data-end=\"1832\"><strong data-start=\"1802\" data-end=\"1814\">10 avril<\/strong> : Benny Benassi<\/p>\n<\/li>\n<li class=\"\" data-start=\"1833\" data-end=\"1869\">\n<p class=\"\" data-start=\"1835\" data-end=\"1869\"><strong data-start=\"1835\" data-end=\"1845\">6 juin<\/strong> : Inca Night &#8211; Demaya<\/p>\n<\/li>\n<li class=\"\" data-start=\"1870\" data-end=\"1903\">\n<p class=\"\" data-start=\"1872\" data-end=\"1903\"><strong data-start=\"1872\" data-end=\"1883\">27 juin<\/strong> : La Noche Blanca<\/p>\n<\/li>\n<li class=\"\" data-start=\"1904\" data-end=\"1944\">\n<p class=\"\" data-start=\"1906\" data-end=\"1944\"><strong data-start=\"1906\" data-end=\"1920\">18 juillet<\/strong> : Inca Night &#8211; Demaya<\/p>\n<\/li>\n<li class=\"\" data-start=\"1945\" data-end=\"1985\">\n<p class=\"\" data-start=\"1947\" data-end=\"1985\"><strong data-start=\"1947\" data-end=\"1958\">22 ao\u00fbt<\/strong> : Inca Night &#8211; Alex Twin<\/p>\n<\/li>\n<li class=\"\" data-start=\"1986\" data-end=\"2027\">\n<p class=\"\" data-start=\"1988\" data-end=\"2027\"><strong data-start=\"1988\" data-end=\"2004\">14 septembre<\/strong> : Inca Night &#8211; Adore<\/p>\n<\/li>\n<li class=\"\" data-start=\"2028\" data-end=\"2062\">\n<p class=\"\" data-start=\"2030\" data-end=\"2062\"><strong data-start=\"2030\" data-end=\"2046\">25 septembre<\/strong> : Bob Sinclar<\/p>\n<\/li>\n<li class=\"\" data-start=\"2063\" data-end=\"2101\">\n<p class=\"\" data-start=\"2065\" data-end=\"2101\"><strong data-start=\"2065\" data-end=\"2079\">25 octobre<\/strong> : Soir\u00e9e de cl\u00f4ture<\/p>\n<\/li>\n<\/ul>\n<h3 class=\"\" data-start=\"2103\" data-end=\"2159\"><strong data-start=\"2107\" data-end=\"2157\">Inca Nights : une immersion en Am\u00e9rique du Sud<\/strong><\/h3>\n<p class=\"\" data-start=\"2161\" data-end=\"2584\"><strong data-start=\"2161\" data-end=\"2176\">Inca Nights<\/strong> est un concept innovant qui c\u00e9l\u00e8bre la culture latino-am\u00e9ricaine \u00e0 travers la musique, la danse et des performances envo\u00fbtantes. Chaque soir\u00e9e offrira une exp\u00e9rience multisensorielle pens\u00e9e pour transporter les invit\u00e9s dans un univers d\u2019\u00e9l\u00e9gance, de passion et d\u2019authenticit\u00e9. Entre sets exclusifs de DJs et performances artistiques captivantes, chaque d\u00e9tail est con\u00e7u pour offrir des nuits inoubliables.<\/p>\n<h3 class=\"\" data-start=\"2586\" data-end=\"2657\"><strong data-start=\"2590\" data-end=\"2655\">Un voyage culinaire orchestr\u00e9 par la Chef Victoria Vallenilla<\/strong><\/h3>\n<p class=\"\" data-start=\"2659\" data-end=\"3065\">La talentueuse Chef <strong data-start=\"2679\" data-end=\"2702\">Victoria Vallenilla<\/strong> signe l\u2019exp\u00e9rience gastronomique du COYA Monte-Carlo, sublimant les saveurs vibrantes du P\u00e9rou \u00e0 travers un menu raffin\u00e9. Parmi les incontournables de cette saison : le <strong data-start=\"2872\" data-end=\"2893\">ceviche signature<\/strong>, ainsi que de nouvelles cr\u00e9ations comme le <strong data-start=\"2937\" data-end=\"2974\">ceviche de thon Chu Toro au ponzu<\/strong>, le <strong data-start=\"2979\" data-end=\"3009\">riz chaufa au poulpe \u00e9pic\u00e9<\/strong>, et les <strong data-start=\"3018\" data-end=\"3062\">c\u00f4telettes d\u2019agneau grill\u00e9es \u00e0 la robata<\/strong>.<\/p>\n<h3 class=\"\" data-start=\"3067\" data-end=\"3129\"><strong data-start=\"3071\" data-end=\"3127\">Une terrasse d\u2019exception surplombant la M\u00e9diterran\u00e9e<\/strong><\/h3>\n<p class=\"\" data-start=\"3131\" data-end=\"3455\">Surplombant la mer, la spectaculaire terrasse du COYA Monte-Carlo est le lieu id\u00e9al pour savourer un cocktail au coucher du soleil, un d\u00eener intime ou organiser un \u00e9v\u00e9nement priv\u00e9 dans un cadre exclusif. Et pour prolonger la f\u00eate, le l\u00e9gendaire <strong data-start=\"3376\" data-end=\"3399\">Jimmy\u2019z Monte-Carlo<\/strong>, situ\u00e9 \u00e0 quelques pas, promet des nuits inoubliables.<\/p>\n<h3 class=\"\" data-start=\"3457\" data-end=\"3489\"><strong data-start=\"3461\" data-end=\"3487\">Informations pratiques<\/strong><\/h3>\n<p class=\"\" data-start=\"3491\" data-end=\"3621\">\ud83d\udccd <strong data-start=\"3494\" data-end=\"3514\">COYA Monte-Carlo<\/strong> \u2013 Sporting Monte-Carlo, 26 avenue Princesse Grace, 98000 Monaco<br data-start=\"3578\" data-end=\"3581\" \/>\ud83d\udcc5 <strong data-start=\"3584\" data-end=\"3619\">Ouvert jusqu\u2019au 25 octobre 2025<\/strong><\/p>\n<ul data-start=\"3622\" data-end=\"3815\">\n<li class=\"\" data-start=\"3622\" data-end=\"3693\">\n<p class=\"\" data-start=\"3624\" data-end=\"3693\"><strong data-start=\"3624\" data-end=\"3649\">Avril, mai, septembre<\/strong> : du mercredi au dimanche (19h30 &#8211; 01h00)<\/p>\n<\/li>\n<li class=\"\" data-start=\"3694\" data-end=\"3760\">\n<p class=\"\" data-start=\"3696\" data-end=\"3760\"><strong data-start=\"3696\" data-end=\"3719\">Juin, juillet, ao\u00fbt<\/strong> : du mardi au dimanche (19h30 &#8211; 01h00)<\/p>\n<\/li>\n<li class=\"\" data-start=\"3761\" data-end=\"3815\">\n<p class=\"\" data-start=\"3763\" data-end=\"3815\"><strong data-start=\"3763\" data-end=\"3774\">Octobre<\/strong> : du jeudi au dimanche (19h30 &#8211; 01h00)<\/p>\n<\/li>\n<\/ul>\n<p class=\"\" data-start=\"3817\" data-end=\"4009\">\ud83d\udcde <strong data-start=\"3820\" data-end=\"3851\">R\u00e9servations &amp; Informations<\/strong> : +377 98 06 20 20<br data-start=\"3870\" data-end=\"3873\" \/>\ud83c\udf10 <strong data-start=\"3876\" data-end=\"3888\">Site web<\/strong> : <a class=\"\" href=\"http:\/\/www.montecarlosbm.com\" target=\"_new\" rel=\"noopener\" data-start=\"3891\" data-end=\"3944\">www.montecarlosbm.com<\/a><br data-start=\"3944\" data-end=\"3947\" \/>\ud83d\udce9 <strong data-start=\"3950\" data-end=\"3985\">\u00c9v\u00e9nements priv\u00e9s &amp; semi-priv\u00e9s<\/strong> : <a rel=\"noopener\" data-start=\"3988\" data-end=\"4009\" data-is-last-node=\"\">COYAMonteCarlo@sbm.mc<\/a><\/p>\n","protected":false},"excerpt":{"rendered":"<p>COYA Monte-Carlo rouvrira ses portes le 3 avril 2025, offrant une exp\u00e9rience encore plus sophistiqu\u00e9e et immersive. Nich\u00e9 au c\u0153ur du Sporting Monte-Carlo, ce restaurant embl\u00e9matique allie une cuisine p\u00e9ruvienne authentique, une mixologie audacieuse et un divertissement exclusif, promettant des soir\u00e9es inoubliables sur sa [&hellip;]<\/p>\n","protected":false},"author":1,"featured_media":20423,"comment_status":"closed","ping_status":"closed","sticky":false,"template":"","format":"standard","meta":{"footnotes":""},"categories":[827,828,867,821],"tags":[],"class_list":["post-20426","post","type-post","status-publish","format-standard","has-post-thumbnail","hentry","category-actualite","category-evenements","category-monaco-fr","category-ou-manger"],"yoast_head":"<!-- This site is optimized with the Yoast SEO plugin v27.4 - https:\/\/yoast.com\/product\/yoast-seo-wordpress\/ -->\n<title>La Nouvelle Saison du COYA Monte-Carlo : Le Programme 2025<\/title>\n<meta name=\"description\" content=\"COYA Monte-Carlo rouvrira ses portes le 3 avril 2025, offrant une exp\u00e9rience encore plus sophistiqu\u00e9e et immersive. Nich\u00e9 au c\u0153ur du Sporting Monte-Carlo, La Nouvelle Saison du COYA Monte-Carlo : Le Programme 2025\" \/>\n<meta name=\"robots\" content=\"index, follow, max-snippet:-1, max-image-preview:large, max-video-preview:-1\" \/>\n<link rel=\"canonical\" href=\"https:\/\/montecarloliving.com\/fr\/actualite\/nouvelle-saison-du-coya-monte-carlo-programme-2025-20426\/\" \/>\n<meta property=\"og:locale\" content=\"fr_FR\" \/>\n<meta property=\"og:title\" content=\"La Nouvelle Saison du COYA Monte-Carlo : Le Programme 2025\" \/>\n<meta property=\"og:description\" content=\"COYA Monte-Carlo rouvrira ses portes le 3 avril 2025, offrant une exp\u00e9rience encore plus sophistiqu\u00e9e et immersive. Nich\u00e9 au c\u0153ur du Sporting Monte-Carlo, La Nouvelle Saison du COYA Monte-Carlo : Le Programme 2025\" \/>\n<meta property=\"og:url\" content=\"https:\/\/montecarloliving.com\/fr\/actualite\/nouvelle-saison-du-coya-monte-carlo-programme-2025-20426\/\" \/>\n<meta property=\"og:site_name\" content=\"Montecarlo Living\" \/>\n<meta property=\"article:publisher\" content=\"https:\/\/www.facebook.com\/montecarlolivingcom\/\" \/>\n<meta property=\"article:published_time\" content=\"2025-03-31T06:55:41+00:00\" \/>\n<meta property=\"og:image\" content=\"https:\/\/montecarloliving.com\/wp-content\/uploads\/2025\/03\/8-COYATERRASSEPRESSE-650x400.jpeg\" \/>\n\t<meta property=\"og:image:width\" content=\"650\" \/>\n\t<meta property=\"og:image:height\" content=\"400\" \/>\n\t<meta property=\"og:image:type\" content=\"image\/jpeg\" \/>\n<meta name=\"author\" content=\"Redazione\" \/>\n<meta name=\"twitter:card\" content=\"summary_large_image\" \/>\n<meta name=\"twitter:creator\" content=\"@MonteCarloLivi\" \/>\n<meta name=\"twitter:site\" content=\"@MonteCarloLivi\" \/>\n<meta name=\"twitter:label1\" content=\"\u00c9crit par\" \/>\n\t<meta name=\"twitter:data1\" content=\"Redazione\" \/>\n<script type=\"application\/ld+json\" class=\"yoast-schema-graph\">{\"@context\":\"https:\\\/\\\/schema.org\",\"@graph\":[{\"@type\":\"Article\",\"@id\":\"https:\\\/\\\/montecarloliving.com\\\/fr\\\/actualite\\\/nouvelle-saison-du-coya-monte-carlo-programme-2025-20426\\\/#article\",\"isPartOf\":{\"@id\":\"https:\\\/\\\/montecarloliving.com\\\/fr\\\/actualite\\\/nouvelle-saison-du-coya-monte-carlo-programme-2025-20426\\\/\"},\"author\":{\"name\":\"Redazione\",\"@id\":\"https:\\\/\\\/montecarloliving.com\\\/fr\\\/#\\\/schema\\\/person\\\/7e5945d4560862b7f2d2c6831bda2819\"},\"headline\":\"La Nouvelle Saison du COYA Monte-Carlo : Le Programme 2025\",\"datePublished\":\"2025-03-31T06:55:41+00:00\",\"mainEntityOfPage\":{\"@id\":\"https:\\\/\\\/montecarloliving.com\\\/fr\\\/actualite\\\/nouvelle-saison-du-coya-monte-carlo-programme-2025-20426\\\/\"},\"wordCount\":586,\"image\":{\"@id\":\"https:\\\/\\\/montecarloliving.com\\\/fr\\\/actualite\\\/nouvelle-saison-du-coya-monte-carlo-programme-2025-20426\\\/#primaryimage\"},\"thumbnailUrl\":\"https:\\\/\\\/montecarloliving.com\\\/wp-content\\\/uploads\\\/2025\\\/03\\\/8-COYATERRASSEPRESSE.jpeg\",\"articleSection\":[\"Actualit\u00e9\",\"\u00c9v\u00e9nements\",\"Monaco\",\"O\u00f9 Manger \u00e0 Monaco\"],\"inLanguage\":\"fr-FR\"},{\"@type\":\"WebPage\",\"@id\":\"https:\\\/\\\/montecarloliving.com\\\/fr\\\/actualite\\\/nouvelle-saison-du-coya-monte-carlo-programme-2025-20426\\\/\",\"url\":\"https:\\\/\\\/montecarloliving.com\\\/fr\\\/actualite\\\/nouvelle-saison-du-coya-monte-carlo-programme-2025-20426\\\/\",\"name\":\"La Nouvelle Saison du COYA Monte-Carlo : Le Programme 2025\",\"isPartOf\":{\"@id\":\"https:\\\/\\\/montecarloliving.com\\\/fr\\\/#website\"},\"primaryImageOfPage\":{\"@id\":\"https:\\\/\\\/montecarloliving.com\\\/fr\\\/actualite\\\/nouvelle-saison-du-coya-monte-carlo-programme-2025-20426\\\/#primaryimage\"},\"image\":{\"@id\":\"https:\\\/\\\/montecarloliving.com\\\/fr\\\/actualite\\\/nouvelle-saison-du-coya-monte-carlo-programme-2025-20426\\\/#primaryimage\"},\"thumbnailUrl\":\"https:\\\/\\\/montecarloliving.com\\\/wp-content\\\/uploads\\\/2025\\\/03\\\/8-COYATERRASSEPRESSE.jpeg\",\"datePublished\":\"2025-03-31T06:55:41+00:00\",\"author\":{\"@id\":\"https:\\\/\\\/montecarloliving.com\\\/fr\\\/#\\\/schema\\\/person\\\/7e5945d4560862b7f2d2c6831bda2819\"},\"description\":\"COYA Monte-Carlo rouvrira ses portes le 3 avril 2025, offrant une exp\u00e9rience encore plus sophistiqu\u00e9e et immersive. Nich\u00e9 au c\u0153ur du Sporting Monte-Carlo, La Nouvelle Saison du COYA Monte-Carlo : Le Programme 2025\",\"breadcrumb\":{\"@id\":\"https:\\\/\\\/montecarloliving.com\\\/fr\\\/actualite\\\/nouvelle-saison-du-coya-monte-carlo-programme-2025-20426\\\/#breadcrumb\"},\"inLanguage\":\"fr-FR\",\"potentialAction\":[{\"@type\":\"ReadAction\",\"target\":[\"https:\\\/\\\/montecarloliving.com\\\/fr\\\/actualite\\\/nouvelle-saison-du-coya-monte-carlo-programme-2025-20426\\\/\"]}]},{\"@type\":\"ImageObject\",\"inLanguage\":\"fr-FR\",\"@id\":\"https:\\\/\\\/montecarloliving.com\\\/fr\\\/actualite\\\/nouvelle-saison-du-coya-monte-carlo-programme-2025-20426\\\/#primaryimage\",\"url\":\"https:\\\/\\\/montecarloliving.com\\\/wp-content\\\/uploads\\\/2025\\\/03\\\/8-COYATERRASSEPRESSE.jpeg\",\"contentUrl\":\"https:\\\/\\\/montecarloliving.com\\\/wp-content\\\/uploads\\\/2025\\\/03\\\/8-COYATERRASSEPRESSE.jpeg\",\"width\":2500,\"height\":1667},{\"@type\":\"BreadcrumbList\",\"@id\":\"https:\\\/\\\/montecarloliving.com\\\/fr\\\/actualite\\\/nouvelle-saison-du-coya-monte-carlo-programme-2025-20426\\\/#breadcrumb\",\"itemListElement\":[{\"@type\":\"ListItem\",\"position\":1,\"name\":\"Home\",\"item\":\"https:\\\/\\\/montecarloliving.com\\\/fr\\\/\"},{\"@type\":\"ListItem\",\"position\":2,\"name\":\"La Nouvelle Saison du COYA Monte-Carlo : Le Programme 2025\"}]},{\"@type\":\"WebSite\",\"@id\":\"https:\\\/\\\/montecarloliving.com\\\/fr\\\/#website\",\"url\":\"https:\\\/\\\/montecarloliving.com\\\/fr\\\/\",\"name\":\"Montecarlo Living\",\"description\":\"News da Montecarlo - Principato di Monaco e Costa Azzurra\",\"potentialAction\":[{\"@type\":\"SearchAction\",\"target\":{\"@type\":\"EntryPoint\",\"urlTemplate\":\"https:\\\/\\\/montecarloliving.com\\\/fr\\\/?s={search_term_string}\"},\"query-input\":{\"@type\":\"PropertyValueSpecification\",\"valueRequired\":true,\"valueName\":\"search_term_string\"}}],\"inLanguage\":\"fr-FR\"},{\"@type\":\"Person\",\"@id\":\"https:\\\/\\\/montecarloliving.com\\\/fr\\\/#\\\/schema\\\/person\\\/7e5945d4560862b7f2d2c6831bda2819\",\"name\":\"Redazione\",\"image\":{\"@type\":\"ImageObject\",\"inLanguage\":\"fr-FR\",\"@id\":\"https:\\\/\\\/secure.gravatar.com\\\/avatar\\\/8b5f26557e18fe74ad8e8a57ebb2925d88af8a90cee489ff2beefb391bc9b9c7?s=96&d=mm&r=g\",\"url\":\"https:\\\/\\\/secure.gravatar.com\\\/avatar\\\/8b5f26557e18fe74ad8e8a57ebb2925d88af8a90cee489ff2beefb391bc9b9c7?s=96&d=mm&r=g\",\"contentUrl\":\"https:\\\/\\\/secure.gravatar.com\\\/avatar\\\/8b5f26557e18fe74ad8e8a57ebb2925d88af8a90cee489ff2beefb391bc9b9c7?s=96&d=mm&r=g\",\"caption\":\"Redazione\"}}]}<\/script>\n<!-- \/ Yoast SEO plugin. -->","yoast_head_json":{"title":"La Nouvelle Saison du COYA Monte-Carlo : Le Programme 2025","description":"COYA Monte-Carlo rouvrira ses portes le 3 avril 2025, offrant une exp\u00e9rience encore plus sophistiqu\u00e9e et immersive. Nich\u00e9 au c\u0153ur du Sporting Monte-Carlo, La Nouvelle Saison du COYA Monte-Carlo : Le Programme 2025","robots":{"index":"index","follow":"follow","max-snippet":"max-snippet:-1","max-image-preview":"max-image-preview:large","max-video-preview":"max-video-preview:-1"},"canonical":"https:\/\/montecarloliving.com\/fr\/actualite\/nouvelle-saison-du-coya-monte-carlo-programme-2025-20426\/","og_locale":"fr_FR","og_title":"La Nouvelle Saison du COYA Monte-Carlo : Le Programme 2025","og_description":"COYA Monte-Carlo rouvrira ses portes le 3 avril 2025, offrant une exp\u00e9rience encore plus sophistiqu\u00e9e et immersive. Nich\u00e9 au c\u0153ur du Sporting Monte-Carlo, La Nouvelle Saison du COYA Monte-Carlo : Le Programme 2025","og_url":"https:\/\/montecarloliving.com\/fr\/actualite\/nouvelle-saison-du-coya-monte-carlo-programme-2025-20426\/","og_site_name":"Montecarlo Living","article_publisher":"https:\/\/www.facebook.com\/montecarlolivingcom\/","article_published_time":"2025-03-31T06:55:41+00:00","og_image":[{"width":650,"height":400,"url":"https:\/\/montecarloliving.com\/wp-content\/uploads\/2025\/03\/8-COYATERRASSEPRESSE-650x400.jpeg","type":"image\/jpeg"}],"author":"Redazione","twitter_card":"summary_large_image","twitter_creator":"@MonteCarloLivi","twitter_site":"@MonteCarloLivi","twitter_misc":{"\u00c9crit par":"Redazione"},"schema":{"@context":"https:\/\/schema.org","@graph":[{"@type":"Article","@id":"https:\/\/montecarloliving.com\/fr\/actualite\/nouvelle-saison-du-coya-monte-carlo-programme-2025-20426\/#article","isPartOf":{"@id":"https:\/\/montecarloliving.com\/fr\/actualite\/nouvelle-saison-du-coya-monte-carlo-programme-2025-20426\/"},"author":{"name":"Redazione","@id":"https:\/\/montecarloliving.com\/fr\/#\/schema\/person\/7e5945d4560862b7f2d2c6831bda2819"},"headline":"La Nouvelle Saison du COYA Monte-Carlo : Le Programme 2025","datePublished":"2025-03-31T06:55:41+00:00","mainEntityOfPage":{"@id":"https:\/\/montecarloliving.com\/fr\/actualite\/nouvelle-saison-du-coya-monte-carlo-programme-2025-20426\/"},"wordCount":586,"image":{"@id":"https:\/\/montecarloliving.com\/fr\/actualite\/nouvelle-saison-du-coya-monte-carlo-programme-2025-20426\/#primaryimage"},"thumbnailUrl":"https:\/\/montecarloliving.com\/wp-content\/uploads\/2025\/03\/8-COYATERRASSEPRESSE.jpeg","articleSection":["Actualit\u00e9","\u00c9v\u00e9nements","Monaco","O\u00f9 Manger \u00e0 Monaco"],"inLanguage":"fr-FR"},{"@type":"WebPage","@id":"https:\/\/montecarloliving.com\/fr\/actualite\/nouvelle-saison-du-coya-monte-carlo-programme-2025-20426\/","url":"https:\/\/montecarloliving.com\/fr\/actualite\/nouvelle-saison-du-coya-monte-carlo-programme-2025-20426\/","name":"La Nouvelle Saison du COYA Monte-Carlo : Le Programme 2025","isPartOf":{"@id":"https:\/\/montecarloliving.com\/fr\/#website"},"primaryImageOfPage":{"@id":"https:\/\/montecarloliving.com\/fr\/actualite\/nouvelle-saison-du-coya-monte-carlo-programme-2025-20426\/#primaryimage"},"image":{"@id":"https:\/\/montecarloliving.com\/fr\/actualite\/nouvelle-saison-du-coya-monte-carlo-programme-2025-20426\/#primaryimage"},"thumbnailUrl":"https:\/\/montecarloliving.com\/wp-content\/uploads\/2025\/03\/8-COYATERRASSEPRESSE.jpeg","datePublished":"2025-03-31T06:55:41+00:00","author":{"@id":"https:\/\/montecarloliving.com\/fr\/#\/schema\/person\/7e5945d4560862b7f2d2c6831bda2819"},"description":"COYA Monte-Carlo rouvrira ses portes le 3 avril 2025, offrant une exp\u00e9rience encore plus sophistiqu\u00e9e et immersive. Nich\u00e9 au c\u0153ur du Sporting Monte-Carlo, La Nouvelle Saison du COYA Monte-Carlo : Le Programme 2025","breadcrumb":{"@id":"https:\/\/montecarloliving.com\/fr\/actualite\/nouvelle-saison-du-coya-monte-carlo-programme-2025-20426\/#breadcrumb"},"inLanguage":"fr-FR","potentialAction":[{"@type":"ReadAction","target":["https:\/\/montecarloliving.com\/fr\/actualite\/nouvelle-saison-du-coya-monte-carlo-programme-2025-20426\/"]}]},{"@type":"ImageObject","inLanguage":"fr-FR","@id":"https:\/\/montecarloliving.com\/fr\/actualite\/nouvelle-saison-du-coya-monte-carlo-programme-2025-20426\/#primaryimage","url":"https:\/\/montecarloliving.com\/wp-content\/uploads\/2025\/03\/8-COYATERRASSEPRESSE.jpeg","contentUrl":"https:\/\/montecarloliving.com\/wp-content\/uploads\/2025\/03\/8-COYATERRASSEPRESSE.jpeg","width":2500,"height":1667},{"@type":"BreadcrumbList","@id":"https:\/\/montecarloliving.com\/fr\/actualite\/nouvelle-saison-du-coya-monte-carlo-programme-2025-20426\/#breadcrumb","itemListElement":[{"@type":"ListItem","position":1,"name":"Home","item":"https:\/\/montecarloliving.com\/fr\/"},{"@type":"ListItem","position":2,"name":"La Nouvelle Saison du COYA Monte-Carlo : Le Programme 2025"}]},{"@type":"WebSite","@id":"https:\/\/montecarloliving.com\/fr\/#website","url":"https:\/\/montecarloliving.com\/fr\/","name":"Montecarlo Living","description":"News da Montecarlo - Principato di Monaco e Costa Azzurra","potentialAction":[{"@type":"SearchAction","target":{"@type":"EntryPoint","urlTemplate":"https:\/\/montecarloliving.com\/fr\/?s={search_term_string}"},"query-input":{"@type":"PropertyValueSpecification","valueRequired":true,"valueName":"search_term_string"}}],"inLanguage":"fr-FR"},{"@type":"Person","@id":"https:\/\/montecarloliving.com\/fr\/#\/schema\/person\/7e5945d4560862b7f2d2c6831bda2819","name":"Redazione","image":{"@type":"ImageObject","inLanguage":"fr-FR","@id":"https:\/\/secure.gravatar.com\/avatar\/8b5f26557e18fe74ad8e8a57ebb2925d88af8a90cee489ff2beefb391bc9b9c7?s=96&d=mm&r=g","url":"https:\/\/secure.gravatar.com\/avatar\/8b5f26557e18fe74ad8e8a57ebb2925d88af8a90cee489ff2beefb391bc9b9c7?s=96&d=mm&r=g","contentUrl":"https:\/\/secure.gravatar.com\/avatar\/8b5f26557e18fe74ad8e8a57ebb2925d88af8a90cee489ff2beefb391bc9b9c7?s=96&d=mm&r=g","caption":"Redazione"}}]}},"_links":{"self":[{"href":"https:\/\/montecarloliving.com\/fr\/wp-json\/wp\/v2\/posts\/20426","targetHints":{"allow":["GET"]}}],"collection":[{"href":"https:\/\/montecarloliving.com\/fr\/wp-json\/wp\/v2\/posts"}],"about":[{"href":"https:\/\/montecarloliving.com\/fr\/wp-json\/wp\/v2\/types\/post"}],"author":[{"embeddable":true,"href":"https:\/\/montecarloliving.com\/fr\/wp-json\/wp\/v2\/users\/1"}],"replies":[{"embeddable":true,"href":"https:\/\/montecarloliving.com\/fr\/wp-json\/wp\/v2\/comments?post=20426"}],"version-history":[{"count":1,"href":"https:\/\/montecarloliving.com\/fr\/wp-json\/wp\/v2\/posts\/20426\/revisions"}],"predecessor-version":[{"id":20427,"href":"https:\/\/montecarloliving.com\/fr\/wp-json\/wp\/v2\/posts\/20426\/revisions\/20427"}],"wp:featuredmedia":[{"embeddable":true,"href":"https:\/\/montecarloliving.com\/fr\/wp-json\/wp\/v2\/media\/20423"}],"wp:attachment":[{"href":"https:\/\/montecarloliving.com\/fr\/wp-json\/wp\/v2\/media?parent=20426"}],"wp:term":[{"taxonomy":"category","embeddable":true,"href":"https:\/\/montecarloliving.com\/fr\/wp-json\/wp\/v2\/categories?post=20426"},{"taxonomy":"post_tag","embeddable":true,"href":"https:\/\/montecarloliving.com\/fr\/wp-json\/wp\/v2\/tags?post=20426"}],"curies":[{"name":"wp","href":"https:\/\/api.w.org\/{rel}","templated":true}]}}