{"id":20391,"date":"2025-03-27T08:25:39","date_gmt":"2025-03-27T07:25:39","guid":{"rendered":"https:\/\/montecarloliving.com\/?p=20391"},"modified":"2025-03-26T12:33:39","modified_gmt":"2025-03-26T11:33:39","slug":"printemps-riche-en-evenements-lecole-superieure-des-arts-plastiques-pavillon-bosio-esap","status":"publish","type":"post","link":"https:\/\/montecarloliving.com\/fr\/actualite\/printemps-riche-en-evenements-lecole-superieure-des-arts-plastiques-pavillon-bosio-esap-20391\/","title":{"rendered":"Un Printemps Riche en \u00c9v\u00e9nements \u00e0 l\u2019\u00c9cole Sup\u00e9rieure des Arts Plastiques &#8211; Pavillon Bosio (ESAP)"},"content":{"rendered":"<p class=\"\" data-start=\"2837\" data-end=\"3017\">Le programme du printemps \u00e0 l\u2019\u00c9cole Sup\u00e9rieure des Arts Plastiques &#8211; Pavillon Bosio (ESAP) s\u2019annonce riche en \u00e9v\u00e9nements incontournables. Voici deux rendez-vous \u00e0 ne pas manquer :<\/p>\n<p class=\"\" data-start=\"3558\" data-end=\"4321\"><strong data-start=\"3558\" data-end=\"3583\">Jeudi 27 mars \u00e0 18h00<\/strong><br data-start=\"3583\" data-end=\"3586\" \/>Inauguration de l&rsquo;exposition <em data-start=\"3615\" data-end=\"3639\">\u00ab Leaving the Ground \u00bb<\/em> dans la salle d\u2019exposition du Quai Antoine 1er. Les \u00e9tudiants de 3e ann\u00e9e pr\u00e9senteront une exposition collective qui r\u00e9fl\u00e9chit sur la relation entre les \u0153uvres expos\u00e9es et les choix sc\u00e9nographiques. Ce projet final permet aux \u00e9tudiants d\u2019explorer et de d\u00e9velopper leur langage plastique, mettant en pratique leurs id\u00e9es \u00e0 diff\u00e9rentes \u00e9chelles. Les \u00e9tudiants participants sont Loeva Audoin, Kamal Cherkaoui, Lilou Delestras, Emma Elouard, Valentine Floquet, Julie Lambourg, Mailys Lochowicz, Jeanne Michy, Hava Ollitrault, Ambre Pennino, Suzanne Pierre, H\u00e9l\u00e9na Prieur, Charlyne Primus, Antonia Vasile et Luyuan Wang. Enseignants : Renaud Layrac, Hatice Pinarba\u015fi et Mathieu Schmitt.<\/p>\n<p class=\"\" data-start=\"4323\" data-end=\"5431\"><strong data-start=\"4323\" data-end=\"4351\">Vendredi 28 mars \u00e0 16h00<\/strong><br data-start=\"4351\" data-end=\"4354\" \/>Conversation au Pavillon Bosio avec Nathalie Du Pasquier, Val\u00e9rie Da Costa et Mathilde Roman, dans le cadre de l\u2019exposition <em data-start=\"4478\" data-end=\"4503\">\u00ab Women are Beautiful \u00bb<\/em>. L\u2019exposition r\u00e9unit quatre artistes italiennes de g\u00e9n\u00e9rations diff\u00e9rentes, offrant un aper\u00e7u de l\u2019art italien de la seconde moiti\u00e9 du XXe si\u00e8cle \u00e0 aujourd&rsquo;hui. Elle explore leurs r\u00e9flexions sur la peinture, la sculpture et le design. Des peintures de Carla Accardi des ann\u00e9es 1960, ouvrant l\u2019exposition, \u00e0 des \u0153uvres de Marisa Merz et Nathalie Du Pasquier des ann\u00e9es 2010, en passant par celles de Cinzia Ruggeri des ann\u00e9es 1980-1990, l\u2019exposition offre une perspective unique sur la cr\u00e9ation f\u00e9minine en Italie. La conf\u00e9rence sera suivie de l\u2019inauguration de l\u2019exposition <em data-start=\"5078\" data-end=\"5099\">Women are Beautiful<\/em>, qui sera visible du 28 mars au 16 mai 2025 \u00e0 la Soci\u00e9t\u00e9 des Abeilles, 8 Quai Antoine 1er. Les artistes participantes sont Carla Accardi, Nathalie Du Pasquier, Marisa Merz et Cinzia Ruggeri, avec une sc\u00e9nographie r\u00e9alis\u00e9e par les \u00e9tudiants du programme \u201cD\u00e9cors\u201d du Pavillon Bosio : Maria Magdalena David et Illona Rougemond-Moscon.<\/p>\n<p class=\"\" data-start=\"5433\" data-end=\"5586\">Ne manquez pas ces occasions de vous immerger dans l\u2019art contemporain et de d\u00e9couvrir le talent des \u00e9tudiants de l\u2019\u00c9cole Sup\u00e9rieure des Arts Plastiques !<\/p>\n","protected":false},"excerpt":{"rendered":"<p>Le programme du printemps \u00e0 l\u2019\u00c9cole Sup\u00e9rieure des Arts Plastiques &#8211; Pavillon Bosio (ESAP) s\u2019annonce riche en \u00e9v\u00e9nements incontournables. Voici deux rendez-vous \u00e0 ne pas manquer : Jeudi 27 mars \u00e0 18h00Inauguration de l&rsquo;exposition \u00ab Leaving the Ground \u00bb dans la salle d\u2019exposition du [&hellip;]<\/p>\n","protected":false},"author":1,"featured_media":20387,"comment_status":"closed","ping_status":"closed","sticky":false,"template":"","format":"standard","meta":{"footnotes":""},"categories":[827,828,867,829],"tags":[],"class_list":["post-20391","post","type-post","status-publish","format-standard","has-post-thumbnail","hentry","category-actualite","category-evenements","category-monaco-fr","category-tourisme"],"yoast_head":"<!-- This site is optimized with the Yoast SEO plugin v27.4 - https:\/\/yoast.com\/product\/yoast-seo-wordpress\/ -->\n<title>Un Printemps Riche en \u00c9v\u00e9nements \u00e0 l\u2019\u00c9cole Sup\u00e9rieure des Arts Plastiques - Pavillon Bosio (ESAP)<\/title>\n<meta name=\"description\" content=\"Le programme du printemps \u00e0 l\u2019\u00c9cole Sup\u00e9rieure des Arts Plastiques - Pavillon Bosio (ESAP) s\u2019annonce riche en \u00e9v\u00e9nements incontournables. Voici deux Un Printemps Riche en \u00c9v\u00e9nements \u00e0 l\u2019\u00c9cole Sup\u00e9rieure des Arts Plastiques - Pavillon Bosio (ESAP)\" \/>\n<meta name=\"robots\" content=\"index, follow, max-snippet:-1, max-image-preview:large, max-video-preview:-1\" \/>\n<link rel=\"canonical\" href=\"https:\/\/montecarloliving.com\/fr\/actualite\/printemps-riche-en-evenements-lecole-superieure-des-arts-plastiques-pavillon-bosio-esap-20391\/\" \/>\n<meta property=\"og:locale\" content=\"fr_FR\" \/>\n<meta property=\"og:title\" content=\"Un Printemps Riche en \u00c9v\u00e9nements \u00e0 l\u2019\u00c9cole Sup\u00e9rieure des Arts Plastiques - Pavillon Bosio (ESAP)\" \/>\n<meta property=\"og:description\" content=\"Le programme du printemps \u00e0 l\u2019\u00c9cole Sup\u00e9rieure des Arts Plastiques - Pavillon Bosio (ESAP) s\u2019annonce riche en \u00e9v\u00e9nements incontournables. Voici deux Un Printemps Riche en \u00c9v\u00e9nements \u00e0 l\u2019\u00c9cole Sup\u00e9rieure des Arts Plastiques - Pavillon Bosio (ESAP)\" \/>\n<meta property=\"og:url\" content=\"https:\/\/montecarloliving.com\/fr\/actualite\/printemps-riche-en-evenements-lecole-superieure-des-arts-plastiques-pavillon-bosio-esap-20391\/\" \/>\n<meta property=\"og:site_name\" content=\"Montecarlo Living\" \/>\n<meta property=\"article:publisher\" content=\"https:\/\/www.facebook.com\/montecarlolivingcom\/\" \/>\n<meta property=\"article:published_time\" content=\"2025-03-27T07:25:39+00:00\" \/>\n<meta property=\"og:image\" content=\"https:\/\/montecarloliving.com\/wp-content\/uploads\/2025\/03\/WM39phtwHn32HGz1ECIXGcfKdfSvJ9a4Rz4ERWwx-650x400.jpg\" \/>\n\t<meta property=\"og:image:width\" content=\"650\" \/>\n\t<meta property=\"og:image:height\" content=\"400\" \/>\n\t<meta property=\"og:image:type\" content=\"image\/jpeg\" \/>\n<meta name=\"author\" content=\"Redazione\" \/>\n<meta name=\"twitter:card\" content=\"summary_large_image\" \/>\n<meta name=\"twitter:creator\" content=\"@MonteCarloLivi\" \/>\n<meta name=\"twitter:site\" content=\"@MonteCarloLivi\" \/>\n<meta name=\"twitter:label1\" content=\"\u00c9crit par\" \/>\n\t<meta name=\"twitter:data1\" content=\"Redazione\" \/>\n\t<meta name=\"twitter:label2\" content=\"Dur\u00e9e de lecture estim\u00e9e\" \/>\n\t<meta name=\"twitter:data2\" content=\"2 minutes\" \/>\n<script type=\"application\/ld+json\" class=\"yoast-schema-graph\">{\"@context\":\"https:\\\/\\\/schema.org\",\"@graph\":[{\"@type\":\"Article\",\"@id\":\"https:\\\/\\\/montecarloliving.com\\\/fr\\\/actualite\\\/printemps-riche-en-evenements-lecole-superieure-des-arts-plastiques-pavillon-bosio-esap-20391\\\/#article\",\"isPartOf\":{\"@id\":\"https:\\\/\\\/montecarloliving.com\\\/fr\\\/actualite\\\/printemps-riche-en-evenements-lecole-superieure-des-arts-plastiques-pavillon-bosio-esap-20391\\\/\"},\"author\":{\"name\":\"Redazione\",\"@id\":\"https:\\\/\\\/montecarloliving.com\\\/fr\\\/#\\\/schema\\\/person\\\/7e5945d4560862b7f2d2c6831bda2819\"},\"headline\":\"Un Printemps Riche en \u00c9v\u00e9nements \u00e0 l\u2019\u00c9cole Sup\u00e9rieure des Arts Plastiques &#8211; Pavillon Bosio (ESAP)\",\"datePublished\":\"2025-03-27T07:25:39+00:00\",\"mainEntityOfPage\":{\"@id\":\"https:\\\/\\\/montecarloliving.com\\\/fr\\\/actualite\\\/printemps-riche-en-evenements-lecole-superieure-des-arts-plastiques-pavillon-bosio-esap-20391\\\/\"},\"wordCount\":375,\"image\":{\"@id\":\"https:\\\/\\\/montecarloliving.com\\\/fr\\\/actualite\\\/printemps-riche-en-evenements-lecole-superieure-des-arts-plastiques-pavillon-bosio-esap-20391\\\/#primaryimage\"},\"thumbnailUrl\":\"https:\\\/\\\/montecarloliving.com\\\/wp-content\\\/uploads\\\/2025\\\/03\\\/WM39phtwHn32HGz1ECIXGcfKdfSvJ9a4Rz4ERWwx.jpg\",\"articleSection\":[\"Actualit\u00e9\",\"\u00c9v\u00e9nements\",\"Monaco\",\"Tourisme \u00e0 Monaco\"],\"inLanguage\":\"fr-FR\"},{\"@type\":\"WebPage\",\"@id\":\"https:\\\/\\\/montecarloliving.com\\\/fr\\\/actualite\\\/printemps-riche-en-evenements-lecole-superieure-des-arts-plastiques-pavillon-bosio-esap-20391\\\/\",\"url\":\"https:\\\/\\\/montecarloliving.com\\\/fr\\\/actualite\\\/printemps-riche-en-evenements-lecole-superieure-des-arts-plastiques-pavillon-bosio-esap-20391\\\/\",\"name\":\"Un Printemps Riche en \u00c9v\u00e9nements \u00e0 l\u2019\u00c9cole Sup\u00e9rieure des Arts Plastiques - Pavillon Bosio (ESAP)\",\"isPartOf\":{\"@id\":\"https:\\\/\\\/montecarloliving.com\\\/fr\\\/#website\"},\"primaryImageOfPage\":{\"@id\":\"https:\\\/\\\/montecarloliving.com\\\/fr\\\/actualite\\\/printemps-riche-en-evenements-lecole-superieure-des-arts-plastiques-pavillon-bosio-esap-20391\\\/#primaryimage\"},\"image\":{\"@id\":\"https:\\\/\\\/montecarloliving.com\\\/fr\\\/actualite\\\/printemps-riche-en-evenements-lecole-superieure-des-arts-plastiques-pavillon-bosio-esap-20391\\\/#primaryimage\"},\"thumbnailUrl\":\"https:\\\/\\\/montecarloliving.com\\\/wp-content\\\/uploads\\\/2025\\\/03\\\/WM39phtwHn32HGz1ECIXGcfKdfSvJ9a4Rz4ERWwx.jpg\",\"datePublished\":\"2025-03-27T07:25:39+00:00\",\"author\":{\"@id\":\"https:\\\/\\\/montecarloliving.com\\\/fr\\\/#\\\/schema\\\/person\\\/7e5945d4560862b7f2d2c6831bda2819\"},\"description\":\"Le programme du printemps \u00e0 l\u2019\u00c9cole Sup\u00e9rieure des Arts Plastiques - Pavillon Bosio (ESAP) s\u2019annonce riche en \u00e9v\u00e9nements incontournables. Voici deux Un Printemps Riche en \u00c9v\u00e9nements \u00e0 l\u2019\u00c9cole Sup\u00e9rieure des Arts Plastiques - Pavillon Bosio (ESAP)\",\"breadcrumb\":{\"@id\":\"https:\\\/\\\/montecarloliving.com\\\/fr\\\/actualite\\\/printemps-riche-en-evenements-lecole-superieure-des-arts-plastiques-pavillon-bosio-esap-20391\\\/#breadcrumb\"},\"inLanguage\":\"fr-FR\",\"potentialAction\":[{\"@type\":\"ReadAction\",\"target\":[\"https:\\\/\\\/montecarloliving.com\\\/fr\\\/actualite\\\/printemps-riche-en-evenements-lecole-superieure-des-arts-plastiques-pavillon-bosio-esap-20391\\\/\"]}]},{\"@type\":\"ImageObject\",\"inLanguage\":\"fr-FR\",\"@id\":\"https:\\\/\\\/montecarloliving.com\\\/fr\\\/actualite\\\/printemps-riche-en-evenements-lecole-superieure-des-arts-plastiques-pavillon-bosio-esap-20391\\\/#primaryimage\",\"url\":\"https:\\\/\\\/montecarloliving.com\\\/wp-content\\\/uploads\\\/2025\\\/03\\\/WM39phtwHn32HGz1ECIXGcfKdfSvJ9a4Rz4ERWwx.jpg\",\"contentUrl\":\"https:\\\/\\\/montecarloliving.com\\\/wp-content\\\/uploads\\\/2025\\\/03\\\/WM39phtwHn32HGz1ECIXGcfKdfSvJ9a4Rz4ERWwx.jpg\",\"width\":1600,\"height\":1200},{\"@type\":\"BreadcrumbList\",\"@id\":\"https:\\\/\\\/montecarloliving.com\\\/fr\\\/actualite\\\/printemps-riche-en-evenements-lecole-superieure-des-arts-plastiques-pavillon-bosio-esap-20391\\\/#breadcrumb\",\"itemListElement\":[{\"@type\":\"ListItem\",\"position\":1,\"name\":\"Home\",\"item\":\"https:\\\/\\\/montecarloliving.com\\\/fr\\\/\"},{\"@type\":\"ListItem\",\"position\":2,\"name\":\"Un Printemps Riche en \u00c9v\u00e9nements \u00e0 l\u2019\u00c9cole Sup\u00e9rieure des Arts Plastiques &#8211; Pavillon Bosio (ESAP)\"}]},{\"@type\":\"WebSite\",\"@id\":\"https:\\\/\\\/montecarloliving.com\\\/fr\\\/#website\",\"url\":\"https:\\\/\\\/montecarloliving.com\\\/fr\\\/\",\"name\":\"Montecarlo Living\",\"description\":\"News da Montecarlo - Principato di Monaco e Costa Azzurra\",\"potentialAction\":[{\"@type\":\"SearchAction\",\"target\":{\"@type\":\"EntryPoint\",\"urlTemplate\":\"https:\\\/\\\/montecarloliving.com\\\/fr\\\/?s={search_term_string}\"},\"query-input\":{\"@type\":\"PropertyValueSpecification\",\"valueRequired\":true,\"valueName\":\"search_term_string\"}}],\"inLanguage\":\"fr-FR\"},{\"@type\":\"Person\",\"@id\":\"https:\\\/\\\/montecarloliving.com\\\/fr\\\/#\\\/schema\\\/person\\\/7e5945d4560862b7f2d2c6831bda2819\",\"name\":\"Redazione\",\"image\":{\"@type\":\"ImageObject\",\"inLanguage\":\"fr-FR\",\"@id\":\"https:\\\/\\\/secure.gravatar.com\\\/avatar\\\/8b5f26557e18fe74ad8e8a57ebb2925d88af8a90cee489ff2beefb391bc9b9c7?s=96&d=mm&r=g\",\"url\":\"https:\\\/\\\/secure.gravatar.com\\\/avatar\\\/8b5f26557e18fe74ad8e8a57ebb2925d88af8a90cee489ff2beefb391bc9b9c7?s=96&d=mm&r=g\",\"contentUrl\":\"https:\\\/\\\/secure.gravatar.com\\\/avatar\\\/8b5f26557e18fe74ad8e8a57ebb2925d88af8a90cee489ff2beefb391bc9b9c7?s=96&d=mm&r=g\",\"caption\":\"Redazione\"}}]}<\/script>\n<!-- \/ Yoast SEO plugin. -->","yoast_head_json":{"title":"Un Printemps Riche en \u00c9v\u00e9nements \u00e0 l\u2019\u00c9cole Sup\u00e9rieure des Arts Plastiques - Pavillon Bosio (ESAP)","description":"Le programme du printemps \u00e0 l\u2019\u00c9cole Sup\u00e9rieure des Arts Plastiques - Pavillon Bosio (ESAP) s\u2019annonce riche en \u00e9v\u00e9nements incontournables. Voici deux Un Printemps Riche en \u00c9v\u00e9nements \u00e0 l\u2019\u00c9cole Sup\u00e9rieure des Arts Plastiques - Pavillon Bosio (ESAP)","robots":{"index":"index","follow":"follow","max-snippet":"max-snippet:-1","max-image-preview":"max-image-preview:large","max-video-preview":"max-video-preview:-1"},"canonical":"https:\/\/montecarloliving.com\/fr\/actualite\/printemps-riche-en-evenements-lecole-superieure-des-arts-plastiques-pavillon-bosio-esap-20391\/","og_locale":"fr_FR","og_title":"Un Printemps Riche en \u00c9v\u00e9nements \u00e0 l\u2019\u00c9cole Sup\u00e9rieure des Arts Plastiques - Pavillon Bosio (ESAP)","og_description":"Le programme du printemps \u00e0 l\u2019\u00c9cole Sup\u00e9rieure des Arts Plastiques - Pavillon Bosio (ESAP) s\u2019annonce riche en \u00e9v\u00e9nements incontournables. Voici deux Un Printemps Riche en \u00c9v\u00e9nements \u00e0 l\u2019\u00c9cole Sup\u00e9rieure des Arts Plastiques - Pavillon Bosio (ESAP)","og_url":"https:\/\/montecarloliving.com\/fr\/actualite\/printemps-riche-en-evenements-lecole-superieure-des-arts-plastiques-pavillon-bosio-esap-20391\/","og_site_name":"Montecarlo Living","article_publisher":"https:\/\/www.facebook.com\/montecarlolivingcom\/","article_published_time":"2025-03-27T07:25:39+00:00","og_image":[{"width":650,"height":400,"url":"https:\/\/montecarloliving.com\/wp-content\/uploads\/2025\/03\/WM39phtwHn32HGz1ECIXGcfKdfSvJ9a4Rz4ERWwx-650x400.jpg","type":"image\/jpeg"}],"author":"Redazione","twitter_card":"summary_large_image","twitter_creator":"@MonteCarloLivi","twitter_site":"@MonteCarloLivi","twitter_misc":{"\u00c9crit par":"Redazione","Dur\u00e9e de lecture estim\u00e9e":"2 minutes"},"schema":{"@context":"https:\/\/schema.org","@graph":[{"@type":"Article","@id":"https:\/\/montecarloliving.com\/fr\/actualite\/printemps-riche-en-evenements-lecole-superieure-des-arts-plastiques-pavillon-bosio-esap-20391\/#article","isPartOf":{"@id":"https:\/\/montecarloliving.com\/fr\/actualite\/printemps-riche-en-evenements-lecole-superieure-des-arts-plastiques-pavillon-bosio-esap-20391\/"},"author":{"name":"Redazione","@id":"https:\/\/montecarloliving.com\/fr\/#\/schema\/person\/7e5945d4560862b7f2d2c6831bda2819"},"headline":"Un Printemps Riche en \u00c9v\u00e9nements \u00e0 l\u2019\u00c9cole Sup\u00e9rieure des Arts Plastiques &#8211; Pavillon Bosio (ESAP)","datePublished":"2025-03-27T07:25:39+00:00","mainEntityOfPage":{"@id":"https:\/\/montecarloliving.com\/fr\/actualite\/printemps-riche-en-evenements-lecole-superieure-des-arts-plastiques-pavillon-bosio-esap-20391\/"},"wordCount":375,"image":{"@id":"https:\/\/montecarloliving.com\/fr\/actualite\/printemps-riche-en-evenements-lecole-superieure-des-arts-plastiques-pavillon-bosio-esap-20391\/#primaryimage"},"thumbnailUrl":"https:\/\/montecarloliving.com\/wp-content\/uploads\/2025\/03\/WM39phtwHn32HGz1ECIXGcfKdfSvJ9a4Rz4ERWwx.jpg","articleSection":["Actualit\u00e9","\u00c9v\u00e9nements","Monaco","Tourisme \u00e0 Monaco"],"inLanguage":"fr-FR"},{"@type":"WebPage","@id":"https:\/\/montecarloliving.com\/fr\/actualite\/printemps-riche-en-evenements-lecole-superieure-des-arts-plastiques-pavillon-bosio-esap-20391\/","url":"https:\/\/montecarloliving.com\/fr\/actualite\/printemps-riche-en-evenements-lecole-superieure-des-arts-plastiques-pavillon-bosio-esap-20391\/","name":"Un Printemps Riche en \u00c9v\u00e9nements \u00e0 l\u2019\u00c9cole Sup\u00e9rieure des Arts Plastiques - Pavillon Bosio (ESAP)","isPartOf":{"@id":"https:\/\/montecarloliving.com\/fr\/#website"},"primaryImageOfPage":{"@id":"https:\/\/montecarloliving.com\/fr\/actualite\/printemps-riche-en-evenements-lecole-superieure-des-arts-plastiques-pavillon-bosio-esap-20391\/#primaryimage"},"image":{"@id":"https:\/\/montecarloliving.com\/fr\/actualite\/printemps-riche-en-evenements-lecole-superieure-des-arts-plastiques-pavillon-bosio-esap-20391\/#primaryimage"},"thumbnailUrl":"https:\/\/montecarloliving.com\/wp-content\/uploads\/2025\/03\/WM39phtwHn32HGz1ECIXGcfKdfSvJ9a4Rz4ERWwx.jpg","datePublished":"2025-03-27T07:25:39+00:00","author":{"@id":"https:\/\/montecarloliving.com\/fr\/#\/schema\/person\/7e5945d4560862b7f2d2c6831bda2819"},"description":"Le programme du printemps \u00e0 l\u2019\u00c9cole Sup\u00e9rieure des Arts Plastiques - Pavillon Bosio (ESAP) s\u2019annonce riche en \u00e9v\u00e9nements incontournables. Voici deux Un Printemps Riche en \u00c9v\u00e9nements \u00e0 l\u2019\u00c9cole Sup\u00e9rieure des Arts Plastiques - Pavillon Bosio (ESAP)","breadcrumb":{"@id":"https:\/\/montecarloliving.com\/fr\/actualite\/printemps-riche-en-evenements-lecole-superieure-des-arts-plastiques-pavillon-bosio-esap-20391\/#breadcrumb"},"inLanguage":"fr-FR","potentialAction":[{"@type":"ReadAction","target":["https:\/\/montecarloliving.com\/fr\/actualite\/printemps-riche-en-evenements-lecole-superieure-des-arts-plastiques-pavillon-bosio-esap-20391\/"]}]},{"@type":"ImageObject","inLanguage":"fr-FR","@id":"https:\/\/montecarloliving.com\/fr\/actualite\/printemps-riche-en-evenements-lecole-superieure-des-arts-plastiques-pavillon-bosio-esap-20391\/#primaryimage","url":"https:\/\/montecarloliving.com\/wp-content\/uploads\/2025\/03\/WM39phtwHn32HGz1ECIXGcfKdfSvJ9a4Rz4ERWwx.jpg","contentUrl":"https:\/\/montecarloliving.com\/wp-content\/uploads\/2025\/03\/WM39phtwHn32HGz1ECIXGcfKdfSvJ9a4Rz4ERWwx.jpg","width":1600,"height":1200},{"@type":"BreadcrumbList","@id":"https:\/\/montecarloliving.com\/fr\/actualite\/printemps-riche-en-evenements-lecole-superieure-des-arts-plastiques-pavillon-bosio-esap-20391\/#breadcrumb","itemListElement":[{"@type":"ListItem","position":1,"name":"Home","item":"https:\/\/montecarloliving.com\/fr\/"},{"@type":"ListItem","position":2,"name":"Un Printemps Riche en \u00c9v\u00e9nements \u00e0 l\u2019\u00c9cole Sup\u00e9rieure des Arts Plastiques &#8211; Pavillon Bosio (ESAP)"}]},{"@type":"WebSite","@id":"https:\/\/montecarloliving.com\/fr\/#website","url":"https:\/\/montecarloliving.com\/fr\/","name":"Montecarlo Living","description":"News da Montecarlo - Principato di Monaco e Costa Azzurra","potentialAction":[{"@type":"SearchAction","target":{"@type":"EntryPoint","urlTemplate":"https:\/\/montecarloliving.com\/fr\/?s={search_term_string}"},"query-input":{"@type":"PropertyValueSpecification","valueRequired":true,"valueName":"search_term_string"}}],"inLanguage":"fr-FR"},{"@type":"Person","@id":"https:\/\/montecarloliving.com\/fr\/#\/schema\/person\/7e5945d4560862b7f2d2c6831bda2819","name":"Redazione","image":{"@type":"ImageObject","inLanguage":"fr-FR","@id":"https:\/\/secure.gravatar.com\/avatar\/8b5f26557e18fe74ad8e8a57ebb2925d88af8a90cee489ff2beefb391bc9b9c7?s=96&d=mm&r=g","url":"https:\/\/secure.gravatar.com\/avatar\/8b5f26557e18fe74ad8e8a57ebb2925d88af8a90cee489ff2beefb391bc9b9c7?s=96&d=mm&r=g","contentUrl":"https:\/\/secure.gravatar.com\/avatar\/8b5f26557e18fe74ad8e8a57ebb2925d88af8a90cee489ff2beefb391bc9b9c7?s=96&d=mm&r=g","caption":"Redazione"}}]}},"_links":{"self":[{"href":"https:\/\/montecarloliving.com\/fr\/wp-json\/wp\/v2\/posts\/20391","targetHints":{"allow":["GET"]}}],"collection":[{"href":"https:\/\/montecarloliving.com\/fr\/wp-json\/wp\/v2\/posts"}],"about":[{"href":"https:\/\/montecarloliving.com\/fr\/wp-json\/wp\/v2\/types\/post"}],"author":[{"embeddable":true,"href":"https:\/\/montecarloliving.com\/fr\/wp-json\/wp\/v2\/users\/1"}],"replies":[{"embeddable":true,"href":"https:\/\/montecarloliving.com\/fr\/wp-json\/wp\/v2\/comments?post=20391"}],"version-history":[{"count":1,"href":"https:\/\/montecarloliving.com\/fr\/wp-json\/wp\/v2\/posts\/20391\/revisions"}],"predecessor-version":[{"id":20392,"href":"https:\/\/montecarloliving.com\/fr\/wp-json\/wp\/v2\/posts\/20391\/revisions\/20392"}],"wp:featuredmedia":[{"embeddable":true,"href":"https:\/\/montecarloliving.com\/fr\/wp-json\/wp\/v2\/media\/20387"}],"wp:attachment":[{"href":"https:\/\/montecarloliving.com\/fr\/wp-json\/wp\/v2\/media?parent=20391"}],"wp:term":[{"taxonomy":"category","embeddable":true,"href":"https:\/\/montecarloliving.com\/fr\/wp-json\/wp\/v2\/categories?post=20391"},{"taxonomy":"post_tag","embeddable":true,"href":"https:\/\/montecarloliving.com\/fr\/wp-json\/wp\/v2\/tags?post=20391"}],"curies":[{"name":"wp","href":"https:\/\/api.w.org\/{rel}","templated":true}]}}