{"id":20365,"date":"2025-03-26T11:39:58","date_gmt":"2025-03-26T10:39:58","guid":{"rendered":"https:\/\/montecarloliving.com\/?p=20365"},"modified":"2025-03-26T11:46:38","modified_gmt":"2025-03-26T10:46:38","slug":"lexposition-mediterranean-2050-arrive-monaco","status":"publish","type":"post","link":"https:\/\/montecarloliving.com\/fr\/monaco-fr\/que-visiter\/lexposition-mediterranean-2050-arrive-monaco-20365\/","title":{"rendered":"L\u2019Exposition \u201cMediterranean 2050\u201d Arrive \u00e0 Monaco"},"content":{"rendered":"<p class=\"\" data-start=\"2259\" data-end=\"2510\">\u00c0 partir du <strong data-start=\"2271\" data-end=\"2282\">29 mars<\/strong>, le <strong data-start=\"2287\" data-end=\"2322\">Mus\u00e9e Oc\u00e9anographique de Monaco<\/strong> accueille <em data-start=\"2333\" data-end=\"2353\">Mediterranean 2050<\/em>, une exposition interactive qui transporte les visiteurs \u00e0 travers le temps et l\u2019espace pour explorer le pass\u00e9, le pr\u00e9sent et l\u2019avenir de la M\u00e9diterran\u00e9e.<\/p>\n<p class=\"\" data-start=\"2512\" data-end=\"2836\">Autrefois berceau des civilisations et carrefour des cultures, la M\u00e9diterran\u00e9e fait aujourd\u2019hui face \u00e0 une crise environnementale sans pr\u00e9c\u00e9dent. Cette exposition invite \u00e0 r\u00e9fl\u00e9chir sur sa gloire pass\u00e9e, sa fragilit\u00e9 actuelle et les actions n\u00e9cessaires pour assurer sa renaissance gr\u00e2ce \u00e0 des choix conscients et durables.<img loading=\"lazy\" decoding=\"async\" class=\"size-full wp-image-20352 aligncenter\" src=\"https:\/\/montecarloliving.com\/wp-content\/uploads\/2025\/03\/mare.jpg\" alt=\"\" width=\"302\" height=\"439\" srcset=\"https:\/\/montecarloliving.com\/wp-content\/uploads\/2025\/03\/mare.jpg 302w, https:\/\/montecarloliving.com\/wp-content\/uploads\/2025\/03\/mare-206x300.jpg 206w\" sizes=\"auto, (max-width: 302px) 100vw, 302px\" \/><\/p>\n<h3 class=\"\" data-start=\"2838\" data-end=\"2893\"><strong data-start=\"2842\" data-end=\"2891\">Un Engagement pour la Pr\u00e9servation des Oc\u00e9ans<\/strong><\/h3>\n<p class=\"\" data-start=\"2895\" data-end=\"3377\">Sur une surface de <strong data-start=\"2914\" data-end=\"2937\">1 000 m\u00e8tres carr\u00e9s<\/strong>, <em data-start=\"2939\" data-end=\"2959\">Mediterranean 2050<\/em> sensibilise le public \u00e0 la vuln\u00e9rabilit\u00e9 de l\u2019\u00e9cosyst\u00e8me marin mon\u00e9gasque, qui abrite <strong data-start=\"3046\" data-end=\"3085\">7,5 % des esp\u00e8ces marines mondiales<\/strong> et <strong data-start=\"3089\" data-end=\"3119\">18 % des esp\u00e8ces v\u00e9g\u00e9tales<\/strong>. Gr\u00e2ce \u00e0 une exp\u00e9rience immersive et interactive, les visiteurs d\u00e9couvriront l\u2019importance des <strong data-start=\"3214\" data-end=\"3247\">Aires Marines Prot\u00e9g\u00e9es (AMP)<\/strong> et les strat\u00e9gies n\u00e9cessaires pour atteindre l\u2019ambitieux programme <strong data-start=\"3315\" data-end=\"3324\">30\u00d730<\/strong>, visant \u00e0 prot\u00e9ger <strong data-start=\"3344\" data-end=\"3374\">30 % des oc\u00e9ans d\u2019ici 2030<\/strong>.<\/p>\n<h3 class=\"\" data-start=\"3379\" data-end=\"3430\"><strong data-start=\"3383\" data-end=\"3428\">Une Plong\u00e9e dans la M\u00e9diterran\u00e9e du Futur<\/strong><\/h3>\n<p class=\"\" data-start=\"3432\" data-end=\"3793\">\u00c0 bord du <strong data-start=\"3442\" data-end=\"3474\">sous-marin futuriste Pegasos<\/strong>, les visiteurs seront transport\u00e9s dans la <strong data-start=\"3517\" data-end=\"3541\">M\u00e9diterran\u00e9e de 2050<\/strong>, o\u00f9 la biodiversit\u00e9 marine a \u00e9t\u00e9 restaur\u00e9e. Gr\u00e2ce \u00e0 des technologies de pointe et une <strong data-start=\"3628\" data-end=\"3673\">projection immersive de 310 m\u00e8tres carr\u00e9s<\/strong>, ils pourront nager virtuellement aux c\u00f4t\u00e9s de <strong data-start=\"3721\" data-end=\"3758\">tortues marines, requins, c\u00e9tac\u00e9s<\/strong> et autres esp\u00e8ces embl\u00e9matiques.<\/p>\n<h3 class=\"\" data-start=\"3795\" data-end=\"3852\"><strong data-start=\"3799\" data-end=\"3850\">Au-del\u00e0 de l\u2019Exposition : Un Engagement Concret<\/strong><\/h3>\n<p class=\"\" data-start=\"3854\" data-end=\"4123\">L\u2019exp\u00e9rience ne s\u2019arr\u00eate pas aux portes du Mus\u00e9e : gr\u00e2ce \u00e0 <strong data-start=\"3913\" data-end=\"3930\">My OCEANO Med<\/strong>, une application interactive, les visiteurs pourront prolonger leur engagement environnemental en relevant des d\u00e9fis pour mettre en place des strat\u00e9gies efficaces de pr\u00e9servation des oc\u00e9ans.<\/p>\n<p class=\"\" data-start=\"4125\" data-end=\"4501\">Avec son engagement constant en faveur de l\u2019environnement et son offre culturelle de prestige, le <strong data-start=\"4223\" data-end=\"4248\">Principaut\u00e9 de Monaco<\/strong> s\u2019impose comme une destination id\u00e9ale pour un week-end plac\u00e9 sous le signe de la nature et du d\u00e9veloppement durable. <strong data-start=\"4366\" data-end=\"4501\" data-is-last-node=\"\">Sous le soleil de la C\u00f4te d\u2019Azur, \u00e0 deux pas de l\u2019Italie, vivez une exp\u00e9rience inoubliable au c\u0153ur de la pr\u00e9servation de notre mer.<\/strong><\/p>\n","protected":false},"excerpt":{"rendered":"<p>\u00c0 partir du 29 mars, le Mus\u00e9e Oc\u00e9anographique de Monaco accueille Mediterranean 2050, une exposition interactive qui transporte les visiteurs \u00e0 travers le temps et l\u2019espace pour explorer le pass\u00e9, le pr\u00e9sent et l\u2019avenir de la M\u00e9diterran\u00e9e. Autrefois berceau des civilisations et carrefour des [&hellip;]<\/p>\n","protected":false},"author":1,"featured_media":20362,"comment_status":"closed","ping_status":"closed","sticky":false,"template":"","format":"standard","meta":{"footnotes":""},"categories":[827,828,867,819,829],"tags":[],"class_list":["post-20365","post","type-post","status-publish","format-standard","has-post-thumbnail","hentry","category-actualite","category-evenements","category-monaco-fr","category-que-visiter","category-tourisme"],"yoast_head":"<!-- This site is optimized with the Yoast SEO plugin v27.4 - https:\/\/yoast.com\/product\/yoast-seo-wordpress\/ -->\n<title>L\u2019Exposition \u201cMediterranean 2050\u201d Arrive \u00e0 Monaco<\/title>\n<meta name=\"description\" content=\"\u00c0 partir du 29 mars, le Mus\u00e9e Oc\u00e9anographique de Monaco accueille Mediterranean 2050, une exposition interactive qui transporte les visiteurs \u00e0 travers le L\u2019Exposition \u201cMediterranean 2050\u201d Arrive \u00e0 Monaco\" \/>\n<meta name=\"robots\" content=\"index, follow, max-snippet:-1, max-image-preview:large, max-video-preview:-1\" \/>\n<link rel=\"canonical\" href=\"https:\/\/montecarloliving.com\/fr\/monaco-fr\/que-visiter\/lexposition-mediterranean-2050-arrive-monaco-20365\/\" \/>\n<meta property=\"og:locale\" content=\"fr_FR\" \/>\n<meta property=\"og:title\" content=\"L\u2019Exposition \u201cMediterranean 2050\u201d Arrive \u00e0 Monaco\" \/>\n<meta property=\"og:description\" content=\"\u00c0 partir du 29 mars, le Mus\u00e9e Oc\u00e9anographique de Monaco accueille Mediterranean 2050, une exposition interactive qui transporte les visiteurs \u00e0 travers le L\u2019Exposition \u201cMediterranean 2050\u201d Arrive \u00e0 Monaco\" \/>\n<meta property=\"og:url\" content=\"https:\/\/montecarloliving.com\/fr\/monaco-fr\/que-visiter\/lexposition-mediterranean-2050-arrive-monaco-20365\/\" \/>\n<meta property=\"og:site_name\" content=\"Montecarlo Living\" \/>\n<meta property=\"article:publisher\" content=\"https:\/\/www.facebook.com\/montecarlolivingcom\/\" \/>\n<meta property=\"article:published_time\" content=\"2025-03-26T10:39:58+00:00\" \/>\n<meta property=\"article:modified_time\" content=\"2025-03-26T10:46:38+00:00\" \/>\n<meta property=\"og:image\" content=\"https:\/\/montecarloliving.com\/wp-content\/uploads\/2025\/03\/jcr_content-650x400.jpg\" \/>\n\t<meta property=\"og:image:width\" content=\"650\" \/>\n\t<meta property=\"og:image:height\" content=\"400\" \/>\n\t<meta property=\"og:image:type\" content=\"image\/jpeg\" \/>\n<meta name=\"author\" content=\"Redazione\" \/>\n<meta name=\"twitter:card\" content=\"summary_large_image\" \/>\n<meta name=\"twitter:creator\" content=\"@MonteCarloLivi\" \/>\n<meta name=\"twitter:site\" content=\"@MonteCarloLivi\" \/>\n<meta name=\"twitter:label1\" content=\"\u00c9crit par\" \/>\n\t<meta name=\"twitter:data1\" content=\"Redazione\" \/>\n\t<meta name=\"twitter:label2\" content=\"Dur\u00e9e de lecture estim\u00e9e\" \/>\n\t<meta name=\"twitter:data2\" content=\"2 minutes\" \/>\n<script type=\"application\/ld+json\" class=\"yoast-schema-graph\">{\"@context\":\"https:\\\/\\\/schema.org\",\"@graph\":[{\"@type\":\"Article\",\"@id\":\"https:\\\/\\\/montecarloliving.com\\\/fr\\\/monaco-fr\\\/que-visiter\\\/lexposition-mediterranean-2050-arrive-monaco-20365\\\/#article\",\"isPartOf\":{\"@id\":\"https:\\\/\\\/montecarloliving.com\\\/fr\\\/monaco-fr\\\/que-visiter\\\/lexposition-mediterranean-2050-arrive-monaco-20365\\\/\"},\"author\":{\"name\":\"Redazione\",\"@id\":\"https:\\\/\\\/montecarloliving.com\\\/fr\\\/#\\\/schema\\\/person\\\/7e5945d4560862b7f2d2c6831bda2819\"},\"headline\":\"L\u2019Exposition \u201cMediterranean 2050\u201d Arrive \u00e0 Monaco\",\"datePublished\":\"2025-03-26T10:39:58+00:00\",\"dateModified\":\"2025-03-26T10:46:38+00:00\",\"mainEntityOfPage\":{\"@id\":\"https:\\\/\\\/montecarloliving.com\\\/fr\\\/monaco-fr\\\/que-visiter\\\/lexposition-mediterranean-2050-arrive-monaco-20365\\\/\"},\"wordCount\":377,\"image\":{\"@id\":\"https:\\\/\\\/montecarloliving.com\\\/fr\\\/monaco-fr\\\/que-visiter\\\/lexposition-mediterranean-2050-arrive-monaco-20365\\\/#primaryimage\"},\"thumbnailUrl\":\"https:\\\/\\\/montecarloliving.com\\\/wp-content\\\/uploads\\\/2025\\\/03\\\/jcr_content.jpg\",\"articleSection\":[\"Actualit\u00e9\",\"\u00c9v\u00e9nements\",\"Monaco\",\"Que Visiter \u00e0 Monaco\",\"Tourisme \u00e0 Monaco\"],\"inLanguage\":\"fr-FR\"},{\"@type\":\"WebPage\",\"@id\":\"https:\\\/\\\/montecarloliving.com\\\/fr\\\/monaco-fr\\\/que-visiter\\\/lexposition-mediterranean-2050-arrive-monaco-20365\\\/\",\"url\":\"https:\\\/\\\/montecarloliving.com\\\/fr\\\/monaco-fr\\\/que-visiter\\\/lexposition-mediterranean-2050-arrive-monaco-20365\\\/\",\"name\":\"L\u2019Exposition \u201cMediterranean 2050\u201d Arrive \u00e0 Monaco\",\"isPartOf\":{\"@id\":\"https:\\\/\\\/montecarloliving.com\\\/fr\\\/#website\"},\"primaryImageOfPage\":{\"@id\":\"https:\\\/\\\/montecarloliving.com\\\/fr\\\/monaco-fr\\\/que-visiter\\\/lexposition-mediterranean-2050-arrive-monaco-20365\\\/#primaryimage\"},\"image\":{\"@id\":\"https:\\\/\\\/montecarloliving.com\\\/fr\\\/monaco-fr\\\/que-visiter\\\/lexposition-mediterranean-2050-arrive-monaco-20365\\\/#primaryimage\"},\"thumbnailUrl\":\"https:\\\/\\\/montecarloliving.com\\\/wp-content\\\/uploads\\\/2025\\\/03\\\/jcr_content.jpg\",\"datePublished\":\"2025-03-26T10:39:58+00:00\",\"dateModified\":\"2025-03-26T10:46:38+00:00\",\"author\":{\"@id\":\"https:\\\/\\\/montecarloliving.com\\\/fr\\\/#\\\/schema\\\/person\\\/7e5945d4560862b7f2d2c6831bda2819\"},\"description\":\"\u00c0 partir du 29 mars, le Mus\u00e9e Oc\u00e9anographique de Monaco accueille Mediterranean 2050, une exposition interactive qui transporte les visiteurs \u00e0 travers le L\u2019Exposition \u201cMediterranean 2050\u201d Arrive \u00e0 Monaco\",\"breadcrumb\":{\"@id\":\"https:\\\/\\\/montecarloliving.com\\\/fr\\\/monaco-fr\\\/que-visiter\\\/lexposition-mediterranean-2050-arrive-monaco-20365\\\/#breadcrumb\"},\"inLanguage\":\"fr-FR\",\"potentialAction\":[{\"@type\":\"ReadAction\",\"target\":[\"https:\\\/\\\/montecarloliving.com\\\/fr\\\/monaco-fr\\\/que-visiter\\\/lexposition-mediterranean-2050-arrive-monaco-20365\\\/\"]}]},{\"@type\":\"ImageObject\",\"inLanguage\":\"fr-FR\",\"@id\":\"https:\\\/\\\/montecarloliving.com\\\/fr\\\/monaco-fr\\\/que-visiter\\\/lexposition-mediterranean-2050-arrive-monaco-20365\\\/#primaryimage\",\"url\":\"https:\\\/\\\/montecarloliving.com\\\/wp-content\\\/uploads\\\/2025\\\/03\\\/jcr_content.jpg\",\"contentUrl\":\"https:\\\/\\\/montecarloliving.com\\\/wp-content\\\/uploads\\\/2025\\\/03\\\/jcr_content.jpg\",\"width\":2048,\"height\":1536},{\"@type\":\"BreadcrumbList\",\"@id\":\"https:\\\/\\\/montecarloliving.com\\\/fr\\\/monaco-fr\\\/que-visiter\\\/lexposition-mediterranean-2050-arrive-monaco-20365\\\/#breadcrumb\",\"itemListElement\":[{\"@type\":\"ListItem\",\"position\":1,\"name\":\"Home\",\"item\":\"https:\\\/\\\/montecarloliving.com\\\/fr\\\/\"},{\"@type\":\"ListItem\",\"position\":2,\"name\":\"L\u2019Exposition \u201cMediterranean 2050\u201d Arrive \u00e0 Monaco\"}]},{\"@type\":\"WebSite\",\"@id\":\"https:\\\/\\\/montecarloliving.com\\\/fr\\\/#website\",\"url\":\"https:\\\/\\\/montecarloliving.com\\\/fr\\\/\",\"name\":\"Montecarlo Living\",\"description\":\"News da Montecarlo - Principato di Monaco e Costa Azzurra\",\"potentialAction\":[{\"@type\":\"SearchAction\",\"target\":{\"@type\":\"EntryPoint\",\"urlTemplate\":\"https:\\\/\\\/montecarloliving.com\\\/fr\\\/?s={search_term_string}\"},\"query-input\":{\"@type\":\"PropertyValueSpecification\",\"valueRequired\":true,\"valueName\":\"search_term_string\"}}],\"inLanguage\":\"fr-FR\"},{\"@type\":\"Person\",\"@id\":\"https:\\\/\\\/montecarloliving.com\\\/fr\\\/#\\\/schema\\\/person\\\/7e5945d4560862b7f2d2c6831bda2819\",\"name\":\"Redazione\",\"image\":{\"@type\":\"ImageObject\",\"inLanguage\":\"fr-FR\",\"@id\":\"https:\\\/\\\/secure.gravatar.com\\\/avatar\\\/8b5f26557e18fe74ad8e8a57ebb2925d88af8a90cee489ff2beefb391bc9b9c7?s=96&d=mm&r=g\",\"url\":\"https:\\\/\\\/secure.gravatar.com\\\/avatar\\\/8b5f26557e18fe74ad8e8a57ebb2925d88af8a90cee489ff2beefb391bc9b9c7?s=96&d=mm&r=g\",\"contentUrl\":\"https:\\\/\\\/secure.gravatar.com\\\/avatar\\\/8b5f26557e18fe74ad8e8a57ebb2925d88af8a90cee489ff2beefb391bc9b9c7?s=96&d=mm&r=g\",\"caption\":\"Redazione\"}}]}<\/script>\n<!-- \/ Yoast SEO plugin. -->","yoast_head_json":{"title":"L\u2019Exposition \u201cMediterranean 2050\u201d Arrive \u00e0 Monaco","description":"\u00c0 partir du 29 mars, le Mus\u00e9e Oc\u00e9anographique de Monaco accueille Mediterranean 2050, une exposition interactive qui transporte les visiteurs \u00e0 travers le L\u2019Exposition \u201cMediterranean 2050\u201d Arrive \u00e0 Monaco","robots":{"index":"index","follow":"follow","max-snippet":"max-snippet:-1","max-image-preview":"max-image-preview:large","max-video-preview":"max-video-preview:-1"},"canonical":"https:\/\/montecarloliving.com\/fr\/monaco-fr\/que-visiter\/lexposition-mediterranean-2050-arrive-monaco-20365\/","og_locale":"fr_FR","og_title":"L\u2019Exposition \u201cMediterranean 2050\u201d Arrive \u00e0 Monaco","og_description":"\u00c0 partir du 29 mars, le Mus\u00e9e Oc\u00e9anographique de Monaco accueille Mediterranean 2050, une exposition interactive qui transporte les visiteurs \u00e0 travers le L\u2019Exposition \u201cMediterranean 2050\u201d Arrive \u00e0 Monaco","og_url":"https:\/\/montecarloliving.com\/fr\/monaco-fr\/que-visiter\/lexposition-mediterranean-2050-arrive-monaco-20365\/","og_site_name":"Montecarlo Living","article_publisher":"https:\/\/www.facebook.com\/montecarlolivingcom\/","article_published_time":"2025-03-26T10:39:58+00:00","article_modified_time":"2025-03-26T10:46:38+00:00","og_image":[{"width":650,"height":400,"url":"https:\/\/montecarloliving.com\/wp-content\/uploads\/2025\/03\/jcr_content-650x400.jpg","type":"image\/jpeg"}],"author":"Redazione","twitter_card":"summary_large_image","twitter_creator":"@MonteCarloLivi","twitter_site":"@MonteCarloLivi","twitter_misc":{"\u00c9crit par":"Redazione","Dur\u00e9e de lecture estim\u00e9e":"2 minutes"},"schema":{"@context":"https:\/\/schema.org","@graph":[{"@type":"Article","@id":"https:\/\/montecarloliving.com\/fr\/monaco-fr\/que-visiter\/lexposition-mediterranean-2050-arrive-monaco-20365\/#article","isPartOf":{"@id":"https:\/\/montecarloliving.com\/fr\/monaco-fr\/que-visiter\/lexposition-mediterranean-2050-arrive-monaco-20365\/"},"author":{"name":"Redazione","@id":"https:\/\/montecarloliving.com\/fr\/#\/schema\/person\/7e5945d4560862b7f2d2c6831bda2819"},"headline":"L\u2019Exposition \u201cMediterranean 2050\u201d Arrive \u00e0 Monaco","datePublished":"2025-03-26T10:39:58+00:00","dateModified":"2025-03-26T10:46:38+00:00","mainEntityOfPage":{"@id":"https:\/\/montecarloliving.com\/fr\/monaco-fr\/que-visiter\/lexposition-mediterranean-2050-arrive-monaco-20365\/"},"wordCount":377,"image":{"@id":"https:\/\/montecarloliving.com\/fr\/monaco-fr\/que-visiter\/lexposition-mediterranean-2050-arrive-monaco-20365\/#primaryimage"},"thumbnailUrl":"https:\/\/montecarloliving.com\/wp-content\/uploads\/2025\/03\/jcr_content.jpg","articleSection":["Actualit\u00e9","\u00c9v\u00e9nements","Monaco","Que Visiter \u00e0 Monaco","Tourisme \u00e0 Monaco"],"inLanguage":"fr-FR"},{"@type":"WebPage","@id":"https:\/\/montecarloliving.com\/fr\/monaco-fr\/que-visiter\/lexposition-mediterranean-2050-arrive-monaco-20365\/","url":"https:\/\/montecarloliving.com\/fr\/monaco-fr\/que-visiter\/lexposition-mediterranean-2050-arrive-monaco-20365\/","name":"L\u2019Exposition \u201cMediterranean 2050\u201d Arrive \u00e0 Monaco","isPartOf":{"@id":"https:\/\/montecarloliving.com\/fr\/#website"},"primaryImageOfPage":{"@id":"https:\/\/montecarloliving.com\/fr\/monaco-fr\/que-visiter\/lexposition-mediterranean-2050-arrive-monaco-20365\/#primaryimage"},"image":{"@id":"https:\/\/montecarloliving.com\/fr\/monaco-fr\/que-visiter\/lexposition-mediterranean-2050-arrive-monaco-20365\/#primaryimage"},"thumbnailUrl":"https:\/\/montecarloliving.com\/wp-content\/uploads\/2025\/03\/jcr_content.jpg","datePublished":"2025-03-26T10:39:58+00:00","dateModified":"2025-03-26T10:46:38+00:00","author":{"@id":"https:\/\/montecarloliving.com\/fr\/#\/schema\/person\/7e5945d4560862b7f2d2c6831bda2819"},"description":"\u00c0 partir du 29 mars, le Mus\u00e9e Oc\u00e9anographique de Monaco accueille Mediterranean 2050, une exposition interactive qui transporte les visiteurs \u00e0 travers le L\u2019Exposition \u201cMediterranean 2050\u201d Arrive \u00e0 Monaco","breadcrumb":{"@id":"https:\/\/montecarloliving.com\/fr\/monaco-fr\/que-visiter\/lexposition-mediterranean-2050-arrive-monaco-20365\/#breadcrumb"},"inLanguage":"fr-FR","potentialAction":[{"@type":"ReadAction","target":["https:\/\/montecarloliving.com\/fr\/monaco-fr\/que-visiter\/lexposition-mediterranean-2050-arrive-monaco-20365\/"]}]},{"@type":"ImageObject","inLanguage":"fr-FR","@id":"https:\/\/montecarloliving.com\/fr\/monaco-fr\/que-visiter\/lexposition-mediterranean-2050-arrive-monaco-20365\/#primaryimage","url":"https:\/\/montecarloliving.com\/wp-content\/uploads\/2025\/03\/jcr_content.jpg","contentUrl":"https:\/\/montecarloliving.com\/wp-content\/uploads\/2025\/03\/jcr_content.jpg","width":2048,"height":1536},{"@type":"BreadcrumbList","@id":"https:\/\/montecarloliving.com\/fr\/monaco-fr\/que-visiter\/lexposition-mediterranean-2050-arrive-monaco-20365\/#breadcrumb","itemListElement":[{"@type":"ListItem","position":1,"name":"Home","item":"https:\/\/montecarloliving.com\/fr\/"},{"@type":"ListItem","position":2,"name":"L\u2019Exposition \u201cMediterranean 2050\u201d Arrive \u00e0 Monaco"}]},{"@type":"WebSite","@id":"https:\/\/montecarloliving.com\/fr\/#website","url":"https:\/\/montecarloliving.com\/fr\/","name":"Montecarlo Living","description":"News da Montecarlo - Principato di Monaco e Costa Azzurra","potentialAction":[{"@type":"SearchAction","target":{"@type":"EntryPoint","urlTemplate":"https:\/\/montecarloliving.com\/fr\/?s={search_term_string}"},"query-input":{"@type":"PropertyValueSpecification","valueRequired":true,"valueName":"search_term_string"}}],"inLanguage":"fr-FR"},{"@type":"Person","@id":"https:\/\/montecarloliving.com\/fr\/#\/schema\/person\/7e5945d4560862b7f2d2c6831bda2819","name":"Redazione","image":{"@type":"ImageObject","inLanguage":"fr-FR","@id":"https:\/\/secure.gravatar.com\/avatar\/8b5f26557e18fe74ad8e8a57ebb2925d88af8a90cee489ff2beefb391bc9b9c7?s=96&d=mm&r=g","url":"https:\/\/secure.gravatar.com\/avatar\/8b5f26557e18fe74ad8e8a57ebb2925d88af8a90cee489ff2beefb391bc9b9c7?s=96&d=mm&r=g","contentUrl":"https:\/\/secure.gravatar.com\/avatar\/8b5f26557e18fe74ad8e8a57ebb2925d88af8a90cee489ff2beefb391bc9b9c7?s=96&d=mm&r=g","caption":"Redazione"}}]}},"_links":{"self":[{"href":"https:\/\/montecarloliving.com\/fr\/wp-json\/wp\/v2\/posts\/20365","targetHints":{"allow":["GET"]}}],"collection":[{"href":"https:\/\/montecarloliving.com\/fr\/wp-json\/wp\/v2\/posts"}],"about":[{"href":"https:\/\/montecarloliving.com\/fr\/wp-json\/wp\/v2\/types\/post"}],"author":[{"embeddable":true,"href":"https:\/\/montecarloliving.com\/fr\/wp-json\/wp\/v2\/users\/1"}],"replies":[{"embeddable":true,"href":"https:\/\/montecarloliving.com\/fr\/wp-json\/wp\/v2\/comments?post=20365"}],"version-history":[{"count":1,"href":"https:\/\/montecarloliving.com\/fr\/wp-json\/wp\/v2\/posts\/20365\/revisions"}],"predecessor-version":[{"id":20366,"href":"https:\/\/montecarloliving.com\/fr\/wp-json\/wp\/v2\/posts\/20365\/revisions\/20366"}],"wp:featuredmedia":[{"embeddable":true,"href":"https:\/\/montecarloliving.com\/fr\/wp-json\/wp\/v2\/media\/20362"}],"wp:attachment":[{"href":"https:\/\/montecarloliving.com\/fr\/wp-json\/wp\/v2\/media?parent=20365"}],"wp:term":[{"taxonomy":"category","embeddable":true,"href":"https:\/\/montecarloliving.com\/fr\/wp-json\/wp\/v2\/categories?post=20365"},{"taxonomy":"post_tag","embeddable":true,"href":"https:\/\/montecarloliving.com\/fr\/wp-json\/wp\/v2\/tags?post=20365"}],"curies":[{"name":"wp","href":"https:\/\/api.w.org\/{rel}","templated":true}]}}