{"id":20135,"date":"2025-03-19T09:36:27","date_gmt":"2025-03-19T08:36:27","guid":{"rendered":"https:\/\/montecarloliving.com\/?p=20135"},"modified":"2025-03-20T12:01:49","modified_gmt":"2025-03-20T11:01:49","slug":"bellet-gourmand-2025-deux-soirees-de-musique-gastronomie-et-vin-au-coeur-de-tradition-nicoise","status":"publish","type":"post","link":"https:\/\/montecarloliving.com\/fr\/actualite\/bellet-gourmand-2025-deux-soirees-de-musique-gastronomie-et-vin-au-coeur-de-tradition-nicoise-20135\/","title":{"rendered":"Bellet Gourmand 2025 : Deux soir\u00e9es de musique, gastronomie et vin au c\u0153ur de la tradition ni\u00e7oise"},"content":{"rendered":"<p data-start=\"110\" data-end=\"337\">\ud83d\udcc5 Notez ces dates dans votre agenda : vendredi 28 et samedi 29 mars 2025. Au Jardin Albert I \u00e0 Nice, deux soir\u00e9es sp\u00e9ciales c\u00e9l\u00e9breront la culture locale avec un m\u00e9lange irr\u00e9sistible de musique, de gastronomie et de vins d&rsquo;exception<\/p>\n<h3 data-start=\"339\" data-end=\"386\"><strong data-start=\"343\" data-end=\"384\">Une immersion dans la culture ni\u00e7oise<\/strong><\/h3>\n<p data-start=\"387\" data-end=\"550\">Une occasion unique de plonger dans l\u2019authenticit\u00e9 ni\u00e7oise, en savourant des mets raffin\u00e9s et des vins prestigieux dans une atmosph\u00e8re <strong data-start=\"522\" data-end=\"547\">festive et conviviale<\/strong>.<\/p>\n<h3 data-start=\"552\" data-end=\"607\"><strong data-start=\"556\" data-end=\"605\">Un voyage sensoriel entre saveurs et m\u00e9lodies<\/strong><\/h3>\n<p data-start=\"608\" data-end=\"798\">De <strong data-start=\"611\" data-end=\"628\">17h30 \u00e0 22h30<\/strong>, cet \u00e9v\u00e9nement au format ap\u00e9ritif promet une exp\u00e9rience inoubliable o\u00f9 <strong data-start=\"700\" data-end=\"742\">musique live et cuisine traditionnelle<\/strong> se rencontreront pour cr\u00e9er des souvenirs m\u00e9morables.<\/p>\n<p data-start=\"800\" data-end=\"986\">Les <strong data-start=\"804\" data-end=\"825\">invit\u00e9s d\u2019honneur<\/strong> de ces soir\u00e9es seront le <strong data-start=\"851\" data-end=\"871\">Duo Dous de Dous<\/strong> et la chanteuse <strong data-start=\"888\" data-end=\"902\">Julia Ross<\/strong>, qui inviteront le public \u00e0 danser sur des airs traditionnels ni\u00e7ois entra\u00eenants.<\/p>\n<p data-start=\"988\" data-end=\"1190\">Mais ce n\u2019est pas tout ! <strong data-start=\"1013\" data-end=\"1037\">Des chefs talentueux<\/strong> revisiteront les saveurs locales \u00e0 travers des cr\u00e9ations culinaires exclusives, tandis que les <strong data-start=\"1133\" data-end=\"1160\">renomm\u00e9s vins de Bellet<\/strong> sublimeront chaque bouch\u00e9e.<\/p>\n<hr data-start=\"1192\" data-end=\"1195\" \/>\n<h3 data-start=\"1197\" data-end=\"1243\"><strong data-start=\"1201\" data-end=\"1241\">Vins de Bellet &amp; Histoires de vignes<\/strong><\/h3>\n<p data-start=\"1244\" data-end=\"1440\">Les d\u00e9lices gastronomiques seront accompagn\u00e9s d\u2019une <strong data-start=\"1296\" data-end=\"1320\">d\u00e9gustation raffin\u00e9e<\/strong> de vins issus des domaines :<br data-start=\"1349\" data-end=\"1352\" \/>\ud83c\udf77 <strong data-start=\"1355\" data-end=\"1437\">Domaine de Bellet, Cr\u00e9mat, Saint Jean, Collet de Bovis et Domaine de la Source<\/strong>.<\/p>\n<p data-start=\"1442\" data-end=\"1600\">Pour l\u2019occasion, la <strong data-start=\"1462\" data-end=\"1484\">Dieselle Compagnie<\/strong> enchantera les invit\u00e9s avec des r\u00e9cits et des chansons inspir\u00e9s du vin, des vignobles et des traditions festives.<\/p>\n<p data-start=\"1602\" data-end=\"1875\">\ud83d\udc49 <strong data-start=\"1605\" data-end=\"1629\">D\u00e9gustation gratuite<\/strong> de tous les vins avec l\u2019achat d\u2019un verre personnalis\u00e9 grav\u00e9 du nom de l\u2019appellation <strong data-start=\"1714\" data-end=\"1724\">Bellet<\/strong>.<br data-start=\"1725\" data-end=\"1728\" \/>De plus, les vins <strong data-start=\"1746\" data-end=\"1770\">blanc, rouge et ros\u00e9<\/strong> seront en vente, parfaits pour accompagner les plats pr\u00e9par\u00e9s par les chefs de <strong data-start=\"1850\" data-end=\"1872\">Les Toques Br\u00fbl\u00e9es<\/strong>.<\/p>\n<p data-start=\"1602\" data-end=\"1875\"><img loading=\"lazy\" decoding=\"async\" class=\"size-full wp-image-20124 aligncenter\" src=\"https:\/\/montecarloliving.com\/wp-content\/uploads\/2025\/03\/thumb_33907_paysage_big.png\" alt=\"\" width=\"770\" height=\"403\" srcset=\"https:\/\/montecarloliving.com\/wp-content\/uploads\/2025\/03\/thumb_33907_paysage_big.png 770w, https:\/\/montecarloliving.com\/wp-content\/uploads\/2025\/03\/thumb_33907_paysage_big-300x157.png 300w, https:\/\/montecarloliving.com\/wp-content\/uploads\/2025\/03\/thumb_33907_paysage_big-768x402.png 768w\" sizes=\"auto, (max-width: 770px) 100vw, 770px\" \/><\/p>\n<hr data-start=\"1877\" data-end=\"1880\" \/>\n<h3 data-start=\"1882\" data-end=\"1916\"><strong data-start=\"1886\" data-end=\"1914\">Programme de l\u2019\u00e9v\u00e9nement<\/strong><\/h3>\n<p data-start=\"1918\" data-end=\"1948\">\ud83d\uddd3 <strong data-start=\"1921\" data-end=\"1946\">Vendredi 28 mars 2025<\/strong><\/p>\n<ul data-start=\"1949\" data-end=\"2145\">\n<li data-start=\"1949\" data-end=\"2013\"><strong data-start=\"1951\" data-end=\"1969\">La Boulisterie<\/strong> installera <strong data-start=\"1981\" data-end=\"2010\">deux terrains de p\u00e9tanque<\/strong>.<\/li>\n<li data-start=\"2014\" data-end=\"2052\"><strong data-start=\"2016\" data-end=\"2049\">Pr\u00e9sentation de Gilles Roches<\/strong>.<\/li>\n<li data-start=\"2053\" data-end=\"2145\"><strong data-start=\"2055\" data-end=\"2075\">De 19h00 \u00e0 22h30<\/strong> : dansez et profitez de la musique live avec <strong data-start=\"2121\" data-end=\"2141\">Duo Dous de Dous<\/strong> !<\/li>\n<\/ul>\n<p data-start=\"2147\" data-end=\"2175\">\ud83d\uddd3 <strong data-start=\"2150\" data-end=\"2173\">Samedi 29 mars 2025<\/strong><\/p>\n<ul data-start=\"2176\" data-end=\"2377\">\n<li data-start=\"2176\" data-end=\"2234\"><strong data-start=\"2178\" data-end=\"2196\">La Boulisterie<\/strong> avec <strong data-start=\"2202\" data-end=\"2231\">deux terrains de p\u00e9tanque<\/strong>.<\/li>\n<li data-start=\"2235\" data-end=\"2302\"><strong data-start=\"2237\" data-end=\"2257\">De 19h00 \u00e0 22h30<\/strong> : soir\u00e9e musicale avec <strong data-start=\"2281\" data-end=\"2299\">Julia Ross, DJ<\/strong>.<\/li>\n<li data-start=\"2303\" data-end=\"2377\"><strong data-start=\"2305\" data-end=\"2374\">Spectacles <em data-start=\"2318\" data-end=\"2330\">Belle Robe<\/em> de la Dieselle Compagnie \u00e0 18h30 et 20h00<\/strong>.<\/li>\n<\/ul>\n<hr data-start=\"2379\" data-end=\"2382\" \/>\n<h3 data-start=\"2384\" data-end=\"2455\"><strong data-start=\"2388\" data-end=\"2453\">Les cr\u00e9ations des chefs : un hommage aux saveurs authentiques<\/strong><\/h3>\n<p data-start=\"2457\" data-end=\"2486\">\ud83d\udc68\u200d\ud83c\udf73 <strong data-start=\"2463\" data-end=\"2484\">Christophe Cavani<\/strong><\/p>\n<ul data-start=\"2487\" data-end=\"2645\">\n<li data-start=\"2487\" data-end=\"2541\">Wrap de poulet grill\u00e9 aux l\u00e9gumes ni\u00e7ois et citron<\/li>\n<li data-start=\"2542\" data-end=\"2645\">Sardinade et ses trois sauces : <em data-start=\"2576\" data-end=\"2584\">Vierge<\/em> au citron confit, <em data-start=\"2603\" data-end=\"2616\">Chimichurri<\/em>, et basilic \u00e0 l\u2019ail confit<\/li>\n<\/ul>\n<p data-start=\"2647\" data-end=\"2673\">\ud83d\udc68\u200d\ud83c\udf73 <strong data-start=\"2653\" data-end=\"2671\">David Graziani<\/strong><\/p>\n<ul data-start=\"2674\" data-end=\"2734\">\n<li data-start=\"2674\" data-end=\"2734\">Cromesquis d\u2019effiloch\u00e9 de porc et blettes, cr\u00e8me de lard<\/li>\n<\/ul>\n<p data-start=\"2736\" data-end=\"2760\">\ud83d\udc69\u200d\ud83c\udf73 <strong data-start=\"2742\" data-end=\"2758\">Julie Milici<\/strong><\/p>\n<ul data-start=\"2761\" data-end=\"2825\">\n<li data-start=\"2761\" data-end=\"2825\"><em data-start=\"2763\" data-end=\"2775\">Bao Bagnat<\/em> : une r\u00e9interpr\u00e9tation cr\u00e9ative du <em data-start=\"2811\" data-end=\"2823\">pan bagnat<\/em><\/li>\n<\/ul>\n<p data-start=\"2827\" data-end=\"2853\">\ud83d\udc68\u200d\ud83c\udf73 <strong data-start=\"2833\" data-end=\"2851\">Florent Houget<\/strong><\/p>\n<ul data-start=\"2854\" data-end=\"2921\">\n<li data-start=\"2854\" data-end=\"2921\">Galette de pois chiche \u00e0 la sauce bolognaise, b\u0153uf et aubergine<\/li>\n<\/ul>\n<p data-start=\"2923\" data-end=\"2966\">\ud83d\udc68\u200d\ud83c\udf73 <strong data-start=\"2929\" data-end=\"2964\">Cristian Perria &amp; Emilie Nourry<\/strong><\/p>\n<ul data-start=\"2967\" data-end=\"3063\">\n<li data-start=\"2967\" data-end=\"3063\">Bar \u00e0 p\u00e2tes avec cr\u00e8me \u00e0 la truffe, pesto de noix aux anchois, sauce tomate et stracciatella<\/li>\n<\/ul>\n<p data-start=\"3065\" data-end=\"3097\">\ud83d\udc69\u200d\ud83c\udf73 <strong data-start=\"3071\" data-end=\"3095\">No\u00eblle &amp; David Faure<\/strong><\/p>\n<ul data-start=\"3098\" data-end=\"3223\">\n<li data-start=\"3098\" data-end=\"3223\"><em data-start=\"3100\" data-end=\"3117\">Lou Nissart Dog<\/em> : pain brioch\u00e9 toast\u00e9, saucisse, pistou, cr\u00e8me de parmesan gratin\u00e9e, mayonnaise aux anchois et moutarde<\/li>\n<\/ul>\n<p data-start=\"3225\" data-end=\"3272\">\ud83d\udc68\u200d\ud83c\udf73 <strong data-start=\"3231\" data-end=\"3270\">Ermanno Geria &amp; Nicolas Mouth Bo\u00e9ri<\/strong><\/p>\n<ul data-start=\"3273\" data-end=\"3383\">\n<li data-start=\"3273\" data-end=\"3383\"><em data-start=\"3275\" data-end=\"3285\">Plizzata<\/em> : ratatouille, olives et mozzarella, porchetta et pistou, fromage de ch\u00e8vre au miel et roquette<\/li>\n<\/ul>\n<p data-start=\"3385\" data-end=\"3411\">\ud83d\udc69\u200d\ud83c\udf73 <strong data-start=\"3391\" data-end=\"3409\">Claire Verneil<\/strong><\/p>\n<ul data-start=\"3412\" data-end=\"3494\">\n<li data-start=\"3412\" data-end=\"3494\">Bar \u00e0 cr\u00eapes aux agrumes : citron, beurre d\u2019orange, amandes et fleur d\u2019oranger<\/li>\n<\/ul>\n<p data-start=\"3496\" data-end=\"3523\">\ud83d\udc68\u200d\ud83c\udf73 <strong data-start=\"3502\" data-end=\"3521\">Ludovic Gambini<\/strong><\/p>\n<ul data-start=\"3524\" data-end=\"3583\">\n<li data-start=\"3524\" data-end=\"3553\">Finger brioche feuillet\u00e9e<\/li>\n<li data-start=\"3554\" data-end=\"3583\">Gaufres fourr\u00e9es au choix<\/li>\n<\/ul>\n<hr data-start=\"3585\" data-end=\"3588\" \/>\n<p data-start=\"3590\" data-end=\"3739\" data-is-last-node=\"\" data-is-only-node=\"\">\ud83c\udf89 <strong data-start=\"3593\" data-end=\"3739\" data-is-last-node=\"\">Deux soir\u00e9es magiques c\u00e9l\u00e9brant la culture ni\u00e7oise \u00e0 travers les saveurs, la musique et la convivialit\u00e9. Ne manquez pas cet \u00e9v\u00e9nement unique !<\/strong><\/p>\n","protected":false},"excerpt":{"rendered":"<p>\ud83d\udcc5 Notez ces dates dans votre agenda : vendredi 28 et samedi 29 mars 2025. Au Jardin Albert I \u00e0 Nice, deux soir\u00e9es sp\u00e9ciales c\u00e9l\u00e9breront la culture locale avec un m\u00e9lange irr\u00e9sistible de musique, de gastronomie et de vins d&rsquo;exception Une immersion dans la [&hellip;]<\/p>\n","protected":false},"author":1,"featured_media":20132,"comment_status":"closed","ping_status":"closed","sticky":false,"template":"","format":"standard","meta":{"footnotes":""},"categories":[827,828,868,896],"tags":[],"class_list":["post-20135","post","type-post","status-publish","format-standard","has-post-thumbnail","hentry","category-actualite","category-evenements","category-nice-fr","category-ou-manger-nice"],"yoast_head":"<!-- This site is optimized with the Yoast SEO plugin v27.4 - https:\/\/yoast.com\/product\/yoast-seo-wordpress\/ -->\n<title>Bellet Gourmand 2025 : Deux soir\u00e9es de musique, gastronomie et vin au c\u0153ur de la tradition ni\u00e7oise<\/title>\n<meta name=\"description\" content=\"\ud83d\udcc5 Notez ces dates dans votre agenda : vendredi 28 et samedi 29 mars 2025. Au Jardin Albert I \u00e0 Nice, deux soir\u00e9es sp\u00e9ciales c\u00e9l\u00e9breront la culture locale Bellet Gourmand 2025 : Deux soir\u00e9es de musique, gastronomie et vin au c\u0153ur de la tradition ni\u00e7oise\" \/>\n<meta name=\"robots\" content=\"index, follow, max-snippet:-1, max-image-preview:large, max-video-preview:-1\" \/>\n<link rel=\"canonical\" href=\"https:\/\/montecarloliving.com\/fr\/actualite\/bellet-gourmand-2025-deux-soirees-de-musique-gastronomie-et-vin-au-coeur-de-tradition-nicoise-20135\/\" \/>\n<meta property=\"og:locale\" content=\"fr_FR\" \/>\n<meta property=\"og:title\" content=\"Bellet Gourmand 2025 : Deux soir\u00e9es de musique, gastronomie et vin au c\u0153ur de la tradition ni\u00e7oise\" \/>\n<meta property=\"og:description\" content=\"\ud83d\udcc5 Notez ces dates dans votre agenda : vendredi 28 et samedi 29 mars 2025. Au Jardin Albert I \u00e0 Nice, deux soir\u00e9es sp\u00e9ciales c\u00e9l\u00e9breront la culture locale Bellet Gourmand 2025 : Deux soir\u00e9es de musique, gastronomie et vin au c\u0153ur de la tradition ni\u00e7oise\" \/>\n<meta property=\"og:url\" content=\"https:\/\/montecarloliving.com\/fr\/actualite\/bellet-gourmand-2025-deux-soirees-de-musique-gastronomie-et-vin-au-coeur-de-tradition-nicoise-20135\/\" \/>\n<meta property=\"og:site_name\" content=\"Montecarlo Living\" \/>\n<meta property=\"article:publisher\" content=\"https:\/\/www.facebook.com\/montecarlolivingcom\/\" \/>\n<meta property=\"article:published_time\" content=\"2025-03-19T08:36:27+00:00\" \/>\n<meta property=\"article:modified_time\" content=\"2025-03-20T11:01:49+00:00\" \/>\n<meta property=\"og:image\" content=\"https:\/\/montecarloliving.com\/wp-content\/uploads\/2025\/03\/535735671-650x400.jpg\" \/>\n\t<meta property=\"og:image:width\" content=\"650\" \/>\n\t<meta property=\"og:image:height\" content=\"400\" \/>\n\t<meta property=\"og:image:type\" content=\"image\/jpeg\" \/>\n<meta name=\"author\" content=\"Redazione\" \/>\n<meta name=\"twitter:card\" content=\"summary_large_image\" \/>\n<meta name=\"twitter:creator\" content=\"@MonteCarloLivi\" \/>\n<meta name=\"twitter:site\" content=\"@MonteCarloLivi\" \/>\n<meta name=\"twitter:label1\" content=\"\u00c9crit par\" \/>\n\t<meta name=\"twitter:data1\" content=\"Redazione\" \/>\n\t<meta name=\"twitter:label2\" content=\"Dur\u00e9e de lecture estim\u00e9e\" \/>\n\t<meta name=\"twitter:data2\" content=\"4 minutes\" \/>\n<script type=\"application\/ld+json\" class=\"yoast-schema-graph\">{\"@context\":\"https:\\\/\\\/schema.org\",\"@graph\":[{\"@type\":\"Article\",\"@id\":\"https:\\\/\\\/montecarloliving.com\\\/fr\\\/actualite\\\/bellet-gourmand-2025-deux-soirees-de-musique-gastronomie-et-vin-au-coeur-de-tradition-nicoise-20135\\\/#article\",\"isPartOf\":{\"@id\":\"https:\\\/\\\/montecarloliving.com\\\/fr\\\/actualite\\\/bellet-gourmand-2025-deux-soirees-de-musique-gastronomie-et-vin-au-coeur-de-tradition-nicoise-20135\\\/\"},\"author\":{\"name\":\"Redazione\",\"@id\":\"https:\\\/\\\/montecarloliving.com\\\/fr\\\/#\\\/schema\\\/person\\\/7e5945d4560862b7f2d2c6831bda2819\"},\"headline\":\"Bellet Gourmand 2025 : Deux soir\u00e9es de musique, gastronomie et vin au c\u0153ur de la tradition ni\u00e7oise\",\"datePublished\":\"2025-03-19T08:36:27+00:00\",\"dateModified\":\"2025-03-20T11:01:49+00:00\",\"mainEntityOfPage\":{\"@id\":\"https:\\\/\\\/montecarloliving.com\\\/fr\\\/actualite\\\/bellet-gourmand-2025-deux-soirees-de-musique-gastronomie-et-vin-au-coeur-de-tradition-nicoise-20135\\\/\"},\"wordCount\":575,\"image\":{\"@id\":\"https:\\\/\\\/montecarloliving.com\\\/fr\\\/actualite\\\/bellet-gourmand-2025-deux-soirees-de-musique-gastronomie-et-vin-au-coeur-de-tradition-nicoise-20135\\\/#primaryimage\"},\"thumbnailUrl\":\"https:\\\/\\\/montecarloliving.com\\\/wp-content\\\/uploads\\\/2025\\\/03\\\/535735671-scaled.jpg\",\"articleSection\":[\"Actualit\u00e9\",\"\u00c9v\u00e9nements\",\"Nice\",\"O\u00f9 manger \u00e0 Nice\"],\"inLanguage\":\"fr-FR\"},{\"@type\":\"WebPage\",\"@id\":\"https:\\\/\\\/montecarloliving.com\\\/fr\\\/actualite\\\/bellet-gourmand-2025-deux-soirees-de-musique-gastronomie-et-vin-au-coeur-de-tradition-nicoise-20135\\\/\",\"url\":\"https:\\\/\\\/montecarloliving.com\\\/fr\\\/actualite\\\/bellet-gourmand-2025-deux-soirees-de-musique-gastronomie-et-vin-au-coeur-de-tradition-nicoise-20135\\\/\",\"name\":\"Bellet Gourmand 2025 : Deux soir\u00e9es de musique, gastronomie et vin au c\u0153ur de la tradition ni\u00e7oise\",\"isPartOf\":{\"@id\":\"https:\\\/\\\/montecarloliving.com\\\/fr\\\/#website\"},\"primaryImageOfPage\":{\"@id\":\"https:\\\/\\\/montecarloliving.com\\\/fr\\\/actualite\\\/bellet-gourmand-2025-deux-soirees-de-musique-gastronomie-et-vin-au-coeur-de-tradition-nicoise-20135\\\/#primaryimage\"},\"image\":{\"@id\":\"https:\\\/\\\/montecarloliving.com\\\/fr\\\/actualite\\\/bellet-gourmand-2025-deux-soirees-de-musique-gastronomie-et-vin-au-coeur-de-tradition-nicoise-20135\\\/#primaryimage\"},\"thumbnailUrl\":\"https:\\\/\\\/montecarloliving.com\\\/wp-content\\\/uploads\\\/2025\\\/03\\\/535735671-scaled.jpg\",\"datePublished\":\"2025-03-19T08:36:27+00:00\",\"dateModified\":\"2025-03-20T11:01:49+00:00\",\"author\":{\"@id\":\"https:\\\/\\\/montecarloliving.com\\\/fr\\\/#\\\/schema\\\/person\\\/7e5945d4560862b7f2d2c6831bda2819\"},\"description\":\"\ud83d\udcc5 Notez ces dates dans votre agenda : vendredi 28 et samedi 29 mars 2025. Au Jardin Albert I \u00e0 Nice, deux soir\u00e9es sp\u00e9ciales c\u00e9l\u00e9breront la culture locale Bellet Gourmand 2025 : Deux soir\u00e9es de musique, gastronomie et vin au c\u0153ur de la tradition ni\u00e7oise\",\"breadcrumb\":{\"@id\":\"https:\\\/\\\/montecarloliving.com\\\/fr\\\/actualite\\\/bellet-gourmand-2025-deux-soirees-de-musique-gastronomie-et-vin-au-coeur-de-tradition-nicoise-20135\\\/#breadcrumb\"},\"inLanguage\":\"fr-FR\",\"potentialAction\":[{\"@type\":\"ReadAction\",\"target\":[\"https:\\\/\\\/montecarloliving.com\\\/fr\\\/actualite\\\/bellet-gourmand-2025-deux-soirees-de-musique-gastronomie-et-vin-au-coeur-de-tradition-nicoise-20135\\\/\"]}]},{\"@type\":\"ImageObject\",\"inLanguage\":\"fr-FR\",\"@id\":\"https:\\\/\\\/montecarloliving.com\\\/fr\\\/actualite\\\/bellet-gourmand-2025-deux-soirees-de-musique-gastronomie-et-vin-au-coeur-de-tradition-nicoise-20135\\\/#primaryimage\",\"url\":\"https:\\\/\\\/montecarloliving.com\\\/wp-content\\\/uploads\\\/2025\\\/03\\\/535735671-scaled.jpg\",\"contentUrl\":\"https:\\\/\\\/montecarloliving.com\\\/wp-content\\\/uploads\\\/2025\\\/03\\\/535735671-scaled.jpg\",\"width\":2560,\"height\":1113},{\"@type\":\"BreadcrumbList\",\"@id\":\"https:\\\/\\\/montecarloliving.com\\\/fr\\\/actualite\\\/bellet-gourmand-2025-deux-soirees-de-musique-gastronomie-et-vin-au-coeur-de-tradition-nicoise-20135\\\/#breadcrumb\",\"itemListElement\":[{\"@type\":\"ListItem\",\"position\":1,\"name\":\"Home\",\"item\":\"https:\\\/\\\/montecarloliving.com\\\/fr\\\/\"},{\"@type\":\"ListItem\",\"position\":2,\"name\":\"Bellet Gourmand 2025 : Deux soir\u00e9es de musique, gastronomie et vin au c\u0153ur de la tradition ni\u00e7oise\"}]},{\"@type\":\"WebSite\",\"@id\":\"https:\\\/\\\/montecarloliving.com\\\/fr\\\/#website\",\"url\":\"https:\\\/\\\/montecarloliving.com\\\/fr\\\/\",\"name\":\"Montecarlo Living\",\"description\":\"News da Montecarlo - Principato di Monaco e Costa Azzurra\",\"potentialAction\":[{\"@type\":\"SearchAction\",\"target\":{\"@type\":\"EntryPoint\",\"urlTemplate\":\"https:\\\/\\\/montecarloliving.com\\\/fr\\\/?s={search_term_string}\"},\"query-input\":{\"@type\":\"PropertyValueSpecification\",\"valueRequired\":true,\"valueName\":\"search_term_string\"}}],\"inLanguage\":\"fr-FR\"},{\"@type\":\"Person\",\"@id\":\"https:\\\/\\\/montecarloliving.com\\\/fr\\\/#\\\/schema\\\/person\\\/7e5945d4560862b7f2d2c6831bda2819\",\"name\":\"Redazione\",\"image\":{\"@type\":\"ImageObject\",\"inLanguage\":\"fr-FR\",\"@id\":\"https:\\\/\\\/secure.gravatar.com\\\/avatar\\\/8b5f26557e18fe74ad8e8a57ebb2925d88af8a90cee489ff2beefb391bc9b9c7?s=96&d=mm&r=g\",\"url\":\"https:\\\/\\\/secure.gravatar.com\\\/avatar\\\/8b5f26557e18fe74ad8e8a57ebb2925d88af8a90cee489ff2beefb391bc9b9c7?s=96&d=mm&r=g\",\"contentUrl\":\"https:\\\/\\\/secure.gravatar.com\\\/avatar\\\/8b5f26557e18fe74ad8e8a57ebb2925d88af8a90cee489ff2beefb391bc9b9c7?s=96&d=mm&r=g\",\"caption\":\"Redazione\"}}]}<\/script>\n<!-- \/ Yoast SEO plugin. -->","yoast_head_json":{"title":"Bellet Gourmand 2025 : Deux soir\u00e9es de musique, gastronomie et vin au c\u0153ur de la tradition ni\u00e7oise","description":"\ud83d\udcc5 Notez ces dates dans votre agenda : vendredi 28 et samedi 29 mars 2025. Au Jardin Albert I \u00e0 Nice, deux soir\u00e9es sp\u00e9ciales c\u00e9l\u00e9breront la culture locale Bellet Gourmand 2025 : Deux soir\u00e9es de musique, gastronomie et vin au c\u0153ur de la tradition ni\u00e7oise","robots":{"index":"index","follow":"follow","max-snippet":"max-snippet:-1","max-image-preview":"max-image-preview:large","max-video-preview":"max-video-preview:-1"},"canonical":"https:\/\/montecarloliving.com\/fr\/actualite\/bellet-gourmand-2025-deux-soirees-de-musique-gastronomie-et-vin-au-coeur-de-tradition-nicoise-20135\/","og_locale":"fr_FR","og_title":"Bellet Gourmand 2025 : Deux soir\u00e9es de musique, gastronomie et vin au c\u0153ur de la tradition ni\u00e7oise","og_description":"\ud83d\udcc5 Notez ces dates dans votre agenda : vendredi 28 et samedi 29 mars 2025. Au Jardin Albert I \u00e0 Nice, deux soir\u00e9es sp\u00e9ciales c\u00e9l\u00e9breront la culture locale Bellet Gourmand 2025 : Deux soir\u00e9es de musique, gastronomie et vin au c\u0153ur de la tradition ni\u00e7oise","og_url":"https:\/\/montecarloliving.com\/fr\/actualite\/bellet-gourmand-2025-deux-soirees-de-musique-gastronomie-et-vin-au-coeur-de-tradition-nicoise-20135\/","og_site_name":"Montecarlo Living","article_publisher":"https:\/\/www.facebook.com\/montecarlolivingcom\/","article_published_time":"2025-03-19T08:36:27+00:00","article_modified_time":"2025-03-20T11:01:49+00:00","og_image":[{"width":650,"height":400,"url":"https:\/\/montecarloliving.com\/wp-content\/uploads\/2025\/03\/535735671-650x400.jpg","type":"image\/jpeg"}],"author":"Redazione","twitter_card":"summary_large_image","twitter_creator":"@MonteCarloLivi","twitter_site":"@MonteCarloLivi","twitter_misc":{"\u00c9crit par":"Redazione","Dur\u00e9e de lecture estim\u00e9e":"4 minutes"},"schema":{"@context":"https:\/\/schema.org","@graph":[{"@type":"Article","@id":"https:\/\/montecarloliving.com\/fr\/actualite\/bellet-gourmand-2025-deux-soirees-de-musique-gastronomie-et-vin-au-coeur-de-tradition-nicoise-20135\/#article","isPartOf":{"@id":"https:\/\/montecarloliving.com\/fr\/actualite\/bellet-gourmand-2025-deux-soirees-de-musique-gastronomie-et-vin-au-coeur-de-tradition-nicoise-20135\/"},"author":{"name":"Redazione","@id":"https:\/\/montecarloliving.com\/fr\/#\/schema\/person\/7e5945d4560862b7f2d2c6831bda2819"},"headline":"Bellet Gourmand 2025 : Deux soir\u00e9es de musique, gastronomie et vin au c\u0153ur de la tradition ni\u00e7oise","datePublished":"2025-03-19T08:36:27+00:00","dateModified":"2025-03-20T11:01:49+00:00","mainEntityOfPage":{"@id":"https:\/\/montecarloliving.com\/fr\/actualite\/bellet-gourmand-2025-deux-soirees-de-musique-gastronomie-et-vin-au-coeur-de-tradition-nicoise-20135\/"},"wordCount":575,"image":{"@id":"https:\/\/montecarloliving.com\/fr\/actualite\/bellet-gourmand-2025-deux-soirees-de-musique-gastronomie-et-vin-au-coeur-de-tradition-nicoise-20135\/#primaryimage"},"thumbnailUrl":"https:\/\/montecarloliving.com\/wp-content\/uploads\/2025\/03\/535735671-scaled.jpg","articleSection":["Actualit\u00e9","\u00c9v\u00e9nements","Nice","O\u00f9 manger \u00e0 Nice"],"inLanguage":"fr-FR"},{"@type":"WebPage","@id":"https:\/\/montecarloliving.com\/fr\/actualite\/bellet-gourmand-2025-deux-soirees-de-musique-gastronomie-et-vin-au-coeur-de-tradition-nicoise-20135\/","url":"https:\/\/montecarloliving.com\/fr\/actualite\/bellet-gourmand-2025-deux-soirees-de-musique-gastronomie-et-vin-au-coeur-de-tradition-nicoise-20135\/","name":"Bellet Gourmand 2025 : Deux soir\u00e9es de musique, gastronomie et vin au c\u0153ur de la tradition ni\u00e7oise","isPartOf":{"@id":"https:\/\/montecarloliving.com\/fr\/#website"},"primaryImageOfPage":{"@id":"https:\/\/montecarloliving.com\/fr\/actualite\/bellet-gourmand-2025-deux-soirees-de-musique-gastronomie-et-vin-au-coeur-de-tradition-nicoise-20135\/#primaryimage"},"image":{"@id":"https:\/\/montecarloliving.com\/fr\/actualite\/bellet-gourmand-2025-deux-soirees-de-musique-gastronomie-et-vin-au-coeur-de-tradition-nicoise-20135\/#primaryimage"},"thumbnailUrl":"https:\/\/montecarloliving.com\/wp-content\/uploads\/2025\/03\/535735671-scaled.jpg","datePublished":"2025-03-19T08:36:27+00:00","dateModified":"2025-03-20T11:01:49+00:00","author":{"@id":"https:\/\/montecarloliving.com\/fr\/#\/schema\/person\/7e5945d4560862b7f2d2c6831bda2819"},"description":"\ud83d\udcc5 Notez ces dates dans votre agenda : vendredi 28 et samedi 29 mars 2025. Au Jardin Albert I \u00e0 Nice, deux soir\u00e9es sp\u00e9ciales c\u00e9l\u00e9breront la culture locale Bellet Gourmand 2025 : Deux soir\u00e9es de musique, gastronomie et vin au c\u0153ur de la tradition ni\u00e7oise","breadcrumb":{"@id":"https:\/\/montecarloliving.com\/fr\/actualite\/bellet-gourmand-2025-deux-soirees-de-musique-gastronomie-et-vin-au-coeur-de-tradition-nicoise-20135\/#breadcrumb"},"inLanguage":"fr-FR","potentialAction":[{"@type":"ReadAction","target":["https:\/\/montecarloliving.com\/fr\/actualite\/bellet-gourmand-2025-deux-soirees-de-musique-gastronomie-et-vin-au-coeur-de-tradition-nicoise-20135\/"]}]},{"@type":"ImageObject","inLanguage":"fr-FR","@id":"https:\/\/montecarloliving.com\/fr\/actualite\/bellet-gourmand-2025-deux-soirees-de-musique-gastronomie-et-vin-au-coeur-de-tradition-nicoise-20135\/#primaryimage","url":"https:\/\/montecarloliving.com\/wp-content\/uploads\/2025\/03\/535735671-scaled.jpg","contentUrl":"https:\/\/montecarloliving.com\/wp-content\/uploads\/2025\/03\/535735671-scaled.jpg","width":2560,"height":1113},{"@type":"BreadcrumbList","@id":"https:\/\/montecarloliving.com\/fr\/actualite\/bellet-gourmand-2025-deux-soirees-de-musique-gastronomie-et-vin-au-coeur-de-tradition-nicoise-20135\/#breadcrumb","itemListElement":[{"@type":"ListItem","position":1,"name":"Home","item":"https:\/\/montecarloliving.com\/fr\/"},{"@type":"ListItem","position":2,"name":"Bellet Gourmand 2025 : Deux soir\u00e9es de musique, gastronomie et vin au c\u0153ur de la tradition ni\u00e7oise"}]},{"@type":"WebSite","@id":"https:\/\/montecarloliving.com\/fr\/#website","url":"https:\/\/montecarloliving.com\/fr\/","name":"Montecarlo Living","description":"News da Montecarlo - Principato di Monaco e Costa Azzurra","potentialAction":[{"@type":"SearchAction","target":{"@type":"EntryPoint","urlTemplate":"https:\/\/montecarloliving.com\/fr\/?s={search_term_string}"},"query-input":{"@type":"PropertyValueSpecification","valueRequired":true,"valueName":"search_term_string"}}],"inLanguage":"fr-FR"},{"@type":"Person","@id":"https:\/\/montecarloliving.com\/fr\/#\/schema\/person\/7e5945d4560862b7f2d2c6831bda2819","name":"Redazione","image":{"@type":"ImageObject","inLanguage":"fr-FR","@id":"https:\/\/secure.gravatar.com\/avatar\/8b5f26557e18fe74ad8e8a57ebb2925d88af8a90cee489ff2beefb391bc9b9c7?s=96&d=mm&r=g","url":"https:\/\/secure.gravatar.com\/avatar\/8b5f26557e18fe74ad8e8a57ebb2925d88af8a90cee489ff2beefb391bc9b9c7?s=96&d=mm&r=g","contentUrl":"https:\/\/secure.gravatar.com\/avatar\/8b5f26557e18fe74ad8e8a57ebb2925d88af8a90cee489ff2beefb391bc9b9c7?s=96&d=mm&r=g","caption":"Redazione"}}]}},"_links":{"self":[{"href":"https:\/\/montecarloliving.com\/fr\/wp-json\/wp\/v2\/posts\/20135","targetHints":{"allow":["GET"]}}],"collection":[{"href":"https:\/\/montecarloliving.com\/fr\/wp-json\/wp\/v2\/posts"}],"about":[{"href":"https:\/\/montecarloliving.com\/fr\/wp-json\/wp\/v2\/types\/post"}],"author":[{"embeddable":true,"href":"https:\/\/montecarloliving.com\/fr\/wp-json\/wp\/v2\/users\/1"}],"replies":[{"embeddable":true,"href":"https:\/\/montecarloliving.com\/fr\/wp-json\/wp\/v2\/comments?post=20135"}],"version-history":[{"count":2,"href":"https:\/\/montecarloliving.com\/fr\/wp-json\/wp\/v2\/posts\/20135\/revisions"}],"predecessor-version":[{"id":20177,"href":"https:\/\/montecarloliving.com\/fr\/wp-json\/wp\/v2\/posts\/20135\/revisions\/20177"}],"wp:featuredmedia":[{"embeddable":true,"href":"https:\/\/montecarloliving.com\/fr\/wp-json\/wp\/v2\/media\/20132"}],"wp:attachment":[{"href":"https:\/\/montecarloliving.com\/fr\/wp-json\/wp\/v2\/media?parent=20135"}],"wp:term":[{"taxonomy":"category","embeddable":true,"href":"https:\/\/montecarloliving.com\/fr\/wp-json\/wp\/v2\/categories?post=20135"},{"taxonomy":"post_tag","embeddable":true,"href":"https:\/\/montecarloliving.com\/fr\/wp-json\/wp\/v2\/tags?post=20135"}],"curies":[{"name":"wp","href":"https:\/\/api.w.org\/{rel}","templated":true}]}}