{"id":20118,"date":"2025-03-19T09:19:02","date_gmt":"2025-03-19T08:19:02","guid":{"rendered":"https:\/\/montecarloliving.com\/?p=20118"},"modified":"2025-03-19T09:22:43","modified_gmt":"2025-03-19T08:22:43","slug":"deuxieme-semaine-du-printemps-des-arts-de-monte-carlo-2025","status":"publish","type":"post","link":"https:\/\/montecarloliving.com\/fr\/actualite\/deuxieme-semaine-du-printemps-des-arts-de-monte-carlo-2025-20118\/","title":{"rendered":"La deuxi\u00e8me semaine du Printemps des Arts de Monte-Carlo 2025"},"content":{"rendered":"<p data-start=\"1572\" data-end=\"1683\"><strong data-start=\"1572\" data-end=\"1681\">Le Printemps des Arts de Monte-Carlo 2025 rend hommage \u00e0 Pierre Boulez pour le centenaire de sa naissance<\/strong><\/p>\n<p data-start=\"1685\" data-end=\"1993\">Le festival c\u00e9l\u00e8bre cette figure embl\u00e9matique de la musique contemporaine\u2014compositeur visionnaire, chef d\u2019orchestre d\u2019exception et th\u00e9oricien r\u00e9volutionnaire. Un portrait in\u00e9dit d\u00e9voilera les multiples facettes de son h\u00e9ritage artistique tout au long de l\u2019\u00e9v\u00e9nement, offrant au public une immersion unique.<\/p>\n<p data-start=\"1995\" data-end=\"2226\">Lors de la deuxi\u00e8me semaine, du <strong data-start=\"2027\" data-end=\"2049\">20 au 23 mars 2025<\/strong>, l\u2019influence de Boulez sera explor\u00e9e \u00e0 travers <strong data-start=\"2097\" data-end=\"2173\">quatre concerts, deux conf\u00e9rences, une table ronde et deux masterclasses<\/strong>, dans un dialogue constant entre pass\u00e9 et pr\u00e9sent.<\/p>\n<p data-start=\"2228\" data-end=\"2671\">La po\u00e9sie, \u00e9l\u00e9ment central de son \u0153uvre, sera au c\u0153ur d\u2019une conf\u00e9rence anim\u00e9e par le musicologue <strong data-start=\"2325\" data-end=\"2345\">Fran\u00e7ois Me\u00efmoun<\/strong>. Son h\u00e9ritage de compositeur sera discut\u00e9 lors d\u2019une table ronde r\u00e9unissant trois grands noms de la musique contemporaine : <strong data-start=\"2470\" data-end=\"2521\">Philippe Manoury, Yan Maresz et Bruno Mantovani<\/strong>. Enfin, le r\u00f4le de Boulez en tant que b\u00e2tisseur d\u2019institutions sera analys\u00e9 par <strong data-start=\"2602\" data-end=\"2619\">Laurent Bayle<\/strong>, directeur honoraire de la Philharmonie de Paris.<img loading=\"lazy\" decoding=\"async\" class=\"size-full wp-image-20110 aligncenter\" src=\"https:\/\/montecarloliving.com\/wp-content\/uploads\/2025\/03\/p_43cb590748.jpg\" alt=\"\" width=\"510\" height=\"287\" srcset=\"https:\/\/montecarloliving.com\/wp-content\/uploads\/2025\/03\/p_43cb590748.jpg 510w, https:\/\/montecarloliving.com\/wp-content\/uploads\/2025\/03\/p_43cb590748-300x170.jpg 300w\" sizes=\"auto, (max-width: 510px) 100vw, 510px\" \/><\/p>\n<p data-start=\"2673\" data-end=\"3036\">C\u00f4t\u00e9 musical, cette semaine sera marqu\u00e9e par un \u00e9v\u00e9nement exceptionnel : le <strong data-start=\"2749\" data-end=\"2786\">BBC Symphony Orchestra de Londres<\/strong>, dont Boulez fut le chef principal de 1971 \u00e0 1975, se produira avec le pianiste <strong data-start=\"2867\" data-end=\"2892\">Fran\u00e7ois-Fr\u00e9d\u00e9ric Guy<\/strong> en soliste invit\u00e9. Un programme fid\u00e8le \u00e0 l\u2019esprit de modernit\u00e9 cher \u00e0 Boulez, avec des \u0153uvres de <strong data-start=\"2990\" data-end=\"3033\">Debussy, Ravel, Stravinsky et Sch\u00f6nberg<\/strong>.<\/p>\n<p data-start=\"3038\" data-end=\"3117\">\ud83d\udcc5 <strong data-start=\"3041\" data-end=\"3115\">D\u00e9couvrez le programme complet de la deuxi\u00e8me semaine en <a href=\"https:\/\/www.printempsdesarts.mc\/\">cliquant ici.<\/a><\/strong><\/p>\n","protected":false},"excerpt":{"rendered":"<p>Le Printemps des Arts de Monte-Carlo 2025 rend hommage \u00e0 Pierre Boulez pour le centenaire de sa naissance Le festival c\u00e9l\u00e8bre cette figure embl\u00e9matique de la musique contemporaine\u2014compositeur visionnaire, chef d\u2019orchestre d\u2019exception et th\u00e9oricien r\u00e9volutionnaire. Un portrait in\u00e9dit d\u00e9voilera les multiples facettes de son [&hellip;]<\/p>\n","protected":false},"author":1,"featured_media":20114,"comment_status":"closed","ping_status":"closed","sticky":false,"template":"","format":"standard","meta":{"footnotes":""},"categories":[827,828,867],"tags":[],"class_list":["post-20118","post","type-post","status-publish","format-standard","has-post-thumbnail","hentry","category-actualite","category-evenements","category-monaco-fr"],"yoast_head":"<!-- This site is optimized with the Yoast SEO plugin v27.5 - https:\/\/yoast.com\/product\/yoast-seo-wordpress\/ -->\n<title>La deuxi\u00e8me semaine du Printemps des Arts de Monte-Carlo 2025<\/title>\n<meta name=\"description\" content=\"Le Printemps des Arts de Monte-Carlo 2025 rend hommage \u00e0 Pierre Boulez pour le centenaire de sa naissance Le festival c\u00e9l\u00e8bre cette figure embl\u00e9matique de La deuxi\u00e8me semaine du Printemps des Arts de Monte-Carlo 2025\" \/>\n<meta name=\"robots\" content=\"index, follow, max-snippet:-1, max-image-preview:large, max-video-preview:-1\" \/>\n<link rel=\"canonical\" href=\"https:\/\/montecarloliving.com\/fr\/actualite\/deuxieme-semaine-du-printemps-des-arts-de-monte-carlo-2025-20118\/\" \/>\n<meta property=\"og:locale\" content=\"fr_FR\" \/>\n<meta property=\"og:title\" content=\"La deuxi\u00e8me semaine du Printemps des Arts de Monte-Carlo 2025\" \/>\n<meta property=\"og:description\" content=\"Le Printemps des Arts de Monte-Carlo 2025 rend hommage \u00e0 Pierre Boulez pour le centenaire de sa naissance Le festival c\u00e9l\u00e8bre cette figure embl\u00e9matique de La deuxi\u00e8me semaine du Printemps des Arts de Monte-Carlo 2025\" \/>\n<meta property=\"og:url\" content=\"https:\/\/montecarloliving.com\/fr\/actualite\/deuxieme-semaine-du-printemps-des-arts-de-monte-carlo-2025-20118\/\" \/>\n<meta property=\"og:site_name\" content=\"Montecarlo Living\" \/>\n<meta property=\"article:publisher\" content=\"https:\/\/www.facebook.com\/montecarlolivingcom\/\" \/>\n<meta property=\"article:published_time\" content=\"2025-03-19T08:19:02+00:00\" \/>\n<meta property=\"article:modified_time\" content=\"2025-03-19T08:22:43+00:00\" \/>\n<meta property=\"og:image\" content=\"https:\/\/montecarloliving.com\/wp-content\/uploads\/2025\/03\/OrchestreMariinsky_Gergiev-650x400.jpg\" \/>\n\t<meta property=\"og:image:width\" content=\"650\" \/>\n\t<meta property=\"og:image:height\" content=\"400\" \/>\n\t<meta property=\"og:image:type\" content=\"image\/jpeg\" \/>\n<meta name=\"author\" content=\"Redazione\" \/>\n<meta name=\"twitter:card\" content=\"summary_large_image\" \/>\n<meta name=\"twitter:creator\" content=\"@MonteCarloLivi\" \/>\n<meta name=\"twitter:site\" content=\"@MonteCarloLivi\" \/>\n<meta name=\"twitter:label1\" content=\"\u00c9crit par\" \/>\n\t<meta name=\"twitter:data1\" content=\"Redazione\" \/>\n\t<meta name=\"twitter:label2\" content=\"Dur\u00e9e de lecture estim\u00e9e\" \/>\n\t<meta name=\"twitter:data2\" content=\"2 minutes\" \/>\n<script type=\"application\/ld+json\" class=\"yoast-schema-graph\">{\"@context\":\"https:\\\/\\\/schema.org\",\"@graph\":[{\"@type\":\"Article\",\"@id\":\"https:\\\/\\\/montecarloliving.com\\\/fr\\\/actualite\\\/deuxieme-semaine-du-printemps-des-arts-de-monte-carlo-2025-20118\\\/#article\",\"isPartOf\":{\"@id\":\"https:\\\/\\\/montecarloliving.com\\\/fr\\\/actualite\\\/deuxieme-semaine-du-printemps-des-arts-de-monte-carlo-2025-20118\\\/\"},\"author\":{\"name\":\"Redazione\",\"@id\":\"https:\\\/\\\/montecarloliving.com\\\/fr\\\/#\\\/schema\\\/person\\\/7e5945d4560862b7f2d2c6831bda2819\"},\"headline\":\"La deuxi\u00e8me semaine du Printemps des Arts de Monte-Carlo 2025\",\"datePublished\":\"2025-03-19T08:19:02+00:00\",\"dateModified\":\"2025-03-19T08:22:43+00:00\",\"mainEntityOfPage\":{\"@id\":\"https:\\\/\\\/montecarloliving.com\\\/fr\\\/actualite\\\/deuxieme-semaine-du-printemps-des-arts-de-monte-carlo-2025-20118\\\/\"},\"wordCount\":266,\"image\":{\"@id\":\"https:\\\/\\\/montecarloliving.com\\\/fr\\\/actualite\\\/deuxieme-semaine-du-printemps-des-arts-de-monte-carlo-2025-20118\\\/#primaryimage\"},\"thumbnailUrl\":\"https:\\\/\\\/montecarloliving.com\\\/wp-content\\\/uploads\\\/2025\\\/03\\\/OrchestreMariinsky_Gergiev.jpg\",\"articleSection\":[\"Actualit\u00e9\",\"\u00c9v\u00e9nements\",\"Monaco\"],\"inLanguage\":\"fr-FR\"},{\"@type\":\"WebPage\",\"@id\":\"https:\\\/\\\/montecarloliving.com\\\/fr\\\/actualite\\\/deuxieme-semaine-du-printemps-des-arts-de-monte-carlo-2025-20118\\\/\",\"url\":\"https:\\\/\\\/montecarloliving.com\\\/fr\\\/actualite\\\/deuxieme-semaine-du-printemps-des-arts-de-monte-carlo-2025-20118\\\/\",\"name\":\"La deuxi\u00e8me semaine du Printemps des Arts de Monte-Carlo 2025\",\"isPartOf\":{\"@id\":\"https:\\\/\\\/montecarloliving.com\\\/fr\\\/#website\"},\"primaryImageOfPage\":{\"@id\":\"https:\\\/\\\/montecarloliving.com\\\/fr\\\/actualite\\\/deuxieme-semaine-du-printemps-des-arts-de-monte-carlo-2025-20118\\\/#primaryimage\"},\"image\":{\"@id\":\"https:\\\/\\\/montecarloliving.com\\\/fr\\\/actualite\\\/deuxieme-semaine-du-printemps-des-arts-de-monte-carlo-2025-20118\\\/#primaryimage\"},\"thumbnailUrl\":\"https:\\\/\\\/montecarloliving.com\\\/wp-content\\\/uploads\\\/2025\\\/03\\\/OrchestreMariinsky_Gergiev.jpg\",\"datePublished\":\"2025-03-19T08:19:02+00:00\",\"dateModified\":\"2025-03-19T08:22:43+00:00\",\"author\":{\"@id\":\"https:\\\/\\\/montecarloliving.com\\\/fr\\\/#\\\/schema\\\/person\\\/7e5945d4560862b7f2d2c6831bda2819\"},\"description\":\"Le Printemps des Arts de Monte-Carlo 2025 rend hommage \u00e0 Pierre Boulez pour le centenaire de sa naissance Le festival c\u00e9l\u00e8bre cette figure embl\u00e9matique de La deuxi\u00e8me semaine du Printemps des Arts de Monte-Carlo 2025\",\"breadcrumb\":{\"@id\":\"https:\\\/\\\/montecarloliving.com\\\/fr\\\/actualite\\\/deuxieme-semaine-du-printemps-des-arts-de-monte-carlo-2025-20118\\\/#breadcrumb\"},\"inLanguage\":\"fr-FR\",\"potentialAction\":[{\"@type\":\"ReadAction\",\"target\":[\"https:\\\/\\\/montecarloliving.com\\\/fr\\\/actualite\\\/deuxieme-semaine-du-printemps-des-arts-de-monte-carlo-2025-20118\\\/\"]}]},{\"@type\":\"ImageObject\",\"inLanguage\":\"fr-FR\",\"@id\":\"https:\\\/\\\/montecarloliving.com\\\/fr\\\/actualite\\\/deuxieme-semaine-du-printemps-des-arts-de-monte-carlo-2025-20118\\\/#primaryimage\",\"url\":\"https:\\\/\\\/montecarloliving.com\\\/wp-content\\\/uploads\\\/2025\\\/03\\\/OrchestreMariinsky_Gergiev.jpg\",\"contentUrl\":\"https:\\\/\\\/montecarloliving.com\\\/wp-content\\\/uploads\\\/2025\\\/03\\\/OrchestreMariinsky_Gergiev.jpg\",\"width\":1280,\"height\":858},{\"@type\":\"BreadcrumbList\",\"@id\":\"https:\\\/\\\/montecarloliving.com\\\/fr\\\/actualite\\\/deuxieme-semaine-du-printemps-des-arts-de-monte-carlo-2025-20118\\\/#breadcrumb\",\"itemListElement\":[{\"@type\":\"ListItem\",\"position\":1,\"name\":\"Home\",\"item\":\"https:\\\/\\\/montecarloliving.com\\\/fr\\\/\"},{\"@type\":\"ListItem\",\"position\":2,\"name\":\"La deuxi\u00e8me semaine du Printemps des Arts de Monte-Carlo 2025\"}]},{\"@type\":\"WebSite\",\"@id\":\"https:\\\/\\\/montecarloliving.com\\\/fr\\\/#website\",\"url\":\"https:\\\/\\\/montecarloliving.com\\\/fr\\\/\",\"name\":\"Montecarlo Living\",\"description\":\"News da Montecarlo - Principato di Monaco e Costa Azzurra\",\"potentialAction\":[{\"@type\":\"SearchAction\",\"target\":{\"@type\":\"EntryPoint\",\"urlTemplate\":\"https:\\\/\\\/montecarloliving.com\\\/fr\\\/?s={search_term_string}\"},\"query-input\":{\"@type\":\"PropertyValueSpecification\",\"valueRequired\":true,\"valueName\":\"search_term_string\"}}],\"inLanguage\":\"fr-FR\"},{\"@type\":\"Person\",\"@id\":\"https:\\\/\\\/montecarloliving.com\\\/fr\\\/#\\\/schema\\\/person\\\/7e5945d4560862b7f2d2c6831bda2819\",\"name\":\"Redazione\",\"image\":{\"@type\":\"ImageObject\",\"inLanguage\":\"fr-FR\",\"@id\":\"https:\\\/\\\/secure.gravatar.com\\\/avatar\\\/8b5f26557e18fe74ad8e8a57ebb2925d88af8a90cee489ff2beefb391bc9b9c7?s=96&d=mm&r=g\",\"url\":\"https:\\\/\\\/secure.gravatar.com\\\/avatar\\\/8b5f26557e18fe74ad8e8a57ebb2925d88af8a90cee489ff2beefb391bc9b9c7?s=96&d=mm&r=g\",\"contentUrl\":\"https:\\\/\\\/secure.gravatar.com\\\/avatar\\\/8b5f26557e18fe74ad8e8a57ebb2925d88af8a90cee489ff2beefb391bc9b9c7?s=96&d=mm&r=g\",\"caption\":\"Redazione\"}}]}<\/script>\n<!-- \/ Yoast SEO plugin. -->","yoast_head_json":{"title":"La deuxi\u00e8me semaine du Printemps des Arts de Monte-Carlo 2025","description":"Le Printemps des Arts de Monte-Carlo 2025 rend hommage \u00e0 Pierre Boulez pour le centenaire de sa naissance Le festival c\u00e9l\u00e8bre cette figure embl\u00e9matique de La deuxi\u00e8me semaine du Printemps des Arts de Monte-Carlo 2025","robots":{"index":"index","follow":"follow","max-snippet":"max-snippet:-1","max-image-preview":"max-image-preview:large","max-video-preview":"max-video-preview:-1"},"canonical":"https:\/\/montecarloliving.com\/fr\/actualite\/deuxieme-semaine-du-printemps-des-arts-de-monte-carlo-2025-20118\/","og_locale":"fr_FR","og_title":"La deuxi\u00e8me semaine du Printemps des Arts de Monte-Carlo 2025","og_description":"Le Printemps des Arts de Monte-Carlo 2025 rend hommage \u00e0 Pierre Boulez pour le centenaire de sa naissance Le festival c\u00e9l\u00e8bre cette figure embl\u00e9matique de La deuxi\u00e8me semaine du Printemps des Arts de Monte-Carlo 2025","og_url":"https:\/\/montecarloliving.com\/fr\/actualite\/deuxieme-semaine-du-printemps-des-arts-de-monte-carlo-2025-20118\/","og_site_name":"Montecarlo Living","article_publisher":"https:\/\/www.facebook.com\/montecarlolivingcom\/","article_published_time":"2025-03-19T08:19:02+00:00","article_modified_time":"2025-03-19T08:22:43+00:00","og_image":[{"width":650,"height":400,"url":"https:\/\/montecarloliving.com\/wp-content\/uploads\/2025\/03\/OrchestreMariinsky_Gergiev-650x400.jpg","type":"image\/jpeg"}],"author":"Redazione","twitter_card":"summary_large_image","twitter_creator":"@MonteCarloLivi","twitter_site":"@MonteCarloLivi","twitter_misc":{"\u00c9crit par":"Redazione","Dur\u00e9e de lecture estim\u00e9e":"2 minutes"},"schema":{"@context":"https:\/\/schema.org","@graph":[{"@type":"Article","@id":"https:\/\/montecarloliving.com\/fr\/actualite\/deuxieme-semaine-du-printemps-des-arts-de-monte-carlo-2025-20118\/#article","isPartOf":{"@id":"https:\/\/montecarloliving.com\/fr\/actualite\/deuxieme-semaine-du-printemps-des-arts-de-monte-carlo-2025-20118\/"},"author":{"name":"Redazione","@id":"https:\/\/montecarloliving.com\/fr\/#\/schema\/person\/7e5945d4560862b7f2d2c6831bda2819"},"headline":"La deuxi\u00e8me semaine du Printemps des Arts de Monte-Carlo 2025","datePublished":"2025-03-19T08:19:02+00:00","dateModified":"2025-03-19T08:22:43+00:00","mainEntityOfPage":{"@id":"https:\/\/montecarloliving.com\/fr\/actualite\/deuxieme-semaine-du-printemps-des-arts-de-monte-carlo-2025-20118\/"},"wordCount":266,"image":{"@id":"https:\/\/montecarloliving.com\/fr\/actualite\/deuxieme-semaine-du-printemps-des-arts-de-monte-carlo-2025-20118\/#primaryimage"},"thumbnailUrl":"https:\/\/montecarloliving.com\/wp-content\/uploads\/2025\/03\/OrchestreMariinsky_Gergiev.jpg","articleSection":["Actualit\u00e9","\u00c9v\u00e9nements","Monaco"],"inLanguage":"fr-FR"},{"@type":"WebPage","@id":"https:\/\/montecarloliving.com\/fr\/actualite\/deuxieme-semaine-du-printemps-des-arts-de-monte-carlo-2025-20118\/","url":"https:\/\/montecarloliving.com\/fr\/actualite\/deuxieme-semaine-du-printemps-des-arts-de-monte-carlo-2025-20118\/","name":"La deuxi\u00e8me semaine du Printemps des Arts de Monte-Carlo 2025","isPartOf":{"@id":"https:\/\/montecarloliving.com\/fr\/#website"},"primaryImageOfPage":{"@id":"https:\/\/montecarloliving.com\/fr\/actualite\/deuxieme-semaine-du-printemps-des-arts-de-monte-carlo-2025-20118\/#primaryimage"},"image":{"@id":"https:\/\/montecarloliving.com\/fr\/actualite\/deuxieme-semaine-du-printemps-des-arts-de-monte-carlo-2025-20118\/#primaryimage"},"thumbnailUrl":"https:\/\/montecarloliving.com\/wp-content\/uploads\/2025\/03\/OrchestreMariinsky_Gergiev.jpg","datePublished":"2025-03-19T08:19:02+00:00","dateModified":"2025-03-19T08:22:43+00:00","author":{"@id":"https:\/\/montecarloliving.com\/fr\/#\/schema\/person\/7e5945d4560862b7f2d2c6831bda2819"},"description":"Le Printemps des Arts de Monte-Carlo 2025 rend hommage \u00e0 Pierre Boulez pour le centenaire de sa naissance Le festival c\u00e9l\u00e8bre cette figure embl\u00e9matique de La deuxi\u00e8me semaine du Printemps des Arts de Monte-Carlo 2025","breadcrumb":{"@id":"https:\/\/montecarloliving.com\/fr\/actualite\/deuxieme-semaine-du-printemps-des-arts-de-monte-carlo-2025-20118\/#breadcrumb"},"inLanguage":"fr-FR","potentialAction":[{"@type":"ReadAction","target":["https:\/\/montecarloliving.com\/fr\/actualite\/deuxieme-semaine-du-printemps-des-arts-de-monte-carlo-2025-20118\/"]}]},{"@type":"ImageObject","inLanguage":"fr-FR","@id":"https:\/\/montecarloliving.com\/fr\/actualite\/deuxieme-semaine-du-printemps-des-arts-de-monte-carlo-2025-20118\/#primaryimage","url":"https:\/\/montecarloliving.com\/wp-content\/uploads\/2025\/03\/OrchestreMariinsky_Gergiev.jpg","contentUrl":"https:\/\/montecarloliving.com\/wp-content\/uploads\/2025\/03\/OrchestreMariinsky_Gergiev.jpg","width":1280,"height":858},{"@type":"BreadcrumbList","@id":"https:\/\/montecarloliving.com\/fr\/actualite\/deuxieme-semaine-du-printemps-des-arts-de-monte-carlo-2025-20118\/#breadcrumb","itemListElement":[{"@type":"ListItem","position":1,"name":"Home","item":"https:\/\/montecarloliving.com\/fr\/"},{"@type":"ListItem","position":2,"name":"La deuxi\u00e8me semaine du Printemps des Arts de Monte-Carlo 2025"}]},{"@type":"WebSite","@id":"https:\/\/montecarloliving.com\/fr\/#website","url":"https:\/\/montecarloliving.com\/fr\/","name":"Montecarlo Living","description":"News da Montecarlo - Principato di Monaco e Costa Azzurra","potentialAction":[{"@type":"SearchAction","target":{"@type":"EntryPoint","urlTemplate":"https:\/\/montecarloliving.com\/fr\/?s={search_term_string}"},"query-input":{"@type":"PropertyValueSpecification","valueRequired":true,"valueName":"search_term_string"}}],"inLanguage":"fr-FR"},{"@type":"Person","@id":"https:\/\/montecarloliving.com\/fr\/#\/schema\/person\/7e5945d4560862b7f2d2c6831bda2819","name":"Redazione","image":{"@type":"ImageObject","inLanguage":"fr-FR","@id":"https:\/\/secure.gravatar.com\/avatar\/8b5f26557e18fe74ad8e8a57ebb2925d88af8a90cee489ff2beefb391bc9b9c7?s=96&d=mm&r=g","url":"https:\/\/secure.gravatar.com\/avatar\/8b5f26557e18fe74ad8e8a57ebb2925d88af8a90cee489ff2beefb391bc9b9c7?s=96&d=mm&r=g","contentUrl":"https:\/\/secure.gravatar.com\/avatar\/8b5f26557e18fe74ad8e8a57ebb2925d88af8a90cee489ff2beefb391bc9b9c7?s=96&d=mm&r=g","caption":"Redazione"}}]}},"_links":{"self":[{"href":"https:\/\/montecarloliving.com\/fr\/wp-json\/wp\/v2\/posts\/20118","targetHints":{"allow":["GET"]}}],"collection":[{"href":"https:\/\/montecarloliving.com\/fr\/wp-json\/wp\/v2\/posts"}],"about":[{"href":"https:\/\/montecarloliving.com\/fr\/wp-json\/wp\/v2\/types\/post"}],"author":[{"embeddable":true,"href":"https:\/\/montecarloliving.com\/fr\/wp-json\/wp\/v2\/users\/1"}],"replies":[{"embeddable":true,"href":"https:\/\/montecarloliving.com\/fr\/wp-json\/wp\/v2\/comments?post=20118"}],"version-history":[{"count":1,"href":"https:\/\/montecarloliving.com\/fr\/wp-json\/wp\/v2\/posts\/20118\/revisions"}],"predecessor-version":[{"id":20119,"href":"https:\/\/montecarloliving.com\/fr\/wp-json\/wp\/v2\/posts\/20118\/revisions\/20119"}],"wp:featuredmedia":[{"embeddable":true,"href":"https:\/\/montecarloliving.com\/fr\/wp-json\/wp\/v2\/media\/20114"}],"wp:attachment":[{"href":"https:\/\/montecarloliving.com\/fr\/wp-json\/wp\/v2\/media?parent=20118"}],"wp:term":[{"taxonomy":"category","embeddable":true,"href":"https:\/\/montecarloliving.com\/fr\/wp-json\/wp\/v2\/categories?post=20118"},{"taxonomy":"post_tag","embeddable":true,"href":"https:\/\/montecarloliving.com\/fr\/wp-json\/wp\/v2\/tags?post=20118"}],"curies":[{"name":"wp","href":"https:\/\/api.w.org\/{rel}","templated":true}]}}