{"id":20089,"date":"2025-03-18T10:52:23","date_gmt":"2025-03-18T09:52:23","guid":{"rendered":"https:\/\/montecarloliving.com\/?p=20089"},"modified":"2025-03-18T10:56:51","modified_gmt":"2025-03-18T09:56:51","slug":"nouvelle-ere-du-monte-carlo-beach","status":"publish","type":"post","link":"https:\/\/montecarloliving.com\/fr\/monaco-fr\/sport-fr\/nouvelle-ere-du-monte-carlo-beach-20089\/","title":{"rendered":"La Nouvelle \u00c8re du Monte-Carlo Beach"},"content":{"rendered":"<p data-pm-slice=\"1 1 []\">La r\u00e9ouverture du 14 avril ne marque pas seulement le retour de la saison estivale : elle inaugure une toute nouvelle \u00e8re pour le Monte-Carlo Beach.<\/p>\n<p>La transformation a d\u00e9but\u00e9 en 2024 sous la direction de Ren\u00e9 Blino et se poursuivra en plusieurs phases jusqu\u2019en 2027. L\u2019objectif ? R\u00e9affirmer le statut l\u00e9gendaire du Monte-Carlo Beach comme un h\u00f4tel et un \u00e9tablissement baln\u00e9aire intemporel, alliant pr\u00e8s d\u2019un si\u00e8cle de raffinement sur la Riviera aux tendances et couleurs d\u2019aujourd\u2019hui.<\/p>\n<h4>Un Nouveau Design Sign\u00e9 Doroth\u00e9e Delaye<\/h4>\n<p>D\u00e8s le 14 avril, les h\u00f4tes pourront d\u00e9couvrir le nouvel am\u00e9nagement autour de la piscine olympique et du restaurant Le Deck, enti\u00e8rement repens\u00e9 par la c\u00e9l\u00e8bre designer d\u2019int\u00e9rieur Doroth\u00e9e Delaye. Son travail sublime l\u2019h\u00e9ritage du Monte-Carlo Beach tout en y apportant un confort moderne et une touche d\u2019audace chic.<\/p>\n<h4>Sea Satin at Maona Monte-Carlo \u2013 Un Air de Mykonos (D\u00e8s le 16 mai)<\/h4>\n<p>Le c\u00e9l\u00e8bre Sea Satin de Mykonos s\u2019installe au Maona Monte-Carlo, transformant l\u2019\u00e9tablissement en un lieu festif digne des ann\u00e9es 1960-70. Au programme : cuisine grecque authentique, saveurs m\u00e9diterran\u00e9ennes et ambiance inoubliable o\u00f9 le d\u00e9jeuner se prolonge en f\u00eate sous les rythmes d\u2019un DJ.<\/p>\n<h4>Jondal \u00e0 La Vigie \u2013 L\u2019Esprit d\u2019Ibiza (D\u00e8s le 21 juin)<\/h4>\n<p>Directement venu d\u2019Ibiza, le restaurant Jondal s\u2019installe \u00e0 La Vigie pour offrir une exp\u00e9rience culinaire exclusive en bord de mer. Sp\u00e9cialis\u00e9 dans les fruits de mer et les saveurs espagnoles, Jondal promet une parenth\u00e8se gastronomique d\u2019exception au Monte-Carlo Beach.<\/p>\n<h4>Sport et Bien-\u00eatre au Rendez-vous<\/h4>\n<p>Le Monte-Carlo Beach reste fid\u00e8le \u00e0 son ADN sportif avec des s\u00e9ances de coaching personnalis\u00e9, des cours de yoga et de Pilates, ainsi que deux nouveaux terrains de padel. Les activit\u00e9s nautiques, comme le kayak et le paddle, seront \u00e9galement accessibles dans une zone marine prot\u00e9g\u00e9e.<\/p>\n<p>Le Monte-Carlo Kids Club by Petit VIP rouvrira ses portes d\u00e8s le 21 juin, proposant des activit\u00e9s ludiques et les traditionnels tournois de natation en juillet et ao\u00fbt dans la piscine olympique.<\/p>\n<h4>Gastronomie Raffin\u00e9e au Monte-Carlo Beach<\/h4>\n<p>Le chef Pascal Garrigues d\u00e9voilera une carte m\u00e9diterran\u00e9enne revisit\u00e9e au restaurant Le Deck, tandis que le chef \u00e9toil\u00e9 Marcel Ravin continuera \u00e0 faire rayonner son concept de \u00ab\u00a0jardin marin\u00a0\u00bb au restaurant Elsa, avec une approche durable et innovante.<\/p>\n<p>Avec son m\u00e9lange unique de luxe, de glamour et d\u2019authenticit\u00e9, le Monte-Carlo Beach est plus vivant que jamais. R\u00e9servez d\u00e8s maintenant pour une exp\u00e9rience inoubliable !<\/p>\n<p><img loading=\"lazy\" decoding=\"async\" class=\"size-full wp-image-20079 aligncenter\" src=\"https:\/\/montecarloliving.com\/wp-content\/uploads\/2025\/03\/bh_simple_suite_loft_detail_0007.jpg.webp\" alt=\"\" width=\"596\" height=\"930\" srcset=\"https:\/\/montecarloliving.com\/wp-content\/uploads\/2025\/03\/bh_simple_suite_loft_detail_0007.jpg.webp 596w, https:\/\/montecarloliving.com\/wp-content\/uploads\/2025\/03\/bh_simple_suite_loft_detail_0007.jpg-192x300.webp 192w\" sizes=\"auto, (max-width: 596px) 100vw, 596px\" \/> <img loading=\"lazy\" decoding=\"async\" class=\"size-full wp-image-20082 aligncenter\" src=\"https:\/\/montecarloliving.com\/wp-content\/uploads\/2025\/03\/bh_exterior_view_0068_1.jpg.webp\" alt=\"\" width=\"1342\" height=\"930\" srcset=\"https:\/\/montecarloliving.com\/wp-content\/uploads\/2025\/03\/bh_exterior_view_0068_1.jpg.webp 1342w, https:\/\/montecarloliving.com\/wp-content\/uploads\/2025\/03\/bh_exterior_view_0068_1.jpg-300x208.webp 300w, https:\/\/montecarloliving.com\/wp-content\/uploads\/2025\/03\/bh_exterior_view_0068_1.jpg-1024x710.webp 1024w, https:\/\/montecarloliving.com\/wp-content\/uploads\/2025\/03\/bh_exterior_view_0068_1.jpg-768x532.webp 768w, https:\/\/montecarloliving.com\/wp-content\/uploads\/2025\/03\/bh_exterior_view_0068_1.jpg-260x180.webp 260w\" sizes=\"auto, (max-width: 1342px) 100vw, 1342px\" \/> <img loading=\"lazy\" decoding=\"async\" class=\"size-full wp-image-20076 aligncenter\" src=\"https:\/\/montecarloliving.com\/wp-content\/uploads\/2025\/03\/bh_swimming_pool_0036.jpg.webp\" alt=\"\" width=\"962\" height=\"466\" srcset=\"https:\/\/montecarloliving.com\/wp-content\/uploads\/2025\/03\/bh_swimming_pool_0036.jpg.webp 962w, https:\/\/montecarloliving.com\/wp-content\/uploads\/2025\/03\/bh_swimming_pool_0036.jpg-300x145.webp 300w, https:\/\/montecarloliving.com\/wp-content\/uploads\/2025\/03\/bh_swimming_pool_0036.jpg-768x372.webp 768w\" sizes=\"auto, (max-width: 962px) 100vw, 962px\" \/><\/p>\n","protected":false},"excerpt":{"rendered":"<p>La r\u00e9ouverture du 14 avril ne marque pas seulement le retour de la saison estivale : elle inaugure une toute nouvelle \u00e8re pour le Monte-Carlo Beach. La transformation a d\u00e9but\u00e9 en 2024 sous la direction de Ren\u00e9 Blino et se poursuivra en plusieurs phases [&hellip;]<\/p>\n","protected":false},"author":1,"featured_media":20085,"comment_status":"closed","ping_status":"closed","sticky":false,"template":"","format":"standard","meta":{"footnotes":""},"categories":[827,828,872,867,820,821,817],"tags":[],"class_list":["post-20089","post","type-post","status-publish","format-standard","has-post-thumbnail","hentry","category-actualite","category-evenements","category-lifestyle-fr","category-monaco-fr","category-ou-dormir","category-ou-manger","category-sport-fr"],"yoast_head":"<!-- This site is optimized with the Yoast SEO plugin v27.4 - https:\/\/yoast.com\/product\/yoast-seo-wordpress\/ -->\n<title>La Nouvelle \u00c8re du Monte-Carlo Beach<\/title>\n<meta name=\"description\" content=\"La r\u00e9ouverture du 14 avril ne marque pas seulement le retour de la saison estivale : elle inaugure une toute nouvelle \u00e8re pour le Monte-Carlo Beach. La La Nouvelle \u00c8re du Monte-Carlo Beach 2025\" \/>\n<meta name=\"robots\" content=\"index, follow, max-snippet:-1, max-image-preview:large, max-video-preview:-1\" \/>\n<link rel=\"canonical\" href=\"https:\/\/montecarloliving.com\/fr\/monaco-fr\/sport-fr\/nouvelle-ere-du-monte-carlo-beach-20089\/\" \/>\n<meta property=\"og:locale\" content=\"fr_FR\" \/>\n<meta property=\"og:title\" content=\"La Nouvelle \u00c8re du Monte-Carlo Beach\" \/>\n<meta property=\"og:description\" content=\"La r\u00e9ouverture du 14 avril ne marque pas seulement le retour de la saison estivale : elle inaugure une toute nouvelle \u00e8re pour le Monte-Carlo Beach. La La Nouvelle \u00c8re du Monte-Carlo Beach 2025\" \/>\n<meta property=\"og:url\" content=\"https:\/\/montecarloliving.com\/fr\/monaco-fr\/sport-fr\/nouvelle-ere-du-monte-carlo-beach-20089\/\" \/>\n<meta property=\"og:site_name\" content=\"Montecarlo Living\" \/>\n<meta property=\"article:publisher\" content=\"https:\/\/www.facebook.com\/montecarlolivingcom\/\" \/>\n<meta property=\"article:published_time\" content=\"2025-03-18T09:52:23+00:00\" \/>\n<meta property=\"article:modified_time\" content=\"2025-03-18T09:56:51+00:00\" \/>\n<meta property=\"og:image\" content=\"https:\/\/montecarloliving.com\/wp-content\/uploads\/2025\/03\/R-49-650x400.jpg\" \/>\n\t<meta property=\"og:image:width\" content=\"650\" \/>\n\t<meta property=\"og:image:height\" content=\"400\" \/>\n\t<meta property=\"og:image:type\" content=\"image\/jpeg\" \/>\n<meta name=\"author\" content=\"Redazione\" \/>\n<meta name=\"twitter:card\" content=\"summary_large_image\" \/>\n<meta name=\"twitter:creator\" content=\"@MonteCarloLivi\" \/>\n<meta name=\"twitter:site\" content=\"@MonteCarloLivi\" \/>\n<meta name=\"twitter:label1\" content=\"\u00c9crit par\" \/>\n\t<meta name=\"twitter:data1\" content=\"Redazione\" \/>\n\t<meta name=\"twitter:label2\" content=\"Dur\u00e9e de lecture estim\u00e9e\" \/>\n\t<meta name=\"twitter:data2\" content=\"3 minutes\" \/>\n<script type=\"application\/ld+json\" class=\"yoast-schema-graph\">{\"@context\":\"https:\\\/\\\/schema.org\",\"@graph\":[{\"@type\":\"Article\",\"@id\":\"https:\\\/\\\/montecarloliving.com\\\/fr\\\/monaco-fr\\\/sport-fr\\\/nouvelle-ere-du-monte-carlo-beach-20089\\\/#article\",\"isPartOf\":{\"@id\":\"https:\\\/\\\/montecarloliving.com\\\/fr\\\/monaco-fr\\\/sport-fr\\\/nouvelle-ere-du-monte-carlo-beach-20089\\\/\"},\"author\":{\"name\":\"Redazione\",\"@id\":\"https:\\\/\\\/montecarloliving.com\\\/fr\\\/#\\\/schema\\\/person\\\/7e5945d4560862b7f2d2c6831bda2819\"},\"headline\":\"La Nouvelle \u00c8re du Monte-Carlo Beach\",\"datePublished\":\"2025-03-18T09:52:23+00:00\",\"dateModified\":\"2025-03-18T09:56:51+00:00\",\"mainEntityOfPage\":{\"@id\":\"https:\\\/\\\/montecarloliving.com\\\/fr\\\/monaco-fr\\\/sport-fr\\\/nouvelle-ere-du-monte-carlo-beach-20089\\\/\"},\"wordCount\":446,\"image\":{\"@id\":\"https:\\\/\\\/montecarloliving.com\\\/fr\\\/monaco-fr\\\/sport-fr\\\/nouvelle-ere-du-monte-carlo-beach-20089\\\/#primaryimage\"},\"thumbnailUrl\":\"https:\\\/\\\/montecarloliving.com\\\/wp-content\\\/uploads\\\/2025\\\/03\\\/R-49.jpg\",\"articleSection\":[\"Actualit\u00e9\",\"\u00c9v\u00e9nements\",\"Lifestyle\",\"Monaco\",\"O\u00f9 Dormir \u00e0 Monaco\",\"O\u00f9 Manger \u00e0 Monaco\",\"Sport \u00e0 Monaco\"],\"inLanguage\":\"fr-FR\"},{\"@type\":\"WebPage\",\"@id\":\"https:\\\/\\\/montecarloliving.com\\\/fr\\\/monaco-fr\\\/sport-fr\\\/nouvelle-ere-du-monte-carlo-beach-20089\\\/\",\"url\":\"https:\\\/\\\/montecarloliving.com\\\/fr\\\/monaco-fr\\\/sport-fr\\\/nouvelle-ere-du-monte-carlo-beach-20089\\\/\",\"name\":\"La Nouvelle \u00c8re du Monte-Carlo Beach\",\"isPartOf\":{\"@id\":\"https:\\\/\\\/montecarloliving.com\\\/fr\\\/#website\"},\"primaryImageOfPage\":{\"@id\":\"https:\\\/\\\/montecarloliving.com\\\/fr\\\/monaco-fr\\\/sport-fr\\\/nouvelle-ere-du-monte-carlo-beach-20089\\\/#primaryimage\"},\"image\":{\"@id\":\"https:\\\/\\\/montecarloliving.com\\\/fr\\\/monaco-fr\\\/sport-fr\\\/nouvelle-ere-du-monte-carlo-beach-20089\\\/#primaryimage\"},\"thumbnailUrl\":\"https:\\\/\\\/montecarloliving.com\\\/wp-content\\\/uploads\\\/2025\\\/03\\\/R-49.jpg\",\"datePublished\":\"2025-03-18T09:52:23+00:00\",\"dateModified\":\"2025-03-18T09:56:51+00:00\",\"author\":{\"@id\":\"https:\\\/\\\/montecarloliving.com\\\/fr\\\/#\\\/schema\\\/person\\\/7e5945d4560862b7f2d2c6831bda2819\"},\"description\":\"La r\u00e9ouverture du 14 avril ne marque pas seulement le retour de la saison estivale : elle inaugure une toute nouvelle \u00e8re pour le Monte-Carlo Beach. La La Nouvelle \u00c8re du Monte-Carlo Beach 2025\",\"breadcrumb\":{\"@id\":\"https:\\\/\\\/montecarloliving.com\\\/fr\\\/monaco-fr\\\/sport-fr\\\/nouvelle-ere-du-monte-carlo-beach-20089\\\/#breadcrumb\"},\"inLanguage\":\"fr-FR\",\"potentialAction\":[{\"@type\":\"ReadAction\",\"target\":[\"https:\\\/\\\/montecarloliving.com\\\/fr\\\/monaco-fr\\\/sport-fr\\\/nouvelle-ere-du-monte-carlo-beach-20089\\\/\"]}]},{\"@type\":\"ImageObject\",\"inLanguage\":\"fr-FR\",\"@id\":\"https:\\\/\\\/montecarloliving.com\\\/fr\\\/monaco-fr\\\/sport-fr\\\/nouvelle-ere-du-monte-carlo-beach-20089\\\/#primaryimage\",\"url\":\"https:\\\/\\\/montecarloliving.com\\\/wp-content\\\/uploads\\\/2025\\\/03\\\/R-49.jpg\",\"contentUrl\":\"https:\\\/\\\/montecarloliving.com\\\/wp-content\\\/uploads\\\/2025\\\/03\\\/R-49.jpg\",\"width\":1920,\"height\":1240},{\"@type\":\"BreadcrumbList\",\"@id\":\"https:\\\/\\\/montecarloliving.com\\\/fr\\\/monaco-fr\\\/sport-fr\\\/nouvelle-ere-du-monte-carlo-beach-20089\\\/#breadcrumb\",\"itemListElement\":[{\"@type\":\"ListItem\",\"position\":1,\"name\":\"Home\",\"item\":\"https:\\\/\\\/montecarloliving.com\\\/fr\\\/\"},{\"@type\":\"ListItem\",\"position\":2,\"name\":\"La Nouvelle \u00c8re du Monte-Carlo Beach\"}]},{\"@type\":\"WebSite\",\"@id\":\"https:\\\/\\\/montecarloliving.com\\\/fr\\\/#website\",\"url\":\"https:\\\/\\\/montecarloliving.com\\\/fr\\\/\",\"name\":\"Montecarlo Living\",\"description\":\"News da Montecarlo - Principato di Monaco e Costa Azzurra\",\"potentialAction\":[{\"@type\":\"SearchAction\",\"target\":{\"@type\":\"EntryPoint\",\"urlTemplate\":\"https:\\\/\\\/montecarloliving.com\\\/fr\\\/?s={search_term_string}\"},\"query-input\":{\"@type\":\"PropertyValueSpecification\",\"valueRequired\":true,\"valueName\":\"search_term_string\"}}],\"inLanguage\":\"fr-FR\"},{\"@type\":\"Person\",\"@id\":\"https:\\\/\\\/montecarloliving.com\\\/fr\\\/#\\\/schema\\\/person\\\/7e5945d4560862b7f2d2c6831bda2819\",\"name\":\"Redazione\",\"image\":{\"@type\":\"ImageObject\",\"inLanguage\":\"fr-FR\",\"@id\":\"https:\\\/\\\/secure.gravatar.com\\\/avatar\\\/8b5f26557e18fe74ad8e8a57ebb2925d88af8a90cee489ff2beefb391bc9b9c7?s=96&d=mm&r=g\",\"url\":\"https:\\\/\\\/secure.gravatar.com\\\/avatar\\\/8b5f26557e18fe74ad8e8a57ebb2925d88af8a90cee489ff2beefb391bc9b9c7?s=96&d=mm&r=g\",\"contentUrl\":\"https:\\\/\\\/secure.gravatar.com\\\/avatar\\\/8b5f26557e18fe74ad8e8a57ebb2925d88af8a90cee489ff2beefb391bc9b9c7?s=96&d=mm&r=g\",\"caption\":\"Redazione\"}}]}<\/script>\n<!-- \/ Yoast SEO plugin. -->","yoast_head_json":{"title":"La Nouvelle \u00c8re du Monte-Carlo Beach","description":"La r\u00e9ouverture du 14 avril ne marque pas seulement le retour de la saison estivale : elle inaugure une toute nouvelle \u00e8re pour le Monte-Carlo Beach. La La Nouvelle \u00c8re du Monte-Carlo Beach 2025","robots":{"index":"index","follow":"follow","max-snippet":"max-snippet:-1","max-image-preview":"max-image-preview:large","max-video-preview":"max-video-preview:-1"},"canonical":"https:\/\/montecarloliving.com\/fr\/monaco-fr\/sport-fr\/nouvelle-ere-du-monte-carlo-beach-20089\/","og_locale":"fr_FR","og_title":"La Nouvelle \u00c8re du Monte-Carlo Beach","og_description":"La r\u00e9ouverture du 14 avril ne marque pas seulement le retour de la saison estivale : elle inaugure une toute nouvelle \u00e8re pour le Monte-Carlo Beach. La La Nouvelle \u00c8re du Monte-Carlo Beach 2025","og_url":"https:\/\/montecarloliving.com\/fr\/monaco-fr\/sport-fr\/nouvelle-ere-du-monte-carlo-beach-20089\/","og_site_name":"Montecarlo Living","article_publisher":"https:\/\/www.facebook.com\/montecarlolivingcom\/","article_published_time":"2025-03-18T09:52:23+00:00","article_modified_time":"2025-03-18T09:56:51+00:00","og_image":[{"width":650,"height":400,"url":"https:\/\/montecarloliving.com\/wp-content\/uploads\/2025\/03\/R-49-650x400.jpg","type":"image\/jpeg"}],"author":"Redazione","twitter_card":"summary_large_image","twitter_creator":"@MonteCarloLivi","twitter_site":"@MonteCarloLivi","twitter_misc":{"\u00c9crit par":"Redazione","Dur\u00e9e de lecture estim\u00e9e":"3 minutes"},"schema":{"@context":"https:\/\/schema.org","@graph":[{"@type":"Article","@id":"https:\/\/montecarloliving.com\/fr\/monaco-fr\/sport-fr\/nouvelle-ere-du-monte-carlo-beach-20089\/#article","isPartOf":{"@id":"https:\/\/montecarloliving.com\/fr\/monaco-fr\/sport-fr\/nouvelle-ere-du-monte-carlo-beach-20089\/"},"author":{"name":"Redazione","@id":"https:\/\/montecarloliving.com\/fr\/#\/schema\/person\/7e5945d4560862b7f2d2c6831bda2819"},"headline":"La Nouvelle \u00c8re du Monte-Carlo Beach","datePublished":"2025-03-18T09:52:23+00:00","dateModified":"2025-03-18T09:56:51+00:00","mainEntityOfPage":{"@id":"https:\/\/montecarloliving.com\/fr\/monaco-fr\/sport-fr\/nouvelle-ere-du-monte-carlo-beach-20089\/"},"wordCount":446,"image":{"@id":"https:\/\/montecarloliving.com\/fr\/monaco-fr\/sport-fr\/nouvelle-ere-du-monte-carlo-beach-20089\/#primaryimage"},"thumbnailUrl":"https:\/\/montecarloliving.com\/wp-content\/uploads\/2025\/03\/R-49.jpg","articleSection":["Actualit\u00e9","\u00c9v\u00e9nements","Lifestyle","Monaco","O\u00f9 Dormir \u00e0 Monaco","O\u00f9 Manger \u00e0 Monaco","Sport \u00e0 Monaco"],"inLanguage":"fr-FR"},{"@type":"WebPage","@id":"https:\/\/montecarloliving.com\/fr\/monaco-fr\/sport-fr\/nouvelle-ere-du-monte-carlo-beach-20089\/","url":"https:\/\/montecarloliving.com\/fr\/monaco-fr\/sport-fr\/nouvelle-ere-du-monte-carlo-beach-20089\/","name":"La Nouvelle \u00c8re du Monte-Carlo Beach","isPartOf":{"@id":"https:\/\/montecarloliving.com\/fr\/#website"},"primaryImageOfPage":{"@id":"https:\/\/montecarloliving.com\/fr\/monaco-fr\/sport-fr\/nouvelle-ere-du-monte-carlo-beach-20089\/#primaryimage"},"image":{"@id":"https:\/\/montecarloliving.com\/fr\/monaco-fr\/sport-fr\/nouvelle-ere-du-monte-carlo-beach-20089\/#primaryimage"},"thumbnailUrl":"https:\/\/montecarloliving.com\/wp-content\/uploads\/2025\/03\/R-49.jpg","datePublished":"2025-03-18T09:52:23+00:00","dateModified":"2025-03-18T09:56:51+00:00","author":{"@id":"https:\/\/montecarloliving.com\/fr\/#\/schema\/person\/7e5945d4560862b7f2d2c6831bda2819"},"description":"La r\u00e9ouverture du 14 avril ne marque pas seulement le retour de la saison estivale : elle inaugure une toute nouvelle \u00e8re pour le Monte-Carlo Beach. La La Nouvelle \u00c8re du Monte-Carlo Beach 2025","breadcrumb":{"@id":"https:\/\/montecarloliving.com\/fr\/monaco-fr\/sport-fr\/nouvelle-ere-du-monte-carlo-beach-20089\/#breadcrumb"},"inLanguage":"fr-FR","potentialAction":[{"@type":"ReadAction","target":["https:\/\/montecarloliving.com\/fr\/monaco-fr\/sport-fr\/nouvelle-ere-du-monte-carlo-beach-20089\/"]}]},{"@type":"ImageObject","inLanguage":"fr-FR","@id":"https:\/\/montecarloliving.com\/fr\/monaco-fr\/sport-fr\/nouvelle-ere-du-monte-carlo-beach-20089\/#primaryimage","url":"https:\/\/montecarloliving.com\/wp-content\/uploads\/2025\/03\/R-49.jpg","contentUrl":"https:\/\/montecarloliving.com\/wp-content\/uploads\/2025\/03\/R-49.jpg","width":1920,"height":1240},{"@type":"BreadcrumbList","@id":"https:\/\/montecarloliving.com\/fr\/monaco-fr\/sport-fr\/nouvelle-ere-du-monte-carlo-beach-20089\/#breadcrumb","itemListElement":[{"@type":"ListItem","position":1,"name":"Home","item":"https:\/\/montecarloliving.com\/fr\/"},{"@type":"ListItem","position":2,"name":"La Nouvelle \u00c8re du Monte-Carlo Beach"}]},{"@type":"WebSite","@id":"https:\/\/montecarloliving.com\/fr\/#website","url":"https:\/\/montecarloliving.com\/fr\/","name":"Montecarlo Living","description":"News da Montecarlo - Principato di Monaco e Costa Azzurra","potentialAction":[{"@type":"SearchAction","target":{"@type":"EntryPoint","urlTemplate":"https:\/\/montecarloliving.com\/fr\/?s={search_term_string}"},"query-input":{"@type":"PropertyValueSpecification","valueRequired":true,"valueName":"search_term_string"}}],"inLanguage":"fr-FR"},{"@type":"Person","@id":"https:\/\/montecarloliving.com\/fr\/#\/schema\/person\/7e5945d4560862b7f2d2c6831bda2819","name":"Redazione","image":{"@type":"ImageObject","inLanguage":"fr-FR","@id":"https:\/\/secure.gravatar.com\/avatar\/8b5f26557e18fe74ad8e8a57ebb2925d88af8a90cee489ff2beefb391bc9b9c7?s=96&d=mm&r=g","url":"https:\/\/secure.gravatar.com\/avatar\/8b5f26557e18fe74ad8e8a57ebb2925d88af8a90cee489ff2beefb391bc9b9c7?s=96&d=mm&r=g","contentUrl":"https:\/\/secure.gravatar.com\/avatar\/8b5f26557e18fe74ad8e8a57ebb2925d88af8a90cee489ff2beefb391bc9b9c7?s=96&d=mm&r=g","caption":"Redazione"}}]}},"_links":{"self":[{"href":"https:\/\/montecarloliving.com\/fr\/wp-json\/wp\/v2\/posts\/20089","targetHints":{"allow":["GET"]}}],"collection":[{"href":"https:\/\/montecarloliving.com\/fr\/wp-json\/wp\/v2\/posts"}],"about":[{"href":"https:\/\/montecarloliving.com\/fr\/wp-json\/wp\/v2\/types\/post"}],"author":[{"embeddable":true,"href":"https:\/\/montecarloliving.com\/fr\/wp-json\/wp\/v2\/users\/1"}],"replies":[{"embeddable":true,"href":"https:\/\/montecarloliving.com\/fr\/wp-json\/wp\/v2\/comments?post=20089"}],"version-history":[{"count":1,"href":"https:\/\/montecarloliving.com\/fr\/wp-json\/wp\/v2\/posts\/20089\/revisions"}],"predecessor-version":[{"id":20090,"href":"https:\/\/montecarloliving.com\/fr\/wp-json\/wp\/v2\/posts\/20089\/revisions\/20090"}],"wp:featuredmedia":[{"embeddable":true,"href":"https:\/\/montecarloliving.com\/fr\/wp-json\/wp\/v2\/media\/20085"}],"wp:attachment":[{"href":"https:\/\/montecarloliving.com\/fr\/wp-json\/wp\/v2\/media?parent=20089"}],"wp:term":[{"taxonomy":"category","embeddable":true,"href":"https:\/\/montecarloliving.com\/fr\/wp-json\/wp\/v2\/categories?post=20089"},{"taxonomy":"post_tag","embeddable":true,"href":"https:\/\/montecarloliving.com\/fr\/wp-json\/wp\/v2\/tags?post=20089"}],"curies":[{"name":"wp","href":"https:\/\/api.w.org\/{rel}","templated":true}]}}