{"id":19908,"date":"2025-03-18T09:20:56","date_gmt":"2025-03-18T08:20:56","guid":{"rendered":"https:\/\/montecarloliving.com\/?p=19908"},"modified":"2025-03-11T13:14:03","modified_gmt":"2025-03-11T12:14:03","slug":"pouce-vie-concert-caritatif-lauditorium-rainier-ii-de-monaco","status":"publish","type":"post","link":"https:\/\/montecarloliving.com\/fr\/evenements\/pouce-vie-concert-caritatif-lauditorium-rainier-ii-de-monaco-19908\/","title":{"rendered":"\u00ab\u00a0Pouce La Vie\u00a0\u00bb : Le Concert Caritatif \u00e0 l&rsquo;Auditorium Rainier II de Monaco"},"content":{"rendered":"<p data-start=\"1796\" data-end=\"1995\">Le <strong data-start=\"1799\" data-end=\"1825\">vendredi 25 avril 2025<\/strong>, \u00e0 <strong data-start=\"1829\" data-end=\"1838\">20h00<\/strong>, l&rsquo;<strong data-start=\"1842\" data-end=\"1868\">Auditorium Rainier III<\/strong> de Monaco accueillera la <strong data-start=\"1894\" data-end=\"1914\">septi\u00e8me \u00e9dition<\/strong> de <em data-start=\"1918\" data-end=\"1932\">Pouce La Vie<\/em>, le concert caritatif au profit de la <strong data-start=\"1971\" data-end=\"1992\">Fondation Flavien<\/strong>.<\/p>\n<p data-start=\"1997\" data-end=\"2317\">Cette soir\u00e9e unique, imagin\u00e9e par <strong data-start=\"2031\" data-end=\"2070\">Denis Maccario et Fr\u00e9d\u00e9ric Vitteaud<\/strong>, est parrain\u00e9e par <strong data-start=\"2090\" data-end=\"2105\">Yvan Cassar<\/strong> et <strong data-start=\"2109\" data-end=\"2137\">Fran\u00e7ois-Xavier Demaison<\/strong>. L&rsquo;\u00e9v\u00e9nement mettra en vedette <strong data-start=\"2169\" data-end=\"2212\">Call Me Winston \u2013 The Tarantino Tribute<\/strong>, un groupe de <strong data-start=\"2227\" data-end=\"2256\">10 musiciens et chanteurs<\/strong> pr\u00eats \u00e0 offrir au public un voyage musical extraordinaire.<\/p>\n<p data-start=\"1997\" data-end=\"2317\"><img loading=\"lazy\" decoding=\"async\" class=\"size-full wp-image-19901 aligncenter\" src=\"https:\/\/montecarloliving.com\/wp-content\/uploads\/2025\/03\/P_f762b0d7a7.jpg\" alt=\"\" width=\"510\" height=\"267\" srcset=\"https:\/\/montecarloliving.com\/wp-content\/uploads\/2025\/03\/P_f762b0d7a7.jpg 510w, https:\/\/montecarloliving.com\/wp-content\/uploads\/2025\/03\/P_f762b0d7a7-300x157.jpg 300w\" sizes=\"auto, (max-width: 510px) 100vw, 510px\" \/><\/p>\n<h3 data-start=\"2319\" data-end=\"2367\"><strong data-start=\"2323\" data-end=\"2367\">Un \u00c9v\u00e9nement de Solidarit\u00e9 et de Musique<\/strong><\/h3>\n<p data-start=\"2369\" data-end=\"2689\">Depuis sa cr\u00e9ation en <strong data-start=\"2391\" data-end=\"2399\">2018<\/strong>, <em data-start=\"2401\" data-end=\"2415\">Pouce La Vie<\/em> a eu l&rsquo;honneur de b\u00e9n\u00e9ficier du soutien d&rsquo;artistes d&rsquo;exception tels que <strong data-start=\"2488\" data-end=\"2551\">Jean-F\u00e9lix Lalanne, Greg Zlap, Louis Chedid et Alex Jaffray<\/strong>. Cette ann\u00e9e, <strong data-start=\"2566\" data-end=\"2581\">Yvan Cassar<\/strong>, pianiste, compositeur et chef d&rsquo;orchestre de renom, revient en tant que parrain historique de l&rsquo;\u00e9v\u00e9nement.<\/p>\n<p data-start=\"2691\" data-end=\"2889\">Pour l\u2019\u00e9dition <strong data-start=\"2706\" data-end=\"2714\">2025<\/strong>, <strong data-start=\"2716\" data-end=\"2744\">Fran\u00e7ois-Xavier Demaison<\/strong>, c\u00e9l\u00e8bre com\u00e9dien et acteur, rejoindra <strong data-start=\"2784\" data-end=\"2799\">Yvan Cassar<\/strong> en tant que parrain. Ensemble, ils promettent une soir\u00e9e alliant <strong data-start=\"2865\" data-end=\"2886\">musique et humour<\/strong>.<\/p>\n<h3 data-start=\"2891\" data-end=\"2953\"><strong data-start=\"2895\" data-end=\"2953\">Un Spectacle Plein de Sourires et de Bonnes Vibrations<\/strong><\/h3>\n<p data-start=\"2955\" data-end=\"3197\">Cette nouvelle \u00e9dition promet des moments inoubliables avec un programme in\u00e9dit :<br data-start=\"3036\" data-end=\"3039\" \/>\ud83c\udfad <strong data-start=\"3042\" data-end=\"3063\">Sketchs hilarants<\/strong> de Fran\u00e7ois-Xavier Demaison<br data-start=\"3091\" data-end=\"3094\" \/>\ud83c\udfb6 <strong data-start=\"3097\" data-end=\"3146\">Les plus grands tubes feel-good des ann\u00e9es 80<\/strong>, r\u00e9interpr\u00e9t\u00e9s par l&rsquo;orchestre <em data-start=\"3178\" data-end=\"3195\">Call Me Winston<\/em><\/p>\n<p data-start=\"3199\" data-end=\"3384\">La soir\u00e9e sera anim\u00e9e par le c\u00e9l\u00e8bre animateur radio et t\u00e9l\u00e9 <strong data-start=\"3260\" data-end=\"3275\">Marc Toesca<\/strong>, qui guidera le public \u00e0 travers une exp\u00e9rience inoubliable de <strong data-start=\"3339\" data-end=\"3381\">musique, de spectacle et de solidarit\u00e9<\/strong>.<\/p>\n<p data-start=\"3386\" data-end=\"3416\" data-is-last-node=\"\" data-is-only-node=\"\">Ne manquez pas cet \u00e9v\u00e9nement !<\/p>\n","protected":false},"excerpt":{"rendered":"<p>Le vendredi 25 avril 2025, \u00e0 20h00, l&rsquo;Auditorium Rainier III de Monaco accueillera la septi\u00e8me \u00e9dition de Pouce La Vie, le concert caritatif au profit de la Fondation Flavien. Cette soir\u00e9e unique, imagin\u00e9e par Denis Maccario et Fr\u00e9d\u00e9ric Vitteaud, est parrain\u00e9e par Yvan Cassar [&hellip;]<\/p>\n","protected":false},"author":1,"featured_media":19904,"comment_status":"closed","ping_status":"closed","sticky":false,"template":"","format":"standard","meta":{"footnotes":""},"categories":[827,828,867],"tags":[],"class_list":["post-19908","post","type-post","status-publish","format-standard","has-post-thumbnail","hentry","category-actualite","category-evenements","category-monaco-fr"],"yoast_head":"<!-- This site is optimized with the Yoast SEO plugin v27.5 - https:\/\/yoast.com\/product\/yoast-seo-wordpress\/ -->\n<title>&quot;Pouce La Vie&quot; : Le Concert Caritatif \u00e0 l&#039;Auditorium Rainier II de Monaco<\/title>\n<meta name=\"description\" content=\"Le vendredi 25 avril 2025, \u00e0 20h00, l&#039;Auditorium Rainier III de Monaco accueillera la septi\u00e8me \u00e9dition de Pouce La Vie, le concert caritatif au profit de La septi\u00e8me \u00e9dition du concert au profit de la Fondation Flavien\" \/>\n<meta name=\"robots\" content=\"index, follow, max-snippet:-1, max-image-preview:large, max-video-preview:-1\" \/>\n<link rel=\"canonical\" href=\"https:\/\/montecarloliving.com\/fr\/evenements\/pouce-vie-concert-caritatif-lauditorium-rainier-ii-de-monaco-19908\/\" \/>\n<meta property=\"og:locale\" content=\"fr_FR\" \/>\n<meta property=\"og:title\" content=\"&quot;Pouce La Vie&quot; : Le Concert Caritatif \u00e0 l&#039;Auditorium Rainier II de Monaco\" \/>\n<meta property=\"og:description\" content=\"Le vendredi 25 avril 2025, \u00e0 20h00, l&#039;Auditorium Rainier III de Monaco accueillera la septi\u00e8me \u00e9dition de Pouce La Vie, le concert caritatif au profit de La septi\u00e8me \u00e9dition du concert au profit de la Fondation Flavien\" \/>\n<meta property=\"og:url\" content=\"https:\/\/montecarloliving.com\/fr\/evenements\/pouce-vie-concert-caritatif-lauditorium-rainier-ii-de-monaco-19908\/\" \/>\n<meta property=\"og:site_name\" content=\"Montecarlo Living\" \/>\n<meta property=\"article:publisher\" content=\"https:\/\/www.facebook.com\/montecarlolivingcom\/\" \/>\n<meta property=\"article:published_time\" content=\"2025-03-18T08:20:56+00:00\" \/>\n<meta property=\"og:image\" content=\"https:\/\/montecarloliving.com\/wp-content\/uploads\/2025\/03\/auditorium-montecarlo-2-scaled-1-650x400.jpg\" \/>\n\t<meta property=\"og:image:width\" content=\"650\" \/>\n\t<meta property=\"og:image:height\" content=\"400\" \/>\n\t<meta property=\"og:image:type\" content=\"image\/jpeg\" \/>\n<meta name=\"author\" content=\"Redazione\" \/>\n<meta name=\"twitter:card\" content=\"summary_large_image\" \/>\n<meta name=\"twitter:creator\" content=\"@MonteCarloLivi\" \/>\n<meta name=\"twitter:site\" content=\"@MonteCarloLivi\" \/>\n<meta name=\"twitter:label1\" content=\"\u00c9crit par\" \/>\n\t<meta name=\"twitter:data1\" content=\"Redazione\" \/>\n\t<meta name=\"twitter:label2\" content=\"Dur\u00e9e de lecture estim\u00e9e\" \/>\n\t<meta name=\"twitter:data2\" content=\"2 minutes\" \/>\n<script type=\"application\/ld+json\" class=\"yoast-schema-graph\">{\"@context\":\"https:\\\/\\\/schema.org\",\"@graph\":[{\"@type\":\"Article\",\"@id\":\"https:\\\/\\\/montecarloliving.com\\\/fr\\\/evenements\\\/pouce-vie-concert-caritatif-lauditorium-rainier-ii-de-monaco-19908\\\/#article\",\"isPartOf\":{\"@id\":\"https:\\\/\\\/montecarloliving.com\\\/fr\\\/evenements\\\/pouce-vie-concert-caritatif-lauditorium-rainier-ii-de-monaco-19908\\\/\"},\"author\":{\"name\":\"Redazione\",\"@id\":\"https:\\\/\\\/montecarloliving.com\\\/fr\\\/#\\\/schema\\\/person\\\/7e5945d4560862b7f2d2c6831bda2819\"},\"headline\":\"\u00ab\u00a0Pouce La Vie\u00a0\u00bb : Le Concert Caritatif \u00e0 l&rsquo;Auditorium Rainier II de Monaco\",\"datePublished\":\"2025-03-18T08:20:56+00:00\",\"mainEntityOfPage\":{\"@id\":\"https:\\\/\\\/montecarloliving.com\\\/fr\\\/evenements\\\/pouce-vie-concert-caritatif-lauditorium-rainier-ii-de-monaco-19908\\\/\"},\"wordCount\":271,\"image\":{\"@id\":\"https:\\\/\\\/montecarloliving.com\\\/fr\\\/evenements\\\/pouce-vie-concert-caritatif-lauditorium-rainier-ii-de-monaco-19908\\\/#primaryimage\"},\"thumbnailUrl\":\"https:\\\/\\\/montecarloliving.com\\\/wp-content\\\/uploads\\\/2025\\\/03\\\/auditorium-montecarlo-2-scaled-1.jpg\",\"articleSection\":[\"Actualit\u00e9\",\"\u00c9v\u00e9nements\",\"Monaco\"],\"inLanguage\":\"fr-FR\"},{\"@type\":\"WebPage\",\"@id\":\"https:\\\/\\\/montecarloliving.com\\\/fr\\\/evenements\\\/pouce-vie-concert-caritatif-lauditorium-rainier-ii-de-monaco-19908\\\/\",\"url\":\"https:\\\/\\\/montecarloliving.com\\\/fr\\\/evenements\\\/pouce-vie-concert-caritatif-lauditorium-rainier-ii-de-monaco-19908\\\/\",\"name\":\"\\\"Pouce La Vie\\\" : Le Concert Caritatif \u00e0 l'Auditorium Rainier II de Monaco\",\"isPartOf\":{\"@id\":\"https:\\\/\\\/montecarloliving.com\\\/fr\\\/#website\"},\"primaryImageOfPage\":{\"@id\":\"https:\\\/\\\/montecarloliving.com\\\/fr\\\/evenements\\\/pouce-vie-concert-caritatif-lauditorium-rainier-ii-de-monaco-19908\\\/#primaryimage\"},\"image\":{\"@id\":\"https:\\\/\\\/montecarloliving.com\\\/fr\\\/evenements\\\/pouce-vie-concert-caritatif-lauditorium-rainier-ii-de-monaco-19908\\\/#primaryimage\"},\"thumbnailUrl\":\"https:\\\/\\\/montecarloliving.com\\\/wp-content\\\/uploads\\\/2025\\\/03\\\/auditorium-montecarlo-2-scaled-1.jpg\",\"datePublished\":\"2025-03-18T08:20:56+00:00\",\"author\":{\"@id\":\"https:\\\/\\\/montecarloliving.com\\\/fr\\\/#\\\/schema\\\/person\\\/7e5945d4560862b7f2d2c6831bda2819\"},\"description\":\"Le vendredi 25 avril 2025, \u00e0 20h00, l'Auditorium Rainier III de Monaco accueillera la septi\u00e8me \u00e9dition de Pouce La Vie, le concert caritatif au profit de La septi\u00e8me \u00e9dition du concert au profit de la Fondation Flavien\",\"breadcrumb\":{\"@id\":\"https:\\\/\\\/montecarloliving.com\\\/fr\\\/evenements\\\/pouce-vie-concert-caritatif-lauditorium-rainier-ii-de-monaco-19908\\\/#breadcrumb\"},\"inLanguage\":\"fr-FR\",\"potentialAction\":[{\"@type\":\"ReadAction\",\"target\":[\"https:\\\/\\\/montecarloliving.com\\\/fr\\\/evenements\\\/pouce-vie-concert-caritatif-lauditorium-rainier-ii-de-monaco-19908\\\/\"]}]},{\"@type\":\"ImageObject\",\"inLanguage\":\"fr-FR\",\"@id\":\"https:\\\/\\\/montecarloliving.com\\\/fr\\\/evenements\\\/pouce-vie-concert-caritatif-lauditorium-rainier-ii-de-monaco-19908\\\/#primaryimage\",\"url\":\"https:\\\/\\\/montecarloliving.com\\\/wp-content\\\/uploads\\\/2025\\\/03\\\/auditorium-montecarlo-2-scaled-1.jpg\",\"contentUrl\":\"https:\\\/\\\/montecarloliving.com\\\/wp-content\\\/uploads\\\/2025\\\/03\\\/auditorium-montecarlo-2-scaled-1.jpg\",\"width\":2560,\"height\":1698},{\"@type\":\"BreadcrumbList\",\"@id\":\"https:\\\/\\\/montecarloliving.com\\\/fr\\\/evenements\\\/pouce-vie-concert-caritatif-lauditorium-rainier-ii-de-monaco-19908\\\/#breadcrumb\",\"itemListElement\":[{\"@type\":\"ListItem\",\"position\":1,\"name\":\"Home\",\"item\":\"https:\\\/\\\/montecarloliving.com\\\/fr\\\/\"},{\"@type\":\"ListItem\",\"position\":2,\"name\":\"&#8220;Pouce La Vie&#8221; : Le Concert Caritatif \u00e0 l&#8217;Auditorium Rainier II de Monaco\"}]},{\"@type\":\"WebSite\",\"@id\":\"https:\\\/\\\/montecarloliving.com\\\/fr\\\/#website\",\"url\":\"https:\\\/\\\/montecarloliving.com\\\/fr\\\/\",\"name\":\"Montecarlo Living\",\"description\":\"News da Montecarlo - Principato di Monaco e Costa Azzurra\",\"potentialAction\":[{\"@type\":\"SearchAction\",\"target\":{\"@type\":\"EntryPoint\",\"urlTemplate\":\"https:\\\/\\\/montecarloliving.com\\\/fr\\\/?s={search_term_string}\"},\"query-input\":{\"@type\":\"PropertyValueSpecification\",\"valueRequired\":true,\"valueName\":\"search_term_string\"}}],\"inLanguage\":\"fr-FR\"},{\"@type\":\"Person\",\"@id\":\"https:\\\/\\\/montecarloliving.com\\\/fr\\\/#\\\/schema\\\/person\\\/7e5945d4560862b7f2d2c6831bda2819\",\"name\":\"Redazione\",\"image\":{\"@type\":\"ImageObject\",\"inLanguage\":\"fr-FR\",\"@id\":\"https:\\\/\\\/secure.gravatar.com\\\/avatar\\\/8b5f26557e18fe74ad8e8a57ebb2925d88af8a90cee489ff2beefb391bc9b9c7?s=96&d=mm&r=g\",\"url\":\"https:\\\/\\\/secure.gravatar.com\\\/avatar\\\/8b5f26557e18fe74ad8e8a57ebb2925d88af8a90cee489ff2beefb391bc9b9c7?s=96&d=mm&r=g\",\"contentUrl\":\"https:\\\/\\\/secure.gravatar.com\\\/avatar\\\/8b5f26557e18fe74ad8e8a57ebb2925d88af8a90cee489ff2beefb391bc9b9c7?s=96&d=mm&r=g\",\"caption\":\"Redazione\"}}]}<\/script>\n<!-- \/ Yoast SEO plugin. -->","yoast_head_json":{"title":"\"Pouce La Vie\" : Le Concert Caritatif \u00e0 l'Auditorium Rainier II de Monaco","description":"Le vendredi 25 avril 2025, \u00e0 20h00, l'Auditorium Rainier III de Monaco accueillera la septi\u00e8me \u00e9dition de Pouce La Vie, le concert caritatif au profit de La septi\u00e8me \u00e9dition du concert au profit de la Fondation Flavien","robots":{"index":"index","follow":"follow","max-snippet":"max-snippet:-1","max-image-preview":"max-image-preview:large","max-video-preview":"max-video-preview:-1"},"canonical":"https:\/\/montecarloliving.com\/fr\/evenements\/pouce-vie-concert-caritatif-lauditorium-rainier-ii-de-monaco-19908\/","og_locale":"fr_FR","og_title":"\"Pouce La Vie\" : Le Concert Caritatif \u00e0 l'Auditorium Rainier II de Monaco","og_description":"Le vendredi 25 avril 2025, \u00e0 20h00, l'Auditorium Rainier III de Monaco accueillera la septi\u00e8me \u00e9dition de Pouce La Vie, le concert caritatif au profit de La septi\u00e8me \u00e9dition du concert au profit de la Fondation Flavien","og_url":"https:\/\/montecarloliving.com\/fr\/evenements\/pouce-vie-concert-caritatif-lauditorium-rainier-ii-de-monaco-19908\/","og_site_name":"Montecarlo Living","article_publisher":"https:\/\/www.facebook.com\/montecarlolivingcom\/","article_published_time":"2025-03-18T08:20:56+00:00","og_image":[{"width":650,"height":400,"url":"https:\/\/montecarloliving.com\/wp-content\/uploads\/2025\/03\/auditorium-montecarlo-2-scaled-1-650x400.jpg","type":"image\/jpeg"}],"author":"Redazione","twitter_card":"summary_large_image","twitter_creator":"@MonteCarloLivi","twitter_site":"@MonteCarloLivi","twitter_misc":{"\u00c9crit par":"Redazione","Dur\u00e9e de lecture estim\u00e9e":"2 minutes"},"schema":{"@context":"https:\/\/schema.org","@graph":[{"@type":"Article","@id":"https:\/\/montecarloliving.com\/fr\/evenements\/pouce-vie-concert-caritatif-lauditorium-rainier-ii-de-monaco-19908\/#article","isPartOf":{"@id":"https:\/\/montecarloliving.com\/fr\/evenements\/pouce-vie-concert-caritatif-lauditorium-rainier-ii-de-monaco-19908\/"},"author":{"name":"Redazione","@id":"https:\/\/montecarloliving.com\/fr\/#\/schema\/person\/7e5945d4560862b7f2d2c6831bda2819"},"headline":"\u00ab\u00a0Pouce La Vie\u00a0\u00bb : Le Concert Caritatif \u00e0 l&rsquo;Auditorium Rainier II de Monaco","datePublished":"2025-03-18T08:20:56+00:00","mainEntityOfPage":{"@id":"https:\/\/montecarloliving.com\/fr\/evenements\/pouce-vie-concert-caritatif-lauditorium-rainier-ii-de-monaco-19908\/"},"wordCount":271,"image":{"@id":"https:\/\/montecarloliving.com\/fr\/evenements\/pouce-vie-concert-caritatif-lauditorium-rainier-ii-de-monaco-19908\/#primaryimage"},"thumbnailUrl":"https:\/\/montecarloliving.com\/wp-content\/uploads\/2025\/03\/auditorium-montecarlo-2-scaled-1.jpg","articleSection":["Actualit\u00e9","\u00c9v\u00e9nements","Monaco"],"inLanguage":"fr-FR"},{"@type":"WebPage","@id":"https:\/\/montecarloliving.com\/fr\/evenements\/pouce-vie-concert-caritatif-lauditorium-rainier-ii-de-monaco-19908\/","url":"https:\/\/montecarloliving.com\/fr\/evenements\/pouce-vie-concert-caritatif-lauditorium-rainier-ii-de-monaco-19908\/","name":"\"Pouce La Vie\" : Le Concert Caritatif \u00e0 l'Auditorium Rainier II de Monaco","isPartOf":{"@id":"https:\/\/montecarloliving.com\/fr\/#website"},"primaryImageOfPage":{"@id":"https:\/\/montecarloliving.com\/fr\/evenements\/pouce-vie-concert-caritatif-lauditorium-rainier-ii-de-monaco-19908\/#primaryimage"},"image":{"@id":"https:\/\/montecarloliving.com\/fr\/evenements\/pouce-vie-concert-caritatif-lauditorium-rainier-ii-de-monaco-19908\/#primaryimage"},"thumbnailUrl":"https:\/\/montecarloliving.com\/wp-content\/uploads\/2025\/03\/auditorium-montecarlo-2-scaled-1.jpg","datePublished":"2025-03-18T08:20:56+00:00","author":{"@id":"https:\/\/montecarloliving.com\/fr\/#\/schema\/person\/7e5945d4560862b7f2d2c6831bda2819"},"description":"Le vendredi 25 avril 2025, \u00e0 20h00, l'Auditorium Rainier III de Monaco accueillera la septi\u00e8me \u00e9dition de Pouce La Vie, le concert caritatif au profit de La septi\u00e8me \u00e9dition du concert au profit de la Fondation Flavien","breadcrumb":{"@id":"https:\/\/montecarloliving.com\/fr\/evenements\/pouce-vie-concert-caritatif-lauditorium-rainier-ii-de-monaco-19908\/#breadcrumb"},"inLanguage":"fr-FR","potentialAction":[{"@type":"ReadAction","target":["https:\/\/montecarloliving.com\/fr\/evenements\/pouce-vie-concert-caritatif-lauditorium-rainier-ii-de-monaco-19908\/"]}]},{"@type":"ImageObject","inLanguage":"fr-FR","@id":"https:\/\/montecarloliving.com\/fr\/evenements\/pouce-vie-concert-caritatif-lauditorium-rainier-ii-de-monaco-19908\/#primaryimage","url":"https:\/\/montecarloliving.com\/wp-content\/uploads\/2025\/03\/auditorium-montecarlo-2-scaled-1.jpg","contentUrl":"https:\/\/montecarloliving.com\/wp-content\/uploads\/2025\/03\/auditorium-montecarlo-2-scaled-1.jpg","width":2560,"height":1698},{"@type":"BreadcrumbList","@id":"https:\/\/montecarloliving.com\/fr\/evenements\/pouce-vie-concert-caritatif-lauditorium-rainier-ii-de-monaco-19908\/#breadcrumb","itemListElement":[{"@type":"ListItem","position":1,"name":"Home","item":"https:\/\/montecarloliving.com\/fr\/"},{"@type":"ListItem","position":2,"name":"&#8220;Pouce La Vie&#8221; : Le Concert Caritatif \u00e0 l&#8217;Auditorium Rainier II de Monaco"}]},{"@type":"WebSite","@id":"https:\/\/montecarloliving.com\/fr\/#website","url":"https:\/\/montecarloliving.com\/fr\/","name":"Montecarlo Living","description":"News da Montecarlo - Principato di Monaco e Costa Azzurra","potentialAction":[{"@type":"SearchAction","target":{"@type":"EntryPoint","urlTemplate":"https:\/\/montecarloliving.com\/fr\/?s={search_term_string}"},"query-input":{"@type":"PropertyValueSpecification","valueRequired":true,"valueName":"search_term_string"}}],"inLanguage":"fr-FR"},{"@type":"Person","@id":"https:\/\/montecarloliving.com\/fr\/#\/schema\/person\/7e5945d4560862b7f2d2c6831bda2819","name":"Redazione","image":{"@type":"ImageObject","inLanguage":"fr-FR","@id":"https:\/\/secure.gravatar.com\/avatar\/8b5f26557e18fe74ad8e8a57ebb2925d88af8a90cee489ff2beefb391bc9b9c7?s=96&d=mm&r=g","url":"https:\/\/secure.gravatar.com\/avatar\/8b5f26557e18fe74ad8e8a57ebb2925d88af8a90cee489ff2beefb391bc9b9c7?s=96&d=mm&r=g","contentUrl":"https:\/\/secure.gravatar.com\/avatar\/8b5f26557e18fe74ad8e8a57ebb2925d88af8a90cee489ff2beefb391bc9b9c7?s=96&d=mm&r=g","caption":"Redazione"}}]}},"_links":{"self":[{"href":"https:\/\/montecarloliving.com\/fr\/wp-json\/wp\/v2\/posts\/19908","targetHints":{"allow":["GET"]}}],"collection":[{"href":"https:\/\/montecarloliving.com\/fr\/wp-json\/wp\/v2\/posts"}],"about":[{"href":"https:\/\/montecarloliving.com\/fr\/wp-json\/wp\/v2\/types\/post"}],"author":[{"embeddable":true,"href":"https:\/\/montecarloliving.com\/fr\/wp-json\/wp\/v2\/users\/1"}],"replies":[{"embeddable":true,"href":"https:\/\/montecarloliving.com\/fr\/wp-json\/wp\/v2\/comments?post=19908"}],"version-history":[{"count":1,"href":"https:\/\/montecarloliving.com\/fr\/wp-json\/wp\/v2\/posts\/19908\/revisions"}],"predecessor-version":[{"id":19909,"href":"https:\/\/montecarloliving.com\/fr\/wp-json\/wp\/v2\/posts\/19908\/revisions\/19909"}],"wp:featuredmedia":[{"embeddable":true,"href":"https:\/\/montecarloliving.com\/fr\/wp-json\/wp\/v2\/media\/19904"}],"wp:attachment":[{"href":"https:\/\/montecarloliving.com\/fr\/wp-json\/wp\/v2\/media?parent=19908"}],"wp:term":[{"taxonomy":"category","embeddable":true,"href":"https:\/\/montecarloliving.com\/fr\/wp-json\/wp\/v2\/categories?post=19908"},{"taxonomy":"post_tag","embeddable":true,"href":"https:\/\/montecarloliving.com\/fr\/wp-json\/wp\/v2\/tags?post=19908"}],"curies":[{"name":"wp","href":"https:\/\/api.w.org\/{rel}","templated":true}]}}