{"id":19770,"date":"2025-03-10T08:11:32","date_gmt":"2025-03-10T07:11:32","guid":{"rendered":"https:\/\/montecarloliving.com\/?p=19770"},"modified":"2025-03-07T11:13:35","modified_gmt":"2025-03-07T10:13:35","slug":"5eme-session-de-commission-consultative-des-jeunes","status":"publish","type":"post","link":"https:\/\/montecarloliving.com\/fr\/actualite\/5eme-session-de-commission-consultative-des-jeunes-19770\/","title":{"rendered":"5\u00e8me Session de la Commission Consultative des Jeunes"},"content":{"rendered":"<p>Ce jeudi 6 mars, sous la pr\u00e9sidence de M. BEFFRE, Conseiller de Gouvernement \u2013 Ministre de l\u2019Int\u00e9rieur, la Commission Consultative des Jeunes (CCJ) s&rsquo;est r\u00e9unie pour la cinqui\u00e8me fois depuis sa cr\u00e9ation en 2004, marquant ainsi une nouvelle \u00e9tape importante dans l&rsquo;engagement du Gouvernement Princier envers la jeunesse de la Principaut\u00e9.<\/p>\n<p>\u00ab<em> Il est important que le Gouvernement rencontre \u00e0 nouveau les associations de jeunesse afin d\u2019\u00e9changer sur les perspectives d\u2019avenir<\/em> \u00bb, a d\u00e9clar\u00e9 M. le Conseiller de Gouvernement \u2013 Ministre de l\u2019Int\u00e9rieur en pr\u00e9ambule de cette session. Cette r\u00e9union \u00e0 laquelle assistaient M. VINCI, Directeur de l\u2019Education Nationale, de la Jeunesse et des Sports ainsi que Mme LE CLERC, Pr\u00e9sidente de la Commission de l\u2019\u00c9ducation, de la Jeunesse et des Sports du Conseil National et Mme BOSCAGLI LECLERCQ, Adjointe du Maire, en charge de la Jeunesse, de la Parit\u00e9 et de l&rsquo;Egalit\u00e9 Femmes\/Hommes, a \u00e9t\u00e9 l&rsquo;occasion pour une vingtaine de jeunes membres d&rsquo;\u00e9changer sur des th\u00e9matiques essentielles et de proposer des id\u00e9es innovantes en faveur de leur g\u00e9n\u00e9ration.<\/p>\n<p>Au cours de cette rencontre, les actions gouvernementales en faveur de la jeunesse ont \u00e9t\u00e9 expos\u00e9es. Les jeunes en tant que repr\u00e9sentants des associations de jeunesse ont \u00e9galement pu pr\u00e9senter leurs souhaits aux institutionnels pr\u00e9sents, r\u00e9affirmant ainsi leur volont\u00e9<br \/>\nd&rsquo;\u00eatre des acteurs du changement.<\/p>\n<p>Cette cinqui\u00e8me r\u00e9union t\u00e9moigne de la continuit\u00e9 de l\u2019engagement du Gouvernement Princier et de la volont\u00e9 des jeunes de jouer un r\u00f4le actif dans l&rsquo;\u00e9laboration des politiques nationales.<br \/>\nD\u2019autres rendez-vous sont pr\u00e9vus pour un travail commun.<\/p>\n","protected":false},"excerpt":{"rendered":"<p>Ce jeudi 6 mars, sous la pr\u00e9sidence de M. BEFFRE, Conseiller de Gouvernement \u2013 Ministre de l\u2019Int\u00e9rieur, la Commission Consultative des Jeunes (CCJ) s&rsquo;est r\u00e9unie pour la cinqui\u00e8me fois depuis sa cr\u00e9ation en 2004, marquant ainsi une nouvelle \u00e9tape importante dans l&rsquo;engagement du Gouvernement [&hellip;]<\/p>\n","protected":false},"author":1,"featured_media":19771,"comment_status":"closed","ping_status":"closed","sticky":false,"template":"","format":"standard","meta":{"footnotes":""},"categories":[827,875,867],"tags":[],"class_list":["post-19770","post","type-post","status-publish","format-standard","has-post-thumbnail","hentry","category-actualite","category-actualite-monaco","category-monaco-fr"],"yoast_head":"<!-- This site is optimized with the Yoast SEO plugin v27.5 - https:\/\/yoast.com\/product\/yoast-seo-wordpress\/ -->\n<title>5\u00e8me Session de la Commission Consultative des Jeunes<\/title>\n<meta name=\"description\" content=\"Ce jeudi 6 mars, sous la pr\u00e9sidence de M. BEFFRE, Conseiller de Gouvernement \u2013 Ministre de l\u2019Int\u00e9rieur, la Commission Consultative des Jeunes (CCJ) s&#039;est 5\u00e8me Session de la Commission Consultative des Jeunes\" \/>\n<meta name=\"robots\" content=\"index, follow, max-snippet:-1, max-image-preview:large, max-video-preview:-1\" \/>\n<link rel=\"canonical\" href=\"https:\/\/montecarloliving.com\/fr\/actualite\/5eme-session-de-commission-consultative-des-jeunes-19770\/\" \/>\n<meta property=\"og:locale\" content=\"fr_FR\" \/>\n<meta property=\"og:title\" content=\"5\u00e8me Session de la Commission Consultative des Jeunes\" \/>\n<meta property=\"og:description\" content=\"Ce jeudi 6 mars, sous la pr\u00e9sidence de M. BEFFRE, Conseiller de Gouvernement \u2013 Ministre de l\u2019Int\u00e9rieur, la Commission Consultative des Jeunes (CCJ) s&#039;est 5\u00e8me Session de la Commission Consultative des Jeunes\" \/>\n<meta property=\"og:url\" content=\"https:\/\/montecarloliving.com\/fr\/actualite\/5eme-session-de-commission-consultative-des-jeunes-19770\/\" \/>\n<meta property=\"og:site_name\" content=\"Montecarlo Living\" \/>\n<meta property=\"article:publisher\" content=\"https:\/\/www.facebook.com\/montecarlolivingcom\/\" \/>\n<meta property=\"article:published_time\" content=\"2025-03-10T07:11:32+00:00\" \/>\n<meta property=\"og:image\" content=\"https:\/\/montecarloliving.com\/wp-content\/uploads\/2025\/03\/5eme-Session-de-la-Commission-Consultative-des-Jeunes-\u00a9-Stephane-Danna-Direction-de-la-Communication-650x400.jpg\" \/>\n\t<meta property=\"og:image:width\" content=\"650\" \/>\n\t<meta property=\"og:image:height\" content=\"400\" \/>\n\t<meta property=\"og:image:type\" content=\"image\/jpeg\" \/>\n<meta name=\"author\" content=\"Redazione\" \/>\n<meta name=\"twitter:card\" content=\"summary_large_image\" \/>\n<meta name=\"twitter:creator\" content=\"@MonteCarloLivi\" \/>\n<meta name=\"twitter:site\" content=\"@MonteCarloLivi\" \/>\n<meta name=\"twitter:label1\" content=\"\u00c9crit par\" \/>\n\t<meta name=\"twitter:data1\" content=\"Redazione\" \/>\n\t<meta name=\"twitter:label2\" content=\"Dur\u00e9e de lecture estim\u00e9e\" \/>\n\t<meta name=\"twitter:data2\" content=\"2 minutes\" \/>\n<script type=\"application\/ld+json\" class=\"yoast-schema-graph\">{\"@context\":\"https:\\\/\\\/schema.org\",\"@graph\":[{\"@type\":\"Article\",\"@id\":\"https:\\\/\\\/montecarloliving.com\\\/fr\\\/actualite\\\/5eme-session-de-commission-consultative-des-jeunes-19770\\\/#article\",\"isPartOf\":{\"@id\":\"https:\\\/\\\/montecarloliving.com\\\/fr\\\/actualite\\\/5eme-session-de-commission-consultative-des-jeunes-19770\\\/\"},\"author\":{\"name\":\"Redazione\",\"@id\":\"https:\\\/\\\/montecarloliving.com\\\/fr\\\/#\\\/schema\\\/person\\\/7e5945d4560862b7f2d2c6831bda2819\"},\"headline\":\"5\u00e8me Session de la Commission Consultative des Jeunes\",\"datePublished\":\"2025-03-10T07:11:32+00:00\",\"mainEntityOfPage\":{\"@id\":\"https:\\\/\\\/montecarloliving.com\\\/fr\\\/actualite\\\/5eme-session-de-commission-consultative-des-jeunes-19770\\\/\"},\"wordCount\":289,\"image\":{\"@id\":\"https:\\\/\\\/montecarloliving.com\\\/fr\\\/actualite\\\/5eme-session-de-commission-consultative-des-jeunes-19770\\\/#primaryimage\"},\"thumbnailUrl\":\"https:\\\/\\\/montecarloliving.com\\\/wp-content\\\/uploads\\\/2025\\\/03\\\/5eme-Session-de-la-Commission-Consultative-des-Jeunes-\u00a9-Stephane-Danna-Direction-de-la-Communication.jpg\",\"articleSection\":[\"Actualit\u00e9\",\"Actualit\u00e9 \u00e0 Monaco\",\"Monaco\"],\"inLanguage\":\"fr-FR\"},{\"@type\":\"WebPage\",\"@id\":\"https:\\\/\\\/montecarloliving.com\\\/fr\\\/actualite\\\/5eme-session-de-commission-consultative-des-jeunes-19770\\\/\",\"url\":\"https:\\\/\\\/montecarloliving.com\\\/fr\\\/actualite\\\/5eme-session-de-commission-consultative-des-jeunes-19770\\\/\",\"name\":\"5\u00e8me Session de la Commission Consultative des Jeunes\",\"isPartOf\":{\"@id\":\"https:\\\/\\\/montecarloliving.com\\\/fr\\\/#website\"},\"primaryImageOfPage\":{\"@id\":\"https:\\\/\\\/montecarloliving.com\\\/fr\\\/actualite\\\/5eme-session-de-commission-consultative-des-jeunes-19770\\\/#primaryimage\"},\"image\":{\"@id\":\"https:\\\/\\\/montecarloliving.com\\\/fr\\\/actualite\\\/5eme-session-de-commission-consultative-des-jeunes-19770\\\/#primaryimage\"},\"thumbnailUrl\":\"https:\\\/\\\/montecarloliving.com\\\/wp-content\\\/uploads\\\/2025\\\/03\\\/5eme-Session-de-la-Commission-Consultative-des-Jeunes-\u00a9-Stephane-Danna-Direction-de-la-Communication.jpg\",\"datePublished\":\"2025-03-10T07:11:32+00:00\",\"author\":{\"@id\":\"https:\\\/\\\/montecarloliving.com\\\/fr\\\/#\\\/schema\\\/person\\\/7e5945d4560862b7f2d2c6831bda2819\"},\"description\":\"Ce jeudi 6 mars, sous la pr\u00e9sidence de M. BEFFRE, Conseiller de Gouvernement \u2013 Ministre de l\u2019Int\u00e9rieur, la Commission Consultative des Jeunes (CCJ) s'est 5\u00e8me Session de la Commission Consultative des Jeunes\",\"breadcrumb\":{\"@id\":\"https:\\\/\\\/montecarloliving.com\\\/fr\\\/actualite\\\/5eme-session-de-commission-consultative-des-jeunes-19770\\\/#breadcrumb\"},\"inLanguage\":\"fr-FR\",\"potentialAction\":[{\"@type\":\"ReadAction\",\"target\":[\"https:\\\/\\\/montecarloliving.com\\\/fr\\\/actualite\\\/5eme-session-de-commission-consultative-des-jeunes-19770\\\/\"]}]},{\"@type\":\"ImageObject\",\"inLanguage\":\"fr-FR\",\"@id\":\"https:\\\/\\\/montecarloliving.com\\\/fr\\\/actualite\\\/5eme-session-de-commission-consultative-des-jeunes-19770\\\/#primaryimage\",\"url\":\"https:\\\/\\\/montecarloliving.com\\\/wp-content\\\/uploads\\\/2025\\\/03\\\/5eme-Session-de-la-Commission-Consultative-des-Jeunes-\u00a9-Stephane-Danna-Direction-de-la-Communication.jpg\",\"contentUrl\":\"https:\\\/\\\/montecarloliving.com\\\/wp-content\\\/uploads\\\/2025\\\/03\\\/5eme-Session-de-la-Commission-Consultative-des-Jeunes-\u00a9-Stephane-Danna-Direction-de-la-Communication.jpg\",\"width\":2040,\"height\":1360},{\"@type\":\"BreadcrumbList\",\"@id\":\"https:\\\/\\\/montecarloliving.com\\\/fr\\\/actualite\\\/5eme-session-de-commission-consultative-des-jeunes-19770\\\/#breadcrumb\",\"itemListElement\":[{\"@type\":\"ListItem\",\"position\":1,\"name\":\"Home\",\"item\":\"https:\\\/\\\/montecarloliving.com\\\/fr\\\/\"},{\"@type\":\"ListItem\",\"position\":2,\"name\":\"5\u00e8me Session de la Commission Consultative des Jeunes\"}]},{\"@type\":\"WebSite\",\"@id\":\"https:\\\/\\\/montecarloliving.com\\\/fr\\\/#website\",\"url\":\"https:\\\/\\\/montecarloliving.com\\\/fr\\\/\",\"name\":\"Montecarlo Living\",\"description\":\"News da Montecarlo - Principato di Monaco e Costa Azzurra\",\"potentialAction\":[{\"@type\":\"SearchAction\",\"target\":{\"@type\":\"EntryPoint\",\"urlTemplate\":\"https:\\\/\\\/montecarloliving.com\\\/fr\\\/?s={search_term_string}\"},\"query-input\":{\"@type\":\"PropertyValueSpecification\",\"valueRequired\":true,\"valueName\":\"search_term_string\"}}],\"inLanguage\":\"fr-FR\"},{\"@type\":\"Person\",\"@id\":\"https:\\\/\\\/montecarloliving.com\\\/fr\\\/#\\\/schema\\\/person\\\/7e5945d4560862b7f2d2c6831bda2819\",\"name\":\"Redazione\",\"image\":{\"@type\":\"ImageObject\",\"inLanguage\":\"fr-FR\",\"@id\":\"https:\\\/\\\/secure.gravatar.com\\\/avatar\\\/8b5f26557e18fe74ad8e8a57ebb2925d88af8a90cee489ff2beefb391bc9b9c7?s=96&d=mm&r=g\",\"url\":\"https:\\\/\\\/secure.gravatar.com\\\/avatar\\\/8b5f26557e18fe74ad8e8a57ebb2925d88af8a90cee489ff2beefb391bc9b9c7?s=96&d=mm&r=g\",\"contentUrl\":\"https:\\\/\\\/secure.gravatar.com\\\/avatar\\\/8b5f26557e18fe74ad8e8a57ebb2925d88af8a90cee489ff2beefb391bc9b9c7?s=96&d=mm&r=g\",\"caption\":\"Redazione\"}}]}<\/script>\n<!-- \/ Yoast SEO plugin. -->","yoast_head_json":{"title":"5\u00e8me Session de la Commission Consultative des Jeunes","description":"Ce jeudi 6 mars, sous la pr\u00e9sidence de M. BEFFRE, Conseiller de Gouvernement \u2013 Ministre de l\u2019Int\u00e9rieur, la Commission Consultative des Jeunes (CCJ) s'est 5\u00e8me Session de la Commission Consultative des Jeunes","robots":{"index":"index","follow":"follow","max-snippet":"max-snippet:-1","max-image-preview":"max-image-preview:large","max-video-preview":"max-video-preview:-1"},"canonical":"https:\/\/montecarloliving.com\/fr\/actualite\/5eme-session-de-commission-consultative-des-jeunes-19770\/","og_locale":"fr_FR","og_title":"5\u00e8me Session de la Commission Consultative des Jeunes","og_description":"Ce jeudi 6 mars, sous la pr\u00e9sidence de M. BEFFRE, Conseiller de Gouvernement \u2013 Ministre de l\u2019Int\u00e9rieur, la Commission Consultative des Jeunes (CCJ) s'est 5\u00e8me Session de la Commission Consultative des Jeunes","og_url":"https:\/\/montecarloliving.com\/fr\/actualite\/5eme-session-de-commission-consultative-des-jeunes-19770\/","og_site_name":"Montecarlo Living","article_publisher":"https:\/\/www.facebook.com\/montecarlolivingcom\/","article_published_time":"2025-03-10T07:11:32+00:00","og_image":[{"width":650,"height":400,"url":"https:\/\/montecarloliving.com\/wp-content\/uploads\/2025\/03\/5eme-Session-de-la-Commission-Consultative-des-Jeunes-\u00a9-Stephane-Danna-Direction-de-la-Communication-650x400.jpg","type":"image\/jpeg"}],"author":"Redazione","twitter_card":"summary_large_image","twitter_creator":"@MonteCarloLivi","twitter_site":"@MonteCarloLivi","twitter_misc":{"\u00c9crit par":"Redazione","Dur\u00e9e de lecture estim\u00e9e":"2 minutes"},"schema":{"@context":"https:\/\/schema.org","@graph":[{"@type":"Article","@id":"https:\/\/montecarloliving.com\/fr\/actualite\/5eme-session-de-commission-consultative-des-jeunes-19770\/#article","isPartOf":{"@id":"https:\/\/montecarloliving.com\/fr\/actualite\/5eme-session-de-commission-consultative-des-jeunes-19770\/"},"author":{"name":"Redazione","@id":"https:\/\/montecarloliving.com\/fr\/#\/schema\/person\/7e5945d4560862b7f2d2c6831bda2819"},"headline":"5\u00e8me Session de la Commission Consultative des Jeunes","datePublished":"2025-03-10T07:11:32+00:00","mainEntityOfPage":{"@id":"https:\/\/montecarloliving.com\/fr\/actualite\/5eme-session-de-commission-consultative-des-jeunes-19770\/"},"wordCount":289,"image":{"@id":"https:\/\/montecarloliving.com\/fr\/actualite\/5eme-session-de-commission-consultative-des-jeunes-19770\/#primaryimage"},"thumbnailUrl":"https:\/\/montecarloliving.com\/wp-content\/uploads\/2025\/03\/5eme-Session-de-la-Commission-Consultative-des-Jeunes-\u00a9-Stephane-Danna-Direction-de-la-Communication.jpg","articleSection":["Actualit\u00e9","Actualit\u00e9 \u00e0 Monaco","Monaco"],"inLanguage":"fr-FR"},{"@type":"WebPage","@id":"https:\/\/montecarloliving.com\/fr\/actualite\/5eme-session-de-commission-consultative-des-jeunes-19770\/","url":"https:\/\/montecarloliving.com\/fr\/actualite\/5eme-session-de-commission-consultative-des-jeunes-19770\/","name":"5\u00e8me Session de la Commission Consultative des Jeunes","isPartOf":{"@id":"https:\/\/montecarloliving.com\/fr\/#website"},"primaryImageOfPage":{"@id":"https:\/\/montecarloliving.com\/fr\/actualite\/5eme-session-de-commission-consultative-des-jeunes-19770\/#primaryimage"},"image":{"@id":"https:\/\/montecarloliving.com\/fr\/actualite\/5eme-session-de-commission-consultative-des-jeunes-19770\/#primaryimage"},"thumbnailUrl":"https:\/\/montecarloliving.com\/wp-content\/uploads\/2025\/03\/5eme-Session-de-la-Commission-Consultative-des-Jeunes-\u00a9-Stephane-Danna-Direction-de-la-Communication.jpg","datePublished":"2025-03-10T07:11:32+00:00","author":{"@id":"https:\/\/montecarloliving.com\/fr\/#\/schema\/person\/7e5945d4560862b7f2d2c6831bda2819"},"description":"Ce jeudi 6 mars, sous la pr\u00e9sidence de M. BEFFRE, Conseiller de Gouvernement \u2013 Ministre de l\u2019Int\u00e9rieur, la Commission Consultative des Jeunes (CCJ) s'est 5\u00e8me Session de la Commission Consultative des Jeunes","breadcrumb":{"@id":"https:\/\/montecarloliving.com\/fr\/actualite\/5eme-session-de-commission-consultative-des-jeunes-19770\/#breadcrumb"},"inLanguage":"fr-FR","potentialAction":[{"@type":"ReadAction","target":["https:\/\/montecarloliving.com\/fr\/actualite\/5eme-session-de-commission-consultative-des-jeunes-19770\/"]}]},{"@type":"ImageObject","inLanguage":"fr-FR","@id":"https:\/\/montecarloliving.com\/fr\/actualite\/5eme-session-de-commission-consultative-des-jeunes-19770\/#primaryimage","url":"https:\/\/montecarloliving.com\/wp-content\/uploads\/2025\/03\/5eme-Session-de-la-Commission-Consultative-des-Jeunes-\u00a9-Stephane-Danna-Direction-de-la-Communication.jpg","contentUrl":"https:\/\/montecarloliving.com\/wp-content\/uploads\/2025\/03\/5eme-Session-de-la-Commission-Consultative-des-Jeunes-\u00a9-Stephane-Danna-Direction-de-la-Communication.jpg","width":2040,"height":1360},{"@type":"BreadcrumbList","@id":"https:\/\/montecarloliving.com\/fr\/actualite\/5eme-session-de-commission-consultative-des-jeunes-19770\/#breadcrumb","itemListElement":[{"@type":"ListItem","position":1,"name":"Home","item":"https:\/\/montecarloliving.com\/fr\/"},{"@type":"ListItem","position":2,"name":"5\u00e8me Session de la Commission Consultative des Jeunes"}]},{"@type":"WebSite","@id":"https:\/\/montecarloliving.com\/fr\/#website","url":"https:\/\/montecarloliving.com\/fr\/","name":"Montecarlo Living","description":"News da Montecarlo - Principato di Monaco e Costa Azzurra","potentialAction":[{"@type":"SearchAction","target":{"@type":"EntryPoint","urlTemplate":"https:\/\/montecarloliving.com\/fr\/?s={search_term_string}"},"query-input":{"@type":"PropertyValueSpecification","valueRequired":true,"valueName":"search_term_string"}}],"inLanguage":"fr-FR"},{"@type":"Person","@id":"https:\/\/montecarloliving.com\/fr\/#\/schema\/person\/7e5945d4560862b7f2d2c6831bda2819","name":"Redazione","image":{"@type":"ImageObject","inLanguage":"fr-FR","@id":"https:\/\/secure.gravatar.com\/avatar\/8b5f26557e18fe74ad8e8a57ebb2925d88af8a90cee489ff2beefb391bc9b9c7?s=96&d=mm&r=g","url":"https:\/\/secure.gravatar.com\/avatar\/8b5f26557e18fe74ad8e8a57ebb2925d88af8a90cee489ff2beefb391bc9b9c7?s=96&d=mm&r=g","contentUrl":"https:\/\/secure.gravatar.com\/avatar\/8b5f26557e18fe74ad8e8a57ebb2925d88af8a90cee489ff2beefb391bc9b9c7?s=96&d=mm&r=g","caption":"Redazione"}}]}},"_links":{"self":[{"href":"https:\/\/montecarloliving.com\/fr\/wp-json\/wp\/v2\/posts\/19770","targetHints":{"allow":["GET"]}}],"collection":[{"href":"https:\/\/montecarloliving.com\/fr\/wp-json\/wp\/v2\/posts"}],"about":[{"href":"https:\/\/montecarloliving.com\/fr\/wp-json\/wp\/v2\/types\/post"}],"author":[{"embeddable":true,"href":"https:\/\/montecarloliving.com\/fr\/wp-json\/wp\/v2\/users\/1"}],"replies":[{"embeddable":true,"href":"https:\/\/montecarloliving.com\/fr\/wp-json\/wp\/v2\/comments?post=19770"}],"version-history":[{"count":1,"href":"https:\/\/montecarloliving.com\/fr\/wp-json\/wp\/v2\/posts\/19770\/revisions"}],"predecessor-version":[{"id":19774,"href":"https:\/\/montecarloliving.com\/fr\/wp-json\/wp\/v2\/posts\/19770\/revisions\/19774"}],"wp:featuredmedia":[{"embeddable":true,"href":"https:\/\/montecarloliving.com\/fr\/wp-json\/wp\/v2\/media\/19771"}],"wp:attachment":[{"href":"https:\/\/montecarloliving.com\/fr\/wp-json\/wp\/v2\/media?parent=19770"}],"wp:term":[{"taxonomy":"category","embeddable":true,"href":"https:\/\/montecarloliving.com\/fr\/wp-json\/wp\/v2\/categories?post=19770"},{"taxonomy":"post_tag","embeddable":true,"href":"https:\/\/montecarloliving.com\/fr\/wp-json\/wp\/v2\/tags?post=19770"}],"curies":[{"name":"wp","href":"https:\/\/api.w.org\/{rel}","templated":true}]}}