{"id":19701,"date":"2025-03-05T11:43:16","date_gmt":"2025-03-05T10:43:16","guid":{"rendered":"https:\/\/montecarloliving.com\/?p=19701"},"modified":"2025-03-05T11:46:21","modified_gmt":"2025-03-05T10:46:21","slug":"neuroplanete-2025","status":"publish","type":"post","link":"https:\/\/montecarloliving.com\/fr\/evenements\/neuroplanete-2025-19701\/","title":{"rendered":"Neuroplan\u00e8te 2025"},"content":{"rendered":"<p data-start=\"1741\" data-end=\"1904\">Cette ann\u00e9e encore, <strong>Nice accueille Neuroplan\u00e8te<\/strong>, un \u00e9v\u00e9nement incontournable d\u00e9di\u00e9 aux avanc\u00e9es des neurosciences et \u00e0 la mani\u00e8re dont elles transforment nos vies.<\/p>\n<p data-start=\"1906\" data-end=\"2198\">\u00c0 quelques mois de la 3e Conf\u00e9rence des Nations Unies sur les Oc\u00e9ans qui se tiendra en juin \u00e0 Nice, un moment historique pour l\u2019Oc\u00e9an et un grand rendez-vous international et scientifique, cette \u00e9dition met en lumi\u00e8re un lien essentiel : celui qui relie notre cerveau aux richesses de la mer.<\/p>\n<p data-start=\"2200\" data-end=\"2513\">Longtemps, l\u2019oc\u00e9an est rest\u00e9 un monde myst\u00e9rieux et inconnu, fascinant mais inaccessibile. Aujourd\u2019hui, le voile se l\u00e8ve, m\u00eame si lentement : une biodiversit\u00e9 exceptionnelle, parfois d\u00e9concertante, est d\u00e9couverte, et la recherche explore des pistes inattendues et tr\u00e8s prometteuses pour la m\u00e9decine et la science.<\/p>\n<p data-start=\"2515\" data-end=\"2817\">Pour la plupart d\u2019entre nous, la mer reste avant tout une \u00e9chappatoire : aller voir la mer, plonger, signifie lib\u00e9rer l\u2019esprit et faire le vide. Cette influence sur notre bien-\u00eatre, nos capacit\u00e9s cognitives et notre sant\u00e9 mentale sera \u00e9galement au c\u0153ur des d\u00e9bats de la dixi\u00e8me \u00e9dition de Neuroplan\u00e8te.<\/p>\n<p data-start=\"2515\" data-end=\"2817\"><img loading=\"lazy\" decoding=\"async\" class=\"size-full wp-image-19694 aligncenter\" src=\"https:\/\/montecarloliving.com\/wp-content\/uploads\/2025\/03\/Neuroplanete_2025.png\" alt=\"\" width=\"500\" height=\"261\" srcset=\"https:\/\/montecarloliving.com\/wp-content\/uploads\/2025\/03\/Neuroplanete_2025.png 500w, https:\/\/montecarloliving.com\/wp-content\/uploads\/2025\/03\/Neuroplanete_2025-300x157.png 300w\" sizes=\"auto, (max-width: 500px) 100vw, 500px\" \/><\/p>\n<p data-start=\"2819\" data-end=\"2939\"><strong>Rendez-vous le vendredi 7 mars et samedi 8 mars 2025 au Centre Universitaire M\u00e9diterran\u00e9en sur la Promenade des Anglais.<\/strong><\/p>\n<p data-start=\"2941\" data-end=\"3179\">Pour ouvrir les conf\u00e9rences, samedi 7 mars \u00e0 10h, la conf\u00e9rence \u00ab\u00a0Manger du poisson pour sa sant\u00e9, en pr\u00e9servant la plan\u00e8te\u00a0\u00bb, \u00e0 laquelle participera Mauro Colagreco, meilleur chef au monde en 2019 et 3 \u00e9toiles Michelin au Mirazur \u00e0 Menton.<\/p>\n<p data-start=\"3181\" data-end=\"3288\">Le programme complet de ces deux jours et les inscriptions aux \u00e9v\u00e9nements sont disponibles en cliquant ici.<\/p>\n<p data-start=\"3290\" data-end=\"3386\" data-is-last-node=\"\" data-is-only-node=\"\">L\u2019\u00e9v\u00e9nement se tiendra au Centre Universitaire M\u00e9diterran\u00e9en, situ\u00e9 au 65 Promenade des Anglais.<\/p>\n","protected":false},"excerpt":{"rendered":"<p>Cette ann\u00e9e encore, Nice accueille Neuroplan\u00e8te, un \u00e9v\u00e9nement incontournable d\u00e9di\u00e9 aux avanc\u00e9es des neurosciences et \u00e0 la mani\u00e8re dont elles transforment nos vies. \u00c0 quelques mois de la 3e Conf\u00e9rence des Nations Unies sur les Oc\u00e9ans qui se tiendra en juin \u00e0 Nice, un [&hellip;]<\/p>\n","protected":false},"author":1,"featured_media":19697,"comment_status":"closed","ping_status":"closed","sticky":false,"template":"","format":"standard","meta":{"footnotes":""},"categories":[828,868],"tags":[],"class_list":["post-19701","post","type-post","status-publish","format-standard","has-post-thumbnail","hentry","category-evenements","category-nice-fr"],"yoast_head":"<!-- This site is optimized with the Yoast SEO plugin v27.4 - https:\/\/yoast.com\/product\/yoast-seo-wordpress\/ -->\n<title>Neuroplan\u00e8te 2025<\/title>\n<meta name=\"description\" content=\"Cette ann\u00e9e encore, Nice accueille Neuroplan\u00e8te, un \u00e9v\u00e9nement incontournable d\u00e9di\u00e9 aux avanc\u00e9es des neurosciences et \u00e0 la mani\u00e8re dont elles transforment Neuroplan\u00e8te 2025\" \/>\n<meta name=\"robots\" content=\"index, follow, max-snippet:-1, max-image-preview:large, max-video-preview:-1\" \/>\n<link rel=\"canonical\" href=\"https:\/\/montecarloliving.com\/fr\/evenements\/neuroplanete-2025-19701\/\" \/>\n<meta property=\"og:locale\" content=\"fr_FR\" \/>\n<meta property=\"og:title\" content=\"Neuroplan\u00e8te 2025\" \/>\n<meta property=\"og:description\" content=\"Cette ann\u00e9e encore, Nice accueille Neuroplan\u00e8te, un \u00e9v\u00e9nement incontournable d\u00e9di\u00e9 aux avanc\u00e9es des neurosciences et \u00e0 la mani\u00e8re dont elles transforment Neuroplan\u00e8te 2025\" \/>\n<meta property=\"og:url\" content=\"https:\/\/montecarloliving.com\/fr\/evenements\/neuroplanete-2025-19701\/\" \/>\n<meta property=\"og:site_name\" content=\"Montecarlo Living\" \/>\n<meta property=\"article:publisher\" content=\"https:\/\/www.facebook.com\/montecarlolivingcom\/\" \/>\n<meta property=\"article:published_time\" content=\"2025-03-05T10:43:16+00:00\" \/>\n<meta property=\"article:modified_time\" content=\"2025-03-05T10:46:21+00:00\" \/>\n<meta property=\"og:image\" content=\"https:\/\/montecarloliving.com\/wp-content\/uploads\/2025\/03\/47-public-neuroplanete-2023-nice-c-arie-botbol-1580-65e1bdf8babf2462936674-650x400.jpg\" \/>\n\t<meta property=\"og:image:width\" content=\"650\" \/>\n\t<meta property=\"og:image:height\" content=\"400\" \/>\n\t<meta property=\"og:image:type\" content=\"image\/jpeg\" \/>\n<meta name=\"author\" content=\"Redazione\" \/>\n<meta name=\"twitter:card\" content=\"summary_large_image\" \/>\n<meta name=\"twitter:creator\" content=\"@MonteCarloLivi\" \/>\n<meta name=\"twitter:site\" content=\"@MonteCarloLivi\" \/>\n<meta name=\"twitter:label1\" content=\"\u00c9crit par\" \/>\n\t<meta name=\"twitter:data1\" content=\"Redazione\" \/>\n\t<meta name=\"twitter:label2\" content=\"Dur\u00e9e de lecture estim\u00e9e\" \/>\n\t<meta name=\"twitter:data2\" content=\"2 minutes\" \/>\n<script type=\"application\/ld+json\" class=\"yoast-schema-graph\">{\"@context\":\"https:\\\/\\\/schema.org\",\"@graph\":[{\"@type\":\"Article\",\"@id\":\"https:\\\/\\\/montecarloliving.com\\\/fr\\\/evenements\\\/neuroplanete-2025-19701\\\/#article\",\"isPartOf\":{\"@id\":\"https:\\\/\\\/montecarloliving.com\\\/fr\\\/evenements\\\/neuroplanete-2025-19701\\\/\"},\"author\":{\"name\":\"Redazione\",\"@id\":\"https:\\\/\\\/montecarloliving.com\\\/fr\\\/#\\\/schema\\\/person\\\/7e5945d4560862b7f2d2c6831bda2819\"},\"headline\":\"Neuroplan\u00e8te 2025\",\"datePublished\":\"2025-03-05T10:43:16+00:00\",\"dateModified\":\"2025-03-05T10:46:21+00:00\",\"mainEntityOfPage\":{\"@id\":\"https:\\\/\\\/montecarloliving.com\\\/fr\\\/evenements\\\/neuroplanete-2025-19701\\\/\"},\"wordCount\":283,\"image\":{\"@id\":\"https:\\\/\\\/montecarloliving.com\\\/fr\\\/evenements\\\/neuroplanete-2025-19701\\\/#primaryimage\"},\"thumbnailUrl\":\"https:\\\/\\\/montecarloliving.com\\\/wp-content\\\/uploads\\\/2025\\\/03\\\/47-public-neuroplanete-2023-nice-c-arie-botbol-1580-65e1bdf8babf2462936674-scaled.jpg\",\"articleSection\":[\"\u00c9v\u00e9nements\",\"Nice\"],\"inLanguage\":\"fr-FR\"},{\"@type\":\"WebPage\",\"@id\":\"https:\\\/\\\/montecarloliving.com\\\/fr\\\/evenements\\\/neuroplanete-2025-19701\\\/\",\"url\":\"https:\\\/\\\/montecarloliving.com\\\/fr\\\/evenements\\\/neuroplanete-2025-19701\\\/\",\"name\":\"Neuroplan\u00e8te 2025\",\"isPartOf\":{\"@id\":\"https:\\\/\\\/montecarloliving.com\\\/fr\\\/#website\"},\"primaryImageOfPage\":{\"@id\":\"https:\\\/\\\/montecarloliving.com\\\/fr\\\/evenements\\\/neuroplanete-2025-19701\\\/#primaryimage\"},\"image\":{\"@id\":\"https:\\\/\\\/montecarloliving.com\\\/fr\\\/evenements\\\/neuroplanete-2025-19701\\\/#primaryimage\"},\"thumbnailUrl\":\"https:\\\/\\\/montecarloliving.com\\\/wp-content\\\/uploads\\\/2025\\\/03\\\/47-public-neuroplanete-2023-nice-c-arie-botbol-1580-65e1bdf8babf2462936674-scaled.jpg\",\"datePublished\":\"2025-03-05T10:43:16+00:00\",\"dateModified\":\"2025-03-05T10:46:21+00:00\",\"author\":{\"@id\":\"https:\\\/\\\/montecarloliving.com\\\/fr\\\/#\\\/schema\\\/person\\\/7e5945d4560862b7f2d2c6831bda2819\"},\"description\":\"Cette ann\u00e9e encore, Nice accueille Neuroplan\u00e8te, un \u00e9v\u00e9nement incontournable d\u00e9di\u00e9 aux avanc\u00e9es des neurosciences et \u00e0 la mani\u00e8re dont elles transforment Neuroplan\u00e8te 2025\",\"breadcrumb\":{\"@id\":\"https:\\\/\\\/montecarloliving.com\\\/fr\\\/evenements\\\/neuroplanete-2025-19701\\\/#breadcrumb\"},\"inLanguage\":\"fr-FR\",\"potentialAction\":[{\"@type\":\"ReadAction\",\"target\":[\"https:\\\/\\\/montecarloliving.com\\\/fr\\\/evenements\\\/neuroplanete-2025-19701\\\/\"]}]},{\"@type\":\"ImageObject\",\"inLanguage\":\"fr-FR\",\"@id\":\"https:\\\/\\\/montecarloliving.com\\\/fr\\\/evenements\\\/neuroplanete-2025-19701\\\/#primaryimage\",\"url\":\"https:\\\/\\\/montecarloliving.com\\\/wp-content\\\/uploads\\\/2025\\\/03\\\/47-public-neuroplanete-2023-nice-c-arie-botbol-1580-65e1bdf8babf2462936674-scaled.jpg\",\"contentUrl\":\"https:\\\/\\\/montecarloliving.com\\\/wp-content\\\/uploads\\\/2025\\\/03\\\/47-public-neuroplanete-2023-nice-c-arie-botbol-1580-65e1bdf8babf2462936674-scaled.jpg\",\"width\":2560,\"height\":1440},{\"@type\":\"BreadcrumbList\",\"@id\":\"https:\\\/\\\/montecarloliving.com\\\/fr\\\/evenements\\\/neuroplanete-2025-19701\\\/#breadcrumb\",\"itemListElement\":[{\"@type\":\"ListItem\",\"position\":1,\"name\":\"Home\",\"item\":\"https:\\\/\\\/montecarloliving.com\\\/fr\\\/\"},{\"@type\":\"ListItem\",\"position\":2,\"name\":\"Neuroplan\u00e8te 2025\"}]},{\"@type\":\"WebSite\",\"@id\":\"https:\\\/\\\/montecarloliving.com\\\/fr\\\/#website\",\"url\":\"https:\\\/\\\/montecarloliving.com\\\/fr\\\/\",\"name\":\"Montecarlo Living\",\"description\":\"News da Montecarlo - Principato di Monaco e Costa Azzurra\",\"potentialAction\":[{\"@type\":\"SearchAction\",\"target\":{\"@type\":\"EntryPoint\",\"urlTemplate\":\"https:\\\/\\\/montecarloliving.com\\\/fr\\\/?s={search_term_string}\"},\"query-input\":{\"@type\":\"PropertyValueSpecification\",\"valueRequired\":true,\"valueName\":\"search_term_string\"}}],\"inLanguage\":\"fr-FR\"},{\"@type\":\"Person\",\"@id\":\"https:\\\/\\\/montecarloliving.com\\\/fr\\\/#\\\/schema\\\/person\\\/7e5945d4560862b7f2d2c6831bda2819\",\"name\":\"Redazione\",\"image\":{\"@type\":\"ImageObject\",\"inLanguage\":\"fr-FR\",\"@id\":\"https:\\\/\\\/secure.gravatar.com\\\/avatar\\\/8b5f26557e18fe74ad8e8a57ebb2925d88af8a90cee489ff2beefb391bc9b9c7?s=96&d=mm&r=g\",\"url\":\"https:\\\/\\\/secure.gravatar.com\\\/avatar\\\/8b5f26557e18fe74ad8e8a57ebb2925d88af8a90cee489ff2beefb391bc9b9c7?s=96&d=mm&r=g\",\"contentUrl\":\"https:\\\/\\\/secure.gravatar.com\\\/avatar\\\/8b5f26557e18fe74ad8e8a57ebb2925d88af8a90cee489ff2beefb391bc9b9c7?s=96&d=mm&r=g\",\"caption\":\"Redazione\"}}]}<\/script>\n<!-- \/ Yoast SEO plugin. -->","yoast_head_json":{"title":"Neuroplan\u00e8te 2025","description":"Cette ann\u00e9e encore, Nice accueille Neuroplan\u00e8te, un \u00e9v\u00e9nement incontournable d\u00e9di\u00e9 aux avanc\u00e9es des neurosciences et \u00e0 la mani\u00e8re dont elles transforment Neuroplan\u00e8te 2025","robots":{"index":"index","follow":"follow","max-snippet":"max-snippet:-1","max-image-preview":"max-image-preview:large","max-video-preview":"max-video-preview:-1"},"canonical":"https:\/\/montecarloliving.com\/fr\/evenements\/neuroplanete-2025-19701\/","og_locale":"fr_FR","og_title":"Neuroplan\u00e8te 2025","og_description":"Cette ann\u00e9e encore, Nice accueille Neuroplan\u00e8te, un \u00e9v\u00e9nement incontournable d\u00e9di\u00e9 aux avanc\u00e9es des neurosciences et \u00e0 la mani\u00e8re dont elles transforment Neuroplan\u00e8te 2025","og_url":"https:\/\/montecarloliving.com\/fr\/evenements\/neuroplanete-2025-19701\/","og_site_name":"Montecarlo Living","article_publisher":"https:\/\/www.facebook.com\/montecarlolivingcom\/","article_published_time":"2025-03-05T10:43:16+00:00","article_modified_time":"2025-03-05T10:46:21+00:00","og_image":[{"width":650,"height":400,"url":"https:\/\/montecarloliving.com\/wp-content\/uploads\/2025\/03\/47-public-neuroplanete-2023-nice-c-arie-botbol-1580-65e1bdf8babf2462936674-650x400.jpg","type":"image\/jpeg"}],"author":"Redazione","twitter_card":"summary_large_image","twitter_creator":"@MonteCarloLivi","twitter_site":"@MonteCarloLivi","twitter_misc":{"\u00c9crit par":"Redazione","Dur\u00e9e de lecture estim\u00e9e":"2 minutes"},"schema":{"@context":"https:\/\/schema.org","@graph":[{"@type":"Article","@id":"https:\/\/montecarloliving.com\/fr\/evenements\/neuroplanete-2025-19701\/#article","isPartOf":{"@id":"https:\/\/montecarloliving.com\/fr\/evenements\/neuroplanete-2025-19701\/"},"author":{"name":"Redazione","@id":"https:\/\/montecarloliving.com\/fr\/#\/schema\/person\/7e5945d4560862b7f2d2c6831bda2819"},"headline":"Neuroplan\u00e8te 2025","datePublished":"2025-03-05T10:43:16+00:00","dateModified":"2025-03-05T10:46:21+00:00","mainEntityOfPage":{"@id":"https:\/\/montecarloliving.com\/fr\/evenements\/neuroplanete-2025-19701\/"},"wordCount":283,"image":{"@id":"https:\/\/montecarloliving.com\/fr\/evenements\/neuroplanete-2025-19701\/#primaryimage"},"thumbnailUrl":"https:\/\/montecarloliving.com\/wp-content\/uploads\/2025\/03\/47-public-neuroplanete-2023-nice-c-arie-botbol-1580-65e1bdf8babf2462936674-scaled.jpg","articleSection":["\u00c9v\u00e9nements","Nice"],"inLanguage":"fr-FR"},{"@type":"WebPage","@id":"https:\/\/montecarloliving.com\/fr\/evenements\/neuroplanete-2025-19701\/","url":"https:\/\/montecarloliving.com\/fr\/evenements\/neuroplanete-2025-19701\/","name":"Neuroplan\u00e8te 2025","isPartOf":{"@id":"https:\/\/montecarloliving.com\/fr\/#website"},"primaryImageOfPage":{"@id":"https:\/\/montecarloliving.com\/fr\/evenements\/neuroplanete-2025-19701\/#primaryimage"},"image":{"@id":"https:\/\/montecarloliving.com\/fr\/evenements\/neuroplanete-2025-19701\/#primaryimage"},"thumbnailUrl":"https:\/\/montecarloliving.com\/wp-content\/uploads\/2025\/03\/47-public-neuroplanete-2023-nice-c-arie-botbol-1580-65e1bdf8babf2462936674-scaled.jpg","datePublished":"2025-03-05T10:43:16+00:00","dateModified":"2025-03-05T10:46:21+00:00","author":{"@id":"https:\/\/montecarloliving.com\/fr\/#\/schema\/person\/7e5945d4560862b7f2d2c6831bda2819"},"description":"Cette ann\u00e9e encore, Nice accueille Neuroplan\u00e8te, un \u00e9v\u00e9nement incontournable d\u00e9di\u00e9 aux avanc\u00e9es des neurosciences et \u00e0 la mani\u00e8re dont elles transforment Neuroplan\u00e8te 2025","breadcrumb":{"@id":"https:\/\/montecarloliving.com\/fr\/evenements\/neuroplanete-2025-19701\/#breadcrumb"},"inLanguage":"fr-FR","potentialAction":[{"@type":"ReadAction","target":["https:\/\/montecarloliving.com\/fr\/evenements\/neuroplanete-2025-19701\/"]}]},{"@type":"ImageObject","inLanguage":"fr-FR","@id":"https:\/\/montecarloliving.com\/fr\/evenements\/neuroplanete-2025-19701\/#primaryimage","url":"https:\/\/montecarloliving.com\/wp-content\/uploads\/2025\/03\/47-public-neuroplanete-2023-nice-c-arie-botbol-1580-65e1bdf8babf2462936674-scaled.jpg","contentUrl":"https:\/\/montecarloliving.com\/wp-content\/uploads\/2025\/03\/47-public-neuroplanete-2023-nice-c-arie-botbol-1580-65e1bdf8babf2462936674-scaled.jpg","width":2560,"height":1440},{"@type":"BreadcrumbList","@id":"https:\/\/montecarloliving.com\/fr\/evenements\/neuroplanete-2025-19701\/#breadcrumb","itemListElement":[{"@type":"ListItem","position":1,"name":"Home","item":"https:\/\/montecarloliving.com\/fr\/"},{"@type":"ListItem","position":2,"name":"Neuroplan\u00e8te 2025"}]},{"@type":"WebSite","@id":"https:\/\/montecarloliving.com\/fr\/#website","url":"https:\/\/montecarloliving.com\/fr\/","name":"Montecarlo Living","description":"News da Montecarlo - Principato di Monaco e Costa Azzurra","potentialAction":[{"@type":"SearchAction","target":{"@type":"EntryPoint","urlTemplate":"https:\/\/montecarloliving.com\/fr\/?s={search_term_string}"},"query-input":{"@type":"PropertyValueSpecification","valueRequired":true,"valueName":"search_term_string"}}],"inLanguage":"fr-FR"},{"@type":"Person","@id":"https:\/\/montecarloliving.com\/fr\/#\/schema\/person\/7e5945d4560862b7f2d2c6831bda2819","name":"Redazione","image":{"@type":"ImageObject","inLanguage":"fr-FR","@id":"https:\/\/secure.gravatar.com\/avatar\/8b5f26557e18fe74ad8e8a57ebb2925d88af8a90cee489ff2beefb391bc9b9c7?s=96&d=mm&r=g","url":"https:\/\/secure.gravatar.com\/avatar\/8b5f26557e18fe74ad8e8a57ebb2925d88af8a90cee489ff2beefb391bc9b9c7?s=96&d=mm&r=g","contentUrl":"https:\/\/secure.gravatar.com\/avatar\/8b5f26557e18fe74ad8e8a57ebb2925d88af8a90cee489ff2beefb391bc9b9c7?s=96&d=mm&r=g","caption":"Redazione"}}]}},"_links":{"self":[{"href":"https:\/\/montecarloliving.com\/fr\/wp-json\/wp\/v2\/posts\/19701","targetHints":{"allow":["GET"]}}],"collection":[{"href":"https:\/\/montecarloliving.com\/fr\/wp-json\/wp\/v2\/posts"}],"about":[{"href":"https:\/\/montecarloliving.com\/fr\/wp-json\/wp\/v2\/types\/post"}],"author":[{"embeddable":true,"href":"https:\/\/montecarloliving.com\/fr\/wp-json\/wp\/v2\/users\/1"}],"replies":[{"embeddable":true,"href":"https:\/\/montecarloliving.com\/fr\/wp-json\/wp\/v2\/comments?post=19701"}],"version-history":[{"count":1,"href":"https:\/\/montecarloliving.com\/fr\/wp-json\/wp\/v2\/posts\/19701\/revisions"}],"predecessor-version":[{"id":19702,"href":"https:\/\/montecarloliving.com\/fr\/wp-json\/wp\/v2\/posts\/19701\/revisions\/19702"}],"wp:featuredmedia":[{"embeddable":true,"href":"https:\/\/montecarloliving.com\/fr\/wp-json\/wp\/v2\/media\/19697"}],"wp:attachment":[{"href":"https:\/\/montecarloliving.com\/fr\/wp-json\/wp\/v2\/media?parent=19701"}],"wp:term":[{"taxonomy":"category","embeddable":true,"href":"https:\/\/montecarloliving.com\/fr\/wp-json\/wp\/v2\/categories?post=19701"},{"taxonomy":"post_tag","embeddable":true,"href":"https:\/\/montecarloliving.com\/fr\/wp-json\/wp\/v2\/tags?post=19701"}],"curies":[{"name":"wp","href":"https:\/\/api.w.org\/{rel}","templated":true}]}}