{"id":19568,"date":"2025-03-03T09:46:27","date_gmt":"2025-03-03T08:46:27","guid":{"rendered":"https:\/\/montecarloliving.com\/?p=19568"},"modified":"2025-03-03T09:46:27","modified_gmt":"2025-03-03T08:46:27","slug":"mme-isabelle-berro-amadei-intervient-loccasion-du-segment-de-haut-niveau-de-58eme-session-du-conseil-des-droits-de-lhomme-de-lonu","status":"publish","type":"post","link":"https:\/\/montecarloliving.com\/fr\/actualite\/mme-isabelle-berro-amadei-intervient-loccasion-du-segment-de-haut-niveau-de-58eme-session-du-conseil-des-droits-de-lhomme-de-lonu-19568\/","title":{"rendered":"Mme Isabelle BERRO-AMADE\u00cf intervient \u00e0 l\u2019occasion du Segment de haut niveau de la 58\u00e8me session du Conseil des droits de l\u2019Homme de l\u2019ONU"},"content":{"rendered":"<p>Mme Isabelle BERRO-AMADE\u00cf, Conseiller de Gouvernement-Ministre des Relations Ext\u00e9rieures et de la Coop\u00e9ration, est intervenue dans le cadre du Segment de haut niveau de la 58\u00e8me session du Conseil des droits de l\u2019Homme de l\u2019ONU, par le biais d\u2019une allocution pr\u00e9 enregistr\u00e9e diffus\u00e9e le 25 f\u00e9vrier 2025.<\/p>\n<p>\u00c0 cette occasion, Mme BERRO-AMADE\u00cf a tout d\u2019abord tenu \u00e0 r\u00e9affirmer l\u2019importance qu\u2019attache la Principaut\u00e9 au respect des droits de l\u2019Homme et du droit international, ainsi que son engagement en faveur des buts et principes des Nations Unies.<\/p>\n<p>Au cours de son intervention, le Conseiller-Ministre a salu\u00e9 le travail inestimable des m\u00e9canismes d\u2019enqu\u00eate cr\u00e9\u00e9s par le Conseil des droits de l\u2019Homme ou dans de nombreux pays et a rappel\u00e9 que leurs efforts de documentation des violations des droits de l\u2019Homme serviront, \u00e0 terme, \u00e0 \u00e9tablir les responsabilit\u00e9s et lutter contre l\u2019impunit\u00e9.<\/p>\n<p>Mme BERRO-AMADE\u00cf a \u00e9galement mis en exergue les grands d\u00e9fis internationaux n\u00e9cessitant une action coordonn\u00e9e au niveau mondial, notamment le changement climatique, la d\u00e9gradation de l\u2019environnement ou le d\u00e9veloppement rapide de l\u2019intelligence artificielle. Dans ce contexte, elle a assur\u00e9 que la Principaut\u00e9 maintiendra son soutien politique et financier au travail du Haut Commissariat aux droits de l\u2019Homme afin de l\u2019aider \u00e0 faire face \u00e0 ces crises et d\u00e9fis.<\/p>\n<p>Le Conseil des droits de l\u2019Homme, organe subsidiaire de l\u2019Assembl\u00e9e g\u00e9n\u00e9rale des Nations Unies, est la principale enceinte onusienne<br \/>\ncomp\u00e9tente en mati\u00e8re de promotion et de protection des droits de l\u2019Homme. Sa 58\u00e8me session se tient \u00e0 Gen\u00e8ve du 24 f\u00e9vrier au 4 avril 2025.<\/p>\n","protected":false},"excerpt":{"rendered":"<p>Mme Isabelle BERRO-AMADE\u00cf, Conseiller de Gouvernement-Ministre des Relations Ext\u00e9rieures et de la Coop\u00e9ration, est intervenue dans le cadre du Segment de haut niveau de la 58\u00e8me session du Conseil des droits de l\u2019Homme de l\u2019ONU, par le biais d\u2019une allocution pr\u00e9 enregistr\u00e9e diffus\u00e9e le [&hellip;]<\/p>\n","protected":false},"author":1,"featured_media":19569,"comment_status":"closed","ping_status":"closed","sticky":false,"template":"","format":"standard","meta":{"footnotes":""},"categories":[827,875,867],"tags":[],"class_list":["post-19568","post","type-post","status-publish","format-standard","has-post-thumbnail","hentry","category-actualite","category-actualite-monaco","category-monaco-fr"],"yoast_head":"<!-- This site is optimized with the Yoast SEO plugin v27.4 - https:\/\/yoast.com\/product\/yoast-seo-wordpress\/ -->\n<title>Mme Isabelle BERRO-AMADE\u00cf intervient \u00e0 l\u2019occasion du Segment de haut niveau de la 58\u00e8me session du Conseil des droits de l\u2019Homme de l\u2019ONU<\/title>\n<meta name=\"description\" content=\"Mme Isabelle BERRO-AMADE\u00cf, Conseiller de Gouvernement-Ministre des Relations Ext\u00e9rieures et de la Coop\u00e9ration, est intervenue dans le cadre du Segment de Mme Isabelle BERRO-AMADE\u00cf intervient \u00e0 l\u2019occasion du Segment de haut niveau de la 58\u00e8me session du Conseil des droits de l\u2019Homme de l\u2019ONU\" \/>\n<meta name=\"robots\" content=\"index, follow, max-snippet:-1, max-image-preview:large, max-video-preview:-1\" \/>\n<link rel=\"canonical\" href=\"https:\/\/montecarloliving.com\/fr\/actualite\/mme-isabelle-berro-amadei-intervient-loccasion-du-segment-de-haut-niveau-de-58eme-session-du-conseil-des-droits-de-lhomme-de-lonu-19568\/\" \/>\n<meta property=\"og:locale\" content=\"fr_FR\" \/>\n<meta property=\"og:title\" content=\"Mme Isabelle BERRO-AMADE\u00cf intervient \u00e0 l\u2019occasion du Segment de haut niveau de la 58\u00e8me session du Conseil des droits de l\u2019Homme de l\u2019ONU\" \/>\n<meta property=\"og:description\" content=\"Mme Isabelle BERRO-AMADE\u00cf, Conseiller de Gouvernement-Ministre des Relations Ext\u00e9rieures et de la Coop\u00e9ration, est intervenue dans le cadre du Segment de Mme Isabelle BERRO-AMADE\u00cf intervient \u00e0 l\u2019occasion du Segment de haut niveau de la 58\u00e8me session du Conseil des droits de l\u2019Homme de l\u2019ONU\" \/>\n<meta property=\"og:url\" content=\"https:\/\/montecarloliving.com\/fr\/actualite\/mme-isabelle-berro-amadei-intervient-loccasion-du-segment-de-haut-niveau-de-58eme-session-du-conseil-des-droits-de-lhomme-de-lonu-19568\/\" \/>\n<meta property=\"og:site_name\" content=\"Montecarlo Living\" \/>\n<meta property=\"article:publisher\" content=\"https:\/\/www.facebook.com\/montecarlolivingcom\/\" \/>\n<meta property=\"article:published_time\" content=\"2025-03-03T08:46:27+00:00\" \/>\n<meta property=\"og:image\" content=\"https:\/\/montecarloliving.com\/wp-content\/uploads\/2025\/03\/58eme-session-du-Conseil-des-droits-de-lHomme-de-lONU-\u00a9DR-650x400.jpg\" \/>\n\t<meta property=\"og:image:width\" content=\"650\" \/>\n\t<meta property=\"og:image:height\" content=\"400\" \/>\n\t<meta property=\"og:image:type\" content=\"image\/jpeg\" \/>\n<meta name=\"author\" content=\"Redazione\" \/>\n<meta name=\"twitter:card\" content=\"summary_large_image\" \/>\n<meta name=\"twitter:creator\" content=\"@MonteCarloLivi\" \/>\n<meta name=\"twitter:site\" content=\"@MonteCarloLivi\" \/>\n<meta name=\"twitter:label1\" content=\"\u00c9crit par\" \/>\n\t<meta name=\"twitter:data1\" content=\"Redazione\" \/>\n\t<meta name=\"twitter:label2\" content=\"Dur\u00e9e de lecture estim\u00e9e\" \/>\n\t<meta name=\"twitter:data2\" content=\"2 minutes\" \/>\n<script type=\"application\/ld+json\" class=\"yoast-schema-graph\">{\"@context\":\"https:\\\/\\\/schema.org\",\"@graph\":[{\"@type\":\"Article\",\"@id\":\"https:\\\/\\\/montecarloliving.com\\\/fr\\\/actualite\\\/mme-isabelle-berro-amadei-intervient-loccasion-du-segment-de-haut-niveau-de-58eme-session-du-conseil-des-droits-de-lhomme-de-lonu-19568\\\/#article\",\"isPartOf\":{\"@id\":\"https:\\\/\\\/montecarloliving.com\\\/fr\\\/actualite\\\/mme-isabelle-berro-amadei-intervient-loccasion-du-segment-de-haut-niveau-de-58eme-session-du-conseil-des-droits-de-lhomme-de-lonu-19568\\\/\"},\"author\":{\"name\":\"Redazione\",\"@id\":\"https:\\\/\\\/montecarloliving.com\\\/fr\\\/#\\\/schema\\\/person\\\/7e5945d4560862b7f2d2c6831bda2819\"},\"headline\":\"Mme Isabelle BERRO-AMADE\u00cf intervient \u00e0 l\u2019occasion du Segment de haut niveau de la 58\u00e8me session du Conseil des droits de l\u2019Homme de l\u2019ONU\",\"datePublished\":\"2025-03-03T08:46:27+00:00\",\"mainEntityOfPage\":{\"@id\":\"https:\\\/\\\/montecarloliving.com\\\/fr\\\/actualite\\\/mme-isabelle-berro-amadei-intervient-loccasion-du-segment-de-haut-niveau-de-58eme-session-du-conseil-des-droits-de-lhomme-de-lonu-19568\\\/\"},\"wordCount\":305,\"image\":{\"@id\":\"https:\\\/\\\/montecarloliving.com\\\/fr\\\/actualite\\\/mme-isabelle-berro-amadei-intervient-loccasion-du-segment-de-haut-niveau-de-58eme-session-du-conseil-des-droits-de-lhomme-de-lonu-19568\\\/#primaryimage\"},\"thumbnailUrl\":\"https:\\\/\\\/montecarloliving.com\\\/wp-content\\\/uploads\\\/2025\\\/03\\\/58eme-session-du-Conseil-des-droits-de-lHomme-de-lONU-\u00a9DR.jpg\",\"articleSection\":[\"Actualit\u00e9\",\"Actualit\u00e9 \u00e0 Monaco\",\"Monaco\"],\"inLanguage\":\"fr-FR\"},{\"@type\":\"WebPage\",\"@id\":\"https:\\\/\\\/montecarloliving.com\\\/fr\\\/actualite\\\/mme-isabelle-berro-amadei-intervient-loccasion-du-segment-de-haut-niveau-de-58eme-session-du-conseil-des-droits-de-lhomme-de-lonu-19568\\\/\",\"url\":\"https:\\\/\\\/montecarloliving.com\\\/fr\\\/actualite\\\/mme-isabelle-berro-amadei-intervient-loccasion-du-segment-de-haut-niveau-de-58eme-session-du-conseil-des-droits-de-lhomme-de-lonu-19568\\\/\",\"name\":\"Mme Isabelle BERRO-AMADE\u00cf intervient \u00e0 l\u2019occasion du Segment de haut niveau de la 58\u00e8me session du Conseil des droits de l\u2019Homme de l\u2019ONU\",\"isPartOf\":{\"@id\":\"https:\\\/\\\/montecarloliving.com\\\/fr\\\/#website\"},\"primaryImageOfPage\":{\"@id\":\"https:\\\/\\\/montecarloliving.com\\\/fr\\\/actualite\\\/mme-isabelle-berro-amadei-intervient-loccasion-du-segment-de-haut-niveau-de-58eme-session-du-conseil-des-droits-de-lhomme-de-lonu-19568\\\/#primaryimage\"},\"image\":{\"@id\":\"https:\\\/\\\/montecarloliving.com\\\/fr\\\/actualite\\\/mme-isabelle-berro-amadei-intervient-loccasion-du-segment-de-haut-niveau-de-58eme-session-du-conseil-des-droits-de-lhomme-de-lonu-19568\\\/#primaryimage\"},\"thumbnailUrl\":\"https:\\\/\\\/montecarloliving.com\\\/wp-content\\\/uploads\\\/2025\\\/03\\\/58eme-session-du-Conseil-des-droits-de-lHomme-de-lONU-\u00a9DR.jpg\",\"datePublished\":\"2025-03-03T08:46:27+00:00\",\"author\":{\"@id\":\"https:\\\/\\\/montecarloliving.com\\\/fr\\\/#\\\/schema\\\/person\\\/7e5945d4560862b7f2d2c6831bda2819\"},\"description\":\"Mme Isabelle BERRO-AMADE\u00cf, Conseiller de Gouvernement-Ministre des Relations Ext\u00e9rieures et de la Coop\u00e9ration, est intervenue dans le cadre du Segment de Mme Isabelle BERRO-AMADE\u00cf intervient \u00e0 l\u2019occasion du Segment de haut niveau de la 58\u00e8me session du Conseil des droits de l\u2019Homme de l\u2019ONU\",\"breadcrumb\":{\"@id\":\"https:\\\/\\\/montecarloliving.com\\\/fr\\\/actualite\\\/mme-isabelle-berro-amadei-intervient-loccasion-du-segment-de-haut-niveau-de-58eme-session-du-conseil-des-droits-de-lhomme-de-lonu-19568\\\/#breadcrumb\"},\"inLanguage\":\"fr-FR\",\"potentialAction\":[{\"@type\":\"ReadAction\",\"target\":[\"https:\\\/\\\/montecarloliving.com\\\/fr\\\/actualite\\\/mme-isabelle-berro-amadei-intervient-loccasion-du-segment-de-haut-niveau-de-58eme-session-du-conseil-des-droits-de-lhomme-de-lonu-19568\\\/\"]}]},{\"@type\":\"ImageObject\",\"inLanguage\":\"fr-FR\",\"@id\":\"https:\\\/\\\/montecarloliving.com\\\/fr\\\/actualite\\\/mme-isabelle-berro-amadei-intervient-loccasion-du-segment-de-haut-niveau-de-58eme-session-du-conseil-des-droits-de-lhomme-de-lonu-19568\\\/#primaryimage\",\"url\":\"https:\\\/\\\/montecarloliving.com\\\/wp-content\\\/uploads\\\/2025\\\/03\\\/58eme-session-du-Conseil-des-droits-de-lHomme-de-lONU-\u00a9DR.jpg\",\"contentUrl\":\"https:\\\/\\\/montecarloliving.com\\\/wp-content\\\/uploads\\\/2025\\\/03\\\/58eme-session-du-Conseil-des-droits-de-lHomme-de-lONU-\u00a9DR.jpg\",\"width\":1512,\"height\":1529},{\"@type\":\"BreadcrumbList\",\"@id\":\"https:\\\/\\\/montecarloliving.com\\\/fr\\\/actualite\\\/mme-isabelle-berro-amadei-intervient-loccasion-du-segment-de-haut-niveau-de-58eme-session-du-conseil-des-droits-de-lhomme-de-lonu-19568\\\/#breadcrumb\",\"itemListElement\":[{\"@type\":\"ListItem\",\"position\":1,\"name\":\"Home\",\"item\":\"https:\\\/\\\/montecarloliving.com\\\/fr\\\/\"},{\"@type\":\"ListItem\",\"position\":2,\"name\":\"Mme Isabelle BERRO-AMADE\u00cf intervient \u00e0 l\u2019occasion du Segment de haut niveau de la 58\u00e8me session du Conseil des droits de l\u2019Homme de l\u2019ONU\"}]},{\"@type\":\"WebSite\",\"@id\":\"https:\\\/\\\/montecarloliving.com\\\/fr\\\/#website\",\"url\":\"https:\\\/\\\/montecarloliving.com\\\/fr\\\/\",\"name\":\"Montecarlo Living\",\"description\":\"News da Montecarlo - Principato di Monaco e Costa Azzurra\",\"potentialAction\":[{\"@type\":\"SearchAction\",\"target\":{\"@type\":\"EntryPoint\",\"urlTemplate\":\"https:\\\/\\\/montecarloliving.com\\\/fr\\\/?s={search_term_string}\"},\"query-input\":{\"@type\":\"PropertyValueSpecification\",\"valueRequired\":true,\"valueName\":\"search_term_string\"}}],\"inLanguage\":\"fr-FR\"},{\"@type\":\"Person\",\"@id\":\"https:\\\/\\\/montecarloliving.com\\\/fr\\\/#\\\/schema\\\/person\\\/7e5945d4560862b7f2d2c6831bda2819\",\"name\":\"Redazione\",\"image\":{\"@type\":\"ImageObject\",\"inLanguage\":\"fr-FR\",\"@id\":\"https:\\\/\\\/secure.gravatar.com\\\/avatar\\\/8b5f26557e18fe74ad8e8a57ebb2925d88af8a90cee489ff2beefb391bc9b9c7?s=96&d=mm&r=g\",\"url\":\"https:\\\/\\\/secure.gravatar.com\\\/avatar\\\/8b5f26557e18fe74ad8e8a57ebb2925d88af8a90cee489ff2beefb391bc9b9c7?s=96&d=mm&r=g\",\"contentUrl\":\"https:\\\/\\\/secure.gravatar.com\\\/avatar\\\/8b5f26557e18fe74ad8e8a57ebb2925d88af8a90cee489ff2beefb391bc9b9c7?s=96&d=mm&r=g\",\"caption\":\"Redazione\"}}]}<\/script>\n<!-- \/ Yoast SEO plugin. -->","yoast_head_json":{"title":"Mme Isabelle BERRO-AMADE\u00cf intervient \u00e0 l\u2019occasion du Segment de haut niveau de la 58\u00e8me session du Conseil des droits de l\u2019Homme de l\u2019ONU","description":"Mme Isabelle BERRO-AMADE\u00cf, Conseiller de Gouvernement-Ministre des Relations Ext\u00e9rieures et de la Coop\u00e9ration, est intervenue dans le cadre du Segment de Mme Isabelle BERRO-AMADE\u00cf intervient \u00e0 l\u2019occasion du Segment de haut niveau de la 58\u00e8me session du Conseil des droits de l\u2019Homme de l\u2019ONU","robots":{"index":"index","follow":"follow","max-snippet":"max-snippet:-1","max-image-preview":"max-image-preview:large","max-video-preview":"max-video-preview:-1"},"canonical":"https:\/\/montecarloliving.com\/fr\/actualite\/mme-isabelle-berro-amadei-intervient-loccasion-du-segment-de-haut-niveau-de-58eme-session-du-conseil-des-droits-de-lhomme-de-lonu-19568\/","og_locale":"fr_FR","og_title":"Mme Isabelle BERRO-AMADE\u00cf intervient \u00e0 l\u2019occasion du Segment de haut niveau de la 58\u00e8me session du Conseil des droits de l\u2019Homme de l\u2019ONU","og_description":"Mme Isabelle BERRO-AMADE\u00cf, Conseiller de Gouvernement-Ministre des Relations Ext\u00e9rieures et de la Coop\u00e9ration, est intervenue dans le cadre du Segment de Mme Isabelle BERRO-AMADE\u00cf intervient \u00e0 l\u2019occasion du Segment de haut niveau de la 58\u00e8me session du Conseil des droits de l\u2019Homme de l\u2019ONU","og_url":"https:\/\/montecarloliving.com\/fr\/actualite\/mme-isabelle-berro-amadei-intervient-loccasion-du-segment-de-haut-niveau-de-58eme-session-du-conseil-des-droits-de-lhomme-de-lonu-19568\/","og_site_name":"Montecarlo Living","article_publisher":"https:\/\/www.facebook.com\/montecarlolivingcom\/","article_published_time":"2025-03-03T08:46:27+00:00","og_image":[{"width":650,"height":400,"url":"https:\/\/montecarloliving.com\/wp-content\/uploads\/2025\/03\/58eme-session-du-Conseil-des-droits-de-lHomme-de-lONU-\u00a9DR-650x400.jpg","type":"image\/jpeg"}],"author":"Redazione","twitter_card":"summary_large_image","twitter_creator":"@MonteCarloLivi","twitter_site":"@MonteCarloLivi","twitter_misc":{"\u00c9crit par":"Redazione","Dur\u00e9e de lecture estim\u00e9e":"2 minutes"},"schema":{"@context":"https:\/\/schema.org","@graph":[{"@type":"Article","@id":"https:\/\/montecarloliving.com\/fr\/actualite\/mme-isabelle-berro-amadei-intervient-loccasion-du-segment-de-haut-niveau-de-58eme-session-du-conseil-des-droits-de-lhomme-de-lonu-19568\/#article","isPartOf":{"@id":"https:\/\/montecarloliving.com\/fr\/actualite\/mme-isabelle-berro-amadei-intervient-loccasion-du-segment-de-haut-niveau-de-58eme-session-du-conseil-des-droits-de-lhomme-de-lonu-19568\/"},"author":{"name":"Redazione","@id":"https:\/\/montecarloliving.com\/fr\/#\/schema\/person\/7e5945d4560862b7f2d2c6831bda2819"},"headline":"Mme Isabelle BERRO-AMADE\u00cf intervient \u00e0 l\u2019occasion du Segment de haut niveau de la 58\u00e8me session du Conseil des droits de l\u2019Homme de l\u2019ONU","datePublished":"2025-03-03T08:46:27+00:00","mainEntityOfPage":{"@id":"https:\/\/montecarloliving.com\/fr\/actualite\/mme-isabelle-berro-amadei-intervient-loccasion-du-segment-de-haut-niveau-de-58eme-session-du-conseil-des-droits-de-lhomme-de-lonu-19568\/"},"wordCount":305,"image":{"@id":"https:\/\/montecarloliving.com\/fr\/actualite\/mme-isabelle-berro-amadei-intervient-loccasion-du-segment-de-haut-niveau-de-58eme-session-du-conseil-des-droits-de-lhomme-de-lonu-19568\/#primaryimage"},"thumbnailUrl":"https:\/\/montecarloliving.com\/wp-content\/uploads\/2025\/03\/58eme-session-du-Conseil-des-droits-de-lHomme-de-lONU-\u00a9DR.jpg","articleSection":["Actualit\u00e9","Actualit\u00e9 \u00e0 Monaco","Monaco"],"inLanguage":"fr-FR"},{"@type":"WebPage","@id":"https:\/\/montecarloliving.com\/fr\/actualite\/mme-isabelle-berro-amadei-intervient-loccasion-du-segment-de-haut-niveau-de-58eme-session-du-conseil-des-droits-de-lhomme-de-lonu-19568\/","url":"https:\/\/montecarloliving.com\/fr\/actualite\/mme-isabelle-berro-amadei-intervient-loccasion-du-segment-de-haut-niveau-de-58eme-session-du-conseil-des-droits-de-lhomme-de-lonu-19568\/","name":"Mme Isabelle BERRO-AMADE\u00cf intervient \u00e0 l\u2019occasion du Segment de haut niveau de la 58\u00e8me session du Conseil des droits de l\u2019Homme de l\u2019ONU","isPartOf":{"@id":"https:\/\/montecarloliving.com\/fr\/#website"},"primaryImageOfPage":{"@id":"https:\/\/montecarloliving.com\/fr\/actualite\/mme-isabelle-berro-amadei-intervient-loccasion-du-segment-de-haut-niveau-de-58eme-session-du-conseil-des-droits-de-lhomme-de-lonu-19568\/#primaryimage"},"image":{"@id":"https:\/\/montecarloliving.com\/fr\/actualite\/mme-isabelle-berro-amadei-intervient-loccasion-du-segment-de-haut-niveau-de-58eme-session-du-conseil-des-droits-de-lhomme-de-lonu-19568\/#primaryimage"},"thumbnailUrl":"https:\/\/montecarloliving.com\/wp-content\/uploads\/2025\/03\/58eme-session-du-Conseil-des-droits-de-lHomme-de-lONU-\u00a9DR.jpg","datePublished":"2025-03-03T08:46:27+00:00","author":{"@id":"https:\/\/montecarloliving.com\/fr\/#\/schema\/person\/7e5945d4560862b7f2d2c6831bda2819"},"description":"Mme Isabelle BERRO-AMADE\u00cf, Conseiller de Gouvernement-Ministre des Relations Ext\u00e9rieures et de la Coop\u00e9ration, est intervenue dans le cadre du Segment de Mme Isabelle BERRO-AMADE\u00cf intervient \u00e0 l\u2019occasion du Segment de haut niveau de la 58\u00e8me session du Conseil des droits de l\u2019Homme de l\u2019ONU","breadcrumb":{"@id":"https:\/\/montecarloliving.com\/fr\/actualite\/mme-isabelle-berro-amadei-intervient-loccasion-du-segment-de-haut-niveau-de-58eme-session-du-conseil-des-droits-de-lhomme-de-lonu-19568\/#breadcrumb"},"inLanguage":"fr-FR","potentialAction":[{"@type":"ReadAction","target":["https:\/\/montecarloliving.com\/fr\/actualite\/mme-isabelle-berro-amadei-intervient-loccasion-du-segment-de-haut-niveau-de-58eme-session-du-conseil-des-droits-de-lhomme-de-lonu-19568\/"]}]},{"@type":"ImageObject","inLanguage":"fr-FR","@id":"https:\/\/montecarloliving.com\/fr\/actualite\/mme-isabelle-berro-amadei-intervient-loccasion-du-segment-de-haut-niveau-de-58eme-session-du-conseil-des-droits-de-lhomme-de-lonu-19568\/#primaryimage","url":"https:\/\/montecarloliving.com\/wp-content\/uploads\/2025\/03\/58eme-session-du-Conseil-des-droits-de-lHomme-de-lONU-\u00a9DR.jpg","contentUrl":"https:\/\/montecarloliving.com\/wp-content\/uploads\/2025\/03\/58eme-session-du-Conseil-des-droits-de-lHomme-de-lONU-\u00a9DR.jpg","width":1512,"height":1529},{"@type":"BreadcrumbList","@id":"https:\/\/montecarloliving.com\/fr\/actualite\/mme-isabelle-berro-amadei-intervient-loccasion-du-segment-de-haut-niveau-de-58eme-session-du-conseil-des-droits-de-lhomme-de-lonu-19568\/#breadcrumb","itemListElement":[{"@type":"ListItem","position":1,"name":"Home","item":"https:\/\/montecarloliving.com\/fr\/"},{"@type":"ListItem","position":2,"name":"Mme Isabelle BERRO-AMADE\u00cf intervient \u00e0 l\u2019occasion du Segment de haut niveau de la 58\u00e8me session du Conseil des droits de l\u2019Homme de l\u2019ONU"}]},{"@type":"WebSite","@id":"https:\/\/montecarloliving.com\/fr\/#website","url":"https:\/\/montecarloliving.com\/fr\/","name":"Montecarlo Living","description":"News da Montecarlo - Principato di Monaco e Costa Azzurra","potentialAction":[{"@type":"SearchAction","target":{"@type":"EntryPoint","urlTemplate":"https:\/\/montecarloliving.com\/fr\/?s={search_term_string}"},"query-input":{"@type":"PropertyValueSpecification","valueRequired":true,"valueName":"search_term_string"}}],"inLanguage":"fr-FR"},{"@type":"Person","@id":"https:\/\/montecarloliving.com\/fr\/#\/schema\/person\/7e5945d4560862b7f2d2c6831bda2819","name":"Redazione","image":{"@type":"ImageObject","inLanguage":"fr-FR","@id":"https:\/\/secure.gravatar.com\/avatar\/8b5f26557e18fe74ad8e8a57ebb2925d88af8a90cee489ff2beefb391bc9b9c7?s=96&d=mm&r=g","url":"https:\/\/secure.gravatar.com\/avatar\/8b5f26557e18fe74ad8e8a57ebb2925d88af8a90cee489ff2beefb391bc9b9c7?s=96&d=mm&r=g","contentUrl":"https:\/\/secure.gravatar.com\/avatar\/8b5f26557e18fe74ad8e8a57ebb2925d88af8a90cee489ff2beefb391bc9b9c7?s=96&d=mm&r=g","caption":"Redazione"}}]}},"_links":{"self":[{"href":"https:\/\/montecarloliving.com\/fr\/wp-json\/wp\/v2\/posts\/19568","targetHints":{"allow":["GET"]}}],"collection":[{"href":"https:\/\/montecarloliving.com\/fr\/wp-json\/wp\/v2\/posts"}],"about":[{"href":"https:\/\/montecarloliving.com\/fr\/wp-json\/wp\/v2\/types\/post"}],"author":[{"embeddable":true,"href":"https:\/\/montecarloliving.com\/fr\/wp-json\/wp\/v2\/users\/1"}],"replies":[{"embeddable":true,"href":"https:\/\/montecarloliving.com\/fr\/wp-json\/wp\/v2\/comments?post=19568"}],"version-history":[{"count":1,"href":"https:\/\/montecarloliving.com\/fr\/wp-json\/wp\/v2\/posts\/19568\/revisions"}],"predecessor-version":[{"id":19572,"href":"https:\/\/montecarloliving.com\/fr\/wp-json\/wp\/v2\/posts\/19568\/revisions\/19572"}],"wp:featuredmedia":[{"embeddable":true,"href":"https:\/\/montecarloliving.com\/fr\/wp-json\/wp\/v2\/media\/19569"}],"wp:attachment":[{"href":"https:\/\/montecarloliving.com\/fr\/wp-json\/wp\/v2\/media?parent=19568"}],"wp:term":[{"taxonomy":"category","embeddable":true,"href":"https:\/\/montecarloliving.com\/fr\/wp-json\/wp\/v2\/categories?post=19568"},{"taxonomy":"post_tag","embeddable":true,"href":"https:\/\/montecarloliving.com\/fr\/wp-json\/wp\/v2\/tags?post=19568"}],"curies":[{"name":"wp","href":"https:\/\/api.w.org\/{rel}","templated":true}]}}