{"id":19558,"date":"2025-03-03T08:24:21","date_gmt":"2025-03-03T07:24:21","guid":{"rendered":"https:\/\/montecarloliving.com\/?p=19558"},"modified":"2025-02-27T13:28:54","modified_gmt":"2025-02-27T12:28:54","slug":"campagne-de-refection-des-enrobes-2","status":"publish","type":"post","link":"https:\/\/montecarloliving.com\/fr\/actualite\/campagne-de-refection-des-enrobes-2-19558\/","title":{"rendered":"Campagne de r\u00e9fection des enrob\u00e9s"},"content":{"rendered":"<p>Dans la perspective des prochains Monaco E-Prix et Formula 1 TAG Heuer Grand Prix de Monaco qui se d\u00e9rouleront respectivement le samedi 3 et le dimanche 4 mai 2025 et du jeudi 22 au dimanche 25 mai 2025, la Direction de l\u2019Am\u00e9nagement Urbain proc\u00e8de, comme chaque ann\u00e9e, \u00e0 la r\u00e9fection de la chauss\u00e9e d\u2019une partie du circuit ainsi que d\u2019autres zones de la ville, permettant \u00e0 la Principaut\u00e9 de disposer d\u2019un r\u00e9seau de voies urbaines particuli\u00e8rement entretenu.<\/p>\n<p>Afin de r\u00e9duire au maximum l\u2019impact sur la circulation qui sera neutralis\u00e9e pendant les interventions sur les axes concern\u00e9s, de m\u00eame que les stationnements, ces travaux se d\u00e9rouleront de nuit, entre 20h00 et 6h00, jusqu\u2019au 14 mars, selon le programme suivant :<\/p>\n<p><strong>\u2022 Boulevard Albert Ier &#8211; Secteur entr\u00e9e\/sortie des stands : nuits du lundi 3 mars et du jeudi 6 mars. <\/strong><\/p>\n<p><strong>\u2022 Avenue d\u2019Ostende : nuits du lundi 3 et du mardi 4 mars. <\/strong><\/p>\n<p><strong>\u2022 Boulevard Albert Ier : nuits du mardi 4 et du mercredi 5 mars. <\/strong><\/p>\n<p><strong>\u2022 Avenue Hector Otto : nuit du jeudi 6 mars. <\/strong><\/p>\n<p><strong>\u2022 Boulevard d\u2019Italie : nuits du lundi 10 au jeudi 13 mars inclus. <\/strong><\/p>\n<p><strong>\u2022 Avenue des Sp\u00e9lugues : nuit du mercredi 10 mars.<\/strong><\/p>\n<p>Les diff\u00e9rentes lignes de bus impact\u00e9es par les travaux seront d\u00e9vi\u00e9es de 20h00 \u00e0 6h00 avec une information pr\u00e9alable communiqu\u00e9e aux usagers et disponible sur le site de la CAM. Les services de secours et de Police pourront circuler dans toutes les zones de travail en cas d\u2019urgence.<br \/>\nOutre une information compl\u00e8te des riverains, une attention particuli\u00e8re sera port\u00e9e sur les usagers des parkings priv\u00e9s, publics et des commerces ; la signalisation routi\u00e8re sera adapt\u00e9e et toute d\u00e9viation de la circulation des pi\u00e9tons sera identifi\u00e9e par un balisage.<\/p>\n<p><strong>Plus d\u2019infos : amenagement@gouv.mc<\/strong><\/p>\n","protected":false},"excerpt":{"rendered":"<p>Dans la perspective des prochains Monaco E-Prix et Formula 1 TAG Heuer Grand Prix de Monaco qui se d\u00e9rouleront respectivement le samedi 3 et le dimanche 4 mai 2025 et du jeudi 22 au dimanche 25 mai 2025, la Direction de l\u2019Am\u00e9nagement Urbain proc\u00e8de, [&hellip;]<\/p>\n","protected":false},"author":1,"featured_media":19560,"comment_status":"closed","ping_status":"closed","sticky":false,"template":"","format":"standard","meta":{"footnotes":""},"categories":[827,875,872,867],"tags":[],"class_list":["post-19558","post","type-post","status-publish","format-standard","has-post-thumbnail","hentry","category-actualite","category-actualite-monaco","category-lifestyle-fr","category-monaco-fr"],"yoast_head":"<!-- This site is optimized with the Yoast SEO plugin v27.4 - https:\/\/yoast.com\/product\/yoast-seo-wordpress\/ -->\n<title>Campagne de r\u00e9fection des enrob\u00e9s<\/title>\n<meta name=\"description\" content=\"Dans la perspective des prochains Monaco E-Prix et Formula 1 TAG Heuer Grand Prix de Monaco qui se d\u00e9rouleront respectivement le samedi 3 et le dimanche 4 Campagne de r\u00e9fection des enrob\u00e9s Monaco 2025\" \/>\n<meta name=\"robots\" content=\"index, follow, max-snippet:-1, max-image-preview:large, max-video-preview:-1\" \/>\n<link rel=\"canonical\" href=\"https:\/\/montecarloliving.com\/fr\/actualite\/campagne-de-refection-des-enrobes-2-19558\/\" \/>\n<meta property=\"og:locale\" content=\"fr_FR\" \/>\n<meta property=\"og:title\" content=\"Campagne de r\u00e9fection des enrob\u00e9s\" \/>\n<meta property=\"og:description\" content=\"Dans la perspective des prochains Monaco E-Prix et Formula 1 TAG Heuer Grand Prix de Monaco qui se d\u00e9rouleront respectivement le samedi 3 et le dimanche 4 Campagne de r\u00e9fection des enrob\u00e9s Monaco 2025\" \/>\n<meta property=\"og:url\" content=\"https:\/\/montecarloliving.com\/fr\/actualite\/campagne-de-refection-des-enrobes-2-19558\/\" \/>\n<meta property=\"og:site_name\" content=\"Montecarlo Living\" \/>\n<meta property=\"article:publisher\" content=\"https:\/\/www.facebook.com\/montecarlolivingcom\/\" \/>\n<meta property=\"article:published_time\" content=\"2025-03-03T07:24:21+00:00\" \/>\n<meta property=\"og:image\" content=\"https:\/\/montecarloliving.com\/wp-content\/uploads\/2025\/03\/\u00a9-Direction-de-la-Communication-650x400.jpg\" \/>\n\t<meta property=\"og:image:width\" content=\"650\" \/>\n\t<meta property=\"og:image:height\" content=\"400\" \/>\n\t<meta property=\"og:image:type\" content=\"image\/jpeg\" \/>\n<meta name=\"author\" content=\"Redazione\" \/>\n<meta name=\"twitter:card\" content=\"summary_large_image\" \/>\n<meta name=\"twitter:creator\" content=\"@MonteCarloLivi\" \/>\n<meta name=\"twitter:site\" content=\"@MonteCarloLivi\" \/>\n<meta name=\"twitter:label1\" content=\"\u00c9crit par\" \/>\n\t<meta name=\"twitter:data1\" content=\"Redazione\" \/>\n\t<meta name=\"twitter:label2\" content=\"Dur\u00e9e de lecture estim\u00e9e\" \/>\n\t<meta name=\"twitter:data2\" content=\"2 minutes\" \/>\n<script type=\"application\/ld+json\" class=\"yoast-schema-graph\">{\"@context\":\"https:\\\/\\\/schema.org\",\"@graph\":[{\"@type\":\"Article\",\"@id\":\"https:\\\/\\\/montecarloliving.com\\\/fr\\\/actualite\\\/campagne-de-refection-des-enrobes-2-19558\\\/#article\",\"isPartOf\":{\"@id\":\"https:\\\/\\\/montecarloliving.com\\\/fr\\\/actualite\\\/campagne-de-refection-des-enrobes-2-19558\\\/\"},\"author\":{\"name\":\"Redazione\",\"@id\":\"https:\\\/\\\/montecarloliving.com\\\/fr\\\/#\\\/schema\\\/person\\\/7e5945d4560862b7f2d2c6831bda2819\"},\"headline\":\"Campagne de r\u00e9fection des enrob\u00e9s\",\"datePublished\":\"2025-03-03T07:24:21+00:00\",\"mainEntityOfPage\":{\"@id\":\"https:\\\/\\\/montecarloliving.com\\\/fr\\\/actualite\\\/campagne-de-refection-des-enrobes-2-19558\\\/\"},\"wordCount\":305,\"image\":{\"@id\":\"https:\\\/\\\/montecarloliving.com\\\/fr\\\/actualite\\\/campagne-de-refection-des-enrobes-2-19558\\\/#primaryimage\"},\"thumbnailUrl\":\"https:\\\/\\\/montecarloliving.com\\\/wp-content\\\/uploads\\\/2025\\\/03\\\/\u00a9-Direction-de-la-Communication.jpg\",\"articleSection\":[\"Actualit\u00e9\",\"Actualit\u00e9 \u00e0 Monaco\",\"Lifestyle\",\"Monaco\"],\"inLanguage\":\"fr-FR\"},{\"@type\":\"WebPage\",\"@id\":\"https:\\\/\\\/montecarloliving.com\\\/fr\\\/actualite\\\/campagne-de-refection-des-enrobes-2-19558\\\/\",\"url\":\"https:\\\/\\\/montecarloliving.com\\\/fr\\\/actualite\\\/campagne-de-refection-des-enrobes-2-19558\\\/\",\"name\":\"Campagne de r\u00e9fection des enrob\u00e9s\",\"isPartOf\":{\"@id\":\"https:\\\/\\\/montecarloliving.com\\\/fr\\\/#website\"},\"primaryImageOfPage\":{\"@id\":\"https:\\\/\\\/montecarloliving.com\\\/fr\\\/actualite\\\/campagne-de-refection-des-enrobes-2-19558\\\/#primaryimage\"},\"image\":{\"@id\":\"https:\\\/\\\/montecarloliving.com\\\/fr\\\/actualite\\\/campagne-de-refection-des-enrobes-2-19558\\\/#primaryimage\"},\"thumbnailUrl\":\"https:\\\/\\\/montecarloliving.com\\\/wp-content\\\/uploads\\\/2025\\\/03\\\/\u00a9-Direction-de-la-Communication.jpg\",\"datePublished\":\"2025-03-03T07:24:21+00:00\",\"author\":{\"@id\":\"https:\\\/\\\/montecarloliving.com\\\/fr\\\/#\\\/schema\\\/person\\\/7e5945d4560862b7f2d2c6831bda2819\"},\"description\":\"Dans la perspective des prochains Monaco E-Prix et Formula 1 TAG Heuer Grand Prix de Monaco qui se d\u00e9rouleront respectivement le samedi 3 et le dimanche 4 Campagne de r\u00e9fection des enrob\u00e9s Monaco 2025\",\"breadcrumb\":{\"@id\":\"https:\\\/\\\/montecarloliving.com\\\/fr\\\/actualite\\\/campagne-de-refection-des-enrobes-2-19558\\\/#breadcrumb\"},\"inLanguage\":\"fr-FR\",\"potentialAction\":[{\"@type\":\"ReadAction\",\"target\":[\"https:\\\/\\\/montecarloliving.com\\\/fr\\\/actualite\\\/campagne-de-refection-des-enrobes-2-19558\\\/\"]}]},{\"@type\":\"ImageObject\",\"inLanguage\":\"fr-FR\",\"@id\":\"https:\\\/\\\/montecarloliving.com\\\/fr\\\/actualite\\\/campagne-de-refection-des-enrobes-2-19558\\\/#primaryimage\",\"url\":\"https:\\\/\\\/montecarloliving.com\\\/wp-content\\\/uploads\\\/2025\\\/03\\\/\u00a9-Direction-de-la-Communication.jpg\",\"contentUrl\":\"https:\\\/\\\/montecarloliving.com\\\/wp-content\\\/uploads\\\/2025\\\/03\\\/\u00a9-Direction-de-la-Communication.jpg\",\"width\":1500,\"height\":1000},{\"@type\":\"BreadcrumbList\",\"@id\":\"https:\\\/\\\/montecarloliving.com\\\/fr\\\/actualite\\\/campagne-de-refection-des-enrobes-2-19558\\\/#breadcrumb\",\"itemListElement\":[{\"@type\":\"ListItem\",\"position\":1,\"name\":\"Home\",\"item\":\"https:\\\/\\\/montecarloliving.com\\\/fr\\\/\"},{\"@type\":\"ListItem\",\"position\":2,\"name\":\"Campagne de r\u00e9fection des enrob\u00e9s\"}]},{\"@type\":\"WebSite\",\"@id\":\"https:\\\/\\\/montecarloliving.com\\\/fr\\\/#website\",\"url\":\"https:\\\/\\\/montecarloliving.com\\\/fr\\\/\",\"name\":\"Montecarlo Living\",\"description\":\"News da Montecarlo - Principato di Monaco e Costa Azzurra\",\"potentialAction\":[{\"@type\":\"SearchAction\",\"target\":{\"@type\":\"EntryPoint\",\"urlTemplate\":\"https:\\\/\\\/montecarloliving.com\\\/fr\\\/?s={search_term_string}\"},\"query-input\":{\"@type\":\"PropertyValueSpecification\",\"valueRequired\":true,\"valueName\":\"search_term_string\"}}],\"inLanguage\":\"fr-FR\"},{\"@type\":\"Person\",\"@id\":\"https:\\\/\\\/montecarloliving.com\\\/fr\\\/#\\\/schema\\\/person\\\/7e5945d4560862b7f2d2c6831bda2819\",\"name\":\"Redazione\",\"image\":{\"@type\":\"ImageObject\",\"inLanguage\":\"fr-FR\",\"@id\":\"https:\\\/\\\/secure.gravatar.com\\\/avatar\\\/8b5f26557e18fe74ad8e8a57ebb2925d88af8a90cee489ff2beefb391bc9b9c7?s=96&d=mm&r=g\",\"url\":\"https:\\\/\\\/secure.gravatar.com\\\/avatar\\\/8b5f26557e18fe74ad8e8a57ebb2925d88af8a90cee489ff2beefb391bc9b9c7?s=96&d=mm&r=g\",\"contentUrl\":\"https:\\\/\\\/secure.gravatar.com\\\/avatar\\\/8b5f26557e18fe74ad8e8a57ebb2925d88af8a90cee489ff2beefb391bc9b9c7?s=96&d=mm&r=g\",\"caption\":\"Redazione\"}}]}<\/script>\n<!-- \/ Yoast SEO plugin. -->","yoast_head_json":{"title":"Campagne de r\u00e9fection des enrob\u00e9s","description":"Dans la perspective des prochains Monaco E-Prix et Formula 1 TAG Heuer Grand Prix de Monaco qui se d\u00e9rouleront respectivement le samedi 3 et le dimanche 4 Campagne de r\u00e9fection des enrob\u00e9s Monaco 2025","robots":{"index":"index","follow":"follow","max-snippet":"max-snippet:-1","max-image-preview":"max-image-preview:large","max-video-preview":"max-video-preview:-1"},"canonical":"https:\/\/montecarloliving.com\/fr\/actualite\/campagne-de-refection-des-enrobes-2-19558\/","og_locale":"fr_FR","og_title":"Campagne de r\u00e9fection des enrob\u00e9s","og_description":"Dans la perspective des prochains Monaco E-Prix et Formula 1 TAG Heuer Grand Prix de Monaco qui se d\u00e9rouleront respectivement le samedi 3 et le dimanche 4 Campagne de r\u00e9fection des enrob\u00e9s Monaco 2025","og_url":"https:\/\/montecarloliving.com\/fr\/actualite\/campagne-de-refection-des-enrobes-2-19558\/","og_site_name":"Montecarlo Living","article_publisher":"https:\/\/www.facebook.com\/montecarlolivingcom\/","article_published_time":"2025-03-03T07:24:21+00:00","og_image":[{"width":650,"height":400,"url":"https:\/\/montecarloliving.com\/wp-content\/uploads\/2025\/03\/\u00a9-Direction-de-la-Communication-650x400.jpg","type":"image\/jpeg"}],"author":"Redazione","twitter_card":"summary_large_image","twitter_creator":"@MonteCarloLivi","twitter_site":"@MonteCarloLivi","twitter_misc":{"\u00c9crit par":"Redazione","Dur\u00e9e de lecture estim\u00e9e":"2 minutes"},"schema":{"@context":"https:\/\/schema.org","@graph":[{"@type":"Article","@id":"https:\/\/montecarloliving.com\/fr\/actualite\/campagne-de-refection-des-enrobes-2-19558\/#article","isPartOf":{"@id":"https:\/\/montecarloliving.com\/fr\/actualite\/campagne-de-refection-des-enrobes-2-19558\/"},"author":{"name":"Redazione","@id":"https:\/\/montecarloliving.com\/fr\/#\/schema\/person\/7e5945d4560862b7f2d2c6831bda2819"},"headline":"Campagne de r\u00e9fection des enrob\u00e9s","datePublished":"2025-03-03T07:24:21+00:00","mainEntityOfPage":{"@id":"https:\/\/montecarloliving.com\/fr\/actualite\/campagne-de-refection-des-enrobes-2-19558\/"},"wordCount":305,"image":{"@id":"https:\/\/montecarloliving.com\/fr\/actualite\/campagne-de-refection-des-enrobes-2-19558\/#primaryimage"},"thumbnailUrl":"https:\/\/montecarloliving.com\/wp-content\/uploads\/2025\/03\/\u00a9-Direction-de-la-Communication.jpg","articleSection":["Actualit\u00e9","Actualit\u00e9 \u00e0 Monaco","Lifestyle","Monaco"],"inLanguage":"fr-FR"},{"@type":"WebPage","@id":"https:\/\/montecarloliving.com\/fr\/actualite\/campagne-de-refection-des-enrobes-2-19558\/","url":"https:\/\/montecarloliving.com\/fr\/actualite\/campagne-de-refection-des-enrobes-2-19558\/","name":"Campagne de r\u00e9fection des enrob\u00e9s","isPartOf":{"@id":"https:\/\/montecarloliving.com\/fr\/#website"},"primaryImageOfPage":{"@id":"https:\/\/montecarloliving.com\/fr\/actualite\/campagne-de-refection-des-enrobes-2-19558\/#primaryimage"},"image":{"@id":"https:\/\/montecarloliving.com\/fr\/actualite\/campagne-de-refection-des-enrobes-2-19558\/#primaryimage"},"thumbnailUrl":"https:\/\/montecarloliving.com\/wp-content\/uploads\/2025\/03\/\u00a9-Direction-de-la-Communication.jpg","datePublished":"2025-03-03T07:24:21+00:00","author":{"@id":"https:\/\/montecarloliving.com\/fr\/#\/schema\/person\/7e5945d4560862b7f2d2c6831bda2819"},"description":"Dans la perspective des prochains Monaco E-Prix et Formula 1 TAG Heuer Grand Prix de Monaco qui se d\u00e9rouleront respectivement le samedi 3 et le dimanche 4 Campagne de r\u00e9fection des enrob\u00e9s Monaco 2025","breadcrumb":{"@id":"https:\/\/montecarloliving.com\/fr\/actualite\/campagne-de-refection-des-enrobes-2-19558\/#breadcrumb"},"inLanguage":"fr-FR","potentialAction":[{"@type":"ReadAction","target":["https:\/\/montecarloliving.com\/fr\/actualite\/campagne-de-refection-des-enrobes-2-19558\/"]}]},{"@type":"ImageObject","inLanguage":"fr-FR","@id":"https:\/\/montecarloliving.com\/fr\/actualite\/campagne-de-refection-des-enrobes-2-19558\/#primaryimage","url":"https:\/\/montecarloliving.com\/wp-content\/uploads\/2025\/03\/\u00a9-Direction-de-la-Communication.jpg","contentUrl":"https:\/\/montecarloliving.com\/wp-content\/uploads\/2025\/03\/\u00a9-Direction-de-la-Communication.jpg","width":1500,"height":1000},{"@type":"BreadcrumbList","@id":"https:\/\/montecarloliving.com\/fr\/actualite\/campagne-de-refection-des-enrobes-2-19558\/#breadcrumb","itemListElement":[{"@type":"ListItem","position":1,"name":"Home","item":"https:\/\/montecarloliving.com\/fr\/"},{"@type":"ListItem","position":2,"name":"Campagne de r\u00e9fection des enrob\u00e9s"}]},{"@type":"WebSite","@id":"https:\/\/montecarloliving.com\/fr\/#website","url":"https:\/\/montecarloliving.com\/fr\/","name":"Montecarlo Living","description":"News da Montecarlo - Principato di Monaco e Costa Azzurra","potentialAction":[{"@type":"SearchAction","target":{"@type":"EntryPoint","urlTemplate":"https:\/\/montecarloliving.com\/fr\/?s={search_term_string}"},"query-input":{"@type":"PropertyValueSpecification","valueRequired":true,"valueName":"search_term_string"}}],"inLanguage":"fr-FR"},{"@type":"Person","@id":"https:\/\/montecarloliving.com\/fr\/#\/schema\/person\/7e5945d4560862b7f2d2c6831bda2819","name":"Redazione","image":{"@type":"ImageObject","inLanguage":"fr-FR","@id":"https:\/\/secure.gravatar.com\/avatar\/8b5f26557e18fe74ad8e8a57ebb2925d88af8a90cee489ff2beefb391bc9b9c7?s=96&d=mm&r=g","url":"https:\/\/secure.gravatar.com\/avatar\/8b5f26557e18fe74ad8e8a57ebb2925d88af8a90cee489ff2beefb391bc9b9c7?s=96&d=mm&r=g","contentUrl":"https:\/\/secure.gravatar.com\/avatar\/8b5f26557e18fe74ad8e8a57ebb2925d88af8a90cee489ff2beefb391bc9b9c7?s=96&d=mm&r=g","caption":"Redazione"}}]}},"_links":{"self":[{"href":"https:\/\/montecarloliving.com\/fr\/wp-json\/wp\/v2\/posts\/19558","targetHints":{"allow":["GET"]}}],"collection":[{"href":"https:\/\/montecarloliving.com\/fr\/wp-json\/wp\/v2\/posts"}],"about":[{"href":"https:\/\/montecarloliving.com\/fr\/wp-json\/wp\/v2\/types\/post"}],"author":[{"embeddable":true,"href":"https:\/\/montecarloliving.com\/fr\/wp-json\/wp\/v2\/users\/1"}],"replies":[{"embeddable":true,"href":"https:\/\/montecarloliving.com\/fr\/wp-json\/wp\/v2\/comments?post=19558"}],"version-history":[{"count":1,"href":"https:\/\/montecarloliving.com\/fr\/wp-json\/wp\/v2\/posts\/19558\/revisions"}],"predecessor-version":[{"id":19559,"href":"https:\/\/montecarloliving.com\/fr\/wp-json\/wp\/v2\/posts\/19558\/revisions\/19559"}],"wp:featuredmedia":[{"embeddable":true,"href":"https:\/\/montecarloliving.com\/fr\/wp-json\/wp\/v2\/media\/19560"}],"wp:attachment":[{"href":"https:\/\/montecarloliving.com\/fr\/wp-json\/wp\/v2\/media?parent=19558"}],"wp:term":[{"taxonomy":"category","embeddable":true,"href":"https:\/\/montecarloliving.com\/fr\/wp-json\/wp\/v2\/categories?post=19558"},{"taxonomy":"post_tag","embeddable":true,"href":"https:\/\/montecarloliving.com\/fr\/wp-json\/wp\/v2\/tags?post=19558"}],"curies":[{"name":"wp","href":"https:\/\/api.w.org\/{rel}","templated":true}]}}