{"id":19457,"date":"2025-02-25T10:36:58","date_gmt":"2025-02-25T09:36:58","guid":{"rendered":"https:\/\/montecarloliving.com\/?p=19457"},"modified":"2025-02-25T10:43:04","modified_gmt":"2025-02-25T09:43:04","slug":"4eme-edition-de-monacollecte","status":"publish","type":"post","link":"https:\/\/montecarloliving.com\/fr\/actualite\/4eme-edition-de-monacollecte-19457\/","title":{"rendered":"La 4\u00e8me \u00e9dition de Monacollecte"},"content":{"rendered":"<p><strong>Monacollecte<\/strong>, qui a rencontr\u00e9 un grand succ\u00e8s, revient cette ann\u00e9e sur les quais du Port de Monaco. Gr\u00e2ce au soutien du Gouvernement de Monaco et en collaboration avec la Soci\u00e9t\u00e9 Mon\u00e9gasque d\u2019Assainissement (SMA) et la Commune de Monaco, l&rsquo;\u00e9v\u00e9nement aura pour th\u00e8me \u00ab\u00a0<em>Les tissus sous tous leurs angles<\/em>\u00a0\u00bb pour l&rsquo;\u00e9dition 2025.<\/p>\n<p>Comme l&rsquo;a soulign\u00e9 Son Altesse S\u00e9r\u00e9nissime le Prince Albert II de Monaco, Monacollecte est l&rsquo;occasion id\u00e9ale pour promouvoir le recyclage et le r\u00e9emploi des objets, afin que \u00ab\u00a0ce qui est inutile pour une personne devienne une ressource pour une autre.\u00a0\u00bb Dans cet esprit, l&rsquo;\u00e9v\u00e9nement offre aux citoyens la possibilit\u00e9 de d\u00e9poser les objets qu&rsquo;ils souhaitent \u00e9liminer en un seul endroit.<\/p>\n<p>Selon un communiqu\u00e9, une zone de collecte pour les d\u00e9chets m\u00e9nagers sp\u00e9ciaux sera \u00e9galement mise en place. Plusieurs organisations caritatives, telles que la Croix-Rouge mon\u00e9gasque, Mission Enfance, Les Amis du Liban, Fight Aids Monaco, Semeurs d\u2019Espoir, La Fondation de Nice et Soleil Royal 06, collecteront des objets r\u00e9utilisables tels que des v\u00eatements, des jouets, des livres, du mat\u00e9riel informatique et des petits appareils \u00e9lectrom\u00e9nagers. Les objets qui ne peuvent pas \u00eatre r\u00e9utilis\u00e9s seront envoy\u00e9s aux installations de recyclage et de traitement de la SMA pour un traitement ad\u00e9quat (piles, ampoules, peintures, bonbonnes de gaz, etc.).<\/p>\n<p><img loading=\"lazy\" decoding=\"async\" class=\"size-full wp-image-19447 aligncenter\" src=\"https:\/\/montecarloliving.com\/wp-content\/uploads\/2025\/02\/25_01_Monacollecte_A3-page-001-1086x1536-1.jpg\" alt=\"\" width=\"1086\" height=\"1536\" srcset=\"https:\/\/montecarloliving.com\/wp-content\/uploads\/2025\/02\/25_01_Monacollecte_A3-page-001-1086x1536-1.jpg 1086w, https:\/\/montecarloliving.com\/wp-content\/uploads\/2025\/02\/25_01_Monacollecte_A3-page-001-1086x1536-1-212x300.jpg 212w, https:\/\/montecarloliving.com\/wp-content\/uploads\/2025\/02\/25_01_Monacollecte_A3-page-001-1086x1536-1-724x1024.jpg 724w, https:\/\/montecarloliving.com\/wp-content\/uploads\/2025\/02\/25_01_Monacollecte_A3-page-001-1086x1536-1-768x1086.jpg 768w\" sizes=\"auto, (max-width: 1086px) 100vw, 1086px\" \/><\/p>\n<p>De plus, des ateliers \u00e9ducatifs seront organis\u00e9s pour sensibiliser \u00e0 la r\u00e9utilisation des objets et \u00e0 la r\u00e9duction et au recyclage des d\u00e9chets. Parmi les activit\u00e9s gratuites propos\u00e9es, il y aura un escape game, des ateliers cr\u00e9atifs, des exp\u00e9riences de r\u00e9alit\u00e9 virtuelle, un d\u00e9fil\u00e9 de mode, des expositions (comme des fresques textiles et la cr\u00e9ation de jeans) et des stands d\u2019information pour sensibiliser un large public aux bonnes pratiques de r\u00e9utilisation, de tri et de recyclage, le tout de mani\u00e8re ludique.<\/p>\n<p>La Direction de l\u2019Am\u00e9nagement Urbain soutient l&rsquo;\u00e9v\u00e9nement en finan\u00e7ant les activit\u00e9s d&rsquo;information et les activit\u00e9s \u00e9ducatives, et en fournissant des plantes pour embellir l\u2019espace. Parmi les points forts, il y aura \u00e9galement un Escape Game d\u00e9di\u00e9 \u00e0 la diff\u00e9renciation, \u00e0 la r\u00e9duction et au r\u00e9emploi des d\u00e9chets, g\u00e9r\u00e9 par les experts de la SMA en pr\u00e9vention et recyclage des d\u00e9chets. Le jeu suivra les m\u00e9caniques classiques des escape games, avec des d\u00e9fis de fouilles, de manipulation, de r\u00e9flexion et de r\u00e9solution d&rsquo;\u00e9nigmes.<\/p>\n<p><img loading=\"lazy\" decoding=\"async\" class=\"size-full wp-image-19454 aligncenter\" src=\"https:\/\/montecarloliving.com\/wp-content\/uploads\/2025\/02\/25_01_Monacollecte_flyer_A5-1.png\" alt=\"\" width=\"1500\" height=\"1060\" srcset=\"https:\/\/montecarloliving.com\/wp-content\/uploads\/2025\/02\/25_01_Monacollecte_flyer_A5-1.png 1500w, https:\/\/montecarloliving.com\/wp-content\/uploads\/2025\/02\/25_01_Monacollecte_flyer_A5-1-300x212.png 300w, https:\/\/montecarloliving.com\/wp-content\/uploads\/2025\/02\/25_01_Monacollecte_flyer_A5-1-1024x724.png 1024w, https:\/\/montecarloliving.com\/wp-content\/uploads\/2025\/02\/25_01_Monacollecte_flyer_A5-1-768x543.png 768w\" sizes=\"auto, (max-width: 1500px) 100vw, 1500px\" \/><\/p>\n<p>Pour en savoir plus sur le programme complet de l&rsquo;\u00e9v\u00e9nement, <a href=\"https:\/\/www.sma.mc\/fr\/monacollecte\"><strong>cliquez ici<\/strong><\/a>.<\/p>\n","protected":false},"excerpt":{"rendered":"<p>Monacollecte, qui a rencontr\u00e9 un grand succ\u00e8s, revient cette ann\u00e9e sur les quais du Port de Monaco. Gr\u00e2ce au soutien du Gouvernement de Monaco et en collaboration avec la Soci\u00e9t\u00e9 Mon\u00e9gasque d\u2019Assainissement (SMA) et la Commune de Monaco, l&rsquo;\u00e9v\u00e9nement aura pour th\u00e8me \u00ab\u00a0Les tissus [&hellip;]<\/p>\n","protected":false},"author":1,"featured_media":19450,"comment_status":"closed","ping_status":"closed","sticky":false,"template":"","format":"standard","meta":{"footnotes":""},"categories":[827,828,872,867],"tags":[],"class_list":["post-19457","post","type-post","status-publish","format-standard","has-post-thumbnail","hentry","category-actualite","category-evenements","category-lifestyle-fr","category-monaco-fr"],"yoast_head":"<!-- This site is optimized with the Yoast SEO plugin v27.4 - https:\/\/yoast.com\/product\/yoast-seo-wordpress\/ -->\n<title>La 4\u00e8me \u00e9dition de Monacollecte<\/title>\n<meta name=\"description\" content=\"Monacollecte, qui a rencontr\u00e9 un grand succ\u00e8s, revient cette ann\u00e9e sur les quais du Port de Monaco. Gr\u00e2ce au soutien du Gouvernement de Monaco et en La 4\u00e8me \u00e9dition de Monacollecte\" \/>\n<meta name=\"robots\" content=\"index, follow, max-snippet:-1, max-image-preview:large, max-video-preview:-1\" \/>\n<link rel=\"canonical\" href=\"https:\/\/montecarloliving.com\/fr\/actualite\/4eme-edition-de-monacollecte-19457\/\" \/>\n<meta property=\"og:locale\" content=\"fr_FR\" \/>\n<meta property=\"og:title\" content=\"La 4\u00e8me \u00e9dition de Monacollecte\" \/>\n<meta property=\"og:description\" content=\"Monacollecte, qui a rencontr\u00e9 un grand succ\u00e8s, revient cette ann\u00e9e sur les quais du Port de Monaco. Gr\u00e2ce au soutien du Gouvernement de Monaco et en La 4\u00e8me \u00e9dition de Monacollecte\" \/>\n<meta property=\"og:url\" content=\"https:\/\/montecarloliving.com\/fr\/actualite\/4eme-edition-de-monacollecte-19457\/\" \/>\n<meta property=\"og:site_name\" content=\"Montecarlo Living\" \/>\n<meta property=\"article:publisher\" content=\"https:\/\/www.facebook.com\/montecarlolivingcom\/\" \/>\n<meta property=\"article:published_time\" content=\"2025-02-25T09:36:58+00:00\" \/>\n<meta property=\"article:modified_time\" content=\"2025-02-25T09:43:04+00:00\" \/>\n<meta property=\"og:image\" content=\"https:\/\/montecarloliving.com\/wp-content\/uploads\/2025\/02\/sma-actu-02-2025-650x400.png\" \/>\n\t<meta property=\"og:image:width\" content=\"650\" \/>\n\t<meta property=\"og:image:height\" content=\"400\" \/>\n\t<meta property=\"og:image:type\" content=\"image\/png\" \/>\n<meta name=\"author\" content=\"Redazione\" \/>\n<meta name=\"twitter:card\" content=\"summary_large_image\" \/>\n<meta name=\"twitter:creator\" content=\"@MonteCarloLivi\" \/>\n<meta name=\"twitter:site\" content=\"@MonteCarloLivi\" \/>\n<meta name=\"twitter:label1\" content=\"\u00c9crit par\" \/>\n\t<meta name=\"twitter:data1\" content=\"Redazione\" \/>\n\t<meta name=\"twitter:label2\" content=\"Dur\u00e9e de lecture estim\u00e9e\" \/>\n\t<meta name=\"twitter:data2\" content=\"3 minutes\" \/>\n<script type=\"application\/ld+json\" class=\"yoast-schema-graph\">{\"@context\":\"https:\\\/\\\/schema.org\",\"@graph\":[{\"@type\":\"Article\",\"@id\":\"https:\\\/\\\/montecarloliving.com\\\/fr\\\/actualite\\\/4eme-edition-de-monacollecte-19457\\\/#article\",\"isPartOf\":{\"@id\":\"https:\\\/\\\/montecarloliving.com\\\/fr\\\/actualite\\\/4eme-edition-de-monacollecte-19457\\\/\"},\"author\":{\"name\":\"Redazione\",\"@id\":\"https:\\\/\\\/montecarloliving.com\\\/fr\\\/#\\\/schema\\\/person\\\/7e5945d4560862b7f2d2c6831bda2819\"},\"headline\":\"La 4\u00e8me \u00e9dition de Monacollecte\",\"datePublished\":\"2025-02-25T09:36:58+00:00\",\"dateModified\":\"2025-02-25T09:43:04+00:00\",\"mainEntityOfPage\":{\"@id\":\"https:\\\/\\\/montecarloliving.com\\\/fr\\\/actualite\\\/4eme-edition-de-monacollecte-19457\\\/\"},\"wordCount\":451,\"image\":{\"@id\":\"https:\\\/\\\/montecarloliving.com\\\/fr\\\/actualite\\\/4eme-edition-de-monacollecte-19457\\\/#primaryimage\"},\"thumbnailUrl\":\"https:\\\/\\\/montecarloliving.com\\\/wp-content\\\/uploads\\\/2025\\\/02\\\/sma-actu-02-2025.png\",\"articleSection\":[\"Actualit\u00e9\",\"\u00c9v\u00e9nements\",\"Lifestyle\",\"Monaco\"],\"inLanguage\":\"fr-FR\"},{\"@type\":\"WebPage\",\"@id\":\"https:\\\/\\\/montecarloliving.com\\\/fr\\\/actualite\\\/4eme-edition-de-monacollecte-19457\\\/\",\"url\":\"https:\\\/\\\/montecarloliving.com\\\/fr\\\/actualite\\\/4eme-edition-de-monacollecte-19457\\\/\",\"name\":\"La 4\u00e8me \u00e9dition de Monacollecte\",\"isPartOf\":{\"@id\":\"https:\\\/\\\/montecarloliving.com\\\/fr\\\/#website\"},\"primaryImageOfPage\":{\"@id\":\"https:\\\/\\\/montecarloliving.com\\\/fr\\\/actualite\\\/4eme-edition-de-monacollecte-19457\\\/#primaryimage\"},\"image\":{\"@id\":\"https:\\\/\\\/montecarloliving.com\\\/fr\\\/actualite\\\/4eme-edition-de-monacollecte-19457\\\/#primaryimage\"},\"thumbnailUrl\":\"https:\\\/\\\/montecarloliving.com\\\/wp-content\\\/uploads\\\/2025\\\/02\\\/sma-actu-02-2025.png\",\"datePublished\":\"2025-02-25T09:36:58+00:00\",\"dateModified\":\"2025-02-25T09:43:04+00:00\",\"author\":{\"@id\":\"https:\\\/\\\/montecarloliving.com\\\/fr\\\/#\\\/schema\\\/person\\\/7e5945d4560862b7f2d2c6831bda2819\"},\"description\":\"Monacollecte, qui a rencontr\u00e9 un grand succ\u00e8s, revient cette ann\u00e9e sur les quais du Port de Monaco. Gr\u00e2ce au soutien du Gouvernement de Monaco et en La 4\u00e8me \u00e9dition de Monacollecte\",\"breadcrumb\":{\"@id\":\"https:\\\/\\\/montecarloliving.com\\\/fr\\\/actualite\\\/4eme-edition-de-monacollecte-19457\\\/#breadcrumb\"},\"inLanguage\":\"fr-FR\",\"potentialAction\":[{\"@type\":\"ReadAction\",\"target\":[\"https:\\\/\\\/montecarloliving.com\\\/fr\\\/actualite\\\/4eme-edition-de-monacollecte-19457\\\/\"]}]},{\"@type\":\"ImageObject\",\"inLanguage\":\"fr-FR\",\"@id\":\"https:\\\/\\\/montecarloliving.com\\\/fr\\\/actualite\\\/4eme-edition-de-monacollecte-19457\\\/#primaryimage\",\"url\":\"https:\\\/\\\/montecarloliving.com\\\/wp-content\\\/uploads\\\/2025\\\/02\\\/sma-actu-02-2025.png\",\"contentUrl\":\"https:\\\/\\\/montecarloliving.com\\\/wp-content\\\/uploads\\\/2025\\\/02\\\/sma-actu-02-2025.png\",\"width\":1501,\"height\":1050},{\"@type\":\"BreadcrumbList\",\"@id\":\"https:\\\/\\\/montecarloliving.com\\\/fr\\\/actualite\\\/4eme-edition-de-monacollecte-19457\\\/#breadcrumb\",\"itemListElement\":[{\"@type\":\"ListItem\",\"position\":1,\"name\":\"Home\",\"item\":\"https:\\\/\\\/montecarloliving.com\\\/fr\\\/\"},{\"@type\":\"ListItem\",\"position\":2,\"name\":\"La 4\u00e8me \u00e9dition de Monacollecte\"}]},{\"@type\":\"WebSite\",\"@id\":\"https:\\\/\\\/montecarloliving.com\\\/fr\\\/#website\",\"url\":\"https:\\\/\\\/montecarloliving.com\\\/fr\\\/\",\"name\":\"Montecarlo Living\",\"description\":\"News da Montecarlo - Principato di Monaco e Costa Azzurra\",\"potentialAction\":[{\"@type\":\"SearchAction\",\"target\":{\"@type\":\"EntryPoint\",\"urlTemplate\":\"https:\\\/\\\/montecarloliving.com\\\/fr\\\/?s={search_term_string}\"},\"query-input\":{\"@type\":\"PropertyValueSpecification\",\"valueRequired\":true,\"valueName\":\"search_term_string\"}}],\"inLanguage\":\"fr-FR\"},{\"@type\":\"Person\",\"@id\":\"https:\\\/\\\/montecarloliving.com\\\/fr\\\/#\\\/schema\\\/person\\\/7e5945d4560862b7f2d2c6831bda2819\",\"name\":\"Redazione\",\"image\":{\"@type\":\"ImageObject\",\"inLanguage\":\"fr-FR\",\"@id\":\"https:\\\/\\\/secure.gravatar.com\\\/avatar\\\/8b5f26557e18fe74ad8e8a57ebb2925d88af8a90cee489ff2beefb391bc9b9c7?s=96&d=mm&r=g\",\"url\":\"https:\\\/\\\/secure.gravatar.com\\\/avatar\\\/8b5f26557e18fe74ad8e8a57ebb2925d88af8a90cee489ff2beefb391bc9b9c7?s=96&d=mm&r=g\",\"contentUrl\":\"https:\\\/\\\/secure.gravatar.com\\\/avatar\\\/8b5f26557e18fe74ad8e8a57ebb2925d88af8a90cee489ff2beefb391bc9b9c7?s=96&d=mm&r=g\",\"caption\":\"Redazione\"}}]}<\/script>\n<!-- \/ Yoast SEO plugin. -->","yoast_head_json":{"title":"La 4\u00e8me \u00e9dition de Monacollecte","description":"Monacollecte, qui a rencontr\u00e9 un grand succ\u00e8s, revient cette ann\u00e9e sur les quais du Port de Monaco. Gr\u00e2ce au soutien du Gouvernement de Monaco et en La 4\u00e8me \u00e9dition de Monacollecte","robots":{"index":"index","follow":"follow","max-snippet":"max-snippet:-1","max-image-preview":"max-image-preview:large","max-video-preview":"max-video-preview:-1"},"canonical":"https:\/\/montecarloliving.com\/fr\/actualite\/4eme-edition-de-monacollecte-19457\/","og_locale":"fr_FR","og_title":"La 4\u00e8me \u00e9dition de Monacollecte","og_description":"Monacollecte, qui a rencontr\u00e9 un grand succ\u00e8s, revient cette ann\u00e9e sur les quais du Port de Monaco. Gr\u00e2ce au soutien du Gouvernement de Monaco et en La 4\u00e8me \u00e9dition de Monacollecte","og_url":"https:\/\/montecarloliving.com\/fr\/actualite\/4eme-edition-de-monacollecte-19457\/","og_site_name":"Montecarlo Living","article_publisher":"https:\/\/www.facebook.com\/montecarlolivingcom\/","article_published_time":"2025-02-25T09:36:58+00:00","article_modified_time":"2025-02-25T09:43:04+00:00","og_image":[{"width":650,"height":400,"url":"https:\/\/montecarloliving.com\/wp-content\/uploads\/2025\/02\/sma-actu-02-2025-650x400.png","type":"image\/png"}],"author":"Redazione","twitter_card":"summary_large_image","twitter_creator":"@MonteCarloLivi","twitter_site":"@MonteCarloLivi","twitter_misc":{"\u00c9crit par":"Redazione","Dur\u00e9e de lecture estim\u00e9e":"3 minutes"},"schema":{"@context":"https:\/\/schema.org","@graph":[{"@type":"Article","@id":"https:\/\/montecarloliving.com\/fr\/actualite\/4eme-edition-de-monacollecte-19457\/#article","isPartOf":{"@id":"https:\/\/montecarloliving.com\/fr\/actualite\/4eme-edition-de-monacollecte-19457\/"},"author":{"name":"Redazione","@id":"https:\/\/montecarloliving.com\/fr\/#\/schema\/person\/7e5945d4560862b7f2d2c6831bda2819"},"headline":"La 4\u00e8me \u00e9dition de Monacollecte","datePublished":"2025-02-25T09:36:58+00:00","dateModified":"2025-02-25T09:43:04+00:00","mainEntityOfPage":{"@id":"https:\/\/montecarloliving.com\/fr\/actualite\/4eme-edition-de-monacollecte-19457\/"},"wordCount":451,"image":{"@id":"https:\/\/montecarloliving.com\/fr\/actualite\/4eme-edition-de-monacollecte-19457\/#primaryimage"},"thumbnailUrl":"https:\/\/montecarloliving.com\/wp-content\/uploads\/2025\/02\/sma-actu-02-2025.png","articleSection":["Actualit\u00e9","\u00c9v\u00e9nements","Lifestyle","Monaco"],"inLanguage":"fr-FR"},{"@type":"WebPage","@id":"https:\/\/montecarloliving.com\/fr\/actualite\/4eme-edition-de-monacollecte-19457\/","url":"https:\/\/montecarloliving.com\/fr\/actualite\/4eme-edition-de-monacollecte-19457\/","name":"La 4\u00e8me \u00e9dition de Monacollecte","isPartOf":{"@id":"https:\/\/montecarloliving.com\/fr\/#website"},"primaryImageOfPage":{"@id":"https:\/\/montecarloliving.com\/fr\/actualite\/4eme-edition-de-monacollecte-19457\/#primaryimage"},"image":{"@id":"https:\/\/montecarloliving.com\/fr\/actualite\/4eme-edition-de-monacollecte-19457\/#primaryimage"},"thumbnailUrl":"https:\/\/montecarloliving.com\/wp-content\/uploads\/2025\/02\/sma-actu-02-2025.png","datePublished":"2025-02-25T09:36:58+00:00","dateModified":"2025-02-25T09:43:04+00:00","author":{"@id":"https:\/\/montecarloliving.com\/fr\/#\/schema\/person\/7e5945d4560862b7f2d2c6831bda2819"},"description":"Monacollecte, qui a rencontr\u00e9 un grand succ\u00e8s, revient cette ann\u00e9e sur les quais du Port de Monaco. Gr\u00e2ce au soutien du Gouvernement de Monaco et en La 4\u00e8me \u00e9dition de Monacollecte","breadcrumb":{"@id":"https:\/\/montecarloliving.com\/fr\/actualite\/4eme-edition-de-monacollecte-19457\/#breadcrumb"},"inLanguage":"fr-FR","potentialAction":[{"@type":"ReadAction","target":["https:\/\/montecarloliving.com\/fr\/actualite\/4eme-edition-de-monacollecte-19457\/"]}]},{"@type":"ImageObject","inLanguage":"fr-FR","@id":"https:\/\/montecarloliving.com\/fr\/actualite\/4eme-edition-de-monacollecte-19457\/#primaryimage","url":"https:\/\/montecarloliving.com\/wp-content\/uploads\/2025\/02\/sma-actu-02-2025.png","contentUrl":"https:\/\/montecarloliving.com\/wp-content\/uploads\/2025\/02\/sma-actu-02-2025.png","width":1501,"height":1050},{"@type":"BreadcrumbList","@id":"https:\/\/montecarloliving.com\/fr\/actualite\/4eme-edition-de-monacollecte-19457\/#breadcrumb","itemListElement":[{"@type":"ListItem","position":1,"name":"Home","item":"https:\/\/montecarloliving.com\/fr\/"},{"@type":"ListItem","position":2,"name":"La 4\u00e8me \u00e9dition de Monacollecte"}]},{"@type":"WebSite","@id":"https:\/\/montecarloliving.com\/fr\/#website","url":"https:\/\/montecarloliving.com\/fr\/","name":"Montecarlo Living","description":"News da Montecarlo - Principato di Monaco e Costa Azzurra","potentialAction":[{"@type":"SearchAction","target":{"@type":"EntryPoint","urlTemplate":"https:\/\/montecarloliving.com\/fr\/?s={search_term_string}"},"query-input":{"@type":"PropertyValueSpecification","valueRequired":true,"valueName":"search_term_string"}}],"inLanguage":"fr-FR"},{"@type":"Person","@id":"https:\/\/montecarloliving.com\/fr\/#\/schema\/person\/7e5945d4560862b7f2d2c6831bda2819","name":"Redazione","image":{"@type":"ImageObject","inLanguage":"fr-FR","@id":"https:\/\/secure.gravatar.com\/avatar\/8b5f26557e18fe74ad8e8a57ebb2925d88af8a90cee489ff2beefb391bc9b9c7?s=96&d=mm&r=g","url":"https:\/\/secure.gravatar.com\/avatar\/8b5f26557e18fe74ad8e8a57ebb2925d88af8a90cee489ff2beefb391bc9b9c7?s=96&d=mm&r=g","contentUrl":"https:\/\/secure.gravatar.com\/avatar\/8b5f26557e18fe74ad8e8a57ebb2925d88af8a90cee489ff2beefb391bc9b9c7?s=96&d=mm&r=g","caption":"Redazione"}}]}},"_links":{"self":[{"href":"https:\/\/montecarloliving.com\/fr\/wp-json\/wp\/v2\/posts\/19457","targetHints":{"allow":["GET"]}}],"collection":[{"href":"https:\/\/montecarloliving.com\/fr\/wp-json\/wp\/v2\/posts"}],"about":[{"href":"https:\/\/montecarloliving.com\/fr\/wp-json\/wp\/v2\/types\/post"}],"author":[{"embeddable":true,"href":"https:\/\/montecarloliving.com\/fr\/wp-json\/wp\/v2\/users\/1"}],"replies":[{"embeddable":true,"href":"https:\/\/montecarloliving.com\/fr\/wp-json\/wp\/v2\/comments?post=19457"}],"version-history":[{"count":1,"href":"https:\/\/montecarloliving.com\/fr\/wp-json\/wp\/v2\/posts\/19457\/revisions"}],"predecessor-version":[{"id":19458,"href":"https:\/\/montecarloliving.com\/fr\/wp-json\/wp\/v2\/posts\/19457\/revisions\/19458"}],"wp:featuredmedia":[{"embeddable":true,"href":"https:\/\/montecarloliving.com\/fr\/wp-json\/wp\/v2\/media\/19450"}],"wp:attachment":[{"href":"https:\/\/montecarloliving.com\/fr\/wp-json\/wp\/v2\/media?parent=19457"}],"wp:term":[{"taxonomy":"category","embeddable":true,"href":"https:\/\/montecarloliving.com\/fr\/wp-json\/wp\/v2\/categories?post=19457"},{"taxonomy":"post_tag","embeddable":true,"href":"https:\/\/montecarloliving.com\/fr\/wp-json\/wp\/v2\/tags?post=19457"}],"curies":[{"name":"wp","href":"https:\/\/api.w.org\/{rel}","templated":true}]}}