{"id":19418,"date":"2025-02-24T11:48:21","date_gmt":"2025-02-24T10:48:21","guid":{"rendered":"https:\/\/montecarloliving.com\/?p=19418"},"modified":"2025-02-24T11:51:42","modified_gmt":"2025-02-24T10:51:42","slug":"jam-session-au-marche-de-condamine-de-monaco","status":"publish","type":"post","link":"https:\/\/montecarloliving.com\/fr\/evenements\/jam-session-au-marche-de-condamine-de-monaco-19418\/","title":{"rendered":"Jam Session au March\u00e9 de la Condamine de Monaco"},"content":{"rendered":"<p data-start=\"791\" data-end=\"985\">La Commune de Monaco annonce le lancement de nouvelles animations musicales au <strong>March\u00e9 de la Condamine<\/strong>, qui se transformera en une sc\u00e8ne musicale vivante avec <strong>des sessions de jam ouvertes \u00e0 tous<\/strong>.<\/p>\n<p data-start=\"987\" data-end=\"1228\">La premi\u00e8re session aura lieu <strong>mercredi 5 mars 2025 \u00e0 partir de 18h30<\/strong>. Que vous soyez musicien amateur, chanteur en herbe ou simplement passionn\u00e9 de musique, ces jam sessions sont ouvertes \u00e0 tous, sans restrictions d&rsquo;\u00e2ge ou de niveau musical.<\/p>\n<p data-start=\"987\" data-end=\"1228\"><img loading=\"lazy\" decoding=\"async\" class=\"size-full wp-image-19415 aligncenter\" src=\"https:\/\/montecarloliving.com\/wp-content\/uploads\/2025\/02\/J_5fe51853f9.jpg\" alt=\"\" width=\"361\" height=\"510\" srcset=\"https:\/\/montecarloliving.com\/wp-content\/uploads\/2025\/02\/J_5fe51853f9.jpg 361w, https:\/\/montecarloliving.com\/wp-content\/uploads\/2025\/02\/J_5fe51853f9-212x300.jpg 212w\" sizes=\"auto, (max-width: 361px) 100vw, 361px\" \/><\/p>\n<p data-start=\"1230\" data-end=\"1373\">Une occasion id\u00e9ale pour improviser des morceaux musicaux ou des chants avec d&rsquo;autres artistes et passer un agr\u00e9able moment en bonne compagnie.<\/p>\n<p data-start=\"1375\" data-end=\"1581\" data-is-last-node=\"\" data-is-only-node=\"\">Avec cette nouvelle animation, la Commune de Monaco poursuit son engagement \u00e0 dynamiser la vie locale et \u00e0 cr\u00e9er des moments de convivialit\u00e9. D&rsquo;autres soir\u00e9es de jam session seront organis\u00e9es prochainement.<\/p>\n","protected":false},"excerpt":{"rendered":"<p>La Commune de Monaco annonce le lancement de nouvelles animations musicales au March\u00e9 de la Condamine, qui se transformera en une sc\u00e8ne musicale vivante avec des sessions de jam ouvertes \u00e0 tous. La premi\u00e8re session aura lieu mercredi 5 mars 2025 \u00e0 partir de [&hellip;]<\/p>\n","protected":false},"author":1,"featured_media":19411,"comment_status":"closed","ping_status":"closed","sticky":false,"template":"","format":"standard","meta":{"footnotes":""},"categories":[828,872,867],"tags":[],"class_list":["post-19418","post","type-post","status-publish","format-standard","has-post-thumbnail","hentry","category-evenements","category-lifestyle-fr","category-monaco-fr"],"yoast_head":"<!-- This site is optimized with the Yoast SEO plugin v27.4 - https:\/\/yoast.com\/product\/yoast-seo-wordpress\/ -->\n<title>Jam Session au March\u00e9 de la Condamine de Monaco<\/title>\n<meta name=\"description\" content=\"La Commune de Monaco annonce le lancement de nouvelles animations musicales au March\u00e9 de la Condamine, qui se transformera en une sc\u00e8ne musicale vivante Jam Session au March\u00e9 de la Condamine de Monaco\" \/>\n<meta name=\"robots\" content=\"index, follow, max-snippet:-1, max-image-preview:large, max-video-preview:-1\" \/>\n<link rel=\"canonical\" href=\"https:\/\/montecarloliving.com\/fr\/evenements\/jam-session-au-marche-de-condamine-de-monaco-19418\/\" \/>\n<meta property=\"og:locale\" content=\"fr_FR\" \/>\n<meta property=\"og:title\" content=\"Jam Session au March\u00e9 de la Condamine de Monaco\" \/>\n<meta property=\"og:description\" content=\"La Commune de Monaco annonce le lancement de nouvelles animations musicales au March\u00e9 de la Condamine, qui se transformera en une sc\u00e8ne musicale vivante Jam Session au March\u00e9 de la Condamine de Monaco\" \/>\n<meta property=\"og:url\" content=\"https:\/\/montecarloliving.com\/fr\/evenements\/jam-session-au-marche-de-condamine-de-monaco-19418\/\" \/>\n<meta property=\"og:site_name\" content=\"Montecarlo Living\" \/>\n<meta property=\"article:publisher\" content=\"https:\/\/www.facebook.com\/montecarlolivingcom\/\" \/>\n<meta property=\"article:published_time\" content=\"2025-02-24T10:48:21+00:00\" \/>\n<meta property=\"article:modified_time\" content=\"2025-02-24T10:51:42+00:00\" \/>\n<meta property=\"og:image\" content=\"https:\/\/montecarloliving.com\/wp-content\/uploads\/2025\/02\/place-darmes-marche-de-la-condamine-2-1-650x400.jpg\" \/>\n\t<meta property=\"og:image:width\" content=\"650\" \/>\n\t<meta property=\"og:image:height\" content=\"400\" \/>\n\t<meta property=\"og:image:type\" content=\"image\/jpeg\" \/>\n<meta name=\"author\" content=\"Redazione\" \/>\n<meta name=\"twitter:card\" content=\"summary_large_image\" \/>\n<meta name=\"twitter:creator\" content=\"@MonteCarloLivi\" \/>\n<meta name=\"twitter:site\" content=\"@MonteCarloLivi\" \/>\n<meta name=\"twitter:label1\" content=\"\u00c9crit par\" \/>\n\t<meta name=\"twitter:data1\" content=\"Redazione\" \/>\n\t<meta name=\"twitter:label2\" content=\"Dur\u00e9e de lecture estim\u00e9e\" \/>\n\t<meta name=\"twitter:data2\" content=\"1 minute\" \/>\n<script type=\"application\/ld+json\" class=\"yoast-schema-graph\">{\"@context\":\"https:\\\/\\\/schema.org\",\"@graph\":[{\"@type\":\"Article\",\"@id\":\"https:\\\/\\\/montecarloliving.com\\\/fr\\\/evenements\\\/jam-session-au-marche-de-condamine-de-monaco-19418\\\/#article\",\"isPartOf\":{\"@id\":\"https:\\\/\\\/montecarloliving.com\\\/fr\\\/evenements\\\/jam-session-au-marche-de-condamine-de-monaco-19418\\\/\"},\"author\":{\"name\":\"Redazione\",\"@id\":\"https:\\\/\\\/montecarloliving.com\\\/fr\\\/#\\\/schema\\\/person\\\/7e5945d4560862b7f2d2c6831bda2819\"},\"headline\":\"Jam Session au March\u00e9 de la Condamine de Monaco\",\"datePublished\":\"2025-02-24T10:48:21+00:00\",\"dateModified\":\"2025-02-24T10:51:42+00:00\",\"mainEntityOfPage\":{\"@id\":\"https:\\\/\\\/montecarloliving.com\\\/fr\\\/evenements\\\/jam-session-au-marche-de-condamine-de-monaco-19418\\\/\"},\"wordCount\":137,\"image\":{\"@id\":\"https:\\\/\\\/montecarloliving.com\\\/fr\\\/evenements\\\/jam-session-au-marche-de-condamine-de-monaco-19418\\\/#primaryimage\"},\"thumbnailUrl\":\"https:\\\/\\\/montecarloliving.com\\\/wp-content\\\/uploads\\\/2025\\\/02\\\/place-darmes-marche-de-la-condamine-2-1.jpg\",\"articleSection\":[\"\u00c9v\u00e9nements\",\"Lifestyle\",\"Monaco\"],\"inLanguage\":\"fr-FR\"},{\"@type\":\"WebPage\",\"@id\":\"https:\\\/\\\/montecarloliving.com\\\/fr\\\/evenements\\\/jam-session-au-marche-de-condamine-de-monaco-19418\\\/\",\"url\":\"https:\\\/\\\/montecarloliving.com\\\/fr\\\/evenements\\\/jam-session-au-marche-de-condamine-de-monaco-19418\\\/\",\"name\":\"Jam Session au March\u00e9 de la Condamine de Monaco\",\"isPartOf\":{\"@id\":\"https:\\\/\\\/montecarloliving.com\\\/fr\\\/#website\"},\"primaryImageOfPage\":{\"@id\":\"https:\\\/\\\/montecarloliving.com\\\/fr\\\/evenements\\\/jam-session-au-marche-de-condamine-de-monaco-19418\\\/#primaryimage\"},\"image\":{\"@id\":\"https:\\\/\\\/montecarloliving.com\\\/fr\\\/evenements\\\/jam-session-au-marche-de-condamine-de-monaco-19418\\\/#primaryimage\"},\"thumbnailUrl\":\"https:\\\/\\\/montecarloliving.com\\\/wp-content\\\/uploads\\\/2025\\\/02\\\/place-darmes-marche-de-la-condamine-2-1.jpg\",\"datePublished\":\"2025-02-24T10:48:21+00:00\",\"dateModified\":\"2025-02-24T10:51:42+00:00\",\"author\":{\"@id\":\"https:\\\/\\\/montecarloliving.com\\\/fr\\\/#\\\/schema\\\/person\\\/7e5945d4560862b7f2d2c6831bda2819\"},\"description\":\"La Commune de Monaco annonce le lancement de nouvelles animations musicales au March\u00e9 de la Condamine, qui se transformera en une sc\u00e8ne musicale vivante Jam Session au March\u00e9 de la Condamine de Monaco\",\"breadcrumb\":{\"@id\":\"https:\\\/\\\/montecarloliving.com\\\/fr\\\/evenements\\\/jam-session-au-marche-de-condamine-de-monaco-19418\\\/#breadcrumb\"},\"inLanguage\":\"fr-FR\",\"potentialAction\":[{\"@type\":\"ReadAction\",\"target\":[\"https:\\\/\\\/montecarloliving.com\\\/fr\\\/evenements\\\/jam-session-au-marche-de-condamine-de-monaco-19418\\\/\"]}]},{\"@type\":\"ImageObject\",\"inLanguage\":\"fr-FR\",\"@id\":\"https:\\\/\\\/montecarloliving.com\\\/fr\\\/evenements\\\/jam-session-au-marche-de-condamine-de-monaco-19418\\\/#primaryimage\",\"url\":\"https:\\\/\\\/montecarloliving.com\\\/wp-content\\\/uploads\\\/2025\\\/02\\\/place-darmes-marche-de-la-condamine-2-1.jpg\",\"contentUrl\":\"https:\\\/\\\/montecarloliving.com\\\/wp-content\\\/uploads\\\/2025\\\/02\\\/place-darmes-marche-de-la-condamine-2-1.jpg\",\"width\":1562,\"height\":851},{\"@type\":\"BreadcrumbList\",\"@id\":\"https:\\\/\\\/montecarloliving.com\\\/fr\\\/evenements\\\/jam-session-au-marche-de-condamine-de-monaco-19418\\\/#breadcrumb\",\"itemListElement\":[{\"@type\":\"ListItem\",\"position\":1,\"name\":\"Home\",\"item\":\"https:\\\/\\\/montecarloliving.com\\\/fr\\\/\"},{\"@type\":\"ListItem\",\"position\":2,\"name\":\"Jam Session au March\u00e9 de la Condamine de Monaco\"}]},{\"@type\":\"WebSite\",\"@id\":\"https:\\\/\\\/montecarloliving.com\\\/fr\\\/#website\",\"url\":\"https:\\\/\\\/montecarloliving.com\\\/fr\\\/\",\"name\":\"Montecarlo Living\",\"description\":\"News da Montecarlo - Principato di Monaco e Costa Azzurra\",\"potentialAction\":[{\"@type\":\"SearchAction\",\"target\":{\"@type\":\"EntryPoint\",\"urlTemplate\":\"https:\\\/\\\/montecarloliving.com\\\/fr\\\/?s={search_term_string}\"},\"query-input\":{\"@type\":\"PropertyValueSpecification\",\"valueRequired\":true,\"valueName\":\"search_term_string\"}}],\"inLanguage\":\"fr-FR\"},{\"@type\":\"Person\",\"@id\":\"https:\\\/\\\/montecarloliving.com\\\/fr\\\/#\\\/schema\\\/person\\\/7e5945d4560862b7f2d2c6831bda2819\",\"name\":\"Redazione\",\"image\":{\"@type\":\"ImageObject\",\"inLanguage\":\"fr-FR\",\"@id\":\"https:\\\/\\\/secure.gravatar.com\\\/avatar\\\/8b5f26557e18fe74ad8e8a57ebb2925d88af8a90cee489ff2beefb391bc9b9c7?s=96&d=mm&r=g\",\"url\":\"https:\\\/\\\/secure.gravatar.com\\\/avatar\\\/8b5f26557e18fe74ad8e8a57ebb2925d88af8a90cee489ff2beefb391bc9b9c7?s=96&d=mm&r=g\",\"contentUrl\":\"https:\\\/\\\/secure.gravatar.com\\\/avatar\\\/8b5f26557e18fe74ad8e8a57ebb2925d88af8a90cee489ff2beefb391bc9b9c7?s=96&d=mm&r=g\",\"caption\":\"Redazione\"}}]}<\/script>\n<!-- \/ Yoast SEO plugin. -->","yoast_head_json":{"title":"Jam Session au March\u00e9 de la Condamine de Monaco","description":"La Commune de Monaco annonce le lancement de nouvelles animations musicales au March\u00e9 de la Condamine, qui se transformera en une sc\u00e8ne musicale vivante Jam Session au March\u00e9 de la Condamine de Monaco","robots":{"index":"index","follow":"follow","max-snippet":"max-snippet:-1","max-image-preview":"max-image-preview:large","max-video-preview":"max-video-preview:-1"},"canonical":"https:\/\/montecarloliving.com\/fr\/evenements\/jam-session-au-marche-de-condamine-de-monaco-19418\/","og_locale":"fr_FR","og_title":"Jam Session au March\u00e9 de la Condamine de Monaco","og_description":"La Commune de Monaco annonce le lancement de nouvelles animations musicales au March\u00e9 de la Condamine, qui se transformera en une sc\u00e8ne musicale vivante Jam Session au March\u00e9 de la Condamine de Monaco","og_url":"https:\/\/montecarloliving.com\/fr\/evenements\/jam-session-au-marche-de-condamine-de-monaco-19418\/","og_site_name":"Montecarlo Living","article_publisher":"https:\/\/www.facebook.com\/montecarlolivingcom\/","article_published_time":"2025-02-24T10:48:21+00:00","article_modified_time":"2025-02-24T10:51:42+00:00","og_image":[{"width":650,"height":400,"url":"https:\/\/montecarloliving.com\/wp-content\/uploads\/2025\/02\/place-darmes-marche-de-la-condamine-2-1-650x400.jpg","type":"image\/jpeg"}],"author":"Redazione","twitter_card":"summary_large_image","twitter_creator":"@MonteCarloLivi","twitter_site":"@MonteCarloLivi","twitter_misc":{"\u00c9crit par":"Redazione","Dur\u00e9e de lecture estim\u00e9e":"1 minute"},"schema":{"@context":"https:\/\/schema.org","@graph":[{"@type":"Article","@id":"https:\/\/montecarloliving.com\/fr\/evenements\/jam-session-au-marche-de-condamine-de-monaco-19418\/#article","isPartOf":{"@id":"https:\/\/montecarloliving.com\/fr\/evenements\/jam-session-au-marche-de-condamine-de-monaco-19418\/"},"author":{"name":"Redazione","@id":"https:\/\/montecarloliving.com\/fr\/#\/schema\/person\/7e5945d4560862b7f2d2c6831bda2819"},"headline":"Jam Session au March\u00e9 de la Condamine de Monaco","datePublished":"2025-02-24T10:48:21+00:00","dateModified":"2025-02-24T10:51:42+00:00","mainEntityOfPage":{"@id":"https:\/\/montecarloliving.com\/fr\/evenements\/jam-session-au-marche-de-condamine-de-monaco-19418\/"},"wordCount":137,"image":{"@id":"https:\/\/montecarloliving.com\/fr\/evenements\/jam-session-au-marche-de-condamine-de-monaco-19418\/#primaryimage"},"thumbnailUrl":"https:\/\/montecarloliving.com\/wp-content\/uploads\/2025\/02\/place-darmes-marche-de-la-condamine-2-1.jpg","articleSection":["\u00c9v\u00e9nements","Lifestyle","Monaco"],"inLanguage":"fr-FR"},{"@type":"WebPage","@id":"https:\/\/montecarloliving.com\/fr\/evenements\/jam-session-au-marche-de-condamine-de-monaco-19418\/","url":"https:\/\/montecarloliving.com\/fr\/evenements\/jam-session-au-marche-de-condamine-de-monaco-19418\/","name":"Jam Session au March\u00e9 de la Condamine de Monaco","isPartOf":{"@id":"https:\/\/montecarloliving.com\/fr\/#website"},"primaryImageOfPage":{"@id":"https:\/\/montecarloliving.com\/fr\/evenements\/jam-session-au-marche-de-condamine-de-monaco-19418\/#primaryimage"},"image":{"@id":"https:\/\/montecarloliving.com\/fr\/evenements\/jam-session-au-marche-de-condamine-de-monaco-19418\/#primaryimage"},"thumbnailUrl":"https:\/\/montecarloliving.com\/wp-content\/uploads\/2025\/02\/place-darmes-marche-de-la-condamine-2-1.jpg","datePublished":"2025-02-24T10:48:21+00:00","dateModified":"2025-02-24T10:51:42+00:00","author":{"@id":"https:\/\/montecarloliving.com\/fr\/#\/schema\/person\/7e5945d4560862b7f2d2c6831bda2819"},"description":"La Commune de Monaco annonce le lancement de nouvelles animations musicales au March\u00e9 de la Condamine, qui se transformera en une sc\u00e8ne musicale vivante Jam Session au March\u00e9 de la Condamine de Monaco","breadcrumb":{"@id":"https:\/\/montecarloliving.com\/fr\/evenements\/jam-session-au-marche-de-condamine-de-monaco-19418\/#breadcrumb"},"inLanguage":"fr-FR","potentialAction":[{"@type":"ReadAction","target":["https:\/\/montecarloliving.com\/fr\/evenements\/jam-session-au-marche-de-condamine-de-monaco-19418\/"]}]},{"@type":"ImageObject","inLanguage":"fr-FR","@id":"https:\/\/montecarloliving.com\/fr\/evenements\/jam-session-au-marche-de-condamine-de-monaco-19418\/#primaryimage","url":"https:\/\/montecarloliving.com\/wp-content\/uploads\/2025\/02\/place-darmes-marche-de-la-condamine-2-1.jpg","contentUrl":"https:\/\/montecarloliving.com\/wp-content\/uploads\/2025\/02\/place-darmes-marche-de-la-condamine-2-1.jpg","width":1562,"height":851},{"@type":"BreadcrumbList","@id":"https:\/\/montecarloliving.com\/fr\/evenements\/jam-session-au-marche-de-condamine-de-monaco-19418\/#breadcrumb","itemListElement":[{"@type":"ListItem","position":1,"name":"Home","item":"https:\/\/montecarloliving.com\/fr\/"},{"@type":"ListItem","position":2,"name":"Jam Session au March\u00e9 de la Condamine de Monaco"}]},{"@type":"WebSite","@id":"https:\/\/montecarloliving.com\/fr\/#website","url":"https:\/\/montecarloliving.com\/fr\/","name":"Montecarlo Living","description":"News da Montecarlo - Principato di Monaco e Costa Azzurra","potentialAction":[{"@type":"SearchAction","target":{"@type":"EntryPoint","urlTemplate":"https:\/\/montecarloliving.com\/fr\/?s={search_term_string}"},"query-input":{"@type":"PropertyValueSpecification","valueRequired":true,"valueName":"search_term_string"}}],"inLanguage":"fr-FR"},{"@type":"Person","@id":"https:\/\/montecarloliving.com\/fr\/#\/schema\/person\/7e5945d4560862b7f2d2c6831bda2819","name":"Redazione","image":{"@type":"ImageObject","inLanguage":"fr-FR","@id":"https:\/\/secure.gravatar.com\/avatar\/8b5f26557e18fe74ad8e8a57ebb2925d88af8a90cee489ff2beefb391bc9b9c7?s=96&d=mm&r=g","url":"https:\/\/secure.gravatar.com\/avatar\/8b5f26557e18fe74ad8e8a57ebb2925d88af8a90cee489ff2beefb391bc9b9c7?s=96&d=mm&r=g","contentUrl":"https:\/\/secure.gravatar.com\/avatar\/8b5f26557e18fe74ad8e8a57ebb2925d88af8a90cee489ff2beefb391bc9b9c7?s=96&d=mm&r=g","caption":"Redazione"}}]}},"_links":{"self":[{"href":"https:\/\/montecarloliving.com\/fr\/wp-json\/wp\/v2\/posts\/19418","targetHints":{"allow":["GET"]}}],"collection":[{"href":"https:\/\/montecarloliving.com\/fr\/wp-json\/wp\/v2\/posts"}],"about":[{"href":"https:\/\/montecarloliving.com\/fr\/wp-json\/wp\/v2\/types\/post"}],"author":[{"embeddable":true,"href":"https:\/\/montecarloliving.com\/fr\/wp-json\/wp\/v2\/users\/1"}],"replies":[{"embeddable":true,"href":"https:\/\/montecarloliving.com\/fr\/wp-json\/wp\/v2\/comments?post=19418"}],"version-history":[{"count":1,"href":"https:\/\/montecarloliving.com\/fr\/wp-json\/wp\/v2\/posts\/19418\/revisions"}],"predecessor-version":[{"id":19419,"href":"https:\/\/montecarloliving.com\/fr\/wp-json\/wp\/v2\/posts\/19418\/revisions\/19419"}],"wp:featuredmedia":[{"embeddable":true,"href":"https:\/\/montecarloliving.com\/fr\/wp-json\/wp\/v2\/media\/19411"}],"wp:attachment":[{"href":"https:\/\/montecarloliving.com\/fr\/wp-json\/wp\/v2\/media?parent=19418"}],"wp:term":[{"taxonomy":"category","embeddable":true,"href":"https:\/\/montecarloliving.com\/fr\/wp-json\/wp\/v2\/categories?post=19418"},{"taxonomy":"post_tag","embeddable":true,"href":"https:\/\/montecarloliving.com\/fr\/wp-json\/wp\/v2\/tags?post=19418"}],"curies":[{"name":"wp","href":"https:\/\/api.w.org\/{rel}","templated":true}]}}