{"id":19383,"date":"2025-02-24T08:44:56","date_gmt":"2025-02-24T07:44:56","guid":{"rendered":"https:\/\/montecarloliving.com\/?p=19383"},"modified":"2025-02-21T12:04:11","modified_gmt":"2025-02-21T11:04:11","slug":"les-portes-du-vieux-nice-nouvelle-exposition-de-geraldine-sadlier-au-centre-du-patrimoine-senat-de-nice","status":"publish","type":"post","link":"https:\/\/montecarloliving.com\/fr\/evenements\/les-portes-du-vieux-nice-nouvelle-exposition-de-geraldine-sadlier-au-centre-du-patrimoine-senat-de-nice-19383\/","title":{"rendered":"\u00ab\u00a0Les Portes du Vieux Nice\u00a0\u00bb : la nouvelle exposition de G\u00e9raldine Sadlier au Centre du Patrimoine \u2013 Le S\u00e9nat de Nice"},"content":{"rendered":"<p data-start=\"1423\" data-end=\"1640\"><strong>Jusqu\u2019au 30 avril 2025<\/strong>, le Centre du Patrimoine \u2013 Le S\u00e9nat de la ville de Nice accueille l\u2019exposition<em><strong> \u00ab\u00a0Les Portes du Vieux-Nice\u00a0\u00bb<\/strong><\/em>, une fascinante exploration des portes qui caract\u00e9risent le c\u0153ur historique de la ville.<\/p>\n<p data-start=\"1642\" data-end=\"1922\">Les portes, en particulier celles qui ornent le quartier du Vieux-Nice, sont des objets riches de sens. Au-del\u00e0 de leur fonction de protection et d\u2019acc\u00e8s, elles ont \u00e9galement une valeur d\u00e9corative et symbolique, racontant des histoires d\u2019un pass\u00e9 qui se m\u00eale \u00e0 la vie quotidienne.<\/p>\n<p data-start=\"1642\" data-end=\"1922\"><img loading=\"lazy\" decoding=\"async\" class=\"size-full wp-image-19371 aligncenter\" src=\"https:\/\/montecarloliving.com\/wp-content\/uploads\/2025\/02\/Portes_du_Vieux_Nice.jpg\" alt=\"\" width=\"500\" height=\"300\" srcset=\"https:\/\/montecarloliving.com\/wp-content\/uploads\/2025\/02\/Portes_du_Vieux_Nice.jpg 500w, https:\/\/montecarloliving.com\/wp-content\/uploads\/2025\/02\/Portes_du_Vieux_Nice-300x180.jpg 300w\" sizes=\"auto, (max-width: 500px) 100vw, 500px\" \/><\/p>\n<p data-start=\"1924\" data-end=\"2181\">L\u2019exposition pr\u00e9sente 26 dessins d\u00e9taill\u00e9s des portes du Vieux-Nice, r\u00e9alis\u00e9s par l\u2019artiste et peintre G\u00e9raldine Sadlier \u00e0 l\u2019encre de Chine. Ces \u0153uvres permettent d\u2019appr\u00e9cier la vari\u00e9t\u00e9 et la beaut\u00e9 des portes qui jalonnent le centre historique de la ville.<\/p>\n<p data-start=\"2183\" data-end=\"2477\">Pour compl\u00e9ter l&rsquo;\u0153uvre, les photographies de Laurent Costantini, sp\u00e9cialement command\u00e9es par Sadlier, apportent une dimension visuelle suppl\u00e9mentaire, enrichissant et approfondissant le th\u00e8me de l\u2019exposition avec des images qui capturent l\u2019essence de ces portes et leurs d\u00e9tails architecturaux.<\/p>\n<p data-start=\"2479\" data-end=\"2710\">De plus, certaines vitrines de l&rsquo;exposition pr\u00e9sentent des pi\u00e8ces originales de serrures et d&rsquo;autres composants m\u00e9caniques des portes, gracieusement pr\u00eat\u00e9es par Jean-Paul L\u00e9o, le dernier forgeron ayant travaill\u00e9 dans le Vieux-Nice.<\/p>\n<p data-start=\"2712\" data-end=\"2851\" data-is-last-node=\"\" data-is-only-node=\"\">L&rsquo;exposition est ouverte <strong>au Centre du Patrimoine \u2013 Le S\u00e9nat<\/strong>, situ\u00e9 au c\u0153ur du Vieux-Nice, au 14 rue Jules-Gilly, \u00e0 l&rsquo;angle du Cours Saleya.<\/p>\n","protected":false},"excerpt":{"rendered":"<p>Jusqu\u2019au 30 avril 2025, le Centre du Patrimoine \u2013 Le S\u00e9nat de la ville de Nice accueille l\u2019exposition \u00ab\u00a0Les Portes du Vieux-Nice\u00a0\u00bb, une fascinante exploration des portes qui caract\u00e9risent le c\u0153ur historique de la ville. Les portes, en particulier celles qui ornent le quartier [&hellip;]<\/p>\n","protected":false},"author":1,"featured_media":19380,"comment_status":"closed","ping_status":"closed","sticky":false,"template":"","format":"standard","meta":{"footnotes":""},"categories":[828,868],"tags":[],"class_list":["post-19383","post","type-post","status-publish","format-standard","has-post-thumbnail","hentry","category-evenements","category-nice-fr"],"yoast_head":"<!-- This site is optimized with the Yoast SEO plugin v27.4 - https:\/\/yoast.com\/product\/yoast-seo-wordpress\/ -->\n<title>&quot;Les Portes du Vieux Nice&quot; : la nouvelle exposition de G\u00e9raldine Sadlier au Centre du Patrimoine \u2013 Le S\u00e9nat de Nice<\/title>\n<meta name=\"description\" content=\"Jusqu\u2019au 30 avril 2025, le Centre du Patrimoine \u2013 Le S\u00e9nat de la ville de Nice accueille l\u2019exposition &quot;Les Portes du Vieux-Nice&quot;, une fascinante &quot;Les Portes du Vieux Nice&quot; : la nouvelle exposition de G\u00e9raldine Sadlier au Centre du Patrimoine \u2013 Le S\u00e9nat de Nice\" \/>\n<meta name=\"robots\" content=\"index, follow, max-snippet:-1, max-image-preview:large, max-video-preview:-1\" \/>\n<link rel=\"canonical\" href=\"https:\/\/montecarloliving.com\/fr\/evenements\/les-portes-du-vieux-nice-nouvelle-exposition-de-geraldine-sadlier-au-centre-du-patrimoine-senat-de-nice-19383\/\" \/>\n<meta property=\"og:locale\" content=\"fr_FR\" \/>\n<meta property=\"og:title\" content=\"&quot;Les Portes du Vieux Nice&quot; : la nouvelle exposition de G\u00e9raldine Sadlier au Centre du Patrimoine \u2013 Le S\u00e9nat de Nice\" \/>\n<meta property=\"og:description\" content=\"Jusqu\u2019au 30 avril 2025, le Centre du Patrimoine \u2013 Le S\u00e9nat de la ville de Nice accueille l\u2019exposition &quot;Les Portes du Vieux-Nice&quot;, une fascinante &quot;Les Portes du Vieux Nice&quot; : la nouvelle exposition de G\u00e9raldine Sadlier au Centre du Patrimoine \u2013 Le S\u00e9nat de Nice\" \/>\n<meta property=\"og:url\" content=\"https:\/\/montecarloliving.com\/fr\/evenements\/les-portes-du-vieux-nice-nouvelle-exposition-de-geraldine-sadlier-au-centre-du-patrimoine-senat-de-nice-19383\/\" \/>\n<meta property=\"og:site_name\" content=\"Montecarlo Living\" \/>\n<meta property=\"article:publisher\" content=\"https:\/\/www.facebook.com\/montecarlolivingcom\/\" \/>\n<meta property=\"article:published_time\" content=\"2025-02-24T07:44:56+00:00\" \/>\n<meta property=\"og:image\" content=\"https:\/\/montecarloliving.com\/wp-content\/uploads\/2025\/02\/la-poulette-volaille-nice-watercolour-painting-geraldine-sadlier-650x400.webp\" \/>\n\t<meta property=\"og:image:width\" content=\"650\" \/>\n\t<meta property=\"og:image:height\" content=\"400\" \/>\n\t<meta property=\"og:image:type\" content=\"image\/webp\" \/>\n<meta name=\"author\" content=\"Redazione\" \/>\n<meta name=\"twitter:card\" content=\"summary_large_image\" \/>\n<meta name=\"twitter:creator\" content=\"@MonteCarloLivi\" \/>\n<meta name=\"twitter:site\" content=\"@MonteCarloLivi\" \/>\n<meta name=\"twitter:label1\" content=\"\u00c9crit par\" \/>\n\t<meta name=\"twitter:data1\" content=\"Redazione\" \/>\n\t<meta name=\"twitter:label2\" content=\"Dur\u00e9e de lecture estim\u00e9e\" \/>\n\t<meta name=\"twitter:data2\" content=\"2 minutes\" \/>\n<script type=\"application\/ld+json\" class=\"yoast-schema-graph\">{\"@context\":\"https:\\\/\\\/schema.org\",\"@graph\":[{\"@type\":\"Article\",\"@id\":\"https:\\\/\\\/montecarloliving.com\\\/fr\\\/evenements\\\/les-portes-du-vieux-nice-nouvelle-exposition-de-geraldine-sadlier-au-centre-du-patrimoine-senat-de-nice-19383\\\/#article\",\"isPartOf\":{\"@id\":\"https:\\\/\\\/montecarloliving.com\\\/fr\\\/evenements\\\/les-portes-du-vieux-nice-nouvelle-exposition-de-geraldine-sadlier-au-centre-du-patrimoine-senat-de-nice-19383\\\/\"},\"author\":{\"name\":\"Redazione\",\"@id\":\"https:\\\/\\\/montecarloliving.com\\\/fr\\\/#\\\/schema\\\/person\\\/7e5945d4560862b7f2d2c6831bda2819\"},\"headline\":\"\u00ab\u00a0Les Portes du Vieux Nice\u00a0\u00bb : la nouvelle exposition de G\u00e9raldine Sadlier au Centre du Patrimoine \u2013 Le S\u00e9nat de Nice\",\"datePublished\":\"2025-02-24T07:44:56+00:00\",\"mainEntityOfPage\":{\"@id\":\"https:\\\/\\\/montecarloliving.com\\\/fr\\\/evenements\\\/les-portes-du-vieux-nice-nouvelle-exposition-de-geraldine-sadlier-au-centre-du-patrimoine-senat-de-nice-19383\\\/\"},\"wordCount\":266,\"image\":{\"@id\":\"https:\\\/\\\/montecarloliving.com\\\/fr\\\/evenements\\\/les-portes-du-vieux-nice-nouvelle-exposition-de-geraldine-sadlier-au-centre-du-patrimoine-senat-de-nice-19383\\\/#primaryimage\"},\"thumbnailUrl\":\"https:\\\/\\\/montecarloliving.com\\\/wp-content\\\/uploads\\\/2025\\\/02\\\/la-poulette-volaille-nice-watercolour-painting-geraldine-sadlier.webp\",\"articleSection\":[\"\u00c9v\u00e9nements\",\"Nice\"],\"inLanguage\":\"fr-FR\"},{\"@type\":\"WebPage\",\"@id\":\"https:\\\/\\\/montecarloliving.com\\\/fr\\\/evenements\\\/les-portes-du-vieux-nice-nouvelle-exposition-de-geraldine-sadlier-au-centre-du-patrimoine-senat-de-nice-19383\\\/\",\"url\":\"https:\\\/\\\/montecarloliving.com\\\/fr\\\/evenements\\\/les-portes-du-vieux-nice-nouvelle-exposition-de-geraldine-sadlier-au-centre-du-patrimoine-senat-de-nice-19383\\\/\",\"name\":\"\\\"Les Portes du Vieux Nice\\\" : la nouvelle exposition de G\u00e9raldine Sadlier au Centre du Patrimoine \u2013 Le S\u00e9nat de Nice\",\"isPartOf\":{\"@id\":\"https:\\\/\\\/montecarloliving.com\\\/fr\\\/#website\"},\"primaryImageOfPage\":{\"@id\":\"https:\\\/\\\/montecarloliving.com\\\/fr\\\/evenements\\\/les-portes-du-vieux-nice-nouvelle-exposition-de-geraldine-sadlier-au-centre-du-patrimoine-senat-de-nice-19383\\\/#primaryimage\"},\"image\":{\"@id\":\"https:\\\/\\\/montecarloliving.com\\\/fr\\\/evenements\\\/les-portes-du-vieux-nice-nouvelle-exposition-de-geraldine-sadlier-au-centre-du-patrimoine-senat-de-nice-19383\\\/#primaryimage\"},\"thumbnailUrl\":\"https:\\\/\\\/montecarloliving.com\\\/wp-content\\\/uploads\\\/2025\\\/02\\\/la-poulette-volaille-nice-watercolour-painting-geraldine-sadlier.webp\",\"datePublished\":\"2025-02-24T07:44:56+00:00\",\"author\":{\"@id\":\"https:\\\/\\\/montecarloliving.com\\\/fr\\\/#\\\/schema\\\/person\\\/7e5945d4560862b7f2d2c6831bda2819\"},\"description\":\"Jusqu\u2019au 30 avril 2025, le Centre du Patrimoine \u2013 Le S\u00e9nat de la ville de Nice accueille l\u2019exposition \\\"Les Portes du Vieux-Nice\\\", une fascinante \\\"Les Portes du Vieux Nice\\\" : la nouvelle exposition de G\u00e9raldine Sadlier au Centre du Patrimoine \u2013 Le S\u00e9nat de Nice\",\"breadcrumb\":{\"@id\":\"https:\\\/\\\/montecarloliving.com\\\/fr\\\/evenements\\\/les-portes-du-vieux-nice-nouvelle-exposition-de-geraldine-sadlier-au-centre-du-patrimoine-senat-de-nice-19383\\\/#breadcrumb\"},\"inLanguage\":\"fr-FR\",\"potentialAction\":[{\"@type\":\"ReadAction\",\"target\":[\"https:\\\/\\\/montecarloliving.com\\\/fr\\\/evenements\\\/les-portes-du-vieux-nice-nouvelle-exposition-de-geraldine-sadlier-au-centre-du-patrimoine-senat-de-nice-19383\\\/\"]}]},{\"@type\":\"ImageObject\",\"inLanguage\":\"fr-FR\",\"@id\":\"https:\\\/\\\/montecarloliving.com\\\/fr\\\/evenements\\\/les-portes-du-vieux-nice-nouvelle-exposition-de-geraldine-sadlier-au-centre-du-patrimoine-senat-de-nice-19383\\\/#primaryimage\",\"url\":\"https:\\\/\\\/montecarloliving.com\\\/wp-content\\\/uploads\\\/2025\\\/02\\\/la-poulette-volaille-nice-watercolour-painting-geraldine-sadlier.webp\",\"contentUrl\":\"https:\\\/\\\/montecarloliving.com\\\/wp-content\\\/uploads\\\/2025\\\/02\\\/la-poulette-volaille-nice-watercolour-painting-geraldine-sadlier.webp\",\"width\":1024,\"height\":768},{\"@type\":\"BreadcrumbList\",\"@id\":\"https:\\\/\\\/montecarloliving.com\\\/fr\\\/evenements\\\/les-portes-du-vieux-nice-nouvelle-exposition-de-geraldine-sadlier-au-centre-du-patrimoine-senat-de-nice-19383\\\/#breadcrumb\",\"itemListElement\":[{\"@type\":\"ListItem\",\"position\":1,\"name\":\"Home\",\"item\":\"https:\\\/\\\/montecarloliving.com\\\/fr\\\/\"},{\"@type\":\"ListItem\",\"position\":2,\"name\":\"&#8220;Les Portes du Vieux Nice&#8221; : la nouvelle exposition de G\u00e9raldine Sadlier au Centre du Patrimoine \u2013 Le S\u00e9nat de Nice\"}]},{\"@type\":\"WebSite\",\"@id\":\"https:\\\/\\\/montecarloliving.com\\\/fr\\\/#website\",\"url\":\"https:\\\/\\\/montecarloliving.com\\\/fr\\\/\",\"name\":\"Montecarlo Living\",\"description\":\"News da Montecarlo - Principato di Monaco e Costa Azzurra\",\"potentialAction\":[{\"@type\":\"SearchAction\",\"target\":{\"@type\":\"EntryPoint\",\"urlTemplate\":\"https:\\\/\\\/montecarloliving.com\\\/fr\\\/?s={search_term_string}\"},\"query-input\":{\"@type\":\"PropertyValueSpecification\",\"valueRequired\":true,\"valueName\":\"search_term_string\"}}],\"inLanguage\":\"fr-FR\"},{\"@type\":\"Person\",\"@id\":\"https:\\\/\\\/montecarloliving.com\\\/fr\\\/#\\\/schema\\\/person\\\/7e5945d4560862b7f2d2c6831bda2819\",\"name\":\"Redazione\",\"image\":{\"@type\":\"ImageObject\",\"inLanguage\":\"fr-FR\",\"@id\":\"https:\\\/\\\/secure.gravatar.com\\\/avatar\\\/8b5f26557e18fe74ad8e8a57ebb2925d88af8a90cee489ff2beefb391bc9b9c7?s=96&d=mm&r=g\",\"url\":\"https:\\\/\\\/secure.gravatar.com\\\/avatar\\\/8b5f26557e18fe74ad8e8a57ebb2925d88af8a90cee489ff2beefb391bc9b9c7?s=96&d=mm&r=g\",\"contentUrl\":\"https:\\\/\\\/secure.gravatar.com\\\/avatar\\\/8b5f26557e18fe74ad8e8a57ebb2925d88af8a90cee489ff2beefb391bc9b9c7?s=96&d=mm&r=g\",\"caption\":\"Redazione\"}}]}<\/script>\n<!-- \/ Yoast SEO plugin. -->","yoast_head_json":{"title":"\"Les Portes du Vieux Nice\" : la nouvelle exposition de G\u00e9raldine Sadlier au Centre du Patrimoine \u2013 Le S\u00e9nat de Nice","description":"Jusqu\u2019au 30 avril 2025, le Centre du Patrimoine \u2013 Le S\u00e9nat de la ville de Nice accueille l\u2019exposition \"Les Portes du Vieux-Nice\", une fascinante \"Les Portes du Vieux Nice\" : la nouvelle exposition de G\u00e9raldine Sadlier au Centre du Patrimoine \u2013 Le S\u00e9nat de Nice","robots":{"index":"index","follow":"follow","max-snippet":"max-snippet:-1","max-image-preview":"max-image-preview:large","max-video-preview":"max-video-preview:-1"},"canonical":"https:\/\/montecarloliving.com\/fr\/evenements\/les-portes-du-vieux-nice-nouvelle-exposition-de-geraldine-sadlier-au-centre-du-patrimoine-senat-de-nice-19383\/","og_locale":"fr_FR","og_title":"\"Les Portes du Vieux Nice\" : la nouvelle exposition de G\u00e9raldine Sadlier au Centre du Patrimoine \u2013 Le S\u00e9nat de Nice","og_description":"Jusqu\u2019au 30 avril 2025, le Centre du Patrimoine \u2013 Le S\u00e9nat de la ville de Nice accueille l\u2019exposition \"Les Portes du Vieux-Nice\", une fascinante \"Les Portes du Vieux Nice\" : la nouvelle exposition de G\u00e9raldine Sadlier au Centre du Patrimoine \u2013 Le S\u00e9nat de Nice","og_url":"https:\/\/montecarloliving.com\/fr\/evenements\/les-portes-du-vieux-nice-nouvelle-exposition-de-geraldine-sadlier-au-centre-du-patrimoine-senat-de-nice-19383\/","og_site_name":"Montecarlo Living","article_publisher":"https:\/\/www.facebook.com\/montecarlolivingcom\/","article_published_time":"2025-02-24T07:44:56+00:00","og_image":[{"width":650,"height":400,"url":"https:\/\/montecarloliving.com\/wp-content\/uploads\/2025\/02\/la-poulette-volaille-nice-watercolour-painting-geraldine-sadlier-650x400.webp","type":"image\/webp"}],"author":"Redazione","twitter_card":"summary_large_image","twitter_creator":"@MonteCarloLivi","twitter_site":"@MonteCarloLivi","twitter_misc":{"\u00c9crit par":"Redazione","Dur\u00e9e de lecture estim\u00e9e":"2 minutes"},"schema":{"@context":"https:\/\/schema.org","@graph":[{"@type":"Article","@id":"https:\/\/montecarloliving.com\/fr\/evenements\/les-portes-du-vieux-nice-nouvelle-exposition-de-geraldine-sadlier-au-centre-du-patrimoine-senat-de-nice-19383\/#article","isPartOf":{"@id":"https:\/\/montecarloliving.com\/fr\/evenements\/les-portes-du-vieux-nice-nouvelle-exposition-de-geraldine-sadlier-au-centre-du-patrimoine-senat-de-nice-19383\/"},"author":{"name":"Redazione","@id":"https:\/\/montecarloliving.com\/fr\/#\/schema\/person\/7e5945d4560862b7f2d2c6831bda2819"},"headline":"\u00ab\u00a0Les Portes du Vieux Nice\u00a0\u00bb : la nouvelle exposition de G\u00e9raldine Sadlier au Centre du Patrimoine \u2013 Le S\u00e9nat de Nice","datePublished":"2025-02-24T07:44:56+00:00","mainEntityOfPage":{"@id":"https:\/\/montecarloliving.com\/fr\/evenements\/les-portes-du-vieux-nice-nouvelle-exposition-de-geraldine-sadlier-au-centre-du-patrimoine-senat-de-nice-19383\/"},"wordCount":266,"image":{"@id":"https:\/\/montecarloliving.com\/fr\/evenements\/les-portes-du-vieux-nice-nouvelle-exposition-de-geraldine-sadlier-au-centre-du-patrimoine-senat-de-nice-19383\/#primaryimage"},"thumbnailUrl":"https:\/\/montecarloliving.com\/wp-content\/uploads\/2025\/02\/la-poulette-volaille-nice-watercolour-painting-geraldine-sadlier.webp","articleSection":["\u00c9v\u00e9nements","Nice"],"inLanguage":"fr-FR"},{"@type":"WebPage","@id":"https:\/\/montecarloliving.com\/fr\/evenements\/les-portes-du-vieux-nice-nouvelle-exposition-de-geraldine-sadlier-au-centre-du-patrimoine-senat-de-nice-19383\/","url":"https:\/\/montecarloliving.com\/fr\/evenements\/les-portes-du-vieux-nice-nouvelle-exposition-de-geraldine-sadlier-au-centre-du-patrimoine-senat-de-nice-19383\/","name":"\"Les Portes du Vieux Nice\" : la nouvelle exposition de G\u00e9raldine Sadlier au Centre du Patrimoine \u2013 Le S\u00e9nat de Nice","isPartOf":{"@id":"https:\/\/montecarloliving.com\/fr\/#website"},"primaryImageOfPage":{"@id":"https:\/\/montecarloliving.com\/fr\/evenements\/les-portes-du-vieux-nice-nouvelle-exposition-de-geraldine-sadlier-au-centre-du-patrimoine-senat-de-nice-19383\/#primaryimage"},"image":{"@id":"https:\/\/montecarloliving.com\/fr\/evenements\/les-portes-du-vieux-nice-nouvelle-exposition-de-geraldine-sadlier-au-centre-du-patrimoine-senat-de-nice-19383\/#primaryimage"},"thumbnailUrl":"https:\/\/montecarloliving.com\/wp-content\/uploads\/2025\/02\/la-poulette-volaille-nice-watercolour-painting-geraldine-sadlier.webp","datePublished":"2025-02-24T07:44:56+00:00","author":{"@id":"https:\/\/montecarloliving.com\/fr\/#\/schema\/person\/7e5945d4560862b7f2d2c6831bda2819"},"description":"Jusqu\u2019au 30 avril 2025, le Centre du Patrimoine \u2013 Le S\u00e9nat de la ville de Nice accueille l\u2019exposition \"Les Portes du Vieux-Nice\", une fascinante \"Les Portes du Vieux Nice\" : la nouvelle exposition de G\u00e9raldine Sadlier au Centre du Patrimoine \u2013 Le S\u00e9nat de Nice","breadcrumb":{"@id":"https:\/\/montecarloliving.com\/fr\/evenements\/les-portes-du-vieux-nice-nouvelle-exposition-de-geraldine-sadlier-au-centre-du-patrimoine-senat-de-nice-19383\/#breadcrumb"},"inLanguage":"fr-FR","potentialAction":[{"@type":"ReadAction","target":["https:\/\/montecarloliving.com\/fr\/evenements\/les-portes-du-vieux-nice-nouvelle-exposition-de-geraldine-sadlier-au-centre-du-patrimoine-senat-de-nice-19383\/"]}]},{"@type":"ImageObject","inLanguage":"fr-FR","@id":"https:\/\/montecarloliving.com\/fr\/evenements\/les-portes-du-vieux-nice-nouvelle-exposition-de-geraldine-sadlier-au-centre-du-patrimoine-senat-de-nice-19383\/#primaryimage","url":"https:\/\/montecarloliving.com\/wp-content\/uploads\/2025\/02\/la-poulette-volaille-nice-watercolour-painting-geraldine-sadlier.webp","contentUrl":"https:\/\/montecarloliving.com\/wp-content\/uploads\/2025\/02\/la-poulette-volaille-nice-watercolour-painting-geraldine-sadlier.webp","width":1024,"height":768},{"@type":"BreadcrumbList","@id":"https:\/\/montecarloliving.com\/fr\/evenements\/les-portes-du-vieux-nice-nouvelle-exposition-de-geraldine-sadlier-au-centre-du-patrimoine-senat-de-nice-19383\/#breadcrumb","itemListElement":[{"@type":"ListItem","position":1,"name":"Home","item":"https:\/\/montecarloliving.com\/fr\/"},{"@type":"ListItem","position":2,"name":"&#8220;Les Portes du Vieux Nice&#8221; : la nouvelle exposition de G\u00e9raldine Sadlier au Centre du Patrimoine \u2013 Le S\u00e9nat de Nice"}]},{"@type":"WebSite","@id":"https:\/\/montecarloliving.com\/fr\/#website","url":"https:\/\/montecarloliving.com\/fr\/","name":"Montecarlo Living","description":"News da Montecarlo - Principato di Monaco e Costa Azzurra","potentialAction":[{"@type":"SearchAction","target":{"@type":"EntryPoint","urlTemplate":"https:\/\/montecarloliving.com\/fr\/?s={search_term_string}"},"query-input":{"@type":"PropertyValueSpecification","valueRequired":true,"valueName":"search_term_string"}}],"inLanguage":"fr-FR"},{"@type":"Person","@id":"https:\/\/montecarloliving.com\/fr\/#\/schema\/person\/7e5945d4560862b7f2d2c6831bda2819","name":"Redazione","image":{"@type":"ImageObject","inLanguage":"fr-FR","@id":"https:\/\/secure.gravatar.com\/avatar\/8b5f26557e18fe74ad8e8a57ebb2925d88af8a90cee489ff2beefb391bc9b9c7?s=96&d=mm&r=g","url":"https:\/\/secure.gravatar.com\/avatar\/8b5f26557e18fe74ad8e8a57ebb2925d88af8a90cee489ff2beefb391bc9b9c7?s=96&d=mm&r=g","contentUrl":"https:\/\/secure.gravatar.com\/avatar\/8b5f26557e18fe74ad8e8a57ebb2925d88af8a90cee489ff2beefb391bc9b9c7?s=96&d=mm&r=g","caption":"Redazione"}}]}},"_links":{"self":[{"href":"https:\/\/montecarloliving.com\/fr\/wp-json\/wp\/v2\/posts\/19383","targetHints":{"allow":["GET"]}}],"collection":[{"href":"https:\/\/montecarloliving.com\/fr\/wp-json\/wp\/v2\/posts"}],"about":[{"href":"https:\/\/montecarloliving.com\/fr\/wp-json\/wp\/v2\/types\/post"}],"author":[{"embeddable":true,"href":"https:\/\/montecarloliving.com\/fr\/wp-json\/wp\/v2\/users\/1"}],"replies":[{"embeddable":true,"href":"https:\/\/montecarloliving.com\/fr\/wp-json\/wp\/v2\/comments?post=19383"}],"version-history":[{"count":1,"href":"https:\/\/montecarloliving.com\/fr\/wp-json\/wp\/v2\/posts\/19383\/revisions"}],"predecessor-version":[{"id":19384,"href":"https:\/\/montecarloliving.com\/fr\/wp-json\/wp\/v2\/posts\/19383\/revisions\/19384"}],"wp:featuredmedia":[{"embeddable":true,"href":"https:\/\/montecarloliving.com\/fr\/wp-json\/wp\/v2\/media\/19380"}],"wp:attachment":[{"href":"https:\/\/montecarloliving.com\/fr\/wp-json\/wp\/v2\/media?parent=19383"}],"wp:term":[{"taxonomy":"category","embeddable":true,"href":"https:\/\/montecarloliving.com\/fr\/wp-json\/wp\/v2\/categories?post=19383"},{"taxonomy":"post_tag","embeddable":true,"href":"https:\/\/montecarloliving.com\/fr\/wp-json\/wp\/v2\/tags?post=19383"}],"curies":[{"name":"wp","href":"https:\/\/api.w.org\/{rel}","templated":true}]}}